{"id":2873,"date":"2011-10-18T11:30:06","date_gmt":"2011-10-18T11:30:06","guid":{"rendered":"http:\/\/news.gold.fr\/?p=2873"},"modified":"2020-06-26T12:48:31","modified_gmt":"2020-06-26T10:48:31","slug":"jean-paul-gaultier-sigle-un-lingotin-en-or-pour-cpor-devises","status":"publish","type":"post","link":"https:\/\/www.gold.fr\/news\/2011\/10\/18\/jean-paul-gaultier-sigle-un-lingotin-en-or-pour-cpor-devises\/","title":{"rendered":"Jean-Paul Gaultier signe un lingotin en Or pour CPoR Devises"},"content":{"rendered":"<p style=\"text-align: justify;\"><span style=\"font-size: small; font-family: verdana, geneva;\"><img loading=\"lazy\" decoding=\"async\" class=\"alignleft size-thumbnail wp-image-2875\" style=\"float: left; margin: 5px;\" title=\"Lingotin Jean Paul Gaultier\" src=\"http:\/\/news.gold.fr\/wp-content\/uploads\/2011\/10\/Lingotin-JPG-144x150.jpg\" alt=\"\" width=\"144\" height=\"150\" \/>\u00ab <em>On est revenu \u00e0 des prix sains au niveau de l&rsquo;<a class=\"esk-seo-plu-link\" href=\"https:\/\/www.gold.fr\/news\/tags\/or\">or<\/a><\/em> \u00bb, a d\u00e9clar\u00e9 Fran\u00e7ois de Lassus, porte-parole de CPoR Devises, premier intervenant sur le march\u00e9 physique de l&rsquo;<a class=\"esk-seo-plu-link\" href=\"https:\/\/www.gold.fr\/news\/tags\/or\">or<\/a> en France. Mr. De Lauss s&rsquo;est prononc\u00e9 sur la question \u00e0 l&rsquo;occasion du lancement, par sa soci\u00e9t\u00e9, d&rsquo;<strong>un <a class=\"esk-seo-plu-link\" href=\"https:\/\/www.gold.fr\/news\/tags\/lingot-dor\">lingotin<\/a> d&rsquo;<a class=\"esk-seo-plu-link\" href=\"https:\/\/www.gold.fr\/news\/tags\/or\">or<\/a> d&rsquo;une once<\/strong> sp\u00e9cialement <strong><a title=\"Le premier lingotin sign\u00e9 par Jean Paul Gaultier\" href=\"http:\/\/news.gold.fr\/2011\/10\/13\/le-premier-lingotin-signe-par-jean-paul-gaultier\/2750\/\" target=\"_blank\" rel=\"noopener noreferrer\">con\u00e7u par Jean-Paul Gaultier<\/a><\/strong>.<\/span><\/p>\n<p><span style=\"font-size: small; font-family: verdana, geneva;\">L&rsquo;\u00e9v\u00e9nement vient renforcer la position du pr\u00e9cieux <a class=\"esk-seo-plu-link\" href=\"https:\/\/www.gold.fr\/news\/tags\/or\">m\u00e9tal jaune<\/a> qui n&rsquo;a pas perdu une seule <strong><a href=\"https:\/\/www.gold.fr\/once-en\/\" target=\"_blank\" rel=\"noopener noreferrer\">once<\/a><\/strong> dor\u00e9e de sa popularit\u00e9, en d\u00e9pit de la forte correction. Le prix de l&rsquo;<a class=\"esk-seo-plu-link\" href=\"https:\/\/www.gold.fr\/news\/tags\/or\">or<\/a> a en effet connu une forte baisse par rapport au niveau record de 1.920 dollars l&rsquo;once, atteint le 6 septembre dernier. Apr\u00e8s <strong>quelques semaines de tendance baissi\u00e8re<\/strong>, le pr\u00e9cieux <a class=\"esk-seo-plu-link\" href=\"https:\/\/www.gold.fr\/news\/tags\/or\">m\u00e9tal jaune<\/a> se <strong>stabilise<\/strong> enfin entre les <strong>1600 et 1700 dollars l&rsquo;once<\/strong>. Un niveau jug\u00e9 \u00ab raisonnable \u00bb qui marque un \u00ab retour \u00e0 la normale \u00bb selon CPoR Devises dont les experts pr\u00e9voient une nouvelle<a href=\"https:\/\/www.gold.fr\/cours-prix-de-l-or\/\" target=\"_blank\" rel=\"noopener noreferrer\"> <strong>tendance haussi\u00e8re<\/strong><\/a> boost\u00e9e par la forte demande des pays \u00e9mergents.<\/span> <span style=\"font-size: small; font-family: verdana, geneva;\">D&rsquo;ailleurs, le porte-parole du groupe confirme la position confiante de sa soci\u00e9t\u00e9 ; \u00ab L&rsquo;<a class=\"esk-seo-plu-link\" href=\"https:\/\/www.gold.fr\/news\/tags\/or\">or<\/a>, quoiqu&rsquo;on en dise, a connu une onzi\u00e8me ann\u00e9e cons\u00e9cutive de hausse, et ce n&rsquo;est pas fini. Les pays les plus demandeurs d&rsquo;<a class=\"esk-seo-plu-link\" href=\"https:\/\/www.gold.fr\/news\/tags\/or\">or<\/a> sont les pays qui ne connaissent pas la crise: la Chine, l&rsquo;Inde et le Moyen-Orient \u00bb.<\/span><\/p>\n<!-- AddThis Advanced Settings generic via filter on the_content --><!-- AddThis Share Buttons generic via filter on the_content -->","protected":false},"excerpt":{"rendered":"<p>\u00ab On est revenu \u00e0 des prix sains au niveau de l&rsquo;or \u00bb, a d\u00e9clar\u00e9 Fran\u00e7ois de Lassus, porte-parole de CPoR Devises, premier intervenant sur le march\u00e9 physique de l&rsquo;or en France. Mr. De Lauss s&rsquo;est [&hellip;]<\/p>\n","protected":false},"author":11,"featured_media":2901,"comment_status":"closed","ping_status":"closed","sticky":false,"template":"","format":"standard","meta":{"_mbp_gutenberg_autopost":false,"_pgmb_is_evergreen":false,"_pgmb_ap_template_id":0,"footnotes":""},"categories":[6],"tags":[215,150,151],"ppma_author":[2562],"class_list":["post-2873","post","type-post","status-publish","format-standard","has-post-thumbnail","hentry","category-articles-de-presse","tag-tendance-haussiere","tag-_once-d-or-jp-gaultier_","tag-_once-d-or-jp-gaultier_footer_"],"yoast_head":"<!-- This site is optimized with the Yoast SEO plugin v27.5 - https:\/\/yoast.com\/product\/yoast-seo-wordpress\/ -->\n<title>Jean-Paul Gaultier signe un lingotin en Or pour CPoR Devises - Gold.fr<\/title>\n<meta name=\"description\" content=\"On est revenu \u00e0 des prix sains au niveau de l&#039;or a d\u00e9clar\u00e9 Fran\u00e7ois de Lassus, porte-parole de CPoR Devises Lingotin Or JP Gaultier\" \/>\n<meta name=\"robots\" content=\"index, follow, max-snippet:-1, max-image-preview:large, max-video-preview:-1\" \/>\n<link rel=\"canonical\" href=\"https:\/\/www.gold.fr\/news\/2011\/10\/18\/jean-paul-gaultier-sigle-un-lingotin-en-or-pour-cpor-devises\/\" \/>\n<meta property=\"og:locale\" content=\"fr_FR\" \/>\n<meta property=\"og:type\" content=\"article\" \/>\n<meta property=\"og:title\" content=\"Jean-Paul Gaultier signe un lingotin en Or pour CPoR Devises - Gold.fr\" \/>\n<meta property=\"og:description\" content=\"On est revenu \u00e0 des prix sains au niveau de l&#039;or a d\u00e9clar\u00e9 Fran\u00e7ois de Lassus, porte-parole de CPoR Devises Lingotin Or JP Gaultier\" \/>\n<meta property=\"og:url\" content=\"https:\/\/www.gold.fr\/news\/2011\/10\/18\/jean-paul-gaultier-sigle-un-lingotin-en-or-pour-cpor-devises\/\" \/>\n<meta property=\"og:site_name\" content=\"Gold.fr\" \/>\n<meta property=\"article:publisher\" content=\"https:\/\/www.facebook.com\/Goldfr\/\" \/>\n<meta property=\"article:published_time\" content=\"2011-10-18T11:30:06+00:00\" \/>\n<meta property=\"article:modified_time\" content=\"2020-06-26T10:48:31+00:00\" \/>\n<meta property=\"og:image\" content=\"https:\/\/www.gold.fr\/news\/wp-content\/uploads\/2011\/10\/Lingotin-JPG3-e1328885706922.jpg\" \/>\n\t<meta property=\"og:image:width\" content=\"725\" \/>\n\t<meta property=\"og:image:height\" content=\"450\" \/>\n\t<meta property=\"og:image:type\" content=\"image\/jpeg\" \/>\n<meta name=\"author\" content=\"Anthony\" \/>\n<meta name=\"twitter:card\" content=\"summary_large_image\" \/>\n<meta name=\"twitter:label1\" content=\"\u00c9crit par\" \/>\n\t<meta name=\"twitter:data1\" content=\"Anthony\" \/>\n\t<meta name=\"twitter:label2\" content=\"Dur\u00e9e de lecture estim\u00e9e\" \/>\n\t<meta name=\"twitter:data2\" content=\"1 minute\" \/>\n<script type=\"application\/ld+json\" class=\"yoast-schema-graph\">{\"@context\":\"https:\\\/\\\/schema.org\",\"@graph\":[{\"@type\":\"Article\",\"@id\":\"https:\\\/\\\/www.gold.fr\\\/news\\\/2011\\\/10\\\/18\\\/jean-paul-gaultier-sigle-un-lingotin-en-or-pour-cpor-devises\\\/#article\",\"isPartOf\":{\"@id\":\"https:\\\/\\\/www.gold.fr\\\/news\\\/2011\\\/10\\\/18\\\/jean-paul-gaultier-sigle-un-lingotin-en-or-pour-cpor-devises\\\/\"},\"author\":{\"name\":\"Anthony\",\"@id\":\"https:\\\/\\\/www.gold.fr\\\/news\\\/#\\\/schema\\\/person\\\/feb6458ffd7bceeeb4e228398c34fbe5\"},\"headline\":\"Jean-Paul Gaultier signe un lingotin en Or pour CPoR Devises\",\"datePublished\":\"2011-10-18T11:30:06+00:00\",\"dateModified\":\"2020-06-26T10:48:31+00:00\",\"mainEntityOfPage\":{\"@id\":\"https:\\\/\\\/www.gold.fr\\\/news\\\/2011\\\/10\\\/18\\\/jean-paul-gaultier-sigle-un-lingotin-en-or-pour-cpor-devises\\\/\"},\"wordCount\":248,\"image\":{\"@id\":\"https:\\\/\\\/www.gold.fr\\\/news\\\/2011\\\/10\\\/18\\\/jean-paul-gaultier-sigle-un-lingotin-en-or-pour-cpor-devises\\\/#primaryimage\"},\"thumbnailUrl\":\"https:\\\/\\\/www.gold.fr\\\/news\\\/wp-content\\\/uploads\\\/2011\\\/10\\\/Lingotin-JPG3-e1328885706922.jpg\",\"keywords\":[\"tendance haussi\u00e8re\",\"_Once d'Or_\",\"_Once d'Or_Footer_\"],\"articleSection\":[\"Articles de presse\"],\"inLanguage\":\"fr-FR\"},{\"@type\":\"WebPage\",\"@id\":\"https:\\\/\\\/www.gold.fr\\\/news\\\/2011\\\/10\\\/18\\\/jean-paul-gaultier-sigle-un-lingotin-en-or-pour-cpor-devises\\\/\",\"url\":\"https:\\\/\\\/www.gold.fr\\\/news\\\/2011\\\/10\\\/18\\\/jean-paul-gaultier-sigle-un-lingotin-en-or-pour-cpor-devises\\\/\",\"name\":\"Jean-Paul Gaultier signe un lingotin en Or pour CPoR Devises - Gold.fr\",\"isPartOf\":{\"@id\":\"https:\\\/\\\/www.gold.fr\\\/news\\\/#website\"},\"primaryImageOfPage\":{\"@id\":\"https:\\\/\\\/www.gold.fr\\\/news\\\/2011\\\/10\\\/18\\\/jean-paul-gaultier-sigle-un-lingotin-en-or-pour-cpor-devises\\\/#primaryimage\"},\"image\":{\"@id\":\"https:\\\/\\\/www.gold.fr\\\/news\\\/2011\\\/10\\\/18\\\/jean-paul-gaultier-sigle-un-lingotin-en-or-pour-cpor-devises\\\/#primaryimage\"},\"thumbnailUrl\":\"https:\\\/\\\/www.gold.fr\\\/news\\\/wp-content\\\/uploads\\\/2011\\\/10\\\/Lingotin-JPG3-e1328885706922.jpg\",\"datePublished\":\"2011-10-18T11:30:06+00:00\",\"dateModified\":\"2020-06-26T10:48:31+00:00\",\"author\":{\"@id\":\"https:\\\/\\\/www.gold.fr\\\/news\\\/#\\\/schema\\\/person\\\/feb6458ffd7bceeeb4e228398c34fbe5\"},\"description\":\"On est revenu \u00e0 des prix sains au niveau de l'or a d\u00e9clar\u00e9 Fran\u00e7ois de Lassus, porte-parole de CPoR Devises Lingotin Or JP Gaultier\",\"breadcrumb\":{\"@id\":\"https:\\\/\\\/www.gold.fr\\\/news\\\/2011\\\/10\\\/18\\\/jean-paul-gaultier-sigle-un-lingotin-en-or-pour-cpor-devises\\\/#breadcrumb\"},\"inLanguage\":\"fr-FR\",\"potentialAction\":[{\"@type\":\"ReadAction\",\"target\":[\"https:\\\/\\\/www.gold.fr\\\/news\\\/2011\\\/10\\\/18\\\/jean-paul-gaultier-sigle-un-lingotin-en-or-pour-cpor-devises\\\/\"]}]},{\"@type\":\"ImageObject\",\"inLanguage\":\"fr-FR\",\"@id\":\"https:\\\/\\\/www.gold.fr\\\/news\\\/2011\\\/10\\\/18\\\/jean-paul-gaultier-sigle-un-lingotin-en-or-pour-cpor-devises\\\/#primaryimage\",\"url\":\"https:\\\/\\\/www.gold.fr\\\/news\\\/wp-content\\\/uploads\\\/2011\\\/10\\\/Lingotin-JPG3-e1328885706922.jpg\",\"contentUrl\":\"https:\\\/\\\/www.gold.fr\\\/news\\\/wp-content\\\/uploads\\\/2011\\\/10\\\/Lingotin-JPG3-e1328885706922.jpg\",\"width\":\"725\",\"height\":\"450\",\"caption\":\"Lingotin Or CPoR\"},{\"@type\":\"BreadcrumbList\",\"@id\":\"https:\\\/\\\/www.gold.fr\\\/news\\\/2011\\\/10\\\/18\\\/jean-paul-gaultier-sigle-un-lingotin-en-or-pour-cpor-devises\\\/#breadcrumb\",\"itemListElement\":[{\"@type\":\"ListItem\",\"position\":1,\"name\":\"Accueil\",\"item\":\"https:\\\/\\\/www.gold.fr\\\/\"},{\"@type\":\"ListItem\",\"position\":2,\"name\":\"Actualit\u00e9s\",\"item\":\"https:\\\/\\\/www.gold.fr\\\/news\\\/\"},{\"@type\":\"ListItem\",\"position\":3,\"name\":\"Jean-Paul Gaultier signe un lingotin en Or pour CPoR Devises\"}]},{\"@type\":\"WebSite\",\"@id\":\"https:\\\/\\\/www.gold.fr\\\/news\\\/#website\",\"url\":\"https:\\\/\\\/www.gold.fr\\\/news\\\/\",\"name\":\"Gold.fr\",\"description\":\"Actualit\u00e9s de l&#039;Or et des m\u00e9taux pr\u00e9cieux\",\"potentialAction\":[{\"@type\":\"SearchAction\",\"target\":{\"@type\":\"EntryPoint\",\"urlTemplate\":\"https:\\\/\\\/www.gold.fr\\\/news\\\/?s={search_term_string}\"},\"query-input\":{\"@type\":\"PropertyValueSpecification\",\"valueRequired\":true,\"valueName\":\"search_term_string\"}}],\"inLanguage\":\"fr-FR\"},{\"@type\":\"Person\",\"@id\":\"https:\\\/\\\/www.gold.fr\\\/news\\\/#\\\/schema\\\/person\\\/feb6458ffd7bceeeb4e228398c34fbe5\",\"name\":\"Anthony\",\"image\":{\"@type\":\"ImageObject\",\"inLanguage\":\"fr-FR\",\"@id\":\"https:\\\/\\\/secure.gravatar.com\\\/avatar\\\/19974f7c75da5f0b217374f3a37eb05031e41aaad4ceb3fe17ada2ab3daf6b95?s=96&d=mm&r=gbc5324aff3d366843e00df00c899c1a8\",\"url\":\"https:\\\/\\\/secure.gravatar.com\\\/avatar\\\/19974f7c75da5f0b217374f3a37eb05031e41aaad4ceb3fe17ada2ab3daf6b95?s=96&d=mm&r=g\",\"contentUrl\":\"https:\\\/\\\/secure.gravatar.com\\\/avatar\\\/19974f7c75da5f0b217374f3a37eb05031e41aaad4ceb3fe17ada2ab3daf6b95?s=96&d=mm&r=g\",\"caption\":\"Anthony\"},\"description\":\"Notre r\u00e9daction est constitu\u00e9e de membres experts dans les m\u00e9tiers de l'\u00e9conomie et la gestion, des Responsables d'agence Comptoir National de l'Or, des analystes financiers qui publient r\u00e9guli\u00e8rement des \u00e9tudes sur les politiques des banques centrales, le cours de l'or, le cours de l'argent, cours du platine, cours du palladium... la situation en zone euro et l'impact de la strat\u00e9gie mon\u00e9taire de la FED. Notre \u00e9quipe scrute \u00e9galement une information plus g\u00e9n\u00e9raliste \u00e0 la recherche d'actualit\u00e9 \\\"p\u00e9pite\\\" \u00e0 vous partager. Depuis 5 ans, nous avons publi\u00e9 un peu plus de 4000 articles qui s'adressent \u00e0 un public large et vari\u00e9 ayant pour objectif de satisfaire votre curiosit\u00e9 et de partager avec vous une certaine fascination pour le m\u00e9tal jaune, pour ceux qui veulent investir dans l'or, vendre leur or tout simplement en savoir plus...\",\"sameAs\":[\"https:\\\/\\\/www.gold.fr\\\/news\"]}]}<\/script>\n<!-- \/ Yoast SEO plugin. -->","yoast_head_json":{"title":"Jean-Paul Gaultier signe un lingotin en Or pour CPoR Devises - Gold.fr","description":"On est revenu \u00e0 des prix sains au niveau de l'or a d\u00e9clar\u00e9 Fran\u00e7ois de Lassus, porte-parole de CPoR Devises Lingotin Or JP Gaultier","robots":{"index":"index","follow":"follow","max-snippet":"max-snippet:-1","max-image-preview":"max-image-preview:large","max-video-preview":"max-video-preview:-1"},"canonical":"https:\/\/www.gold.fr\/news\/2011\/10\/18\/jean-paul-gaultier-sigle-un-lingotin-en-or-pour-cpor-devises\/","og_locale":"fr_FR","og_type":"article","og_title":"Jean-Paul Gaultier signe un lingotin en Or pour CPoR Devises - Gold.fr","og_description":"On est revenu \u00e0 des prix sains au niveau de l'or a d\u00e9clar\u00e9 Fran\u00e7ois de Lassus, porte-parole de CPoR Devises Lingotin Or JP Gaultier","og_url":"https:\/\/www.gold.fr\/news\/2011\/10\/18\/jean-paul-gaultier-sigle-un-lingotin-en-or-pour-cpor-devises\/","og_site_name":"Gold.fr","article_publisher":"https:\/\/www.facebook.com\/Goldfr\/","article_published_time":"2011-10-18T11:30:06+00:00","article_modified_time":"2020-06-26T10:48:31+00:00","og_image":[{"width":725,"height":450,"url":"https:\/\/www.gold.fr\/news\/wp-content\/uploads\/2011\/10\/Lingotin-JPG3-e1328885706922.jpg","type":"image\/jpeg"}],"author":"Anthony","twitter_card":"summary_large_image","twitter_misc":{"\u00c9crit par":"Anthony","Dur\u00e9e de lecture estim\u00e9e":"1 minute"},"schema":{"@context":"https:\/\/schema.org","@graph":[{"@type":"Article","@id":"https:\/\/www.gold.fr\/news\/2011\/10\/18\/jean-paul-gaultier-sigle-un-lingotin-en-or-pour-cpor-devises\/#article","isPartOf":{"@id":"https:\/\/www.gold.fr\/news\/2011\/10\/18\/jean-paul-gaultier-sigle-un-lingotin-en-or-pour-cpor-devises\/"},"author":{"name":"Anthony","@id":"https:\/\/www.gold.fr\/news\/#\/schema\/person\/feb6458ffd7bceeeb4e228398c34fbe5"},"headline":"Jean-Paul Gaultier signe un lingotin en Or pour CPoR Devises","datePublished":"2011-10-18T11:30:06+00:00","dateModified":"2020-06-26T10:48:31+00:00","mainEntityOfPage":{"@id":"https:\/\/www.gold.fr\/news\/2011\/10\/18\/jean-paul-gaultier-sigle-un-lingotin-en-or-pour-cpor-devises\/"},"wordCount":248,"image":{"@id":"https:\/\/www.gold.fr\/news\/2011\/10\/18\/jean-paul-gaultier-sigle-un-lingotin-en-or-pour-cpor-devises\/#primaryimage"},"thumbnailUrl":"https:\/\/www.gold.fr\/news\/wp-content\/uploads\/2011\/10\/Lingotin-JPG3-e1328885706922.jpg","keywords":["tendance haussi\u00e8re","_Once d'Or_","_Once d'Or_Footer_"],"articleSection":["Articles de presse"],"inLanguage":"fr-FR"},{"@type":"WebPage","@id":"https:\/\/www.gold.fr\/news\/2011\/10\/18\/jean-paul-gaultier-sigle-un-lingotin-en-or-pour-cpor-devises\/","url":"https:\/\/www.gold.fr\/news\/2011\/10\/18\/jean-paul-gaultier-sigle-un-lingotin-en-or-pour-cpor-devises\/","name":"Jean-Paul Gaultier signe un lingotin en Or pour CPoR Devises - Gold.fr","isPartOf":{"@id":"https:\/\/www.gold.fr\/news\/#website"},"primaryImageOfPage":{"@id":"https:\/\/www.gold.fr\/news\/2011\/10\/18\/jean-paul-gaultier-sigle-un-lingotin-en-or-pour-cpor-devises\/#primaryimage"},"image":{"@id":"https:\/\/www.gold.fr\/news\/2011\/10\/18\/jean-paul-gaultier-sigle-un-lingotin-en-or-pour-cpor-devises\/#primaryimage"},"thumbnailUrl":"https:\/\/www.gold.fr\/news\/wp-content\/uploads\/2011\/10\/Lingotin-JPG3-e1328885706922.jpg","datePublished":"2011-10-18T11:30:06+00:00","dateModified":"2020-06-26T10:48:31+00:00","author":{"@id":"https:\/\/www.gold.fr\/news\/#\/schema\/person\/feb6458ffd7bceeeb4e228398c34fbe5"},"description":"On est revenu \u00e0 des prix sains au niveau de l'or a d\u00e9clar\u00e9 Fran\u00e7ois de Lassus, porte-parole de CPoR Devises Lingotin Or JP Gaultier","breadcrumb":{"@id":"https:\/\/www.gold.fr\/news\/2011\/10\/18\/jean-paul-gaultier-sigle-un-lingotin-en-or-pour-cpor-devises\/#breadcrumb"},"inLanguage":"fr-FR","potentialAction":[{"@type":"ReadAction","target":["https:\/\/www.gold.fr\/news\/2011\/10\/18\/jean-paul-gaultier-sigle-un-lingotin-en-or-pour-cpor-devises\/"]}]},{"@type":"ImageObject","inLanguage":"fr-FR","@id":"https:\/\/www.gold.fr\/news\/2011\/10\/18\/jean-paul-gaultier-sigle-un-lingotin-en-or-pour-cpor-devises\/#primaryimage","url":"https:\/\/www.gold.fr\/news\/wp-content\/uploads\/2011\/10\/Lingotin-JPG3-e1328885706922.jpg","contentUrl":"https:\/\/www.gold.fr\/news\/wp-content\/uploads\/2011\/10\/Lingotin-JPG3-e1328885706922.jpg","width":"725","height":"450","caption":"Lingotin Or CPoR"},{"@type":"BreadcrumbList","@id":"https:\/\/www.gold.fr\/news\/2011\/10\/18\/jean-paul-gaultier-sigle-un-lingotin-en-or-pour-cpor-devises\/#breadcrumb","itemListElement":[{"@type":"ListItem","position":1,"name":"Accueil","item":"https:\/\/www.gold.fr\/"},{"@type":"ListItem","position":2,"name":"Actualit\u00e9s","item":"https:\/\/www.gold.fr\/news\/"},{"@type":"ListItem","position":3,"name":"Jean-Paul Gaultier signe un lingotin en Or pour CPoR Devises"}]},{"@type":"WebSite","@id":"https:\/\/www.gold.fr\/news\/#website","url":"https:\/\/www.gold.fr\/news\/","name":"Gold.fr","description":"Actualit\u00e9s de l&#039;Or et des m\u00e9taux pr\u00e9cieux","potentialAction":[{"@type":"SearchAction","target":{"@type":"EntryPoint","urlTemplate":"https:\/\/www.gold.fr\/news\/?s={search_term_string}"},"query-input":{"@type":"PropertyValueSpecification","valueRequired":true,"valueName":"search_term_string"}}],"inLanguage":"fr-FR"},{"@type":"Person","@id":"https:\/\/www.gold.fr\/news\/#\/schema\/person\/feb6458ffd7bceeeb4e228398c34fbe5","name":"Anthony","image":{"@type":"ImageObject","inLanguage":"fr-FR","@id":"https:\/\/secure.gravatar.com\/avatar\/19974f7c75da5f0b217374f3a37eb05031e41aaad4ceb3fe17ada2ab3daf6b95?s=96&d=mm&r=gbc5324aff3d366843e00df00c899c1a8","url":"https:\/\/secure.gravatar.com\/avatar\/19974f7c75da5f0b217374f3a37eb05031e41aaad4ceb3fe17ada2ab3daf6b95?s=96&d=mm&r=g","contentUrl":"https:\/\/secure.gravatar.com\/avatar\/19974f7c75da5f0b217374f3a37eb05031e41aaad4ceb3fe17ada2ab3daf6b95?s=96&d=mm&r=g","caption":"Anthony"},"description":"Notre r\u00e9daction est constitu\u00e9e de membres experts dans les m\u00e9tiers de l'\u00e9conomie et la gestion, des Responsables d'agence Comptoir National de l'Or, des analystes financiers qui publient r\u00e9guli\u00e8rement des \u00e9tudes sur les politiques des banques centrales, le cours de l'or, le cours de l'argent, cours du platine, cours du palladium... la situation en zone euro et l'impact de la strat\u00e9gie mon\u00e9taire de la FED. Notre \u00e9quipe scrute \u00e9galement une information plus g\u00e9n\u00e9raliste \u00e0 la recherche d'actualit\u00e9 \"p\u00e9pite\" \u00e0 vous partager. Depuis 5 ans, nous avons publi\u00e9 un peu plus de 4000 articles qui s'adressent \u00e0 un public large et vari\u00e9 ayant pour objectif de satisfaire votre curiosit\u00e9 et de partager avec vous une certaine fascination pour le m\u00e9tal jaune, pour ceux qui veulent investir dans l'or, vendre leur or tout simplement en savoir plus...","sameAs":["https:\/\/www.gold.fr\/news"]}]}},"authors":[{"term_id":2562,"user_id":11,"is_guest":0,"slug":"anthony","display_name":"Anthony","avatar_url":"https:\/\/secure.gravatar.com\/avatar\/19974f7c75da5f0b217374f3a37eb05031e41aaad4ceb3fe17ada2ab3daf6b95?s=96&d=mm&r=g","0":null,"1":"","2":"","3":"","4":"","5":"","6":"","7":"","8":""}],"_links":{"self":[{"href":"https:\/\/www.gold.fr\/news\/wp-json\/wp\/v2\/posts\/2873","targetHints":{"allow":["GET"]}}],"collection":[{"href":"https:\/\/www.gold.fr\/news\/wp-json\/wp\/v2\/posts"}],"about":[{"href":"https:\/\/www.gold.fr\/news\/wp-json\/wp\/v2\/types\/post"}],"author":[{"embeddable":true,"href":"https:\/\/www.gold.fr\/news\/wp-json\/wp\/v2\/users\/11"}],"replies":[{"embeddable":true,"href":"https:\/\/www.gold.fr\/news\/wp-json\/wp\/v2\/comments?post=2873"}],"version-history":[{"count":0,"href":"https:\/\/www.gold.fr\/news\/wp-json\/wp\/v2\/posts\/2873\/revisions"}],"wp:featuredmedia":[{"embeddable":true,"href":"https:\/\/www.gold.fr\/news\/wp-json\/wp\/v2\/media\/2901"}],"wp:attachment":[{"href":"https:\/\/www.gold.fr\/news\/wp-json\/wp\/v2\/media?parent=2873"}],"wp:term":[{"taxonomy":"category","embeddable":true,"href":"https:\/\/www.gold.fr\/news\/wp-json\/wp\/v2\/categories?post=2873"},{"taxonomy":"post_tag","embeddable":true,"href":"https:\/\/www.gold.fr\/news\/wp-json\/wp\/v2\/tags?post=2873"},{"taxonomy":"author","embeddable":true,"href":"https:\/\/www.gold.fr\/news\/wp-json\/wp\/v2\/ppma_author?post=2873"}],"curies":[{"name":"wp","href":"https:\/\/api.w.org\/{rel}","templated":true}]}}