{"id":2633,"date":"2011-10-11T11:00:49","date_gmt":"2011-10-11T09:00:49","guid":{"rendered":"http:\/\/news.gold.fr\/?p=2633"},"modified":"2021-01-14T11:19:37","modified_gmt":"2021-01-14T10:19:37","slug":"lor-une-valeur-au-brillant-avenir","status":"publish","type":"post","link":"https:\/\/www.gold.fr\/news\/2011\/10\/11\/lor-une-valeur-au-brillant-avenir\/","title":{"rendered":"L\u2019or : Une valeur au brillant avenir"},"content":{"rendered":"<p><span class=\"Apple-style-span\" style=\"font-size: small;\"><img loading=\"lazy\" decoding=\"async\" class=\"alignleft size-thumbnail wp-image-2634\" style=\"float: left; margin: 5px; border: 1px solid black;\" src=\"http:\/\/news.gold.fr\/wp-content\/uploads\/2011\/10\/Globe-or-150x150.jpg\" alt=\"\" width=\"150\" height=\"150\" \/><\/span><span class=\"Apple-style-span\" style=\"font-family: verdana, geneva; font-size: small;\">\u00ab <em>Aujourd&rsquo;hui, nous ne sommes plus dans la logique industrielle. Avec des devises sous pression ou contr\u00f4l\u00e9es par les banques centrales, comme le franc suisse, les investisseurs privil\u00e9gient l&rsquo;<a class=\"esk-seo-plu-link\" href=\"https:\/\/www.gold.fr\/news\/tags\/or\">or<\/a> qui est la seule devise \u00e0 ne pas pouvoir \u00eatre manipul\u00e9e, la seule qui a du sens<\/em> \u00bb, d\u00e9clare Dominique Casa\u00ef, cr\u00e9ateur d&rsquo;Uram, entreprise de gestion suisse sp\u00e9cialis\u00e9e dans les mati\u00e8res premi\u00e8res.<\/span> <span class=\"Apple-style-span\" style=\"font-family: verdana, geneva; font-size: small;\">Son analyse vient consolider l&rsquo;opinion unanime de la communaut\u00e9 des analystes qui n&rsquo;ont aucun doute quant \u00e0 la solidit\u00e9 des perspectives que pr\u00e9sente <strong>le <a class=\"esk-seo-plu-link\" href=\"https:\/\/www.gold.fr\/news\/tags\/or\">m\u00e9tal jaune<\/a><\/strong>, \u00e0 court, moyen et long termes.<\/span> <span class=\"Apple-style-span\" style=\"font-family: verdana, geneva; font-size: small;\">Car, si certains <strong>m\u00e9taux pr\u00e9cieux<\/strong> \u2013jadis in\u00e9branlables- se trouvent aujourd&rsquo;hui dans l&rsquo;obligation d&rsquo;attendre une \u00e9ventuelle reprise pour remonter la pente, <a href=\"https:\/\/www.gold.fr\/cours-prix-de-l-or\/\" target=\"_blank\" rel=\"noopener noreferrer\"><strong>l&rsquo;<\/strong><\/a><strong><a class=\"esk-seo-plu-link\" href=\"https:\/\/www.gold.fr\/news\/tags\/or\">or<\/a><\/strong>, lui, effectue sa flamb\u00e9e fantastique au c\u0153ur m\u00eame de la tourmente \u00e9conomique internationale.<\/span> <span class=\"Apple-style-span\" style=\"font-family: verdana, geneva; font-size: small;\">En tout cas, Dominique Casa\u00ef est cat\u00e9gorique : \u00ab <em>si par miracle l&rsquo;an prochain l&rsquo;\u00e9conomie se reprend et les probl\u00e8mes de dettes sont r\u00e9solus, le platine peut remonter. Mais il ne faudra pas s&rsquo;attendre \u00e0 une chute brutale de l&rsquo;<a class=\"esk-seo-plu-link\" href=\"https:\/\/www.gold.fr\/news\/tags\/or\">or<\/a>, pr\u00e9vient-on chez Uram. Si la relance de l&rsquo;\u00e9conomie passe par des taux d&rsquo;int\u00e9r\u00eats faibles, cela profitera encore \u00e0 l&rsquo;<a class=\"esk-seo-plu-link\" href=\"https:\/\/www.gold.fr\/news\/tags\/or\">or<\/a><\/em> \u00bb.<\/span> <span class=\"Apple-style-span\" style=\"font-family: verdana, geneva; font-size: small;\">Que l&rsquo;on se rassure donc ; les jours heureux de l&rsquo;<a class=\"esk-seo-plu-link\" href=\"https:\/\/www.gold.fr\/news\/tags\/or\">or<\/a> sont encore \u00e0 venir !<\/span><\/p>\n<!-- AddThis Advanced Settings generic via filter on the_content --><!-- AddThis Share Buttons generic via filter on the_content -->","protected":false},"excerpt":{"rendered":"<p>\u00ab Aujourd&rsquo;hui, nous ne sommes plus dans la logique industrielle. Avec des devises sous pression ou contr\u00f4l\u00e9es par les banques centrales, comme le franc suisse, les investisseurs privil\u00e9gient l&rsquo;or qui est la seule devise \u00e0 ne [&hellip;]<\/p>\n","protected":false},"author":18,"featured_media":2717,"comment_status":"closed","ping_status":"closed","sticky":false,"template":"","format":"standard","meta":{"_mbp_gutenberg_autopost":false,"_pgmb_is_evergreen":false,"_pgmb_ap_template_id":0,"footnotes":""},"categories":[6],"tags":[76,119],"ppma_author":[2565],"class_list":["post-2633","post","type-post","status-publish","format-standard","has-post-thumbnail","hentry","category-articles-de-presse","tag-or","tag-valeur-de-lor"],"yoast_head":"<!-- This site is optimized with the Yoast SEO plugin v27.5 - https:\/\/yoast.com\/product\/yoast-seo-wordpress\/ -->\n<title>L\u2019or : Une valeur au brillant avenir - Gold.fr<\/title>\n<meta name=\"description\" content=\"L\u2019or Une valeur au brillant avenir, les investisseurs privil\u00e9gient l\u2019or qui est la seule devise \u00e0 ne pas pouvoir \u00eatre manipul\u00e9e\" \/>\n<meta name=\"robots\" content=\"index, follow, max-snippet:-1, max-image-preview:large, max-video-preview:-1\" \/>\n<link rel=\"canonical\" href=\"https:\/\/www.gold.fr\/news\/2011\/10\/11\/lor-une-valeur-au-brillant-avenir\/\" \/>\n<meta property=\"og:locale\" content=\"fr_FR\" \/>\n<meta property=\"og:type\" content=\"article\" \/>\n<meta property=\"og:title\" content=\"L\u2019or : Une valeur au brillant avenir - Gold.fr\" \/>\n<meta property=\"og:description\" content=\"L\u2019or Une valeur au brillant avenir, les investisseurs privil\u00e9gient l\u2019or qui est la seule devise \u00e0 ne pas pouvoir \u00eatre manipul\u00e9e\" \/>\n<meta property=\"og:url\" content=\"https:\/\/www.gold.fr\/news\/2011\/10\/11\/lor-une-valeur-au-brillant-avenir\/\" \/>\n<meta property=\"og:site_name\" content=\"Gold.fr\" \/>\n<meta property=\"article:publisher\" content=\"https:\/\/www.facebook.com\/Goldfr\/\" \/>\n<meta property=\"article:published_time\" content=\"2011-10-11T09:00:49+00:00\" \/>\n<meta property=\"article:modified_time\" content=\"2021-01-14T10:19:37+00:00\" \/>\n<meta property=\"og:image\" content=\"https:\/\/www.gold.fr\/news\/wp-content\/uploads\/2011\/10\/globe-or.jpg\" \/>\n\t<meta property=\"og:image:width\" content=\"600\" \/>\n\t<meta property=\"og:image:height\" content=\"600\" \/>\n\t<meta property=\"og:image:type\" content=\"image\/jpeg\" \/>\n<meta name=\"author\" content=\"Comptoir National de l&#039;Or\" \/>\n<meta name=\"twitter:card\" content=\"summary_large_image\" \/>\n<meta name=\"twitter:label1\" content=\"\u00c9crit par\" \/>\n\t<meta name=\"twitter:data1\" content=\"Comptoir National de l&#039;Or\" \/>\n\t<meta name=\"twitter:label2\" content=\"Dur\u00e9e de lecture estim\u00e9e\" \/>\n\t<meta name=\"twitter:data2\" content=\"1 minute\" \/>\n<script type=\"application\/ld+json\" class=\"yoast-schema-graph\">{\"@context\":\"https:\\\/\\\/schema.org\",\"@graph\":[{\"@type\":\"Article\",\"@id\":\"https:\\\/\\\/www.gold.fr\\\/news\\\/2011\\\/10\\\/11\\\/lor-une-valeur-au-brillant-avenir\\\/#article\",\"isPartOf\":{\"@id\":\"https:\\\/\\\/www.gold.fr\\\/news\\\/2011\\\/10\\\/11\\\/lor-une-valeur-au-brillant-avenir\\\/\"},\"author\":{\"name\":\"Comptoir National de l'Or\",\"@id\":\"https:\\\/\\\/www.gold.fr\\\/news\\\/#\\\/schema\\\/person\\\/070491b4b4fb7671bf59b3be20302ce9\"},\"headline\":\"L\u2019or : Une valeur au brillant avenir\",\"datePublished\":\"2011-10-11T09:00:49+00:00\",\"dateModified\":\"2021-01-14T10:19:37+00:00\",\"mainEntityOfPage\":{\"@id\":\"https:\\\/\\\/www.gold.fr\\\/news\\\/2011\\\/10\\\/11\\\/lor-une-valeur-au-brillant-avenir\\\/\"},\"wordCount\":239,\"image\":{\"@id\":\"https:\\\/\\\/www.gold.fr\\\/news\\\/2011\\\/10\\\/11\\\/lor-une-valeur-au-brillant-avenir\\\/#primaryimage\"},\"thumbnailUrl\":\"https:\\\/\\\/www.gold.fr\\\/news\\\/wp-content\\\/uploads\\\/2011\\\/10\\\/globe-or.jpg\",\"keywords\":[\"Or\",\"valeur de l'or\"],\"articleSection\":[\"Articles de presse\"],\"inLanguage\":\"fr-FR\"},{\"@type\":\"WebPage\",\"@id\":\"https:\\\/\\\/www.gold.fr\\\/news\\\/2011\\\/10\\\/11\\\/lor-une-valeur-au-brillant-avenir\\\/\",\"url\":\"https:\\\/\\\/www.gold.fr\\\/news\\\/2011\\\/10\\\/11\\\/lor-une-valeur-au-brillant-avenir\\\/\",\"name\":\"L\u2019or : Une valeur au brillant avenir - Gold.fr\",\"isPartOf\":{\"@id\":\"https:\\\/\\\/www.gold.fr\\\/news\\\/#website\"},\"primaryImageOfPage\":{\"@id\":\"https:\\\/\\\/www.gold.fr\\\/news\\\/2011\\\/10\\\/11\\\/lor-une-valeur-au-brillant-avenir\\\/#primaryimage\"},\"image\":{\"@id\":\"https:\\\/\\\/www.gold.fr\\\/news\\\/2011\\\/10\\\/11\\\/lor-une-valeur-au-brillant-avenir\\\/#primaryimage\"},\"thumbnailUrl\":\"https:\\\/\\\/www.gold.fr\\\/news\\\/wp-content\\\/uploads\\\/2011\\\/10\\\/globe-or.jpg\",\"datePublished\":\"2011-10-11T09:00:49+00:00\",\"dateModified\":\"2021-01-14T10:19:37+00:00\",\"author\":{\"@id\":\"https:\\\/\\\/www.gold.fr\\\/news\\\/#\\\/schema\\\/person\\\/070491b4b4fb7671bf59b3be20302ce9\"},\"description\":\"L\u2019or Une valeur au brillant avenir, les investisseurs privil\u00e9gient l\u2019or qui est la seule devise \u00e0 ne pas pouvoir \u00eatre manipul\u00e9e\",\"breadcrumb\":{\"@id\":\"https:\\\/\\\/www.gold.fr\\\/news\\\/2011\\\/10\\\/11\\\/lor-une-valeur-au-brillant-avenir\\\/#breadcrumb\"},\"inLanguage\":\"fr-FR\",\"potentialAction\":[{\"@type\":\"ReadAction\",\"target\":[\"https:\\\/\\\/www.gold.fr\\\/news\\\/2011\\\/10\\\/11\\\/lor-une-valeur-au-brillant-avenir\\\/\"]}]},{\"@type\":\"ImageObject\",\"inLanguage\":\"fr-FR\",\"@id\":\"https:\\\/\\\/www.gold.fr\\\/news\\\/2011\\\/10\\\/11\\\/lor-une-valeur-au-brillant-avenir\\\/#primaryimage\",\"url\":\"https:\\\/\\\/www.gold.fr\\\/news\\\/wp-content\\\/uploads\\\/2011\\\/10\\\/globe-or.jpg\",\"contentUrl\":\"https:\\\/\\\/www.gold.fr\\\/news\\\/wp-content\\\/uploads\\\/2011\\\/10\\\/globe-or.jpg\",\"width\":\"600\",\"height\":\"600\",\"caption\":\"Des march\u00e9s port\u00e9s par les banques centrales\"},{\"@type\":\"BreadcrumbList\",\"@id\":\"https:\\\/\\\/www.gold.fr\\\/news\\\/2011\\\/10\\\/11\\\/lor-une-valeur-au-brillant-avenir\\\/#breadcrumb\",\"itemListElement\":[{\"@type\":\"ListItem\",\"position\":1,\"name\":\"Accueil\",\"item\":\"https:\\\/\\\/www.gold.fr\\\/\"},{\"@type\":\"ListItem\",\"position\":2,\"name\":\"Actualit\u00e9s\",\"item\":\"https:\\\/\\\/www.gold.fr\\\/news\\\/\"},{\"@type\":\"ListItem\",\"position\":3,\"name\":\"L\u2019or : Une valeur au brillant avenir\"}]},{\"@type\":\"WebSite\",\"@id\":\"https:\\\/\\\/www.gold.fr\\\/news\\\/#website\",\"url\":\"https:\\\/\\\/www.gold.fr\\\/news\\\/\",\"name\":\"Gold.fr\",\"description\":\"Actualit\u00e9s de l&#039;Or et des m\u00e9taux pr\u00e9cieux\",\"potentialAction\":[{\"@type\":\"SearchAction\",\"target\":{\"@type\":\"EntryPoint\",\"urlTemplate\":\"https:\\\/\\\/www.gold.fr\\\/news\\\/?s={search_term_string}\"},\"query-input\":{\"@type\":\"PropertyValueSpecification\",\"valueRequired\":true,\"valueName\":\"search_term_string\"}}],\"inLanguage\":\"fr-FR\"},{\"@type\":\"Person\",\"@id\":\"https:\\\/\\\/www.gold.fr\\\/news\\\/#\\\/schema\\\/person\\\/070491b4b4fb7671bf59b3be20302ce9\",\"name\":\"Comptoir National de l'Or\",\"image\":{\"@type\":\"ImageObject\",\"inLanguage\":\"fr-FR\",\"@id\":\"https:\\\/\\\/secure.gravatar.com\\\/avatar\\\/0a2867fd5abe37bed95d5a65e9d58f01756e11efc68af9888dfc50cfa7f65948?s=96&d=mm&r=gb490554db0a38188709de567aa58480d\",\"url\":\"https:\\\/\\\/secure.gravatar.com\\\/avatar\\\/0a2867fd5abe37bed95d5a65e9d58f01756e11efc68af9888dfc50cfa7f65948?s=96&d=mm&r=g\",\"contentUrl\":\"https:\\\/\\\/secure.gravatar.com\\\/avatar\\\/0a2867fd5abe37bed95d5a65e9d58f01756e11efc68af9888dfc50cfa7f65948?s=96&d=mm&r=g\",\"caption\":\"Comptoir National de l'Or\"},\"description\":\"Notre r\u00e9daction est constitu\u00e9e de membres experts dans les m\u00e9tiers de l'\u00e9conomie et la gestion, des Responsables d'agence Comptoir National de l'Or, des analystes financiers qui publient r\u00e9guli\u00e8rement des \u00e9tudes sur les politiques des banques centrales, le cours de l'or, prix de l'or, cours de l'argent, prix de l'argent, cours du platine, cours du palladium,... la situation en zone euro et l'impact de la strat\u00e9gie mon\u00e9taire de la FED. Notre \u00e9quipe scrute \u00e9galement une information plus g\u00e9n\u00e9raliste \u00e0 la recherche d'actualit\u00e9 \\\"p\u00e9pite\\\" \u00e0 vous partager. Depuis 5 ans, nous avons publi\u00e9 un peu plus de 4000 articles qui s'adressent \u00e0 un public large et vari\u00e9 ayant pour objectif de satisfaire votre curiosit\u00e9 et de partager avec vous une certaine fascination pour le m\u00e9tal jaune, le rachat d'or, et pour ceux qui veulent investir dans l'or, vendre leur or tout simplement en savoir plus... Pour tous vos achat or et argent, n'h\u00e9sitez pas \u00e0 prendre rendez-vous dans l'un de nos nombreux comptoirs.\",\"sameAs\":[\"https:\\\/\\\/www.gold.fr\"]}]}<\/script>\n<!-- \/ Yoast SEO plugin. -->","yoast_head_json":{"title":"L\u2019or : Une valeur au brillant avenir - Gold.fr","description":"L\u2019or Une valeur au brillant avenir, les investisseurs privil\u00e9gient l\u2019or qui est la seule devise \u00e0 ne pas pouvoir \u00eatre manipul\u00e9e","robots":{"index":"index","follow":"follow","max-snippet":"max-snippet:-1","max-image-preview":"max-image-preview:large","max-video-preview":"max-video-preview:-1"},"canonical":"https:\/\/www.gold.fr\/news\/2011\/10\/11\/lor-une-valeur-au-brillant-avenir\/","og_locale":"fr_FR","og_type":"article","og_title":"L\u2019or : Une valeur au brillant avenir - Gold.fr","og_description":"L\u2019or Une valeur au brillant avenir, les investisseurs privil\u00e9gient l\u2019or qui est la seule devise \u00e0 ne pas pouvoir \u00eatre manipul\u00e9e","og_url":"https:\/\/www.gold.fr\/news\/2011\/10\/11\/lor-une-valeur-au-brillant-avenir\/","og_site_name":"Gold.fr","article_publisher":"https:\/\/www.facebook.com\/Goldfr\/","article_published_time":"2011-10-11T09:00:49+00:00","article_modified_time":"2021-01-14T10:19:37+00:00","og_image":[{"width":600,"height":600,"url":"https:\/\/www.gold.fr\/news\/wp-content\/uploads\/2011\/10\/globe-or.jpg","type":"image\/jpeg"}],"author":"Comptoir National de l'Or","twitter_card":"summary_large_image","twitter_misc":{"\u00c9crit par":"Comptoir National de l'Or","Dur\u00e9e de lecture estim\u00e9e":"1 minute"},"schema":{"@context":"https:\/\/schema.org","@graph":[{"@type":"Article","@id":"https:\/\/www.gold.fr\/news\/2011\/10\/11\/lor-une-valeur-au-brillant-avenir\/#article","isPartOf":{"@id":"https:\/\/www.gold.fr\/news\/2011\/10\/11\/lor-une-valeur-au-brillant-avenir\/"},"author":{"name":"Comptoir National de l'Or","@id":"https:\/\/www.gold.fr\/news\/#\/schema\/person\/070491b4b4fb7671bf59b3be20302ce9"},"headline":"L\u2019or : Une valeur au brillant avenir","datePublished":"2011-10-11T09:00:49+00:00","dateModified":"2021-01-14T10:19:37+00:00","mainEntityOfPage":{"@id":"https:\/\/www.gold.fr\/news\/2011\/10\/11\/lor-une-valeur-au-brillant-avenir\/"},"wordCount":239,"image":{"@id":"https:\/\/www.gold.fr\/news\/2011\/10\/11\/lor-une-valeur-au-brillant-avenir\/#primaryimage"},"thumbnailUrl":"https:\/\/www.gold.fr\/news\/wp-content\/uploads\/2011\/10\/globe-or.jpg","keywords":["Or","valeur de l'or"],"articleSection":["Articles de presse"],"inLanguage":"fr-FR"},{"@type":"WebPage","@id":"https:\/\/www.gold.fr\/news\/2011\/10\/11\/lor-une-valeur-au-brillant-avenir\/","url":"https:\/\/www.gold.fr\/news\/2011\/10\/11\/lor-une-valeur-au-brillant-avenir\/","name":"L\u2019or : Une valeur au brillant avenir - Gold.fr","isPartOf":{"@id":"https:\/\/www.gold.fr\/news\/#website"},"primaryImageOfPage":{"@id":"https:\/\/www.gold.fr\/news\/2011\/10\/11\/lor-une-valeur-au-brillant-avenir\/#primaryimage"},"image":{"@id":"https:\/\/www.gold.fr\/news\/2011\/10\/11\/lor-une-valeur-au-brillant-avenir\/#primaryimage"},"thumbnailUrl":"https:\/\/www.gold.fr\/news\/wp-content\/uploads\/2011\/10\/globe-or.jpg","datePublished":"2011-10-11T09:00:49+00:00","dateModified":"2021-01-14T10:19:37+00:00","author":{"@id":"https:\/\/www.gold.fr\/news\/#\/schema\/person\/070491b4b4fb7671bf59b3be20302ce9"},"description":"L\u2019or Une valeur au brillant avenir, les investisseurs privil\u00e9gient l\u2019or qui est la seule devise \u00e0 ne pas pouvoir \u00eatre manipul\u00e9e","breadcrumb":{"@id":"https:\/\/www.gold.fr\/news\/2011\/10\/11\/lor-une-valeur-au-brillant-avenir\/#breadcrumb"},"inLanguage":"fr-FR","potentialAction":[{"@type":"ReadAction","target":["https:\/\/www.gold.fr\/news\/2011\/10\/11\/lor-une-valeur-au-brillant-avenir\/"]}]},{"@type":"ImageObject","inLanguage":"fr-FR","@id":"https:\/\/www.gold.fr\/news\/2011\/10\/11\/lor-une-valeur-au-brillant-avenir\/#primaryimage","url":"https:\/\/www.gold.fr\/news\/wp-content\/uploads\/2011\/10\/globe-or.jpg","contentUrl":"https:\/\/www.gold.fr\/news\/wp-content\/uploads\/2011\/10\/globe-or.jpg","width":"600","height":"600","caption":"Des march\u00e9s port\u00e9s par les banques centrales"},{"@type":"BreadcrumbList","@id":"https:\/\/www.gold.fr\/news\/2011\/10\/11\/lor-une-valeur-au-brillant-avenir\/#breadcrumb","itemListElement":[{"@type":"ListItem","position":1,"name":"Accueil","item":"https:\/\/www.gold.fr\/"},{"@type":"ListItem","position":2,"name":"Actualit\u00e9s","item":"https:\/\/www.gold.fr\/news\/"},{"@type":"ListItem","position":3,"name":"L\u2019or : Une valeur au brillant avenir"}]},{"@type":"WebSite","@id":"https:\/\/www.gold.fr\/news\/#website","url":"https:\/\/www.gold.fr\/news\/","name":"Gold.fr","description":"Actualit\u00e9s de l&#039;Or et des m\u00e9taux pr\u00e9cieux","potentialAction":[{"@type":"SearchAction","target":{"@type":"EntryPoint","urlTemplate":"https:\/\/www.gold.fr\/news\/?s={search_term_string}"},"query-input":{"@type":"PropertyValueSpecification","valueRequired":true,"valueName":"search_term_string"}}],"inLanguage":"fr-FR"},{"@type":"Person","@id":"https:\/\/www.gold.fr\/news\/#\/schema\/person\/070491b4b4fb7671bf59b3be20302ce9","name":"Comptoir National de l'Or","image":{"@type":"ImageObject","inLanguage":"fr-FR","@id":"https:\/\/secure.gravatar.com\/avatar\/0a2867fd5abe37bed95d5a65e9d58f01756e11efc68af9888dfc50cfa7f65948?s=96&d=mm&r=gb490554db0a38188709de567aa58480d","url":"https:\/\/secure.gravatar.com\/avatar\/0a2867fd5abe37bed95d5a65e9d58f01756e11efc68af9888dfc50cfa7f65948?s=96&d=mm&r=g","contentUrl":"https:\/\/secure.gravatar.com\/avatar\/0a2867fd5abe37bed95d5a65e9d58f01756e11efc68af9888dfc50cfa7f65948?s=96&d=mm&r=g","caption":"Comptoir National de l'Or"},"description":"Notre r\u00e9daction est constitu\u00e9e de membres experts dans les m\u00e9tiers de l'\u00e9conomie et la gestion, des Responsables d'agence Comptoir National de l'Or, des analystes financiers qui publient r\u00e9guli\u00e8rement des \u00e9tudes sur les politiques des banques centrales, le cours de l'or, prix de l'or, cours de l'argent, prix de l'argent, cours du platine, cours du palladium,... la situation en zone euro et l'impact de la strat\u00e9gie mon\u00e9taire de la FED. Notre \u00e9quipe scrute \u00e9galement une information plus g\u00e9n\u00e9raliste \u00e0 la recherche d'actualit\u00e9 \"p\u00e9pite\" \u00e0 vous partager. Depuis 5 ans, nous avons publi\u00e9 un peu plus de 4000 articles qui s'adressent \u00e0 un public large et vari\u00e9 ayant pour objectif de satisfaire votre curiosit\u00e9 et de partager avec vous une certaine fascination pour le m\u00e9tal jaune, le rachat d'or, et pour ceux qui veulent investir dans l'or, vendre leur or tout simplement en savoir plus... Pour tous vos achat or et argent, n'h\u00e9sitez pas \u00e0 prendre rendez-vous dans l'un de nos nombreux comptoirs.","sameAs":["https:\/\/www.gold.fr"]}]}},"authors":[{"term_id":2565,"user_id":18,"is_guest":0,"slug":"julie","display_name":"Comptoir National de l'Or","avatar_url":"https:\/\/secure.gravatar.com\/avatar\/713f289e398d35ead876c4a4cc08607f0d6d266058cfc25683fffb6092d0e572?s=96&d=mm&r=g","0":null,"1":"","2":"","3":"","4":"","5":"","6":"","7":"","8":""}],"_links":{"self":[{"href":"https:\/\/www.gold.fr\/news\/wp-json\/wp\/v2\/posts\/2633","targetHints":{"allow":["GET"]}}],"collection":[{"href":"https:\/\/www.gold.fr\/news\/wp-json\/wp\/v2\/posts"}],"about":[{"href":"https:\/\/www.gold.fr\/news\/wp-json\/wp\/v2\/types\/post"}],"author":[{"embeddable":true,"href":"https:\/\/www.gold.fr\/news\/wp-json\/wp\/v2\/users\/18"}],"replies":[{"embeddable":true,"href":"https:\/\/www.gold.fr\/news\/wp-json\/wp\/v2\/comments?post=2633"}],"version-history":[{"count":0,"href":"https:\/\/www.gold.fr\/news\/wp-json\/wp\/v2\/posts\/2633\/revisions"}],"wp:featuredmedia":[{"embeddable":true,"href":"https:\/\/www.gold.fr\/news\/wp-json\/wp\/v2\/media\/2717"}],"wp:attachment":[{"href":"https:\/\/www.gold.fr\/news\/wp-json\/wp\/v2\/media?parent=2633"}],"wp:term":[{"taxonomy":"category","embeddable":true,"href":"https:\/\/www.gold.fr\/news\/wp-json\/wp\/v2\/categories?post=2633"},{"taxonomy":"post_tag","embeddable":true,"href":"https:\/\/www.gold.fr\/news\/wp-json\/wp\/v2\/tags?post=2633"},{"taxonomy":"author","embeddable":true,"href":"https:\/\/www.gold.fr\/news\/wp-json\/wp\/v2\/ppma_author?post=2633"}],"curies":[{"name":"wp","href":"https:\/\/api.w.org\/{rel}","templated":true}]}}