{"id":2527,"date":"2011-10-05T15:11:19","date_gmt":"2011-10-05T13:11:19","guid":{"rendered":"http:\/\/news.gold.fr\/?p=2527"},"modified":"2021-01-14T11:20:52","modified_gmt":"2021-01-14T10:20:52","slug":"la-presse-parle-du-comptoir-national-de-l-or-dangers","status":"publish","type":"post","link":"https:\/\/www.gold.fr\/news\/2011\/10\/05\/la-presse-parle-du-comptoir-national-de-l-or-dangers\/","title":{"rendered":"La presse parle du Comptoir National de l&rsquo;Or d&rsquo;Angers"},"content":{"rendered":"<p><span style=\"font-size: large;\"><strong>Ils ach\u00e8tent votre <a class=\"esk-seo-plu-link\" href=\"https:\/\/www.gold.fr\/news\/tags\/or\">or<\/a> et ne ch\u00f4ment pas !\u00a0<\/strong><\/span><\/p>\n<p>Le Courrier de l&rsquo;Ouest du 2 Octobre 2011.<\/p>\n<p>&nbsp;<\/p>\n<p><a href=\"http:\/\/news.gold.fr\/wp-content\/uploads\/2011\/10\/comptoir-national-or-angers.jpg\" target=\"_blank\" rel=\"noopener noreferrer\"><img loading=\"lazy\" decoding=\"async\" class=\"size-full wp-image-2528 aligncenter\" title=\"comptoir-national-or-angers\" src=\"http:\/\/news.gold.fr\/wp-content\/uploads\/2011\/10\/comptoir-national-or-angers.jpg\" alt=\"\" width=\"300\" height=\"650\" srcset=\"https:\/\/www.gold.fr\/news\/wp-content\/uploads\/2011\/10\/comptoir-national-or-angers.jpg 300w, https:\/\/www.gold.fr\/news\/wp-content\/uploads\/2011\/10\/comptoir-national-or-angers-138x300.jpg 138w\" sizes=\"auto, (max-width: 300px) 100vw, 300px\" \/><\/a><\/p>\n<!-- AddThis Advanced Settings generic via filter on the_content --><!-- AddThis Share Buttons generic via filter on the_content -->","protected":false},"excerpt":{"rendered":"<p>Ils ach\u00e8tent votre or et ne ch\u00f4ment pas !\u00a0 Le Courrier de l&rsquo;Ouest du 2 Octobre 2011. &nbsp;<\/p>\n","protected":false},"author":18,"featured_media":5071,"comment_status":"closed","ping_status":"closed","sticky":false,"template":"","format":"standard","meta":{"_mbp_gutenberg_autopost":false,"_pgmb_is_evergreen":false,"_pgmb_ap_template_id":0,"footnotes":""},"categories":[6,5],"tags":[265,115,354],"ppma_author":[2565],"class_list":["post-2527","post","type-post","status-publish","format-standard","has-post-thumbnail","hentry","category-articles-de-presse","category-flash-infos","tag-angers","tag-comptoir-national-de-lor","tag-comptoir-national-de-lor-angers"],"yoast_head":"<!-- This site is optimized with the Yoast SEO plugin v27.5 - https:\/\/yoast.com\/product\/yoast-seo-wordpress\/ -->\n<title>La presse parle du Comptoir National de l&#039;Or d&#039;Angers - Gold.fr<\/title>\n<meta name=\"description\" content=\"Ils ach\u00e8tent votre or et ne ch\u00f4ment pas ! La ru\u00e9e vers l&#039;or \u00e0 l&#039;envers Achat Vente Bijoux or, pi\u00e8ces, Lingots Or, Comptoir National Angers\" \/>\n<meta name=\"robots\" content=\"index, follow, max-snippet:-1, max-image-preview:large, max-video-preview:-1\" \/>\n<link rel=\"canonical\" href=\"https:\/\/www.gold.fr\/news\/2011\/10\/05\/la-presse-parle-du-comptoir-national-de-l-or-dangers\/\" \/>\n<meta property=\"og:locale\" content=\"fr_FR\" \/>\n<meta property=\"og:type\" content=\"article\" \/>\n<meta property=\"og:title\" content=\"La presse parle du Comptoir National de l&#039;Or d&#039;Angers - Gold.fr\" \/>\n<meta property=\"og:description\" content=\"Ils ach\u00e8tent votre or et ne ch\u00f4ment pas ! La ru\u00e9e vers l&#039;or \u00e0 l&#039;envers Achat Vente Bijoux or, pi\u00e8ces, Lingots Or, Comptoir National Angers\" \/>\n<meta property=\"og:url\" content=\"https:\/\/www.gold.fr\/news\/2011\/10\/05\/la-presse-parle-du-comptoir-national-de-l-or-dangers\/\" \/>\n<meta property=\"og:site_name\" content=\"Gold.fr\" \/>\n<meta property=\"article:publisher\" content=\"https:\/\/www.facebook.com\/Goldfr\/\" \/>\n<meta property=\"article:published_time\" content=\"2011-10-05T13:11:19+00:00\" \/>\n<meta property=\"article:modified_time\" content=\"2021-01-14T10:20:52+00:00\" \/>\n<meta property=\"og:image\" content=\"https:\/\/www.gold.fr\/news\/wp-content\/uploads\/2011\/10\/bijoux-or.jpg\" \/>\n\t<meta property=\"og:image:width\" content=\"600\" \/>\n\t<meta property=\"og:image:height\" content=\"400\" \/>\n\t<meta property=\"og:image:type\" content=\"image\/jpeg\" \/>\n<meta name=\"author\" content=\"Comptoir National de l&#039;Or\" \/>\n<meta name=\"twitter:card\" content=\"summary_large_image\" \/>\n<meta name=\"twitter:label1\" content=\"\u00c9crit par\" \/>\n\t<meta name=\"twitter:data1\" content=\"Comptoir National de l&#039;Or\" \/>\n<script type=\"application\/ld+json\" class=\"yoast-schema-graph\">{\"@context\":\"https:\\\/\\\/schema.org\",\"@graph\":[{\"@type\":\"Article\",\"@id\":\"https:\\\/\\\/www.gold.fr\\\/news\\\/2011\\\/10\\\/05\\\/la-presse-parle-du-comptoir-national-de-l-or-dangers\\\/#article\",\"isPartOf\":{\"@id\":\"https:\\\/\\\/www.gold.fr\\\/news\\\/2011\\\/10\\\/05\\\/la-presse-parle-du-comptoir-national-de-l-or-dangers\\\/\"},\"author\":{\"name\":\"Comptoir National de l'Or\",\"@id\":\"https:\\\/\\\/www.gold.fr\\\/news\\\/#\\\/schema\\\/person\\\/070491b4b4fb7671bf59b3be20302ce9\"},\"headline\":\"La presse parle du Comptoir National de l&rsquo;Or d&rsquo;Angers\",\"datePublished\":\"2011-10-05T13:11:19+00:00\",\"dateModified\":\"2021-01-14T10:20:52+00:00\",\"mainEntityOfPage\":{\"@id\":\"https:\\\/\\\/www.gold.fr\\\/news\\\/2011\\\/10\\\/05\\\/la-presse-parle-du-comptoir-national-de-l-or-dangers\\\/\"},\"wordCount\":29,\"image\":{\"@id\":\"https:\\\/\\\/www.gold.fr\\\/news\\\/2011\\\/10\\\/05\\\/la-presse-parle-du-comptoir-national-de-l-or-dangers\\\/#primaryimage\"},\"thumbnailUrl\":\"https:\\\/\\\/www.gold.fr\\\/news\\\/wp-content\\\/uploads\\\/2011\\\/10\\\/bijoux-or.jpg\",\"keywords\":[\"Angers\",\"Comptoir National de l'Or\",\"Comptoir National de l'Or Angers\"],\"articleSection\":[\"Articles de presse\",\"Flash infos\"],\"inLanguage\":\"fr-FR\"},{\"@type\":\"WebPage\",\"@id\":\"https:\\\/\\\/www.gold.fr\\\/news\\\/2011\\\/10\\\/05\\\/la-presse-parle-du-comptoir-national-de-l-or-dangers\\\/\",\"url\":\"https:\\\/\\\/www.gold.fr\\\/news\\\/2011\\\/10\\\/05\\\/la-presse-parle-du-comptoir-national-de-l-or-dangers\\\/\",\"name\":\"La presse parle du Comptoir National de l'Or d'Angers - Gold.fr\",\"isPartOf\":{\"@id\":\"https:\\\/\\\/www.gold.fr\\\/news\\\/#website\"},\"primaryImageOfPage\":{\"@id\":\"https:\\\/\\\/www.gold.fr\\\/news\\\/2011\\\/10\\\/05\\\/la-presse-parle-du-comptoir-national-de-l-or-dangers\\\/#primaryimage\"},\"image\":{\"@id\":\"https:\\\/\\\/www.gold.fr\\\/news\\\/2011\\\/10\\\/05\\\/la-presse-parle-du-comptoir-national-de-l-or-dangers\\\/#primaryimage\"},\"thumbnailUrl\":\"https:\\\/\\\/www.gold.fr\\\/news\\\/wp-content\\\/uploads\\\/2011\\\/10\\\/bijoux-or.jpg\",\"datePublished\":\"2011-10-05T13:11:19+00:00\",\"dateModified\":\"2021-01-14T10:20:52+00:00\",\"author\":{\"@id\":\"https:\\\/\\\/www.gold.fr\\\/news\\\/#\\\/schema\\\/person\\\/070491b4b4fb7671bf59b3be20302ce9\"},\"description\":\"Ils ach\u00e8tent votre or et ne ch\u00f4ment pas ! La ru\u00e9e vers l'or \u00e0 l'envers Achat Vente Bijoux or, pi\u00e8ces, Lingots Or, Comptoir National Angers\",\"breadcrumb\":{\"@id\":\"https:\\\/\\\/www.gold.fr\\\/news\\\/2011\\\/10\\\/05\\\/la-presse-parle-du-comptoir-national-de-l-or-dangers\\\/#breadcrumb\"},\"inLanguage\":\"fr-FR\",\"potentialAction\":[{\"@type\":\"ReadAction\",\"target\":[\"https:\\\/\\\/www.gold.fr\\\/news\\\/2011\\\/10\\\/05\\\/la-presse-parle-du-comptoir-national-de-l-or-dangers\\\/\"]}]},{\"@type\":\"ImageObject\",\"inLanguage\":\"fr-FR\",\"@id\":\"https:\\\/\\\/www.gold.fr\\\/news\\\/2011\\\/10\\\/05\\\/la-presse-parle-du-comptoir-national-de-l-or-dangers\\\/#primaryimage\",\"url\":\"https:\\\/\\\/www.gold.fr\\\/news\\\/wp-content\\\/uploads\\\/2011\\\/10\\\/bijoux-or.jpg\",\"contentUrl\":\"https:\\\/\\\/www.gold.fr\\\/news\\\/wp-content\\\/uploads\\\/2011\\\/10\\\/bijoux-or.jpg\",\"width\":\"600\",\"height\":\"400\",\"caption\":\"Comment estimons-nous la valeur d\u2019un bijou au sein du Comptoir National de l\u2019Or Strasbourg ?\"},{\"@type\":\"BreadcrumbList\",\"@id\":\"https:\\\/\\\/www.gold.fr\\\/news\\\/2011\\\/10\\\/05\\\/la-presse-parle-du-comptoir-national-de-l-or-dangers\\\/#breadcrumb\",\"itemListElement\":[{\"@type\":\"ListItem\",\"position\":1,\"name\":\"Accueil\",\"item\":\"https:\\\/\\\/www.gold.fr\\\/\"},{\"@type\":\"ListItem\",\"position\":2,\"name\":\"Actualit\u00e9s\",\"item\":\"https:\\\/\\\/www.gold.fr\\\/news\\\/\"},{\"@type\":\"ListItem\",\"position\":3,\"name\":\"La presse parle du Comptoir National de l&rsquo;Or d&rsquo;Angers\"}]},{\"@type\":\"WebSite\",\"@id\":\"https:\\\/\\\/www.gold.fr\\\/news\\\/#website\",\"url\":\"https:\\\/\\\/www.gold.fr\\\/news\\\/\",\"name\":\"Gold.fr\",\"description\":\"Actualit\u00e9s de l&#039;Or et des m\u00e9taux pr\u00e9cieux\",\"potentialAction\":[{\"@type\":\"SearchAction\",\"target\":{\"@type\":\"EntryPoint\",\"urlTemplate\":\"https:\\\/\\\/www.gold.fr\\\/news\\\/?s={search_term_string}\"},\"query-input\":{\"@type\":\"PropertyValueSpecification\",\"valueRequired\":true,\"valueName\":\"search_term_string\"}}],\"inLanguage\":\"fr-FR\"},{\"@type\":\"Person\",\"@id\":\"https:\\\/\\\/www.gold.fr\\\/news\\\/#\\\/schema\\\/person\\\/070491b4b4fb7671bf59b3be20302ce9\",\"name\":\"Comptoir National de l'Or\",\"image\":{\"@type\":\"ImageObject\",\"inLanguage\":\"fr-FR\",\"@id\":\"https:\\\/\\\/secure.gravatar.com\\\/avatar\\\/0a2867fd5abe37bed95d5a65e9d58f01756e11efc68af9888dfc50cfa7f65948?s=96&d=mm&r=gb490554db0a38188709de567aa58480d\",\"url\":\"https:\\\/\\\/secure.gravatar.com\\\/avatar\\\/0a2867fd5abe37bed95d5a65e9d58f01756e11efc68af9888dfc50cfa7f65948?s=96&d=mm&r=g\",\"contentUrl\":\"https:\\\/\\\/secure.gravatar.com\\\/avatar\\\/0a2867fd5abe37bed95d5a65e9d58f01756e11efc68af9888dfc50cfa7f65948?s=96&d=mm&r=g\",\"caption\":\"Comptoir National de l'Or\"},\"description\":\"Notre r\u00e9daction est constitu\u00e9e de membres experts dans les m\u00e9tiers de l'\u00e9conomie et la gestion, des Responsables d'agence Comptoir National de l'Or, des analystes financiers qui publient r\u00e9guli\u00e8rement des \u00e9tudes sur les politiques des banques centrales, le cours de l'or, prix de l'or, cours de l'argent, prix de l'argent, cours du platine, cours du palladium,... la situation en zone euro et l'impact de la strat\u00e9gie mon\u00e9taire de la FED. Notre \u00e9quipe scrute \u00e9galement une information plus g\u00e9n\u00e9raliste \u00e0 la recherche d'actualit\u00e9 \\\"p\u00e9pite\\\" \u00e0 vous partager. Depuis 5 ans, nous avons publi\u00e9 un peu plus de 4000 articles qui s'adressent \u00e0 un public large et vari\u00e9 ayant pour objectif de satisfaire votre curiosit\u00e9 et de partager avec vous une certaine fascination pour le m\u00e9tal jaune, le rachat d'or, et pour ceux qui veulent investir dans l'or, vendre leur or tout simplement en savoir plus... Pour tous vos achat or et argent, n'h\u00e9sitez pas \u00e0 prendre rendez-vous dans l'un de nos nombreux comptoirs.\",\"sameAs\":[\"https:\\\/\\\/www.gold.fr\"]}]}<\/script>\n<!-- \/ Yoast SEO plugin. -->","yoast_head_json":{"title":"La presse parle du Comptoir National de l'Or d'Angers - Gold.fr","description":"Ils ach\u00e8tent votre or et ne ch\u00f4ment pas ! La ru\u00e9e vers l'or \u00e0 l'envers Achat Vente Bijoux or, pi\u00e8ces, Lingots Or, Comptoir National Angers","robots":{"index":"index","follow":"follow","max-snippet":"max-snippet:-1","max-image-preview":"max-image-preview:large","max-video-preview":"max-video-preview:-1"},"canonical":"https:\/\/www.gold.fr\/news\/2011\/10\/05\/la-presse-parle-du-comptoir-national-de-l-or-dangers\/","og_locale":"fr_FR","og_type":"article","og_title":"La presse parle du Comptoir National de l'Or d'Angers - Gold.fr","og_description":"Ils ach\u00e8tent votre or et ne ch\u00f4ment pas ! La ru\u00e9e vers l'or \u00e0 l'envers Achat Vente Bijoux or, pi\u00e8ces, Lingots Or, Comptoir National Angers","og_url":"https:\/\/www.gold.fr\/news\/2011\/10\/05\/la-presse-parle-du-comptoir-national-de-l-or-dangers\/","og_site_name":"Gold.fr","article_publisher":"https:\/\/www.facebook.com\/Goldfr\/","article_published_time":"2011-10-05T13:11:19+00:00","article_modified_time":"2021-01-14T10:20:52+00:00","og_image":[{"width":600,"height":400,"url":"https:\/\/www.gold.fr\/news\/wp-content\/uploads\/2011\/10\/bijoux-or.jpg","type":"image\/jpeg"}],"author":"Comptoir National de l'Or","twitter_card":"summary_large_image","twitter_misc":{"\u00c9crit par":"Comptoir National de l'Or"},"schema":{"@context":"https:\/\/schema.org","@graph":[{"@type":"Article","@id":"https:\/\/www.gold.fr\/news\/2011\/10\/05\/la-presse-parle-du-comptoir-national-de-l-or-dangers\/#article","isPartOf":{"@id":"https:\/\/www.gold.fr\/news\/2011\/10\/05\/la-presse-parle-du-comptoir-national-de-l-or-dangers\/"},"author":{"name":"Comptoir National de l'Or","@id":"https:\/\/www.gold.fr\/news\/#\/schema\/person\/070491b4b4fb7671bf59b3be20302ce9"},"headline":"La presse parle du Comptoir National de l&rsquo;Or d&rsquo;Angers","datePublished":"2011-10-05T13:11:19+00:00","dateModified":"2021-01-14T10:20:52+00:00","mainEntityOfPage":{"@id":"https:\/\/www.gold.fr\/news\/2011\/10\/05\/la-presse-parle-du-comptoir-national-de-l-or-dangers\/"},"wordCount":29,"image":{"@id":"https:\/\/www.gold.fr\/news\/2011\/10\/05\/la-presse-parle-du-comptoir-national-de-l-or-dangers\/#primaryimage"},"thumbnailUrl":"https:\/\/www.gold.fr\/news\/wp-content\/uploads\/2011\/10\/bijoux-or.jpg","keywords":["Angers","Comptoir National de l'Or","Comptoir National de l'Or Angers"],"articleSection":["Articles de presse","Flash infos"],"inLanguage":"fr-FR"},{"@type":"WebPage","@id":"https:\/\/www.gold.fr\/news\/2011\/10\/05\/la-presse-parle-du-comptoir-national-de-l-or-dangers\/","url":"https:\/\/www.gold.fr\/news\/2011\/10\/05\/la-presse-parle-du-comptoir-national-de-l-or-dangers\/","name":"La presse parle du Comptoir National de l'Or d'Angers - Gold.fr","isPartOf":{"@id":"https:\/\/www.gold.fr\/news\/#website"},"primaryImageOfPage":{"@id":"https:\/\/www.gold.fr\/news\/2011\/10\/05\/la-presse-parle-du-comptoir-national-de-l-or-dangers\/#primaryimage"},"image":{"@id":"https:\/\/www.gold.fr\/news\/2011\/10\/05\/la-presse-parle-du-comptoir-national-de-l-or-dangers\/#primaryimage"},"thumbnailUrl":"https:\/\/www.gold.fr\/news\/wp-content\/uploads\/2011\/10\/bijoux-or.jpg","datePublished":"2011-10-05T13:11:19+00:00","dateModified":"2021-01-14T10:20:52+00:00","author":{"@id":"https:\/\/www.gold.fr\/news\/#\/schema\/person\/070491b4b4fb7671bf59b3be20302ce9"},"description":"Ils ach\u00e8tent votre or et ne ch\u00f4ment pas ! La ru\u00e9e vers l'or \u00e0 l'envers Achat Vente Bijoux or, pi\u00e8ces, Lingots Or, Comptoir National Angers","breadcrumb":{"@id":"https:\/\/www.gold.fr\/news\/2011\/10\/05\/la-presse-parle-du-comptoir-national-de-l-or-dangers\/#breadcrumb"},"inLanguage":"fr-FR","potentialAction":[{"@type":"ReadAction","target":["https:\/\/www.gold.fr\/news\/2011\/10\/05\/la-presse-parle-du-comptoir-national-de-l-or-dangers\/"]}]},{"@type":"ImageObject","inLanguage":"fr-FR","@id":"https:\/\/www.gold.fr\/news\/2011\/10\/05\/la-presse-parle-du-comptoir-national-de-l-or-dangers\/#primaryimage","url":"https:\/\/www.gold.fr\/news\/wp-content\/uploads\/2011\/10\/bijoux-or.jpg","contentUrl":"https:\/\/www.gold.fr\/news\/wp-content\/uploads\/2011\/10\/bijoux-or.jpg","width":"600","height":"400","caption":"Comment estimons-nous la valeur d\u2019un bijou au sein du Comptoir National de l\u2019Or Strasbourg ?"},{"@type":"BreadcrumbList","@id":"https:\/\/www.gold.fr\/news\/2011\/10\/05\/la-presse-parle-du-comptoir-national-de-l-or-dangers\/#breadcrumb","itemListElement":[{"@type":"ListItem","position":1,"name":"Accueil","item":"https:\/\/www.gold.fr\/"},{"@type":"ListItem","position":2,"name":"Actualit\u00e9s","item":"https:\/\/www.gold.fr\/news\/"},{"@type":"ListItem","position":3,"name":"La presse parle du Comptoir National de l&rsquo;Or d&rsquo;Angers"}]},{"@type":"WebSite","@id":"https:\/\/www.gold.fr\/news\/#website","url":"https:\/\/www.gold.fr\/news\/","name":"Gold.fr","description":"Actualit\u00e9s de l&#039;Or et des m\u00e9taux pr\u00e9cieux","potentialAction":[{"@type":"SearchAction","target":{"@type":"EntryPoint","urlTemplate":"https:\/\/www.gold.fr\/news\/?s={search_term_string}"},"query-input":{"@type":"PropertyValueSpecification","valueRequired":true,"valueName":"search_term_string"}}],"inLanguage":"fr-FR"},{"@type":"Person","@id":"https:\/\/www.gold.fr\/news\/#\/schema\/person\/070491b4b4fb7671bf59b3be20302ce9","name":"Comptoir National de l'Or","image":{"@type":"ImageObject","inLanguage":"fr-FR","@id":"https:\/\/secure.gravatar.com\/avatar\/0a2867fd5abe37bed95d5a65e9d58f01756e11efc68af9888dfc50cfa7f65948?s=96&d=mm&r=gb490554db0a38188709de567aa58480d","url":"https:\/\/secure.gravatar.com\/avatar\/0a2867fd5abe37bed95d5a65e9d58f01756e11efc68af9888dfc50cfa7f65948?s=96&d=mm&r=g","contentUrl":"https:\/\/secure.gravatar.com\/avatar\/0a2867fd5abe37bed95d5a65e9d58f01756e11efc68af9888dfc50cfa7f65948?s=96&d=mm&r=g","caption":"Comptoir National de l'Or"},"description":"Notre r\u00e9daction est constitu\u00e9e de membres experts dans les m\u00e9tiers de l'\u00e9conomie et la gestion, des Responsables d'agence Comptoir National de l'Or, des analystes financiers qui publient r\u00e9guli\u00e8rement des \u00e9tudes sur les politiques des banques centrales, le cours de l'or, prix de l'or, cours de l'argent, prix de l'argent, cours du platine, cours du palladium,... la situation en zone euro et l'impact de la strat\u00e9gie mon\u00e9taire de la FED. Notre \u00e9quipe scrute \u00e9galement une information plus g\u00e9n\u00e9raliste \u00e0 la recherche d'actualit\u00e9 \"p\u00e9pite\" \u00e0 vous partager. Depuis 5 ans, nous avons publi\u00e9 un peu plus de 4000 articles qui s'adressent \u00e0 un public large et vari\u00e9 ayant pour objectif de satisfaire votre curiosit\u00e9 et de partager avec vous une certaine fascination pour le m\u00e9tal jaune, le rachat d'or, et pour ceux qui veulent investir dans l'or, vendre leur or tout simplement en savoir plus... Pour tous vos achat or et argent, n'h\u00e9sitez pas \u00e0 prendre rendez-vous dans l'un de nos nombreux comptoirs.","sameAs":["https:\/\/www.gold.fr"]}]}},"authors":[{"term_id":2565,"user_id":18,"is_guest":0,"slug":"julie","display_name":"Comptoir National de l'Or","avatar_url":"https:\/\/secure.gravatar.com\/avatar\/713f289e398d35ead876c4a4cc08607f0d6d266058cfc25683fffb6092d0e572?s=96&d=mm&r=g","0":null,"1":"","2":"","3":"","4":"","5":"","6":"","7":"","8":""}],"_links":{"self":[{"href":"https:\/\/www.gold.fr\/news\/wp-json\/wp\/v2\/posts\/2527","targetHints":{"allow":["GET"]}}],"collection":[{"href":"https:\/\/www.gold.fr\/news\/wp-json\/wp\/v2\/posts"}],"about":[{"href":"https:\/\/www.gold.fr\/news\/wp-json\/wp\/v2\/types\/post"}],"author":[{"embeddable":true,"href":"https:\/\/www.gold.fr\/news\/wp-json\/wp\/v2\/users\/18"}],"replies":[{"embeddable":true,"href":"https:\/\/www.gold.fr\/news\/wp-json\/wp\/v2\/comments?post=2527"}],"version-history":[{"count":0,"href":"https:\/\/www.gold.fr\/news\/wp-json\/wp\/v2\/posts\/2527\/revisions"}],"wp:featuredmedia":[{"embeddable":true,"href":"https:\/\/www.gold.fr\/news\/wp-json\/wp\/v2\/media\/5071"}],"wp:attachment":[{"href":"https:\/\/www.gold.fr\/news\/wp-json\/wp\/v2\/media?parent=2527"}],"wp:term":[{"taxonomy":"category","embeddable":true,"href":"https:\/\/www.gold.fr\/news\/wp-json\/wp\/v2\/categories?post=2527"},{"taxonomy":"post_tag","embeddable":true,"href":"https:\/\/www.gold.fr\/news\/wp-json\/wp\/v2\/tags?post=2527"},{"taxonomy":"author","embeddable":true,"href":"https:\/\/www.gold.fr\/news\/wp-json\/wp\/v2\/ppma_author?post=2527"}],"curies":[{"name":"wp","href":"https:\/\/api.w.org\/{rel}","templated":true}]}}