{"id":2484,"date":"2011-10-03T09:06:14","date_gmt":"2011-10-03T07:06:14","guid":{"rendered":"http:\/\/news.gold.fr\/?p=2484"},"modified":"2021-01-14T11:21:35","modified_gmt":"2021-01-14T10:21:35","slug":"lor-une-valeur-creatrice-doptimisme","status":"publish","type":"post","link":"https:\/\/www.gold.fr\/news\/2011\/10\/03\/lor-une-valeur-creatrice-doptimisme\/","title":{"rendered":"L\u2019or \u2013 Une valeur \u00ab\u00a0cr\u00e9atrice\u00a0\u00bb d\u2019optimisme"},"content":{"rendered":"<p style=\"text-align: justify;\"><span style=\"font-size: large;\"><span style=\"font-size: x-large;\"><img loading=\"lazy\" decoding=\"async\" class=\"wp-caption\" style=\"border: 1px solid black; margin: 5px; float: left;\" title=\"L'or - une valeur cr\u00e9atrice\" src=\"http:\/\/news.gold.fr\/wp-content\/uploads\/2011\/10\/974583203-150x135.jpg\" alt=\"\" width=\"150\" height=\"135\" \/>D<\/span><\/span>&lsquo;apr\u00e8s les professionnels de la plan\u00e8te \u00e9conomique, deux facteurs majeurs jouent en faveur du <a class=\"esk-seo-plu-link\" href=\"https:\/\/www.gold.fr\/news\/tags\/or\">m\u00e9tal jaune<\/a>. D&rsquo;abord, la perception \u00ab d\u00e9prim\u00e9e \u00bb des investisseurs vis-\u00e0-vis de la valeur des devises \u00ab papiers \u00bb, doubl\u00e9 d&rsquo;une inflation galopante qui ressemble \u00e0 s&rsquo;y tromper \u00e0 celle des ann\u00e9es 1970.<\/p>\n<p style=\"text-align: justify;\">Ensuite, des perspectives macro\u00e9conomiques tr\u00e8s d\u00e9courageantes, avec, notamment, des perspectives de croissance r\u00e9cemment revues \u00e0 la baisse en Europe et aux Etats-Unis, en l&rsquo;espace de quelques semaines \u00e0 peine.<\/p>\n<p style=\"text-align: justify;\">Cette confusion macro\u00e9conomique associ\u00e9e aux craintes relatives \u00e0 la crise d&rsquo;endettement souveraine en Europe ont port\u00e9 le prix de l&rsquo;once d&rsquo;<a class=\"esk-seo-plu-link\" href=\"https:\/\/www.gold.fr\/news\/tags\/or\">or<\/a> au dessus des 1800 dollars (soit 20 % de performance en moins de 2 mois). Du coup, 2011 est d&rsquo;ores et d\u00e9j\u00e0 compt\u00e9e comme la 11\u00e8me ann\u00e9e cons\u00e9cutive de performance positive pour l&rsquo;<a class=\"esk-seo-plu-link\" href=\"https:\/\/www.gold.fr\/news\/tags\/or\">or<\/a>.<\/p>\n<p style=\"text-align: justify;\">C&rsquo;est donc une unanimit\u00e9 absolue qui s&rsquo;accorde \u00e0 admettre la solidit\u00e9 de la tendance haussi\u00e8re du <a class=\"esk-seo-plu-link\" href=\"https:\/\/www.gold.fr\/news\/tags\/or\">m\u00e9tal jaune<\/a> qui a longtemps subi le pessimisme et la sous-estimation des professionnels les plus sceptiques. Ironiquement, en octobre dernier (2010), les analystes les plus optimistes pr\u00e9disaient pour l&rsquo;<a class=\"esk-seo-plu-link\" href=\"https:\/\/www.gold.fr\/news\/tags\/or\">or<\/a> une valeur maximale de 1300 l&rsquo;once \u00e0 12 mois. Un an plus tard -date limite de la pr\u00e9vision- la valeur actuelle du <a class=\"esk-seo-plu-link\" href=\"https:\/\/www.gold.fr\/news\/tags\/or\">m\u00e9tal jaune<\/a> est \u00e0 25% en dessus de cette pr\u00e9vision.<\/p>\n<!-- AddThis Advanced Settings generic via filter on the_content --><!-- AddThis Share Buttons generic via filter on the_content -->","protected":false},"excerpt":{"rendered":"<p>D&lsquo;apr\u00e8s les professionnels de la plan\u00e8te \u00e9conomique, deux facteurs majeurs jouent en faveur du m\u00e9tal jaune. D&rsquo;abord, la perception \u00ab d\u00e9prim\u00e9e \u00bb des investisseurs vis-\u00e0-vis de la valeur des devises \u00ab papiers \u00bb, doubl\u00e9 d&rsquo;une inflation [&hellip;]<\/p>\n","protected":false},"author":18,"featured_media":4967,"comment_status":"closed","ping_status":"closed","sticky":false,"template":"","format":"standard","meta":{"_mbp_gutenberg_autopost":false,"_pgmb_is_evergreen":false,"_pgmb_ap_template_id":0,"footnotes":""},"categories":[6],"tags":[1119,119],"ppma_author":[2565],"class_list":["post-2484","post","type-post","status-publish","format-standard","has-post-thumbnail","hentry","category-articles-de-presse","tag-valeur-confiance","tag-valeur-de-lor"],"yoast_head":"<!-- This site is optimized with the Yoast SEO plugin v27.5 - https:\/\/yoast.com\/product\/yoast-seo-wordpress\/ -->\n<title>L\u2019or Valeur cr\u00e9atrice d\u2019optimisme face au pessimisme des investisseurs<\/title>\n<meta name=\"description\" content=\"L&#039;or, une valeur cr\u00e9atrice d&#039;optimisme Les professionnels de la plan\u00e8te \u00e9conomique admettent la solidit\u00e9 de la tendance haussi\u00e8re de l&#039;or\" \/>\n<meta name=\"robots\" content=\"index, follow, max-snippet:-1, max-image-preview:large, max-video-preview:-1\" \/>\n<link rel=\"canonical\" href=\"https:\/\/www.gold.fr\/news\/2011\/10\/03\/lor-une-valeur-creatrice-doptimisme\/\" \/>\n<meta property=\"og:locale\" content=\"fr_FR\" \/>\n<meta property=\"og:type\" content=\"article\" \/>\n<meta property=\"og:title\" content=\"L\u2019or Valeur cr\u00e9atrice d\u2019optimisme face au pessimisme des investisseurs\" \/>\n<meta property=\"og:description\" content=\"L&#039;or, une valeur cr\u00e9atrice d&#039;optimisme Les professionnels de la plan\u00e8te \u00e9conomique admettent la solidit\u00e9 de la tendance haussi\u00e8re de l&#039;or\" \/>\n<meta property=\"og:url\" content=\"https:\/\/www.gold.fr\/news\/2011\/10\/03\/lor-une-valeur-creatrice-doptimisme\/\" \/>\n<meta property=\"og:site_name\" content=\"Gold.fr\" \/>\n<meta property=\"article:publisher\" content=\"https:\/\/www.facebook.com\/Goldfr\/\" \/>\n<meta property=\"article:published_time\" content=\"2011-10-03T07:06:14+00:00\" \/>\n<meta property=\"article:modified_time\" content=\"2021-01-14T10:21:35+00:00\" \/>\n<meta property=\"og:image\" content=\"https:\/\/www.gold.fr\/news\/wp-content\/uploads\/2011\/10\/or-pi\u00e8ces.jpg\" \/>\n\t<meta property=\"og:image:width\" content=\"600\" \/>\n\t<meta property=\"og:image:height\" content=\"429\" \/>\n\t<meta property=\"og:image:type\" content=\"image\/jpeg\" \/>\n<meta name=\"author\" content=\"Comptoir National de l&#039;Or\" \/>\n<meta name=\"twitter:card\" content=\"summary_large_image\" \/>\n<meta name=\"twitter:label1\" content=\"\u00c9crit par\" \/>\n\t<meta name=\"twitter:data1\" content=\"Comptoir National de l&#039;Or\" \/>\n\t<meta name=\"twitter:label2\" content=\"Dur\u00e9e de lecture estim\u00e9e\" \/>\n\t<meta name=\"twitter:data2\" content=\"1 minute\" \/>\n<script type=\"application\/ld+json\" class=\"yoast-schema-graph\">{\"@context\":\"https:\\\/\\\/schema.org\",\"@graph\":[{\"@type\":\"Article\",\"@id\":\"https:\\\/\\\/www.gold.fr\\\/news\\\/2011\\\/10\\\/03\\\/lor-une-valeur-creatrice-doptimisme\\\/#article\",\"isPartOf\":{\"@id\":\"https:\\\/\\\/www.gold.fr\\\/news\\\/2011\\\/10\\\/03\\\/lor-une-valeur-creatrice-doptimisme\\\/\"},\"author\":{\"name\":\"Comptoir National de l'Or\",\"@id\":\"https:\\\/\\\/www.gold.fr\\\/news\\\/#\\\/schema\\\/person\\\/070491b4b4fb7671bf59b3be20302ce9\"},\"headline\":\"L\u2019or \u2013 Une valeur \u00ab\u00a0cr\u00e9atrice\u00a0\u00bb d\u2019optimisme\",\"datePublished\":\"2011-10-03T07:06:14+00:00\",\"dateModified\":\"2021-01-14T10:21:35+00:00\",\"mainEntityOfPage\":{\"@id\":\"https:\\\/\\\/www.gold.fr\\\/news\\\/2011\\\/10\\\/03\\\/lor-une-valeur-creatrice-doptimisme\\\/\"},\"wordCount\":230,\"image\":{\"@id\":\"https:\\\/\\\/www.gold.fr\\\/news\\\/2011\\\/10\\\/03\\\/lor-une-valeur-creatrice-doptimisme\\\/#primaryimage\"},\"thumbnailUrl\":\"https:\\\/\\\/www.gold.fr\\\/news\\\/wp-content\\\/uploads\\\/2011\\\/10\\\/or-pi\u00e8ces.jpg\",\"keywords\":[\"valeur confiance\",\"valeur de l'or\"],\"articleSection\":[\"Articles de presse\"],\"inLanguage\":\"fr-FR\"},{\"@type\":\"WebPage\",\"@id\":\"https:\\\/\\\/www.gold.fr\\\/news\\\/2011\\\/10\\\/03\\\/lor-une-valeur-creatrice-doptimisme\\\/\",\"url\":\"https:\\\/\\\/www.gold.fr\\\/news\\\/2011\\\/10\\\/03\\\/lor-une-valeur-creatrice-doptimisme\\\/\",\"name\":\"L\u2019or Valeur cr\u00e9atrice d\u2019optimisme face au pessimisme des investisseurs\",\"isPartOf\":{\"@id\":\"https:\\\/\\\/www.gold.fr\\\/news\\\/#website\"},\"primaryImageOfPage\":{\"@id\":\"https:\\\/\\\/www.gold.fr\\\/news\\\/2011\\\/10\\\/03\\\/lor-une-valeur-creatrice-doptimisme\\\/#primaryimage\"},\"image\":{\"@id\":\"https:\\\/\\\/www.gold.fr\\\/news\\\/2011\\\/10\\\/03\\\/lor-une-valeur-creatrice-doptimisme\\\/#primaryimage\"},\"thumbnailUrl\":\"https:\\\/\\\/www.gold.fr\\\/news\\\/wp-content\\\/uploads\\\/2011\\\/10\\\/or-pi\u00e8ces.jpg\",\"datePublished\":\"2011-10-03T07:06:14+00:00\",\"dateModified\":\"2021-01-14T10:21:35+00:00\",\"author\":{\"@id\":\"https:\\\/\\\/www.gold.fr\\\/news\\\/#\\\/schema\\\/person\\\/070491b4b4fb7671bf59b3be20302ce9\"},\"description\":\"L'or, une valeur cr\u00e9atrice d'optimisme Les professionnels de la plan\u00e8te \u00e9conomique admettent la solidit\u00e9 de la tendance haussi\u00e8re de l'or\",\"breadcrumb\":{\"@id\":\"https:\\\/\\\/www.gold.fr\\\/news\\\/2011\\\/10\\\/03\\\/lor-une-valeur-creatrice-doptimisme\\\/#breadcrumb\"},\"inLanguage\":\"fr-FR\",\"potentialAction\":[{\"@type\":\"ReadAction\",\"target\":[\"https:\\\/\\\/www.gold.fr\\\/news\\\/2011\\\/10\\\/03\\\/lor-une-valeur-creatrice-doptimisme\\\/\"]}]},{\"@type\":\"ImageObject\",\"inLanguage\":\"fr-FR\",\"@id\":\"https:\\\/\\\/www.gold.fr\\\/news\\\/2011\\\/10\\\/03\\\/lor-une-valeur-creatrice-doptimisme\\\/#primaryimage\",\"url\":\"https:\\\/\\\/www.gold.fr\\\/news\\\/wp-content\\\/uploads\\\/2011\\\/10\\\/or-pi\u00e8ces.jpg\",\"contentUrl\":\"https:\\\/\\\/www.gold.fr\\\/news\\\/wp-content\\\/uploads\\\/2011\\\/10\\\/or-pi\u00e8ces.jpg\",\"width\":\"600\",\"height\":\"429\",\"caption\":\"or-pi\u00e8ces\"},{\"@type\":\"BreadcrumbList\",\"@id\":\"https:\\\/\\\/www.gold.fr\\\/news\\\/2011\\\/10\\\/03\\\/lor-une-valeur-creatrice-doptimisme\\\/#breadcrumb\",\"itemListElement\":[{\"@type\":\"ListItem\",\"position\":1,\"name\":\"Accueil\",\"item\":\"https:\\\/\\\/www.gold.fr\\\/\"},{\"@type\":\"ListItem\",\"position\":2,\"name\":\"Actualit\u00e9s\",\"item\":\"https:\\\/\\\/www.gold.fr\\\/news\\\/\"},{\"@type\":\"ListItem\",\"position\":3,\"name\":\"L\u2019or \u2013 Une valeur \u00ab\u00a0cr\u00e9atrice\u00a0\u00bb d\u2019optimisme\"}]},{\"@type\":\"WebSite\",\"@id\":\"https:\\\/\\\/www.gold.fr\\\/news\\\/#website\",\"url\":\"https:\\\/\\\/www.gold.fr\\\/news\\\/\",\"name\":\"Gold.fr\",\"description\":\"Actualit\u00e9s de l&#039;Or et des m\u00e9taux pr\u00e9cieux\",\"potentialAction\":[{\"@type\":\"SearchAction\",\"target\":{\"@type\":\"EntryPoint\",\"urlTemplate\":\"https:\\\/\\\/www.gold.fr\\\/news\\\/?s={search_term_string}\"},\"query-input\":{\"@type\":\"PropertyValueSpecification\",\"valueRequired\":true,\"valueName\":\"search_term_string\"}}],\"inLanguage\":\"fr-FR\"},{\"@type\":\"Person\",\"@id\":\"https:\\\/\\\/www.gold.fr\\\/news\\\/#\\\/schema\\\/person\\\/070491b4b4fb7671bf59b3be20302ce9\",\"name\":\"Comptoir National de l'Or\",\"image\":{\"@type\":\"ImageObject\",\"inLanguage\":\"fr-FR\",\"@id\":\"https:\\\/\\\/secure.gravatar.com\\\/avatar\\\/0a2867fd5abe37bed95d5a65e9d58f01756e11efc68af9888dfc50cfa7f65948?s=96&d=mm&r=gb490554db0a38188709de567aa58480d\",\"url\":\"https:\\\/\\\/secure.gravatar.com\\\/avatar\\\/0a2867fd5abe37bed95d5a65e9d58f01756e11efc68af9888dfc50cfa7f65948?s=96&d=mm&r=g\",\"contentUrl\":\"https:\\\/\\\/secure.gravatar.com\\\/avatar\\\/0a2867fd5abe37bed95d5a65e9d58f01756e11efc68af9888dfc50cfa7f65948?s=96&d=mm&r=g\",\"caption\":\"Comptoir National de l'Or\"},\"description\":\"Notre r\u00e9daction est constitu\u00e9e de membres experts dans les m\u00e9tiers de l'\u00e9conomie et la gestion, des Responsables d'agence Comptoir National de l'Or, des analystes financiers qui publient r\u00e9guli\u00e8rement des \u00e9tudes sur les politiques des banques centrales, le cours de l'or, prix de l'or, cours de l'argent, prix de l'argent, cours du platine, cours du palladium,... la situation en zone euro et l'impact de la strat\u00e9gie mon\u00e9taire de la FED. Notre \u00e9quipe scrute \u00e9galement une information plus g\u00e9n\u00e9raliste \u00e0 la recherche d'actualit\u00e9 \\\"p\u00e9pite\\\" \u00e0 vous partager. Depuis 5 ans, nous avons publi\u00e9 un peu plus de 4000 articles qui s'adressent \u00e0 un public large et vari\u00e9 ayant pour objectif de satisfaire votre curiosit\u00e9 et de partager avec vous une certaine fascination pour le m\u00e9tal jaune, le rachat d'or, et pour ceux qui veulent investir dans l'or, vendre leur or tout simplement en savoir plus... Pour tous vos achat or et argent, n'h\u00e9sitez pas \u00e0 prendre rendez-vous dans l'un de nos nombreux comptoirs.\",\"sameAs\":[\"https:\\\/\\\/www.gold.fr\"]}]}<\/script>\n<!-- \/ Yoast SEO plugin. -->","yoast_head_json":{"title":"L\u2019or Valeur cr\u00e9atrice d\u2019optimisme face au pessimisme des investisseurs","description":"L'or, une valeur cr\u00e9atrice d'optimisme Les professionnels de la plan\u00e8te \u00e9conomique admettent la solidit\u00e9 de la tendance haussi\u00e8re de l'or","robots":{"index":"index","follow":"follow","max-snippet":"max-snippet:-1","max-image-preview":"max-image-preview:large","max-video-preview":"max-video-preview:-1"},"canonical":"https:\/\/www.gold.fr\/news\/2011\/10\/03\/lor-une-valeur-creatrice-doptimisme\/","og_locale":"fr_FR","og_type":"article","og_title":"L\u2019or Valeur cr\u00e9atrice d\u2019optimisme face au pessimisme des investisseurs","og_description":"L'or, une valeur cr\u00e9atrice d'optimisme Les professionnels de la plan\u00e8te \u00e9conomique admettent la solidit\u00e9 de la tendance haussi\u00e8re de l'or","og_url":"https:\/\/www.gold.fr\/news\/2011\/10\/03\/lor-une-valeur-creatrice-doptimisme\/","og_site_name":"Gold.fr","article_publisher":"https:\/\/www.facebook.com\/Goldfr\/","article_published_time":"2011-10-03T07:06:14+00:00","article_modified_time":"2021-01-14T10:21:35+00:00","og_image":[{"width":600,"height":429,"url":"https:\/\/www.gold.fr\/news\/wp-content\/uploads\/2011\/10\/or-pi\u00e8ces.jpg","type":"image\/jpeg"}],"author":"Comptoir National de l'Or","twitter_card":"summary_large_image","twitter_misc":{"\u00c9crit par":"Comptoir National de l'Or","Dur\u00e9e de lecture estim\u00e9e":"1 minute"},"schema":{"@context":"https:\/\/schema.org","@graph":[{"@type":"Article","@id":"https:\/\/www.gold.fr\/news\/2011\/10\/03\/lor-une-valeur-creatrice-doptimisme\/#article","isPartOf":{"@id":"https:\/\/www.gold.fr\/news\/2011\/10\/03\/lor-une-valeur-creatrice-doptimisme\/"},"author":{"name":"Comptoir National de l'Or","@id":"https:\/\/www.gold.fr\/news\/#\/schema\/person\/070491b4b4fb7671bf59b3be20302ce9"},"headline":"L\u2019or \u2013 Une valeur \u00ab\u00a0cr\u00e9atrice\u00a0\u00bb d\u2019optimisme","datePublished":"2011-10-03T07:06:14+00:00","dateModified":"2021-01-14T10:21:35+00:00","mainEntityOfPage":{"@id":"https:\/\/www.gold.fr\/news\/2011\/10\/03\/lor-une-valeur-creatrice-doptimisme\/"},"wordCount":230,"image":{"@id":"https:\/\/www.gold.fr\/news\/2011\/10\/03\/lor-une-valeur-creatrice-doptimisme\/#primaryimage"},"thumbnailUrl":"https:\/\/www.gold.fr\/news\/wp-content\/uploads\/2011\/10\/or-pi\u00e8ces.jpg","keywords":["valeur confiance","valeur de l'or"],"articleSection":["Articles de presse"],"inLanguage":"fr-FR"},{"@type":"WebPage","@id":"https:\/\/www.gold.fr\/news\/2011\/10\/03\/lor-une-valeur-creatrice-doptimisme\/","url":"https:\/\/www.gold.fr\/news\/2011\/10\/03\/lor-une-valeur-creatrice-doptimisme\/","name":"L\u2019or Valeur cr\u00e9atrice d\u2019optimisme face au pessimisme des investisseurs","isPartOf":{"@id":"https:\/\/www.gold.fr\/news\/#website"},"primaryImageOfPage":{"@id":"https:\/\/www.gold.fr\/news\/2011\/10\/03\/lor-une-valeur-creatrice-doptimisme\/#primaryimage"},"image":{"@id":"https:\/\/www.gold.fr\/news\/2011\/10\/03\/lor-une-valeur-creatrice-doptimisme\/#primaryimage"},"thumbnailUrl":"https:\/\/www.gold.fr\/news\/wp-content\/uploads\/2011\/10\/or-pi\u00e8ces.jpg","datePublished":"2011-10-03T07:06:14+00:00","dateModified":"2021-01-14T10:21:35+00:00","author":{"@id":"https:\/\/www.gold.fr\/news\/#\/schema\/person\/070491b4b4fb7671bf59b3be20302ce9"},"description":"L'or, une valeur cr\u00e9atrice d'optimisme Les professionnels de la plan\u00e8te \u00e9conomique admettent la solidit\u00e9 de la tendance haussi\u00e8re de l'or","breadcrumb":{"@id":"https:\/\/www.gold.fr\/news\/2011\/10\/03\/lor-une-valeur-creatrice-doptimisme\/#breadcrumb"},"inLanguage":"fr-FR","potentialAction":[{"@type":"ReadAction","target":["https:\/\/www.gold.fr\/news\/2011\/10\/03\/lor-une-valeur-creatrice-doptimisme\/"]}]},{"@type":"ImageObject","inLanguage":"fr-FR","@id":"https:\/\/www.gold.fr\/news\/2011\/10\/03\/lor-une-valeur-creatrice-doptimisme\/#primaryimage","url":"https:\/\/www.gold.fr\/news\/wp-content\/uploads\/2011\/10\/or-pi\u00e8ces.jpg","contentUrl":"https:\/\/www.gold.fr\/news\/wp-content\/uploads\/2011\/10\/or-pi\u00e8ces.jpg","width":"600","height":"429","caption":"or-pi\u00e8ces"},{"@type":"BreadcrumbList","@id":"https:\/\/www.gold.fr\/news\/2011\/10\/03\/lor-une-valeur-creatrice-doptimisme\/#breadcrumb","itemListElement":[{"@type":"ListItem","position":1,"name":"Accueil","item":"https:\/\/www.gold.fr\/"},{"@type":"ListItem","position":2,"name":"Actualit\u00e9s","item":"https:\/\/www.gold.fr\/news\/"},{"@type":"ListItem","position":3,"name":"L\u2019or \u2013 Une valeur \u00ab\u00a0cr\u00e9atrice\u00a0\u00bb d\u2019optimisme"}]},{"@type":"WebSite","@id":"https:\/\/www.gold.fr\/news\/#website","url":"https:\/\/www.gold.fr\/news\/","name":"Gold.fr","description":"Actualit\u00e9s de l&#039;Or et des m\u00e9taux pr\u00e9cieux","potentialAction":[{"@type":"SearchAction","target":{"@type":"EntryPoint","urlTemplate":"https:\/\/www.gold.fr\/news\/?s={search_term_string}"},"query-input":{"@type":"PropertyValueSpecification","valueRequired":true,"valueName":"search_term_string"}}],"inLanguage":"fr-FR"},{"@type":"Person","@id":"https:\/\/www.gold.fr\/news\/#\/schema\/person\/070491b4b4fb7671bf59b3be20302ce9","name":"Comptoir National de l'Or","image":{"@type":"ImageObject","inLanguage":"fr-FR","@id":"https:\/\/secure.gravatar.com\/avatar\/0a2867fd5abe37bed95d5a65e9d58f01756e11efc68af9888dfc50cfa7f65948?s=96&d=mm&r=gb490554db0a38188709de567aa58480d","url":"https:\/\/secure.gravatar.com\/avatar\/0a2867fd5abe37bed95d5a65e9d58f01756e11efc68af9888dfc50cfa7f65948?s=96&d=mm&r=g","contentUrl":"https:\/\/secure.gravatar.com\/avatar\/0a2867fd5abe37bed95d5a65e9d58f01756e11efc68af9888dfc50cfa7f65948?s=96&d=mm&r=g","caption":"Comptoir National de l'Or"},"description":"Notre r\u00e9daction est constitu\u00e9e de membres experts dans les m\u00e9tiers de l'\u00e9conomie et la gestion, des Responsables d'agence Comptoir National de l'Or, des analystes financiers qui publient r\u00e9guli\u00e8rement des \u00e9tudes sur les politiques des banques centrales, le cours de l'or, prix de l'or, cours de l'argent, prix de l'argent, cours du platine, cours du palladium,... la situation en zone euro et l'impact de la strat\u00e9gie mon\u00e9taire de la FED. Notre \u00e9quipe scrute \u00e9galement une information plus g\u00e9n\u00e9raliste \u00e0 la recherche d'actualit\u00e9 \"p\u00e9pite\" \u00e0 vous partager. Depuis 5 ans, nous avons publi\u00e9 un peu plus de 4000 articles qui s'adressent \u00e0 un public large et vari\u00e9 ayant pour objectif de satisfaire votre curiosit\u00e9 et de partager avec vous une certaine fascination pour le m\u00e9tal jaune, le rachat d'or, et pour ceux qui veulent investir dans l'or, vendre leur or tout simplement en savoir plus... Pour tous vos achat or et argent, n'h\u00e9sitez pas \u00e0 prendre rendez-vous dans l'un de nos nombreux comptoirs.","sameAs":["https:\/\/www.gold.fr"]}]}},"authors":[{"term_id":2565,"user_id":18,"is_guest":0,"slug":"julie","display_name":"Comptoir National de l'Or","avatar_url":"https:\/\/secure.gravatar.com\/avatar\/713f289e398d35ead876c4a4cc08607f0d6d266058cfc25683fffb6092d0e572?s=96&d=mm&r=g","0":null,"1":"","2":"","3":"","4":"","5":"","6":"","7":"","8":""}],"_links":{"self":[{"href":"https:\/\/www.gold.fr\/news\/wp-json\/wp\/v2\/posts\/2484","targetHints":{"allow":["GET"]}}],"collection":[{"href":"https:\/\/www.gold.fr\/news\/wp-json\/wp\/v2\/posts"}],"about":[{"href":"https:\/\/www.gold.fr\/news\/wp-json\/wp\/v2\/types\/post"}],"author":[{"embeddable":true,"href":"https:\/\/www.gold.fr\/news\/wp-json\/wp\/v2\/users\/18"}],"replies":[{"embeddable":true,"href":"https:\/\/www.gold.fr\/news\/wp-json\/wp\/v2\/comments?post=2484"}],"version-history":[{"count":0,"href":"https:\/\/www.gold.fr\/news\/wp-json\/wp\/v2\/posts\/2484\/revisions"}],"wp:featuredmedia":[{"embeddable":true,"href":"https:\/\/www.gold.fr\/news\/wp-json\/wp\/v2\/media\/4967"}],"wp:attachment":[{"href":"https:\/\/www.gold.fr\/news\/wp-json\/wp\/v2\/media?parent=2484"}],"wp:term":[{"taxonomy":"category","embeddable":true,"href":"https:\/\/www.gold.fr\/news\/wp-json\/wp\/v2\/categories?post=2484"},{"taxonomy":"post_tag","embeddable":true,"href":"https:\/\/www.gold.fr\/news\/wp-json\/wp\/v2\/tags?post=2484"},{"taxonomy":"author","embeddable":true,"href":"https:\/\/www.gold.fr\/news\/wp-json\/wp\/v2\/ppma_author?post=2484"}],"curies":[{"name":"wp","href":"https:\/\/api.w.org\/{rel}","templated":true}]}}