{"id":2418,"date":"2011-09-30T07:52:19","date_gmt":"2011-09-30T05:52:19","guid":{"rendered":"http:\/\/news.gold.fr\/?p=2418"},"modified":"2021-01-14T11:22:32","modified_gmt":"2021-01-14T10:22:32","slug":"leconomie-suisse-depend-de-ses-reserves-dor","status":"publish","type":"post","link":"https:\/\/www.gold.fr\/news\/2011\/09\/30\/leconomie-suisse-depend-de-ses-reserves-dor\/","title":{"rendered":"L\u2019\u00e9conomie suisse d\u00e9pend de ses r\u00e9serves d\u2019or\u2026"},"content":{"rendered":"<p style=\"text-align: justify;\"><span style=\"font-size: xx-large;\">C<\/span>&lsquo;est en tout cas ce qu&rsquo;affirment les analystes et experts suisses eux-m\u00eames. Ils traduisent ainsi leur profonde inqui\u00e9tude quant aux d\u00e9cisions prises par la BNS concernant les r\u00e9serves nationales en <a class=\"esk-seo-plu-link\" href=\"https:\/\/www.gold.fr\/news\/tags\/or\">m\u00e9tal jaune<\/a>.<\/p>\n<p style=\"text-align: justify;\">Il faut admettre que le jugement des dirigeants de la Banque Centrale helv\u00e9tique \u00e0 ce niveau laisse grandement \u00e0 d\u00e9sirer, surtout lorsqu&rsquo;on sait les records impressionnants r\u00e9ussis par l&rsquo;<a class=\"esk-seo-plu-link\" href=\"https:\/\/www.gold.fr\/news\/tags\/or\">or<\/a> depuis plus d&rsquo;une d\u00e9cennie. La Banque nationale a en effet vendu plus de la moiti\u00e9 de ses r\u00e9serves d&rsquo;<a class=\"esk-seo-plu-link\" href=\"https:\/\/www.gold.fr\/news\/tags\/or\">or<\/a> au cours des dix derni\u00e8res ann\u00e9es. Pas tr\u00e8s avis\u00e9e comme d\u00e9cision, si l&rsquo;on croit le conseiller national Luzi Stamm (AG) qui juge que l&rsquo;initiative de l&rsquo;UDC \u00ab <em>arrive au bon moment, car<strong><span style=\"text-decoration: underline;\"> le peuple suisse commence \u00e0 se rendre compte que ces <a href=\"https:\/\/www.gold.fr\/vente-or\/\">ventes d&rsquo;or<\/a> \u00e9taient une erreur<\/span><\/strong><\/em> \u00bb.<\/p>\n<p style=\"text-align: justify;\">Rappelons que l&rsquo;UDC avait r\u00e9cemment lanc\u00e9 l&rsquo;initiative \u00ab Il faut sauver l&rsquo;<a class=\"esk-seo-plu-link\" href=\"https:\/\/www.gold.fr\/news\/tags\/or\">or<\/a> suisse \u00bb, dont le principal but est d&#8217;emp\u00eacher les<a href=\"https:\/\/www.gold.fr\/vente-or\/\"> ventes d&rsquo;or<\/a> de la Banque nationale suisse (BNS).<\/p>\n<p style=\"text-align: justify;\">Oskar Freysinger, conseiller national valaisan, y apporte son propre grain de sel, appuyant l&rsquo;opinion de son homologue : \u00ab <em>La BNS a jug\u00e9 ses r\u00e9serves d&rsquo;<a class=\"esk-seo-plu-link\" href=\"https:\/\/www.gold.fr\/news\/tags\/or\">or<\/a> \u2018superflues&rsquo; et a commenc\u00e9 \u00e0 vendre \u00e0 vil prix ce patrimoine appartenant pour une grande part aux collectivit\u00e9s suisses<\/em> \u00bb. Et les critiques d&rsquo;experts fusent de toutes parts ; le conseiller national Lukas Reimann (SG) rench\u00e9rit, tout aussi r\u00e9probateur et jugeant que les r\u00e9serves d&rsquo;<a class=\"esk-seo-plu-link\" href=\"https:\/\/www.gold.fr\/news\/tags\/or\">or<\/a> repr\u00e9sentent la pierre angulaire de la marge de man\u0153uvre et de l&rsquo;ind\u00e9pendance helv\u00e9tique.<\/p>\n<!-- AddThis Advanced Settings generic via filter on the_content --><!-- AddThis Share Buttons generic via filter on the_content -->","protected":false},"excerpt":{"rendered":"<p>C&lsquo;est en tout cas ce qu&rsquo;affirment les analystes et experts suisses eux-m\u00eames. Ils traduisent ainsi leur profonde inqui\u00e9tude quant aux d\u00e9cisions prises par la BNS concernant les r\u00e9serves nationales en m\u00e9tal jaune. Il faut admettre que [&hellip;]<\/p>\n","protected":false},"author":18,"featured_media":0,"comment_status":"closed","ping_status":"closed","sticky":false,"template":"","format":"standard","meta":{"_mbp_gutenberg_autopost":false,"_pgmb_is_evergreen":false,"_pgmb_ap_template_id":0,"footnotes":""},"categories":[6],"tags":[1000,76,777],"ppma_author":[2565],"class_list":["post-2418","post","type-post","status-publish","format-standard","hentry","category-articles-de-presse","tag-economie","tag-or","tag-reserve-dor"],"yoast_head":"<!-- This site is optimized with the Yoast SEO plugin v27.5 - https:\/\/yoast.com\/product\/yoast-seo-wordpress\/ -->\n<title>L\u2019\u00e9conomie suisse d\u00e9pend de ses r\u00e9serves d\u2019or\u2026 - Gold.fr<\/title>\n<meta name=\"description\" content=\"L&#039;\u00e9conomie suisse d\u00e9pend des ses r\u00e9serves d&#039;or...Suivez le cours de l&#039;or, de l&#039;argent et d&#039;autres m\u00e9taux pr\u00e9cieux en direct sur Gold.fr. Le site d&#039;experts du Comptoir National de l&#039;Or.\" \/>\n<meta name=\"robots\" content=\"index, follow, max-snippet:-1, max-image-preview:large, max-video-preview:-1\" \/>\n<link rel=\"canonical\" href=\"https:\/\/www.gold.fr\/news\/2011\/09\/30\/leconomie-suisse-depend-de-ses-reserves-dor\/\" \/>\n<meta property=\"og:locale\" content=\"fr_FR\" \/>\n<meta property=\"og:type\" content=\"article\" \/>\n<meta property=\"og:title\" content=\"L\u2019\u00e9conomie suisse d\u00e9pend de ses r\u00e9serves d\u2019or\u2026 - Gold.fr\" \/>\n<meta property=\"og:description\" content=\"L&#039;\u00e9conomie suisse d\u00e9pend des ses r\u00e9serves d&#039;or...Suivez le cours de l&#039;or, de l&#039;argent et d&#039;autres m\u00e9taux pr\u00e9cieux en direct sur Gold.fr. Le site d&#039;experts du Comptoir National de l&#039;Or.\" \/>\n<meta property=\"og:url\" content=\"https:\/\/www.gold.fr\/news\/2011\/09\/30\/leconomie-suisse-depend-de-ses-reserves-dor\/\" \/>\n<meta property=\"og:site_name\" content=\"Gold.fr\" \/>\n<meta property=\"article:publisher\" content=\"https:\/\/www.facebook.com\/Goldfr\/\" \/>\n<meta property=\"article:published_time\" content=\"2011-09-30T05:52:19+00:00\" \/>\n<meta property=\"article:modified_time\" content=\"2021-01-14T10:22:32+00:00\" \/>\n<meta name=\"author\" content=\"Comptoir National de l&#039;Or\" \/>\n<meta name=\"twitter:card\" content=\"summary_large_image\" \/>\n<meta name=\"twitter:label1\" content=\"\u00c9crit par\" \/>\n\t<meta name=\"twitter:data1\" content=\"Comptoir National de l&#039;Or\" \/>\n\t<meta name=\"twitter:label2\" content=\"Dur\u00e9e de lecture estim\u00e9e\" \/>\n\t<meta name=\"twitter:data2\" content=\"1 minute\" \/>\n<script type=\"application\/ld+json\" class=\"yoast-schema-graph\">{\"@context\":\"https:\\\/\\\/schema.org\",\"@graph\":[{\"@type\":\"Article\",\"@id\":\"https:\\\/\\\/www.gold.fr\\\/news\\\/2011\\\/09\\\/30\\\/leconomie-suisse-depend-de-ses-reserves-dor\\\/#article\",\"isPartOf\":{\"@id\":\"https:\\\/\\\/www.gold.fr\\\/news\\\/2011\\\/09\\\/30\\\/leconomie-suisse-depend-de-ses-reserves-dor\\\/\"},\"author\":{\"name\":\"Comptoir National de l'Or\",\"@id\":\"https:\\\/\\\/www.gold.fr\\\/news\\\/#\\\/schema\\\/person\\\/070491b4b4fb7671bf59b3be20302ce9\"},\"headline\":\"L\u2019\u00e9conomie suisse d\u00e9pend de ses r\u00e9serves d\u2019or\u2026\",\"datePublished\":\"2011-09-30T05:52:19+00:00\",\"dateModified\":\"2021-01-14T10:22:32+00:00\",\"mainEntityOfPage\":{\"@id\":\"https:\\\/\\\/www.gold.fr\\\/news\\\/2011\\\/09\\\/30\\\/leconomie-suisse-depend-de-ses-reserves-dor\\\/\"},\"wordCount\":285,\"keywords\":[\"\u00e9conomie\",\"Or\",\"r\u00e9serve d\u2019or\"],\"articleSection\":[\"Articles de presse\"],\"inLanguage\":\"fr-FR\"},{\"@type\":\"WebPage\",\"@id\":\"https:\\\/\\\/www.gold.fr\\\/news\\\/2011\\\/09\\\/30\\\/leconomie-suisse-depend-de-ses-reserves-dor\\\/\",\"url\":\"https:\\\/\\\/www.gold.fr\\\/news\\\/2011\\\/09\\\/30\\\/leconomie-suisse-depend-de-ses-reserves-dor\\\/\",\"name\":\"L\u2019\u00e9conomie suisse d\u00e9pend de ses r\u00e9serves d\u2019or\u2026 - Gold.fr\",\"isPartOf\":{\"@id\":\"https:\\\/\\\/www.gold.fr\\\/news\\\/#website\"},\"datePublished\":\"2011-09-30T05:52:19+00:00\",\"dateModified\":\"2021-01-14T10:22:32+00:00\",\"author\":{\"@id\":\"https:\\\/\\\/www.gold.fr\\\/news\\\/#\\\/schema\\\/person\\\/070491b4b4fb7671bf59b3be20302ce9\"},\"description\":\"L'\u00e9conomie suisse d\u00e9pend des ses r\u00e9serves d'or...Suivez le cours de l'or, de l'argent et d'autres m\u00e9taux pr\u00e9cieux en direct sur Gold.fr. Le site d'experts du Comptoir National de l'Or.\",\"breadcrumb\":{\"@id\":\"https:\\\/\\\/www.gold.fr\\\/news\\\/2011\\\/09\\\/30\\\/leconomie-suisse-depend-de-ses-reserves-dor\\\/#breadcrumb\"},\"inLanguage\":\"fr-FR\",\"potentialAction\":[{\"@type\":\"ReadAction\",\"target\":[\"https:\\\/\\\/www.gold.fr\\\/news\\\/2011\\\/09\\\/30\\\/leconomie-suisse-depend-de-ses-reserves-dor\\\/\"]}]},{\"@type\":\"BreadcrumbList\",\"@id\":\"https:\\\/\\\/www.gold.fr\\\/news\\\/2011\\\/09\\\/30\\\/leconomie-suisse-depend-de-ses-reserves-dor\\\/#breadcrumb\",\"itemListElement\":[{\"@type\":\"ListItem\",\"position\":1,\"name\":\"Accueil\",\"item\":\"https:\\\/\\\/www.gold.fr\\\/\"},{\"@type\":\"ListItem\",\"position\":2,\"name\":\"Actualit\u00e9s\",\"item\":\"https:\\\/\\\/www.gold.fr\\\/news\\\/\"},{\"@type\":\"ListItem\",\"position\":3,\"name\":\"L\u2019\u00e9conomie suisse d\u00e9pend de ses r\u00e9serves d\u2019or\u2026\"}]},{\"@type\":\"WebSite\",\"@id\":\"https:\\\/\\\/www.gold.fr\\\/news\\\/#website\",\"url\":\"https:\\\/\\\/www.gold.fr\\\/news\\\/\",\"name\":\"Gold.fr\",\"description\":\"Actualit\u00e9s de l&#039;Or et des m\u00e9taux pr\u00e9cieux\",\"potentialAction\":[{\"@type\":\"SearchAction\",\"target\":{\"@type\":\"EntryPoint\",\"urlTemplate\":\"https:\\\/\\\/www.gold.fr\\\/news\\\/?s={search_term_string}\"},\"query-input\":{\"@type\":\"PropertyValueSpecification\",\"valueRequired\":true,\"valueName\":\"search_term_string\"}}],\"inLanguage\":\"fr-FR\"},{\"@type\":\"Person\",\"@id\":\"https:\\\/\\\/www.gold.fr\\\/news\\\/#\\\/schema\\\/person\\\/070491b4b4fb7671bf59b3be20302ce9\",\"name\":\"Comptoir National de l'Or\",\"image\":{\"@type\":\"ImageObject\",\"inLanguage\":\"fr-FR\",\"@id\":\"https:\\\/\\\/secure.gravatar.com\\\/avatar\\\/0a2867fd5abe37bed95d5a65e9d58f01756e11efc68af9888dfc50cfa7f65948?s=96&d=mm&r=gb490554db0a38188709de567aa58480d\",\"url\":\"https:\\\/\\\/secure.gravatar.com\\\/avatar\\\/0a2867fd5abe37bed95d5a65e9d58f01756e11efc68af9888dfc50cfa7f65948?s=96&d=mm&r=g\",\"contentUrl\":\"https:\\\/\\\/secure.gravatar.com\\\/avatar\\\/0a2867fd5abe37bed95d5a65e9d58f01756e11efc68af9888dfc50cfa7f65948?s=96&d=mm&r=g\",\"caption\":\"Comptoir National de l'Or\"},\"description\":\"Notre r\u00e9daction est constitu\u00e9e de membres experts dans les m\u00e9tiers de l'\u00e9conomie et la gestion, des Responsables d'agence Comptoir National de l'Or, des analystes financiers qui publient r\u00e9guli\u00e8rement des \u00e9tudes sur les politiques des banques centrales, le cours de l'or, prix de l'or, cours de l'argent, prix de l'argent, cours du platine, cours du palladium,... la situation en zone euro et l'impact de la strat\u00e9gie mon\u00e9taire de la FED. Notre \u00e9quipe scrute \u00e9galement une information plus g\u00e9n\u00e9raliste \u00e0 la recherche d'actualit\u00e9 \\\"p\u00e9pite\\\" \u00e0 vous partager. Depuis 5 ans, nous avons publi\u00e9 un peu plus de 4000 articles qui s'adressent \u00e0 un public large et vari\u00e9 ayant pour objectif de satisfaire votre curiosit\u00e9 et de partager avec vous une certaine fascination pour le m\u00e9tal jaune, le rachat d'or, et pour ceux qui veulent investir dans l'or, vendre leur or tout simplement en savoir plus... Pour tous vos achat or et argent, n'h\u00e9sitez pas \u00e0 prendre rendez-vous dans l'un de nos nombreux comptoirs.\",\"sameAs\":[\"https:\\\/\\\/www.gold.fr\"]}]}<\/script>\n<!-- \/ Yoast SEO plugin. -->","yoast_head_json":{"title":"L\u2019\u00e9conomie suisse d\u00e9pend de ses r\u00e9serves d\u2019or\u2026 - Gold.fr","description":"L'\u00e9conomie suisse d\u00e9pend des ses r\u00e9serves d'or...Suivez le cours de l'or, de l'argent et d'autres m\u00e9taux pr\u00e9cieux en direct sur Gold.fr. Le site d'experts du Comptoir National de l'Or.","robots":{"index":"index","follow":"follow","max-snippet":"max-snippet:-1","max-image-preview":"max-image-preview:large","max-video-preview":"max-video-preview:-1"},"canonical":"https:\/\/www.gold.fr\/news\/2011\/09\/30\/leconomie-suisse-depend-de-ses-reserves-dor\/","og_locale":"fr_FR","og_type":"article","og_title":"L\u2019\u00e9conomie suisse d\u00e9pend de ses r\u00e9serves d\u2019or\u2026 - Gold.fr","og_description":"L'\u00e9conomie suisse d\u00e9pend des ses r\u00e9serves d'or...Suivez le cours de l'or, de l'argent et d'autres m\u00e9taux pr\u00e9cieux en direct sur Gold.fr. Le site d'experts du Comptoir National de l'Or.","og_url":"https:\/\/www.gold.fr\/news\/2011\/09\/30\/leconomie-suisse-depend-de-ses-reserves-dor\/","og_site_name":"Gold.fr","article_publisher":"https:\/\/www.facebook.com\/Goldfr\/","article_published_time":"2011-09-30T05:52:19+00:00","article_modified_time":"2021-01-14T10:22:32+00:00","author":"Comptoir National de l'Or","twitter_card":"summary_large_image","twitter_misc":{"\u00c9crit par":"Comptoir National de l'Or","Dur\u00e9e de lecture estim\u00e9e":"1 minute"},"schema":{"@context":"https:\/\/schema.org","@graph":[{"@type":"Article","@id":"https:\/\/www.gold.fr\/news\/2011\/09\/30\/leconomie-suisse-depend-de-ses-reserves-dor\/#article","isPartOf":{"@id":"https:\/\/www.gold.fr\/news\/2011\/09\/30\/leconomie-suisse-depend-de-ses-reserves-dor\/"},"author":{"name":"Comptoir National de l'Or","@id":"https:\/\/www.gold.fr\/news\/#\/schema\/person\/070491b4b4fb7671bf59b3be20302ce9"},"headline":"L\u2019\u00e9conomie suisse d\u00e9pend de ses r\u00e9serves d\u2019or\u2026","datePublished":"2011-09-30T05:52:19+00:00","dateModified":"2021-01-14T10:22:32+00:00","mainEntityOfPage":{"@id":"https:\/\/www.gold.fr\/news\/2011\/09\/30\/leconomie-suisse-depend-de-ses-reserves-dor\/"},"wordCount":285,"keywords":["\u00e9conomie","Or","r\u00e9serve d\u2019or"],"articleSection":["Articles de presse"],"inLanguage":"fr-FR"},{"@type":"WebPage","@id":"https:\/\/www.gold.fr\/news\/2011\/09\/30\/leconomie-suisse-depend-de-ses-reserves-dor\/","url":"https:\/\/www.gold.fr\/news\/2011\/09\/30\/leconomie-suisse-depend-de-ses-reserves-dor\/","name":"L\u2019\u00e9conomie suisse d\u00e9pend de ses r\u00e9serves d\u2019or\u2026 - Gold.fr","isPartOf":{"@id":"https:\/\/www.gold.fr\/news\/#website"},"datePublished":"2011-09-30T05:52:19+00:00","dateModified":"2021-01-14T10:22:32+00:00","author":{"@id":"https:\/\/www.gold.fr\/news\/#\/schema\/person\/070491b4b4fb7671bf59b3be20302ce9"},"description":"L'\u00e9conomie suisse d\u00e9pend des ses r\u00e9serves d'or...Suivez le cours de l'or, de l'argent et d'autres m\u00e9taux pr\u00e9cieux en direct sur Gold.fr. Le site d'experts du Comptoir National de l'Or.","breadcrumb":{"@id":"https:\/\/www.gold.fr\/news\/2011\/09\/30\/leconomie-suisse-depend-de-ses-reserves-dor\/#breadcrumb"},"inLanguage":"fr-FR","potentialAction":[{"@type":"ReadAction","target":["https:\/\/www.gold.fr\/news\/2011\/09\/30\/leconomie-suisse-depend-de-ses-reserves-dor\/"]}]},{"@type":"BreadcrumbList","@id":"https:\/\/www.gold.fr\/news\/2011\/09\/30\/leconomie-suisse-depend-de-ses-reserves-dor\/#breadcrumb","itemListElement":[{"@type":"ListItem","position":1,"name":"Accueil","item":"https:\/\/www.gold.fr\/"},{"@type":"ListItem","position":2,"name":"Actualit\u00e9s","item":"https:\/\/www.gold.fr\/news\/"},{"@type":"ListItem","position":3,"name":"L\u2019\u00e9conomie suisse d\u00e9pend de ses r\u00e9serves d\u2019or\u2026"}]},{"@type":"WebSite","@id":"https:\/\/www.gold.fr\/news\/#website","url":"https:\/\/www.gold.fr\/news\/","name":"Gold.fr","description":"Actualit\u00e9s de l&#039;Or et des m\u00e9taux pr\u00e9cieux","potentialAction":[{"@type":"SearchAction","target":{"@type":"EntryPoint","urlTemplate":"https:\/\/www.gold.fr\/news\/?s={search_term_string}"},"query-input":{"@type":"PropertyValueSpecification","valueRequired":true,"valueName":"search_term_string"}}],"inLanguage":"fr-FR"},{"@type":"Person","@id":"https:\/\/www.gold.fr\/news\/#\/schema\/person\/070491b4b4fb7671bf59b3be20302ce9","name":"Comptoir National de l'Or","image":{"@type":"ImageObject","inLanguage":"fr-FR","@id":"https:\/\/secure.gravatar.com\/avatar\/0a2867fd5abe37bed95d5a65e9d58f01756e11efc68af9888dfc50cfa7f65948?s=96&d=mm&r=gb490554db0a38188709de567aa58480d","url":"https:\/\/secure.gravatar.com\/avatar\/0a2867fd5abe37bed95d5a65e9d58f01756e11efc68af9888dfc50cfa7f65948?s=96&d=mm&r=g","contentUrl":"https:\/\/secure.gravatar.com\/avatar\/0a2867fd5abe37bed95d5a65e9d58f01756e11efc68af9888dfc50cfa7f65948?s=96&d=mm&r=g","caption":"Comptoir National de l'Or"},"description":"Notre r\u00e9daction est constitu\u00e9e de membres experts dans les m\u00e9tiers de l'\u00e9conomie et la gestion, des Responsables d'agence Comptoir National de l'Or, des analystes financiers qui publient r\u00e9guli\u00e8rement des \u00e9tudes sur les politiques des banques centrales, le cours de l'or, prix de l'or, cours de l'argent, prix de l'argent, cours du platine, cours du palladium,... la situation en zone euro et l'impact de la strat\u00e9gie mon\u00e9taire de la FED. Notre \u00e9quipe scrute \u00e9galement une information plus g\u00e9n\u00e9raliste \u00e0 la recherche d'actualit\u00e9 \"p\u00e9pite\" \u00e0 vous partager. Depuis 5 ans, nous avons publi\u00e9 un peu plus de 4000 articles qui s'adressent \u00e0 un public large et vari\u00e9 ayant pour objectif de satisfaire votre curiosit\u00e9 et de partager avec vous une certaine fascination pour le m\u00e9tal jaune, le rachat d'or, et pour ceux qui veulent investir dans l'or, vendre leur or tout simplement en savoir plus... Pour tous vos achat or et argent, n'h\u00e9sitez pas \u00e0 prendre rendez-vous dans l'un de nos nombreux comptoirs.","sameAs":["https:\/\/www.gold.fr"]}]}},"authors":[{"term_id":2565,"user_id":18,"is_guest":0,"slug":"julie","display_name":"Comptoir National de l'Or","avatar_url":"https:\/\/secure.gravatar.com\/avatar\/713f289e398d35ead876c4a4cc08607f0d6d266058cfc25683fffb6092d0e572?s=96&d=mm&r=g","0":null,"1":"","2":"","3":"","4":"","5":"","6":"","7":"","8":""}],"_links":{"self":[{"href":"https:\/\/www.gold.fr\/news\/wp-json\/wp\/v2\/posts\/2418","targetHints":{"allow":["GET"]}}],"collection":[{"href":"https:\/\/www.gold.fr\/news\/wp-json\/wp\/v2\/posts"}],"about":[{"href":"https:\/\/www.gold.fr\/news\/wp-json\/wp\/v2\/types\/post"}],"author":[{"embeddable":true,"href":"https:\/\/www.gold.fr\/news\/wp-json\/wp\/v2\/users\/18"}],"replies":[{"embeddable":true,"href":"https:\/\/www.gold.fr\/news\/wp-json\/wp\/v2\/comments?post=2418"}],"version-history":[{"count":0,"href":"https:\/\/www.gold.fr\/news\/wp-json\/wp\/v2\/posts\/2418\/revisions"}],"wp:attachment":[{"href":"https:\/\/www.gold.fr\/news\/wp-json\/wp\/v2\/media?parent=2418"}],"wp:term":[{"taxonomy":"category","embeddable":true,"href":"https:\/\/www.gold.fr\/news\/wp-json\/wp\/v2\/categories?post=2418"},{"taxonomy":"post_tag","embeddable":true,"href":"https:\/\/www.gold.fr\/news\/wp-json\/wp\/v2\/tags?post=2418"},{"taxonomy":"author","embeddable":true,"href":"https:\/\/www.gold.fr\/news\/wp-json\/wp\/v2\/ppma_author?post=2418"}],"curies":[{"name":"wp","href":"https:\/\/api.w.org\/{rel}","templated":true}]}}