{"id":21873,"date":"2017-09-21T13:00:32","date_gmt":"2017-09-21T11:00:32","guid":{"rendered":"https:\/\/www.gold.fr\/news\/?p=21873"},"modified":"2021-01-11T16:16:53","modified_gmt":"2021-01-11T15:16:53","slug":"cours-de-lor-du-jeudi-21-septembre-2017","status":"publish","type":"post","link":"https:\/\/www.gold.fr\/news\/2017\/09\/21\/cours-de-lor-du-jeudi-21-septembre-2017\/","title":{"rendered":"Cours de l\u2019or du jeudi 21 septembre 2017"},"content":{"rendered":"<p><img loading=\"lazy\" decoding=\"async\" class=\"alignleft wp-image-15523 size-thumbnail\" title=\"Cours de l\u2019or du jeudi 21 septembre 2017\" src=\"https:\/\/www.gold.fr\/news\/wp-content\/uploads\/2014\/09\/Achats-or-BC-150x150.jpg\" alt=\"Cours de l\u2019or du jeudi 21 septembre 2017\" width=\"150\" height=\"150\" \/>Le d\u00e9but de la s\u00e9ance d&rsquo;aujourd&rsquo;hui a \u00e9t\u00e9 plut\u00f4t positif. Les principaux march\u00e9s financiers europ\u00e9ens semblent bien r\u00e9agir \u00e0 la r\u00e9union organis\u00e9e par la R\u00e9serve f\u00e9d\u00e9rale am\u00e9ricaine. De ce fait, <strong>le CAC 40<\/strong> affiche un gain de <strong>0,4 %<\/strong> ainsi qu&rsquo;un niveau \u00e0 5.265 points. Du c\u00f4t\u00e9 du march\u00e9 financier am\u00e9ricain, <strong>le Dow Jones<\/strong> avance de <strong>0,2 %<\/strong> pour un niveau \u00e0 22.412,6 points alors que <strong>le Nasdaq<\/strong> Composite accuse un recul de <strong>0,1 %<\/strong> \u00e0 6.456 points.    Par ailleurs, c&rsquo;est sans surprise que la Banque centrale am\u00e9ricaine proc\u00e8de \u00e0 l&rsquo;abaissement de ses taux de change. Elle a aussi annonc\u00e9 lors de la r\u00e9union, le d\u00e9but du processus de d\u00e9nouement de son bilan d&rsquo;une valeur de <strong>4,5 trillions de dollars<\/strong>. Cette initiative prendra effet \u00e0 partir du d\u00e9but du mois d&rsquo;octobre 2017. En plus, <strong>la Fed<\/strong> annonce que les estimations actuelles privil\u00e9gient une nouvelle hausse au niveau des principaux taux directeurs d&rsquo;ici la fin de l&rsquo;ann\u00e9e ainsi que trois autres durant l&rsquo;ann\u00e9e 2018.    Dans ce contexte, le m\u00e9tal jaune continue \u00e0 \u00eatre dans le rouge et affiche en ce <strong>jeudi 21 septembre 2017<\/strong> une variation n\u00e9gative de <strong>0,35 %<\/strong> ainsi qu&rsquo;un <a href=\"https:\/\/www.gold.fr\/cours-or-prix-de-l-or\/\" target=\"_blank\" rel=\"noopener noreferrer\">cours<\/a> d&rsquo;ouverture de <strong>1.299,10 dollars<\/strong> <a href=\"https:\/\/www.gold.fr\/once-or-nyc\/\" target=\"_blank\" rel=\"noopener noreferrer\">l\u2019once<\/a>.<\/p>\n<!-- AddThis Advanced Settings generic via filter on the_content --><!-- AddThis Share Buttons generic via filter on the_content -->","protected":false},"excerpt":{"rendered":"<p>Le d\u00e9but de la s\u00e9ance d&rsquo;aujourd&rsquo;hui a \u00e9t\u00e9 plut\u00f4t positif. Les principaux march\u00e9s financiers europ\u00e9ens semblent bien r\u00e9agir \u00e0 la r\u00e9union organis\u00e9e par la R\u00e9serve f\u00e9d\u00e9rale am\u00e9ricaine. De ce fait, le CAC 40 affiche un gain [&hellip;]<\/p>\n","protected":false},"author":18,"featured_media":31146,"comment_status":"closed","ping_status":"closed","sticky":false,"template":"","format":"standard","meta":{"_mbp_gutenberg_autopost":false,"_pgmb_is_evergreen":false,"_pgmb_ap_template_id":0,"footnotes":""},"categories":[5],"tags":[84],"ppma_author":[2565],"class_list":["post-21873","post","type-post","status-publish","format-standard","has-post-thumbnail","hentry","category-flash-infos","tag-cours-de-lor"],"yoast_head":"<!-- This site is optimized with the Yoast SEO plugin v27.5 - https:\/\/yoast.com\/product\/yoast-seo-wordpress\/ -->\n<title>Cours de l\u2019or du jeudi 21 septembre 2017 - Gold.fr<\/title>\n<meta name=\"robots\" content=\"index, follow, max-snippet:-1, max-image-preview:large, max-video-preview:-1\" \/>\n<link rel=\"canonical\" href=\"https:\/\/www.gold.fr\/news\/2017\/09\/21\/cours-de-lor-du-jeudi-21-septembre-2017\/\" \/>\n<meta property=\"og:locale\" content=\"fr_FR\" \/>\n<meta property=\"og:type\" content=\"article\" \/>\n<meta property=\"og:title\" content=\"Cours de l\u2019or du jeudi 21 septembre 2017 - Gold.fr\" \/>\n<meta property=\"og:description\" content=\"Le d\u00e9but de la s\u00e9ance d&rsquo;aujourd&rsquo;hui a \u00e9t\u00e9 plut\u00f4t positif. Les principaux march\u00e9s financiers europ\u00e9ens semblent bien r\u00e9agir \u00e0 la r\u00e9union organis\u00e9e par la R\u00e9serve f\u00e9d\u00e9rale am\u00e9ricaine. De ce fait, le CAC 40 affiche un gain [&hellip;]\" \/>\n<meta property=\"og:url\" content=\"https:\/\/www.gold.fr\/news\/2017\/09\/21\/cours-de-lor-du-jeudi-21-septembre-2017\/\" \/>\n<meta property=\"og:site_name\" content=\"Gold.fr\" \/>\n<meta property=\"article:publisher\" content=\"https:\/\/www.facebook.com\/Goldfr\/\" \/>\n<meta property=\"article:published_time\" content=\"2017-09-21T11:00:32+00:00\" \/>\n<meta property=\"article:modified_time\" content=\"2021-01-11T15:16:53+00:00\" \/>\n<meta property=\"og:image\" content=\"https:\/\/www.gold.fr\/news\/wp-content\/uploads\/2017\/09\/Achats-or-BC.jpg\" \/>\n\t<meta property=\"og:image:width\" content=\"750\" \/>\n\t<meta property=\"og:image:height\" content=\"637\" \/>\n\t<meta property=\"og:image:type\" content=\"image\/jpeg\" \/>\n<meta name=\"author\" content=\"Comptoir National de l&#039;Or\" \/>\n<meta name=\"twitter:card\" content=\"summary_large_image\" \/>\n<meta name=\"twitter:label1\" content=\"\u00c9crit par\" \/>\n\t<meta name=\"twitter:data1\" content=\"Comptoir National de l&#039;Or\" \/>\n\t<meta name=\"twitter:label2\" content=\"Dur\u00e9e de lecture estim\u00e9e\" \/>\n\t<meta name=\"twitter:data2\" content=\"1 minute\" \/>\n<script type=\"application\/ld+json\" class=\"yoast-schema-graph\">{\"@context\":\"https:\\\/\\\/schema.org\",\"@graph\":[{\"@type\":\"Article\",\"@id\":\"https:\\\/\\\/www.gold.fr\\\/news\\\/2017\\\/09\\\/21\\\/cours-de-lor-du-jeudi-21-septembre-2017\\\/#article\",\"isPartOf\":{\"@id\":\"https:\\\/\\\/www.gold.fr\\\/news\\\/2017\\\/09\\\/21\\\/cours-de-lor-du-jeudi-21-septembre-2017\\\/\"},\"author\":{\"name\":\"Comptoir National de l'Or\",\"@id\":\"https:\\\/\\\/www.gold.fr\\\/news\\\/#\\\/schema\\\/person\\\/070491b4b4fb7671bf59b3be20302ce9\"},\"headline\":\"Cours de l\u2019or du jeudi 21 septembre 2017\",\"datePublished\":\"2017-09-21T11:00:32+00:00\",\"dateModified\":\"2021-01-11T15:16:53+00:00\",\"mainEntityOfPage\":{\"@id\":\"https:\\\/\\\/www.gold.fr\\\/news\\\/2017\\\/09\\\/21\\\/cours-de-lor-du-jeudi-21-septembre-2017\\\/\"},\"wordCount\":217,\"image\":{\"@id\":\"https:\\\/\\\/www.gold.fr\\\/news\\\/2017\\\/09\\\/21\\\/cours-de-lor-du-jeudi-21-septembre-2017\\\/#primaryimage\"},\"thumbnailUrl\":\"https:\\\/\\\/www.gold.fr\\\/news\\\/wp-content\\\/uploads\\\/2017\\\/09\\\/Achats-or-BC.jpg\",\"keywords\":[\"Tout Cours de l'Or\"],\"articleSection\":[\"Flash infos\"],\"inLanguage\":\"fr-FR\"},{\"@type\":\"WebPage\",\"@id\":\"https:\\\/\\\/www.gold.fr\\\/news\\\/2017\\\/09\\\/21\\\/cours-de-lor-du-jeudi-21-septembre-2017\\\/\",\"url\":\"https:\\\/\\\/www.gold.fr\\\/news\\\/2017\\\/09\\\/21\\\/cours-de-lor-du-jeudi-21-septembre-2017\\\/\",\"name\":\"Cours de l\u2019or du jeudi 21 septembre 2017 - Gold.fr\",\"isPartOf\":{\"@id\":\"https:\\\/\\\/www.gold.fr\\\/news\\\/#website\"},\"primaryImageOfPage\":{\"@id\":\"https:\\\/\\\/www.gold.fr\\\/news\\\/2017\\\/09\\\/21\\\/cours-de-lor-du-jeudi-21-septembre-2017\\\/#primaryimage\"},\"image\":{\"@id\":\"https:\\\/\\\/www.gold.fr\\\/news\\\/2017\\\/09\\\/21\\\/cours-de-lor-du-jeudi-21-septembre-2017\\\/#primaryimage\"},\"thumbnailUrl\":\"https:\\\/\\\/www.gold.fr\\\/news\\\/wp-content\\\/uploads\\\/2017\\\/09\\\/Achats-or-BC.jpg\",\"datePublished\":\"2017-09-21T11:00:32+00:00\",\"dateModified\":\"2021-01-11T15:16:53+00:00\",\"author\":{\"@id\":\"https:\\\/\\\/www.gold.fr\\\/news\\\/#\\\/schema\\\/person\\\/070491b4b4fb7671bf59b3be20302ce9\"},\"breadcrumb\":{\"@id\":\"https:\\\/\\\/www.gold.fr\\\/news\\\/2017\\\/09\\\/21\\\/cours-de-lor-du-jeudi-21-septembre-2017\\\/#breadcrumb\"},\"inLanguage\":\"fr-FR\",\"potentialAction\":[{\"@type\":\"ReadAction\",\"target\":[\"https:\\\/\\\/www.gold.fr\\\/news\\\/2017\\\/09\\\/21\\\/cours-de-lor-du-jeudi-21-septembre-2017\\\/\"]}]},{\"@type\":\"ImageObject\",\"inLanguage\":\"fr-FR\",\"@id\":\"https:\\\/\\\/www.gold.fr\\\/news\\\/2017\\\/09\\\/21\\\/cours-de-lor-du-jeudi-21-septembre-2017\\\/#primaryimage\",\"url\":\"https:\\\/\\\/www.gold.fr\\\/news\\\/wp-content\\\/uploads\\\/2017\\\/09\\\/Achats-or-BC.jpg\",\"contentUrl\":\"https:\\\/\\\/www.gold.fr\\\/news\\\/wp-content\\\/uploads\\\/2017\\\/09\\\/Achats-or-BC.jpg\",\"width\":750,\"height\":637,\"caption\":\"Cours de l\u2019or\"},{\"@type\":\"BreadcrumbList\",\"@id\":\"https:\\\/\\\/www.gold.fr\\\/news\\\/2017\\\/09\\\/21\\\/cours-de-lor-du-jeudi-21-septembre-2017\\\/#breadcrumb\",\"itemListElement\":[{\"@type\":\"ListItem\",\"position\":1,\"name\":\"Accueil\",\"item\":\"https:\\\/\\\/www.gold.fr\\\/\"},{\"@type\":\"ListItem\",\"position\":2,\"name\":\"Actualit\u00e9s\",\"item\":\"https:\\\/\\\/www.gold.fr\\\/news\\\/\"},{\"@type\":\"ListItem\",\"position\":3,\"name\":\"Cours de l\u2019or du jeudi 21 septembre 2017\"}]},{\"@type\":\"WebSite\",\"@id\":\"https:\\\/\\\/www.gold.fr\\\/news\\\/#website\",\"url\":\"https:\\\/\\\/www.gold.fr\\\/news\\\/\",\"name\":\"Gold.fr\",\"description\":\"Actualit\u00e9s de l&#039;Or et des m\u00e9taux pr\u00e9cieux\",\"potentialAction\":[{\"@type\":\"SearchAction\",\"target\":{\"@type\":\"EntryPoint\",\"urlTemplate\":\"https:\\\/\\\/www.gold.fr\\\/news\\\/?s={search_term_string}\"},\"query-input\":{\"@type\":\"PropertyValueSpecification\",\"valueRequired\":true,\"valueName\":\"search_term_string\"}}],\"inLanguage\":\"fr-FR\"},{\"@type\":\"Person\",\"@id\":\"https:\\\/\\\/www.gold.fr\\\/news\\\/#\\\/schema\\\/person\\\/070491b4b4fb7671bf59b3be20302ce9\",\"name\":\"Comptoir National de l'Or\",\"image\":{\"@type\":\"ImageObject\",\"inLanguage\":\"fr-FR\",\"@id\":\"https:\\\/\\\/secure.gravatar.com\\\/avatar\\\/0a2867fd5abe37bed95d5a65e9d58f01756e11efc68af9888dfc50cfa7f65948?s=96&d=mm&r=gb490554db0a38188709de567aa58480d\",\"url\":\"https:\\\/\\\/secure.gravatar.com\\\/avatar\\\/0a2867fd5abe37bed95d5a65e9d58f01756e11efc68af9888dfc50cfa7f65948?s=96&d=mm&r=g\",\"contentUrl\":\"https:\\\/\\\/secure.gravatar.com\\\/avatar\\\/0a2867fd5abe37bed95d5a65e9d58f01756e11efc68af9888dfc50cfa7f65948?s=96&d=mm&r=g\",\"caption\":\"Comptoir National de l'Or\"},\"description\":\"Notre r\u00e9daction est constitu\u00e9e de membres experts dans les m\u00e9tiers de l'\u00e9conomie et la gestion, des Responsables d'agence Comptoir National de l'Or, des analystes financiers qui publient r\u00e9guli\u00e8rement des \u00e9tudes sur les politiques des banques centrales, le cours de l'or, prix de l'or, cours de l'argent, prix de l'argent, cours du platine, cours du palladium,... la situation en zone euro et l'impact de la strat\u00e9gie mon\u00e9taire de la FED. Notre \u00e9quipe scrute \u00e9galement une information plus g\u00e9n\u00e9raliste \u00e0 la recherche d'actualit\u00e9 \\\"p\u00e9pite\\\" \u00e0 vous partager. Depuis 5 ans, nous avons publi\u00e9 un peu plus de 4000 articles qui s'adressent \u00e0 un public large et vari\u00e9 ayant pour objectif de satisfaire votre curiosit\u00e9 et de partager avec vous une certaine fascination pour le m\u00e9tal jaune, le rachat d'or, et pour ceux qui veulent investir dans l'or, vendre leur or tout simplement en savoir plus... Pour tous vos achat or et argent, n'h\u00e9sitez pas \u00e0 prendre rendez-vous dans l'un de nos nombreux comptoirs.\",\"sameAs\":[\"https:\\\/\\\/www.gold.fr\"]}]}<\/script>\n<!-- \/ Yoast SEO plugin. -->","yoast_head_json":{"title":"Cours de l\u2019or du jeudi 21 septembre 2017 - Gold.fr","robots":{"index":"index","follow":"follow","max-snippet":"max-snippet:-1","max-image-preview":"max-image-preview:large","max-video-preview":"max-video-preview:-1"},"canonical":"https:\/\/www.gold.fr\/news\/2017\/09\/21\/cours-de-lor-du-jeudi-21-septembre-2017\/","og_locale":"fr_FR","og_type":"article","og_title":"Cours de l\u2019or du jeudi 21 septembre 2017 - Gold.fr","og_description":"Le d\u00e9but de la s\u00e9ance d&rsquo;aujourd&rsquo;hui a \u00e9t\u00e9 plut\u00f4t positif. Les principaux march\u00e9s financiers europ\u00e9ens semblent bien r\u00e9agir \u00e0 la r\u00e9union organis\u00e9e par la R\u00e9serve f\u00e9d\u00e9rale am\u00e9ricaine. De ce fait, le CAC 40 affiche un gain [&hellip;]","og_url":"https:\/\/www.gold.fr\/news\/2017\/09\/21\/cours-de-lor-du-jeudi-21-septembre-2017\/","og_site_name":"Gold.fr","article_publisher":"https:\/\/www.facebook.com\/Goldfr\/","article_published_time":"2017-09-21T11:00:32+00:00","article_modified_time":"2021-01-11T15:16:53+00:00","og_image":[{"width":750,"height":637,"url":"https:\/\/www.gold.fr\/news\/wp-content\/uploads\/2017\/09\/Achats-or-BC.jpg","type":"image\/jpeg"}],"author":"Comptoir National de l'Or","twitter_card":"summary_large_image","twitter_misc":{"\u00c9crit par":"Comptoir National de l'Or","Dur\u00e9e de lecture estim\u00e9e":"1 minute"},"schema":{"@context":"https:\/\/schema.org","@graph":[{"@type":"Article","@id":"https:\/\/www.gold.fr\/news\/2017\/09\/21\/cours-de-lor-du-jeudi-21-septembre-2017\/#article","isPartOf":{"@id":"https:\/\/www.gold.fr\/news\/2017\/09\/21\/cours-de-lor-du-jeudi-21-septembre-2017\/"},"author":{"name":"Comptoir National de l'Or","@id":"https:\/\/www.gold.fr\/news\/#\/schema\/person\/070491b4b4fb7671bf59b3be20302ce9"},"headline":"Cours de l\u2019or du jeudi 21 septembre 2017","datePublished":"2017-09-21T11:00:32+00:00","dateModified":"2021-01-11T15:16:53+00:00","mainEntityOfPage":{"@id":"https:\/\/www.gold.fr\/news\/2017\/09\/21\/cours-de-lor-du-jeudi-21-septembre-2017\/"},"wordCount":217,"image":{"@id":"https:\/\/www.gold.fr\/news\/2017\/09\/21\/cours-de-lor-du-jeudi-21-septembre-2017\/#primaryimage"},"thumbnailUrl":"https:\/\/www.gold.fr\/news\/wp-content\/uploads\/2017\/09\/Achats-or-BC.jpg","keywords":["Tout Cours de l'Or"],"articleSection":["Flash infos"],"inLanguage":"fr-FR"},{"@type":"WebPage","@id":"https:\/\/www.gold.fr\/news\/2017\/09\/21\/cours-de-lor-du-jeudi-21-septembre-2017\/","url":"https:\/\/www.gold.fr\/news\/2017\/09\/21\/cours-de-lor-du-jeudi-21-septembre-2017\/","name":"Cours de l\u2019or du jeudi 21 septembre 2017 - Gold.fr","isPartOf":{"@id":"https:\/\/www.gold.fr\/news\/#website"},"primaryImageOfPage":{"@id":"https:\/\/www.gold.fr\/news\/2017\/09\/21\/cours-de-lor-du-jeudi-21-septembre-2017\/#primaryimage"},"image":{"@id":"https:\/\/www.gold.fr\/news\/2017\/09\/21\/cours-de-lor-du-jeudi-21-septembre-2017\/#primaryimage"},"thumbnailUrl":"https:\/\/www.gold.fr\/news\/wp-content\/uploads\/2017\/09\/Achats-or-BC.jpg","datePublished":"2017-09-21T11:00:32+00:00","dateModified":"2021-01-11T15:16:53+00:00","author":{"@id":"https:\/\/www.gold.fr\/news\/#\/schema\/person\/070491b4b4fb7671bf59b3be20302ce9"},"breadcrumb":{"@id":"https:\/\/www.gold.fr\/news\/2017\/09\/21\/cours-de-lor-du-jeudi-21-septembre-2017\/#breadcrumb"},"inLanguage":"fr-FR","potentialAction":[{"@type":"ReadAction","target":["https:\/\/www.gold.fr\/news\/2017\/09\/21\/cours-de-lor-du-jeudi-21-septembre-2017\/"]}]},{"@type":"ImageObject","inLanguage":"fr-FR","@id":"https:\/\/www.gold.fr\/news\/2017\/09\/21\/cours-de-lor-du-jeudi-21-septembre-2017\/#primaryimage","url":"https:\/\/www.gold.fr\/news\/wp-content\/uploads\/2017\/09\/Achats-or-BC.jpg","contentUrl":"https:\/\/www.gold.fr\/news\/wp-content\/uploads\/2017\/09\/Achats-or-BC.jpg","width":750,"height":637,"caption":"Cours de l\u2019or"},{"@type":"BreadcrumbList","@id":"https:\/\/www.gold.fr\/news\/2017\/09\/21\/cours-de-lor-du-jeudi-21-septembre-2017\/#breadcrumb","itemListElement":[{"@type":"ListItem","position":1,"name":"Accueil","item":"https:\/\/www.gold.fr\/"},{"@type":"ListItem","position":2,"name":"Actualit\u00e9s","item":"https:\/\/www.gold.fr\/news\/"},{"@type":"ListItem","position":3,"name":"Cours de l\u2019or du jeudi 21 septembre 2017"}]},{"@type":"WebSite","@id":"https:\/\/www.gold.fr\/news\/#website","url":"https:\/\/www.gold.fr\/news\/","name":"Gold.fr","description":"Actualit\u00e9s de l&#039;Or et des m\u00e9taux pr\u00e9cieux","potentialAction":[{"@type":"SearchAction","target":{"@type":"EntryPoint","urlTemplate":"https:\/\/www.gold.fr\/news\/?s={search_term_string}"},"query-input":{"@type":"PropertyValueSpecification","valueRequired":true,"valueName":"search_term_string"}}],"inLanguage":"fr-FR"},{"@type":"Person","@id":"https:\/\/www.gold.fr\/news\/#\/schema\/person\/070491b4b4fb7671bf59b3be20302ce9","name":"Comptoir National de l'Or","image":{"@type":"ImageObject","inLanguage":"fr-FR","@id":"https:\/\/secure.gravatar.com\/avatar\/0a2867fd5abe37bed95d5a65e9d58f01756e11efc68af9888dfc50cfa7f65948?s=96&d=mm&r=gb490554db0a38188709de567aa58480d","url":"https:\/\/secure.gravatar.com\/avatar\/0a2867fd5abe37bed95d5a65e9d58f01756e11efc68af9888dfc50cfa7f65948?s=96&d=mm&r=g","contentUrl":"https:\/\/secure.gravatar.com\/avatar\/0a2867fd5abe37bed95d5a65e9d58f01756e11efc68af9888dfc50cfa7f65948?s=96&d=mm&r=g","caption":"Comptoir National de l'Or"},"description":"Notre r\u00e9daction est constitu\u00e9e de membres experts dans les m\u00e9tiers de l'\u00e9conomie et la gestion, des Responsables d'agence Comptoir National de l'Or, des analystes financiers qui publient r\u00e9guli\u00e8rement des \u00e9tudes sur les politiques des banques centrales, le cours de l'or, prix de l'or, cours de l'argent, prix de l'argent, cours du platine, cours du palladium,... la situation en zone euro et l'impact de la strat\u00e9gie mon\u00e9taire de la FED. Notre \u00e9quipe scrute \u00e9galement une information plus g\u00e9n\u00e9raliste \u00e0 la recherche d'actualit\u00e9 \"p\u00e9pite\" \u00e0 vous partager. Depuis 5 ans, nous avons publi\u00e9 un peu plus de 4000 articles qui s'adressent \u00e0 un public large et vari\u00e9 ayant pour objectif de satisfaire votre curiosit\u00e9 et de partager avec vous une certaine fascination pour le m\u00e9tal jaune, le rachat d'or, et pour ceux qui veulent investir dans l'or, vendre leur or tout simplement en savoir plus... Pour tous vos achat or et argent, n'h\u00e9sitez pas \u00e0 prendre rendez-vous dans l'un de nos nombreux comptoirs.","sameAs":["https:\/\/www.gold.fr"]}]}},"authors":[{"term_id":2565,"user_id":18,"is_guest":0,"slug":"julie","display_name":"Comptoir National de l'Or","avatar_url":"https:\/\/secure.gravatar.com\/avatar\/713f289e398d35ead876c4a4cc08607f0d6d266058cfc25683fffb6092d0e572?s=96&d=mm&r=g","0":null,"1":"","2":"","3":"","4":"","5":"","6":"","7":"","8":""}],"_links":{"self":[{"href":"https:\/\/www.gold.fr\/news\/wp-json\/wp\/v2\/posts\/21873","targetHints":{"allow":["GET"]}}],"collection":[{"href":"https:\/\/www.gold.fr\/news\/wp-json\/wp\/v2\/posts"}],"about":[{"href":"https:\/\/www.gold.fr\/news\/wp-json\/wp\/v2\/types\/post"}],"author":[{"embeddable":true,"href":"https:\/\/www.gold.fr\/news\/wp-json\/wp\/v2\/users\/18"}],"replies":[{"embeddable":true,"href":"https:\/\/www.gold.fr\/news\/wp-json\/wp\/v2\/comments?post=21873"}],"version-history":[{"count":0,"href":"https:\/\/www.gold.fr\/news\/wp-json\/wp\/v2\/posts\/21873\/revisions"}],"wp:featuredmedia":[{"embeddable":true,"href":"https:\/\/www.gold.fr\/news\/wp-json\/wp\/v2\/media\/31146"}],"wp:attachment":[{"href":"https:\/\/www.gold.fr\/news\/wp-json\/wp\/v2\/media?parent=21873"}],"wp:term":[{"taxonomy":"category","embeddable":true,"href":"https:\/\/www.gold.fr\/news\/wp-json\/wp\/v2\/categories?post=21873"},{"taxonomy":"post_tag","embeddable":true,"href":"https:\/\/www.gold.fr\/news\/wp-json\/wp\/v2\/tags?post=21873"},{"taxonomy":"author","embeddable":true,"href":"https:\/\/www.gold.fr\/news\/wp-json\/wp\/v2\/ppma_author?post=21873"}],"curies":[{"name":"wp","href":"https:\/\/api.w.org\/{rel}","templated":true}]}}