{"id":21759,"date":"2017-08-30T13:00:13","date_gmt":"2017-08-30T11:00:13","guid":{"rendered":"https:\/\/www.gold.fr\/news\/?p=21759"},"modified":"2021-01-11T16:21:12","modified_gmt":"2021-01-11T15:21:12","slug":"cours-de-lor-du-mercredi-30-aout-2017","status":"publish","type":"post","link":"https:\/\/www.gold.fr\/news\/2017\/08\/30\/cours-de-lor-du-mercredi-30-aout-2017\/","title":{"rendered":"Cours de l\u2019or du mercredi 30 ao\u00fbt 2017"},"content":{"rendered":"<p><img loading=\"lazy\" decoding=\"async\" class=\"alignleft wp-image-3101 size-thumbnail\" title=\"Cours de l\u2019or du mercredi 30 ao\u00fbt 2017\" src=\"https:\/\/www.gold.fr\/news\/wp-content\/uploads\/2011\/10\/cours-de-lor-25-octobre-150x150.jpg\" alt=\"Cours de l\u2019or du mercredi 30 ao\u00fbt 2017\" width=\"150\" height=\"150\" \/>Les march\u00e9s financiers am\u00e9ricains ont r\u00e9ussi \u00e0 limiter les d\u00e9g\u00e2ts lors de la s\u00e9ance d&rsquo;hier. Il s&rsquo;agit d&rsquo;une performance exceptionnelle compte tenu du retour des tensions g\u00e9opolitiques entre les <strong>Etats-Unis<\/strong> et la <strong>Cor\u00e9e du Nord<\/strong>. Cette derni\u00e8re a proc\u00e9d\u00e9 au lancement d&rsquo;un tir de missile. Ainsi, en d\u00e9but de matin\u00e9e, le <strong>Dow Jones<\/strong> arrive \u00e0 maintenir son \u00e9quilibre et perd seulement <strong>0,2 %<\/strong> en affichant une mesure \u00e0 21.761,5 points. Le Nasdaq Composite de son c\u00f4t\u00e9, recule de <strong>0,4 %<\/strong> et affiche un niveau \u00e0 6.259,2 points.    L&rsquo;incident majeur de la journ\u00e9e d&rsquo;hier a donc \u00e9t\u00e9 le missile tir\u00e9 par <strong>la Cor\u00e9e du Nord<\/strong> qui a survol\u00e9 le Japon avant d&rsquo;\u00e9chouer dans l&rsquo;Oc\u00e9an Pacifique. Cette attaque a caus\u00e9 l&rsquo;accroissement du risque g\u00e9opolitique dans la r\u00e9gion et laisse redouter encore plus de tensions entre les deux pays. Lors de sa visite au Texas, le pr\u00e9sident am\u00e9ricain a d\u00e9clar\u00e9 qu&rsquo;aucune possibilit\u00e9 n&rsquo;est \u00e9cart\u00e9e pour r\u00e9pondre \u00e0 <strong>la Cor\u00e9e du Nord<\/strong>.    Dans ce contexte, le m\u00e9tal jaune reprend sa tendance baissi\u00e8re et affiche en ce <strong>mercredi 30 ao\u00fbt 2017<\/strong> une variation n\u00e9gative de <strong>0,39 %<\/strong> ainsi qu&rsquo;une cours d&rsquo;ouverture de 1.318,80 dollars l&rsquo;once.<\/p>\n<!-- AddThis Advanced Settings generic via filter on the_content --><!-- AddThis Share Buttons generic via filter on the_content -->","protected":false},"excerpt":{"rendered":"<p>Les march\u00e9s financiers am\u00e9ricains ont r\u00e9ussi \u00e0 limiter les d\u00e9g\u00e2ts lors de la s\u00e9ance d&rsquo;hier. Il s&rsquo;agit d&rsquo;une performance exceptionnelle compte tenu du retour des tensions g\u00e9opolitiques entre les Etats-Unis et la Cor\u00e9e du Nord. Cette [&hellip;]<\/p>\n","protected":false},"author":18,"featured_media":31114,"comment_status":"closed","ping_status":"closed","sticky":false,"template":"","format":"standard","meta":{"_mbp_gutenberg_autopost":false,"_pgmb_is_evergreen":false,"_pgmb_ap_template_id":0,"footnotes":""},"categories":[5],"tags":[84],"ppma_author":[2565],"class_list":["post-21759","post","type-post","status-publish","format-standard","has-post-thumbnail","hentry","category-flash-infos","tag-cours-de-lor"],"yoast_head":"<!-- This site is optimized with the Yoast SEO plugin v27.5 - https:\/\/yoast.com\/product\/yoast-seo-wordpress\/ -->\n<title>Cours de l\u2019or du mercredi 30 ao\u00fbt 2017 - Gold.fr<\/title>\n<meta name=\"robots\" content=\"index, follow, max-snippet:-1, max-image-preview:large, max-video-preview:-1\" \/>\n<link rel=\"canonical\" href=\"https:\/\/www.gold.fr\/news\/2017\/08\/30\/cours-de-lor-du-mercredi-30-aout-2017\/\" \/>\n<meta property=\"og:locale\" content=\"fr_FR\" \/>\n<meta property=\"og:type\" content=\"article\" \/>\n<meta property=\"og:title\" content=\"Cours de l\u2019or du mercredi 30 ao\u00fbt 2017 - Gold.fr\" \/>\n<meta property=\"og:description\" content=\"Les march\u00e9s financiers am\u00e9ricains ont r\u00e9ussi \u00e0 limiter les d\u00e9g\u00e2ts lors de la s\u00e9ance d&rsquo;hier. Il s&rsquo;agit d&rsquo;une performance exceptionnelle compte tenu du retour des tensions g\u00e9opolitiques entre les Etats-Unis et la Cor\u00e9e du Nord. Cette [&hellip;]\" \/>\n<meta property=\"og:url\" content=\"https:\/\/www.gold.fr\/news\/2017\/08\/30\/cours-de-lor-du-mercredi-30-aout-2017\/\" \/>\n<meta property=\"og:site_name\" content=\"Gold.fr\" \/>\n<meta property=\"article:publisher\" content=\"https:\/\/www.facebook.com\/Goldfr\/\" \/>\n<meta property=\"article:published_time\" content=\"2017-08-30T11:00:13+00:00\" \/>\n<meta property=\"article:modified_time\" content=\"2021-01-11T15:21:12+00:00\" \/>\n<meta property=\"og:image\" content=\"https:\/\/www.gold.fr\/news\/wp-content\/uploads\/2017\/08\/cours-de-lor-25-octobre-e1319617268629.jpg\" \/>\n\t<meta property=\"og:image:width\" content=\"600\" \/>\n\t<meta property=\"og:image:height\" content=\"448\" \/>\n\t<meta property=\"og:image:type\" content=\"image\/jpeg\" \/>\n<meta name=\"author\" content=\"Comptoir National de l&#039;Or\" \/>\n<meta name=\"twitter:card\" content=\"summary_large_image\" \/>\n<meta name=\"twitter:label1\" content=\"\u00c9crit par\" \/>\n\t<meta name=\"twitter:data1\" content=\"Comptoir National de l&#039;Or\" \/>\n\t<meta name=\"twitter:label2\" content=\"Dur\u00e9e de lecture estim\u00e9e\" \/>\n\t<meta name=\"twitter:data2\" content=\"1 minute\" \/>\n<script type=\"application\/ld+json\" class=\"yoast-schema-graph\">{\"@context\":\"https:\\\/\\\/schema.org\",\"@graph\":[{\"@type\":\"Article\",\"@id\":\"https:\\\/\\\/www.gold.fr\\\/news\\\/2017\\\/08\\\/30\\\/cours-de-lor-du-mercredi-30-aout-2017\\\/#article\",\"isPartOf\":{\"@id\":\"https:\\\/\\\/www.gold.fr\\\/news\\\/2017\\\/08\\\/30\\\/cours-de-lor-du-mercredi-30-aout-2017\\\/\"},\"author\":{\"name\":\"Comptoir National de l'Or\",\"@id\":\"https:\\\/\\\/www.gold.fr\\\/news\\\/#\\\/schema\\\/person\\\/070491b4b4fb7671bf59b3be20302ce9\"},\"headline\":\"Cours de l\u2019or du mercredi 30 ao\u00fbt 2017\",\"datePublished\":\"2017-08-30T11:00:13+00:00\",\"dateModified\":\"2021-01-11T15:21:12+00:00\",\"mainEntityOfPage\":{\"@id\":\"https:\\\/\\\/www.gold.fr\\\/news\\\/2017\\\/08\\\/30\\\/cours-de-lor-du-mercredi-30-aout-2017\\\/\"},\"wordCount\":224,\"image\":{\"@id\":\"https:\\\/\\\/www.gold.fr\\\/news\\\/2017\\\/08\\\/30\\\/cours-de-lor-du-mercredi-30-aout-2017\\\/#primaryimage\"},\"thumbnailUrl\":\"https:\\\/\\\/www.gold.fr\\\/news\\\/wp-content\\\/uploads\\\/2017\\\/08\\\/cours-de-lor-25-octobre-e1319617268629.jpg\",\"keywords\":[\"Tout Cours de l'Or\"],\"articleSection\":[\"Flash infos\"],\"inLanguage\":\"fr-FR\"},{\"@type\":\"WebPage\",\"@id\":\"https:\\\/\\\/www.gold.fr\\\/news\\\/2017\\\/08\\\/30\\\/cours-de-lor-du-mercredi-30-aout-2017\\\/\",\"url\":\"https:\\\/\\\/www.gold.fr\\\/news\\\/2017\\\/08\\\/30\\\/cours-de-lor-du-mercredi-30-aout-2017\\\/\",\"name\":\"Cours de l\u2019or du mercredi 30 ao\u00fbt 2017 - Gold.fr\",\"isPartOf\":{\"@id\":\"https:\\\/\\\/www.gold.fr\\\/news\\\/#website\"},\"primaryImageOfPage\":{\"@id\":\"https:\\\/\\\/www.gold.fr\\\/news\\\/2017\\\/08\\\/30\\\/cours-de-lor-du-mercredi-30-aout-2017\\\/#primaryimage\"},\"image\":{\"@id\":\"https:\\\/\\\/www.gold.fr\\\/news\\\/2017\\\/08\\\/30\\\/cours-de-lor-du-mercredi-30-aout-2017\\\/#primaryimage\"},\"thumbnailUrl\":\"https:\\\/\\\/www.gold.fr\\\/news\\\/wp-content\\\/uploads\\\/2017\\\/08\\\/cours-de-lor-25-octobre-e1319617268629.jpg\",\"datePublished\":\"2017-08-30T11:00:13+00:00\",\"dateModified\":\"2021-01-11T15:21:12+00:00\",\"author\":{\"@id\":\"https:\\\/\\\/www.gold.fr\\\/news\\\/#\\\/schema\\\/person\\\/070491b4b4fb7671bf59b3be20302ce9\"},\"breadcrumb\":{\"@id\":\"https:\\\/\\\/www.gold.fr\\\/news\\\/2017\\\/08\\\/30\\\/cours-de-lor-du-mercredi-30-aout-2017\\\/#breadcrumb\"},\"inLanguage\":\"fr-FR\",\"potentialAction\":[{\"@type\":\"ReadAction\",\"target\":[\"https:\\\/\\\/www.gold.fr\\\/news\\\/2017\\\/08\\\/30\\\/cours-de-lor-du-mercredi-30-aout-2017\\\/\"]}]},{\"@type\":\"ImageObject\",\"inLanguage\":\"fr-FR\",\"@id\":\"https:\\\/\\\/www.gold.fr\\\/news\\\/2017\\\/08\\\/30\\\/cours-de-lor-du-mercredi-30-aout-2017\\\/#primaryimage\",\"url\":\"https:\\\/\\\/www.gold.fr\\\/news\\\/wp-content\\\/uploads\\\/2017\\\/08\\\/cours-de-lor-25-octobre-e1319617268629.jpg\",\"contentUrl\":\"https:\\\/\\\/www.gold.fr\\\/news\\\/wp-content\\\/uploads\\\/2017\\\/08\\\/cours-de-lor-25-octobre-e1319617268629.jpg\",\"width\":600,\"height\":448,\"caption\":\"Cours de l\u2019or\"},{\"@type\":\"BreadcrumbList\",\"@id\":\"https:\\\/\\\/www.gold.fr\\\/news\\\/2017\\\/08\\\/30\\\/cours-de-lor-du-mercredi-30-aout-2017\\\/#breadcrumb\",\"itemListElement\":[{\"@type\":\"ListItem\",\"position\":1,\"name\":\"Accueil\",\"item\":\"https:\\\/\\\/www.gold.fr\\\/\"},{\"@type\":\"ListItem\",\"position\":2,\"name\":\"Actualit\u00e9s\",\"item\":\"https:\\\/\\\/www.gold.fr\\\/news\\\/\"},{\"@type\":\"ListItem\",\"position\":3,\"name\":\"Cours de l\u2019or du mercredi 30 ao\u00fbt 2017\"}]},{\"@type\":\"WebSite\",\"@id\":\"https:\\\/\\\/www.gold.fr\\\/news\\\/#website\",\"url\":\"https:\\\/\\\/www.gold.fr\\\/news\\\/\",\"name\":\"Gold.fr\",\"description\":\"Actualit\u00e9s de l&#039;Or et des m\u00e9taux pr\u00e9cieux\",\"potentialAction\":[{\"@type\":\"SearchAction\",\"target\":{\"@type\":\"EntryPoint\",\"urlTemplate\":\"https:\\\/\\\/www.gold.fr\\\/news\\\/?s={search_term_string}\"},\"query-input\":{\"@type\":\"PropertyValueSpecification\",\"valueRequired\":true,\"valueName\":\"search_term_string\"}}],\"inLanguage\":\"fr-FR\"},{\"@type\":\"Person\",\"@id\":\"https:\\\/\\\/www.gold.fr\\\/news\\\/#\\\/schema\\\/person\\\/070491b4b4fb7671bf59b3be20302ce9\",\"name\":\"Comptoir National de l'Or\",\"image\":{\"@type\":\"ImageObject\",\"inLanguage\":\"fr-FR\",\"@id\":\"https:\\\/\\\/secure.gravatar.com\\\/avatar\\\/0a2867fd5abe37bed95d5a65e9d58f01756e11efc68af9888dfc50cfa7f65948?s=96&d=mm&r=gb490554db0a38188709de567aa58480d\",\"url\":\"https:\\\/\\\/secure.gravatar.com\\\/avatar\\\/0a2867fd5abe37bed95d5a65e9d58f01756e11efc68af9888dfc50cfa7f65948?s=96&d=mm&r=g\",\"contentUrl\":\"https:\\\/\\\/secure.gravatar.com\\\/avatar\\\/0a2867fd5abe37bed95d5a65e9d58f01756e11efc68af9888dfc50cfa7f65948?s=96&d=mm&r=g\",\"caption\":\"Comptoir National de l'Or\"},\"description\":\"Notre r\u00e9daction est constitu\u00e9e de membres experts dans les m\u00e9tiers de l'\u00e9conomie et la gestion, des Responsables d'agence Comptoir National de l'Or, des analystes financiers qui publient r\u00e9guli\u00e8rement des \u00e9tudes sur les politiques des banques centrales, le cours de l'or, prix de l'or, cours de l'argent, prix de l'argent, cours du platine, cours du palladium,... la situation en zone euro et l'impact de la strat\u00e9gie mon\u00e9taire de la FED. Notre \u00e9quipe scrute \u00e9galement une information plus g\u00e9n\u00e9raliste \u00e0 la recherche d'actualit\u00e9 \\\"p\u00e9pite\\\" \u00e0 vous partager. Depuis 5 ans, nous avons publi\u00e9 un peu plus de 4000 articles qui s'adressent \u00e0 un public large et vari\u00e9 ayant pour objectif de satisfaire votre curiosit\u00e9 et de partager avec vous une certaine fascination pour le m\u00e9tal jaune, le rachat d'or, et pour ceux qui veulent investir dans l'or, vendre leur or tout simplement en savoir plus... Pour tous vos achat or et argent, n'h\u00e9sitez pas \u00e0 prendre rendez-vous dans l'un de nos nombreux comptoirs.\",\"sameAs\":[\"https:\\\/\\\/www.gold.fr\"]}]}<\/script>\n<!-- \/ Yoast SEO plugin. -->","yoast_head_json":{"title":"Cours de l\u2019or du mercredi 30 ao\u00fbt 2017 - Gold.fr","robots":{"index":"index","follow":"follow","max-snippet":"max-snippet:-1","max-image-preview":"max-image-preview:large","max-video-preview":"max-video-preview:-1"},"canonical":"https:\/\/www.gold.fr\/news\/2017\/08\/30\/cours-de-lor-du-mercredi-30-aout-2017\/","og_locale":"fr_FR","og_type":"article","og_title":"Cours de l\u2019or du mercredi 30 ao\u00fbt 2017 - Gold.fr","og_description":"Les march\u00e9s financiers am\u00e9ricains ont r\u00e9ussi \u00e0 limiter les d\u00e9g\u00e2ts lors de la s\u00e9ance d&rsquo;hier. Il s&rsquo;agit d&rsquo;une performance exceptionnelle compte tenu du retour des tensions g\u00e9opolitiques entre les Etats-Unis et la Cor\u00e9e du Nord. Cette [&hellip;]","og_url":"https:\/\/www.gold.fr\/news\/2017\/08\/30\/cours-de-lor-du-mercredi-30-aout-2017\/","og_site_name":"Gold.fr","article_publisher":"https:\/\/www.facebook.com\/Goldfr\/","article_published_time":"2017-08-30T11:00:13+00:00","article_modified_time":"2021-01-11T15:21:12+00:00","og_image":[{"width":600,"height":448,"url":"https:\/\/www.gold.fr\/news\/wp-content\/uploads\/2017\/08\/cours-de-lor-25-octobre-e1319617268629.jpg","type":"image\/jpeg"}],"author":"Comptoir National de l'Or","twitter_card":"summary_large_image","twitter_misc":{"\u00c9crit par":"Comptoir National de l'Or","Dur\u00e9e de lecture estim\u00e9e":"1 minute"},"schema":{"@context":"https:\/\/schema.org","@graph":[{"@type":"Article","@id":"https:\/\/www.gold.fr\/news\/2017\/08\/30\/cours-de-lor-du-mercredi-30-aout-2017\/#article","isPartOf":{"@id":"https:\/\/www.gold.fr\/news\/2017\/08\/30\/cours-de-lor-du-mercredi-30-aout-2017\/"},"author":{"name":"Comptoir National de l'Or","@id":"https:\/\/www.gold.fr\/news\/#\/schema\/person\/070491b4b4fb7671bf59b3be20302ce9"},"headline":"Cours de l\u2019or du mercredi 30 ao\u00fbt 2017","datePublished":"2017-08-30T11:00:13+00:00","dateModified":"2021-01-11T15:21:12+00:00","mainEntityOfPage":{"@id":"https:\/\/www.gold.fr\/news\/2017\/08\/30\/cours-de-lor-du-mercredi-30-aout-2017\/"},"wordCount":224,"image":{"@id":"https:\/\/www.gold.fr\/news\/2017\/08\/30\/cours-de-lor-du-mercredi-30-aout-2017\/#primaryimage"},"thumbnailUrl":"https:\/\/www.gold.fr\/news\/wp-content\/uploads\/2017\/08\/cours-de-lor-25-octobre-e1319617268629.jpg","keywords":["Tout Cours de l'Or"],"articleSection":["Flash infos"],"inLanguage":"fr-FR"},{"@type":"WebPage","@id":"https:\/\/www.gold.fr\/news\/2017\/08\/30\/cours-de-lor-du-mercredi-30-aout-2017\/","url":"https:\/\/www.gold.fr\/news\/2017\/08\/30\/cours-de-lor-du-mercredi-30-aout-2017\/","name":"Cours de l\u2019or du mercredi 30 ao\u00fbt 2017 - Gold.fr","isPartOf":{"@id":"https:\/\/www.gold.fr\/news\/#website"},"primaryImageOfPage":{"@id":"https:\/\/www.gold.fr\/news\/2017\/08\/30\/cours-de-lor-du-mercredi-30-aout-2017\/#primaryimage"},"image":{"@id":"https:\/\/www.gold.fr\/news\/2017\/08\/30\/cours-de-lor-du-mercredi-30-aout-2017\/#primaryimage"},"thumbnailUrl":"https:\/\/www.gold.fr\/news\/wp-content\/uploads\/2017\/08\/cours-de-lor-25-octobre-e1319617268629.jpg","datePublished":"2017-08-30T11:00:13+00:00","dateModified":"2021-01-11T15:21:12+00:00","author":{"@id":"https:\/\/www.gold.fr\/news\/#\/schema\/person\/070491b4b4fb7671bf59b3be20302ce9"},"breadcrumb":{"@id":"https:\/\/www.gold.fr\/news\/2017\/08\/30\/cours-de-lor-du-mercredi-30-aout-2017\/#breadcrumb"},"inLanguage":"fr-FR","potentialAction":[{"@type":"ReadAction","target":["https:\/\/www.gold.fr\/news\/2017\/08\/30\/cours-de-lor-du-mercredi-30-aout-2017\/"]}]},{"@type":"ImageObject","inLanguage":"fr-FR","@id":"https:\/\/www.gold.fr\/news\/2017\/08\/30\/cours-de-lor-du-mercredi-30-aout-2017\/#primaryimage","url":"https:\/\/www.gold.fr\/news\/wp-content\/uploads\/2017\/08\/cours-de-lor-25-octobre-e1319617268629.jpg","contentUrl":"https:\/\/www.gold.fr\/news\/wp-content\/uploads\/2017\/08\/cours-de-lor-25-octobre-e1319617268629.jpg","width":600,"height":448,"caption":"Cours de l\u2019or"},{"@type":"BreadcrumbList","@id":"https:\/\/www.gold.fr\/news\/2017\/08\/30\/cours-de-lor-du-mercredi-30-aout-2017\/#breadcrumb","itemListElement":[{"@type":"ListItem","position":1,"name":"Accueil","item":"https:\/\/www.gold.fr\/"},{"@type":"ListItem","position":2,"name":"Actualit\u00e9s","item":"https:\/\/www.gold.fr\/news\/"},{"@type":"ListItem","position":3,"name":"Cours de l\u2019or du mercredi 30 ao\u00fbt 2017"}]},{"@type":"WebSite","@id":"https:\/\/www.gold.fr\/news\/#website","url":"https:\/\/www.gold.fr\/news\/","name":"Gold.fr","description":"Actualit\u00e9s de l&#039;Or et des m\u00e9taux pr\u00e9cieux","potentialAction":[{"@type":"SearchAction","target":{"@type":"EntryPoint","urlTemplate":"https:\/\/www.gold.fr\/news\/?s={search_term_string}"},"query-input":{"@type":"PropertyValueSpecification","valueRequired":true,"valueName":"search_term_string"}}],"inLanguage":"fr-FR"},{"@type":"Person","@id":"https:\/\/www.gold.fr\/news\/#\/schema\/person\/070491b4b4fb7671bf59b3be20302ce9","name":"Comptoir National de l'Or","image":{"@type":"ImageObject","inLanguage":"fr-FR","@id":"https:\/\/secure.gravatar.com\/avatar\/0a2867fd5abe37bed95d5a65e9d58f01756e11efc68af9888dfc50cfa7f65948?s=96&d=mm&r=gb490554db0a38188709de567aa58480d","url":"https:\/\/secure.gravatar.com\/avatar\/0a2867fd5abe37bed95d5a65e9d58f01756e11efc68af9888dfc50cfa7f65948?s=96&d=mm&r=g","contentUrl":"https:\/\/secure.gravatar.com\/avatar\/0a2867fd5abe37bed95d5a65e9d58f01756e11efc68af9888dfc50cfa7f65948?s=96&d=mm&r=g","caption":"Comptoir National de l'Or"},"description":"Notre r\u00e9daction est constitu\u00e9e de membres experts dans les m\u00e9tiers de l'\u00e9conomie et la gestion, des Responsables d'agence Comptoir National de l'Or, des analystes financiers qui publient r\u00e9guli\u00e8rement des \u00e9tudes sur les politiques des banques centrales, le cours de l'or, prix de l'or, cours de l'argent, prix de l'argent, cours du platine, cours du palladium,... la situation en zone euro et l'impact de la strat\u00e9gie mon\u00e9taire de la FED. Notre \u00e9quipe scrute \u00e9galement une information plus g\u00e9n\u00e9raliste \u00e0 la recherche d'actualit\u00e9 \"p\u00e9pite\" \u00e0 vous partager. Depuis 5 ans, nous avons publi\u00e9 un peu plus de 4000 articles qui s'adressent \u00e0 un public large et vari\u00e9 ayant pour objectif de satisfaire votre curiosit\u00e9 et de partager avec vous une certaine fascination pour le m\u00e9tal jaune, le rachat d'or, et pour ceux qui veulent investir dans l'or, vendre leur or tout simplement en savoir plus... Pour tous vos achat or et argent, n'h\u00e9sitez pas \u00e0 prendre rendez-vous dans l'un de nos nombreux comptoirs.","sameAs":["https:\/\/www.gold.fr"]}]}},"authors":[{"term_id":2565,"user_id":18,"is_guest":0,"slug":"julie","display_name":"Comptoir National de l'Or","avatar_url":"https:\/\/secure.gravatar.com\/avatar\/713f289e398d35ead876c4a4cc08607f0d6d266058cfc25683fffb6092d0e572?s=96&d=mm&r=g","0":null,"1":"","2":"","3":"","4":"","5":"","6":"","7":"","8":""}],"_links":{"self":[{"href":"https:\/\/www.gold.fr\/news\/wp-json\/wp\/v2\/posts\/21759","targetHints":{"allow":["GET"]}}],"collection":[{"href":"https:\/\/www.gold.fr\/news\/wp-json\/wp\/v2\/posts"}],"about":[{"href":"https:\/\/www.gold.fr\/news\/wp-json\/wp\/v2\/types\/post"}],"author":[{"embeddable":true,"href":"https:\/\/www.gold.fr\/news\/wp-json\/wp\/v2\/users\/18"}],"replies":[{"embeddable":true,"href":"https:\/\/www.gold.fr\/news\/wp-json\/wp\/v2\/comments?post=21759"}],"version-history":[{"count":0,"href":"https:\/\/www.gold.fr\/news\/wp-json\/wp\/v2\/posts\/21759\/revisions"}],"wp:featuredmedia":[{"embeddable":true,"href":"https:\/\/www.gold.fr\/news\/wp-json\/wp\/v2\/media\/31114"}],"wp:attachment":[{"href":"https:\/\/www.gold.fr\/news\/wp-json\/wp\/v2\/media?parent=21759"}],"wp:term":[{"taxonomy":"category","embeddable":true,"href":"https:\/\/www.gold.fr\/news\/wp-json\/wp\/v2\/categories?post=21759"},{"taxonomy":"post_tag","embeddable":true,"href":"https:\/\/www.gold.fr\/news\/wp-json\/wp\/v2\/tags?post=21759"},{"taxonomy":"author","embeddable":true,"href":"https:\/\/www.gold.fr\/news\/wp-json\/wp\/v2\/ppma_author?post=21759"}],"curies":[{"name":"wp","href":"https:\/\/api.w.org\/{rel}","templated":true}]}}