{"id":21747,"date":"2017-08-24T13:00:56","date_gmt":"2017-08-24T11:00:56","guid":{"rendered":"https:\/\/www.gold.fr\/news\/?p=21747"},"modified":"2021-01-11T16:21:27","modified_gmt":"2021-01-11T15:21:27","slug":"cours-de-lor-du-jeudi-24-aout-2017","status":"publish","type":"post","link":"https:\/\/www.gold.fr\/news\/2017\/08\/24\/cours-de-lor-du-jeudi-24-aout-2017\/","title":{"rendered":"Cours de l\u2019or du jeudi 24 ao\u00fbt 2017"},"content":{"rendered":"<p><span style=\"font-weight: 400;\"><img loading=\"lazy\" decoding=\"async\" class=\"alignleft wp-image-16305 size-thumbnail\" title=\"Cours de l\u2019or du jeudi 24 ao\u00fbt 2017\" src=\"https:\/\/www.gold.fr\/news\/wp-content\/uploads\/2014\/12\/or-physique1-150x150.jpg\" alt=\"Cours de l\u2019or du jeudi 24 ao\u00fbt 2017\" width=\"150\" height=\"150\" \/>Le march\u00e9 financier am\u00e9ricain a connu un certain recul lors de la s\u00e9ance du mercredi. Cette tendance n\u00e9gative a \u00e9t\u00e9 caus\u00e9e par l&rsquo;inqui\u00e9tude croissante quant \u00e0 la situation g\u00e9opolitique aux <strong>Etats-Unis<\/strong>, ressentie aupr\u00e8s des investisseurs.<\/span> <span style=\"font-weight: 400;\">Ainsi, le <strong>Dow Jones<\/strong> recule de <strong>0,4 %<\/strong> et affiche une mesure \u00e0 21.812,1 points et le Nasdaq Composite conna\u00eet une baisse de l&rsquo;ordre de <strong>0,3 %<\/strong> et cl\u00f4t la s\u00e9ance avec un niveau \u00e0 6.278,4 points.<\/span>    <span style=\"font-weight: 400;\">Beaucoup d&rsquo;investisseurs sont en train de bouder aussi bien les actions que la monnaie am\u00e9ricaine au profit des bons de Tr\u00e9sor jug\u00e9s plus rassurant en cette p\u00e9riode de crise. <\/span> <span style=\"font-weight: 400;\">Par ailleurs, lors d&rsquo;une r\u00e9union organis\u00e9e durant la soir\u00e9e d&rsquo;hier, le pr\u00e9sident am\u00e9ricain n&rsquo;a pas exclu la possibilit\u00e9 d&rsquo;un arr\u00eat des activit\u00e9s gouvernementales dans le cas o\u00f9 le Congr\u00e8s venait \u00e0 refuser le financement du projet de construction d&rsquo;un mur au niveau de la fronti\u00e8re am\u00e9ricano-mexicaine.<\/span>    <span style=\"font-weight: 400;\">Du c\u00f4t\u00e9 des publications, la croissance du secteur priv\u00e9 am\u00e9ricain a connu une progression durant tout le mois d&rsquo;ao\u00fbt. Il s&rsquo;agit de la meilleure acc\u00e9l\u00e9ration constat\u00e9e depuis plus de 27 mois, selon l&rsquo;indice <strong>PMI d&rsquo;IHS Market<\/strong>.<\/span>    <span style=\"font-weight: 400;\">Dans ce contexte, le m\u00e9tal jaune continue \u00e0 conna\u00eetre une tendance baissi\u00e8re et affiche en ce <strong>jeudi 24 ao\u00fbt 2017<\/strong> une variation n\u00e9gative de <strong>0,39 %<\/strong> ainsi qu&rsquo;un <a href=\"https:\/\/www.gold.fr\/cours-or-prix-de-l-or\/\" target=\"_blank\" rel=\"noopener noreferrer\">cours<\/a> d&rsquo;ouverture de <\/span><strong>1.288,70 <\/strong><span style=\"font-weight: 400;\"><strong>dollars<\/strong> <a href=\"https:\/\/www.gold.fr\/once-or-nyc\/\" target=\"_blank\" rel=\"noopener noreferrer\">l\u2019once<\/a>.<\/span><\/p>\n<!-- AddThis Advanced Settings generic via filter on the_content --><!-- AddThis Share Buttons generic via filter on the_content -->","protected":false},"excerpt":{"rendered":"<p>Le march\u00e9 financier am\u00e9ricain a connu un certain recul lors de la s\u00e9ance du mercredi. Cette tendance n\u00e9gative a \u00e9t\u00e9 caus\u00e9e par l&rsquo;inqui\u00e9tude croissante quant \u00e0 la situation g\u00e9opolitique aux Etats-Unis, ressentie aupr\u00e8s des investisseurs. Ainsi, [&hellip;]<\/p>\n","protected":false},"author":18,"featured_media":16305,"comment_status":"closed","ping_status":"closed","sticky":false,"template":"","format":"standard","meta":{"_mbp_gutenberg_autopost":false,"_pgmb_is_evergreen":false,"_pgmb_ap_template_id":0,"footnotes":""},"categories":[5],"tags":[84],"ppma_author":[2565],"class_list":["post-21747","post","type-post","status-publish","format-standard","has-post-thumbnail","hentry","category-flash-infos","tag-cours-de-lor"],"yoast_head":"<!-- This site is optimized with the Yoast SEO plugin v27.5 - https:\/\/yoast.com\/product\/yoast-seo-wordpress\/ -->\n<title>Cours de l\u2019or du jeudi 24 ao\u00fbt 2017 - Gold.fr<\/title>\n<meta name=\"robots\" content=\"index, follow, max-snippet:-1, max-image-preview:large, max-video-preview:-1\" \/>\n<link rel=\"canonical\" href=\"https:\/\/www.gold.fr\/news\/2017\/08\/24\/cours-de-lor-du-jeudi-24-aout-2017\/\" \/>\n<meta property=\"og:locale\" content=\"fr_FR\" \/>\n<meta property=\"og:type\" content=\"article\" \/>\n<meta property=\"og:title\" content=\"Cours de l\u2019or du jeudi 24 ao\u00fbt 2017 - Gold.fr\" \/>\n<meta property=\"og:description\" content=\"Le march\u00e9 financier am\u00e9ricain a connu un certain recul lors de la s\u00e9ance du mercredi. Cette tendance n\u00e9gative a \u00e9t\u00e9 caus\u00e9e par l&rsquo;inqui\u00e9tude croissante quant \u00e0 la situation g\u00e9opolitique aux Etats-Unis, ressentie aupr\u00e8s des investisseurs. Ainsi, [&hellip;]\" \/>\n<meta property=\"og:url\" content=\"https:\/\/www.gold.fr\/news\/2017\/08\/24\/cours-de-lor-du-jeudi-24-aout-2017\/\" \/>\n<meta property=\"og:site_name\" content=\"Gold.fr\" \/>\n<meta property=\"article:publisher\" content=\"https:\/\/www.facebook.com\/Goldfr\/\" \/>\n<meta property=\"article:published_time\" content=\"2017-08-24T11:00:56+00:00\" \/>\n<meta property=\"article:modified_time\" content=\"2021-01-11T15:21:27+00:00\" \/>\n<meta property=\"og:image\" content=\"https:\/\/www.gold.fr\/news\/wp-content\/uploads\/2014\/12\/or-physique1.jpg\" \/>\n\t<meta property=\"og:image:width\" content=\"569\" \/>\n\t<meta property=\"og:image:height\" content=\"334\" \/>\n\t<meta property=\"og:image:type\" content=\"image\/jpeg\" \/>\n<meta name=\"author\" content=\"Comptoir National de l&#039;Or\" \/>\n<meta name=\"twitter:card\" content=\"summary_large_image\" \/>\n<meta name=\"twitter:label1\" content=\"\u00c9crit par\" \/>\n\t<meta name=\"twitter:data1\" content=\"Comptoir National de l&#039;Or\" \/>\n\t<meta name=\"twitter:label2\" content=\"Dur\u00e9e de lecture estim\u00e9e\" \/>\n\t<meta name=\"twitter:data2\" content=\"1 minute\" \/>\n<script type=\"application\/ld+json\" class=\"yoast-schema-graph\">{\"@context\":\"https:\\\/\\\/schema.org\",\"@graph\":[{\"@type\":\"Article\",\"@id\":\"https:\\\/\\\/www.gold.fr\\\/news\\\/2017\\\/08\\\/24\\\/cours-de-lor-du-jeudi-24-aout-2017\\\/#article\",\"isPartOf\":{\"@id\":\"https:\\\/\\\/www.gold.fr\\\/news\\\/2017\\\/08\\\/24\\\/cours-de-lor-du-jeudi-24-aout-2017\\\/\"},\"author\":{\"name\":\"Comptoir National de l'Or\",\"@id\":\"https:\\\/\\\/www.gold.fr\\\/news\\\/#\\\/schema\\\/person\\\/070491b4b4fb7671bf59b3be20302ce9\"},\"headline\":\"Cours de l\u2019or du jeudi 24 ao\u00fbt 2017\",\"datePublished\":\"2017-08-24T11:00:56+00:00\",\"dateModified\":\"2021-01-11T15:21:27+00:00\",\"mainEntityOfPage\":{\"@id\":\"https:\\\/\\\/www.gold.fr\\\/news\\\/2017\\\/08\\\/24\\\/cours-de-lor-du-jeudi-24-aout-2017\\\/\"},\"wordCount\":258,\"image\":{\"@id\":\"https:\\\/\\\/www.gold.fr\\\/news\\\/2017\\\/08\\\/24\\\/cours-de-lor-du-jeudi-24-aout-2017\\\/#primaryimage\"},\"thumbnailUrl\":\"https:\\\/\\\/www.gold.fr\\\/news\\\/wp-content\\\/uploads\\\/2014\\\/12\\\/or-physique1.jpg\",\"keywords\":[\"Tout Cours de l'Or\"],\"articleSection\":[\"Flash infos\"],\"inLanguage\":\"fr-FR\"},{\"@type\":\"WebPage\",\"@id\":\"https:\\\/\\\/www.gold.fr\\\/news\\\/2017\\\/08\\\/24\\\/cours-de-lor-du-jeudi-24-aout-2017\\\/\",\"url\":\"https:\\\/\\\/www.gold.fr\\\/news\\\/2017\\\/08\\\/24\\\/cours-de-lor-du-jeudi-24-aout-2017\\\/\",\"name\":\"Cours de l\u2019or du jeudi 24 ao\u00fbt 2017 - Gold.fr\",\"isPartOf\":{\"@id\":\"https:\\\/\\\/www.gold.fr\\\/news\\\/#website\"},\"primaryImageOfPage\":{\"@id\":\"https:\\\/\\\/www.gold.fr\\\/news\\\/2017\\\/08\\\/24\\\/cours-de-lor-du-jeudi-24-aout-2017\\\/#primaryimage\"},\"image\":{\"@id\":\"https:\\\/\\\/www.gold.fr\\\/news\\\/2017\\\/08\\\/24\\\/cours-de-lor-du-jeudi-24-aout-2017\\\/#primaryimage\"},\"thumbnailUrl\":\"https:\\\/\\\/www.gold.fr\\\/news\\\/wp-content\\\/uploads\\\/2014\\\/12\\\/or-physique1.jpg\",\"datePublished\":\"2017-08-24T11:00:56+00:00\",\"dateModified\":\"2021-01-11T15:21:27+00:00\",\"author\":{\"@id\":\"https:\\\/\\\/www.gold.fr\\\/news\\\/#\\\/schema\\\/person\\\/070491b4b4fb7671bf59b3be20302ce9\"},\"breadcrumb\":{\"@id\":\"https:\\\/\\\/www.gold.fr\\\/news\\\/2017\\\/08\\\/24\\\/cours-de-lor-du-jeudi-24-aout-2017\\\/#breadcrumb\"},\"inLanguage\":\"fr-FR\",\"potentialAction\":[{\"@type\":\"ReadAction\",\"target\":[\"https:\\\/\\\/www.gold.fr\\\/news\\\/2017\\\/08\\\/24\\\/cours-de-lor-du-jeudi-24-aout-2017\\\/\"]}]},{\"@type\":\"ImageObject\",\"inLanguage\":\"fr-FR\",\"@id\":\"https:\\\/\\\/www.gold.fr\\\/news\\\/2017\\\/08\\\/24\\\/cours-de-lor-du-jeudi-24-aout-2017\\\/#primaryimage\",\"url\":\"https:\\\/\\\/www.gold.fr\\\/news\\\/wp-content\\\/uploads\\\/2014\\\/12\\\/or-physique1.jpg\",\"contentUrl\":\"https:\\\/\\\/www.gold.fr\\\/news\\\/wp-content\\\/uploads\\\/2014\\\/12\\\/or-physique1.jpg\",\"width\":\"569\",\"height\":\"334\",\"caption\":\"Or et \u00e9lections US : Un catalyseur haussier, dans tous les cas\"},{\"@type\":\"BreadcrumbList\",\"@id\":\"https:\\\/\\\/www.gold.fr\\\/news\\\/2017\\\/08\\\/24\\\/cours-de-lor-du-jeudi-24-aout-2017\\\/#breadcrumb\",\"itemListElement\":[{\"@type\":\"ListItem\",\"position\":1,\"name\":\"Accueil\",\"item\":\"https:\\\/\\\/www.gold.fr\\\/\"},{\"@type\":\"ListItem\",\"position\":2,\"name\":\"Actualit\u00e9s\",\"item\":\"https:\\\/\\\/www.gold.fr\\\/news\\\/\"},{\"@type\":\"ListItem\",\"position\":3,\"name\":\"Cours de l\u2019or du jeudi 24 ao\u00fbt 2017\"}]},{\"@type\":\"WebSite\",\"@id\":\"https:\\\/\\\/www.gold.fr\\\/news\\\/#website\",\"url\":\"https:\\\/\\\/www.gold.fr\\\/news\\\/\",\"name\":\"Gold.fr\",\"description\":\"Actualit\u00e9s de l&#039;Or et des m\u00e9taux pr\u00e9cieux\",\"potentialAction\":[{\"@type\":\"SearchAction\",\"target\":{\"@type\":\"EntryPoint\",\"urlTemplate\":\"https:\\\/\\\/www.gold.fr\\\/news\\\/?s={search_term_string}\"},\"query-input\":{\"@type\":\"PropertyValueSpecification\",\"valueRequired\":true,\"valueName\":\"search_term_string\"}}],\"inLanguage\":\"fr-FR\"},{\"@type\":\"Person\",\"@id\":\"https:\\\/\\\/www.gold.fr\\\/news\\\/#\\\/schema\\\/person\\\/070491b4b4fb7671bf59b3be20302ce9\",\"name\":\"Comptoir National de l'Or\",\"image\":{\"@type\":\"ImageObject\",\"inLanguage\":\"fr-FR\",\"@id\":\"https:\\\/\\\/secure.gravatar.com\\\/avatar\\\/0a2867fd5abe37bed95d5a65e9d58f01756e11efc68af9888dfc50cfa7f65948?s=96&d=mm&r=gb490554db0a38188709de567aa58480d\",\"url\":\"https:\\\/\\\/secure.gravatar.com\\\/avatar\\\/0a2867fd5abe37bed95d5a65e9d58f01756e11efc68af9888dfc50cfa7f65948?s=96&d=mm&r=g\",\"contentUrl\":\"https:\\\/\\\/secure.gravatar.com\\\/avatar\\\/0a2867fd5abe37bed95d5a65e9d58f01756e11efc68af9888dfc50cfa7f65948?s=96&d=mm&r=g\",\"caption\":\"Comptoir National de l'Or\"},\"description\":\"Notre r\u00e9daction est constitu\u00e9e de membres experts dans les m\u00e9tiers de l'\u00e9conomie et la gestion, des Responsables d'agence Comptoir National de l'Or, des analystes financiers qui publient r\u00e9guli\u00e8rement des \u00e9tudes sur les politiques des banques centrales, le cours de l'or, prix de l'or, cours de l'argent, prix de l'argent, cours du platine, cours du palladium,... la situation en zone euro et l'impact de la strat\u00e9gie mon\u00e9taire de la FED. Notre \u00e9quipe scrute \u00e9galement une information plus g\u00e9n\u00e9raliste \u00e0 la recherche d'actualit\u00e9 \\\"p\u00e9pite\\\" \u00e0 vous partager. Depuis 5 ans, nous avons publi\u00e9 un peu plus de 4000 articles qui s'adressent \u00e0 un public large et vari\u00e9 ayant pour objectif de satisfaire votre curiosit\u00e9 et de partager avec vous une certaine fascination pour le m\u00e9tal jaune, le rachat d'or, et pour ceux qui veulent investir dans l'or, vendre leur or tout simplement en savoir plus... Pour tous vos achat or et argent, n'h\u00e9sitez pas \u00e0 prendre rendez-vous dans l'un de nos nombreux comptoirs.\",\"sameAs\":[\"https:\\\/\\\/www.gold.fr\"]}]}<\/script>\n<!-- \/ Yoast SEO plugin. -->","yoast_head_json":{"title":"Cours de l\u2019or du jeudi 24 ao\u00fbt 2017 - Gold.fr","robots":{"index":"index","follow":"follow","max-snippet":"max-snippet:-1","max-image-preview":"max-image-preview:large","max-video-preview":"max-video-preview:-1"},"canonical":"https:\/\/www.gold.fr\/news\/2017\/08\/24\/cours-de-lor-du-jeudi-24-aout-2017\/","og_locale":"fr_FR","og_type":"article","og_title":"Cours de l\u2019or du jeudi 24 ao\u00fbt 2017 - Gold.fr","og_description":"Le march\u00e9 financier am\u00e9ricain a connu un certain recul lors de la s\u00e9ance du mercredi. Cette tendance n\u00e9gative a \u00e9t\u00e9 caus\u00e9e par l&rsquo;inqui\u00e9tude croissante quant \u00e0 la situation g\u00e9opolitique aux Etats-Unis, ressentie aupr\u00e8s des investisseurs. Ainsi, [&hellip;]","og_url":"https:\/\/www.gold.fr\/news\/2017\/08\/24\/cours-de-lor-du-jeudi-24-aout-2017\/","og_site_name":"Gold.fr","article_publisher":"https:\/\/www.facebook.com\/Goldfr\/","article_published_time":"2017-08-24T11:00:56+00:00","article_modified_time":"2021-01-11T15:21:27+00:00","og_image":[{"width":569,"height":334,"url":"https:\/\/www.gold.fr\/news\/wp-content\/uploads\/2014\/12\/or-physique1.jpg","type":"image\/jpeg"}],"author":"Comptoir National de l'Or","twitter_card":"summary_large_image","twitter_misc":{"\u00c9crit par":"Comptoir National de l'Or","Dur\u00e9e de lecture estim\u00e9e":"1 minute"},"schema":{"@context":"https:\/\/schema.org","@graph":[{"@type":"Article","@id":"https:\/\/www.gold.fr\/news\/2017\/08\/24\/cours-de-lor-du-jeudi-24-aout-2017\/#article","isPartOf":{"@id":"https:\/\/www.gold.fr\/news\/2017\/08\/24\/cours-de-lor-du-jeudi-24-aout-2017\/"},"author":{"name":"Comptoir National de l'Or","@id":"https:\/\/www.gold.fr\/news\/#\/schema\/person\/070491b4b4fb7671bf59b3be20302ce9"},"headline":"Cours de l\u2019or du jeudi 24 ao\u00fbt 2017","datePublished":"2017-08-24T11:00:56+00:00","dateModified":"2021-01-11T15:21:27+00:00","mainEntityOfPage":{"@id":"https:\/\/www.gold.fr\/news\/2017\/08\/24\/cours-de-lor-du-jeudi-24-aout-2017\/"},"wordCount":258,"image":{"@id":"https:\/\/www.gold.fr\/news\/2017\/08\/24\/cours-de-lor-du-jeudi-24-aout-2017\/#primaryimage"},"thumbnailUrl":"https:\/\/www.gold.fr\/news\/wp-content\/uploads\/2014\/12\/or-physique1.jpg","keywords":["Tout Cours de l'Or"],"articleSection":["Flash infos"],"inLanguage":"fr-FR"},{"@type":"WebPage","@id":"https:\/\/www.gold.fr\/news\/2017\/08\/24\/cours-de-lor-du-jeudi-24-aout-2017\/","url":"https:\/\/www.gold.fr\/news\/2017\/08\/24\/cours-de-lor-du-jeudi-24-aout-2017\/","name":"Cours de l\u2019or du jeudi 24 ao\u00fbt 2017 - Gold.fr","isPartOf":{"@id":"https:\/\/www.gold.fr\/news\/#website"},"primaryImageOfPage":{"@id":"https:\/\/www.gold.fr\/news\/2017\/08\/24\/cours-de-lor-du-jeudi-24-aout-2017\/#primaryimage"},"image":{"@id":"https:\/\/www.gold.fr\/news\/2017\/08\/24\/cours-de-lor-du-jeudi-24-aout-2017\/#primaryimage"},"thumbnailUrl":"https:\/\/www.gold.fr\/news\/wp-content\/uploads\/2014\/12\/or-physique1.jpg","datePublished":"2017-08-24T11:00:56+00:00","dateModified":"2021-01-11T15:21:27+00:00","author":{"@id":"https:\/\/www.gold.fr\/news\/#\/schema\/person\/070491b4b4fb7671bf59b3be20302ce9"},"breadcrumb":{"@id":"https:\/\/www.gold.fr\/news\/2017\/08\/24\/cours-de-lor-du-jeudi-24-aout-2017\/#breadcrumb"},"inLanguage":"fr-FR","potentialAction":[{"@type":"ReadAction","target":["https:\/\/www.gold.fr\/news\/2017\/08\/24\/cours-de-lor-du-jeudi-24-aout-2017\/"]}]},{"@type":"ImageObject","inLanguage":"fr-FR","@id":"https:\/\/www.gold.fr\/news\/2017\/08\/24\/cours-de-lor-du-jeudi-24-aout-2017\/#primaryimage","url":"https:\/\/www.gold.fr\/news\/wp-content\/uploads\/2014\/12\/or-physique1.jpg","contentUrl":"https:\/\/www.gold.fr\/news\/wp-content\/uploads\/2014\/12\/or-physique1.jpg","width":"569","height":"334","caption":"Or et \u00e9lections US : Un catalyseur haussier, dans tous les cas"},{"@type":"BreadcrumbList","@id":"https:\/\/www.gold.fr\/news\/2017\/08\/24\/cours-de-lor-du-jeudi-24-aout-2017\/#breadcrumb","itemListElement":[{"@type":"ListItem","position":1,"name":"Accueil","item":"https:\/\/www.gold.fr\/"},{"@type":"ListItem","position":2,"name":"Actualit\u00e9s","item":"https:\/\/www.gold.fr\/news\/"},{"@type":"ListItem","position":3,"name":"Cours de l\u2019or du jeudi 24 ao\u00fbt 2017"}]},{"@type":"WebSite","@id":"https:\/\/www.gold.fr\/news\/#website","url":"https:\/\/www.gold.fr\/news\/","name":"Gold.fr","description":"Actualit\u00e9s de l&#039;Or et des m\u00e9taux pr\u00e9cieux","potentialAction":[{"@type":"SearchAction","target":{"@type":"EntryPoint","urlTemplate":"https:\/\/www.gold.fr\/news\/?s={search_term_string}"},"query-input":{"@type":"PropertyValueSpecification","valueRequired":true,"valueName":"search_term_string"}}],"inLanguage":"fr-FR"},{"@type":"Person","@id":"https:\/\/www.gold.fr\/news\/#\/schema\/person\/070491b4b4fb7671bf59b3be20302ce9","name":"Comptoir National de l'Or","image":{"@type":"ImageObject","inLanguage":"fr-FR","@id":"https:\/\/secure.gravatar.com\/avatar\/0a2867fd5abe37bed95d5a65e9d58f01756e11efc68af9888dfc50cfa7f65948?s=96&d=mm&r=gb490554db0a38188709de567aa58480d","url":"https:\/\/secure.gravatar.com\/avatar\/0a2867fd5abe37bed95d5a65e9d58f01756e11efc68af9888dfc50cfa7f65948?s=96&d=mm&r=g","contentUrl":"https:\/\/secure.gravatar.com\/avatar\/0a2867fd5abe37bed95d5a65e9d58f01756e11efc68af9888dfc50cfa7f65948?s=96&d=mm&r=g","caption":"Comptoir National de l'Or"},"description":"Notre r\u00e9daction est constitu\u00e9e de membres experts dans les m\u00e9tiers de l'\u00e9conomie et la gestion, des Responsables d'agence Comptoir National de l'Or, des analystes financiers qui publient r\u00e9guli\u00e8rement des \u00e9tudes sur les politiques des banques centrales, le cours de l'or, prix de l'or, cours de l'argent, prix de l'argent, cours du platine, cours du palladium,... la situation en zone euro et l'impact de la strat\u00e9gie mon\u00e9taire de la FED. Notre \u00e9quipe scrute \u00e9galement une information plus g\u00e9n\u00e9raliste \u00e0 la recherche d'actualit\u00e9 \"p\u00e9pite\" \u00e0 vous partager. Depuis 5 ans, nous avons publi\u00e9 un peu plus de 4000 articles qui s'adressent \u00e0 un public large et vari\u00e9 ayant pour objectif de satisfaire votre curiosit\u00e9 et de partager avec vous une certaine fascination pour le m\u00e9tal jaune, le rachat d'or, et pour ceux qui veulent investir dans l'or, vendre leur or tout simplement en savoir plus... Pour tous vos achat or et argent, n'h\u00e9sitez pas \u00e0 prendre rendez-vous dans l'un de nos nombreux comptoirs.","sameAs":["https:\/\/www.gold.fr"]}]}},"authors":[{"term_id":2565,"user_id":18,"is_guest":0,"slug":"julie","display_name":"Comptoir National de l'Or","avatar_url":"https:\/\/secure.gravatar.com\/avatar\/713f289e398d35ead876c4a4cc08607f0d6d266058cfc25683fffb6092d0e572?s=96&d=mm&r=g","0":null,"1":"","2":"","3":"","4":"","5":"","6":"","7":"","8":""}],"_links":{"self":[{"href":"https:\/\/www.gold.fr\/news\/wp-json\/wp\/v2\/posts\/21747","targetHints":{"allow":["GET"]}}],"collection":[{"href":"https:\/\/www.gold.fr\/news\/wp-json\/wp\/v2\/posts"}],"about":[{"href":"https:\/\/www.gold.fr\/news\/wp-json\/wp\/v2\/types\/post"}],"author":[{"embeddable":true,"href":"https:\/\/www.gold.fr\/news\/wp-json\/wp\/v2\/users\/18"}],"replies":[{"embeddable":true,"href":"https:\/\/www.gold.fr\/news\/wp-json\/wp\/v2\/comments?post=21747"}],"version-history":[{"count":0,"href":"https:\/\/www.gold.fr\/news\/wp-json\/wp\/v2\/posts\/21747\/revisions"}],"wp:featuredmedia":[{"embeddable":true,"href":"https:\/\/www.gold.fr\/news\/wp-json\/wp\/v2\/media\/16305"}],"wp:attachment":[{"href":"https:\/\/www.gold.fr\/news\/wp-json\/wp\/v2\/media?parent=21747"}],"wp:term":[{"taxonomy":"category","embeddable":true,"href":"https:\/\/www.gold.fr\/news\/wp-json\/wp\/v2\/categories?post=21747"},{"taxonomy":"post_tag","embeddable":true,"href":"https:\/\/www.gold.fr\/news\/wp-json\/wp\/v2\/tags?post=21747"},{"taxonomy":"author","embeddable":true,"href":"https:\/\/www.gold.fr\/news\/wp-json\/wp\/v2\/ppma_author?post=21747"}],"curies":[{"name":"wp","href":"https:\/\/api.w.org\/{rel}","templated":true}]}}