{"id":21560,"date":"2017-07-27T13:00:19","date_gmt":"2017-07-27T11:00:19","guid":{"rendered":"https:\/\/www.gold.fr\/news\/?p=21560"},"modified":"2021-01-11T16:25:09","modified_gmt":"2021-01-11T15:25:09","slug":"cours-du-jeudi-27-juillet-2017","status":"publish","type":"post","link":"https:\/\/www.gold.fr\/news\/2017\/07\/27\/cours-du-jeudi-27-juillet-2017\/","title":{"rendered":"Cours du jeudi 27 juillet 2017"},"content":{"rendered":"<p><img loading=\"lazy\" decoding=\"async\" class=\"alignleft wp-image-4338 size-thumbnail\" title=\"Cours du jeudi 27 juillet 2017\" src=\"https:\/\/www.gold.fr\/news\/wp-content\/uploads\/2011\/12\/cours-de-lor1-150x150.jpg\" alt=\"Cours du jeudi 27 juillet 2017\" width=\"150\" height=\"150\" \/>La tendance \u00e9tait plut\u00f4t \u00e0 l&rsquo;optimisme au niveau des march\u00e9s europ\u00e9ens lors de la s\u00e9ance d&rsquo;hier, \u00e0 l&rsquo;approche de la fin de la r\u00e9union du comit\u00e9 de la politique mon\u00e9taire de la R\u00e9serve f\u00e9d\u00e9rale am\u00e9ricaine. Ainsi, <strong>le FTSE<\/strong> de Londres ainsi que le <strong>CAC 40<\/strong> fran\u00e7ais r\u00e9alisent une hausse de <strong>0,5 %<\/strong> alors que <strong>le DAX<\/strong> progresse de <strong>0,3 %<\/strong>.    Les \u00e9conomistes \u00e9taient quasiment certains que <strong>la Fed<\/strong> n&rsquo;allait pas modifier sa communication et s&rsquo;attendaient \u00e0 un communiqu\u00e9 semblable \u00e0 celui \u00e9tabli lors du 14 juin dernier. Dans le premier paragraphe, <strong>la Fed<\/strong> reviendrait sur l&rsquo;importance de la conjoncture \u00e9conomique actuelle avant de partager l&rsquo;opinion de ses membres quant \u00e0 l&rsquo;\u00e9volution r\u00e9cente du taux d&rsquo;inflation. La communication porterait aussi sur le prochain d\u00e9clenchement de la phase de r\u00e9duction automatique et graduelle du bilan de la Banque centrale am\u00e9ricaine ce qui confirmerait la mise en place de ce processus lors de la prochaine r\u00e9union du mois de septembre.    Dans ce contexte, le m\u00e9tal jaune reprend sa variation positive et affiche en ce <strong>jeudi 27 juillet 2017<\/strong> un taux de <strong>1,20 %<\/strong> et une mesure \u00e0 l&rsquo;ouverture de la s\u00e9ance \u00e0 <strong>1.244,80 dollars<\/strong> <a href=\"https:\/\/www.gold.fr\/once-or-nyc\/\" target=\"_blank\" rel=\"noopener noreferrer\">l\u2019once<\/a>. La mesure la plus hausse constat\u00e9e jusqu&rsquo;\u00e0 pr\u00e9sent est de <strong>1.247,40 dollars<\/strong> pour <a href=\"https:\/\/www.gold.fr\/once-or-nyc\/\" target=\"_blank\" rel=\"noopener noreferrer\">l\u2019once<\/a>.<\/p>\n<!-- AddThis Advanced Settings generic via filter on the_content --><!-- AddThis Share Buttons generic via filter on the_content -->","protected":false},"excerpt":{"rendered":"<p>La tendance \u00e9tait plut\u00f4t \u00e0 l&rsquo;optimisme au niveau des march\u00e9s europ\u00e9ens lors de la s\u00e9ance d&rsquo;hier, \u00e0 l&rsquo;approche de la fin de la r\u00e9union du comit\u00e9 de la politique mon\u00e9taire de la R\u00e9serve f\u00e9d\u00e9rale am\u00e9ricaine. Ainsi, [&hellip;]<\/p>\n","protected":false},"author":18,"featured_media":4338,"comment_status":"closed","ping_status":"closed","sticky":false,"template":"","format":"standard","meta":{"_mbp_gutenberg_autopost":false,"_pgmb_is_evergreen":false,"_pgmb_ap_template_id":0,"footnotes":""},"categories":[5],"tags":[84],"ppma_author":[2565],"class_list":["post-21560","post","type-post","status-publish","format-standard","has-post-thumbnail","hentry","category-flash-infos","tag-cours-de-lor"],"yoast_head":"<!-- This site is optimized with the Yoast SEO plugin v27.5 - https:\/\/yoast.com\/product\/yoast-seo-wordpress\/ -->\n<title>Cours du jeudi 27 juillet 2017 - Gold.fr<\/title>\n<meta name=\"robots\" content=\"index, follow, max-snippet:-1, max-image-preview:large, max-video-preview:-1\" \/>\n<link rel=\"canonical\" href=\"https:\/\/www.gold.fr\/news\/2017\/07\/27\/cours-du-jeudi-27-juillet-2017\/\" \/>\n<meta property=\"og:locale\" content=\"fr_FR\" \/>\n<meta property=\"og:type\" content=\"article\" \/>\n<meta property=\"og:title\" content=\"Cours du jeudi 27 juillet 2017 - Gold.fr\" \/>\n<meta property=\"og:description\" content=\"La tendance \u00e9tait plut\u00f4t \u00e0 l&rsquo;optimisme au niveau des march\u00e9s europ\u00e9ens lors de la s\u00e9ance d&rsquo;hier, \u00e0 l&rsquo;approche de la fin de la r\u00e9union du comit\u00e9 de la politique mon\u00e9taire de la R\u00e9serve f\u00e9d\u00e9rale am\u00e9ricaine. Ainsi, [&hellip;]\" \/>\n<meta property=\"og:url\" content=\"https:\/\/www.gold.fr\/news\/2017\/07\/27\/cours-du-jeudi-27-juillet-2017\/\" \/>\n<meta property=\"og:site_name\" content=\"Gold.fr\" \/>\n<meta property=\"article:publisher\" content=\"https:\/\/www.facebook.com\/Goldfr\/\" \/>\n<meta property=\"article:published_time\" content=\"2017-07-27T11:00:19+00:00\" \/>\n<meta property=\"article:modified_time\" content=\"2021-01-11T15:25:09+00:00\" \/>\n<meta property=\"og:image\" content=\"https:\/\/www.gold.fr\/news\/wp-content\/uploads\/2011\/12\/cours-de-lor1.jpg\" \/>\n\t<meta property=\"og:image:width\" content=\"625\" \/>\n\t<meta property=\"og:image:height\" content=\"351\" \/>\n\t<meta property=\"og:image:type\" content=\"image\/jpeg\" \/>\n<meta name=\"author\" content=\"Comptoir National de l&#039;Or\" \/>\n<meta name=\"twitter:card\" content=\"summary_large_image\" \/>\n<meta name=\"twitter:label1\" content=\"\u00c9crit par\" \/>\n\t<meta name=\"twitter:data1\" content=\"Comptoir National de l&#039;Or\" \/>\n\t<meta name=\"twitter:label2\" content=\"Dur\u00e9e de lecture estim\u00e9e\" \/>\n\t<meta name=\"twitter:data2\" content=\"1 minute\" \/>\n<script type=\"application\/ld+json\" class=\"yoast-schema-graph\">{\"@context\":\"https:\\\/\\\/schema.org\",\"@graph\":[{\"@type\":\"Article\",\"@id\":\"https:\\\/\\\/www.gold.fr\\\/news\\\/2017\\\/07\\\/27\\\/cours-du-jeudi-27-juillet-2017\\\/#article\",\"isPartOf\":{\"@id\":\"https:\\\/\\\/www.gold.fr\\\/news\\\/2017\\\/07\\\/27\\\/cours-du-jeudi-27-juillet-2017\\\/\"},\"author\":{\"name\":\"Comptoir National de l'Or\",\"@id\":\"https:\\\/\\\/www.gold.fr\\\/news\\\/#\\\/schema\\\/person\\\/070491b4b4fb7671bf59b3be20302ce9\"},\"headline\":\"Cours du jeudi 27 juillet 2017\",\"datePublished\":\"2017-07-27T11:00:19+00:00\",\"dateModified\":\"2021-01-11T15:25:09+00:00\",\"mainEntityOfPage\":{\"@id\":\"https:\\\/\\\/www.gold.fr\\\/news\\\/2017\\\/07\\\/27\\\/cours-du-jeudi-27-juillet-2017\\\/\"},\"wordCount\":224,\"image\":{\"@id\":\"https:\\\/\\\/www.gold.fr\\\/news\\\/2017\\\/07\\\/27\\\/cours-du-jeudi-27-juillet-2017\\\/#primaryimage\"},\"thumbnailUrl\":\"https:\\\/\\\/www.gold.fr\\\/news\\\/wp-content\\\/uploads\\\/2011\\\/12\\\/cours-de-lor1.jpg\",\"keywords\":[\"Tout Cours de l'Or\"],\"articleSection\":[\"Flash infos\"],\"inLanguage\":\"fr-FR\"},{\"@type\":\"WebPage\",\"@id\":\"https:\\\/\\\/www.gold.fr\\\/news\\\/2017\\\/07\\\/27\\\/cours-du-jeudi-27-juillet-2017\\\/\",\"url\":\"https:\\\/\\\/www.gold.fr\\\/news\\\/2017\\\/07\\\/27\\\/cours-du-jeudi-27-juillet-2017\\\/\",\"name\":\"Cours du jeudi 27 juillet 2017 - Gold.fr\",\"isPartOf\":{\"@id\":\"https:\\\/\\\/www.gold.fr\\\/news\\\/#website\"},\"primaryImageOfPage\":{\"@id\":\"https:\\\/\\\/www.gold.fr\\\/news\\\/2017\\\/07\\\/27\\\/cours-du-jeudi-27-juillet-2017\\\/#primaryimage\"},\"image\":{\"@id\":\"https:\\\/\\\/www.gold.fr\\\/news\\\/2017\\\/07\\\/27\\\/cours-du-jeudi-27-juillet-2017\\\/#primaryimage\"},\"thumbnailUrl\":\"https:\\\/\\\/www.gold.fr\\\/news\\\/wp-content\\\/uploads\\\/2011\\\/12\\\/cours-de-lor1.jpg\",\"datePublished\":\"2017-07-27T11:00:19+00:00\",\"dateModified\":\"2021-01-11T15:25:09+00:00\",\"author\":{\"@id\":\"https:\\\/\\\/www.gold.fr\\\/news\\\/#\\\/schema\\\/person\\\/070491b4b4fb7671bf59b3be20302ce9\"},\"breadcrumb\":{\"@id\":\"https:\\\/\\\/www.gold.fr\\\/news\\\/2017\\\/07\\\/27\\\/cours-du-jeudi-27-juillet-2017\\\/#breadcrumb\"},\"inLanguage\":\"fr-FR\",\"potentialAction\":[{\"@type\":\"ReadAction\",\"target\":[\"https:\\\/\\\/www.gold.fr\\\/news\\\/2017\\\/07\\\/27\\\/cours-du-jeudi-27-juillet-2017\\\/\"]}]},{\"@type\":\"ImageObject\",\"inLanguage\":\"fr-FR\",\"@id\":\"https:\\\/\\\/www.gold.fr\\\/news\\\/2017\\\/07\\\/27\\\/cours-du-jeudi-27-juillet-2017\\\/#primaryimage\",\"url\":\"https:\\\/\\\/www.gold.fr\\\/news\\\/wp-content\\\/uploads\\\/2011\\\/12\\\/cours-de-lor1.jpg\",\"contentUrl\":\"https:\\\/\\\/www.gold.fr\\\/news\\\/wp-content\\\/uploads\\\/2011\\\/12\\\/cours-de-lor1.jpg\",\"width\":\"625\",\"height\":\"351\",\"caption\":\"Cours de l\u2019once : retour sur les performances des semaines pass\u00e9es\"},{\"@type\":\"BreadcrumbList\",\"@id\":\"https:\\\/\\\/www.gold.fr\\\/news\\\/2017\\\/07\\\/27\\\/cours-du-jeudi-27-juillet-2017\\\/#breadcrumb\",\"itemListElement\":[{\"@type\":\"ListItem\",\"position\":1,\"name\":\"Accueil\",\"item\":\"https:\\\/\\\/www.gold.fr\\\/\"},{\"@type\":\"ListItem\",\"position\":2,\"name\":\"Actualit\u00e9s\",\"item\":\"https:\\\/\\\/www.gold.fr\\\/news\\\/\"},{\"@type\":\"ListItem\",\"position\":3,\"name\":\"Cours du jeudi 27 juillet 2017\"}]},{\"@type\":\"WebSite\",\"@id\":\"https:\\\/\\\/www.gold.fr\\\/news\\\/#website\",\"url\":\"https:\\\/\\\/www.gold.fr\\\/news\\\/\",\"name\":\"Gold.fr\",\"description\":\"Actualit\u00e9s de l&#039;Or et des m\u00e9taux pr\u00e9cieux\",\"potentialAction\":[{\"@type\":\"SearchAction\",\"target\":{\"@type\":\"EntryPoint\",\"urlTemplate\":\"https:\\\/\\\/www.gold.fr\\\/news\\\/?s={search_term_string}\"},\"query-input\":{\"@type\":\"PropertyValueSpecification\",\"valueRequired\":true,\"valueName\":\"search_term_string\"}}],\"inLanguage\":\"fr-FR\"},{\"@type\":\"Person\",\"@id\":\"https:\\\/\\\/www.gold.fr\\\/news\\\/#\\\/schema\\\/person\\\/070491b4b4fb7671bf59b3be20302ce9\",\"name\":\"Comptoir National de l'Or\",\"image\":{\"@type\":\"ImageObject\",\"inLanguage\":\"fr-FR\",\"@id\":\"https:\\\/\\\/secure.gravatar.com\\\/avatar\\\/0a2867fd5abe37bed95d5a65e9d58f01756e11efc68af9888dfc50cfa7f65948?s=96&d=mm&r=gb490554db0a38188709de567aa58480d\",\"url\":\"https:\\\/\\\/secure.gravatar.com\\\/avatar\\\/0a2867fd5abe37bed95d5a65e9d58f01756e11efc68af9888dfc50cfa7f65948?s=96&d=mm&r=g\",\"contentUrl\":\"https:\\\/\\\/secure.gravatar.com\\\/avatar\\\/0a2867fd5abe37bed95d5a65e9d58f01756e11efc68af9888dfc50cfa7f65948?s=96&d=mm&r=g\",\"caption\":\"Comptoir National de l'Or\"},\"description\":\"Notre r\u00e9daction est constitu\u00e9e de membres experts dans les m\u00e9tiers de l'\u00e9conomie et la gestion, des Responsables d'agence Comptoir National de l'Or, des analystes financiers qui publient r\u00e9guli\u00e8rement des \u00e9tudes sur les politiques des banques centrales, le cours de l'or, prix de l'or, cours de l'argent, prix de l'argent, cours du platine, cours du palladium,... la situation en zone euro et l'impact de la strat\u00e9gie mon\u00e9taire de la FED. Notre \u00e9quipe scrute \u00e9galement une information plus g\u00e9n\u00e9raliste \u00e0 la recherche d'actualit\u00e9 \\\"p\u00e9pite\\\" \u00e0 vous partager. Depuis 5 ans, nous avons publi\u00e9 un peu plus de 4000 articles qui s'adressent \u00e0 un public large et vari\u00e9 ayant pour objectif de satisfaire votre curiosit\u00e9 et de partager avec vous une certaine fascination pour le m\u00e9tal jaune, le rachat d'or, et pour ceux qui veulent investir dans l'or, vendre leur or tout simplement en savoir plus... Pour tous vos achat or et argent, n'h\u00e9sitez pas \u00e0 prendre rendez-vous dans l'un de nos nombreux comptoirs.\",\"sameAs\":[\"https:\\\/\\\/www.gold.fr\"]}]}<\/script>\n<!-- \/ Yoast SEO plugin. -->","yoast_head_json":{"title":"Cours du jeudi 27 juillet 2017 - Gold.fr","robots":{"index":"index","follow":"follow","max-snippet":"max-snippet:-1","max-image-preview":"max-image-preview:large","max-video-preview":"max-video-preview:-1"},"canonical":"https:\/\/www.gold.fr\/news\/2017\/07\/27\/cours-du-jeudi-27-juillet-2017\/","og_locale":"fr_FR","og_type":"article","og_title":"Cours du jeudi 27 juillet 2017 - Gold.fr","og_description":"La tendance \u00e9tait plut\u00f4t \u00e0 l&rsquo;optimisme au niveau des march\u00e9s europ\u00e9ens lors de la s\u00e9ance d&rsquo;hier, \u00e0 l&rsquo;approche de la fin de la r\u00e9union du comit\u00e9 de la politique mon\u00e9taire de la R\u00e9serve f\u00e9d\u00e9rale am\u00e9ricaine. Ainsi, [&hellip;]","og_url":"https:\/\/www.gold.fr\/news\/2017\/07\/27\/cours-du-jeudi-27-juillet-2017\/","og_site_name":"Gold.fr","article_publisher":"https:\/\/www.facebook.com\/Goldfr\/","article_published_time":"2017-07-27T11:00:19+00:00","article_modified_time":"2021-01-11T15:25:09+00:00","og_image":[{"width":625,"height":351,"url":"https:\/\/www.gold.fr\/news\/wp-content\/uploads\/2011\/12\/cours-de-lor1.jpg","type":"image\/jpeg"}],"author":"Comptoir National de l'Or","twitter_card":"summary_large_image","twitter_misc":{"\u00c9crit par":"Comptoir National de l'Or","Dur\u00e9e de lecture estim\u00e9e":"1 minute"},"schema":{"@context":"https:\/\/schema.org","@graph":[{"@type":"Article","@id":"https:\/\/www.gold.fr\/news\/2017\/07\/27\/cours-du-jeudi-27-juillet-2017\/#article","isPartOf":{"@id":"https:\/\/www.gold.fr\/news\/2017\/07\/27\/cours-du-jeudi-27-juillet-2017\/"},"author":{"name":"Comptoir National de l'Or","@id":"https:\/\/www.gold.fr\/news\/#\/schema\/person\/070491b4b4fb7671bf59b3be20302ce9"},"headline":"Cours du jeudi 27 juillet 2017","datePublished":"2017-07-27T11:00:19+00:00","dateModified":"2021-01-11T15:25:09+00:00","mainEntityOfPage":{"@id":"https:\/\/www.gold.fr\/news\/2017\/07\/27\/cours-du-jeudi-27-juillet-2017\/"},"wordCount":224,"image":{"@id":"https:\/\/www.gold.fr\/news\/2017\/07\/27\/cours-du-jeudi-27-juillet-2017\/#primaryimage"},"thumbnailUrl":"https:\/\/www.gold.fr\/news\/wp-content\/uploads\/2011\/12\/cours-de-lor1.jpg","keywords":["Tout Cours de l'Or"],"articleSection":["Flash infos"],"inLanguage":"fr-FR"},{"@type":"WebPage","@id":"https:\/\/www.gold.fr\/news\/2017\/07\/27\/cours-du-jeudi-27-juillet-2017\/","url":"https:\/\/www.gold.fr\/news\/2017\/07\/27\/cours-du-jeudi-27-juillet-2017\/","name":"Cours du jeudi 27 juillet 2017 - Gold.fr","isPartOf":{"@id":"https:\/\/www.gold.fr\/news\/#website"},"primaryImageOfPage":{"@id":"https:\/\/www.gold.fr\/news\/2017\/07\/27\/cours-du-jeudi-27-juillet-2017\/#primaryimage"},"image":{"@id":"https:\/\/www.gold.fr\/news\/2017\/07\/27\/cours-du-jeudi-27-juillet-2017\/#primaryimage"},"thumbnailUrl":"https:\/\/www.gold.fr\/news\/wp-content\/uploads\/2011\/12\/cours-de-lor1.jpg","datePublished":"2017-07-27T11:00:19+00:00","dateModified":"2021-01-11T15:25:09+00:00","author":{"@id":"https:\/\/www.gold.fr\/news\/#\/schema\/person\/070491b4b4fb7671bf59b3be20302ce9"},"breadcrumb":{"@id":"https:\/\/www.gold.fr\/news\/2017\/07\/27\/cours-du-jeudi-27-juillet-2017\/#breadcrumb"},"inLanguage":"fr-FR","potentialAction":[{"@type":"ReadAction","target":["https:\/\/www.gold.fr\/news\/2017\/07\/27\/cours-du-jeudi-27-juillet-2017\/"]}]},{"@type":"ImageObject","inLanguage":"fr-FR","@id":"https:\/\/www.gold.fr\/news\/2017\/07\/27\/cours-du-jeudi-27-juillet-2017\/#primaryimage","url":"https:\/\/www.gold.fr\/news\/wp-content\/uploads\/2011\/12\/cours-de-lor1.jpg","contentUrl":"https:\/\/www.gold.fr\/news\/wp-content\/uploads\/2011\/12\/cours-de-lor1.jpg","width":"625","height":"351","caption":"Cours de l\u2019once : retour sur les performances des semaines pass\u00e9es"},{"@type":"BreadcrumbList","@id":"https:\/\/www.gold.fr\/news\/2017\/07\/27\/cours-du-jeudi-27-juillet-2017\/#breadcrumb","itemListElement":[{"@type":"ListItem","position":1,"name":"Accueil","item":"https:\/\/www.gold.fr\/"},{"@type":"ListItem","position":2,"name":"Actualit\u00e9s","item":"https:\/\/www.gold.fr\/news\/"},{"@type":"ListItem","position":3,"name":"Cours du jeudi 27 juillet 2017"}]},{"@type":"WebSite","@id":"https:\/\/www.gold.fr\/news\/#website","url":"https:\/\/www.gold.fr\/news\/","name":"Gold.fr","description":"Actualit\u00e9s de l&#039;Or et des m\u00e9taux pr\u00e9cieux","potentialAction":[{"@type":"SearchAction","target":{"@type":"EntryPoint","urlTemplate":"https:\/\/www.gold.fr\/news\/?s={search_term_string}"},"query-input":{"@type":"PropertyValueSpecification","valueRequired":true,"valueName":"search_term_string"}}],"inLanguage":"fr-FR"},{"@type":"Person","@id":"https:\/\/www.gold.fr\/news\/#\/schema\/person\/070491b4b4fb7671bf59b3be20302ce9","name":"Comptoir National de l'Or","image":{"@type":"ImageObject","inLanguage":"fr-FR","@id":"https:\/\/secure.gravatar.com\/avatar\/0a2867fd5abe37bed95d5a65e9d58f01756e11efc68af9888dfc50cfa7f65948?s=96&d=mm&r=gb490554db0a38188709de567aa58480d","url":"https:\/\/secure.gravatar.com\/avatar\/0a2867fd5abe37bed95d5a65e9d58f01756e11efc68af9888dfc50cfa7f65948?s=96&d=mm&r=g","contentUrl":"https:\/\/secure.gravatar.com\/avatar\/0a2867fd5abe37bed95d5a65e9d58f01756e11efc68af9888dfc50cfa7f65948?s=96&d=mm&r=g","caption":"Comptoir National de l'Or"},"description":"Notre r\u00e9daction est constitu\u00e9e de membres experts dans les m\u00e9tiers de l'\u00e9conomie et la gestion, des Responsables d'agence Comptoir National de l'Or, des analystes financiers qui publient r\u00e9guli\u00e8rement des \u00e9tudes sur les politiques des banques centrales, le cours de l'or, prix de l'or, cours de l'argent, prix de l'argent, cours du platine, cours du palladium,... la situation en zone euro et l'impact de la strat\u00e9gie mon\u00e9taire de la FED. Notre \u00e9quipe scrute \u00e9galement une information plus g\u00e9n\u00e9raliste \u00e0 la recherche d'actualit\u00e9 \"p\u00e9pite\" \u00e0 vous partager. Depuis 5 ans, nous avons publi\u00e9 un peu plus de 4000 articles qui s'adressent \u00e0 un public large et vari\u00e9 ayant pour objectif de satisfaire votre curiosit\u00e9 et de partager avec vous une certaine fascination pour le m\u00e9tal jaune, le rachat d'or, et pour ceux qui veulent investir dans l'or, vendre leur or tout simplement en savoir plus... Pour tous vos achat or et argent, n'h\u00e9sitez pas \u00e0 prendre rendez-vous dans l'un de nos nombreux comptoirs.","sameAs":["https:\/\/www.gold.fr"]}]}},"authors":[{"term_id":2565,"user_id":18,"is_guest":0,"slug":"julie","display_name":"Comptoir National de l'Or","avatar_url":"https:\/\/secure.gravatar.com\/avatar\/713f289e398d35ead876c4a4cc08607f0d6d266058cfc25683fffb6092d0e572?s=96&d=mm&r=g","0":null,"1":"","2":"","3":"","4":"","5":"","6":"","7":"","8":""}],"_links":{"self":[{"href":"https:\/\/www.gold.fr\/news\/wp-json\/wp\/v2\/posts\/21560","targetHints":{"allow":["GET"]}}],"collection":[{"href":"https:\/\/www.gold.fr\/news\/wp-json\/wp\/v2\/posts"}],"about":[{"href":"https:\/\/www.gold.fr\/news\/wp-json\/wp\/v2\/types\/post"}],"author":[{"embeddable":true,"href":"https:\/\/www.gold.fr\/news\/wp-json\/wp\/v2\/users\/18"}],"replies":[{"embeddable":true,"href":"https:\/\/www.gold.fr\/news\/wp-json\/wp\/v2\/comments?post=21560"}],"version-history":[{"count":0,"href":"https:\/\/www.gold.fr\/news\/wp-json\/wp\/v2\/posts\/21560\/revisions"}],"wp:featuredmedia":[{"embeddable":true,"href":"https:\/\/www.gold.fr\/news\/wp-json\/wp\/v2\/media\/4338"}],"wp:attachment":[{"href":"https:\/\/www.gold.fr\/news\/wp-json\/wp\/v2\/media?parent=21560"}],"wp:term":[{"taxonomy":"category","embeddable":true,"href":"https:\/\/www.gold.fr\/news\/wp-json\/wp\/v2\/categories?post=21560"},{"taxonomy":"post_tag","embeddable":true,"href":"https:\/\/www.gold.fr\/news\/wp-json\/wp\/v2\/tags?post=21560"},{"taxonomy":"author","embeddable":true,"href":"https:\/\/www.gold.fr\/news\/wp-json\/wp\/v2\/ppma_author?post=21560"}],"curies":[{"name":"wp","href":"https:\/\/api.w.org\/{rel}","templated":true}]}}