{"id":21519,"date":"2017-07-17T10:00:43","date_gmt":"2017-07-17T08:00:43","guid":{"rendered":"https:\/\/www.gold.fr\/news\/?p=21519"},"modified":"2021-01-11T16:28:02","modified_gmt":"2021-01-11T15:28:02","slug":"lonce-dor-dans-le-vert-pendant-toute-une-semaine","status":"publish","type":"post","link":"https:\/\/www.gold.fr\/news\/2017\/07\/17\/lonce-dor-dans-le-vert-pendant-toute-une-semaine\/","title":{"rendered":"L\u2019once d\u2019or dans le vert pendant toute une semaine"},"content":{"rendered":"<p><img loading=\"lazy\" decoding=\"async\" class=\"alignleft wp-image-3687 size-thumbnail\" title=\"L\u2019once d\u2019or dans le vert pendant toute une semaine\" src=\"https:\/\/www.gold.fr\/news\/wp-content\/uploads\/2011\/11\/Once-or-21-150x150.jpg\" alt=\"L\u2019once d\u2019or dans le vert pendant toute une semaine\" width=\"150\" height=\"150\" \/>La reprise de la progression du <a href=\"https:\/\/www.gold.fr\/cours-or-prix-de-l-or\/\" target=\"_blank\" rel=\"noopener noreferrer\">cours<\/a> de <a href=\"https:\/\/www.gold.fr\/once-or-nyc\/\" target=\"_blank\" rel=\"noopener noreferrer\">l\u2019once<\/a> a \u00e9t\u00e9 maintenue tout au long de la semaine \u00e9coul\u00e9e. Ainsi, une hausse de <strong>1,5 %<\/strong> a \u00e9t\u00e9 enregistr\u00e9e par rapport aux plus bas niveaux constat\u00e9s durant les trois derniers mois. Profitant de la faiblesse que conna\u00eet actuellement la devise am\u00e9ricaine, le m\u00e9tal jaune affiche un <a href=\"https:\/\/www.gold.fr\/cours-or-prix-de-l-or\/\" target=\"_blank\" rel=\"noopener noreferrer\">cours<\/a> de <strong>1.225 dollars<\/strong> <a href=\"https:\/\/www.gold.fr\/once-or-nyc\/\" target=\"_blank\" rel=\"noopener noreferrer\">l\u2019once<\/a> juste avant l&rsquo;allocution de la pr\u00e9sidente de la R\u00e9serve f\u00e9d\u00e9rale am\u00e9ricaine, <strong>Janet Yellen<\/strong>.    Rappelons que l&rsquo;objet de son audition devant le Congr\u00e8s am\u00e9ricain portait sur les taux d&rsquo;int\u00e9r\u00eat ainsi que sur la politique mon\u00e9taire que comptent suivre les <strong>Etats-Unis<\/strong>. Au niveau des march\u00e9s financiers asiatiques et europ\u00e9ens, les actions ne cessent de fluctuer alors que les tarifs des commodit\u00e9s et des bons r\u00e9alisent une progression.    Par ailleurs, les march\u00e9s des mati\u00e8res premi\u00e8res connaissent un important volume des \u00e9changes puisque ce dernier avance de <strong>39 %<\/strong> par rapport \u00e0 la production mondiale enregistr\u00e9e durant l&rsquo;an dernier. Le m\u00e9tal jaune pourrait se n\u00e9gocier de mani\u00e8re lat\u00e9rale s&rsquo;il arrive \u00e0 se maintenir au-dessus de la barre symbolique des <strong>1.200 dollars<\/strong> <a href=\"https:\/\/www.gold.fr\/once-or-nyc\/\" target=\"_blank\" rel=\"noopener noreferrer\">l\u2019once<\/a>.<\/p>\n<!-- AddThis Advanced Settings generic via filter on the_content --><!-- AddThis Share Buttons generic via filter on the_content -->","protected":false},"excerpt":{"rendered":"<p>La reprise de la progression du cours de l\u2019once a \u00e9t\u00e9 maintenue tout au long de la semaine \u00e9coul\u00e9e. Ainsi, une hausse de 1,5 % a \u00e9t\u00e9 enregistr\u00e9e par rapport aux plus bas niveaux constat\u00e9s durant [&hellip;]<\/p>\n","protected":false},"author":18,"featured_media":3687,"comment_status":"closed","ping_status":"closed","sticky":false,"template":"","format":"standard","meta":{"_mbp_gutenberg_autopost":false,"_pgmb_is_evergreen":false,"_pgmb_ap_template_id":0,"footnotes":""},"categories":[6],"tags":[2050,85],"ppma_author":[2565],"class_list":["post-21519","post","type-post","status-publish","format-standard","has-post-thumbnail","hentry","category-articles-de-presse","tag-cours-once","tag-once-dor"],"yoast_head":"<!-- This site is optimized with the Yoast SEO plugin v27.5 - https:\/\/yoast.com\/product\/yoast-seo-wordpress\/ -->\n<title>L\u2019once d\u2019or dans le vert pendant toute une semaine - Gold.fr<\/title>\n<meta name=\"robots\" content=\"index, follow, max-snippet:-1, max-image-preview:large, max-video-preview:-1\" \/>\n<link rel=\"canonical\" href=\"https:\/\/www.gold.fr\/news\/2017\/07\/17\/lonce-dor-dans-le-vert-pendant-toute-une-semaine\/\" \/>\n<meta property=\"og:locale\" content=\"fr_FR\" \/>\n<meta property=\"og:type\" content=\"article\" \/>\n<meta property=\"og:title\" content=\"L\u2019once d\u2019or dans le vert pendant toute une semaine - Gold.fr\" \/>\n<meta property=\"og:description\" content=\"La reprise de la progression du cours de l\u2019once a \u00e9t\u00e9 maintenue tout au long de la semaine \u00e9coul\u00e9e. Ainsi, une hausse de 1,5 % a \u00e9t\u00e9 enregistr\u00e9e par rapport aux plus bas niveaux constat\u00e9s durant [&hellip;]\" \/>\n<meta property=\"og:url\" content=\"https:\/\/www.gold.fr\/news\/2017\/07\/17\/lonce-dor-dans-le-vert-pendant-toute-une-semaine\/\" \/>\n<meta property=\"og:site_name\" content=\"Gold.fr\" \/>\n<meta property=\"article:publisher\" content=\"https:\/\/www.facebook.com\/Goldfr\/\" \/>\n<meta property=\"article:published_time\" content=\"2017-07-17T08:00:43+00:00\" \/>\n<meta property=\"article:modified_time\" content=\"2021-01-11T15:28:02+00:00\" \/>\n<meta property=\"og:image\" content=\"https:\/\/www.gold.fr\/news\/wp-content\/uploads\/2011\/11\/Once-or-21-e1320920348187.jpg\" \/>\n\t<meta property=\"og:image:width\" content=\"600\" \/>\n\t<meta property=\"og:image:height\" content=\"404\" \/>\n\t<meta property=\"og:image:type\" content=\"image\/jpeg\" \/>\n<meta name=\"author\" content=\"Comptoir National de l&#039;Or\" \/>\n<meta name=\"twitter:card\" content=\"summary_large_image\" \/>\n<meta name=\"twitter:label1\" content=\"\u00c9crit par\" \/>\n\t<meta name=\"twitter:data1\" content=\"Comptoir National de l&#039;Or\" \/>\n\t<meta name=\"twitter:label2\" content=\"Dur\u00e9e de lecture estim\u00e9e\" \/>\n\t<meta name=\"twitter:data2\" content=\"1 minute\" \/>\n<script type=\"application\/ld+json\" class=\"yoast-schema-graph\">{\"@context\":\"https:\\\/\\\/schema.org\",\"@graph\":[{\"@type\":\"Article\",\"@id\":\"https:\\\/\\\/www.gold.fr\\\/news\\\/2017\\\/07\\\/17\\\/lonce-dor-dans-le-vert-pendant-toute-une-semaine\\\/#article\",\"isPartOf\":{\"@id\":\"https:\\\/\\\/www.gold.fr\\\/news\\\/2017\\\/07\\\/17\\\/lonce-dor-dans-le-vert-pendant-toute-une-semaine\\\/\"},\"author\":{\"name\":\"Comptoir National de l'Or\",\"@id\":\"https:\\\/\\\/www.gold.fr\\\/news\\\/#\\\/schema\\\/person\\\/070491b4b4fb7671bf59b3be20302ce9\"},\"headline\":\"L\u2019once d\u2019or dans le vert pendant toute une semaine\",\"datePublished\":\"2017-07-17T08:00:43+00:00\",\"dateModified\":\"2021-01-11T15:28:02+00:00\",\"mainEntityOfPage\":{\"@id\":\"https:\\\/\\\/www.gold.fr\\\/news\\\/2017\\\/07\\\/17\\\/lonce-dor-dans-le-vert-pendant-toute-une-semaine\\\/\"},\"wordCount\":217,\"image\":{\"@id\":\"https:\\\/\\\/www.gold.fr\\\/news\\\/2017\\\/07\\\/17\\\/lonce-dor-dans-le-vert-pendant-toute-une-semaine\\\/#primaryimage\"},\"thumbnailUrl\":\"https:\\\/\\\/www.gold.fr\\\/news\\\/wp-content\\\/uploads\\\/2011\\\/11\\\/Once-or-21-e1320920348187.jpg\",\"keywords\":[\"cours once\",\"once d'or\"],\"articleSection\":[\"Articles de presse\"],\"inLanguage\":\"fr-FR\"},{\"@type\":\"WebPage\",\"@id\":\"https:\\\/\\\/www.gold.fr\\\/news\\\/2017\\\/07\\\/17\\\/lonce-dor-dans-le-vert-pendant-toute-une-semaine\\\/\",\"url\":\"https:\\\/\\\/www.gold.fr\\\/news\\\/2017\\\/07\\\/17\\\/lonce-dor-dans-le-vert-pendant-toute-une-semaine\\\/\",\"name\":\"L\u2019once d\u2019or dans le vert pendant toute une semaine - Gold.fr\",\"isPartOf\":{\"@id\":\"https:\\\/\\\/www.gold.fr\\\/news\\\/#website\"},\"primaryImageOfPage\":{\"@id\":\"https:\\\/\\\/www.gold.fr\\\/news\\\/2017\\\/07\\\/17\\\/lonce-dor-dans-le-vert-pendant-toute-une-semaine\\\/#primaryimage\"},\"image\":{\"@id\":\"https:\\\/\\\/www.gold.fr\\\/news\\\/2017\\\/07\\\/17\\\/lonce-dor-dans-le-vert-pendant-toute-une-semaine\\\/#primaryimage\"},\"thumbnailUrl\":\"https:\\\/\\\/www.gold.fr\\\/news\\\/wp-content\\\/uploads\\\/2011\\\/11\\\/Once-or-21-e1320920348187.jpg\",\"datePublished\":\"2017-07-17T08:00:43+00:00\",\"dateModified\":\"2021-01-11T15:28:02+00:00\",\"author\":{\"@id\":\"https:\\\/\\\/www.gold.fr\\\/news\\\/#\\\/schema\\\/person\\\/070491b4b4fb7671bf59b3be20302ce9\"},\"breadcrumb\":{\"@id\":\"https:\\\/\\\/www.gold.fr\\\/news\\\/2017\\\/07\\\/17\\\/lonce-dor-dans-le-vert-pendant-toute-une-semaine\\\/#breadcrumb\"},\"inLanguage\":\"fr-FR\",\"potentialAction\":[{\"@type\":\"ReadAction\",\"target\":[\"https:\\\/\\\/www.gold.fr\\\/news\\\/2017\\\/07\\\/17\\\/lonce-dor-dans-le-vert-pendant-toute-une-semaine\\\/\"]}]},{\"@type\":\"ImageObject\",\"inLanguage\":\"fr-FR\",\"@id\":\"https:\\\/\\\/www.gold.fr\\\/news\\\/2017\\\/07\\\/17\\\/lonce-dor-dans-le-vert-pendant-toute-une-semaine\\\/#primaryimage\",\"url\":\"https:\\\/\\\/www.gold.fr\\\/news\\\/wp-content\\\/uploads\\\/2011\\\/11\\\/Once-or-21-e1320920348187.jpg\",\"contentUrl\":\"https:\\\/\\\/www.gold.fr\\\/news\\\/wp-content\\\/uploads\\\/2011\\\/11\\\/Once-or-21-e1320920348187.jpg\",\"width\":\"600\",\"height\":\"404\",\"caption\":\"L\u2019once d\u2019or se remet au vert\"},{\"@type\":\"BreadcrumbList\",\"@id\":\"https:\\\/\\\/www.gold.fr\\\/news\\\/2017\\\/07\\\/17\\\/lonce-dor-dans-le-vert-pendant-toute-une-semaine\\\/#breadcrumb\",\"itemListElement\":[{\"@type\":\"ListItem\",\"position\":1,\"name\":\"Accueil\",\"item\":\"https:\\\/\\\/www.gold.fr\\\/\"},{\"@type\":\"ListItem\",\"position\":2,\"name\":\"Actualit\u00e9s\",\"item\":\"https:\\\/\\\/www.gold.fr\\\/news\\\/\"},{\"@type\":\"ListItem\",\"position\":3,\"name\":\"L\u2019once d\u2019or dans le vert pendant toute une semaine\"}]},{\"@type\":\"WebSite\",\"@id\":\"https:\\\/\\\/www.gold.fr\\\/news\\\/#website\",\"url\":\"https:\\\/\\\/www.gold.fr\\\/news\\\/\",\"name\":\"Gold.fr\",\"description\":\"Actualit\u00e9s de l&#039;Or et des m\u00e9taux pr\u00e9cieux\",\"potentialAction\":[{\"@type\":\"SearchAction\",\"target\":{\"@type\":\"EntryPoint\",\"urlTemplate\":\"https:\\\/\\\/www.gold.fr\\\/news\\\/?s={search_term_string}\"},\"query-input\":{\"@type\":\"PropertyValueSpecification\",\"valueRequired\":true,\"valueName\":\"search_term_string\"}}],\"inLanguage\":\"fr-FR\"},{\"@type\":\"Person\",\"@id\":\"https:\\\/\\\/www.gold.fr\\\/news\\\/#\\\/schema\\\/person\\\/070491b4b4fb7671bf59b3be20302ce9\",\"name\":\"Comptoir National de l'Or\",\"image\":{\"@type\":\"ImageObject\",\"inLanguage\":\"fr-FR\",\"@id\":\"https:\\\/\\\/secure.gravatar.com\\\/avatar\\\/0a2867fd5abe37bed95d5a65e9d58f01756e11efc68af9888dfc50cfa7f65948?s=96&d=mm&r=gb490554db0a38188709de567aa58480d\",\"url\":\"https:\\\/\\\/secure.gravatar.com\\\/avatar\\\/0a2867fd5abe37bed95d5a65e9d58f01756e11efc68af9888dfc50cfa7f65948?s=96&d=mm&r=g\",\"contentUrl\":\"https:\\\/\\\/secure.gravatar.com\\\/avatar\\\/0a2867fd5abe37bed95d5a65e9d58f01756e11efc68af9888dfc50cfa7f65948?s=96&d=mm&r=g\",\"caption\":\"Comptoir National de l'Or\"},\"description\":\"Notre r\u00e9daction est constitu\u00e9e de membres experts dans les m\u00e9tiers de l'\u00e9conomie et la gestion, des Responsables d'agence Comptoir National de l'Or, des analystes financiers qui publient r\u00e9guli\u00e8rement des \u00e9tudes sur les politiques des banques centrales, le cours de l'or, prix de l'or, cours de l'argent, prix de l'argent, cours du platine, cours du palladium,... la situation en zone euro et l'impact de la strat\u00e9gie mon\u00e9taire de la FED. Notre \u00e9quipe scrute \u00e9galement une information plus g\u00e9n\u00e9raliste \u00e0 la recherche d'actualit\u00e9 \\\"p\u00e9pite\\\" \u00e0 vous partager. Depuis 5 ans, nous avons publi\u00e9 un peu plus de 4000 articles qui s'adressent \u00e0 un public large et vari\u00e9 ayant pour objectif de satisfaire votre curiosit\u00e9 et de partager avec vous une certaine fascination pour le m\u00e9tal jaune, le rachat d'or, et pour ceux qui veulent investir dans l'or, vendre leur or tout simplement en savoir plus... Pour tous vos achat or et argent, n'h\u00e9sitez pas \u00e0 prendre rendez-vous dans l'un de nos nombreux comptoirs.\",\"sameAs\":[\"https:\\\/\\\/www.gold.fr\"]}]}<\/script>\n<!-- \/ Yoast SEO plugin. -->","yoast_head_json":{"title":"L\u2019once d\u2019or dans le vert pendant toute une semaine - Gold.fr","robots":{"index":"index","follow":"follow","max-snippet":"max-snippet:-1","max-image-preview":"max-image-preview:large","max-video-preview":"max-video-preview:-1"},"canonical":"https:\/\/www.gold.fr\/news\/2017\/07\/17\/lonce-dor-dans-le-vert-pendant-toute-une-semaine\/","og_locale":"fr_FR","og_type":"article","og_title":"L\u2019once d\u2019or dans le vert pendant toute une semaine - Gold.fr","og_description":"La reprise de la progression du cours de l\u2019once a \u00e9t\u00e9 maintenue tout au long de la semaine \u00e9coul\u00e9e. Ainsi, une hausse de 1,5 % a \u00e9t\u00e9 enregistr\u00e9e par rapport aux plus bas niveaux constat\u00e9s durant [&hellip;]","og_url":"https:\/\/www.gold.fr\/news\/2017\/07\/17\/lonce-dor-dans-le-vert-pendant-toute-une-semaine\/","og_site_name":"Gold.fr","article_publisher":"https:\/\/www.facebook.com\/Goldfr\/","article_published_time":"2017-07-17T08:00:43+00:00","article_modified_time":"2021-01-11T15:28:02+00:00","og_image":[{"width":600,"height":404,"url":"https:\/\/www.gold.fr\/news\/wp-content\/uploads\/2011\/11\/Once-or-21-e1320920348187.jpg","type":"image\/jpeg"}],"author":"Comptoir National de l'Or","twitter_card":"summary_large_image","twitter_misc":{"\u00c9crit par":"Comptoir National de l'Or","Dur\u00e9e de lecture estim\u00e9e":"1 minute"},"schema":{"@context":"https:\/\/schema.org","@graph":[{"@type":"Article","@id":"https:\/\/www.gold.fr\/news\/2017\/07\/17\/lonce-dor-dans-le-vert-pendant-toute-une-semaine\/#article","isPartOf":{"@id":"https:\/\/www.gold.fr\/news\/2017\/07\/17\/lonce-dor-dans-le-vert-pendant-toute-une-semaine\/"},"author":{"name":"Comptoir National de l'Or","@id":"https:\/\/www.gold.fr\/news\/#\/schema\/person\/070491b4b4fb7671bf59b3be20302ce9"},"headline":"L\u2019once d\u2019or dans le vert pendant toute une semaine","datePublished":"2017-07-17T08:00:43+00:00","dateModified":"2021-01-11T15:28:02+00:00","mainEntityOfPage":{"@id":"https:\/\/www.gold.fr\/news\/2017\/07\/17\/lonce-dor-dans-le-vert-pendant-toute-une-semaine\/"},"wordCount":217,"image":{"@id":"https:\/\/www.gold.fr\/news\/2017\/07\/17\/lonce-dor-dans-le-vert-pendant-toute-une-semaine\/#primaryimage"},"thumbnailUrl":"https:\/\/www.gold.fr\/news\/wp-content\/uploads\/2011\/11\/Once-or-21-e1320920348187.jpg","keywords":["cours once","once d'or"],"articleSection":["Articles de presse"],"inLanguage":"fr-FR"},{"@type":"WebPage","@id":"https:\/\/www.gold.fr\/news\/2017\/07\/17\/lonce-dor-dans-le-vert-pendant-toute-une-semaine\/","url":"https:\/\/www.gold.fr\/news\/2017\/07\/17\/lonce-dor-dans-le-vert-pendant-toute-une-semaine\/","name":"L\u2019once d\u2019or dans le vert pendant toute une semaine - Gold.fr","isPartOf":{"@id":"https:\/\/www.gold.fr\/news\/#website"},"primaryImageOfPage":{"@id":"https:\/\/www.gold.fr\/news\/2017\/07\/17\/lonce-dor-dans-le-vert-pendant-toute-une-semaine\/#primaryimage"},"image":{"@id":"https:\/\/www.gold.fr\/news\/2017\/07\/17\/lonce-dor-dans-le-vert-pendant-toute-une-semaine\/#primaryimage"},"thumbnailUrl":"https:\/\/www.gold.fr\/news\/wp-content\/uploads\/2011\/11\/Once-or-21-e1320920348187.jpg","datePublished":"2017-07-17T08:00:43+00:00","dateModified":"2021-01-11T15:28:02+00:00","author":{"@id":"https:\/\/www.gold.fr\/news\/#\/schema\/person\/070491b4b4fb7671bf59b3be20302ce9"},"breadcrumb":{"@id":"https:\/\/www.gold.fr\/news\/2017\/07\/17\/lonce-dor-dans-le-vert-pendant-toute-une-semaine\/#breadcrumb"},"inLanguage":"fr-FR","potentialAction":[{"@type":"ReadAction","target":["https:\/\/www.gold.fr\/news\/2017\/07\/17\/lonce-dor-dans-le-vert-pendant-toute-une-semaine\/"]}]},{"@type":"ImageObject","inLanguage":"fr-FR","@id":"https:\/\/www.gold.fr\/news\/2017\/07\/17\/lonce-dor-dans-le-vert-pendant-toute-une-semaine\/#primaryimage","url":"https:\/\/www.gold.fr\/news\/wp-content\/uploads\/2011\/11\/Once-or-21-e1320920348187.jpg","contentUrl":"https:\/\/www.gold.fr\/news\/wp-content\/uploads\/2011\/11\/Once-or-21-e1320920348187.jpg","width":"600","height":"404","caption":"L\u2019once d\u2019or se remet au vert"},{"@type":"BreadcrumbList","@id":"https:\/\/www.gold.fr\/news\/2017\/07\/17\/lonce-dor-dans-le-vert-pendant-toute-une-semaine\/#breadcrumb","itemListElement":[{"@type":"ListItem","position":1,"name":"Accueil","item":"https:\/\/www.gold.fr\/"},{"@type":"ListItem","position":2,"name":"Actualit\u00e9s","item":"https:\/\/www.gold.fr\/news\/"},{"@type":"ListItem","position":3,"name":"L\u2019once d\u2019or dans le vert pendant toute une semaine"}]},{"@type":"WebSite","@id":"https:\/\/www.gold.fr\/news\/#website","url":"https:\/\/www.gold.fr\/news\/","name":"Gold.fr","description":"Actualit\u00e9s de l&#039;Or et des m\u00e9taux pr\u00e9cieux","potentialAction":[{"@type":"SearchAction","target":{"@type":"EntryPoint","urlTemplate":"https:\/\/www.gold.fr\/news\/?s={search_term_string}"},"query-input":{"@type":"PropertyValueSpecification","valueRequired":true,"valueName":"search_term_string"}}],"inLanguage":"fr-FR"},{"@type":"Person","@id":"https:\/\/www.gold.fr\/news\/#\/schema\/person\/070491b4b4fb7671bf59b3be20302ce9","name":"Comptoir National de l'Or","image":{"@type":"ImageObject","inLanguage":"fr-FR","@id":"https:\/\/secure.gravatar.com\/avatar\/0a2867fd5abe37bed95d5a65e9d58f01756e11efc68af9888dfc50cfa7f65948?s=96&d=mm&r=gb490554db0a38188709de567aa58480d","url":"https:\/\/secure.gravatar.com\/avatar\/0a2867fd5abe37bed95d5a65e9d58f01756e11efc68af9888dfc50cfa7f65948?s=96&d=mm&r=g","contentUrl":"https:\/\/secure.gravatar.com\/avatar\/0a2867fd5abe37bed95d5a65e9d58f01756e11efc68af9888dfc50cfa7f65948?s=96&d=mm&r=g","caption":"Comptoir National de l'Or"},"description":"Notre r\u00e9daction est constitu\u00e9e de membres experts dans les m\u00e9tiers de l'\u00e9conomie et la gestion, des Responsables d'agence Comptoir National de l'Or, des analystes financiers qui publient r\u00e9guli\u00e8rement des \u00e9tudes sur les politiques des banques centrales, le cours de l'or, prix de l'or, cours de l'argent, prix de l'argent, cours du platine, cours du palladium,... la situation en zone euro et l'impact de la strat\u00e9gie mon\u00e9taire de la FED. Notre \u00e9quipe scrute \u00e9galement une information plus g\u00e9n\u00e9raliste \u00e0 la recherche d'actualit\u00e9 \"p\u00e9pite\" \u00e0 vous partager. Depuis 5 ans, nous avons publi\u00e9 un peu plus de 4000 articles qui s'adressent \u00e0 un public large et vari\u00e9 ayant pour objectif de satisfaire votre curiosit\u00e9 et de partager avec vous une certaine fascination pour le m\u00e9tal jaune, le rachat d'or, et pour ceux qui veulent investir dans l'or, vendre leur or tout simplement en savoir plus... Pour tous vos achat or et argent, n'h\u00e9sitez pas \u00e0 prendre rendez-vous dans l'un de nos nombreux comptoirs.","sameAs":["https:\/\/www.gold.fr"]}]}},"authors":[{"term_id":2565,"user_id":18,"is_guest":0,"slug":"julie","display_name":"Comptoir National de l'Or","avatar_url":"https:\/\/secure.gravatar.com\/avatar\/713f289e398d35ead876c4a4cc08607f0d6d266058cfc25683fffb6092d0e572?s=96&d=mm&r=g","0":null,"1":"","2":"","3":"","4":"","5":"","6":"","7":"","8":""}],"_links":{"self":[{"href":"https:\/\/www.gold.fr\/news\/wp-json\/wp\/v2\/posts\/21519","targetHints":{"allow":["GET"]}}],"collection":[{"href":"https:\/\/www.gold.fr\/news\/wp-json\/wp\/v2\/posts"}],"about":[{"href":"https:\/\/www.gold.fr\/news\/wp-json\/wp\/v2\/types\/post"}],"author":[{"embeddable":true,"href":"https:\/\/www.gold.fr\/news\/wp-json\/wp\/v2\/users\/18"}],"replies":[{"embeddable":true,"href":"https:\/\/www.gold.fr\/news\/wp-json\/wp\/v2\/comments?post=21519"}],"version-history":[{"count":0,"href":"https:\/\/www.gold.fr\/news\/wp-json\/wp\/v2\/posts\/21519\/revisions"}],"wp:featuredmedia":[{"embeddable":true,"href":"https:\/\/www.gold.fr\/news\/wp-json\/wp\/v2\/media\/3687"}],"wp:attachment":[{"href":"https:\/\/www.gold.fr\/news\/wp-json\/wp\/v2\/media?parent=21519"}],"wp:term":[{"taxonomy":"category","embeddable":true,"href":"https:\/\/www.gold.fr\/news\/wp-json\/wp\/v2\/categories?post=21519"},{"taxonomy":"post_tag","embeddable":true,"href":"https:\/\/www.gold.fr\/news\/wp-json\/wp\/v2\/tags?post=21519"},{"taxonomy":"author","embeddable":true,"href":"https:\/\/www.gold.fr\/news\/wp-json\/wp\/v2\/ppma_author?post=21519"}],"curies":[{"name":"wp","href":"https:\/\/api.w.org\/{rel}","templated":true}]}}