{"id":21486,"date":"2017-07-04T17:00:11","date_gmt":"2017-07-04T15:00:11","guid":{"rendered":"https:\/\/www.gold.fr\/news\/?p=21486"},"modified":"2021-01-11T16:28:54","modified_gmt":"2021-01-11T15:28:54","slug":"les-analystes-financiers-confiants-quant-a-une-progression-du-cours-de-lor","status":"publish","type":"post","link":"https:\/\/www.gold.fr\/news\/2017\/07\/04\/les-analystes-financiers-confiants-quant-a-une-progression-du-cours-de-lor\/","title":{"rendered":"Les analystes financiers confiants quant \u00e0 une progression du cours de l\u2019or"},"content":{"rendered":"<p><span style=\"font-weight: 400;\">La fin du mois de juin n&rsquo;a pas \u00e9t\u00e9 tr\u00e8s b\u00e9n\u00e9fique pour le cours des indices mondiaux. Ainsi les indicateurs am\u00e9ricains et europ\u00e9ens ont affich\u00e9 une perte de <strong>1,5 %<\/strong> tandis que <strong>la Bourse de Tokyo<\/strong> recule de <strong>1 %<\/strong>.<\/span>  <\/p>\n<h2>Quel regard porte les analystes financiers sur la progression du cours de l&rsquo;or ?<\/h2>\n<p>  <img loading=\"lazy\" decoding=\"async\" class=\"alignleft wp-image-8085 size-thumbnail\" title=\"Les analystes financiers confiants quant \u00e0 une progression du cours de l\u2019or\" src=\"https:\/\/www.gold.fr\/news\/wp-content\/uploads\/2012\/06\/demande-mondiale-150x150.jpg\" alt=\"Les analystes financiers confiants quant \u00e0 une progression du cours de l\u2019or\" width=\"150\" height=\"150\" \/><span style=\"font-weight: 400;\">Selon les analystes financiers, cette tendance pourrait s&rsquo;expliquer par le fait que les investisseurs commencent \u00e0 redouter la fin pr\u00e9matur\u00e9e de la strat\u00e9gie conciliante entreprise par la Banque centrale europ\u00e9enne. A cet effet, <strong>Mario Draghi<\/strong>, pr\u00e9sent lors du sommet de <strong>la Banque centrale au Portugal<\/strong>, a point\u00e9 du doigt les craintes d\u00e9flationnistes actuelles qui ont tendance \u00e0 se transformer en inqui\u00e9tudes d&rsquo;ordre relationnel. <\/span>    <span style=\"font-weight: 400;\">Rappelons que le plan entrepris par la <strong>BCE<\/strong> depuis pr\u00e8s de neuf ans commence un peu \u00e0 s&rsquo;essouffler et risque m\u00eame de favoriser l&rsquo;inflation dans le cas o\u00f9 la politique Dovish se trouve maintenue dans la zone Euro.<\/span> <span style=\"font-weight: 400;\">Le seul secteur qui est en train de tirer profit d&rsquo;une telle situation est celui des banques qui affiche des r\u00e9sultats positifs au sortir de la deuxi\u00e8me phase des stress tests des 34 banques les plus importantes des <strong>Etats-Unis<\/strong>. <\/span>    <span style=\"font-weight: 400;\">Le secteur bancaire a aussi su tirer profit de l&rsquo;annonce faite par la R\u00e9serve f\u00e9d\u00e9rale am\u00e9ricaine dans laquelle elle encourage les organismes financiers \u00e0 mieux r\u00e9mun\u00e9rer leurs actionnaires et ainsi augmenter les rachats d&rsquo;actions. Dans un march\u00e9 financier aussi tumultueux, l&rsquo;int\u00e9r\u00eat des investisseurs quant au secteur bancaire s&rsquo;est trouv\u00e9 intensifi\u00e9.<\/span>    <span style=\"font-weight: 400;\">Par ailleurs, \u00e0 d\u00e9faut d&rsquo;une progression, le cours de l&rsquo;or a r\u00e9ussi \u00e0 maintenir son \u00e9quilibre en d\u00e9pit d&rsquo;un march\u00e9 plut\u00f4t trouble. Hausse au niveau de la volatilit\u00e9 et baisse du <a href=\"https:\/\/www.gold.fr\/cours-or-prix-de-l-or\/\" target=\"_blank\" rel=\"noopener noreferrer\">cours<\/a> de la devise am\u00e9ricaine n&rsquo;ont finalement pas \u00e9t\u00e9 favorables au cours de <a href=\"https:\/\/www.gold.fr\/once-or-nyc\/\" target=\"_blank\" rel=\"noopener noreferrer\">l\u2019once<\/a>. <\/span>    <span style=\"font-weight: 400;\">Malgr\u00e9 cette stabilit\u00e9, les probabilit\u00e9s quant \u00e0 une progression du m\u00e9tal jaune restent toujours d&rsquo;actualit\u00e9 et le potentiel de rebond reste intact. Selon <strong>les experts financiers<\/strong>, la hausse du <a href=\"https:\/\/www.gold.fr\/cours-or-prix-de-l-or\/\" target=\"_blank\" rel=\"noopener noreferrer\">cours<\/a> de <a href=\"https:\/\/www.gold.fr\/once-or-nyc\/\" target=\"_blank\" rel=\"noopener noreferrer\">l\u2019once<\/a> pourra s&rsquo;effectuer tant qu&rsquo;il restera au-dessus de la barre symbolique des <strong>1.242 dollars<\/strong> en direction du retracement de <strong>50%<\/strong> \u00e0 <strong>1.247,8 dollars<\/strong> <a href=\"https:\/\/www.gold.fr\/once-or-nyc\/\" target=\"_blank\" rel=\"noopener noreferrer\">l\u2019once<\/a>.<\/span><\/p>\n<!-- AddThis Advanced Settings generic via filter on the_content --><!-- AddThis Share Buttons generic via filter on the_content -->","protected":false},"excerpt":{"rendered":"<p>La fin du mois de juin n&rsquo;a pas \u00e9t\u00e9 tr\u00e8s b\u00e9n\u00e9fique pour le cours des indices mondiaux. Ainsi les indicateurs am\u00e9ricains et europ\u00e9ens ont affich\u00e9 une perte de 1,5 % tandis que la Bourse de Tokyo [&hellip;]<\/p>\n","protected":false},"author":18,"featured_media":31057,"comment_status":"closed","ping_status":"closed","sticky":false,"template":"","format":"standard","meta":{"_mbp_gutenberg_autopost":false,"_pgmb_is_evergreen":false,"_pgmb_ap_template_id":0,"footnotes":""},"categories":[6],"tags":[84],"ppma_author":[2565],"class_list":["post-21486","post","type-post","status-publish","format-standard","has-post-thumbnail","hentry","category-articles-de-presse","tag-cours-de-lor"],"yoast_head":"<!-- This site is optimized with the Yoast SEO plugin v27.5 - https:\/\/yoast.com\/product\/yoast-seo-wordpress\/ -->\n<title>Les analystes financiers confiants quant \u00e0 une progression du cours de l\u2019or - Gold.fr<\/title>\n<meta name=\"robots\" content=\"index, follow, max-snippet:-1, max-image-preview:large, max-video-preview:-1\" \/>\n<link rel=\"canonical\" href=\"https:\/\/www.gold.fr\/news\/2017\/07\/04\/les-analystes-financiers-confiants-quant-a-une-progression-du-cours-de-lor\/\" \/>\n<meta property=\"og:locale\" content=\"fr_FR\" \/>\n<meta property=\"og:type\" content=\"article\" \/>\n<meta property=\"og:title\" content=\"Les analystes financiers confiants quant \u00e0 une progression du cours de l\u2019or - Gold.fr\" \/>\n<meta property=\"og:description\" content=\"La fin du mois de juin n&rsquo;a pas \u00e9t\u00e9 tr\u00e8s b\u00e9n\u00e9fique pour le cours des indices mondiaux. Ainsi les indicateurs am\u00e9ricains et europ\u00e9ens ont affich\u00e9 une perte de 1,5 % tandis que la Bourse de Tokyo [&hellip;]\" \/>\n<meta property=\"og:url\" content=\"https:\/\/www.gold.fr\/news\/2017\/07\/04\/les-analystes-financiers-confiants-quant-a-une-progression-du-cours-de-lor\/\" \/>\n<meta property=\"og:site_name\" content=\"Gold.fr\" \/>\n<meta property=\"article:publisher\" content=\"https:\/\/www.facebook.com\/Goldfr\/\" \/>\n<meta property=\"article:published_time\" content=\"2017-07-04T15:00:11+00:00\" \/>\n<meta property=\"article:modified_time\" content=\"2021-01-11T15:28:54+00:00\" \/>\n<meta property=\"og:image\" content=\"https:\/\/www.gold.fr\/news\/wp-content\/uploads\/2017\/07\/demande-mondiale.jpg\" \/>\n\t<meta property=\"og:image:width\" content=\"600\" \/>\n\t<meta property=\"og:image:height\" content=\"400\" \/>\n\t<meta property=\"og:image:type\" content=\"image\/jpeg\" \/>\n<meta name=\"author\" content=\"Comptoir National de l&#039;Or\" \/>\n<meta name=\"twitter:card\" content=\"summary_large_image\" \/>\n<meta name=\"twitter:label1\" content=\"\u00c9crit par\" \/>\n\t<meta name=\"twitter:data1\" content=\"Comptoir National de l&#039;Or\" \/>\n\t<meta name=\"twitter:label2\" content=\"Dur\u00e9e de lecture estim\u00e9e\" \/>\n\t<meta name=\"twitter:data2\" content=\"2 minutes\" \/>\n<script type=\"application\/ld+json\" class=\"yoast-schema-graph\">{\"@context\":\"https:\\\/\\\/schema.org\",\"@graph\":[{\"@type\":\"Article\",\"@id\":\"https:\\\/\\\/www.gold.fr\\\/news\\\/2017\\\/07\\\/04\\\/les-analystes-financiers-confiants-quant-a-une-progression-du-cours-de-lor\\\/#article\",\"isPartOf\":{\"@id\":\"https:\\\/\\\/www.gold.fr\\\/news\\\/2017\\\/07\\\/04\\\/les-analystes-financiers-confiants-quant-a-une-progression-du-cours-de-lor\\\/\"},\"author\":{\"name\":\"Comptoir National de l'Or\",\"@id\":\"https:\\\/\\\/www.gold.fr\\\/news\\\/#\\\/schema\\\/person\\\/070491b4b4fb7671bf59b3be20302ce9\"},\"headline\":\"Les analystes financiers confiants quant \u00e0 une progression du cours de l\u2019or\",\"datePublished\":\"2017-07-04T15:00:11+00:00\",\"dateModified\":\"2021-01-11T15:28:54+00:00\",\"mainEntityOfPage\":{\"@id\":\"https:\\\/\\\/www.gold.fr\\\/news\\\/2017\\\/07\\\/04\\\/les-analystes-financiers-confiants-quant-a-une-progression-du-cours-de-lor\\\/\"},\"wordCount\":391,\"image\":{\"@id\":\"https:\\\/\\\/www.gold.fr\\\/news\\\/2017\\\/07\\\/04\\\/les-analystes-financiers-confiants-quant-a-une-progression-du-cours-de-lor\\\/#primaryimage\"},\"thumbnailUrl\":\"https:\\\/\\\/www.gold.fr\\\/news\\\/wp-content\\\/uploads\\\/2017\\\/07\\\/demande-mondiale.jpg\",\"keywords\":[\"Tout Cours de l'Or\"],\"articleSection\":[\"Articles de presse\"],\"inLanguage\":\"fr-FR\"},{\"@type\":\"WebPage\",\"@id\":\"https:\\\/\\\/www.gold.fr\\\/news\\\/2017\\\/07\\\/04\\\/les-analystes-financiers-confiants-quant-a-une-progression-du-cours-de-lor\\\/\",\"url\":\"https:\\\/\\\/www.gold.fr\\\/news\\\/2017\\\/07\\\/04\\\/les-analystes-financiers-confiants-quant-a-une-progression-du-cours-de-lor\\\/\",\"name\":\"Les analystes financiers confiants quant \u00e0 une progression du cours de l\u2019or - Gold.fr\",\"isPartOf\":{\"@id\":\"https:\\\/\\\/www.gold.fr\\\/news\\\/#website\"},\"primaryImageOfPage\":{\"@id\":\"https:\\\/\\\/www.gold.fr\\\/news\\\/2017\\\/07\\\/04\\\/les-analystes-financiers-confiants-quant-a-une-progression-du-cours-de-lor\\\/#primaryimage\"},\"image\":{\"@id\":\"https:\\\/\\\/www.gold.fr\\\/news\\\/2017\\\/07\\\/04\\\/les-analystes-financiers-confiants-quant-a-une-progression-du-cours-de-lor\\\/#primaryimage\"},\"thumbnailUrl\":\"https:\\\/\\\/www.gold.fr\\\/news\\\/wp-content\\\/uploads\\\/2017\\\/07\\\/demande-mondiale.jpg\",\"datePublished\":\"2017-07-04T15:00:11+00:00\",\"dateModified\":\"2021-01-11T15:28:54+00:00\",\"author\":{\"@id\":\"https:\\\/\\\/www.gold.fr\\\/news\\\/#\\\/schema\\\/person\\\/070491b4b4fb7671bf59b3be20302ce9\"},\"breadcrumb\":{\"@id\":\"https:\\\/\\\/www.gold.fr\\\/news\\\/2017\\\/07\\\/04\\\/les-analystes-financiers-confiants-quant-a-une-progression-du-cours-de-lor\\\/#breadcrumb\"},\"inLanguage\":\"fr-FR\",\"potentialAction\":[{\"@type\":\"ReadAction\",\"target\":[\"https:\\\/\\\/www.gold.fr\\\/news\\\/2017\\\/07\\\/04\\\/les-analystes-financiers-confiants-quant-a-une-progression-du-cours-de-lor\\\/\"]}]},{\"@type\":\"ImageObject\",\"inLanguage\":\"fr-FR\",\"@id\":\"https:\\\/\\\/www.gold.fr\\\/news\\\/2017\\\/07\\\/04\\\/les-analystes-financiers-confiants-quant-a-une-progression-du-cours-de-lor\\\/#primaryimage\",\"url\":\"https:\\\/\\\/www.gold.fr\\\/news\\\/wp-content\\\/uploads\\\/2017\\\/07\\\/demande-mondiale.jpg\",\"contentUrl\":\"https:\\\/\\\/www.gold.fr\\\/news\\\/wp-content\\\/uploads\\\/2017\\\/07\\\/demande-mondiale.jpg\",\"width\":600,\"height\":400,\"caption\":\"Les analystes financiers confiants quant \u00e0 une progression du cours de l\u2019or\"},{\"@type\":\"BreadcrumbList\",\"@id\":\"https:\\\/\\\/www.gold.fr\\\/news\\\/2017\\\/07\\\/04\\\/les-analystes-financiers-confiants-quant-a-une-progression-du-cours-de-lor\\\/#breadcrumb\",\"itemListElement\":[{\"@type\":\"ListItem\",\"position\":1,\"name\":\"Accueil\",\"item\":\"https:\\\/\\\/www.gold.fr\\\/\"},{\"@type\":\"ListItem\",\"position\":2,\"name\":\"Actualit\u00e9s\",\"item\":\"https:\\\/\\\/www.gold.fr\\\/news\\\/\"},{\"@type\":\"ListItem\",\"position\":3,\"name\":\"Les analystes financiers confiants quant \u00e0 une progression du cours de l\u2019or\"}]},{\"@type\":\"WebSite\",\"@id\":\"https:\\\/\\\/www.gold.fr\\\/news\\\/#website\",\"url\":\"https:\\\/\\\/www.gold.fr\\\/news\\\/\",\"name\":\"Gold.fr\",\"description\":\"Actualit\u00e9s de l&#039;Or et des m\u00e9taux pr\u00e9cieux\",\"potentialAction\":[{\"@type\":\"SearchAction\",\"target\":{\"@type\":\"EntryPoint\",\"urlTemplate\":\"https:\\\/\\\/www.gold.fr\\\/news\\\/?s={search_term_string}\"},\"query-input\":{\"@type\":\"PropertyValueSpecification\",\"valueRequired\":true,\"valueName\":\"search_term_string\"}}],\"inLanguage\":\"fr-FR\"},{\"@type\":\"Person\",\"@id\":\"https:\\\/\\\/www.gold.fr\\\/news\\\/#\\\/schema\\\/person\\\/070491b4b4fb7671bf59b3be20302ce9\",\"name\":\"Comptoir National de l'Or\",\"image\":{\"@type\":\"ImageObject\",\"inLanguage\":\"fr-FR\",\"@id\":\"https:\\\/\\\/secure.gravatar.com\\\/avatar\\\/0a2867fd5abe37bed95d5a65e9d58f01756e11efc68af9888dfc50cfa7f65948?s=96&d=mm&r=gb490554db0a38188709de567aa58480d\",\"url\":\"https:\\\/\\\/secure.gravatar.com\\\/avatar\\\/0a2867fd5abe37bed95d5a65e9d58f01756e11efc68af9888dfc50cfa7f65948?s=96&d=mm&r=g\",\"contentUrl\":\"https:\\\/\\\/secure.gravatar.com\\\/avatar\\\/0a2867fd5abe37bed95d5a65e9d58f01756e11efc68af9888dfc50cfa7f65948?s=96&d=mm&r=g\",\"caption\":\"Comptoir National de l'Or\"},\"description\":\"Notre r\u00e9daction est constitu\u00e9e de membres experts dans les m\u00e9tiers de l'\u00e9conomie et la gestion, des Responsables d'agence Comptoir National de l'Or, des analystes financiers qui publient r\u00e9guli\u00e8rement des \u00e9tudes sur les politiques des banques centrales, le cours de l'or, prix de l'or, cours de l'argent, prix de l'argent, cours du platine, cours du palladium,... la situation en zone euro et l'impact de la strat\u00e9gie mon\u00e9taire de la FED. Notre \u00e9quipe scrute \u00e9galement une information plus g\u00e9n\u00e9raliste \u00e0 la recherche d'actualit\u00e9 \\\"p\u00e9pite\\\" \u00e0 vous partager. Depuis 5 ans, nous avons publi\u00e9 un peu plus de 4000 articles qui s'adressent \u00e0 un public large et vari\u00e9 ayant pour objectif de satisfaire votre curiosit\u00e9 et de partager avec vous une certaine fascination pour le m\u00e9tal jaune, le rachat d'or, et pour ceux qui veulent investir dans l'or, vendre leur or tout simplement en savoir plus... Pour tous vos achat or et argent, n'h\u00e9sitez pas \u00e0 prendre rendez-vous dans l'un de nos nombreux comptoirs.\",\"sameAs\":[\"https:\\\/\\\/www.gold.fr\"]}]}<\/script>\n<!-- \/ Yoast SEO plugin. -->","yoast_head_json":{"title":"Les analystes financiers confiants quant \u00e0 une progression du cours de l\u2019or - Gold.fr","robots":{"index":"index","follow":"follow","max-snippet":"max-snippet:-1","max-image-preview":"max-image-preview:large","max-video-preview":"max-video-preview:-1"},"canonical":"https:\/\/www.gold.fr\/news\/2017\/07\/04\/les-analystes-financiers-confiants-quant-a-une-progression-du-cours-de-lor\/","og_locale":"fr_FR","og_type":"article","og_title":"Les analystes financiers confiants quant \u00e0 une progression du cours de l\u2019or - Gold.fr","og_description":"La fin du mois de juin n&rsquo;a pas \u00e9t\u00e9 tr\u00e8s b\u00e9n\u00e9fique pour le cours des indices mondiaux. Ainsi les indicateurs am\u00e9ricains et europ\u00e9ens ont affich\u00e9 une perte de 1,5 % tandis que la Bourse de Tokyo [&hellip;]","og_url":"https:\/\/www.gold.fr\/news\/2017\/07\/04\/les-analystes-financiers-confiants-quant-a-une-progression-du-cours-de-lor\/","og_site_name":"Gold.fr","article_publisher":"https:\/\/www.facebook.com\/Goldfr\/","article_published_time":"2017-07-04T15:00:11+00:00","article_modified_time":"2021-01-11T15:28:54+00:00","og_image":[{"width":600,"height":400,"url":"https:\/\/www.gold.fr\/news\/wp-content\/uploads\/2017\/07\/demande-mondiale.jpg","type":"image\/jpeg"}],"author":"Comptoir National de l'Or","twitter_card":"summary_large_image","twitter_misc":{"\u00c9crit par":"Comptoir National de l'Or","Dur\u00e9e de lecture estim\u00e9e":"2 minutes"},"schema":{"@context":"https:\/\/schema.org","@graph":[{"@type":"Article","@id":"https:\/\/www.gold.fr\/news\/2017\/07\/04\/les-analystes-financiers-confiants-quant-a-une-progression-du-cours-de-lor\/#article","isPartOf":{"@id":"https:\/\/www.gold.fr\/news\/2017\/07\/04\/les-analystes-financiers-confiants-quant-a-une-progression-du-cours-de-lor\/"},"author":{"name":"Comptoir National de l'Or","@id":"https:\/\/www.gold.fr\/news\/#\/schema\/person\/070491b4b4fb7671bf59b3be20302ce9"},"headline":"Les analystes financiers confiants quant \u00e0 une progression du cours de l\u2019or","datePublished":"2017-07-04T15:00:11+00:00","dateModified":"2021-01-11T15:28:54+00:00","mainEntityOfPage":{"@id":"https:\/\/www.gold.fr\/news\/2017\/07\/04\/les-analystes-financiers-confiants-quant-a-une-progression-du-cours-de-lor\/"},"wordCount":391,"image":{"@id":"https:\/\/www.gold.fr\/news\/2017\/07\/04\/les-analystes-financiers-confiants-quant-a-une-progression-du-cours-de-lor\/#primaryimage"},"thumbnailUrl":"https:\/\/www.gold.fr\/news\/wp-content\/uploads\/2017\/07\/demande-mondiale.jpg","keywords":["Tout Cours de l'Or"],"articleSection":["Articles de presse"],"inLanguage":"fr-FR"},{"@type":"WebPage","@id":"https:\/\/www.gold.fr\/news\/2017\/07\/04\/les-analystes-financiers-confiants-quant-a-une-progression-du-cours-de-lor\/","url":"https:\/\/www.gold.fr\/news\/2017\/07\/04\/les-analystes-financiers-confiants-quant-a-une-progression-du-cours-de-lor\/","name":"Les analystes financiers confiants quant \u00e0 une progression du cours de l\u2019or - Gold.fr","isPartOf":{"@id":"https:\/\/www.gold.fr\/news\/#website"},"primaryImageOfPage":{"@id":"https:\/\/www.gold.fr\/news\/2017\/07\/04\/les-analystes-financiers-confiants-quant-a-une-progression-du-cours-de-lor\/#primaryimage"},"image":{"@id":"https:\/\/www.gold.fr\/news\/2017\/07\/04\/les-analystes-financiers-confiants-quant-a-une-progression-du-cours-de-lor\/#primaryimage"},"thumbnailUrl":"https:\/\/www.gold.fr\/news\/wp-content\/uploads\/2017\/07\/demande-mondiale.jpg","datePublished":"2017-07-04T15:00:11+00:00","dateModified":"2021-01-11T15:28:54+00:00","author":{"@id":"https:\/\/www.gold.fr\/news\/#\/schema\/person\/070491b4b4fb7671bf59b3be20302ce9"},"breadcrumb":{"@id":"https:\/\/www.gold.fr\/news\/2017\/07\/04\/les-analystes-financiers-confiants-quant-a-une-progression-du-cours-de-lor\/#breadcrumb"},"inLanguage":"fr-FR","potentialAction":[{"@type":"ReadAction","target":["https:\/\/www.gold.fr\/news\/2017\/07\/04\/les-analystes-financiers-confiants-quant-a-une-progression-du-cours-de-lor\/"]}]},{"@type":"ImageObject","inLanguage":"fr-FR","@id":"https:\/\/www.gold.fr\/news\/2017\/07\/04\/les-analystes-financiers-confiants-quant-a-une-progression-du-cours-de-lor\/#primaryimage","url":"https:\/\/www.gold.fr\/news\/wp-content\/uploads\/2017\/07\/demande-mondiale.jpg","contentUrl":"https:\/\/www.gold.fr\/news\/wp-content\/uploads\/2017\/07\/demande-mondiale.jpg","width":600,"height":400,"caption":"Les analystes financiers confiants quant \u00e0 une progression du cours de l\u2019or"},{"@type":"BreadcrumbList","@id":"https:\/\/www.gold.fr\/news\/2017\/07\/04\/les-analystes-financiers-confiants-quant-a-une-progression-du-cours-de-lor\/#breadcrumb","itemListElement":[{"@type":"ListItem","position":1,"name":"Accueil","item":"https:\/\/www.gold.fr\/"},{"@type":"ListItem","position":2,"name":"Actualit\u00e9s","item":"https:\/\/www.gold.fr\/news\/"},{"@type":"ListItem","position":3,"name":"Les analystes financiers confiants quant \u00e0 une progression du cours de l\u2019or"}]},{"@type":"WebSite","@id":"https:\/\/www.gold.fr\/news\/#website","url":"https:\/\/www.gold.fr\/news\/","name":"Gold.fr","description":"Actualit\u00e9s de l&#039;Or et des m\u00e9taux pr\u00e9cieux","potentialAction":[{"@type":"SearchAction","target":{"@type":"EntryPoint","urlTemplate":"https:\/\/www.gold.fr\/news\/?s={search_term_string}"},"query-input":{"@type":"PropertyValueSpecification","valueRequired":true,"valueName":"search_term_string"}}],"inLanguage":"fr-FR"},{"@type":"Person","@id":"https:\/\/www.gold.fr\/news\/#\/schema\/person\/070491b4b4fb7671bf59b3be20302ce9","name":"Comptoir National de l'Or","image":{"@type":"ImageObject","inLanguage":"fr-FR","@id":"https:\/\/secure.gravatar.com\/avatar\/0a2867fd5abe37bed95d5a65e9d58f01756e11efc68af9888dfc50cfa7f65948?s=96&d=mm&r=gb490554db0a38188709de567aa58480d","url":"https:\/\/secure.gravatar.com\/avatar\/0a2867fd5abe37bed95d5a65e9d58f01756e11efc68af9888dfc50cfa7f65948?s=96&d=mm&r=g","contentUrl":"https:\/\/secure.gravatar.com\/avatar\/0a2867fd5abe37bed95d5a65e9d58f01756e11efc68af9888dfc50cfa7f65948?s=96&d=mm&r=g","caption":"Comptoir National de l'Or"},"description":"Notre r\u00e9daction est constitu\u00e9e de membres experts dans les m\u00e9tiers de l'\u00e9conomie et la gestion, des Responsables d'agence Comptoir National de l'Or, des analystes financiers qui publient r\u00e9guli\u00e8rement des \u00e9tudes sur les politiques des banques centrales, le cours de l'or, prix de l'or, cours de l'argent, prix de l'argent, cours du platine, cours du palladium,... la situation en zone euro et l'impact de la strat\u00e9gie mon\u00e9taire de la FED. Notre \u00e9quipe scrute \u00e9galement une information plus g\u00e9n\u00e9raliste \u00e0 la recherche d'actualit\u00e9 \"p\u00e9pite\" \u00e0 vous partager. Depuis 5 ans, nous avons publi\u00e9 un peu plus de 4000 articles qui s'adressent \u00e0 un public large et vari\u00e9 ayant pour objectif de satisfaire votre curiosit\u00e9 et de partager avec vous une certaine fascination pour le m\u00e9tal jaune, le rachat d'or, et pour ceux qui veulent investir dans l'or, vendre leur or tout simplement en savoir plus... Pour tous vos achat or et argent, n'h\u00e9sitez pas \u00e0 prendre rendez-vous dans l'un de nos nombreux comptoirs.","sameAs":["https:\/\/www.gold.fr"]}]}},"authors":[{"term_id":2565,"user_id":18,"is_guest":0,"slug":"julie","display_name":"Comptoir National de l'Or","avatar_url":"https:\/\/secure.gravatar.com\/avatar\/713f289e398d35ead876c4a4cc08607f0d6d266058cfc25683fffb6092d0e572?s=96&d=mm&r=g","0":null,"1":"","2":"","3":"","4":"","5":"","6":"","7":"","8":""}],"_links":{"self":[{"href":"https:\/\/www.gold.fr\/news\/wp-json\/wp\/v2\/posts\/21486","targetHints":{"allow":["GET"]}}],"collection":[{"href":"https:\/\/www.gold.fr\/news\/wp-json\/wp\/v2\/posts"}],"about":[{"href":"https:\/\/www.gold.fr\/news\/wp-json\/wp\/v2\/types\/post"}],"author":[{"embeddable":true,"href":"https:\/\/www.gold.fr\/news\/wp-json\/wp\/v2\/users\/18"}],"replies":[{"embeddable":true,"href":"https:\/\/www.gold.fr\/news\/wp-json\/wp\/v2\/comments?post=21486"}],"version-history":[{"count":0,"href":"https:\/\/www.gold.fr\/news\/wp-json\/wp\/v2\/posts\/21486\/revisions"}],"wp:featuredmedia":[{"embeddable":true,"href":"https:\/\/www.gold.fr\/news\/wp-json\/wp\/v2\/media\/31057"}],"wp:attachment":[{"href":"https:\/\/www.gold.fr\/news\/wp-json\/wp\/v2\/media?parent=21486"}],"wp:term":[{"taxonomy":"category","embeddable":true,"href":"https:\/\/www.gold.fr\/news\/wp-json\/wp\/v2\/categories?post=21486"},{"taxonomy":"post_tag","embeddable":true,"href":"https:\/\/www.gold.fr\/news\/wp-json\/wp\/v2\/tags?post=21486"},{"taxonomy":"author","embeddable":true,"href":"https:\/\/www.gold.fr\/news\/wp-json\/wp\/v2\/ppma_author?post=21486"}],"curies":[{"name":"wp","href":"https:\/\/api.w.org\/{rel}","templated":true}]}}