{"id":21437,"date":"2017-06-21T13:00:49","date_gmt":"2017-06-21T11:00:49","guid":{"rendered":"https:\/\/www.gold.fr\/news\/?p=21437"},"modified":"2021-01-11T17:16:45","modified_gmt":"2021-01-11T16:16:45","slug":"lor-continue-de-progresser-face-a-un-marche-en-baisse","status":"publish","type":"post","link":"https:\/\/www.gold.fr\/news\/2017\/06\/21\/lor-continue-de-progresser-face-a-un-marche-en-baisse\/","title":{"rendered":"L\u2019or continue de progresser face \u00e0 un march\u00e9 en baisse"},"content":{"rendered":"<p><img loading=\"lazy\" decoding=\"async\" class=\"alignleft wp-image-5156 size-thumbnail\" title=\"L\u2019or continue de progresser face \u00e0 un march\u00e9 en baisse\" src=\"https:\/\/www.gold.fr\/news\/wp-content\/uploads\/2012\/01\/cours-de-lor2-150x150.jpg\" alt=\"L\u2019or continue de progresser face \u00e0 un march\u00e9 en baisse\" width=\"150\" height=\"150\" \/>Le <strong>CAC 40<\/strong> a encore une fois \u00e9t\u00e9 sujet \u00e0 la tendance baissi\u00e8re lors de la s\u00e9ance de la veille. Apr\u00e8s avoir r\u00e9alis\u00e9 une hausse de <strong>0,55 %<\/strong> et avoisin\u00e9 les 5.340 points, l&rsquo;indice vedette a chut\u00e9 de <strong>0,32 %<\/strong> pour atteindre un niveau de 5.293 points.    Selon les analystes financiers, le <strong>CAC 40<\/strong> aurait \u00e9t\u00e9 impact\u00e9 par le repli accus\u00e9 par Total (<em>&#8211; 1,3 %<\/em>) ainsi que celui constat\u00e9 aupr\u00e8s de <strong>Technip-FMC<\/strong> estim\u00e9 \u00e0 <strong>&#8211; 1,9 %<\/strong>. La s\u00e9ance d&rsquo;hier aura aussi \u00e9t\u00e9 marqu\u00e9e par la baisse enregistr\u00e9e aupr\u00e8s du prix du baril <strong>WTI<\/strong> qui recule de <strong>3 %<\/strong> sur le <strong>NYMEX<\/strong> et affiche une mesure \u00e0 42,8 dollars. Ce n&rsquo;est qu&rsquo;\u00e0 partir de 10 h que des hausses ont pu \u00eatre r\u00e9alis\u00e9es au niveau des Bourses europ\u00e9ennes.    Malgr\u00e9 cette l\u00e9g\u00e8re progression, ces derni\u00e8res cl\u00f4turent la s\u00e9ance dans le rouge. Ainsi la Bourse de Londres perd <strong>0,7 %<\/strong> influenc\u00e9e par le recul des valeurs mini\u00e8res et de l&rsquo;\u00e9nergie, celle de Francfort c\u00e8de <strong>0,6 %<\/strong>, <strong>la Bourse de Madrid<\/strong> et de <strong>Milan<\/strong> affichent des variations n\u00e9gatives de <strong>0,9 %<\/strong> et de <strong>1 %<\/strong>, et<strong> l&rsquo;Euro-Stoxx50<\/strong> recule de <strong>0,53 %<\/strong> et affiche un niveau \u00e0 3.560 points.    Dans ce contexte, le m\u00e9tal jaune continue \u00e0 \u00eatre dans le vert et affiche en ce <strong>mercredi 21 juin 2017<\/strong> un <a href=\"https:\/\/www.gold.fr\/cours-or-prix-de-l-or\/\" target=\"_blank\" rel=\"noopener noreferrer\">cours<\/a> de <strong>1 244.10 dollars<\/strong> <a href=\"https:\/\/www.gold.fr\/once-or-nyc\/\" target=\"_blank\" rel=\"noopener noreferrer\">l\u2019once<\/a>.<\/p>\n<!-- AddThis Advanced Settings generic via filter on the_content --><!-- AddThis Share Buttons generic via filter on the_content -->","protected":false},"excerpt":{"rendered":"<p>Le CAC 40 a encore une fois \u00e9t\u00e9 sujet \u00e0 la tendance baissi\u00e8re lors de la s\u00e9ance de la veille. Apr\u00e8s avoir r\u00e9alis\u00e9 une hausse de 0,55 % et avoisin\u00e9 les 5.340 points, l&rsquo;indice vedette a [&hellip;]<\/p>\n","protected":false},"author":18,"featured_media":5156,"comment_status":"closed","ping_status":"closed","sticky":false,"template":"","format":"standard","meta":{"_mbp_gutenberg_autopost":false,"_pgmb_is_evergreen":false,"_pgmb_ap_template_id":0,"footnotes":""},"categories":[5],"tags":[767],"ppma_author":[2565],"class_list":["post-21437","post","type-post","status-publish","format-standard","has-post-thumbnail","hentry","category-flash-infos","tag-hausse-cours-de-lor"],"yoast_head":"<!-- This site is optimized with the Yoast SEO plugin v27.5 - https:\/\/yoast.com\/product\/yoast-seo-wordpress\/ -->\n<title>L\u2019or continue de progresser face \u00e0 un march\u00e9 en baisse - Gold.fr<\/title>\n<meta name=\"robots\" content=\"index, follow, max-snippet:-1, max-image-preview:large, max-video-preview:-1\" \/>\n<link rel=\"canonical\" href=\"https:\/\/www.gold.fr\/news\/2017\/06\/21\/lor-continue-de-progresser-face-a-un-marche-en-baisse\/\" \/>\n<meta property=\"og:locale\" content=\"fr_FR\" \/>\n<meta property=\"og:type\" content=\"article\" \/>\n<meta property=\"og:title\" content=\"L\u2019or continue de progresser face \u00e0 un march\u00e9 en baisse - Gold.fr\" \/>\n<meta property=\"og:description\" content=\"Le CAC 40 a encore une fois \u00e9t\u00e9 sujet \u00e0 la tendance baissi\u00e8re lors de la s\u00e9ance de la veille. Apr\u00e8s avoir r\u00e9alis\u00e9 une hausse de 0,55 % et avoisin\u00e9 les 5.340 points, l&rsquo;indice vedette a [&hellip;]\" \/>\n<meta property=\"og:url\" content=\"https:\/\/www.gold.fr\/news\/2017\/06\/21\/lor-continue-de-progresser-face-a-un-marche-en-baisse\/\" \/>\n<meta property=\"og:site_name\" content=\"Gold.fr\" \/>\n<meta property=\"article:publisher\" content=\"https:\/\/www.facebook.com\/Goldfr\/\" \/>\n<meta property=\"article:published_time\" content=\"2017-06-21T11:00:49+00:00\" \/>\n<meta property=\"article:modified_time\" content=\"2021-01-11T16:16:45+00:00\" \/>\n<meta property=\"og:image\" content=\"https:\/\/www.gold.fr\/news\/wp-content\/uploads\/2012\/01\/cours-de-lor2.jpg\" \/>\n\t<meta property=\"og:image:width\" content=\"600\" \/>\n\t<meta property=\"og:image:height\" content=\"400\" \/>\n\t<meta property=\"og:image:type\" content=\"image\/jpeg\" \/>\n<meta name=\"author\" content=\"Comptoir National de l&#039;Or\" \/>\n<meta name=\"twitter:card\" content=\"summary_large_image\" \/>\n<meta name=\"twitter:label1\" content=\"\u00c9crit par\" \/>\n\t<meta name=\"twitter:data1\" content=\"Comptoir National de l&#039;Or\" \/>\n\t<meta name=\"twitter:label2\" content=\"Dur\u00e9e de lecture estim\u00e9e\" \/>\n\t<meta name=\"twitter:data2\" content=\"1 minute\" \/>\n<script type=\"application\/ld+json\" class=\"yoast-schema-graph\">{\"@context\":\"https:\\\/\\\/schema.org\",\"@graph\":[{\"@type\":\"Article\",\"@id\":\"https:\\\/\\\/www.gold.fr\\\/news\\\/2017\\\/06\\\/21\\\/lor-continue-de-progresser-face-a-un-marche-en-baisse\\\/#article\",\"isPartOf\":{\"@id\":\"https:\\\/\\\/www.gold.fr\\\/news\\\/2017\\\/06\\\/21\\\/lor-continue-de-progresser-face-a-un-marche-en-baisse\\\/\"},\"author\":{\"name\":\"Comptoir National de l'Or\",\"@id\":\"https:\\\/\\\/www.gold.fr\\\/news\\\/#\\\/schema\\\/person\\\/070491b4b4fb7671bf59b3be20302ce9\"},\"headline\":\"L\u2019or continue de progresser face \u00e0 un march\u00e9 en baisse\",\"datePublished\":\"2017-06-21T11:00:49+00:00\",\"dateModified\":\"2021-01-11T16:16:45+00:00\",\"mainEntityOfPage\":{\"@id\":\"https:\\\/\\\/www.gold.fr\\\/news\\\/2017\\\/06\\\/21\\\/lor-continue-de-progresser-face-a-un-marche-en-baisse\\\/\"},\"wordCount\":225,\"image\":{\"@id\":\"https:\\\/\\\/www.gold.fr\\\/news\\\/2017\\\/06\\\/21\\\/lor-continue-de-progresser-face-a-un-marche-en-baisse\\\/#primaryimage\"},\"thumbnailUrl\":\"https:\\\/\\\/www.gold.fr\\\/news\\\/wp-content\\\/uploads\\\/2012\\\/01\\\/cours-de-lor2.jpg\",\"keywords\":[\"hausse cours de l'or\"],\"articleSection\":[\"Flash infos\"],\"inLanguage\":\"fr-FR\"},{\"@type\":\"WebPage\",\"@id\":\"https:\\\/\\\/www.gold.fr\\\/news\\\/2017\\\/06\\\/21\\\/lor-continue-de-progresser-face-a-un-marche-en-baisse\\\/\",\"url\":\"https:\\\/\\\/www.gold.fr\\\/news\\\/2017\\\/06\\\/21\\\/lor-continue-de-progresser-face-a-un-marche-en-baisse\\\/\",\"name\":\"L\u2019or continue de progresser face \u00e0 un march\u00e9 en baisse - Gold.fr\",\"isPartOf\":{\"@id\":\"https:\\\/\\\/www.gold.fr\\\/news\\\/#website\"},\"primaryImageOfPage\":{\"@id\":\"https:\\\/\\\/www.gold.fr\\\/news\\\/2017\\\/06\\\/21\\\/lor-continue-de-progresser-face-a-un-marche-en-baisse\\\/#primaryimage\"},\"image\":{\"@id\":\"https:\\\/\\\/www.gold.fr\\\/news\\\/2017\\\/06\\\/21\\\/lor-continue-de-progresser-face-a-un-marche-en-baisse\\\/#primaryimage\"},\"thumbnailUrl\":\"https:\\\/\\\/www.gold.fr\\\/news\\\/wp-content\\\/uploads\\\/2012\\\/01\\\/cours-de-lor2.jpg\",\"datePublished\":\"2017-06-21T11:00:49+00:00\",\"dateModified\":\"2021-01-11T16:16:45+00:00\",\"author\":{\"@id\":\"https:\\\/\\\/www.gold.fr\\\/news\\\/#\\\/schema\\\/person\\\/070491b4b4fb7671bf59b3be20302ce9\"},\"breadcrumb\":{\"@id\":\"https:\\\/\\\/www.gold.fr\\\/news\\\/2017\\\/06\\\/21\\\/lor-continue-de-progresser-face-a-un-marche-en-baisse\\\/#breadcrumb\"},\"inLanguage\":\"fr-FR\",\"potentialAction\":[{\"@type\":\"ReadAction\",\"target\":[\"https:\\\/\\\/www.gold.fr\\\/news\\\/2017\\\/06\\\/21\\\/lor-continue-de-progresser-face-a-un-marche-en-baisse\\\/\"]}]},{\"@type\":\"ImageObject\",\"inLanguage\":\"fr-FR\",\"@id\":\"https:\\\/\\\/www.gold.fr\\\/news\\\/2017\\\/06\\\/21\\\/lor-continue-de-progresser-face-a-un-marche-en-baisse\\\/#primaryimage\",\"url\":\"https:\\\/\\\/www.gold.fr\\\/news\\\/wp-content\\\/uploads\\\/2012\\\/01\\\/cours-de-lor2.jpg\",\"contentUrl\":\"https:\\\/\\\/www.gold.fr\\\/news\\\/wp-content\\\/uploads\\\/2012\\\/01\\\/cours-de-lor2.jpg\",\"width\":\"600\",\"height\":\"400\",\"caption\":\"Le cours de l\u2019once retrouve sa tendance haussi\u00e8re\"},{\"@type\":\"BreadcrumbList\",\"@id\":\"https:\\\/\\\/www.gold.fr\\\/news\\\/2017\\\/06\\\/21\\\/lor-continue-de-progresser-face-a-un-marche-en-baisse\\\/#breadcrumb\",\"itemListElement\":[{\"@type\":\"ListItem\",\"position\":1,\"name\":\"Accueil\",\"item\":\"https:\\\/\\\/www.gold.fr\\\/\"},{\"@type\":\"ListItem\",\"position\":2,\"name\":\"Actualit\u00e9s\",\"item\":\"https:\\\/\\\/www.gold.fr\\\/news\\\/\"},{\"@type\":\"ListItem\",\"position\":3,\"name\":\"L\u2019or continue de progresser face \u00e0 un march\u00e9 en baisse\"}]},{\"@type\":\"WebSite\",\"@id\":\"https:\\\/\\\/www.gold.fr\\\/news\\\/#website\",\"url\":\"https:\\\/\\\/www.gold.fr\\\/news\\\/\",\"name\":\"Gold.fr\",\"description\":\"Actualit\u00e9s de l&#039;Or et des m\u00e9taux pr\u00e9cieux\",\"potentialAction\":[{\"@type\":\"SearchAction\",\"target\":{\"@type\":\"EntryPoint\",\"urlTemplate\":\"https:\\\/\\\/www.gold.fr\\\/news\\\/?s={search_term_string}\"},\"query-input\":{\"@type\":\"PropertyValueSpecification\",\"valueRequired\":true,\"valueName\":\"search_term_string\"}}],\"inLanguage\":\"fr-FR\"},{\"@type\":\"Person\",\"@id\":\"https:\\\/\\\/www.gold.fr\\\/news\\\/#\\\/schema\\\/person\\\/070491b4b4fb7671bf59b3be20302ce9\",\"name\":\"Comptoir National de l'Or\",\"image\":{\"@type\":\"ImageObject\",\"inLanguage\":\"fr-FR\",\"@id\":\"https:\\\/\\\/secure.gravatar.com\\\/avatar\\\/0a2867fd5abe37bed95d5a65e9d58f01756e11efc68af9888dfc50cfa7f65948?s=96&d=mm&r=gb490554db0a38188709de567aa58480d\",\"url\":\"https:\\\/\\\/secure.gravatar.com\\\/avatar\\\/0a2867fd5abe37bed95d5a65e9d58f01756e11efc68af9888dfc50cfa7f65948?s=96&d=mm&r=g\",\"contentUrl\":\"https:\\\/\\\/secure.gravatar.com\\\/avatar\\\/0a2867fd5abe37bed95d5a65e9d58f01756e11efc68af9888dfc50cfa7f65948?s=96&d=mm&r=g\",\"caption\":\"Comptoir National de l'Or\"},\"description\":\"Notre r\u00e9daction est constitu\u00e9e de membres experts dans les m\u00e9tiers de l'\u00e9conomie et la gestion, des Responsables d'agence Comptoir National de l'Or, des analystes financiers qui publient r\u00e9guli\u00e8rement des \u00e9tudes sur les politiques des banques centrales, le cours de l'or, prix de l'or, cours de l'argent, prix de l'argent, cours du platine, cours du palladium,... la situation en zone euro et l'impact de la strat\u00e9gie mon\u00e9taire de la FED. Notre \u00e9quipe scrute \u00e9galement une information plus g\u00e9n\u00e9raliste \u00e0 la recherche d'actualit\u00e9 \\\"p\u00e9pite\\\" \u00e0 vous partager. Depuis 5 ans, nous avons publi\u00e9 un peu plus de 4000 articles qui s'adressent \u00e0 un public large et vari\u00e9 ayant pour objectif de satisfaire votre curiosit\u00e9 et de partager avec vous une certaine fascination pour le m\u00e9tal jaune, le rachat d'or, et pour ceux qui veulent investir dans l'or, vendre leur or tout simplement en savoir plus... Pour tous vos achat or et argent, n'h\u00e9sitez pas \u00e0 prendre rendez-vous dans l'un de nos nombreux comptoirs.\",\"sameAs\":[\"https:\\\/\\\/www.gold.fr\"]}]}<\/script>\n<!-- \/ Yoast SEO plugin. -->","yoast_head_json":{"title":"L\u2019or continue de progresser face \u00e0 un march\u00e9 en baisse - Gold.fr","robots":{"index":"index","follow":"follow","max-snippet":"max-snippet:-1","max-image-preview":"max-image-preview:large","max-video-preview":"max-video-preview:-1"},"canonical":"https:\/\/www.gold.fr\/news\/2017\/06\/21\/lor-continue-de-progresser-face-a-un-marche-en-baisse\/","og_locale":"fr_FR","og_type":"article","og_title":"L\u2019or continue de progresser face \u00e0 un march\u00e9 en baisse - Gold.fr","og_description":"Le CAC 40 a encore une fois \u00e9t\u00e9 sujet \u00e0 la tendance baissi\u00e8re lors de la s\u00e9ance de la veille. Apr\u00e8s avoir r\u00e9alis\u00e9 une hausse de 0,55 % et avoisin\u00e9 les 5.340 points, l&rsquo;indice vedette a [&hellip;]","og_url":"https:\/\/www.gold.fr\/news\/2017\/06\/21\/lor-continue-de-progresser-face-a-un-marche-en-baisse\/","og_site_name":"Gold.fr","article_publisher":"https:\/\/www.facebook.com\/Goldfr\/","article_published_time":"2017-06-21T11:00:49+00:00","article_modified_time":"2021-01-11T16:16:45+00:00","og_image":[{"width":600,"height":400,"url":"https:\/\/www.gold.fr\/news\/wp-content\/uploads\/2012\/01\/cours-de-lor2.jpg","type":"image\/jpeg"}],"author":"Comptoir National de l'Or","twitter_card":"summary_large_image","twitter_misc":{"\u00c9crit par":"Comptoir National de l'Or","Dur\u00e9e de lecture estim\u00e9e":"1 minute"},"schema":{"@context":"https:\/\/schema.org","@graph":[{"@type":"Article","@id":"https:\/\/www.gold.fr\/news\/2017\/06\/21\/lor-continue-de-progresser-face-a-un-marche-en-baisse\/#article","isPartOf":{"@id":"https:\/\/www.gold.fr\/news\/2017\/06\/21\/lor-continue-de-progresser-face-a-un-marche-en-baisse\/"},"author":{"name":"Comptoir National de l'Or","@id":"https:\/\/www.gold.fr\/news\/#\/schema\/person\/070491b4b4fb7671bf59b3be20302ce9"},"headline":"L\u2019or continue de progresser face \u00e0 un march\u00e9 en baisse","datePublished":"2017-06-21T11:00:49+00:00","dateModified":"2021-01-11T16:16:45+00:00","mainEntityOfPage":{"@id":"https:\/\/www.gold.fr\/news\/2017\/06\/21\/lor-continue-de-progresser-face-a-un-marche-en-baisse\/"},"wordCount":225,"image":{"@id":"https:\/\/www.gold.fr\/news\/2017\/06\/21\/lor-continue-de-progresser-face-a-un-marche-en-baisse\/#primaryimage"},"thumbnailUrl":"https:\/\/www.gold.fr\/news\/wp-content\/uploads\/2012\/01\/cours-de-lor2.jpg","keywords":["hausse cours de l'or"],"articleSection":["Flash infos"],"inLanguage":"fr-FR"},{"@type":"WebPage","@id":"https:\/\/www.gold.fr\/news\/2017\/06\/21\/lor-continue-de-progresser-face-a-un-marche-en-baisse\/","url":"https:\/\/www.gold.fr\/news\/2017\/06\/21\/lor-continue-de-progresser-face-a-un-marche-en-baisse\/","name":"L\u2019or continue de progresser face \u00e0 un march\u00e9 en baisse - Gold.fr","isPartOf":{"@id":"https:\/\/www.gold.fr\/news\/#website"},"primaryImageOfPage":{"@id":"https:\/\/www.gold.fr\/news\/2017\/06\/21\/lor-continue-de-progresser-face-a-un-marche-en-baisse\/#primaryimage"},"image":{"@id":"https:\/\/www.gold.fr\/news\/2017\/06\/21\/lor-continue-de-progresser-face-a-un-marche-en-baisse\/#primaryimage"},"thumbnailUrl":"https:\/\/www.gold.fr\/news\/wp-content\/uploads\/2012\/01\/cours-de-lor2.jpg","datePublished":"2017-06-21T11:00:49+00:00","dateModified":"2021-01-11T16:16:45+00:00","author":{"@id":"https:\/\/www.gold.fr\/news\/#\/schema\/person\/070491b4b4fb7671bf59b3be20302ce9"},"breadcrumb":{"@id":"https:\/\/www.gold.fr\/news\/2017\/06\/21\/lor-continue-de-progresser-face-a-un-marche-en-baisse\/#breadcrumb"},"inLanguage":"fr-FR","potentialAction":[{"@type":"ReadAction","target":["https:\/\/www.gold.fr\/news\/2017\/06\/21\/lor-continue-de-progresser-face-a-un-marche-en-baisse\/"]}]},{"@type":"ImageObject","inLanguage":"fr-FR","@id":"https:\/\/www.gold.fr\/news\/2017\/06\/21\/lor-continue-de-progresser-face-a-un-marche-en-baisse\/#primaryimage","url":"https:\/\/www.gold.fr\/news\/wp-content\/uploads\/2012\/01\/cours-de-lor2.jpg","contentUrl":"https:\/\/www.gold.fr\/news\/wp-content\/uploads\/2012\/01\/cours-de-lor2.jpg","width":"600","height":"400","caption":"Le cours de l\u2019once retrouve sa tendance haussi\u00e8re"},{"@type":"BreadcrumbList","@id":"https:\/\/www.gold.fr\/news\/2017\/06\/21\/lor-continue-de-progresser-face-a-un-marche-en-baisse\/#breadcrumb","itemListElement":[{"@type":"ListItem","position":1,"name":"Accueil","item":"https:\/\/www.gold.fr\/"},{"@type":"ListItem","position":2,"name":"Actualit\u00e9s","item":"https:\/\/www.gold.fr\/news\/"},{"@type":"ListItem","position":3,"name":"L\u2019or continue de progresser face \u00e0 un march\u00e9 en baisse"}]},{"@type":"WebSite","@id":"https:\/\/www.gold.fr\/news\/#website","url":"https:\/\/www.gold.fr\/news\/","name":"Gold.fr","description":"Actualit\u00e9s de l&#039;Or et des m\u00e9taux pr\u00e9cieux","potentialAction":[{"@type":"SearchAction","target":{"@type":"EntryPoint","urlTemplate":"https:\/\/www.gold.fr\/news\/?s={search_term_string}"},"query-input":{"@type":"PropertyValueSpecification","valueRequired":true,"valueName":"search_term_string"}}],"inLanguage":"fr-FR"},{"@type":"Person","@id":"https:\/\/www.gold.fr\/news\/#\/schema\/person\/070491b4b4fb7671bf59b3be20302ce9","name":"Comptoir National de l'Or","image":{"@type":"ImageObject","inLanguage":"fr-FR","@id":"https:\/\/secure.gravatar.com\/avatar\/0a2867fd5abe37bed95d5a65e9d58f01756e11efc68af9888dfc50cfa7f65948?s=96&d=mm&r=gb490554db0a38188709de567aa58480d","url":"https:\/\/secure.gravatar.com\/avatar\/0a2867fd5abe37bed95d5a65e9d58f01756e11efc68af9888dfc50cfa7f65948?s=96&d=mm&r=g","contentUrl":"https:\/\/secure.gravatar.com\/avatar\/0a2867fd5abe37bed95d5a65e9d58f01756e11efc68af9888dfc50cfa7f65948?s=96&d=mm&r=g","caption":"Comptoir National de l'Or"},"description":"Notre r\u00e9daction est constitu\u00e9e de membres experts dans les m\u00e9tiers de l'\u00e9conomie et la gestion, des Responsables d'agence Comptoir National de l'Or, des analystes financiers qui publient r\u00e9guli\u00e8rement des \u00e9tudes sur les politiques des banques centrales, le cours de l'or, prix de l'or, cours de l'argent, prix de l'argent, cours du platine, cours du palladium,... la situation en zone euro et l'impact de la strat\u00e9gie mon\u00e9taire de la FED. Notre \u00e9quipe scrute \u00e9galement une information plus g\u00e9n\u00e9raliste \u00e0 la recherche d'actualit\u00e9 \"p\u00e9pite\" \u00e0 vous partager. Depuis 5 ans, nous avons publi\u00e9 un peu plus de 4000 articles qui s'adressent \u00e0 un public large et vari\u00e9 ayant pour objectif de satisfaire votre curiosit\u00e9 et de partager avec vous une certaine fascination pour le m\u00e9tal jaune, le rachat d'or, et pour ceux qui veulent investir dans l'or, vendre leur or tout simplement en savoir plus... Pour tous vos achat or et argent, n'h\u00e9sitez pas \u00e0 prendre rendez-vous dans l'un de nos nombreux comptoirs.","sameAs":["https:\/\/www.gold.fr"]}]}},"authors":[{"term_id":2565,"user_id":18,"is_guest":0,"slug":"julie","display_name":"Comptoir National de l'Or","avatar_url":"https:\/\/secure.gravatar.com\/avatar\/713f289e398d35ead876c4a4cc08607f0d6d266058cfc25683fffb6092d0e572?s=96&d=mm&r=g","0":null,"1":"","2":"","3":"","4":"","5":"","6":"","7":"","8":""}],"_links":{"self":[{"href":"https:\/\/www.gold.fr\/news\/wp-json\/wp\/v2\/posts\/21437","targetHints":{"allow":["GET"]}}],"collection":[{"href":"https:\/\/www.gold.fr\/news\/wp-json\/wp\/v2\/posts"}],"about":[{"href":"https:\/\/www.gold.fr\/news\/wp-json\/wp\/v2\/types\/post"}],"author":[{"embeddable":true,"href":"https:\/\/www.gold.fr\/news\/wp-json\/wp\/v2\/users\/18"}],"replies":[{"embeddable":true,"href":"https:\/\/www.gold.fr\/news\/wp-json\/wp\/v2\/comments?post=21437"}],"version-history":[{"count":0,"href":"https:\/\/www.gold.fr\/news\/wp-json\/wp\/v2\/posts\/21437\/revisions"}],"wp:featuredmedia":[{"embeddable":true,"href":"https:\/\/www.gold.fr\/news\/wp-json\/wp\/v2\/media\/5156"}],"wp:attachment":[{"href":"https:\/\/www.gold.fr\/news\/wp-json\/wp\/v2\/media?parent=21437"}],"wp:term":[{"taxonomy":"category","embeddable":true,"href":"https:\/\/www.gold.fr\/news\/wp-json\/wp\/v2\/categories?post=21437"},{"taxonomy":"post_tag","embeddable":true,"href":"https:\/\/www.gold.fr\/news\/wp-json\/wp\/v2\/tags?post=21437"},{"taxonomy":"author","embeddable":true,"href":"https:\/\/www.gold.fr\/news\/wp-json\/wp\/v2\/ppma_author?post=21437"}],"curies":[{"name":"wp","href":"https:\/\/api.w.org\/{rel}","templated":true}]}}