{"id":21395,"date":"2017-06-09T13:00:25","date_gmt":"2017-06-09T11:00:25","guid":{"rendered":"https:\/\/www.gold.fr\/news\/?p=21395"},"modified":"2021-01-13T09:58:26","modified_gmt":"2021-01-13T08:58:26","slug":"lonce-dor-clot-la-semaine-en-equilibre","status":"publish","type":"post","link":"https:\/\/www.gold.fr\/news\/2017\/06\/09\/lonce-dor-clot-la-semaine-en-equilibre\/","title":{"rendered":"L\u2019once d\u2019or cl\u00f4t la semaine en \u00e9quilibre"},"content":{"rendered":"<p><img loading=\"lazy\" decoding=\"async\" class=\"alignleft wp-image-4858 size-thumbnail\" title=\"L\u2019once d\u2019or cl\u00f4t la semaine en \u00e9quilibre\" src=\"https:\/\/www.gold.fr\/news\/wp-content\/uploads\/2012\/01\/cours-de-lor-150x150.jpg\" alt=\"L\u2019once d\u2019or cl\u00f4t la semaine en \u00e9quilibre\" width=\"150\" height=\"150\" \/>Durant la s\u00e9ance d&rsquo;hier, le <strong>CAC 40<\/strong> n&rsquo;a pas cess\u00e9 d&rsquo;osciller entre les 5.255 et les 5.275 points avant de clore la journ\u00e9e en \u00e9quilibre avec une mesure \u00e0 5.264 points. A la mi-journ\u00e9e d\u00e9j\u00e0, l&rsquo;indice vedette affichait un niveau \u00e0 5.290 points mais la progression r\u00e9alis\u00e9e durant la matin\u00e9e a vite \u00e9t\u00e9 effac\u00e9e suite \u00e0 la conf\u00e9rence de presse donn\u00e9e par <strong>Mario Draghi<\/strong>. Durant cette allocution, il avait d\u00e9clar\u00e9 que le <strong>QE<\/strong> serait poursuivi voire, amplifi\u00e9 jusqu&rsquo;\u00e0 la fin de l&rsquo;ann\u00e9e et qu&rsquo;une prochaine baisse au niveau des taux d&rsquo;int\u00e9r\u00eat est toujours possible.    Par ailleurs, le tassement constat\u00e9 aupr\u00e8s des taux d&rsquo;inflation reste tributaire du prix de l&rsquo;\u00e9nergie et plus pr\u00e9cis\u00e9ment celui du p\u00e9trole. Pendant ce temps l\u00e0, la monnaie unique subit un repli de 0<strong>,3 %<\/strong> et affiche une mesure \u00e0 <strong>1,1220<\/strong> face \u00e0 la devise am\u00e9ricaine. A cet effet, la Banque centrale europ\u00e9enne s&rsquo;engage aupr\u00e8s des march\u00e9s pour une p\u00e9riode encore ind\u00e9termin\u00e9e et promet une intervention pour la croissance gagne un peu en robustesse.    Dans ce contexte, le m\u00e9tal jaune continue \u00e0 \u00eatre en \u00e9quilibre et affiche en ce <strong>vendredi 9 juin 2017<\/strong> un <a href=\"https:\/\/www.gold.fr\/cours-or-prix-de-l-or\/\" target=\"_blank\" rel=\"noopener noreferrer\">cours<\/a> de <strong>1 277.90 dollars<\/strong> <a href=\"https:\/\/www.gold.fr\/once-or-nyc\/\" target=\"_blank\" rel=\"noopener noreferrer\">l\u2019once<\/a>.<\/p>\n<!-- AddThis Advanced Settings generic via filter on the_content --><!-- AddThis Share Buttons generic via filter on the_content -->","protected":false},"excerpt":{"rendered":"<p>Durant la s\u00e9ance d&rsquo;hier, le CAC 40 n&rsquo;a pas cess\u00e9 d&rsquo;osciller entre les 5.255 et les 5.275 points avant de clore la journ\u00e9e en \u00e9quilibre avec une mesure \u00e0 5.264 points. A la mi-journ\u00e9e d\u00e9j\u00e0, l&rsquo;indice [&hellip;]<\/p>\n","protected":false},"author":18,"featured_media":30901,"comment_status":"closed","ping_status":"closed","sticky":false,"template":"","format":"standard","meta":{"_mbp_gutenberg_autopost":false,"_pgmb_is_evergreen":false,"_pgmb_ap_template_id":0,"footnotes":""},"categories":[5],"tags":[1772],"ppma_author":[2565],"class_list":["post-21395","post","type-post","status-publish","format-standard","has-post-thumbnail","hentry","category-flash-infos","tag-cours-once-dor"],"yoast_head":"<!-- This site is optimized with the Yoast SEO plugin v27.5 - https:\/\/yoast.com\/product\/yoast-seo-wordpress\/ -->\n<title>L\u2019once d\u2019or cl\u00f4t la semaine en \u00e9quilibre - Gold.fr<\/title>\n<meta name=\"robots\" content=\"index, follow, max-snippet:-1, max-image-preview:large, max-video-preview:-1\" \/>\n<link rel=\"canonical\" href=\"https:\/\/www.gold.fr\/news\/2017\/06\/09\/lonce-dor-clot-la-semaine-en-equilibre\/\" \/>\n<meta property=\"og:locale\" content=\"fr_FR\" \/>\n<meta property=\"og:type\" content=\"article\" \/>\n<meta property=\"og:title\" content=\"L\u2019once d\u2019or cl\u00f4t la semaine en \u00e9quilibre - Gold.fr\" \/>\n<meta property=\"og:description\" content=\"Durant la s\u00e9ance d&rsquo;hier, le CAC 40 n&rsquo;a pas cess\u00e9 d&rsquo;osciller entre les 5.255 et les 5.275 points avant de clore la journ\u00e9e en \u00e9quilibre avec une mesure \u00e0 5.264 points. A la mi-journ\u00e9e d\u00e9j\u00e0, l&rsquo;indice [&hellip;]\" \/>\n<meta property=\"og:url\" content=\"https:\/\/www.gold.fr\/news\/2017\/06\/09\/lonce-dor-clot-la-semaine-en-equilibre\/\" \/>\n<meta property=\"og:site_name\" content=\"Gold.fr\" \/>\n<meta property=\"article:publisher\" content=\"https:\/\/www.facebook.com\/Goldfr\/\" \/>\n<meta property=\"article:published_time\" content=\"2017-06-09T11:00:25+00:00\" \/>\n<meta property=\"article:modified_time\" content=\"2021-01-13T08:58:26+00:00\" \/>\n<meta property=\"og:image\" content=\"https:\/\/www.gold.fr\/news\/wp-content\/uploads\/2017\/06\/cours-de-lor.jpg\" \/>\n\t<meta property=\"og:image:width\" content=\"600\" \/>\n\t<meta property=\"og:image:height\" content=\"400\" \/>\n\t<meta property=\"og:image:type\" content=\"image\/jpeg\" \/>\n<meta name=\"author\" content=\"Comptoir National de l&#039;Or\" \/>\n<meta name=\"twitter:card\" content=\"summary_large_image\" \/>\n<meta name=\"twitter:label1\" content=\"\u00c9crit par\" \/>\n\t<meta name=\"twitter:data1\" content=\"Comptoir National de l&#039;Or\" \/>\n\t<meta name=\"twitter:label2\" content=\"Dur\u00e9e de lecture estim\u00e9e\" \/>\n\t<meta name=\"twitter:data2\" content=\"1 minute\" \/>\n<script type=\"application\/ld+json\" class=\"yoast-schema-graph\">{\"@context\":\"https:\\\/\\\/schema.org\",\"@graph\":[{\"@type\":\"Article\",\"@id\":\"https:\\\/\\\/www.gold.fr\\\/news\\\/2017\\\/06\\\/09\\\/lonce-dor-clot-la-semaine-en-equilibre\\\/#article\",\"isPartOf\":{\"@id\":\"https:\\\/\\\/www.gold.fr\\\/news\\\/2017\\\/06\\\/09\\\/lonce-dor-clot-la-semaine-en-equilibre\\\/\"},\"author\":{\"name\":\"Comptoir National de l'Or\",\"@id\":\"https:\\\/\\\/www.gold.fr\\\/news\\\/#\\\/schema\\\/person\\\/070491b4b4fb7671bf59b3be20302ce9\"},\"headline\":\"L\u2019once d\u2019or cl\u00f4t la semaine en \u00e9quilibre\",\"datePublished\":\"2017-06-09T11:00:25+00:00\",\"dateModified\":\"2021-01-13T08:58:26+00:00\",\"mainEntityOfPage\":{\"@id\":\"https:\\\/\\\/www.gold.fr\\\/news\\\/2017\\\/06\\\/09\\\/lonce-dor-clot-la-semaine-en-equilibre\\\/\"},\"wordCount\":222,\"image\":{\"@id\":\"https:\\\/\\\/www.gold.fr\\\/news\\\/2017\\\/06\\\/09\\\/lonce-dor-clot-la-semaine-en-equilibre\\\/#primaryimage\"},\"thumbnailUrl\":\"https:\\\/\\\/www.gold.fr\\\/news\\\/wp-content\\\/uploads\\\/2017\\\/06\\\/cours-de-lor.jpg\",\"keywords\":[\"cours once d'or\"],\"articleSection\":[\"Flash infos\"],\"inLanguage\":\"fr-FR\"},{\"@type\":\"WebPage\",\"@id\":\"https:\\\/\\\/www.gold.fr\\\/news\\\/2017\\\/06\\\/09\\\/lonce-dor-clot-la-semaine-en-equilibre\\\/\",\"url\":\"https:\\\/\\\/www.gold.fr\\\/news\\\/2017\\\/06\\\/09\\\/lonce-dor-clot-la-semaine-en-equilibre\\\/\",\"name\":\"L\u2019once d\u2019or cl\u00f4t la semaine en \u00e9quilibre - Gold.fr\",\"isPartOf\":{\"@id\":\"https:\\\/\\\/www.gold.fr\\\/news\\\/#website\"},\"primaryImageOfPage\":{\"@id\":\"https:\\\/\\\/www.gold.fr\\\/news\\\/2017\\\/06\\\/09\\\/lonce-dor-clot-la-semaine-en-equilibre\\\/#primaryimage\"},\"image\":{\"@id\":\"https:\\\/\\\/www.gold.fr\\\/news\\\/2017\\\/06\\\/09\\\/lonce-dor-clot-la-semaine-en-equilibre\\\/#primaryimage\"},\"thumbnailUrl\":\"https:\\\/\\\/www.gold.fr\\\/news\\\/wp-content\\\/uploads\\\/2017\\\/06\\\/cours-de-lor.jpg\",\"datePublished\":\"2017-06-09T11:00:25+00:00\",\"dateModified\":\"2021-01-13T08:58:26+00:00\",\"author\":{\"@id\":\"https:\\\/\\\/www.gold.fr\\\/news\\\/#\\\/schema\\\/person\\\/070491b4b4fb7671bf59b3be20302ce9\"},\"breadcrumb\":{\"@id\":\"https:\\\/\\\/www.gold.fr\\\/news\\\/2017\\\/06\\\/09\\\/lonce-dor-clot-la-semaine-en-equilibre\\\/#breadcrumb\"},\"inLanguage\":\"fr-FR\",\"potentialAction\":[{\"@type\":\"ReadAction\",\"target\":[\"https:\\\/\\\/www.gold.fr\\\/news\\\/2017\\\/06\\\/09\\\/lonce-dor-clot-la-semaine-en-equilibre\\\/\"]}]},{\"@type\":\"ImageObject\",\"inLanguage\":\"fr-FR\",\"@id\":\"https:\\\/\\\/www.gold.fr\\\/news\\\/2017\\\/06\\\/09\\\/lonce-dor-clot-la-semaine-en-equilibre\\\/#primaryimage\",\"url\":\"https:\\\/\\\/www.gold.fr\\\/news\\\/wp-content\\\/uploads\\\/2017\\\/06\\\/cours-de-lor.jpg\",\"contentUrl\":\"https:\\\/\\\/www.gold.fr\\\/news\\\/wp-content\\\/uploads\\\/2017\\\/06\\\/cours-de-lor.jpg\",\"width\":600,\"height\":400,\"caption\":\"L\u2019once d\u2019or cl\u00f4t la semaine en \u00e9quilibre\"},{\"@type\":\"BreadcrumbList\",\"@id\":\"https:\\\/\\\/www.gold.fr\\\/news\\\/2017\\\/06\\\/09\\\/lonce-dor-clot-la-semaine-en-equilibre\\\/#breadcrumb\",\"itemListElement\":[{\"@type\":\"ListItem\",\"position\":1,\"name\":\"Accueil\",\"item\":\"https:\\\/\\\/www.gold.fr\\\/\"},{\"@type\":\"ListItem\",\"position\":2,\"name\":\"Actualit\u00e9s\",\"item\":\"https:\\\/\\\/www.gold.fr\\\/news\\\/\"},{\"@type\":\"ListItem\",\"position\":3,\"name\":\"L\u2019once d\u2019or cl\u00f4t la semaine en \u00e9quilibre\"}]},{\"@type\":\"WebSite\",\"@id\":\"https:\\\/\\\/www.gold.fr\\\/news\\\/#website\",\"url\":\"https:\\\/\\\/www.gold.fr\\\/news\\\/\",\"name\":\"Gold.fr\",\"description\":\"Actualit\u00e9s de l&#039;Or et des m\u00e9taux pr\u00e9cieux\",\"potentialAction\":[{\"@type\":\"SearchAction\",\"target\":{\"@type\":\"EntryPoint\",\"urlTemplate\":\"https:\\\/\\\/www.gold.fr\\\/news\\\/?s={search_term_string}\"},\"query-input\":{\"@type\":\"PropertyValueSpecification\",\"valueRequired\":true,\"valueName\":\"search_term_string\"}}],\"inLanguage\":\"fr-FR\"},{\"@type\":\"Person\",\"@id\":\"https:\\\/\\\/www.gold.fr\\\/news\\\/#\\\/schema\\\/person\\\/070491b4b4fb7671bf59b3be20302ce9\",\"name\":\"Comptoir National de l'Or\",\"image\":{\"@type\":\"ImageObject\",\"inLanguage\":\"fr-FR\",\"@id\":\"https:\\\/\\\/secure.gravatar.com\\\/avatar\\\/0a2867fd5abe37bed95d5a65e9d58f01756e11efc68af9888dfc50cfa7f65948?s=96&d=mm&r=gb490554db0a38188709de567aa58480d\",\"url\":\"https:\\\/\\\/secure.gravatar.com\\\/avatar\\\/0a2867fd5abe37bed95d5a65e9d58f01756e11efc68af9888dfc50cfa7f65948?s=96&d=mm&r=g\",\"contentUrl\":\"https:\\\/\\\/secure.gravatar.com\\\/avatar\\\/0a2867fd5abe37bed95d5a65e9d58f01756e11efc68af9888dfc50cfa7f65948?s=96&d=mm&r=g\",\"caption\":\"Comptoir National de l'Or\"},\"description\":\"Notre r\u00e9daction est constitu\u00e9e de membres experts dans les m\u00e9tiers de l'\u00e9conomie et la gestion, des Responsables d'agence Comptoir National de l'Or, des analystes financiers qui publient r\u00e9guli\u00e8rement des \u00e9tudes sur les politiques des banques centrales, le cours de l'or, prix de l'or, cours de l'argent, prix de l'argent, cours du platine, cours du palladium,... la situation en zone euro et l'impact de la strat\u00e9gie mon\u00e9taire de la FED. Notre \u00e9quipe scrute \u00e9galement une information plus g\u00e9n\u00e9raliste \u00e0 la recherche d'actualit\u00e9 \\\"p\u00e9pite\\\" \u00e0 vous partager. Depuis 5 ans, nous avons publi\u00e9 un peu plus de 4000 articles qui s'adressent \u00e0 un public large et vari\u00e9 ayant pour objectif de satisfaire votre curiosit\u00e9 et de partager avec vous une certaine fascination pour le m\u00e9tal jaune, le rachat d'or, et pour ceux qui veulent investir dans l'or, vendre leur or tout simplement en savoir plus... Pour tous vos achat or et argent, n'h\u00e9sitez pas \u00e0 prendre rendez-vous dans l'un de nos nombreux comptoirs.\",\"sameAs\":[\"https:\\\/\\\/www.gold.fr\"]}]}<\/script>\n<!-- \/ Yoast SEO plugin. -->","yoast_head_json":{"title":"L\u2019once d\u2019or cl\u00f4t la semaine en \u00e9quilibre - Gold.fr","robots":{"index":"index","follow":"follow","max-snippet":"max-snippet:-1","max-image-preview":"max-image-preview:large","max-video-preview":"max-video-preview:-1"},"canonical":"https:\/\/www.gold.fr\/news\/2017\/06\/09\/lonce-dor-clot-la-semaine-en-equilibre\/","og_locale":"fr_FR","og_type":"article","og_title":"L\u2019once d\u2019or cl\u00f4t la semaine en \u00e9quilibre - Gold.fr","og_description":"Durant la s\u00e9ance d&rsquo;hier, le CAC 40 n&rsquo;a pas cess\u00e9 d&rsquo;osciller entre les 5.255 et les 5.275 points avant de clore la journ\u00e9e en \u00e9quilibre avec une mesure \u00e0 5.264 points. A la mi-journ\u00e9e d\u00e9j\u00e0, l&rsquo;indice [&hellip;]","og_url":"https:\/\/www.gold.fr\/news\/2017\/06\/09\/lonce-dor-clot-la-semaine-en-equilibre\/","og_site_name":"Gold.fr","article_publisher":"https:\/\/www.facebook.com\/Goldfr\/","article_published_time":"2017-06-09T11:00:25+00:00","article_modified_time":"2021-01-13T08:58:26+00:00","og_image":[{"width":600,"height":400,"url":"https:\/\/www.gold.fr\/news\/wp-content\/uploads\/2017\/06\/cours-de-lor.jpg","type":"image\/jpeg"}],"author":"Comptoir National de l'Or","twitter_card":"summary_large_image","twitter_misc":{"\u00c9crit par":"Comptoir National de l'Or","Dur\u00e9e de lecture estim\u00e9e":"1 minute"},"schema":{"@context":"https:\/\/schema.org","@graph":[{"@type":"Article","@id":"https:\/\/www.gold.fr\/news\/2017\/06\/09\/lonce-dor-clot-la-semaine-en-equilibre\/#article","isPartOf":{"@id":"https:\/\/www.gold.fr\/news\/2017\/06\/09\/lonce-dor-clot-la-semaine-en-equilibre\/"},"author":{"name":"Comptoir National de l'Or","@id":"https:\/\/www.gold.fr\/news\/#\/schema\/person\/070491b4b4fb7671bf59b3be20302ce9"},"headline":"L\u2019once d\u2019or cl\u00f4t la semaine en \u00e9quilibre","datePublished":"2017-06-09T11:00:25+00:00","dateModified":"2021-01-13T08:58:26+00:00","mainEntityOfPage":{"@id":"https:\/\/www.gold.fr\/news\/2017\/06\/09\/lonce-dor-clot-la-semaine-en-equilibre\/"},"wordCount":222,"image":{"@id":"https:\/\/www.gold.fr\/news\/2017\/06\/09\/lonce-dor-clot-la-semaine-en-equilibre\/#primaryimage"},"thumbnailUrl":"https:\/\/www.gold.fr\/news\/wp-content\/uploads\/2017\/06\/cours-de-lor.jpg","keywords":["cours once d'or"],"articleSection":["Flash infos"],"inLanguage":"fr-FR"},{"@type":"WebPage","@id":"https:\/\/www.gold.fr\/news\/2017\/06\/09\/lonce-dor-clot-la-semaine-en-equilibre\/","url":"https:\/\/www.gold.fr\/news\/2017\/06\/09\/lonce-dor-clot-la-semaine-en-equilibre\/","name":"L\u2019once d\u2019or cl\u00f4t la semaine en \u00e9quilibre - Gold.fr","isPartOf":{"@id":"https:\/\/www.gold.fr\/news\/#website"},"primaryImageOfPage":{"@id":"https:\/\/www.gold.fr\/news\/2017\/06\/09\/lonce-dor-clot-la-semaine-en-equilibre\/#primaryimage"},"image":{"@id":"https:\/\/www.gold.fr\/news\/2017\/06\/09\/lonce-dor-clot-la-semaine-en-equilibre\/#primaryimage"},"thumbnailUrl":"https:\/\/www.gold.fr\/news\/wp-content\/uploads\/2017\/06\/cours-de-lor.jpg","datePublished":"2017-06-09T11:00:25+00:00","dateModified":"2021-01-13T08:58:26+00:00","author":{"@id":"https:\/\/www.gold.fr\/news\/#\/schema\/person\/070491b4b4fb7671bf59b3be20302ce9"},"breadcrumb":{"@id":"https:\/\/www.gold.fr\/news\/2017\/06\/09\/lonce-dor-clot-la-semaine-en-equilibre\/#breadcrumb"},"inLanguage":"fr-FR","potentialAction":[{"@type":"ReadAction","target":["https:\/\/www.gold.fr\/news\/2017\/06\/09\/lonce-dor-clot-la-semaine-en-equilibre\/"]}]},{"@type":"ImageObject","inLanguage":"fr-FR","@id":"https:\/\/www.gold.fr\/news\/2017\/06\/09\/lonce-dor-clot-la-semaine-en-equilibre\/#primaryimage","url":"https:\/\/www.gold.fr\/news\/wp-content\/uploads\/2017\/06\/cours-de-lor.jpg","contentUrl":"https:\/\/www.gold.fr\/news\/wp-content\/uploads\/2017\/06\/cours-de-lor.jpg","width":600,"height":400,"caption":"L\u2019once d\u2019or cl\u00f4t la semaine en \u00e9quilibre"},{"@type":"BreadcrumbList","@id":"https:\/\/www.gold.fr\/news\/2017\/06\/09\/lonce-dor-clot-la-semaine-en-equilibre\/#breadcrumb","itemListElement":[{"@type":"ListItem","position":1,"name":"Accueil","item":"https:\/\/www.gold.fr\/"},{"@type":"ListItem","position":2,"name":"Actualit\u00e9s","item":"https:\/\/www.gold.fr\/news\/"},{"@type":"ListItem","position":3,"name":"L\u2019once d\u2019or cl\u00f4t la semaine en \u00e9quilibre"}]},{"@type":"WebSite","@id":"https:\/\/www.gold.fr\/news\/#website","url":"https:\/\/www.gold.fr\/news\/","name":"Gold.fr","description":"Actualit\u00e9s de l&#039;Or et des m\u00e9taux pr\u00e9cieux","potentialAction":[{"@type":"SearchAction","target":{"@type":"EntryPoint","urlTemplate":"https:\/\/www.gold.fr\/news\/?s={search_term_string}"},"query-input":{"@type":"PropertyValueSpecification","valueRequired":true,"valueName":"search_term_string"}}],"inLanguage":"fr-FR"},{"@type":"Person","@id":"https:\/\/www.gold.fr\/news\/#\/schema\/person\/070491b4b4fb7671bf59b3be20302ce9","name":"Comptoir National de l'Or","image":{"@type":"ImageObject","inLanguage":"fr-FR","@id":"https:\/\/secure.gravatar.com\/avatar\/0a2867fd5abe37bed95d5a65e9d58f01756e11efc68af9888dfc50cfa7f65948?s=96&d=mm&r=gb490554db0a38188709de567aa58480d","url":"https:\/\/secure.gravatar.com\/avatar\/0a2867fd5abe37bed95d5a65e9d58f01756e11efc68af9888dfc50cfa7f65948?s=96&d=mm&r=g","contentUrl":"https:\/\/secure.gravatar.com\/avatar\/0a2867fd5abe37bed95d5a65e9d58f01756e11efc68af9888dfc50cfa7f65948?s=96&d=mm&r=g","caption":"Comptoir National de l'Or"},"description":"Notre r\u00e9daction est constitu\u00e9e de membres experts dans les m\u00e9tiers de l'\u00e9conomie et la gestion, des Responsables d'agence Comptoir National de l'Or, des analystes financiers qui publient r\u00e9guli\u00e8rement des \u00e9tudes sur les politiques des banques centrales, le cours de l'or, prix de l'or, cours de l'argent, prix de l'argent, cours du platine, cours du palladium,... la situation en zone euro et l'impact de la strat\u00e9gie mon\u00e9taire de la FED. Notre \u00e9quipe scrute \u00e9galement une information plus g\u00e9n\u00e9raliste \u00e0 la recherche d'actualit\u00e9 \"p\u00e9pite\" \u00e0 vous partager. Depuis 5 ans, nous avons publi\u00e9 un peu plus de 4000 articles qui s'adressent \u00e0 un public large et vari\u00e9 ayant pour objectif de satisfaire votre curiosit\u00e9 et de partager avec vous une certaine fascination pour le m\u00e9tal jaune, le rachat d'or, et pour ceux qui veulent investir dans l'or, vendre leur or tout simplement en savoir plus... Pour tous vos achat or et argent, n'h\u00e9sitez pas \u00e0 prendre rendez-vous dans l'un de nos nombreux comptoirs.","sameAs":["https:\/\/www.gold.fr"]}]}},"authors":[{"term_id":2565,"user_id":18,"is_guest":0,"slug":"julie","display_name":"Comptoir National de l'Or","avatar_url":"https:\/\/secure.gravatar.com\/avatar\/713f289e398d35ead876c4a4cc08607f0d6d266058cfc25683fffb6092d0e572?s=96&d=mm&r=g","0":null,"1":"","2":"","3":"","4":"","5":"","6":"","7":"","8":""}],"_links":{"self":[{"href":"https:\/\/www.gold.fr\/news\/wp-json\/wp\/v2\/posts\/21395","targetHints":{"allow":["GET"]}}],"collection":[{"href":"https:\/\/www.gold.fr\/news\/wp-json\/wp\/v2\/posts"}],"about":[{"href":"https:\/\/www.gold.fr\/news\/wp-json\/wp\/v2\/types\/post"}],"author":[{"embeddable":true,"href":"https:\/\/www.gold.fr\/news\/wp-json\/wp\/v2\/users\/18"}],"replies":[{"embeddable":true,"href":"https:\/\/www.gold.fr\/news\/wp-json\/wp\/v2\/comments?post=21395"}],"version-history":[{"count":0,"href":"https:\/\/www.gold.fr\/news\/wp-json\/wp\/v2\/posts\/21395\/revisions"}],"wp:featuredmedia":[{"embeddable":true,"href":"https:\/\/www.gold.fr\/news\/wp-json\/wp\/v2\/media\/30901"}],"wp:attachment":[{"href":"https:\/\/www.gold.fr\/news\/wp-json\/wp\/v2\/media?parent=21395"}],"wp:term":[{"taxonomy":"category","embeddable":true,"href":"https:\/\/www.gold.fr\/news\/wp-json\/wp\/v2\/categories?post=21395"},{"taxonomy":"post_tag","embeddable":true,"href":"https:\/\/www.gold.fr\/news\/wp-json\/wp\/v2\/tags?post=21395"},{"taxonomy":"author","embeddable":true,"href":"https:\/\/www.gold.fr\/news\/wp-json\/wp\/v2\/ppma_author?post=21395"}],"curies":[{"name":"wp","href":"https:\/\/api.w.org\/{rel}","templated":true}]}}