{"id":21392,"date":"2017-06-08T17:00:07","date_gmt":"2017-06-08T15:00:07","guid":{"rendered":"https:\/\/www.gold.fr\/news\/?p=21392"},"modified":"2021-01-11T16:31:27","modified_gmt":"2021-01-11T15:31:27","slug":"le-cours-de-lor-galvanise-par-la-situation-geopolitique-actuelle","status":"publish","type":"post","link":"https:\/\/www.gold.fr\/news\/2017\/06\/08\/le-cours-de-lor-galvanise-par-la-situation-geopolitique-actuelle\/","title":{"rendered":"Le cours de l\u2019or galvanis\u00e9 par la situation g\u00e9opolitique actuelle"},"content":{"rendered":"<p><img loading=\"lazy\" decoding=\"async\" class=\"alignleft wp-image-7598 size-thumbnail\" title=\"Le cours de l\u2019or galvanis\u00e9 par la situation g\u00e9opolitique actuelle\" src=\"https:\/\/www.gold.fr\/news\/wp-content\/uploads\/2012\/05\/cours-de-l-once-d-or-150x150.jpg\" alt=\"Le cours de l\u2019or galvanis\u00e9 par la situation g\u00e9opolitique actuelle\" width=\"150\" height=\"150\" \/>Face aux risques politiques actuels, les investisseurs ont tendance \u00e0 \u00eatre encore plus prudents. Une r\u00e9ticence qui impacte directement le cours de <a href=\"https:\/\/www.gold.fr\/once-or-nyc\/\" target=\"_blank\" rel=\"noopener noreferrer\">l\u2019once<\/a> d&rsquo;or puisque ce dernier est en train d&rsquo;afficher plusieurs records absolus. Ainsi, au niveau du <strong>Comex<\/strong> du <strong>New York Mercantile Exchange<\/strong>, l&rsquo;or spot affiche une mesure \u00e0 <strong>1.292,40 dollars<\/strong> tandis que l&rsquo;or troy s&rsquo;est stabilis\u00e9 au niveau des <strong>1.294,93 dollars<\/strong>.    Boost\u00e9 par le contexte g\u00e9opolitique favorable, le <a href=\"https:\/\/www.gold.fr\/cours-or-prix-de-l-or\/\" target=\"_blank\" rel=\"noopener noreferrer\">cours<\/a> de l&rsquo;or a enregistr\u00e9 une progression durant trois s\u00e9ances cons\u00e9cutives alors que les march\u00e9s financiers ont r\u00e9agi plut\u00f4t mal suite aux tensions politiques au Moyen-Orient et \u00e0 l&rsquo;attaque terroriste \u00e0 Londres.    Par ailleurs, les investisseurs sont dans la crainte de nouvelles r\u00e9v\u00e9lations qui auraient pour impact d&rsquo;aggraver encore plus la situation actuelle de l&rsquo;administration des <strong>Etats-Unis<\/strong>. Dans ce contexte, Comey aurait \u00e0 t\u00e9moigner \u00e0 propos des conversations \u00e9chang\u00e9es avec le pr\u00e9sident am\u00e9ricain durant lesquelles ce dernier lui aurait demand\u00e9 d&rsquo;abandonner les investigations men\u00e9es \u00e0 l&rsquo;encontre de son conseiller en s\u00e9curit\u00e9 nationale. Rappelons qu&rsquo;en cas d&rsquo;incertitude, le m\u00e9tal jaune est per\u00e7u comme alternative s\u00fbre et rentable<\/p>\n<!-- AddThis Advanced Settings generic via filter on the_content --><!-- AddThis Share Buttons generic via filter on the_content -->","protected":false},"excerpt":{"rendered":"<p>Face aux risques politiques actuels, les investisseurs ont tendance \u00e0 \u00eatre encore plus prudents. Une r\u00e9ticence qui impacte directement le cours de l\u2019once d&rsquo;or puisque ce dernier est en train d&rsquo;afficher plusieurs records absolus. Ainsi, au [&hellip;]<\/p>\n","protected":false},"author":18,"featured_media":7598,"comment_status":"closed","ping_status":"closed","sticky":false,"template":"","format":"standard","meta":{"_mbp_gutenberg_autopost":false,"_pgmb_is_evergreen":false,"_pgmb_ap_template_id":0,"footnotes":""},"categories":[6],"tags":[1937,84],"ppma_author":[2565],"class_list":["post-21392","post","type-post","status-publish","format-standard","has-post-thumbnail","hentry","category-articles-de-presse","tag-actualite-geopolitique","tag-cours-de-lor"],"yoast_head":"<!-- This site is optimized with the Yoast SEO plugin v27.5 - https:\/\/yoast.com\/product\/yoast-seo-wordpress\/ -->\n<title>Le cours de l\u2019or galvanis\u00e9 par la situation g\u00e9opolitique actuelle - Gold.fr<\/title>\n<meta name=\"robots\" content=\"index, follow, max-snippet:-1, max-image-preview:large, max-video-preview:-1\" \/>\n<link rel=\"canonical\" href=\"https:\/\/www.gold.fr\/news\/2017\/06\/08\/le-cours-de-lor-galvanise-par-la-situation-geopolitique-actuelle\/\" \/>\n<meta property=\"og:locale\" content=\"fr_FR\" \/>\n<meta property=\"og:type\" content=\"article\" \/>\n<meta property=\"og:title\" content=\"Le cours de l\u2019or galvanis\u00e9 par la situation g\u00e9opolitique actuelle - Gold.fr\" \/>\n<meta property=\"og:description\" content=\"Face aux risques politiques actuels, les investisseurs ont tendance \u00e0 \u00eatre encore plus prudents. Une r\u00e9ticence qui impacte directement le cours de l\u2019once d&rsquo;or puisque ce dernier est en train d&rsquo;afficher plusieurs records absolus. Ainsi, au [&hellip;]\" \/>\n<meta property=\"og:url\" content=\"https:\/\/www.gold.fr\/news\/2017\/06\/08\/le-cours-de-lor-galvanise-par-la-situation-geopolitique-actuelle\/\" \/>\n<meta property=\"og:site_name\" content=\"Gold.fr\" \/>\n<meta property=\"article:publisher\" content=\"https:\/\/www.facebook.com\/Goldfr\/\" \/>\n<meta property=\"article:published_time\" content=\"2017-06-08T15:00:07+00:00\" \/>\n<meta property=\"article:modified_time\" content=\"2021-01-11T15:31:27+00:00\" \/>\n<meta property=\"og:image\" content=\"https:\/\/www.gold.fr\/news\/wp-content\/uploads\/2012\/05\/cours-de-l-once-d-or.jpg\" \/>\n\t<meta property=\"og:image:width\" content=\"600\" \/>\n\t<meta property=\"og:image:height\" content=\"478\" \/>\n\t<meta property=\"og:image:type\" content=\"image\/jpeg\" \/>\n<meta name=\"author\" content=\"Comptoir National de l&#039;Or\" \/>\n<meta name=\"twitter:card\" content=\"summary_large_image\" \/>\n<meta name=\"twitter:label1\" content=\"\u00c9crit par\" \/>\n\t<meta name=\"twitter:data1\" content=\"Comptoir National de l&#039;Or\" \/>\n\t<meta name=\"twitter:label2\" content=\"Dur\u00e9e de lecture estim\u00e9e\" \/>\n\t<meta name=\"twitter:data2\" content=\"1 minute\" \/>\n<script type=\"application\/ld+json\" class=\"yoast-schema-graph\">{\"@context\":\"https:\\\/\\\/schema.org\",\"@graph\":[{\"@type\":\"Article\",\"@id\":\"https:\\\/\\\/www.gold.fr\\\/news\\\/2017\\\/06\\\/08\\\/le-cours-de-lor-galvanise-par-la-situation-geopolitique-actuelle\\\/#article\",\"isPartOf\":{\"@id\":\"https:\\\/\\\/www.gold.fr\\\/news\\\/2017\\\/06\\\/08\\\/le-cours-de-lor-galvanise-par-la-situation-geopolitique-actuelle\\\/\"},\"author\":{\"name\":\"Comptoir National de l'Or\",\"@id\":\"https:\\\/\\\/www.gold.fr\\\/news\\\/#\\\/schema\\\/person\\\/070491b4b4fb7671bf59b3be20302ce9\"},\"headline\":\"Le cours de l\u2019or galvanis\u00e9 par la situation g\u00e9opolitique actuelle\",\"datePublished\":\"2017-06-08T15:00:07+00:00\",\"dateModified\":\"2021-01-11T15:31:27+00:00\",\"mainEntityOfPage\":{\"@id\":\"https:\\\/\\\/www.gold.fr\\\/news\\\/2017\\\/06\\\/08\\\/le-cours-de-lor-galvanise-par-la-situation-geopolitique-actuelle\\\/\"},\"wordCount\":211,\"image\":{\"@id\":\"https:\\\/\\\/www.gold.fr\\\/news\\\/2017\\\/06\\\/08\\\/le-cours-de-lor-galvanise-par-la-situation-geopolitique-actuelle\\\/#primaryimage\"},\"thumbnailUrl\":\"https:\\\/\\\/www.gold.fr\\\/news\\\/wp-content\\\/uploads\\\/2012\\\/05\\\/cours-de-l-once-d-or.jpg\",\"keywords\":[\"actualit\u00e9 g\u00e9opolitique\",\"Tout Cours de l'Or\"],\"articleSection\":[\"Articles de presse\"],\"inLanguage\":\"fr-FR\"},{\"@type\":\"WebPage\",\"@id\":\"https:\\\/\\\/www.gold.fr\\\/news\\\/2017\\\/06\\\/08\\\/le-cours-de-lor-galvanise-par-la-situation-geopolitique-actuelle\\\/\",\"url\":\"https:\\\/\\\/www.gold.fr\\\/news\\\/2017\\\/06\\\/08\\\/le-cours-de-lor-galvanise-par-la-situation-geopolitique-actuelle\\\/\",\"name\":\"Le cours de l\u2019or galvanis\u00e9 par la situation g\u00e9opolitique actuelle - Gold.fr\",\"isPartOf\":{\"@id\":\"https:\\\/\\\/www.gold.fr\\\/news\\\/#website\"},\"primaryImageOfPage\":{\"@id\":\"https:\\\/\\\/www.gold.fr\\\/news\\\/2017\\\/06\\\/08\\\/le-cours-de-lor-galvanise-par-la-situation-geopolitique-actuelle\\\/#primaryimage\"},\"image\":{\"@id\":\"https:\\\/\\\/www.gold.fr\\\/news\\\/2017\\\/06\\\/08\\\/le-cours-de-lor-galvanise-par-la-situation-geopolitique-actuelle\\\/#primaryimage\"},\"thumbnailUrl\":\"https:\\\/\\\/www.gold.fr\\\/news\\\/wp-content\\\/uploads\\\/2012\\\/05\\\/cours-de-l-once-d-or.jpg\",\"datePublished\":\"2017-06-08T15:00:07+00:00\",\"dateModified\":\"2021-01-11T15:31:27+00:00\",\"author\":{\"@id\":\"https:\\\/\\\/www.gold.fr\\\/news\\\/#\\\/schema\\\/person\\\/070491b4b4fb7671bf59b3be20302ce9\"},\"breadcrumb\":{\"@id\":\"https:\\\/\\\/www.gold.fr\\\/news\\\/2017\\\/06\\\/08\\\/le-cours-de-lor-galvanise-par-la-situation-geopolitique-actuelle\\\/#breadcrumb\"},\"inLanguage\":\"fr-FR\",\"potentialAction\":[{\"@type\":\"ReadAction\",\"target\":[\"https:\\\/\\\/www.gold.fr\\\/news\\\/2017\\\/06\\\/08\\\/le-cours-de-lor-galvanise-par-la-situation-geopolitique-actuelle\\\/\"]}]},{\"@type\":\"ImageObject\",\"inLanguage\":\"fr-FR\",\"@id\":\"https:\\\/\\\/www.gold.fr\\\/news\\\/2017\\\/06\\\/08\\\/le-cours-de-lor-galvanise-par-la-situation-geopolitique-actuelle\\\/#primaryimage\",\"url\":\"https:\\\/\\\/www.gold.fr\\\/news\\\/wp-content\\\/uploads\\\/2012\\\/05\\\/cours-de-l-once-d-or.jpg\",\"contentUrl\":\"https:\\\/\\\/www.gold.fr\\\/news\\\/wp-content\\\/uploads\\\/2012\\\/05\\\/cours-de-l-once-d-or.jpg\",\"width\":\"600\",\"height\":\"478\",\"caption\":\"Tentatives de stabilisation de l'once\"},{\"@type\":\"BreadcrumbList\",\"@id\":\"https:\\\/\\\/www.gold.fr\\\/news\\\/2017\\\/06\\\/08\\\/le-cours-de-lor-galvanise-par-la-situation-geopolitique-actuelle\\\/#breadcrumb\",\"itemListElement\":[{\"@type\":\"ListItem\",\"position\":1,\"name\":\"Accueil\",\"item\":\"https:\\\/\\\/www.gold.fr\\\/\"},{\"@type\":\"ListItem\",\"position\":2,\"name\":\"Actualit\u00e9s\",\"item\":\"https:\\\/\\\/www.gold.fr\\\/news\\\/\"},{\"@type\":\"ListItem\",\"position\":3,\"name\":\"Le cours de l\u2019or galvanis\u00e9 par la situation g\u00e9opolitique actuelle\"}]},{\"@type\":\"WebSite\",\"@id\":\"https:\\\/\\\/www.gold.fr\\\/news\\\/#website\",\"url\":\"https:\\\/\\\/www.gold.fr\\\/news\\\/\",\"name\":\"Gold.fr\",\"description\":\"Actualit\u00e9s de l&#039;Or et des m\u00e9taux pr\u00e9cieux\",\"potentialAction\":[{\"@type\":\"SearchAction\",\"target\":{\"@type\":\"EntryPoint\",\"urlTemplate\":\"https:\\\/\\\/www.gold.fr\\\/news\\\/?s={search_term_string}\"},\"query-input\":{\"@type\":\"PropertyValueSpecification\",\"valueRequired\":true,\"valueName\":\"search_term_string\"}}],\"inLanguage\":\"fr-FR\"},{\"@type\":\"Person\",\"@id\":\"https:\\\/\\\/www.gold.fr\\\/news\\\/#\\\/schema\\\/person\\\/070491b4b4fb7671bf59b3be20302ce9\",\"name\":\"Comptoir National de l'Or\",\"image\":{\"@type\":\"ImageObject\",\"inLanguage\":\"fr-FR\",\"@id\":\"https:\\\/\\\/secure.gravatar.com\\\/avatar\\\/0a2867fd5abe37bed95d5a65e9d58f01756e11efc68af9888dfc50cfa7f65948?s=96&d=mm&r=gb490554db0a38188709de567aa58480d\",\"url\":\"https:\\\/\\\/secure.gravatar.com\\\/avatar\\\/0a2867fd5abe37bed95d5a65e9d58f01756e11efc68af9888dfc50cfa7f65948?s=96&d=mm&r=g\",\"contentUrl\":\"https:\\\/\\\/secure.gravatar.com\\\/avatar\\\/0a2867fd5abe37bed95d5a65e9d58f01756e11efc68af9888dfc50cfa7f65948?s=96&d=mm&r=g\",\"caption\":\"Comptoir National de l'Or\"},\"description\":\"Notre r\u00e9daction est constitu\u00e9e de membres experts dans les m\u00e9tiers de l'\u00e9conomie et la gestion, des Responsables d'agence Comptoir National de l'Or, des analystes financiers qui publient r\u00e9guli\u00e8rement des \u00e9tudes sur les politiques des banques centrales, le cours de l'or, prix de l'or, cours de l'argent, prix de l'argent, cours du platine, cours du palladium,... la situation en zone euro et l'impact de la strat\u00e9gie mon\u00e9taire de la FED. Notre \u00e9quipe scrute \u00e9galement une information plus g\u00e9n\u00e9raliste \u00e0 la recherche d'actualit\u00e9 \\\"p\u00e9pite\\\" \u00e0 vous partager. Depuis 5 ans, nous avons publi\u00e9 un peu plus de 4000 articles qui s'adressent \u00e0 un public large et vari\u00e9 ayant pour objectif de satisfaire votre curiosit\u00e9 et de partager avec vous une certaine fascination pour le m\u00e9tal jaune, le rachat d'or, et pour ceux qui veulent investir dans l'or, vendre leur or tout simplement en savoir plus... Pour tous vos achat or et argent, n'h\u00e9sitez pas \u00e0 prendre rendez-vous dans l'un de nos nombreux comptoirs.\",\"sameAs\":[\"https:\\\/\\\/www.gold.fr\"]}]}<\/script>\n<!-- \/ Yoast SEO plugin. -->","yoast_head_json":{"title":"Le cours de l\u2019or galvanis\u00e9 par la situation g\u00e9opolitique actuelle - Gold.fr","robots":{"index":"index","follow":"follow","max-snippet":"max-snippet:-1","max-image-preview":"max-image-preview:large","max-video-preview":"max-video-preview:-1"},"canonical":"https:\/\/www.gold.fr\/news\/2017\/06\/08\/le-cours-de-lor-galvanise-par-la-situation-geopolitique-actuelle\/","og_locale":"fr_FR","og_type":"article","og_title":"Le cours de l\u2019or galvanis\u00e9 par la situation g\u00e9opolitique actuelle - Gold.fr","og_description":"Face aux risques politiques actuels, les investisseurs ont tendance \u00e0 \u00eatre encore plus prudents. Une r\u00e9ticence qui impacte directement le cours de l\u2019once d&rsquo;or puisque ce dernier est en train d&rsquo;afficher plusieurs records absolus. Ainsi, au [&hellip;]","og_url":"https:\/\/www.gold.fr\/news\/2017\/06\/08\/le-cours-de-lor-galvanise-par-la-situation-geopolitique-actuelle\/","og_site_name":"Gold.fr","article_publisher":"https:\/\/www.facebook.com\/Goldfr\/","article_published_time":"2017-06-08T15:00:07+00:00","article_modified_time":"2021-01-11T15:31:27+00:00","og_image":[{"width":600,"height":478,"url":"https:\/\/www.gold.fr\/news\/wp-content\/uploads\/2012\/05\/cours-de-l-once-d-or.jpg","type":"image\/jpeg"}],"author":"Comptoir National de l'Or","twitter_card":"summary_large_image","twitter_misc":{"\u00c9crit par":"Comptoir National de l'Or","Dur\u00e9e de lecture estim\u00e9e":"1 minute"},"schema":{"@context":"https:\/\/schema.org","@graph":[{"@type":"Article","@id":"https:\/\/www.gold.fr\/news\/2017\/06\/08\/le-cours-de-lor-galvanise-par-la-situation-geopolitique-actuelle\/#article","isPartOf":{"@id":"https:\/\/www.gold.fr\/news\/2017\/06\/08\/le-cours-de-lor-galvanise-par-la-situation-geopolitique-actuelle\/"},"author":{"name":"Comptoir National de l'Or","@id":"https:\/\/www.gold.fr\/news\/#\/schema\/person\/070491b4b4fb7671bf59b3be20302ce9"},"headline":"Le cours de l\u2019or galvanis\u00e9 par la situation g\u00e9opolitique actuelle","datePublished":"2017-06-08T15:00:07+00:00","dateModified":"2021-01-11T15:31:27+00:00","mainEntityOfPage":{"@id":"https:\/\/www.gold.fr\/news\/2017\/06\/08\/le-cours-de-lor-galvanise-par-la-situation-geopolitique-actuelle\/"},"wordCount":211,"image":{"@id":"https:\/\/www.gold.fr\/news\/2017\/06\/08\/le-cours-de-lor-galvanise-par-la-situation-geopolitique-actuelle\/#primaryimage"},"thumbnailUrl":"https:\/\/www.gold.fr\/news\/wp-content\/uploads\/2012\/05\/cours-de-l-once-d-or.jpg","keywords":["actualit\u00e9 g\u00e9opolitique","Tout Cours de l'Or"],"articleSection":["Articles de presse"],"inLanguage":"fr-FR"},{"@type":"WebPage","@id":"https:\/\/www.gold.fr\/news\/2017\/06\/08\/le-cours-de-lor-galvanise-par-la-situation-geopolitique-actuelle\/","url":"https:\/\/www.gold.fr\/news\/2017\/06\/08\/le-cours-de-lor-galvanise-par-la-situation-geopolitique-actuelle\/","name":"Le cours de l\u2019or galvanis\u00e9 par la situation g\u00e9opolitique actuelle - Gold.fr","isPartOf":{"@id":"https:\/\/www.gold.fr\/news\/#website"},"primaryImageOfPage":{"@id":"https:\/\/www.gold.fr\/news\/2017\/06\/08\/le-cours-de-lor-galvanise-par-la-situation-geopolitique-actuelle\/#primaryimage"},"image":{"@id":"https:\/\/www.gold.fr\/news\/2017\/06\/08\/le-cours-de-lor-galvanise-par-la-situation-geopolitique-actuelle\/#primaryimage"},"thumbnailUrl":"https:\/\/www.gold.fr\/news\/wp-content\/uploads\/2012\/05\/cours-de-l-once-d-or.jpg","datePublished":"2017-06-08T15:00:07+00:00","dateModified":"2021-01-11T15:31:27+00:00","author":{"@id":"https:\/\/www.gold.fr\/news\/#\/schema\/person\/070491b4b4fb7671bf59b3be20302ce9"},"breadcrumb":{"@id":"https:\/\/www.gold.fr\/news\/2017\/06\/08\/le-cours-de-lor-galvanise-par-la-situation-geopolitique-actuelle\/#breadcrumb"},"inLanguage":"fr-FR","potentialAction":[{"@type":"ReadAction","target":["https:\/\/www.gold.fr\/news\/2017\/06\/08\/le-cours-de-lor-galvanise-par-la-situation-geopolitique-actuelle\/"]}]},{"@type":"ImageObject","inLanguage":"fr-FR","@id":"https:\/\/www.gold.fr\/news\/2017\/06\/08\/le-cours-de-lor-galvanise-par-la-situation-geopolitique-actuelle\/#primaryimage","url":"https:\/\/www.gold.fr\/news\/wp-content\/uploads\/2012\/05\/cours-de-l-once-d-or.jpg","contentUrl":"https:\/\/www.gold.fr\/news\/wp-content\/uploads\/2012\/05\/cours-de-l-once-d-or.jpg","width":"600","height":"478","caption":"Tentatives de stabilisation de l'once"},{"@type":"BreadcrumbList","@id":"https:\/\/www.gold.fr\/news\/2017\/06\/08\/le-cours-de-lor-galvanise-par-la-situation-geopolitique-actuelle\/#breadcrumb","itemListElement":[{"@type":"ListItem","position":1,"name":"Accueil","item":"https:\/\/www.gold.fr\/"},{"@type":"ListItem","position":2,"name":"Actualit\u00e9s","item":"https:\/\/www.gold.fr\/news\/"},{"@type":"ListItem","position":3,"name":"Le cours de l\u2019or galvanis\u00e9 par la situation g\u00e9opolitique actuelle"}]},{"@type":"WebSite","@id":"https:\/\/www.gold.fr\/news\/#website","url":"https:\/\/www.gold.fr\/news\/","name":"Gold.fr","description":"Actualit\u00e9s de l&#039;Or et des m\u00e9taux pr\u00e9cieux","potentialAction":[{"@type":"SearchAction","target":{"@type":"EntryPoint","urlTemplate":"https:\/\/www.gold.fr\/news\/?s={search_term_string}"},"query-input":{"@type":"PropertyValueSpecification","valueRequired":true,"valueName":"search_term_string"}}],"inLanguage":"fr-FR"},{"@type":"Person","@id":"https:\/\/www.gold.fr\/news\/#\/schema\/person\/070491b4b4fb7671bf59b3be20302ce9","name":"Comptoir National de l'Or","image":{"@type":"ImageObject","inLanguage":"fr-FR","@id":"https:\/\/secure.gravatar.com\/avatar\/0a2867fd5abe37bed95d5a65e9d58f01756e11efc68af9888dfc50cfa7f65948?s=96&d=mm&r=gb490554db0a38188709de567aa58480d","url":"https:\/\/secure.gravatar.com\/avatar\/0a2867fd5abe37bed95d5a65e9d58f01756e11efc68af9888dfc50cfa7f65948?s=96&d=mm&r=g","contentUrl":"https:\/\/secure.gravatar.com\/avatar\/0a2867fd5abe37bed95d5a65e9d58f01756e11efc68af9888dfc50cfa7f65948?s=96&d=mm&r=g","caption":"Comptoir National de l'Or"},"description":"Notre r\u00e9daction est constitu\u00e9e de membres experts dans les m\u00e9tiers de l'\u00e9conomie et la gestion, des Responsables d'agence Comptoir National de l'Or, des analystes financiers qui publient r\u00e9guli\u00e8rement des \u00e9tudes sur les politiques des banques centrales, le cours de l'or, prix de l'or, cours de l'argent, prix de l'argent, cours du platine, cours du palladium,... la situation en zone euro et l'impact de la strat\u00e9gie mon\u00e9taire de la FED. Notre \u00e9quipe scrute \u00e9galement une information plus g\u00e9n\u00e9raliste \u00e0 la recherche d'actualit\u00e9 \"p\u00e9pite\" \u00e0 vous partager. Depuis 5 ans, nous avons publi\u00e9 un peu plus de 4000 articles qui s'adressent \u00e0 un public large et vari\u00e9 ayant pour objectif de satisfaire votre curiosit\u00e9 et de partager avec vous une certaine fascination pour le m\u00e9tal jaune, le rachat d'or, et pour ceux qui veulent investir dans l'or, vendre leur or tout simplement en savoir plus... Pour tous vos achat or et argent, n'h\u00e9sitez pas \u00e0 prendre rendez-vous dans l'un de nos nombreux comptoirs.","sameAs":["https:\/\/www.gold.fr"]}]}},"authors":[{"term_id":2565,"user_id":18,"is_guest":0,"slug":"julie","display_name":"Comptoir National de l'Or","avatar_url":"https:\/\/secure.gravatar.com\/avatar\/713f289e398d35ead876c4a4cc08607f0d6d266058cfc25683fffb6092d0e572?s=96&d=mm&r=g","0":null,"1":"","2":"","3":"","4":"","5":"","6":"","7":"","8":""}],"_links":{"self":[{"href":"https:\/\/www.gold.fr\/news\/wp-json\/wp\/v2\/posts\/21392","targetHints":{"allow":["GET"]}}],"collection":[{"href":"https:\/\/www.gold.fr\/news\/wp-json\/wp\/v2\/posts"}],"about":[{"href":"https:\/\/www.gold.fr\/news\/wp-json\/wp\/v2\/types\/post"}],"author":[{"embeddable":true,"href":"https:\/\/www.gold.fr\/news\/wp-json\/wp\/v2\/users\/18"}],"replies":[{"embeddable":true,"href":"https:\/\/www.gold.fr\/news\/wp-json\/wp\/v2\/comments?post=21392"}],"version-history":[{"count":0,"href":"https:\/\/www.gold.fr\/news\/wp-json\/wp\/v2\/posts\/21392\/revisions"}],"wp:featuredmedia":[{"embeddable":true,"href":"https:\/\/www.gold.fr\/news\/wp-json\/wp\/v2\/media\/7598"}],"wp:attachment":[{"href":"https:\/\/www.gold.fr\/news\/wp-json\/wp\/v2\/media?parent=21392"}],"wp:term":[{"taxonomy":"category","embeddable":true,"href":"https:\/\/www.gold.fr\/news\/wp-json\/wp\/v2\/categories?post=21392"},{"taxonomy":"post_tag","embeddable":true,"href":"https:\/\/www.gold.fr\/news\/wp-json\/wp\/v2\/tags?post=21392"},{"taxonomy":"author","embeddable":true,"href":"https:\/\/www.gold.fr\/news\/wp-json\/wp\/v2\/ppma_author?post=21392"}],"curies":[{"name":"wp","href":"https:\/\/api.w.org\/{rel}","templated":true}]}}