{"id":21366,"date":"2017-06-02T17:00:02","date_gmt":"2017-06-02T15:00:02","guid":{"rendered":"https:\/\/www.gold.fr\/news\/?p=21366"},"modified":"2021-01-13T10:37:22","modified_gmt":"2021-01-13T09:37:22","slug":"les-experts-optimistes-quant-a-levolution-du-cours-de-lonce-2","status":"publish","type":"post","link":"https:\/\/www.gold.fr\/news\/2017\/06\/02\/les-experts-optimistes-quant-a-levolution-du-cours-de-lonce-2\/","title":{"rendered":"Les experts optimistes quant \u00e0 l\u2019\u00e9volution du cours de l\u2019once"},"content":{"rendered":"<p><img loading=\"lazy\" decoding=\"async\" class=\"alignleft wp-image-5885 size-thumbnail\" title=\"Les experts optimistes quant \u00e0 l\u2019\u00e9volution du cours de l\u2019once\" src=\"https:\/\/www.gold.fr\/news\/wp-content\/uploads\/2012\/02\/cours-de-lor4-e1356784796440-150x150.jpg\" alt=\"Les experts optimistes quant \u00e0 l\u2019\u00e9volution du cours de l\u2019once\" width=\"150\" height=\"150\" \/>La performance du <a href=\"https:\/\/www.gold.fr\/cours-or-prix-de-l-or\/\" target=\"_blank\" rel=\"noopener noreferrer\">cours<\/a> de l&rsquo;or depuis le d\u00e9but de l&rsquo;ann\u00e9e s&rsquo;est \u00e9lev\u00e9e \u00e0 <strong>9,40 %<\/strong>. Une progression analogue \u00e0 celle enregistr\u00e9e par le <strong>CAC 40<\/strong> qui r\u00e9alise une \u00e9volution de <strong>9,30 %<\/strong> et meilleure que celle du <strong>S&amp;P500<\/strong> qui se contente d&rsquo;une hausse de <strong>7 %<\/strong>.    Gr\u00e2ce \u00e0 son statut de valeur refuge, le m\u00e9tal jaune a \u00e9t\u00e9 soutenu par plusieurs facteurs, parmi lesquels le repli de la devise am\u00e9ricaine et la d\u00e9gradation de la note chinoise attribu\u00e9e par l&rsquo;agence de cotation <strong>Moody&rsquo;s<\/strong>.    En ce qui concerne la baisse du dollar am\u00e9ricain, son impact a \u00e9t\u00e9 ressenti au niveau du march\u00e9 qui a trouv\u00e9 \u00e9norm\u00e9ment de difficult\u00e9 pour maintenir sa confiance au gouvernement de <strong>Donald Trump<\/strong>. De ce fait, il a arr\u00eat\u00e9 l&rsquo;achat de la devise am\u00e9ricaine en d\u00e9but d&rsquo;ann\u00e9e et a multipli\u00e9 les prises de b\u00e9n\u00e9fices sur celle-ci. C&rsquo;est depuis l&rsquo;investiture de <strong>Donald Trump<\/strong> que son gouvernement rencontre des probl\u00e8mes quant au fait de faire passer les projets de loi maintes fois pr\u00e9sent\u00e9s lors de sa campagne pr\u00e9sidentielle.    Par ailleurs, selon la progression actuelle du <a href=\"https:\/\/www.gold.fr\/cours-or-prix-de-l-or\/\" target=\"_blank\" rel=\"noopener noreferrer\">cours<\/a> de l&rsquo;or, les analystes financiers sont optimistes quant \u00e0 un biais haussier aussi bien sur le moyen que le long terme.<\/p>\n<!-- AddThis Advanced Settings generic via filter on the_content --><!-- AddThis Share Buttons generic via filter on the_content -->","protected":false},"excerpt":{"rendered":"<p>La performance du cours de l&rsquo;or depuis le d\u00e9but de l&rsquo;ann\u00e9e s&rsquo;est \u00e9lev\u00e9e \u00e0 9,40 %. Une progression analogue \u00e0 celle enregistr\u00e9e par le CAC 40 qui r\u00e9alise une \u00e9volution de 9,30 % et meilleure que [&hellip;]<\/p>\n","protected":false},"author":18,"featured_media":5885,"comment_status":"closed","ping_status":"closed","sticky":false,"template":"","format":"standard","meta":{"_mbp_gutenberg_autopost":false,"_pgmb_is_evergreen":false,"_pgmb_ap_template_id":0,"footnotes":""},"categories":[6],"tags":[1941],"ppma_author":[2565],"class_list":["post-21366","post","type-post","status-publish","format-standard","has-post-thumbnail","hentry","category-articles-de-presse","tag-cours-de-lonce"],"yoast_head":"<!-- This site is optimized with the Yoast SEO plugin v27.5 - https:\/\/yoast.com\/product\/yoast-seo-wordpress\/ -->\n<title>Les experts optimistes quant \u00e0 l\u2019\u00e9volution du cours de l\u2019once - Gold.fr<\/title>\n<meta name=\"robots\" content=\"index, follow, max-snippet:-1, max-image-preview:large, max-video-preview:-1\" \/>\n<link rel=\"canonical\" href=\"https:\/\/www.gold.fr\/news\/2017\/06\/02\/les-experts-optimistes-quant-a-levolution-du-cours-de-lonce-2\/\" \/>\n<meta property=\"og:locale\" content=\"fr_FR\" \/>\n<meta property=\"og:type\" content=\"article\" \/>\n<meta property=\"og:title\" content=\"Les experts optimistes quant \u00e0 l\u2019\u00e9volution du cours de l\u2019once - Gold.fr\" \/>\n<meta property=\"og:description\" content=\"La performance du cours de l&rsquo;or depuis le d\u00e9but de l&rsquo;ann\u00e9e s&rsquo;est \u00e9lev\u00e9e \u00e0 9,40 %. Une progression analogue \u00e0 celle enregistr\u00e9e par le CAC 40 qui r\u00e9alise une \u00e9volution de 9,30 % et meilleure que [&hellip;]\" \/>\n<meta property=\"og:url\" content=\"https:\/\/www.gold.fr\/news\/2017\/06\/02\/les-experts-optimistes-quant-a-levolution-du-cours-de-lonce-2\/\" \/>\n<meta property=\"og:site_name\" content=\"Gold.fr\" \/>\n<meta property=\"article:publisher\" content=\"https:\/\/www.facebook.com\/Goldfr\/\" \/>\n<meta property=\"article:published_time\" content=\"2017-06-02T15:00:02+00:00\" \/>\n<meta property=\"article:modified_time\" content=\"2021-01-13T09:37:22+00:00\" \/>\n<meta property=\"og:image\" content=\"https:\/\/www.gold.fr\/news\/wp-content\/uploads\/2012\/02\/cours-de-lor4-e1356784796440.jpg\" \/>\n\t<meta property=\"og:image:width\" content=\"600\" \/>\n\t<meta property=\"og:image:height\" content=\"405\" \/>\n\t<meta property=\"og:image:type\" content=\"image\/jpeg\" \/>\n<meta name=\"author\" content=\"Comptoir National de l&#039;Or\" \/>\n<meta name=\"twitter:card\" content=\"summary_large_image\" \/>\n<meta name=\"twitter:label1\" content=\"\u00c9crit par\" \/>\n\t<meta name=\"twitter:data1\" content=\"Comptoir National de l&#039;Or\" \/>\n\t<meta name=\"twitter:label2\" content=\"Dur\u00e9e de lecture estim\u00e9e\" \/>\n\t<meta name=\"twitter:data2\" content=\"1 minute\" \/>\n<script type=\"application\/ld+json\" class=\"yoast-schema-graph\">{\"@context\":\"https:\\\/\\\/schema.org\",\"@graph\":[{\"@type\":\"Article\",\"@id\":\"https:\\\/\\\/www.gold.fr\\\/news\\\/2017\\\/06\\\/02\\\/les-experts-optimistes-quant-a-levolution-du-cours-de-lonce-2\\\/#article\",\"isPartOf\":{\"@id\":\"https:\\\/\\\/www.gold.fr\\\/news\\\/2017\\\/06\\\/02\\\/les-experts-optimistes-quant-a-levolution-du-cours-de-lonce-2\\\/\"},\"author\":{\"name\":\"Comptoir National de l'Or\",\"@id\":\"https:\\\/\\\/www.gold.fr\\\/news\\\/#\\\/schema\\\/person\\\/070491b4b4fb7671bf59b3be20302ce9\"},\"headline\":\"Les experts optimistes quant \u00e0 l\u2019\u00e9volution du cours de l\u2019once\",\"datePublished\":\"2017-06-02T15:00:02+00:00\",\"dateModified\":\"2021-01-13T09:37:22+00:00\",\"mainEntityOfPage\":{\"@id\":\"https:\\\/\\\/www.gold.fr\\\/news\\\/2017\\\/06\\\/02\\\/les-experts-optimistes-quant-a-levolution-du-cours-de-lonce-2\\\/\"},\"wordCount\":234,\"image\":{\"@id\":\"https:\\\/\\\/www.gold.fr\\\/news\\\/2017\\\/06\\\/02\\\/les-experts-optimistes-quant-a-levolution-du-cours-de-lonce-2\\\/#primaryimage\"},\"thumbnailUrl\":\"https:\\\/\\\/www.gold.fr\\\/news\\\/wp-content\\\/uploads\\\/2012\\\/02\\\/cours-de-lor4-e1356784796440.jpg\",\"keywords\":[\"cours de l'once\"],\"articleSection\":[\"Articles de presse\"],\"inLanguage\":\"fr-FR\"},{\"@type\":\"WebPage\",\"@id\":\"https:\\\/\\\/www.gold.fr\\\/news\\\/2017\\\/06\\\/02\\\/les-experts-optimistes-quant-a-levolution-du-cours-de-lonce-2\\\/\",\"url\":\"https:\\\/\\\/www.gold.fr\\\/news\\\/2017\\\/06\\\/02\\\/les-experts-optimistes-quant-a-levolution-du-cours-de-lonce-2\\\/\",\"name\":\"Les experts optimistes quant \u00e0 l\u2019\u00e9volution du cours de l\u2019once - Gold.fr\",\"isPartOf\":{\"@id\":\"https:\\\/\\\/www.gold.fr\\\/news\\\/#website\"},\"primaryImageOfPage\":{\"@id\":\"https:\\\/\\\/www.gold.fr\\\/news\\\/2017\\\/06\\\/02\\\/les-experts-optimistes-quant-a-levolution-du-cours-de-lonce-2\\\/#primaryimage\"},\"image\":{\"@id\":\"https:\\\/\\\/www.gold.fr\\\/news\\\/2017\\\/06\\\/02\\\/les-experts-optimistes-quant-a-levolution-du-cours-de-lonce-2\\\/#primaryimage\"},\"thumbnailUrl\":\"https:\\\/\\\/www.gold.fr\\\/news\\\/wp-content\\\/uploads\\\/2012\\\/02\\\/cours-de-lor4-e1356784796440.jpg\",\"datePublished\":\"2017-06-02T15:00:02+00:00\",\"dateModified\":\"2021-01-13T09:37:22+00:00\",\"author\":{\"@id\":\"https:\\\/\\\/www.gold.fr\\\/news\\\/#\\\/schema\\\/person\\\/070491b4b4fb7671bf59b3be20302ce9\"},\"breadcrumb\":{\"@id\":\"https:\\\/\\\/www.gold.fr\\\/news\\\/2017\\\/06\\\/02\\\/les-experts-optimistes-quant-a-levolution-du-cours-de-lonce-2\\\/#breadcrumb\"},\"inLanguage\":\"fr-FR\",\"potentialAction\":[{\"@type\":\"ReadAction\",\"target\":[\"https:\\\/\\\/www.gold.fr\\\/news\\\/2017\\\/06\\\/02\\\/les-experts-optimistes-quant-a-levolution-du-cours-de-lonce-2\\\/\"]}]},{\"@type\":\"ImageObject\",\"inLanguage\":\"fr-FR\",\"@id\":\"https:\\\/\\\/www.gold.fr\\\/news\\\/2017\\\/06\\\/02\\\/les-experts-optimistes-quant-a-levolution-du-cours-de-lonce-2\\\/#primaryimage\",\"url\":\"https:\\\/\\\/www.gold.fr\\\/news\\\/wp-content\\\/uploads\\\/2012\\\/02\\\/cours-de-lor4-e1356784796440.jpg\",\"contentUrl\":\"https:\\\/\\\/www.gold.fr\\\/news\\\/wp-content\\\/uploads\\\/2012\\\/02\\\/cours-de-lor4-e1356784796440.jpg\",\"width\":\"600\",\"height\":\"405\",\"caption\":\"Or : L\u2019once en hausse, en d\u00e9pit du dollar\"},{\"@type\":\"BreadcrumbList\",\"@id\":\"https:\\\/\\\/www.gold.fr\\\/news\\\/2017\\\/06\\\/02\\\/les-experts-optimistes-quant-a-levolution-du-cours-de-lonce-2\\\/#breadcrumb\",\"itemListElement\":[{\"@type\":\"ListItem\",\"position\":1,\"name\":\"Accueil\",\"item\":\"https:\\\/\\\/www.gold.fr\\\/\"},{\"@type\":\"ListItem\",\"position\":2,\"name\":\"Actualit\u00e9s\",\"item\":\"https:\\\/\\\/www.gold.fr\\\/news\\\/\"},{\"@type\":\"ListItem\",\"position\":3,\"name\":\"Les experts optimistes quant \u00e0 l\u2019\u00e9volution du cours de l\u2019once\"}]},{\"@type\":\"WebSite\",\"@id\":\"https:\\\/\\\/www.gold.fr\\\/news\\\/#website\",\"url\":\"https:\\\/\\\/www.gold.fr\\\/news\\\/\",\"name\":\"Gold.fr\",\"description\":\"Actualit\u00e9s de l&#039;Or et des m\u00e9taux pr\u00e9cieux\",\"potentialAction\":[{\"@type\":\"SearchAction\",\"target\":{\"@type\":\"EntryPoint\",\"urlTemplate\":\"https:\\\/\\\/www.gold.fr\\\/news\\\/?s={search_term_string}\"},\"query-input\":{\"@type\":\"PropertyValueSpecification\",\"valueRequired\":true,\"valueName\":\"search_term_string\"}}],\"inLanguage\":\"fr-FR\"},{\"@type\":\"Person\",\"@id\":\"https:\\\/\\\/www.gold.fr\\\/news\\\/#\\\/schema\\\/person\\\/070491b4b4fb7671bf59b3be20302ce9\",\"name\":\"Comptoir National de l'Or\",\"image\":{\"@type\":\"ImageObject\",\"inLanguage\":\"fr-FR\",\"@id\":\"https:\\\/\\\/secure.gravatar.com\\\/avatar\\\/0a2867fd5abe37bed95d5a65e9d58f01756e11efc68af9888dfc50cfa7f65948?s=96&d=mm&r=gb490554db0a38188709de567aa58480d\",\"url\":\"https:\\\/\\\/secure.gravatar.com\\\/avatar\\\/0a2867fd5abe37bed95d5a65e9d58f01756e11efc68af9888dfc50cfa7f65948?s=96&d=mm&r=g\",\"contentUrl\":\"https:\\\/\\\/secure.gravatar.com\\\/avatar\\\/0a2867fd5abe37bed95d5a65e9d58f01756e11efc68af9888dfc50cfa7f65948?s=96&d=mm&r=g\",\"caption\":\"Comptoir National de l'Or\"},\"description\":\"Notre r\u00e9daction est constitu\u00e9e de membres experts dans les m\u00e9tiers de l'\u00e9conomie et la gestion, des Responsables d'agence Comptoir National de l'Or, des analystes financiers qui publient r\u00e9guli\u00e8rement des \u00e9tudes sur les politiques des banques centrales, le cours de l'or, prix de l'or, cours de l'argent, prix de l'argent, cours du platine, cours du palladium,... la situation en zone euro et l'impact de la strat\u00e9gie mon\u00e9taire de la FED. Notre \u00e9quipe scrute \u00e9galement une information plus g\u00e9n\u00e9raliste \u00e0 la recherche d'actualit\u00e9 \\\"p\u00e9pite\\\" \u00e0 vous partager. Depuis 5 ans, nous avons publi\u00e9 un peu plus de 4000 articles qui s'adressent \u00e0 un public large et vari\u00e9 ayant pour objectif de satisfaire votre curiosit\u00e9 et de partager avec vous une certaine fascination pour le m\u00e9tal jaune, le rachat d'or, et pour ceux qui veulent investir dans l'or, vendre leur or tout simplement en savoir plus... Pour tous vos achat or et argent, n'h\u00e9sitez pas \u00e0 prendre rendez-vous dans l'un de nos nombreux comptoirs.\",\"sameAs\":[\"https:\\\/\\\/www.gold.fr\"]}]}<\/script>\n<!-- \/ Yoast SEO plugin. -->","yoast_head_json":{"title":"Les experts optimistes quant \u00e0 l\u2019\u00e9volution du cours de l\u2019once - Gold.fr","robots":{"index":"index","follow":"follow","max-snippet":"max-snippet:-1","max-image-preview":"max-image-preview:large","max-video-preview":"max-video-preview:-1"},"canonical":"https:\/\/www.gold.fr\/news\/2017\/06\/02\/les-experts-optimistes-quant-a-levolution-du-cours-de-lonce-2\/","og_locale":"fr_FR","og_type":"article","og_title":"Les experts optimistes quant \u00e0 l\u2019\u00e9volution du cours de l\u2019once - Gold.fr","og_description":"La performance du cours de l&rsquo;or depuis le d\u00e9but de l&rsquo;ann\u00e9e s&rsquo;est \u00e9lev\u00e9e \u00e0 9,40 %. Une progression analogue \u00e0 celle enregistr\u00e9e par le CAC 40 qui r\u00e9alise une \u00e9volution de 9,30 % et meilleure que [&hellip;]","og_url":"https:\/\/www.gold.fr\/news\/2017\/06\/02\/les-experts-optimistes-quant-a-levolution-du-cours-de-lonce-2\/","og_site_name":"Gold.fr","article_publisher":"https:\/\/www.facebook.com\/Goldfr\/","article_published_time":"2017-06-02T15:00:02+00:00","article_modified_time":"2021-01-13T09:37:22+00:00","og_image":[{"width":600,"height":405,"url":"https:\/\/www.gold.fr\/news\/wp-content\/uploads\/2012\/02\/cours-de-lor4-e1356784796440.jpg","type":"image\/jpeg"}],"author":"Comptoir National de l'Or","twitter_card":"summary_large_image","twitter_misc":{"\u00c9crit par":"Comptoir National de l'Or","Dur\u00e9e de lecture estim\u00e9e":"1 minute"},"schema":{"@context":"https:\/\/schema.org","@graph":[{"@type":"Article","@id":"https:\/\/www.gold.fr\/news\/2017\/06\/02\/les-experts-optimistes-quant-a-levolution-du-cours-de-lonce-2\/#article","isPartOf":{"@id":"https:\/\/www.gold.fr\/news\/2017\/06\/02\/les-experts-optimistes-quant-a-levolution-du-cours-de-lonce-2\/"},"author":{"name":"Comptoir National de l'Or","@id":"https:\/\/www.gold.fr\/news\/#\/schema\/person\/070491b4b4fb7671bf59b3be20302ce9"},"headline":"Les experts optimistes quant \u00e0 l\u2019\u00e9volution du cours de l\u2019once","datePublished":"2017-06-02T15:00:02+00:00","dateModified":"2021-01-13T09:37:22+00:00","mainEntityOfPage":{"@id":"https:\/\/www.gold.fr\/news\/2017\/06\/02\/les-experts-optimistes-quant-a-levolution-du-cours-de-lonce-2\/"},"wordCount":234,"image":{"@id":"https:\/\/www.gold.fr\/news\/2017\/06\/02\/les-experts-optimistes-quant-a-levolution-du-cours-de-lonce-2\/#primaryimage"},"thumbnailUrl":"https:\/\/www.gold.fr\/news\/wp-content\/uploads\/2012\/02\/cours-de-lor4-e1356784796440.jpg","keywords":["cours de l'once"],"articleSection":["Articles de presse"],"inLanguage":"fr-FR"},{"@type":"WebPage","@id":"https:\/\/www.gold.fr\/news\/2017\/06\/02\/les-experts-optimistes-quant-a-levolution-du-cours-de-lonce-2\/","url":"https:\/\/www.gold.fr\/news\/2017\/06\/02\/les-experts-optimistes-quant-a-levolution-du-cours-de-lonce-2\/","name":"Les experts optimistes quant \u00e0 l\u2019\u00e9volution du cours de l\u2019once - Gold.fr","isPartOf":{"@id":"https:\/\/www.gold.fr\/news\/#website"},"primaryImageOfPage":{"@id":"https:\/\/www.gold.fr\/news\/2017\/06\/02\/les-experts-optimistes-quant-a-levolution-du-cours-de-lonce-2\/#primaryimage"},"image":{"@id":"https:\/\/www.gold.fr\/news\/2017\/06\/02\/les-experts-optimistes-quant-a-levolution-du-cours-de-lonce-2\/#primaryimage"},"thumbnailUrl":"https:\/\/www.gold.fr\/news\/wp-content\/uploads\/2012\/02\/cours-de-lor4-e1356784796440.jpg","datePublished":"2017-06-02T15:00:02+00:00","dateModified":"2021-01-13T09:37:22+00:00","author":{"@id":"https:\/\/www.gold.fr\/news\/#\/schema\/person\/070491b4b4fb7671bf59b3be20302ce9"},"breadcrumb":{"@id":"https:\/\/www.gold.fr\/news\/2017\/06\/02\/les-experts-optimistes-quant-a-levolution-du-cours-de-lonce-2\/#breadcrumb"},"inLanguage":"fr-FR","potentialAction":[{"@type":"ReadAction","target":["https:\/\/www.gold.fr\/news\/2017\/06\/02\/les-experts-optimistes-quant-a-levolution-du-cours-de-lonce-2\/"]}]},{"@type":"ImageObject","inLanguage":"fr-FR","@id":"https:\/\/www.gold.fr\/news\/2017\/06\/02\/les-experts-optimistes-quant-a-levolution-du-cours-de-lonce-2\/#primaryimage","url":"https:\/\/www.gold.fr\/news\/wp-content\/uploads\/2012\/02\/cours-de-lor4-e1356784796440.jpg","contentUrl":"https:\/\/www.gold.fr\/news\/wp-content\/uploads\/2012\/02\/cours-de-lor4-e1356784796440.jpg","width":"600","height":"405","caption":"Or : L\u2019once en hausse, en d\u00e9pit du dollar"},{"@type":"BreadcrumbList","@id":"https:\/\/www.gold.fr\/news\/2017\/06\/02\/les-experts-optimistes-quant-a-levolution-du-cours-de-lonce-2\/#breadcrumb","itemListElement":[{"@type":"ListItem","position":1,"name":"Accueil","item":"https:\/\/www.gold.fr\/"},{"@type":"ListItem","position":2,"name":"Actualit\u00e9s","item":"https:\/\/www.gold.fr\/news\/"},{"@type":"ListItem","position":3,"name":"Les experts optimistes quant \u00e0 l\u2019\u00e9volution du cours de l\u2019once"}]},{"@type":"WebSite","@id":"https:\/\/www.gold.fr\/news\/#website","url":"https:\/\/www.gold.fr\/news\/","name":"Gold.fr","description":"Actualit\u00e9s de l&#039;Or et des m\u00e9taux pr\u00e9cieux","potentialAction":[{"@type":"SearchAction","target":{"@type":"EntryPoint","urlTemplate":"https:\/\/www.gold.fr\/news\/?s={search_term_string}"},"query-input":{"@type":"PropertyValueSpecification","valueRequired":true,"valueName":"search_term_string"}}],"inLanguage":"fr-FR"},{"@type":"Person","@id":"https:\/\/www.gold.fr\/news\/#\/schema\/person\/070491b4b4fb7671bf59b3be20302ce9","name":"Comptoir National de l'Or","image":{"@type":"ImageObject","inLanguage":"fr-FR","@id":"https:\/\/secure.gravatar.com\/avatar\/0a2867fd5abe37bed95d5a65e9d58f01756e11efc68af9888dfc50cfa7f65948?s=96&d=mm&r=gb490554db0a38188709de567aa58480d","url":"https:\/\/secure.gravatar.com\/avatar\/0a2867fd5abe37bed95d5a65e9d58f01756e11efc68af9888dfc50cfa7f65948?s=96&d=mm&r=g","contentUrl":"https:\/\/secure.gravatar.com\/avatar\/0a2867fd5abe37bed95d5a65e9d58f01756e11efc68af9888dfc50cfa7f65948?s=96&d=mm&r=g","caption":"Comptoir National de l'Or"},"description":"Notre r\u00e9daction est constitu\u00e9e de membres experts dans les m\u00e9tiers de l'\u00e9conomie et la gestion, des Responsables d'agence Comptoir National de l'Or, des analystes financiers qui publient r\u00e9guli\u00e8rement des \u00e9tudes sur les politiques des banques centrales, le cours de l'or, prix de l'or, cours de l'argent, prix de l'argent, cours du platine, cours du palladium,... la situation en zone euro et l'impact de la strat\u00e9gie mon\u00e9taire de la FED. Notre \u00e9quipe scrute \u00e9galement une information plus g\u00e9n\u00e9raliste \u00e0 la recherche d'actualit\u00e9 \"p\u00e9pite\" \u00e0 vous partager. Depuis 5 ans, nous avons publi\u00e9 un peu plus de 4000 articles qui s'adressent \u00e0 un public large et vari\u00e9 ayant pour objectif de satisfaire votre curiosit\u00e9 et de partager avec vous une certaine fascination pour le m\u00e9tal jaune, le rachat d'or, et pour ceux qui veulent investir dans l'or, vendre leur or tout simplement en savoir plus... Pour tous vos achat or et argent, n'h\u00e9sitez pas \u00e0 prendre rendez-vous dans l'un de nos nombreux comptoirs.","sameAs":["https:\/\/www.gold.fr"]}]}},"authors":[{"term_id":2565,"user_id":18,"is_guest":0,"slug":"julie","display_name":"Comptoir National de l'Or","avatar_url":"https:\/\/secure.gravatar.com\/avatar\/713f289e398d35ead876c4a4cc08607f0d6d266058cfc25683fffb6092d0e572?s=96&d=mm&r=g","0":null,"1":"","2":"","3":"","4":"","5":"","6":"","7":"","8":""}],"_links":{"self":[{"href":"https:\/\/www.gold.fr\/news\/wp-json\/wp\/v2\/posts\/21366","targetHints":{"allow":["GET"]}}],"collection":[{"href":"https:\/\/www.gold.fr\/news\/wp-json\/wp\/v2\/posts"}],"about":[{"href":"https:\/\/www.gold.fr\/news\/wp-json\/wp\/v2\/types\/post"}],"author":[{"embeddable":true,"href":"https:\/\/www.gold.fr\/news\/wp-json\/wp\/v2\/users\/18"}],"replies":[{"embeddable":true,"href":"https:\/\/www.gold.fr\/news\/wp-json\/wp\/v2\/comments?post=21366"}],"version-history":[{"count":0,"href":"https:\/\/www.gold.fr\/news\/wp-json\/wp\/v2\/posts\/21366\/revisions"}],"wp:featuredmedia":[{"embeddable":true,"href":"https:\/\/www.gold.fr\/news\/wp-json\/wp\/v2\/media\/5885"}],"wp:attachment":[{"href":"https:\/\/www.gold.fr\/news\/wp-json\/wp\/v2\/media?parent=21366"}],"wp:term":[{"taxonomy":"category","embeddable":true,"href":"https:\/\/www.gold.fr\/news\/wp-json\/wp\/v2\/categories?post=21366"},{"taxonomy":"post_tag","embeddable":true,"href":"https:\/\/www.gold.fr\/news\/wp-json\/wp\/v2\/tags?post=21366"},{"taxonomy":"author","embeddable":true,"href":"https:\/\/www.gold.fr\/news\/wp-json\/wp\/v2\/ppma_author?post=21366"}],"curies":[{"name":"wp","href":"https:\/\/api.w.org\/{rel}","templated":true}]}}