{"id":21331,"date":"2017-05-30T10:00:28","date_gmt":"2017-05-30T08:00:28","guid":{"rendered":"https:\/\/www.gold.fr\/news\/?p=21331"},"modified":"2021-01-13T10:01:23","modified_gmt":"2021-01-13T09:01:23","slug":"un-bilan-trimestriel-positif-pour-lor","status":"publish","type":"post","link":"https:\/\/www.gold.fr\/news\/2017\/05\/30\/un-bilan-trimestriel-positif-pour-lor\/","title":{"rendered":"Un bilan trimestriel positif pour l\u2019or"},"content":{"rendered":"<p><center><img loading=\"lazy\" decoding=\"async\" class=\"aligncenter wp-image-7479\" title=\"Un bilan trimestriel positif pour l\u2019or\" src=\"https:\/\/www.gold.fr\/news\/wp-content\/uploads\/2012\/05\/lingot-d-or.jpg\" alt=\"Un bilan trimestriel positif pour l\u2019or\" width=\"375\" height=\"250\" srcset=\"https:\/\/www.gold.fr\/news\/wp-content\/uploads\/2012\/05\/lingot-d-or.jpg 600w, https:\/\/www.gold.fr\/news\/wp-content\/uploads\/2012\/05\/lingot-d-or-300x200.jpg 300w, https:\/\/www.gold.fr\/news\/wp-content\/uploads\/2012\/05\/lingot-d-or-298x199.jpg 298w, https:\/\/www.gold.fr\/news\/wp-content\/uploads\/2012\/05\/lingot-d-or-1x1.jpg 1w, https:\/\/www.gold.fr\/news\/wp-content\/uploads\/2012\/05\/lingot-d-or-270x180.jpg 270w\" sizes=\"auto, (max-width: 375px) 100vw, 375px\" \/><\/center><span style=\"font-weight: 400;\">Durant le premier trimestre de l&rsquo;ann\u00e9e 2017, la demande mondiale relative \u00e0 l&rsquo;or physique s&rsquo;est \u00e9lev\u00e9e \u00e0 1.034,5 tonnes. Les achats de m\u00e9tal pr\u00e9cieux ont, quant \u00e0 eux, atteint le niveau des 109,1 tonnes, soit une performance tr\u00e8s proche du record historiques enregistr\u00e9 durant le trimestre de l&rsquo;ann\u00e9e derni\u00e8re.<\/span>    <span style=\"font-weight: 400;\">Par ailleurs, et en d\u00e9pit de la faiblesse de la demande d&rsquo;or physique de la part des banques centrales, la demande de pi\u00e8ces et de lingots d&rsquo;or a r\u00e9alis\u00e9 une progression de l&rsquo;ordre de <strong>9 %<\/strong> avec une demande globale estim\u00e9e \u00e0 289,8 tonnes.<\/span>    <span style=\"font-weight: 400;\">Du c\u00f4t\u00e9 des <strong>ETF<\/strong>, les achats d&rsquo;or physique ont atteint une mesure \u00e0 109,1 tonnes et furent essentiellement issus du Vieux continent. Cette demande solide qui provient des trackers europ\u00e9ens \u00e9tait la plus importante en raison de l&rsquo;incertitude politique constat\u00e9e dans cette r\u00e9gion du monde.<\/span>    <span style=\"font-weight: 400;\">Les acquisitions de lingots et de pi\u00e8ces d&rsquo;or ont, quant \u00e0 elles, \u00e9volu\u00e9 positivement de <strong>9%<\/strong>. La majeure partie de cette demande \u00e9tait issue de <strong>la Chine<\/strong> o\u00f9 les besoins en m\u00e9tal jaune ont progress\u00e9 de <strong>30 %<\/strong> par rapport au premier trimestre de 2016. <\/span>    <span style=\"font-weight: 400;\">Cette performance extraordinaire a permis au volume d&rsquo;or \u00e9chang\u00e9 de d\u00e9passer le niveau symbolique des 100 tonnes par trimestre et ce, pour la quatri\u00e8me fois de l&rsquo;histoire.<\/span> <span style=\"font-weight: 400;\">De plus, la demande en termes d&rsquo;or physique exprim\u00e9e par les bijoutiers durant le premier trimestre de cette ann\u00e9e \u00e9tait estim\u00e9e \u00e0 480,9 tonnes. Un volume important expliqu\u00e9 par la demande exprim\u00e9e par <strong>l&rsquo;Inde<\/strong> qui d\u00e9tient toujours le monopole en mati\u00e8re de bijoux en or. <\/span> <span style=\"font-weight: 400;\">Rappelons qu&rsquo;\u00e0 la fin de l&rsquo;ann\u00e9e 2016, les consommateurs indiens avaient connu une p\u00e9riode de stagnation. <\/span>    <span style=\"font-weight: 400;\">C&rsquo;est suite \u00e0 la remon\u00e9tisation de la banque centrale que le moral des consommateurs s&rsquo;est am\u00e9lior\u00e9. Cette tendance a permis de booster la demande d&rsquo;or physique, principalement \u00e0 la veille de la saison des mariages.\u00a0<\/span><span style=\"font-weight: 400;\">Au niveau des banques centrales, plus de 76,3 tonnes d&rsquo;or ont \u00e9t\u00e9 ajout\u00e9es aux r\u00e9serves. Des chiffres relativement moyens \u00e0 cause de la perte d&rsquo;int\u00e9r\u00eat de ces organismes envers le m\u00e9tal jaune. <strong>La Chine<\/strong> a aussi frein\u00e9 ses app\u00e9tits en mati\u00e8re d&rsquo;or durant le premier trimestre 2017 en raison des pressions subies par les r\u00e9serves de devises.<\/span> <span style=\"font-weight: 400;\">Pour conclure, le premier trimestre a \u00e9t\u00e9 globalement positif en d\u00e9pit de la baisse des activit\u00e9s de recyclage et l&rsquo;\u00e9quilibre de la production mini\u00e8re.<\/span>    <a href=\"https:\/\/www.gold.fr\/contact\/\" target=\"_blank\" rel=\"noopener noreferrer\">Vous avez des questions ? Vous avez besoin de conseils ? Notre \u00e9quipe vous r\u00e9pondra dans les plus brefs d\u00e9lais.<\/a><\/p>\n<!-- AddThis Advanced Settings generic via filter on the_content --><!-- AddThis Share Buttons generic via filter on the_content -->","protected":false},"excerpt":{"rendered":"<p>Durant le premier trimestre de l&rsquo;ann\u00e9e 2017, la demande mondiale relative \u00e0 l&rsquo;or physique s&rsquo;est \u00e9lev\u00e9e \u00e0 1.034,5 tonnes. Les achats de m\u00e9tal pr\u00e9cieux ont, quant \u00e0 eux, atteint le niveau des 109,1 tonnes, soit une [&hellip;]<\/p>\n","protected":false},"author":18,"featured_media":7479,"comment_status":"closed","ping_status":"closed","sticky":false,"template":"","format":"standard","meta":{"_mbp_gutenberg_autopost":false,"_pgmb_is_evergreen":false,"_pgmb_ap_template_id":0,"footnotes":""},"categories":[6],"tags":[1043],"ppma_author":[2565],"class_list":["post-21331","post","type-post","status-publish","format-standard","has-post-thumbnail","hentry","category-articles-de-presse","tag-bilan"],"yoast_head":"<!-- This site is optimized with the Yoast SEO plugin v27.5 - https:\/\/yoast.com\/product\/yoast-seo-wordpress\/ -->\n<title>Un bilan trimestriel positif pour l\u2019or - Gold.fr<\/title>\n<meta name=\"robots\" content=\"index, follow, max-snippet:-1, max-image-preview:large, max-video-preview:-1\" \/>\n<link rel=\"canonical\" href=\"https:\/\/www.gold.fr\/news\/2017\/05\/30\/un-bilan-trimestriel-positif-pour-lor\/\" \/>\n<meta property=\"og:locale\" content=\"fr_FR\" \/>\n<meta property=\"og:type\" content=\"article\" \/>\n<meta property=\"og:title\" content=\"Un bilan trimestriel positif pour l\u2019or - Gold.fr\" \/>\n<meta property=\"og:description\" content=\"Durant le premier trimestre de l&rsquo;ann\u00e9e 2017, la demande mondiale relative \u00e0 l&rsquo;or physique s&rsquo;est \u00e9lev\u00e9e \u00e0 1.034,5 tonnes. Les achats de m\u00e9tal pr\u00e9cieux ont, quant \u00e0 eux, atteint le niveau des 109,1 tonnes, soit une [&hellip;]\" \/>\n<meta property=\"og:url\" content=\"https:\/\/www.gold.fr\/news\/2017\/05\/30\/un-bilan-trimestriel-positif-pour-lor\/\" \/>\n<meta property=\"og:site_name\" content=\"Gold.fr\" \/>\n<meta property=\"article:publisher\" content=\"https:\/\/www.facebook.com\/Goldfr\/\" \/>\n<meta property=\"article:published_time\" content=\"2017-05-30T08:00:28+00:00\" \/>\n<meta property=\"article:modified_time\" content=\"2021-01-13T09:01:23+00:00\" \/>\n<meta property=\"og:image\" content=\"https:\/\/www.gold.fr\/news\/wp-content\/uploads\/2012\/05\/lingot-d-or.jpg\" \/>\n\t<meta property=\"og:image:width\" content=\"600\" \/>\n\t<meta property=\"og:image:height\" content=\"400\" \/>\n\t<meta property=\"og:image:type\" content=\"image\/jpeg\" \/>\n<meta name=\"author\" content=\"Comptoir National de l&#039;Or\" \/>\n<meta name=\"twitter:card\" content=\"summary_large_image\" \/>\n<meta name=\"twitter:label1\" content=\"\u00c9crit par\" \/>\n\t<meta name=\"twitter:data1\" content=\"Comptoir National de l&#039;Or\" \/>\n\t<meta name=\"twitter:label2\" content=\"Dur\u00e9e de lecture estim\u00e9e\" \/>\n\t<meta name=\"twitter:data2\" content=\"2 minutes\" \/>\n<script type=\"application\/ld+json\" class=\"yoast-schema-graph\">{\"@context\":\"https:\\\/\\\/schema.org\",\"@graph\":[{\"@type\":\"Article\",\"@id\":\"https:\\\/\\\/www.gold.fr\\\/news\\\/2017\\\/05\\\/30\\\/un-bilan-trimestriel-positif-pour-lor\\\/#article\",\"isPartOf\":{\"@id\":\"https:\\\/\\\/www.gold.fr\\\/news\\\/2017\\\/05\\\/30\\\/un-bilan-trimestriel-positif-pour-lor\\\/\"},\"author\":{\"name\":\"Comptoir National de l'Or\",\"@id\":\"https:\\\/\\\/www.gold.fr\\\/news\\\/#\\\/schema\\\/person\\\/070491b4b4fb7671bf59b3be20302ce9\"},\"headline\":\"Un bilan trimestriel positif pour l\u2019or\",\"datePublished\":\"2017-05-30T08:00:28+00:00\",\"dateModified\":\"2021-01-13T09:01:23+00:00\",\"mainEntityOfPage\":{\"@id\":\"https:\\\/\\\/www.gold.fr\\\/news\\\/2017\\\/05\\\/30\\\/un-bilan-trimestriel-positif-pour-lor\\\/\"},\"wordCount\":450,\"image\":{\"@id\":\"https:\\\/\\\/www.gold.fr\\\/news\\\/2017\\\/05\\\/30\\\/un-bilan-trimestriel-positif-pour-lor\\\/#primaryimage\"},\"thumbnailUrl\":\"https:\\\/\\\/www.gold.fr\\\/news\\\/wp-content\\\/uploads\\\/2012\\\/05\\\/lingot-d-or.jpg\",\"keywords\":[\"Bilan\"],\"articleSection\":[\"Articles de presse\"],\"inLanguage\":\"fr-FR\"},{\"@type\":\"WebPage\",\"@id\":\"https:\\\/\\\/www.gold.fr\\\/news\\\/2017\\\/05\\\/30\\\/un-bilan-trimestriel-positif-pour-lor\\\/\",\"url\":\"https:\\\/\\\/www.gold.fr\\\/news\\\/2017\\\/05\\\/30\\\/un-bilan-trimestriel-positif-pour-lor\\\/\",\"name\":\"Un bilan trimestriel positif pour l\u2019or - Gold.fr\",\"isPartOf\":{\"@id\":\"https:\\\/\\\/www.gold.fr\\\/news\\\/#website\"},\"primaryImageOfPage\":{\"@id\":\"https:\\\/\\\/www.gold.fr\\\/news\\\/2017\\\/05\\\/30\\\/un-bilan-trimestriel-positif-pour-lor\\\/#primaryimage\"},\"image\":{\"@id\":\"https:\\\/\\\/www.gold.fr\\\/news\\\/2017\\\/05\\\/30\\\/un-bilan-trimestriel-positif-pour-lor\\\/#primaryimage\"},\"thumbnailUrl\":\"https:\\\/\\\/www.gold.fr\\\/news\\\/wp-content\\\/uploads\\\/2012\\\/05\\\/lingot-d-or.jpg\",\"datePublished\":\"2017-05-30T08:00:28+00:00\",\"dateModified\":\"2021-01-13T09:01:23+00:00\",\"author\":{\"@id\":\"https:\\\/\\\/www.gold.fr\\\/news\\\/#\\\/schema\\\/person\\\/070491b4b4fb7671bf59b3be20302ce9\"},\"breadcrumb\":{\"@id\":\"https:\\\/\\\/www.gold.fr\\\/news\\\/2017\\\/05\\\/30\\\/un-bilan-trimestriel-positif-pour-lor\\\/#breadcrumb\"},\"inLanguage\":\"fr-FR\",\"potentialAction\":[{\"@type\":\"ReadAction\",\"target\":[\"https:\\\/\\\/www.gold.fr\\\/news\\\/2017\\\/05\\\/30\\\/un-bilan-trimestriel-positif-pour-lor\\\/\"]}]},{\"@type\":\"ImageObject\",\"inLanguage\":\"fr-FR\",\"@id\":\"https:\\\/\\\/www.gold.fr\\\/news\\\/2017\\\/05\\\/30\\\/un-bilan-trimestriel-positif-pour-lor\\\/#primaryimage\",\"url\":\"https:\\\/\\\/www.gold.fr\\\/news\\\/wp-content\\\/uploads\\\/2012\\\/05\\\/lingot-d-or.jpg\",\"contentUrl\":\"https:\\\/\\\/www.gold.fr\\\/news\\\/wp-content\\\/uploads\\\/2012\\\/05\\\/lingot-d-or.jpg\",\"width\":\"600\",\"height\":\"400\",\"caption\":\"Un bilan trimestriel positif pour l\u2019or\"},{\"@type\":\"BreadcrumbList\",\"@id\":\"https:\\\/\\\/www.gold.fr\\\/news\\\/2017\\\/05\\\/30\\\/un-bilan-trimestriel-positif-pour-lor\\\/#breadcrumb\",\"itemListElement\":[{\"@type\":\"ListItem\",\"position\":1,\"name\":\"Accueil\",\"item\":\"https:\\\/\\\/www.gold.fr\\\/\"},{\"@type\":\"ListItem\",\"position\":2,\"name\":\"Actualit\u00e9s\",\"item\":\"https:\\\/\\\/www.gold.fr\\\/news\\\/\"},{\"@type\":\"ListItem\",\"position\":3,\"name\":\"Un bilan trimestriel positif pour l\u2019or\"}]},{\"@type\":\"WebSite\",\"@id\":\"https:\\\/\\\/www.gold.fr\\\/news\\\/#website\",\"url\":\"https:\\\/\\\/www.gold.fr\\\/news\\\/\",\"name\":\"Gold.fr\",\"description\":\"Actualit\u00e9s de l&#039;Or et des m\u00e9taux pr\u00e9cieux\",\"potentialAction\":[{\"@type\":\"SearchAction\",\"target\":{\"@type\":\"EntryPoint\",\"urlTemplate\":\"https:\\\/\\\/www.gold.fr\\\/news\\\/?s={search_term_string}\"},\"query-input\":{\"@type\":\"PropertyValueSpecification\",\"valueRequired\":true,\"valueName\":\"search_term_string\"}}],\"inLanguage\":\"fr-FR\"},{\"@type\":\"Person\",\"@id\":\"https:\\\/\\\/www.gold.fr\\\/news\\\/#\\\/schema\\\/person\\\/070491b4b4fb7671bf59b3be20302ce9\",\"name\":\"Comptoir National de l'Or\",\"image\":{\"@type\":\"ImageObject\",\"inLanguage\":\"fr-FR\",\"@id\":\"https:\\\/\\\/secure.gravatar.com\\\/avatar\\\/0a2867fd5abe37bed95d5a65e9d58f01756e11efc68af9888dfc50cfa7f65948?s=96&d=mm&r=gb490554db0a38188709de567aa58480d\",\"url\":\"https:\\\/\\\/secure.gravatar.com\\\/avatar\\\/0a2867fd5abe37bed95d5a65e9d58f01756e11efc68af9888dfc50cfa7f65948?s=96&d=mm&r=g\",\"contentUrl\":\"https:\\\/\\\/secure.gravatar.com\\\/avatar\\\/0a2867fd5abe37bed95d5a65e9d58f01756e11efc68af9888dfc50cfa7f65948?s=96&d=mm&r=g\",\"caption\":\"Comptoir National de l'Or\"},\"description\":\"Notre r\u00e9daction est constitu\u00e9e de membres experts dans les m\u00e9tiers de l'\u00e9conomie et la gestion, des Responsables d'agence Comptoir National de l'Or, des analystes financiers qui publient r\u00e9guli\u00e8rement des \u00e9tudes sur les politiques des banques centrales, le cours de l'or, prix de l'or, cours de l'argent, prix de l'argent, cours du platine, cours du palladium,... la situation en zone euro et l'impact de la strat\u00e9gie mon\u00e9taire de la FED. Notre \u00e9quipe scrute \u00e9galement une information plus g\u00e9n\u00e9raliste \u00e0 la recherche d'actualit\u00e9 \\\"p\u00e9pite\\\" \u00e0 vous partager. Depuis 5 ans, nous avons publi\u00e9 un peu plus de 4000 articles qui s'adressent \u00e0 un public large et vari\u00e9 ayant pour objectif de satisfaire votre curiosit\u00e9 et de partager avec vous une certaine fascination pour le m\u00e9tal jaune, le rachat d'or, et pour ceux qui veulent investir dans l'or, vendre leur or tout simplement en savoir plus... Pour tous vos achat or et argent, n'h\u00e9sitez pas \u00e0 prendre rendez-vous dans l'un de nos nombreux comptoirs.\",\"sameAs\":[\"https:\\\/\\\/www.gold.fr\"]}]}<\/script>\n<!-- \/ Yoast SEO plugin. -->","yoast_head_json":{"title":"Un bilan trimestriel positif pour l\u2019or - Gold.fr","robots":{"index":"index","follow":"follow","max-snippet":"max-snippet:-1","max-image-preview":"max-image-preview:large","max-video-preview":"max-video-preview:-1"},"canonical":"https:\/\/www.gold.fr\/news\/2017\/05\/30\/un-bilan-trimestriel-positif-pour-lor\/","og_locale":"fr_FR","og_type":"article","og_title":"Un bilan trimestriel positif pour l\u2019or - Gold.fr","og_description":"Durant le premier trimestre de l&rsquo;ann\u00e9e 2017, la demande mondiale relative \u00e0 l&rsquo;or physique s&rsquo;est \u00e9lev\u00e9e \u00e0 1.034,5 tonnes. Les achats de m\u00e9tal pr\u00e9cieux ont, quant \u00e0 eux, atteint le niveau des 109,1 tonnes, soit une [&hellip;]","og_url":"https:\/\/www.gold.fr\/news\/2017\/05\/30\/un-bilan-trimestriel-positif-pour-lor\/","og_site_name":"Gold.fr","article_publisher":"https:\/\/www.facebook.com\/Goldfr\/","article_published_time":"2017-05-30T08:00:28+00:00","article_modified_time":"2021-01-13T09:01:23+00:00","og_image":[{"width":600,"height":400,"url":"https:\/\/www.gold.fr\/news\/wp-content\/uploads\/2012\/05\/lingot-d-or.jpg","type":"image\/jpeg"}],"author":"Comptoir National de l'Or","twitter_card":"summary_large_image","twitter_misc":{"\u00c9crit par":"Comptoir National de l'Or","Dur\u00e9e de lecture estim\u00e9e":"2 minutes"},"schema":{"@context":"https:\/\/schema.org","@graph":[{"@type":"Article","@id":"https:\/\/www.gold.fr\/news\/2017\/05\/30\/un-bilan-trimestriel-positif-pour-lor\/#article","isPartOf":{"@id":"https:\/\/www.gold.fr\/news\/2017\/05\/30\/un-bilan-trimestriel-positif-pour-lor\/"},"author":{"name":"Comptoir National de l'Or","@id":"https:\/\/www.gold.fr\/news\/#\/schema\/person\/070491b4b4fb7671bf59b3be20302ce9"},"headline":"Un bilan trimestriel positif pour l\u2019or","datePublished":"2017-05-30T08:00:28+00:00","dateModified":"2021-01-13T09:01:23+00:00","mainEntityOfPage":{"@id":"https:\/\/www.gold.fr\/news\/2017\/05\/30\/un-bilan-trimestriel-positif-pour-lor\/"},"wordCount":450,"image":{"@id":"https:\/\/www.gold.fr\/news\/2017\/05\/30\/un-bilan-trimestriel-positif-pour-lor\/#primaryimage"},"thumbnailUrl":"https:\/\/www.gold.fr\/news\/wp-content\/uploads\/2012\/05\/lingot-d-or.jpg","keywords":["Bilan"],"articleSection":["Articles de presse"],"inLanguage":"fr-FR"},{"@type":"WebPage","@id":"https:\/\/www.gold.fr\/news\/2017\/05\/30\/un-bilan-trimestriel-positif-pour-lor\/","url":"https:\/\/www.gold.fr\/news\/2017\/05\/30\/un-bilan-trimestriel-positif-pour-lor\/","name":"Un bilan trimestriel positif pour l\u2019or - Gold.fr","isPartOf":{"@id":"https:\/\/www.gold.fr\/news\/#website"},"primaryImageOfPage":{"@id":"https:\/\/www.gold.fr\/news\/2017\/05\/30\/un-bilan-trimestriel-positif-pour-lor\/#primaryimage"},"image":{"@id":"https:\/\/www.gold.fr\/news\/2017\/05\/30\/un-bilan-trimestriel-positif-pour-lor\/#primaryimage"},"thumbnailUrl":"https:\/\/www.gold.fr\/news\/wp-content\/uploads\/2012\/05\/lingot-d-or.jpg","datePublished":"2017-05-30T08:00:28+00:00","dateModified":"2021-01-13T09:01:23+00:00","author":{"@id":"https:\/\/www.gold.fr\/news\/#\/schema\/person\/070491b4b4fb7671bf59b3be20302ce9"},"breadcrumb":{"@id":"https:\/\/www.gold.fr\/news\/2017\/05\/30\/un-bilan-trimestriel-positif-pour-lor\/#breadcrumb"},"inLanguage":"fr-FR","potentialAction":[{"@type":"ReadAction","target":["https:\/\/www.gold.fr\/news\/2017\/05\/30\/un-bilan-trimestriel-positif-pour-lor\/"]}]},{"@type":"ImageObject","inLanguage":"fr-FR","@id":"https:\/\/www.gold.fr\/news\/2017\/05\/30\/un-bilan-trimestriel-positif-pour-lor\/#primaryimage","url":"https:\/\/www.gold.fr\/news\/wp-content\/uploads\/2012\/05\/lingot-d-or.jpg","contentUrl":"https:\/\/www.gold.fr\/news\/wp-content\/uploads\/2012\/05\/lingot-d-or.jpg","width":"600","height":"400","caption":"Un bilan trimestriel positif pour l\u2019or"},{"@type":"BreadcrumbList","@id":"https:\/\/www.gold.fr\/news\/2017\/05\/30\/un-bilan-trimestriel-positif-pour-lor\/#breadcrumb","itemListElement":[{"@type":"ListItem","position":1,"name":"Accueil","item":"https:\/\/www.gold.fr\/"},{"@type":"ListItem","position":2,"name":"Actualit\u00e9s","item":"https:\/\/www.gold.fr\/news\/"},{"@type":"ListItem","position":3,"name":"Un bilan trimestriel positif pour l\u2019or"}]},{"@type":"WebSite","@id":"https:\/\/www.gold.fr\/news\/#website","url":"https:\/\/www.gold.fr\/news\/","name":"Gold.fr","description":"Actualit\u00e9s de l&#039;Or et des m\u00e9taux pr\u00e9cieux","potentialAction":[{"@type":"SearchAction","target":{"@type":"EntryPoint","urlTemplate":"https:\/\/www.gold.fr\/news\/?s={search_term_string}"},"query-input":{"@type":"PropertyValueSpecification","valueRequired":true,"valueName":"search_term_string"}}],"inLanguage":"fr-FR"},{"@type":"Person","@id":"https:\/\/www.gold.fr\/news\/#\/schema\/person\/070491b4b4fb7671bf59b3be20302ce9","name":"Comptoir National de l'Or","image":{"@type":"ImageObject","inLanguage":"fr-FR","@id":"https:\/\/secure.gravatar.com\/avatar\/0a2867fd5abe37bed95d5a65e9d58f01756e11efc68af9888dfc50cfa7f65948?s=96&d=mm&r=gb490554db0a38188709de567aa58480d","url":"https:\/\/secure.gravatar.com\/avatar\/0a2867fd5abe37bed95d5a65e9d58f01756e11efc68af9888dfc50cfa7f65948?s=96&d=mm&r=g","contentUrl":"https:\/\/secure.gravatar.com\/avatar\/0a2867fd5abe37bed95d5a65e9d58f01756e11efc68af9888dfc50cfa7f65948?s=96&d=mm&r=g","caption":"Comptoir National de l'Or"},"description":"Notre r\u00e9daction est constitu\u00e9e de membres experts dans les m\u00e9tiers de l'\u00e9conomie et la gestion, des Responsables d'agence Comptoir National de l'Or, des analystes financiers qui publient r\u00e9guli\u00e8rement des \u00e9tudes sur les politiques des banques centrales, le cours de l'or, prix de l'or, cours de l'argent, prix de l'argent, cours du platine, cours du palladium,... la situation en zone euro et l'impact de la strat\u00e9gie mon\u00e9taire de la FED. Notre \u00e9quipe scrute \u00e9galement une information plus g\u00e9n\u00e9raliste \u00e0 la recherche d'actualit\u00e9 \"p\u00e9pite\" \u00e0 vous partager. Depuis 5 ans, nous avons publi\u00e9 un peu plus de 4000 articles qui s'adressent \u00e0 un public large et vari\u00e9 ayant pour objectif de satisfaire votre curiosit\u00e9 et de partager avec vous une certaine fascination pour le m\u00e9tal jaune, le rachat d'or, et pour ceux qui veulent investir dans l'or, vendre leur or tout simplement en savoir plus... Pour tous vos achat or et argent, n'h\u00e9sitez pas \u00e0 prendre rendez-vous dans l'un de nos nombreux comptoirs.","sameAs":["https:\/\/www.gold.fr"]}]}},"authors":[{"term_id":2565,"user_id":18,"is_guest":0,"slug":"julie","display_name":"Comptoir National de l'Or","avatar_url":"https:\/\/secure.gravatar.com\/avatar\/713f289e398d35ead876c4a4cc08607f0d6d266058cfc25683fffb6092d0e572?s=96&d=mm&r=g","0":null,"1":"","2":"","3":"","4":"","5":"","6":"","7":"","8":""}],"_links":{"self":[{"href":"https:\/\/www.gold.fr\/news\/wp-json\/wp\/v2\/posts\/21331","targetHints":{"allow":["GET"]}}],"collection":[{"href":"https:\/\/www.gold.fr\/news\/wp-json\/wp\/v2\/posts"}],"about":[{"href":"https:\/\/www.gold.fr\/news\/wp-json\/wp\/v2\/types\/post"}],"author":[{"embeddable":true,"href":"https:\/\/www.gold.fr\/news\/wp-json\/wp\/v2\/users\/18"}],"replies":[{"embeddable":true,"href":"https:\/\/www.gold.fr\/news\/wp-json\/wp\/v2\/comments?post=21331"}],"version-history":[{"count":0,"href":"https:\/\/www.gold.fr\/news\/wp-json\/wp\/v2\/posts\/21331\/revisions"}],"wp:featuredmedia":[{"embeddable":true,"href":"https:\/\/www.gold.fr\/news\/wp-json\/wp\/v2\/media\/7479"}],"wp:attachment":[{"href":"https:\/\/www.gold.fr\/news\/wp-json\/wp\/v2\/media?parent=21331"}],"wp:term":[{"taxonomy":"category","embeddable":true,"href":"https:\/\/www.gold.fr\/news\/wp-json\/wp\/v2\/categories?post=21331"},{"taxonomy":"post_tag","embeddable":true,"href":"https:\/\/www.gold.fr\/news\/wp-json\/wp\/v2\/tags?post=21331"},{"taxonomy":"author","embeddable":true,"href":"https:\/\/www.gold.fr\/news\/wp-json\/wp\/v2\/ppma_author?post=21331"}],"curies":[{"name":"wp","href":"https:\/\/api.w.org\/{rel}","templated":true}]}}