{"id":21279,"date":"2017-05-26T17:00:03","date_gmt":"2017-05-26T15:00:03","guid":{"rendered":"https:\/\/www.gold.fr\/news\/?p=21279"},"modified":"2021-01-13T10:43:03","modified_gmt":"2021-01-13T09:43:03","slug":"la-progression-du-cours-de-lonce-est-bien-partie-pour-durer","status":"publish","type":"post","link":"https:\/\/www.gold.fr\/news\/2017\/05\/26\/la-progression-du-cours-de-lonce-est-bien-partie-pour-durer\/","title":{"rendered":"La progression du cours de l\u2019once est bien partie pour durer"},"content":{"rendered":"<h2>\u00a0Le cours de l&rsquo;or en perp\u00e9tuel \u00e9volution<\/h2>\n<p>  <img loading=\"lazy\" decoding=\"async\" class=\"alignleft wp-image-7530 size-thumbnail\" title=\"La progression du cours de l\u2019once est bien partie pour durer\" src=\"https:\/\/www.gold.fr\/news\/wp-content\/uploads\/2012\/05\/cours-de-l-or1-150x150.jpg\" alt=\"La progression du cours de l\u2019once est bien partie pour durer\" width=\"150\" height=\"150\" \/><span style=\"font-weight: 400;\">Comme \u00e7a a \u00e9t\u00e9 pr\u00e9vu par les affirmations des analystes financiers, le <a href=\"https:\/\/www.gold.fr\/cours-or-prix-de-l-or\/\" target=\"_blank\" rel=\"noopener noreferrer\">cours<\/a> de l&rsquo;or n&rsquo;a cess\u00e9 de progresser tout au long de cette semaine.<\/span>    <span style=\"font-weight: 400;\">Boost\u00e9 par les r\u00e9centes actualit\u00e9s du gouvernement am\u00e9ricain et les inqui\u00e9tudes des investisseurs, le m\u00e9tal pr\u00e9cieux a r\u00e9ussi \u00e0 inverser la tendance attentiste pour entamer un cycle haussier, bien parti pour durer.<\/span>    <span style=\"font-weight: 400;\">Ainsi, les tensions actuelles constat\u00e9es aupr\u00e8s de la Maison Blanche semblent inciter les op\u00e9rateurs \u00e0 se tourner encore plus vers la valeur refuge par excellence qu&rsquo;est l&rsquo;or.<\/span>  <\/p>\n<h2>Donald Trump\u00a0au centre de plusieurs pol\u00e9miques<\/h2>\n<p>  <span style=\"font-weight: 400;\"><img loading=\"lazy\" decoding=\"async\" class=\"alignleft wp-image-30817 size-thumbnail\" title=\"Donald Trump\u00a0au centre de plusieurs pol\u00e9miques\" src=\"https:\/\/www.gold.fr\/news\/wp-content\/uploads\/2017\/05\/trump-150x150.jpg\" alt=\"Donald Trump\u00a0au centre de plusieurs pol\u00e9miques\" width=\"150\" height=\"150\" \/>Il est \u00e0 la fois accus\u00e9 d&rsquo;avoir voulu entraver la justice et d&rsquo;avoir donn\u00e9 des informations confidentielles au gouvernement russe.<\/span> <span style=\"font-weight: 400;\">A cet effet, un article du <strong>New York<\/strong> Times publi\u00e9 mardi affirme que le pr\u00e9sident am\u00e9ricain avait demand\u00e9 durant le mois de f\u00e9vrier dernier au directeur du <strong>FBI<\/strong>, de mettre fin \u00e0 une enqu\u00eate qui mettait en cause son conseiller de la s\u00e9curit\u00e9 nationale. Ce dernier avait \u00e9t\u00e9 soup\u00e7onn\u00e9, \u00e0 son tour, de divulguer des informations secr\u00e8tes \u00e0 <strong>la Russie<\/strong>. C&rsquo;est suite \u00e0 son limogeage par <strong>Donald Trump<\/strong> que l&rsquo;ancien responsable a \u00e9t\u00e9 appel\u00e9 par le Congr\u00e8s am\u00e9ricain pour une audition publique.<\/span> <span style=\"font-weight: 400;\">Si le gouvernement am\u00e9ricain ne conteste pas la v\u00e9racit\u00e9 des ces accusations, il insiste n\u00e9anmoins sur le fait qu&rsquo;il s&rsquo;agit uniquement d&rsquo;\u00e9change d&rsquo;informations ; une pr\u00e9rogative absolue d\u00e9tenue par la pr\u00e9sident des <strong>Etats-Unis<\/strong>.<\/span>    <span style=\"font-weight: 400;\">Par ailleurs, les analystes financiers craignent que la priorit\u00e9 de <strong>Donald Trump<\/strong> ne soit plus la mise en place de ses r\u00e9formes fiscales et budg\u00e9taires, mais sa propre d\u00e9fense face aux accusations dont il fait l&rsquo;objet. Car si les r\u00e9publicains soutiennent encore le pr\u00e9sident des <strong>Etats-Unis<\/strong>, une partie d&rsquo;entre eux semble \u00eatre favorable \u00e0 la cr\u00e9ation d&rsquo;une commission d&rsquo;enqu\u00eate ind\u00e9pendante passible de v\u00e9rifier tous les \u00e9l\u00e9ments relatifs \u00e0 l&rsquo;affaire russe.<\/span>    <span style=\"font-weight: 400;\">M\u00eame si le <a href=\"https:\/\/www.gold.fr\/cours-or-prix-de-l-or\/\" target=\"_blank\" rel=\"noopener noreferrer\">cours<\/a> de l&rsquo;or semble avoir connu une l\u00e9g\u00e8re stagnation durant la s\u00e9ance de jeudi dernier, les experts financiers affirment qu&rsquo;il s&rsquo;agit d&rsquo;une prise de b\u00e9n\u00e9fices caus\u00e9e par une hausse notable. Cette progression est soutenue aussi par le repli de la devise am\u00e9ricaine.<\/span><\/p>\n<!-- AddThis Advanced Settings generic via filter on the_content --><!-- AddThis Share Buttons generic via filter on the_content -->","protected":false},"excerpt":{"rendered":"<p>\u00a0Le cours de l&rsquo;or en perp\u00e9tuel \u00e9volution Comme \u00e7a a \u00e9t\u00e9 pr\u00e9vu par les affirmations des analystes financiers, le cours de l&rsquo;or n&rsquo;a cess\u00e9 de progresser tout au long de cette semaine. Boost\u00e9 par les r\u00e9centes [&hellip;]<\/p>\n","protected":false},"author":18,"featured_media":7530,"comment_status":"closed","ping_status":"closed","sticky":false,"template":"","format":"standard","meta":{"_mbp_gutenberg_autopost":false,"_pgmb_is_evergreen":false,"_pgmb_ap_template_id":0,"footnotes":""},"categories":[6],"tags":[1772],"ppma_author":[2565],"class_list":["post-21279","post","type-post","status-publish","format-standard","has-post-thumbnail","hentry","category-articles-de-presse","tag-cours-once-dor"],"yoast_head":"<!-- This site is optimized with the Yoast SEO plugin v27.5 - https:\/\/yoast.com\/product\/yoast-seo-wordpress\/ -->\n<title>La progression du cours de l\u2019once est bien partie pour durer - Gold.fr<\/title>\n<meta name=\"robots\" content=\"index, follow, max-snippet:-1, max-image-preview:large, max-video-preview:-1\" \/>\n<link rel=\"canonical\" href=\"https:\/\/www.gold.fr\/news\/2017\/05\/26\/la-progression-du-cours-de-lonce-est-bien-partie-pour-durer\/\" \/>\n<meta property=\"og:locale\" content=\"fr_FR\" \/>\n<meta property=\"og:type\" content=\"article\" \/>\n<meta property=\"og:title\" content=\"La progression du cours de l\u2019once est bien partie pour durer - Gold.fr\" \/>\n<meta property=\"og:description\" content=\"\u00a0Le cours de l&rsquo;or en perp\u00e9tuel \u00e9volution Comme \u00e7a a \u00e9t\u00e9 pr\u00e9vu par les affirmations des analystes financiers, le cours de l&rsquo;or n&rsquo;a cess\u00e9 de progresser tout au long de cette semaine. Boost\u00e9 par les r\u00e9centes [&hellip;]\" \/>\n<meta property=\"og:url\" content=\"https:\/\/www.gold.fr\/news\/2017\/05\/26\/la-progression-du-cours-de-lonce-est-bien-partie-pour-durer\/\" \/>\n<meta property=\"og:site_name\" content=\"Gold.fr\" \/>\n<meta property=\"article:publisher\" content=\"https:\/\/www.facebook.com\/Goldfr\/\" \/>\n<meta property=\"article:published_time\" content=\"2017-05-26T15:00:03+00:00\" \/>\n<meta property=\"article:modified_time\" content=\"2021-01-13T09:43:03+00:00\" \/>\n<meta property=\"og:image\" content=\"https:\/\/www.gold.fr\/news\/wp-content\/uploads\/2012\/05\/cours-de-l-or1.jpg\" \/>\n\t<meta property=\"og:image:width\" content=\"602\" \/>\n\t<meta property=\"og:image:height\" content=\"399\" \/>\n\t<meta property=\"og:image:type\" content=\"image\/jpeg\" \/>\n<meta name=\"author\" content=\"Comptoir National de l&#039;Or\" \/>\n<meta name=\"twitter:card\" content=\"summary_large_image\" \/>\n<meta name=\"twitter:label1\" content=\"\u00c9crit par\" \/>\n\t<meta name=\"twitter:data1\" content=\"Comptoir National de l&#039;Or\" \/>\n\t<meta name=\"twitter:label2\" content=\"Dur\u00e9e de lecture estim\u00e9e\" \/>\n\t<meta name=\"twitter:data2\" content=\"2 minutes\" \/>\n<script type=\"application\/ld+json\" class=\"yoast-schema-graph\">{\"@context\":\"https:\\\/\\\/schema.org\",\"@graph\":[{\"@type\":\"Article\",\"@id\":\"https:\\\/\\\/www.gold.fr\\\/news\\\/2017\\\/05\\\/26\\\/la-progression-du-cours-de-lonce-est-bien-partie-pour-durer\\\/#article\",\"isPartOf\":{\"@id\":\"https:\\\/\\\/www.gold.fr\\\/news\\\/2017\\\/05\\\/26\\\/la-progression-du-cours-de-lonce-est-bien-partie-pour-durer\\\/\"},\"author\":{\"name\":\"Comptoir National de l'Or\",\"@id\":\"https:\\\/\\\/www.gold.fr\\\/news\\\/#\\\/schema\\\/person\\\/070491b4b4fb7671bf59b3be20302ce9\"},\"headline\":\"La progression du cours de l\u2019once est bien partie pour durer\",\"datePublished\":\"2017-05-26T15:00:03+00:00\",\"dateModified\":\"2021-01-13T09:43:03+00:00\",\"mainEntityOfPage\":{\"@id\":\"https:\\\/\\\/www.gold.fr\\\/news\\\/2017\\\/05\\\/26\\\/la-progression-du-cours-de-lonce-est-bien-partie-pour-durer\\\/\"},\"wordCount\":418,\"image\":{\"@id\":\"https:\\\/\\\/www.gold.fr\\\/news\\\/2017\\\/05\\\/26\\\/la-progression-du-cours-de-lonce-est-bien-partie-pour-durer\\\/#primaryimage\"},\"thumbnailUrl\":\"https:\\\/\\\/www.gold.fr\\\/news\\\/wp-content\\\/uploads\\\/2012\\\/05\\\/cours-de-l-or1.jpg\",\"keywords\":[\"cours once d'or\"],\"articleSection\":[\"Articles de presse\"],\"inLanguage\":\"fr-FR\"},{\"@type\":\"WebPage\",\"@id\":\"https:\\\/\\\/www.gold.fr\\\/news\\\/2017\\\/05\\\/26\\\/la-progression-du-cours-de-lonce-est-bien-partie-pour-durer\\\/\",\"url\":\"https:\\\/\\\/www.gold.fr\\\/news\\\/2017\\\/05\\\/26\\\/la-progression-du-cours-de-lonce-est-bien-partie-pour-durer\\\/\",\"name\":\"La progression du cours de l\u2019once est bien partie pour durer - Gold.fr\",\"isPartOf\":{\"@id\":\"https:\\\/\\\/www.gold.fr\\\/news\\\/#website\"},\"primaryImageOfPage\":{\"@id\":\"https:\\\/\\\/www.gold.fr\\\/news\\\/2017\\\/05\\\/26\\\/la-progression-du-cours-de-lonce-est-bien-partie-pour-durer\\\/#primaryimage\"},\"image\":{\"@id\":\"https:\\\/\\\/www.gold.fr\\\/news\\\/2017\\\/05\\\/26\\\/la-progression-du-cours-de-lonce-est-bien-partie-pour-durer\\\/#primaryimage\"},\"thumbnailUrl\":\"https:\\\/\\\/www.gold.fr\\\/news\\\/wp-content\\\/uploads\\\/2012\\\/05\\\/cours-de-l-or1.jpg\",\"datePublished\":\"2017-05-26T15:00:03+00:00\",\"dateModified\":\"2021-01-13T09:43:03+00:00\",\"author\":{\"@id\":\"https:\\\/\\\/www.gold.fr\\\/news\\\/#\\\/schema\\\/person\\\/070491b4b4fb7671bf59b3be20302ce9\"},\"breadcrumb\":{\"@id\":\"https:\\\/\\\/www.gold.fr\\\/news\\\/2017\\\/05\\\/26\\\/la-progression-du-cours-de-lonce-est-bien-partie-pour-durer\\\/#breadcrumb\"},\"inLanguage\":\"fr-FR\",\"potentialAction\":[{\"@type\":\"ReadAction\",\"target\":[\"https:\\\/\\\/www.gold.fr\\\/news\\\/2017\\\/05\\\/26\\\/la-progression-du-cours-de-lonce-est-bien-partie-pour-durer\\\/\"]}]},{\"@type\":\"ImageObject\",\"inLanguage\":\"fr-FR\",\"@id\":\"https:\\\/\\\/www.gold.fr\\\/news\\\/2017\\\/05\\\/26\\\/la-progression-du-cours-de-lonce-est-bien-partie-pour-durer\\\/#primaryimage\",\"url\":\"https:\\\/\\\/www.gold.fr\\\/news\\\/wp-content\\\/uploads\\\/2012\\\/05\\\/cours-de-l-or1.jpg\",\"contentUrl\":\"https:\\\/\\\/www.gold.fr\\\/news\\\/wp-content\\\/uploads\\\/2012\\\/05\\\/cours-de-l-or1.jpg\",\"width\":\"602\",\"height\":\"399\",\"caption\":\"Cours de l\u2019once : entre r\u00e9alisations et pr\u00e9visions\"},{\"@type\":\"BreadcrumbList\",\"@id\":\"https:\\\/\\\/www.gold.fr\\\/news\\\/2017\\\/05\\\/26\\\/la-progression-du-cours-de-lonce-est-bien-partie-pour-durer\\\/#breadcrumb\",\"itemListElement\":[{\"@type\":\"ListItem\",\"position\":1,\"name\":\"Accueil\",\"item\":\"https:\\\/\\\/www.gold.fr\\\/\"},{\"@type\":\"ListItem\",\"position\":2,\"name\":\"Actualit\u00e9s\",\"item\":\"https:\\\/\\\/www.gold.fr\\\/news\\\/\"},{\"@type\":\"ListItem\",\"position\":3,\"name\":\"La progression du cours de l\u2019once est bien partie pour durer\"}]},{\"@type\":\"WebSite\",\"@id\":\"https:\\\/\\\/www.gold.fr\\\/news\\\/#website\",\"url\":\"https:\\\/\\\/www.gold.fr\\\/news\\\/\",\"name\":\"Gold.fr\",\"description\":\"Actualit\u00e9s de l&#039;Or et des m\u00e9taux pr\u00e9cieux\",\"potentialAction\":[{\"@type\":\"SearchAction\",\"target\":{\"@type\":\"EntryPoint\",\"urlTemplate\":\"https:\\\/\\\/www.gold.fr\\\/news\\\/?s={search_term_string}\"},\"query-input\":{\"@type\":\"PropertyValueSpecification\",\"valueRequired\":true,\"valueName\":\"search_term_string\"}}],\"inLanguage\":\"fr-FR\"},{\"@type\":\"Person\",\"@id\":\"https:\\\/\\\/www.gold.fr\\\/news\\\/#\\\/schema\\\/person\\\/070491b4b4fb7671bf59b3be20302ce9\",\"name\":\"Comptoir National de l'Or\",\"image\":{\"@type\":\"ImageObject\",\"inLanguage\":\"fr-FR\",\"@id\":\"https:\\\/\\\/secure.gravatar.com\\\/avatar\\\/0a2867fd5abe37bed95d5a65e9d58f01756e11efc68af9888dfc50cfa7f65948?s=96&d=mm&r=gb490554db0a38188709de567aa58480d\",\"url\":\"https:\\\/\\\/secure.gravatar.com\\\/avatar\\\/0a2867fd5abe37bed95d5a65e9d58f01756e11efc68af9888dfc50cfa7f65948?s=96&d=mm&r=g\",\"contentUrl\":\"https:\\\/\\\/secure.gravatar.com\\\/avatar\\\/0a2867fd5abe37bed95d5a65e9d58f01756e11efc68af9888dfc50cfa7f65948?s=96&d=mm&r=g\",\"caption\":\"Comptoir National de l'Or\"},\"description\":\"Notre r\u00e9daction est constitu\u00e9e de membres experts dans les m\u00e9tiers de l'\u00e9conomie et la gestion, des Responsables d'agence Comptoir National de l'Or, des analystes financiers qui publient r\u00e9guli\u00e8rement des \u00e9tudes sur les politiques des banques centrales, le cours de l'or, prix de l'or, cours de l'argent, prix de l'argent, cours du platine, cours du palladium,... la situation en zone euro et l'impact de la strat\u00e9gie mon\u00e9taire de la FED. Notre \u00e9quipe scrute \u00e9galement une information plus g\u00e9n\u00e9raliste \u00e0 la recherche d'actualit\u00e9 \\\"p\u00e9pite\\\" \u00e0 vous partager. Depuis 5 ans, nous avons publi\u00e9 un peu plus de 4000 articles qui s'adressent \u00e0 un public large et vari\u00e9 ayant pour objectif de satisfaire votre curiosit\u00e9 et de partager avec vous une certaine fascination pour le m\u00e9tal jaune, le rachat d'or, et pour ceux qui veulent investir dans l'or, vendre leur or tout simplement en savoir plus... Pour tous vos achat or et argent, n'h\u00e9sitez pas \u00e0 prendre rendez-vous dans l'un de nos nombreux comptoirs.\",\"sameAs\":[\"https:\\\/\\\/www.gold.fr\"]}]}<\/script>\n<!-- \/ Yoast SEO plugin. -->","yoast_head_json":{"title":"La progression du cours de l\u2019once est bien partie pour durer - Gold.fr","robots":{"index":"index","follow":"follow","max-snippet":"max-snippet:-1","max-image-preview":"max-image-preview:large","max-video-preview":"max-video-preview:-1"},"canonical":"https:\/\/www.gold.fr\/news\/2017\/05\/26\/la-progression-du-cours-de-lonce-est-bien-partie-pour-durer\/","og_locale":"fr_FR","og_type":"article","og_title":"La progression du cours de l\u2019once est bien partie pour durer - Gold.fr","og_description":"\u00a0Le cours de l&rsquo;or en perp\u00e9tuel \u00e9volution Comme \u00e7a a \u00e9t\u00e9 pr\u00e9vu par les affirmations des analystes financiers, le cours de l&rsquo;or n&rsquo;a cess\u00e9 de progresser tout au long de cette semaine. Boost\u00e9 par les r\u00e9centes [&hellip;]","og_url":"https:\/\/www.gold.fr\/news\/2017\/05\/26\/la-progression-du-cours-de-lonce-est-bien-partie-pour-durer\/","og_site_name":"Gold.fr","article_publisher":"https:\/\/www.facebook.com\/Goldfr\/","article_published_time":"2017-05-26T15:00:03+00:00","article_modified_time":"2021-01-13T09:43:03+00:00","og_image":[{"width":602,"height":399,"url":"https:\/\/www.gold.fr\/news\/wp-content\/uploads\/2012\/05\/cours-de-l-or1.jpg","type":"image\/jpeg"}],"author":"Comptoir National de l'Or","twitter_card":"summary_large_image","twitter_misc":{"\u00c9crit par":"Comptoir National de l'Or","Dur\u00e9e de lecture estim\u00e9e":"2 minutes"},"schema":{"@context":"https:\/\/schema.org","@graph":[{"@type":"Article","@id":"https:\/\/www.gold.fr\/news\/2017\/05\/26\/la-progression-du-cours-de-lonce-est-bien-partie-pour-durer\/#article","isPartOf":{"@id":"https:\/\/www.gold.fr\/news\/2017\/05\/26\/la-progression-du-cours-de-lonce-est-bien-partie-pour-durer\/"},"author":{"name":"Comptoir National de l'Or","@id":"https:\/\/www.gold.fr\/news\/#\/schema\/person\/070491b4b4fb7671bf59b3be20302ce9"},"headline":"La progression du cours de l\u2019once est bien partie pour durer","datePublished":"2017-05-26T15:00:03+00:00","dateModified":"2021-01-13T09:43:03+00:00","mainEntityOfPage":{"@id":"https:\/\/www.gold.fr\/news\/2017\/05\/26\/la-progression-du-cours-de-lonce-est-bien-partie-pour-durer\/"},"wordCount":418,"image":{"@id":"https:\/\/www.gold.fr\/news\/2017\/05\/26\/la-progression-du-cours-de-lonce-est-bien-partie-pour-durer\/#primaryimage"},"thumbnailUrl":"https:\/\/www.gold.fr\/news\/wp-content\/uploads\/2012\/05\/cours-de-l-or1.jpg","keywords":["cours once d'or"],"articleSection":["Articles de presse"],"inLanguage":"fr-FR"},{"@type":"WebPage","@id":"https:\/\/www.gold.fr\/news\/2017\/05\/26\/la-progression-du-cours-de-lonce-est-bien-partie-pour-durer\/","url":"https:\/\/www.gold.fr\/news\/2017\/05\/26\/la-progression-du-cours-de-lonce-est-bien-partie-pour-durer\/","name":"La progression du cours de l\u2019once est bien partie pour durer - Gold.fr","isPartOf":{"@id":"https:\/\/www.gold.fr\/news\/#website"},"primaryImageOfPage":{"@id":"https:\/\/www.gold.fr\/news\/2017\/05\/26\/la-progression-du-cours-de-lonce-est-bien-partie-pour-durer\/#primaryimage"},"image":{"@id":"https:\/\/www.gold.fr\/news\/2017\/05\/26\/la-progression-du-cours-de-lonce-est-bien-partie-pour-durer\/#primaryimage"},"thumbnailUrl":"https:\/\/www.gold.fr\/news\/wp-content\/uploads\/2012\/05\/cours-de-l-or1.jpg","datePublished":"2017-05-26T15:00:03+00:00","dateModified":"2021-01-13T09:43:03+00:00","author":{"@id":"https:\/\/www.gold.fr\/news\/#\/schema\/person\/070491b4b4fb7671bf59b3be20302ce9"},"breadcrumb":{"@id":"https:\/\/www.gold.fr\/news\/2017\/05\/26\/la-progression-du-cours-de-lonce-est-bien-partie-pour-durer\/#breadcrumb"},"inLanguage":"fr-FR","potentialAction":[{"@type":"ReadAction","target":["https:\/\/www.gold.fr\/news\/2017\/05\/26\/la-progression-du-cours-de-lonce-est-bien-partie-pour-durer\/"]}]},{"@type":"ImageObject","inLanguage":"fr-FR","@id":"https:\/\/www.gold.fr\/news\/2017\/05\/26\/la-progression-du-cours-de-lonce-est-bien-partie-pour-durer\/#primaryimage","url":"https:\/\/www.gold.fr\/news\/wp-content\/uploads\/2012\/05\/cours-de-l-or1.jpg","contentUrl":"https:\/\/www.gold.fr\/news\/wp-content\/uploads\/2012\/05\/cours-de-l-or1.jpg","width":"602","height":"399","caption":"Cours de l\u2019once : entre r\u00e9alisations et pr\u00e9visions"},{"@type":"BreadcrumbList","@id":"https:\/\/www.gold.fr\/news\/2017\/05\/26\/la-progression-du-cours-de-lonce-est-bien-partie-pour-durer\/#breadcrumb","itemListElement":[{"@type":"ListItem","position":1,"name":"Accueil","item":"https:\/\/www.gold.fr\/"},{"@type":"ListItem","position":2,"name":"Actualit\u00e9s","item":"https:\/\/www.gold.fr\/news\/"},{"@type":"ListItem","position":3,"name":"La progression du cours de l\u2019once est bien partie pour durer"}]},{"@type":"WebSite","@id":"https:\/\/www.gold.fr\/news\/#website","url":"https:\/\/www.gold.fr\/news\/","name":"Gold.fr","description":"Actualit\u00e9s de l&#039;Or et des m\u00e9taux pr\u00e9cieux","potentialAction":[{"@type":"SearchAction","target":{"@type":"EntryPoint","urlTemplate":"https:\/\/www.gold.fr\/news\/?s={search_term_string}"},"query-input":{"@type":"PropertyValueSpecification","valueRequired":true,"valueName":"search_term_string"}}],"inLanguage":"fr-FR"},{"@type":"Person","@id":"https:\/\/www.gold.fr\/news\/#\/schema\/person\/070491b4b4fb7671bf59b3be20302ce9","name":"Comptoir National de l'Or","image":{"@type":"ImageObject","inLanguage":"fr-FR","@id":"https:\/\/secure.gravatar.com\/avatar\/0a2867fd5abe37bed95d5a65e9d58f01756e11efc68af9888dfc50cfa7f65948?s=96&d=mm&r=gb490554db0a38188709de567aa58480d","url":"https:\/\/secure.gravatar.com\/avatar\/0a2867fd5abe37bed95d5a65e9d58f01756e11efc68af9888dfc50cfa7f65948?s=96&d=mm&r=g","contentUrl":"https:\/\/secure.gravatar.com\/avatar\/0a2867fd5abe37bed95d5a65e9d58f01756e11efc68af9888dfc50cfa7f65948?s=96&d=mm&r=g","caption":"Comptoir National de l'Or"},"description":"Notre r\u00e9daction est constitu\u00e9e de membres experts dans les m\u00e9tiers de l'\u00e9conomie et la gestion, des Responsables d'agence Comptoir National de l'Or, des analystes financiers qui publient r\u00e9guli\u00e8rement des \u00e9tudes sur les politiques des banques centrales, le cours de l'or, prix de l'or, cours de l'argent, prix de l'argent, cours du platine, cours du palladium,... la situation en zone euro et l'impact de la strat\u00e9gie mon\u00e9taire de la FED. Notre \u00e9quipe scrute \u00e9galement une information plus g\u00e9n\u00e9raliste \u00e0 la recherche d'actualit\u00e9 \"p\u00e9pite\" \u00e0 vous partager. Depuis 5 ans, nous avons publi\u00e9 un peu plus de 4000 articles qui s'adressent \u00e0 un public large et vari\u00e9 ayant pour objectif de satisfaire votre curiosit\u00e9 et de partager avec vous une certaine fascination pour le m\u00e9tal jaune, le rachat d'or, et pour ceux qui veulent investir dans l'or, vendre leur or tout simplement en savoir plus... Pour tous vos achat or et argent, n'h\u00e9sitez pas \u00e0 prendre rendez-vous dans l'un de nos nombreux comptoirs.","sameAs":["https:\/\/www.gold.fr"]}]}},"authors":[{"term_id":2565,"user_id":18,"is_guest":0,"slug":"julie","display_name":"Comptoir National de l'Or","avatar_url":"https:\/\/secure.gravatar.com\/avatar\/713f289e398d35ead876c4a4cc08607f0d6d266058cfc25683fffb6092d0e572?s=96&d=mm&r=g","0":null,"1":"","2":"","3":"","4":"","5":"","6":"","7":"","8":""}],"_links":{"self":[{"href":"https:\/\/www.gold.fr\/news\/wp-json\/wp\/v2\/posts\/21279","targetHints":{"allow":["GET"]}}],"collection":[{"href":"https:\/\/www.gold.fr\/news\/wp-json\/wp\/v2\/posts"}],"about":[{"href":"https:\/\/www.gold.fr\/news\/wp-json\/wp\/v2\/types\/post"}],"author":[{"embeddable":true,"href":"https:\/\/www.gold.fr\/news\/wp-json\/wp\/v2\/users\/18"}],"replies":[{"embeddable":true,"href":"https:\/\/www.gold.fr\/news\/wp-json\/wp\/v2\/comments?post=21279"}],"version-history":[{"count":0,"href":"https:\/\/www.gold.fr\/news\/wp-json\/wp\/v2\/posts\/21279\/revisions"}],"wp:featuredmedia":[{"embeddable":true,"href":"https:\/\/www.gold.fr\/news\/wp-json\/wp\/v2\/media\/7530"}],"wp:attachment":[{"href":"https:\/\/www.gold.fr\/news\/wp-json\/wp\/v2\/media?parent=21279"}],"wp:term":[{"taxonomy":"category","embeddable":true,"href":"https:\/\/www.gold.fr\/news\/wp-json\/wp\/v2\/categories?post=21279"},{"taxonomy":"post_tag","embeddable":true,"href":"https:\/\/www.gold.fr\/news\/wp-json\/wp\/v2\/tags?post=21279"},{"taxonomy":"author","embeddable":true,"href":"https:\/\/www.gold.fr\/news\/wp-json\/wp\/v2\/ppma_author?post=21279"}],"curies":[{"name":"wp","href":"https:\/\/api.w.org\/{rel}","templated":true}]}}