{"id":21269,"date":"2017-05-23T17:00:11","date_gmt":"2017-05-23T15:00:11","guid":{"rendered":"https:\/\/www.gold.fr\/news\/?p=21269"},"modified":"2021-01-13T10:43:47","modified_gmt":"2021-01-13T09:43:47","slug":"les-analystes-financiers-optimistes-quant-a-la-progression-du-cours-de-lor","status":"publish","type":"post","link":"https:\/\/www.gold.fr\/news\/2017\/05\/23\/les-analystes-financiers-optimistes-quant-a-la-progression-du-cours-de-lor\/","title":{"rendered":"Les analystes financiers optimistes quant \u00e0 la progression du cours de l\u2019or"},"content":{"rendered":"<p><img loading=\"lazy\" decoding=\"async\" class=\"alignleft wp-image-5156 size-thumbnail\" title=\"Les analystes financiers optimistes quant \u00e0 la progression du cours de l\u2019or\" src=\"https:\/\/www.gold.fr\/news\/wp-content\/uploads\/2012\/01\/cours-de-lor2-150x150.jpg\" alt=\"Les analystes financiers optimistes quant \u00e0 la progression du cours de l\u2019or\" width=\"150\" height=\"150\" \/>Lors de la s\u00e9ance de vendredi, le cours de l&rsquo;or a r\u00e9ussi \u00e0 gagner cinq dollars par once et s&rsquo;oriente ainsi vers un gain hebdomadaire de <strong>2,1 %<\/strong>. Une progression qui vient suite \u00e0 une baisse sous la barre symbolique des <strong>1.250 dollars<\/strong> <a href=\"https:\/\/www.gold.fr\/once-or-nyc\/\" target=\"_blank\" rel=\"noopener noreferrer\">l\u2019once<\/a>.    Pendant ce temps, les march\u00e9s des actions ont r\u00e9ussi \u00e0 rattraper leur retard en diminuant leurs pertes en d\u00e9pit des nouvelles pressions d&rsquo;ordre politique. En effet, de nouveaux troubles ont vu le jour au niveau de la pr\u00e9sidence am\u00e9ricaine et concerneraient les liens entre certains conseillers de <strong>Donald Trump<\/strong> et les gouvernements \u00e9trangers. Autre \u00e9l\u00e9ment passible de devenir une source de conflit : les politiques du pr\u00e9sident am\u00e9ricain au Moyen Orient. Pendant ce temps, les rendements des bons souverains affichent une nouvelles progression et le tandem dollar \/ euro retrouve sa tendance baissi\u00e8re, constat\u00e9e juste apr\u00e8s l&rsquo;\u00e9lection de <strong>Trump<\/strong>.    Par ailleurs, les analystes financiers ont indiqu\u00e9 que les incertitudes qui planent autour des d\u00e9veloppements politiques aux <strong>Etats-Unis<\/strong> vont probablement impacter le <a href=\"https:\/\/www.gold.fr\/cours-or-prix-de-l-or\/\" target=\"_blank\" rel=\"noopener noreferrer\">cours<\/a> du billet vert, en le maintenant sous pression. Ce cas de figure pourrait se r\u00e9v\u00e9ler b\u00e9n\u00e9fique pour le <a href=\"https:\/\/www.gold.fr\/cours-or-prix-de-l-or\/\" target=\"_blank\" rel=\"noopener noreferrer\">cours<\/a> de <a href=\"https:\/\/www.gold.fr\/once-or-nyc\/\" target=\"_blank\" rel=\"noopener noreferrer\">l\u2019once<\/a> d&rsquo;or et soutenir ainsi sa progression.<\/p>\n<!-- AddThis Advanced Settings generic via filter on the_content --><!-- AddThis Share Buttons generic via filter on the_content -->","protected":false},"excerpt":{"rendered":"<p>Lors de la s\u00e9ance de vendredi, le cours de l&rsquo;or a r\u00e9ussi \u00e0 gagner cinq dollars par once et s&rsquo;oriente ainsi vers un gain hebdomadaire de 2,1 %. Une progression qui vient suite \u00e0 une baisse [&hellip;]<\/p>\n","protected":false},"author":18,"featured_media":5156,"comment_status":"closed","ping_status":"closed","sticky":false,"template":"","format":"standard","meta":{"_mbp_gutenberg_autopost":false,"_pgmb_is_evergreen":false,"_pgmb_ap_template_id":0,"footnotes":""},"categories":[6],"tags":[652,1051],"ppma_author":[2565],"class_list":["post-21269","post","type-post","status-publish","format-standard","has-post-thumbnail","hentry","category-articles-de-presse","tag-prevision-or","tag-previsions"],"yoast_head":"<!-- This site is optimized with the Yoast SEO plugin v27.5 - https:\/\/yoast.com\/product\/yoast-seo-wordpress\/ -->\n<title>Les analystes financiers optimistes quant \u00e0 la progression du cours de l\u2019or - Gold.fr<\/title>\n<meta name=\"robots\" content=\"index, follow, max-snippet:-1, max-image-preview:large, max-video-preview:-1\" \/>\n<link rel=\"canonical\" href=\"https:\/\/www.gold.fr\/news\/2017\/05\/23\/les-analystes-financiers-optimistes-quant-a-la-progression-du-cours-de-lor\/\" \/>\n<meta property=\"og:locale\" content=\"fr_FR\" \/>\n<meta property=\"og:type\" content=\"article\" \/>\n<meta property=\"og:title\" content=\"Les analystes financiers optimistes quant \u00e0 la progression du cours de l\u2019or - Gold.fr\" \/>\n<meta property=\"og:description\" content=\"Lors de la s\u00e9ance de vendredi, le cours de l&rsquo;or a r\u00e9ussi \u00e0 gagner cinq dollars par once et s&rsquo;oriente ainsi vers un gain hebdomadaire de 2,1 %. Une progression qui vient suite \u00e0 une baisse [&hellip;]\" \/>\n<meta property=\"og:url\" content=\"https:\/\/www.gold.fr\/news\/2017\/05\/23\/les-analystes-financiers-optimistes-quant-a-la-progression-du-cours-de-lor\/\" \/>\n<meta property=\"og:site_name\" content=\"Gold.fr\" \/>\n<meta property=\"article:publisher\" content=\"https:\/\/www.facebook.com\/Goldfr\/\" \/>\n<meta property=\"article:published_time\" content=\"2017-05-23T15:00:11+00:00\" \/>\n<meta property=\"article:modified_time\" content=\"2021-01-13T09:43:47+00:00\" \/>\n<meta property=\"og:image\" content=\"https:\/\/www.gold.fr\/news\/wp-content\/uploads\/2012\/01\/cours-de-lor2.jpg\" \/>\n\t<meta property=\"og:image:width\" content=\"600\" \/>\n\t<meta property=\"og:image:height\" content=\"400\" \/>\n\t<meta property=\"og:image:type\" content=\"image\/jpeg\" \/>\n<meta name=\"author\" content=\"Comptoir National de l&#039;Or\" \/>\n<meta name=\"twitter:card\" content=\"summary_large_image\" \/>\n<meta name=\"twitter:label1\" content=\"\u00c9crit par\" \/>\n\t<meta name=\"twitter:data1\" content=\"Comptoir National de l&#039;Or\" \/>\n\t<meta name=\"twitter:label2\" content=\"Dur\u00e9e de lecture estim\u00e9e\" \/>\n\t<meta name=\"twitter:data2\" content=\"1 minute\" \/>\n<script type=\"application\/ld+json\" class=\"yoast-schema-graph\">{\"@context\":\"https:\\\/\\\/schema.org\",\"@graph\":[{\"@type\":\"Article\",\"@id\":\"https:\\\/\\\/www.gold.fr\\\/news\\\/2017\\\/05\\\/23\\\/les-analystes-financiers-optimistes-quant-a-la-progression-du-cours-de-lor\\\/#article\",\"isPartOf\":{\"@id\":\"https:\\\/\\\/www.gold.fr\\\/news\\\/2017\\\/05\\\/23\\\/les-analystes-financiers-optimistes-quant-a-la-progression-du-cours-de-lor\\\/\"},\"author\":{\"name\":\"Comptoir National de l'Or\",\"@id\":\"https:\\\/\\\/www.gold.fr\\\/news\\\/#\\\/schema\\\/person\\\/070491b4b4fb7671bf59b3be20302ce9\"},\"headline\":\"Les analystes financiers optimistes quant \u00e0 la progression du cours de l\u2019or\",\"datePublished\":\"2017-05-23T15:00:11+00:00\",\"dateModified\":\"2021-01-13T09:43:47+00:00\",\"mainEntityOfPage\":{\"@id\":\"https:\\\/\\\/www.gold.fr\\\/news\\\/2017\\\/05\\\/23\\\/les-analystes-financiers-optimistes-quant-a-la-progression-du-cours-de-lor\\\/\"},\"wordCount\":222,\"image\":{\"@id\":\"https:\\\/\\\/www.gold.fr\\\/news\\\/2017\\\/05\\\/23\\\/les-analystes-financiers-optimistes-quant-a-la-progression-du-cours-de-lor\\\/#primaryimage\"},\"thumbnailUrl\":\"https:\\\/\\\/www.gold.fr\\\/news\\\/wp-content\\\/uploads\\\/2012\\\/01\\\/cours-de-lor2.jpg\",\"keywords\":[\"Pr\u00e9vision or\",\"pr\u00e9visions\"],\"articleSection\":[\"Articles de presse\"],\"inLanguage\":\"fr-FR\"},{\"@type\":\"WebPage\",\"@id\":\"https:\\\/\\\/www.gold.fr\\\/news\\\/2017\\\/05\\\/23\\\/les-analystes-financiers-optimistes-quant-a-la-progression-du-cours-de-lor\\\/\",\"url\":\"https:\\\/\\\/www.gold.fr\\\/news\\\/2017\\\/05\\\/23\\\/les-analystes-financiers-optimistes-quant-a-la-progression-du-cours-de-lor\\\/\",\"name\":\"Les analystes financiers optimistes quant \u00e0 la progression du cours de l\u2019or - Gold.fr\",\"isPartOf\":{\"@id\":\"https:\\\/\\\/www.gold.fr\\\/news\\\/#website\"},\"primaryImageOfPage\":{\"@id\":\"https:\\\/\\\/www.gold.fr\\\/news\\\/2017\\\/05\\\/23\\\/les-analystes-financiers-optimistes-quant-a-la-progression-du-cours-de-lor\\\/#primaryimage\"},\"image\":{\"@id\":\"https:\\\/\\\/www.gold.fr\\\/news\\\/2017\\\/05\\\/23\\\/les-analystes-financiers-optimistes-quant-a-la-progression-du-cours-de-lor\\\/#primaryimage\"},\"thumbnailUrl\":\"https:\\\/\\\/www.gold.fr\\\/news\\\/wp-content\\\/uploads\\\/2012\\\/01\\\/cours-de-lor2.jpg\",\"datePublished\":\"2017-05-23T15:00:11+00:00\",\"dateModified\":\"2021-01-13T09:43:47+00:00\",\"author\":{\"@id\":\"https:\\\/\\\/www.gold.fr\\\/news\\\/#\\\/schema\\\/person\\\/070491b4b4fb7671bf59b3be20302ce9\"},\"breadcrumb\":{\"@id\":\"https:\\\/\\\/www.gold.fr\\\/news\\\/2017\\\/05\\\/23\\\/les-analystes-financiers-optimistes-quant-a-la-progression-du-cours-de-lor\\\/#breadcrumb\"},\"inLanguage\":\"fr-FR\",\"potentialAction\":[{\"@type\":\"ReadAction\",\"target\":[\"https:\\\/\\\/www.gold.fr\\\/news\\\/2017\\\/05\\\/23\\\/les-analystes-financiers-optimistes-quant-a-la-progression-du-cours-de-lor\\\/\"]}]},{\"@type\":\"ImageObject\",\"inLanguage\":\"fr-FR\",\"@id\":\"https:\\\/\\\/www.gold.fr\\\/news\\\/2017\\\/05\\\/23\\\/les-analystes-financiers-optimistes-quant-a-la-progression-du-cours-de-lor\\\/#primaryimage\",\"url\":\"https:\\\/\\\/www.gold.fr\\\/news\\\/wp-content\\\/uploads\\\/2012\\\/01\\\/cours-de-lor2.jpg\",\"contentUrl\":\"https:\\\/\\\/www.gold.fr\\\/news\\\/wp-content\\\/uploads\\\/2012\\\/01\\\/cours-de-lor2.jpg\",\"width\":\"600\",\"height\":\"400\",\"caption\":\"Le cours de l\u2019once retrouve sa tendance haussi\u00e8re\"},{\"@type\":\"BreadcrumbList\",\"@id\":\"https:\\\/\\\/www.gold.fr\\\/news\\\/2017\\\/05\\\/23\\\/les-analystes-financiers-optimistes-quant-a-la-progression-du-cours-de-lor\\\/#breadcrumb\",\"itemListElement\":[{\"@type\":\"ListItem\",\"position\":1,\"name\":\"Accueil\",\"item\":\"https:\\\/\\\/www.gold.fr\\\/\"},{\"@type\":\"ListItem\",\"position\":2,\"name\":\"Actualit\u00e9s\",\"item\":\"https:\\\/\\\/www.gold.fr\\\/news\\\/\"},{\"@type\":\"ListItem\",\"position\":3,\"name\":\"Les analystes financiers optimistes quant \u00e0 la progression du cours de l\u2019or\"}]},{\"@type\":\"WebSite\",\"@id\":\"https:\\\/\\\/www.gold.fr\\\/news\\\/#website\",\"url\":\"https:\\\/\\\/www.gold.fr\\\/news\\\/\",\"name\":\"Gold.fr\",\"description\":\"Actualit\u00e9s de l&#039;Or et des m\u00e9taux pr\u00e9cieux\",\"potentialAction\":[{\"@type\":\"SearchAction\",\"target\":{\"@type\":\"EntryPoint\",\"urlTemplate\":\"https:\\\/\\\/www.gold.fr\\\/news\\\/?s={search_term_string}\"},\"query-input\":{\"@type\":\"PropertyValueSpecification\",\"valueRequired\":true,\"valueName\":\"search_term_string\"}}],\"inLanguage\":\"fr-FR\"},{\"@type\":\"Person\",\"@id\":\"https:\\\/\\\/www.gold.fr\\\/news\\\/#\\\/schema\\\/person\\\/070491b4b4fb7671bf59b3be20302ce9\",\"name\":\"Comptoir National de l'Or\",\"image\":{\"@type\":\"ImageObject\",\"inLanguage\":\"fr-FR\",\"@id\":\"https:\\\/\\\/secure.gravatar.com\\\/avatar\\\/0a2867fd5abe37bed95d5a65e9d58f01756e11efc68af9888dfc50cfa7f65948?s=96&d=mm&r=gb490554db0a38188709de567aa58480d\",\"url\":\"https:\\\/\\\/secure.gravatar.com\\\/avatar\\\/0a2867fd5abe37bed95d5a65e9d58f01756e11efc68af9888dfc50cfa7f65948?s=96&d=mm&r=g\",\"contentUrl\":\"https:\\\/\\\/secure.gravatar.com\\\/avatar\\\/0a2867fd5abe37bed95d5a65e9d58f01756e11efc68af9888dfc50cfa7f65948?s=96&d=mm&r=g\",\"caption\":\"Comptoir National de l'Or\"},\"description\":\"Notre r\u00e9daction est constitu\u00e9e de membres experts dans les m\u00e9tiers de l'\u00e9conomie et la gestion, des Responsables d'agence Comptoir National de l'Or, des analystes financiers qui publient r\u00e9guli\u00e8rement des \u00e9tudes sur les politiques des banques centrales, le cours de l'or, prix de l'or, cours de l'argent, prix de l'argent, cours du platine, cours du palladium,... la situation en zone euro et l'impact de la strat\u00e9gie mon\u00e9taire de la FED. Notre \u00e9quipe scrute \u00e9galement une information plus g\u00e9n\u00e9raliste \u00e0 la recherche d'actualit\u00e9 \\\"p\u00e9pite\\\" \u00e0 vous partager. Depuis 5 ans, nous avons publi\u00e9 un peu plus de 4000 articles qui s'adressent \u00e0 un public large et vari\u00e9 ayant pour objectif de satisfaire votre curiosit\u00e9 et de partager avec vous une certaine fascination pour le m\u00e9tal jaune, le rachat d'or, et pour ceux qui veulent investir dans l'or, vendre leur or tout simplement en savoir plus... Pour tous vos achat or et argent, n'h\u00e9sitez pas \u00e0 prendre rendez-vous dans l'un de nos nombreux comptoirs.\",\"sameAs\":[\"https:\\\/\\\/www.gold.fr\"]}]}<\/script>\n<!-- \/ Yoast SEO plugin. -->","yoast_head_json":{"title":"Les analystes financiers optimistes quant \u00e0 la progression du cours de l\u2019or - Gold.fr","robots":{"index":"index","follow":"follow","max-snippet":"max-snippet:-1","max-image-preview":"max-image-preview:large","max-video-preview":"max-video-preview:-1"},"canonical":"https:\/\/www.gold.fr\/news\/2017\/05\/23\/les-analystes-financiers-optimistes-quant-a-la-progression-du-cours-de-lor\/","og_locale":"fr_FR","og_type":"article","og_title":"Les analystes financiers optimistes quant \u00e0 la progression du cours de l\u2019or - Gold.fr","og_description":"Lors de la s\u00e9ance de vendredi, le cours de l&rsquo;or a r\u00e9ussi \u00e0 gagner cinq dollars par once et s&rsquo;oriente ainsi vers un gain hebdomadaire de 2,1 %. Une progression qui vient suite \u00e0 une baisse [&hellip;]","og_url":"https:\/\/www.gold.fr\/news\/2017\/05\/23\/les-analystes-financiers-optimistes-quant-a-la-progression-du-cours-de-lor\/","og_site_name":"Gold.fr","article_publisher":"https:\/\/www.facebook.com\/Goldfr\/","article_published_time":"2017-05-23T15:00:11+00:00","article_modified_time":"2021-01-13T09:43:47+00:00","og_image":[{"width":600,"height":400,"url":"https:\/\/www.gold.fr\/news\/wp-content\/uploads\/2012\/01\/cours-de-lor2.jpg","type":"image\/jpeg"}],"author":"Comptoir National de l'Or","twitter_card":"summary_large_image","twitter_misc":{"\u00c9crit par":"Comptoir National de l'Or","Dur\u00e9e de lecture estim\u00e9e":"1 minute"},"schema":{"@context":"https:\/\/schema.org","@graph":[{"@type":"Article","@id":"https:\/\/www.gold.fr\/news\/2017\/05\/23\/les-analystes-financiers-optimistes-quant-a-la-progression-du-cours-de-lor\/#article","isPartOf":{"@id":"https:\/\/www.gold.fr\/news\/2017\/05\/23\/les-analystes-financiers-optimistes-quant-a-la-progression-du-cours-de-lor\/"},"author":{"name":"Comptoir National de l'Or","@id":"https:\/\/www.gold.fr\/news\/#\/schema\/person\/070491b4b4fb7671bf59b3be20302ce9"},"headline":"Les analystes financiers optimistes quant \u00e0 la progression du cours de l\u2019or","datePublished":"2017-05-23T15:00:11+00:00","dateModified":"2021-01-13T09:43:47+00:00","mainEntityOfPage":{"@id":"https:\/\/www.gold.fr\/news\/2017\/05\/23\/les-analystes-financiers-optimistes-quant-a-la-progression-du-cours-de-lor\/"},"wordCount":222,"image":{"@id":"https:\/\/www.gold.fr\/news\/2017\/05\/23\/les-analystes-financiers-optimistes-quant-a-la-progression-du-cours-de-lor\/#primaryimage"},"thumbnailUrl":"https:\/\/www.gold.fr\/news\/wp-content\/uploads\/2012\/01\/cours-de-lor2.jpg","keywords":["Pr\u00e9vision or","pr\u00e9visions"],"articleSection":["Articles de presse"],"inLanguage":"fr-FR"},{"@type":"WebPage","@id":"https:\/\/www.gold.fr\/news\/2017\/05\/23\/les-analystes-financiers-optimistes-quant-a-la-progression-du-cours-de-lor\/","url":"https:\/\/www.gold.fr\/news\/2017\/05\/23\/les-analystes-financiers-optimistes-quant-a-la-progression-du-cours-de-lor\/","name":"Les analystes financiers optimistes quant \u00e0 la progression du cours de l\u2019or - Gold.fr","isPartOf":{"@id":"https:\/\/www.gold.fr\/news\/#website"},"primaryImageOfPage":{"@id":"https:\/\/www.gold.fr\/news\/2017\/05\/23\/les-analystes-financiers-optimistes-quant-a-la-progression-du-cours-de-lor\/#primaryimage"},"image":{"@id":"https:\/\/www.gold.fr\/news\/2017\/05\/23\/les-analystes-financiers-optimistes-quant-a-la-progression-du-cours-de-lor\/#primaryimage"},"thumbnailUrl":"https:\/\/www.gold.fr\/news\/wp-content\/uploads\/2012\/01\/cours-de-lor2.jpg","datePublished":"2017-05-23T15:00:11+00:00","dateModified":"2021-01-13T09:43:47+00:00","author":{"@id":"https:\/\/www.gold.fr\/news\/#\/schema\/person\/070491b4b4fb7671bf59b3be20302ce9"},"breadcrumb":{"@id":"https:\/\/www.gold.fr\/news\/2017\/05\/23\/les-analystes-financiers-optimistes-quant-a-la-progression-du-cours-de-lor\/#breadcrumb"},"inLanguage":"fr-FR","potentialAction":[{"@type":"ReadAction","target":["https:\/\/www.gold.fr\/news\/2017\/05\/23\/les-analystes-financiers-optimistes-quant-a-la-progression-du-cours-de-lor\/"]}]},{"@type":"ImageObject","inLanguage":"fr-FR","@id":"https:\/\/www.gold.fr\/news\/2017\/05\/23\/les-analystes-financiers-optimistes-quant-a-la-progression-du-cours-de-lor\/#primaryimage","url":"https:\/\/www.gold.fr\/news\/wp-content\/uploads\/2012\/01\/cours-de-lor2.jpg","contentUrl":"https:\/\/www.gold.fr\/news\/wp-content\/uploads\/2012\/01\/cours-de-lor2.jpg","width":"600","height":"400","caption":"Le cours de l\u2019once retrouve sa tendance haussi\u00e8re"},{"@type":"BreadcrumbList","@id":"https:\/\/www.gold.fr\/news\/2017\/05\/23\/les-analystes-financiers-optimistes-quant-a-la-progression-du-cours-de-lor\/#breadcrumb","itemListElement":[{"@type":"ListItem","position":1,"name":"Accueil","item":"https:\/\/www.gold.fr\/"},{"@type":"ListItem","position":2,"name":"Actualit\u00e9s","item":"https:\/\/www.gold.fr\/news\/"},{"@type":"ListItem","position":3,"name":"Les analystes financiers optimistes quant \u00e0 la progression du cours de l\u2019or"}]},{"@type":"WebSite","@id":"https:\/\/www.gold.fr\/news\/#website","url":"https:\/\/www.gold.fr\/news\/","name":"Gold.fr","description":"Actualit\u00e9s de l&#039;Or et des m\u00e9taux pr\u00e9cieux","potentialAction":[{"@type":"SearchAction","target":{"@type":"EntryPoint","urlTemplate":"https:\/\/www.gold.fr\/news\/?s={search_term_string}"},"query-input":{"@type":"PropertyValueSpecification","valueRequired":true,"valueName":"search_term_string"}}],"inLanguage":"fr-FR"},{"@type":"Person","@id":"https:\/\/www.gold.fr\/news\/#\/schema\/person\/070491b4b4fb7671bf59b3be20302ce9","name":"Comptoir National de l'Or","image":{"@type":"ImageObject","inLanguage":"fr-FR","@id":"https:\/\/secure.gravatar.com\/avatar\/0a2867fd5abe37bed95d5a65e9d58f01756e11efc68af9888dfc50cfa7f65948?s=96&d=mm&r=gb490554db0a38188709de567aa58480d","url":"https:\/\/secure.gravatar.com\/avatar\/0a2867fd5abe37bed95d5a65e9d58f01756e11efc68af9888dfc50cfa7f65948?s=96&d=mm&r=g","contentUrl":"https:\/\/secure.gravatar.com\/avatar\/0a2867fd5abe37bed95d5a65e9d58f01756e11efc68af9888dfc50cfa7f65948?s=96&d=mm&r=g","caption":"Comptoir National de l'Or"},"description":"Notre r\u00e9daction est constitu\u00e9e de membres experts dans les m\u00e9tiers de l'\u00e9conomie et la gestion, des Responsables d'agence Comptoir National de l'Or, des analystes financiers qui publient r\u00e9guli\u00e8rement des \u00e9tudes sur les politiques des banques centrales, le cours de l'or, prix de l'or, cours de l'argent, prix de l'argent, cours du platine, cours du palladium,... la situation en zone euro et l'impact de la strat\u00e9gie mon\u00e9taire de la FED. Notre \u00e9quipe scrute \u00e9galement une information plus g\u00e9n\u00e9raliste \u00e0 la recherche d'actualit\u00e9 \"p\u00e9pite\" \u00e0 vous partager. Depuis 5 ans, nous avons publi\u00e9 un peu plus de 4000 articles qui s'adressent \u00e0 un public large et vari\u00e9 ayant pour objectif de satisfaire votre curiosit\u00e9 et de partager avec vous une certaine fascination pour le m\u00e9tal jaune, le rachat d'or, et pour ceux qui veulent investir dans l'or, vendre leur or tout simplement en savoir plus... Pour tous vos achat or et argent, n'h\u00e9sitez pas \u00e0 prendre rendez-vous dans l'un de nos nombreux comptoirs.","sameAs":["https:\/\/www.gold.fr"]}]}},"authors":[{"term_id":2565,"user_id":18,"is_guest":0,"slug":"julie","display_name":"Comptoir National de l'Or","avatar_url":"https:\/\/secure.gravatar.com\/avatar\/713f289e398d35ead876c4a4cc08607f0d6d266058cfc25683fffb6092d0e572?s=96&d=mm&r=g","0":null,"1":"","2":"","3":"","4":"","5":"","6":"","7":"","8":""}],"_links":{"self":[{"href":"https:\/\/www.gold.fr\/news\/wp-json\/wp\/v2\/posts\/21269","targetHints":{"allow":["GET"]}}],"collection":[{"href":"https:\/\/www.gold.fr\/news\/wp-json\/wp\/v2\/posts"}],"about":[{"href":"https:\/\/www.gold.fr\/news\/wp-json\/wp\/v2\/types\/post"}],"author":[{"embeddable":true,"href":"https:\/\/www.gold.fr\/news\/wp-json\/wp\/v2\/users\/18"}],"replies":[{"embeddable":true,"href":"https:\/\/www.gold.fr\/news\/wp-json\/wp\/v2\/comments?post=21269"}],"version-history":[{"count":0,"href":"https:\/\/www.gold.fr\/news\/wp-json\/wp\/v2\/posts\/21269\/revisions"}],"wp:featuredmedia":[{"embeddable":true,"href":"https:\/\/www.gold.fr\/news\/wp-json\/wp\/v2\/media\/5156"}],"wp:attachment":[{"href":"https:\/\/www.gold.fr\/news\/wp-json\/wp\/v2\/media?parent=21269"}],"wp:term":[{"taxonomy":"category","embeddable":true,"href":"https:\/\/www.gold.fr\/news\/wp-json\/wp\/v2\/categories?post=21269"},{"taxonomy":"post_tag","embeddable":true,"href":"https:\/\/www.gold.fr\/news\/wp-json\/wp\/v2\/tags?post=21269"},{"taxonomy":"author","embeddable":true,"href":"https:\/\/www.gold.fr\/news\/wp-json\/wp\/v2\/ppma_author?post=21269"}],"curies":[{"name":"wp","href":"https:\/\/api.w.org\/{rel}","templated":true}]}}