{"id":21261,"date":"2017-05-22T10:00:33","date_gmt":"2017-05-22T08:00:33","guid":{"rendered":"https:\/\/www.gold.fr\/news\/?p=21261"},"modified":"2021-01-11T17:19:28","modified_gmt":"2021-01-11T16:19:28","slug":"lor-progresse-grace-a-linstabilite-politique","status":"publish","type":"post","link":"https:\/\/www.gold.fr\/news\/2017\/05\/22\/lor-progresse-grace-a-linstabilite-politique\/","title":{"rendered":"L\u2019or progresse gr\u00e2ce \u00e0 l\u2019instabilit\u00e9 politique"},"content":{"rendered":"<p><img loading=\"lazy\" decoding=\"async\" class=\"alignleft wp-image-5788 size-thumbnail\" title=\"L\u2019or progresse gr\u00e2ce \u00e0 l\u2019instabilit\u00e9 politique\" src=\"https:\/\/www.gold.fr\/news\/wp-content\/uploads\/2012\/02\/Lingot-piece-or-150x150.jpg\" alt=\"L\u2019or progresse gr\u00e2ce \u00e0 l\u2019instabilit\u00e9 politique\" width=\"150\" height=\"150\" \/>Le <a href=\"https:\/\/www.gold.fr\/cours-or-prix-de-l-or\/\" target=\"_blank\" rel=\"noopener noreferrer\">cours<\/a> de <a href=\"https:\/\/www.gold.fr\/once-or-nyc\/\" target=\"_blank\" rel=\"noopener noreferrer\">l\u2019once<\/a> d&rsquo;or a r\u00e9ussi \u00e0 progresser tout au long de la semaine derni\u00e8re gr\u00e2ce aux inqui\u00e9tudes des investisseurs quant \u00e0 la politique de <strong>Donald Trump<\/strong>. Les r\u00e9cents troubles r\u00e9cemment constat\u00e9s au niveau de la pr\u00e9sidence am\u00e9ricaine impactent le moral des op\u00e9rateurs, ce qui les incite \u00e0 se retourner de plus en plus vers la valeur refuge que repr\u00e9sente l&rsquo;or. Rappelons que la source de ce trouble politique est le fait que le pr\u00e9sident am\u00e9ricain ait demand\u00e9 \u00e0 <strong>James Comer<\/strong>, le patron du <strong>FBI<\/strong> qu&rsquo;il venait de limoger, de classer une enqu\u00eate sur l&rsquo;un de ses conseillers, <strong>Michael Flynn<\/strong>.    Par ailleurs, les experts financiers interpr\u00e8tent le recul du <a href=\"https:\/\/www.gold.fr\/cours-or-prix-de-l-or\/\" target=\"_blank\" rel=\"noopener noreferrer\">cours<\/a> de l&rsquo;or constat\u00e9 lors de la s\u00e9ance de jeudi, non comme le reflet de l&rsquo;\u00e9tat d&rsquo;esprit des investisseurs mais comme une prise de b\u00e9n\u00e9fices suite \u00e0 une hausse remarquable. Afin de pouvoir appr\u00e9cier la tendance du march\u00e9, les experts financiers se fient au VIX, surnomm\u00e9 l&rsquo;indice de la peur. Cet indicateur montre d&rsquo;ailleurs, que les investisseurs restent prudents et privil\u00e9gient donc des valeurs sures telles que le m\u00e9tal jaune.<\/p>\n<!-- AddThis Advanced Settings generic via filter on the_content --><!-- AddThis Share Buttons generic via filter on the_content -->","protected":false},"excerpt":{"rendered":"<p>Le cours de l\u2019once d&rsquo;or a r\u00e9ussi \u00e0 progresser tout au long de la semaine derni\u00e8re gr\u00e2ce aux inqui\u00e9tudes des investisseurs quant \u00e0 la politique de Donald Trump. Les r\u00e9cents troubles r\u00e9cemment constat\u00e9s au niveau de [&hellip;]<\/p>\n","protected":false},"author":18,"featured_media":30859,"comment_status":"closed","ping_status":"closed","sticky":false,"template":"","format":"standard","meta":{"_mbp_gutenberg_autopost":false,"_pgmb_is_evergreen":false,"_pgmb_ap_template_id":0,"footnotes":""},"categories":[6],"tags":[767],"ppma_author":[2565],"class_list":["post-21261","post","type-post","status-publish","format-standard","has-post-thumbnail","hentry","category-articles-de-presse","tag-hausse-cours-de-lor"],"yoast_head":"<!-- This site is optimized with the Yoast SEO plugin v27.5 - https:\/\/yoast.com\/product\/yoast-seo-wordpress\/ -->\n<title>L\u2019or progresse gr\u00e2ce \u00e0 l\u2019instabilit\u00e9 politique - Gold.fr<\/title>\n<meta name=\"robots\" content=\"index, follow, max-snippet:-1, max-image-preview:large, max-video-preview:-1\" \/>\n<link rel=\"canonical\" href=\"https:\/\/www.gold.fr\/news\/2017\/05\/22\/lor-progresse-grace-a-linstabilite-politique\/\" \/>\n<meta property=\"og:locale\" content=\"fr_FR\" \/>\n<meta property=\"og:type\" content=\"article\" \/>\n<meta property=\"og:title\" content=\"L\u2019or progresse gr\u00e2ce \u00e0 l\u2019instabilit\u00e9 politique - Gold.fr\" \/>\n<meta property=\"og:description\" content=\"Le cours de l\u2019once d&rsquo;or a r\u00e9ussi \u00e0 progresser tout au long de la semaine derni\u00e8re gr\u00e2ce aux inqui\u00e9tudes des investisseurs quant \u00e0 la politique de Donald Trump. Les r\u00e9cents troubles r\u00e9cemment constat\u00e9s au niveau de [&hellip;]\" \/>\n<meta property=\"og:url\" content=\"https:\/\/www.gold.fr\/news\/2017\/05\/22\/lor-progresse-grace-a-linstabilite-politique\/\" \/>\n<meta property=\"og:site_name\" content=\"Gold.fr\" \/>\n<meta property=\"article:publisher\" content=\"https:\/\/www.facebook.com\/Goldfr\/\" \/>\n<meta property=\"article:published_time\" content=\"2017-05-22T08:00:33+00:00\" \/>\n<meta property=\"article:modified_time\" content=\"2021-01-11T16:19:28+00:00\" \/>\n<meta property=\"og:image\" content=\"https:\/\/www.gold.fr\/news\/wp-content\/uploads\/2017\/05\/Lingot-piece-or.jpg\" \/>\n\t<meta property=\"og:image:width\" content=\"600\" \/>\n\t<meta property=\"og:image:height\" content=\"469\" \/>\n\t<meta property=\"og:image:type\" content=\"image\/jpeg\" \/>\n<meta name=\"author\" content=\"Comptoir National de l&#039;Or\" \/>\n<meta name=\"twitter:card\" content=\"summary_large_image\" \/>\n<meta name=\"twitter:label1\" content=\"\u00c9crit par\" \/>\n\t<meta name=\"twitter:data1\" content=\"Comptoir National de l&#039;Or\" \/>\n\t<meta name=\"twitter:label2\" content=\"Dur\u00e9e de lecture estim\u00e9e\" \/>\n\t<meta name=\"twitter:data2\" content=\"1 minute\" \/>\n<script type=\"application\/ld+json\" class=\"yoast-schema-graph\">{\"@context\":\"https:\\\/\\\/schema.org\",\"@graph\":[{\"@type\":\"Article\",\"@id\":\"https:\\\/\\\/www.gold.fr\\\/news\\\/2017\\\/05\\\/22\\\/lor-progresse-grace-a-linstabilite-politique\\\/#article\",\"isPartOf\":{\"@id\":\"https:\\\/\\\/www.gold.fr\\\/news\\\/2017\\\/05\\\/22\\\/lor-progresse-grace-a-linstabilite-politique\\\/\"},\"author\":{\"name\":\"Comptoir National de l'Or\",\"@id\":\"https:\\\/\\\/www.gold.fr\\\/news\\\/#\\\/schema\\\/person\\\/070491b4b4fb7671bf59b3be20302ce9\"},\"headline\":\"L\u2019or progresse gr\u00e2ce \u00e0 l\u2019instabilit\u00e9 politique\",\"datePublished\":\"2017-05-22T08:00:33+00:00\",\"dateModified\":\"2021-01-11T16:19:28+00:00\",\"mainEntityOfPage\":{\"@id\":\"https:\\\/\\\/www.gold.fr\\\/news\\\/2017\\\/05\\\/22\\\/lor-progresse-grace-a-linstabilite-politique\\\/\"},\"wordCount\":214,\"image\":{\"@id\":\"https:\\\/\\\/www.gold.fr\\\/news\\\/2017\\\/05\\\/22\\\/lor-progresse-grace-a-linstabilite-politique\\\/#primaryimage\"},\"thumbnailUrl\":\"https:\\\/\\\/www.gold.fr\\\/news\\\/wp-content\\\/uploads\\\/2017\\\/05\\\/Lingot-piece-or.jpg\",\"keywords\":[\"hausse cours de l'or\"],\"articleSection\":[\"Articles de presse\"],\"inLanguage\":\"fr-FR\"},{\"@type\":\"WebPage\",\"@id\":\"https:\\\/\\\/www.gold.fr\\\/news\\\/2017\\\/05\\\/22\\\/lor-progresse-grace-a-linstabilite-politique\\\/\",\"url\":\"https:\\\/\\\/www.gold.fr\\\/news\\\/2017\\\/05\\\/22\\\/lor-progresse-grace-a-linstabilite-politique\\\/\",\"name\":\"L\u2019or progresse gr\u00e2ce \u00e0 l\u2019instabilit\u00e9 politique - Gold.fr\",\"isPartOf\":{\"@id\":\"https:\\\/\\\/www.gold.fr\\\/news\\\/#website\"},\"primaryImageOfPage\":{\"@id\":\"https:\\\/\\\/www.gold.fr\\\/news\\\/2017\\\/05\\\/22\\\/lor-progresse-grace-a-linstabilite-politique\\\/#primaryimage\"},\"image\":{\"@id\":\"https:\\\/\\\/www.gold.fr\\\/news\\\/2017\\\/05\\\/22\\\/lor-progresse-grace-a-linstabilite-politique\\\/#primaryimage\"},\"thumbnailUrl\":\"https:\\\/\\\/www.gold.fr\\\/news\\\/wp-content\\\/uploads\\\/2017\\\/05\\\/Lingot-piece-or.jpg\",\"datePublished\":\"2017-05-22T08:00:33+00:00\",\"dateModified\":\"2021-01-11T16:19:28+00:00\",\"author\":{\"@id\":\"https:\\\/\\\/www.gold.fr\\\/news\\\/#\\\/schema\\\/person\\\/070491b4b4fb7671bf59b3be20302ce9\"},\"breadcrumb\":{\"@id\":\"https:\\\/\\\/www.gold.fr\\\/news\\\/2017\\\/05\\\/22\\\/lor-progresse-grace-a-linstabilite-politique\\\/#breadcrumb\"},\"inLanguage\":\"fr-FR\",\"potentialAction\":[{\"@type\":\"ReadAction\",\"target\":[\"https:\\\/\\\/www.gold.fr\\\/news\\\/2017\\\/05\\\/22\\\/lor-progresse-grace-a-linstabilite-politique\\\/\"]}]},{\"@type\":\"ImageObject\",\"inLanguage\":\"fr-FR\",\"@id\":\"https:\\\/\\\/www.gold.fr\\\/news\\\/2017\\\/05\\\/22\\\/lor-progresse-grace-a-linstabilite-politique\\\/#primaryimage\",\"url\":\"https:\\\/\\\/www.gold.fr\\\/news\\\/wp-content\\\/uploads\\\/2017\\\/05\\\/Lingot-piece-or.jpg\",\"contentUrl\":\"https:\\\/\\\/www.gold.fr\\\/news\\\/wp-content\\\/uploads\\\/2017\\\/05\\\/Lingot-piece-or.jpg\",\"width\":600,\"height\":469,\"caption\":\"L\u2019or progresse gr\u00e2ce \u00e0 l\u2019instabilit\u00e9 politique\"},{\"@type\":\"BreadcrumbList\",\"@id\":\"https:\\\/\\\/www.gold.fr\\\/news\\\/2017\\\/05\\\/22\\\/lor-progresse-grace-a-linstabilite-politique\\\/#breadcrumb\",\"itemListElement\":[{\"@type\":\"ListItem\",\"position\":1,\"name\":\"Accueil\",\"item\":\"https:\\\/\\\/www.gold.fr\\\/\"},{\"@type\":\"ListItem\",\"position\":2,\"name\":\"Actualit\u00e9s\",\"item\":\"https:\\\/\\\/www.gold.fr\\\/news\\\/\"},{\"@type\":\"ListItem\",\"position\":3,\"name\":\"L\u2019or progresse gr\u00e2ce \u00e0 l\u2019instabilit\u00e9 politique\"}]},{\"@type\":\"WebSite\",\"@id\":\"https:\\\/\\\/www.gold.fr\\\/news\\\/#website\",\"url\":\"https:\\\/\\\/www.gold.fr\\\/news\\\/\",\"name\":\"Gold.fr\",\"description\":\"Actualit\u00e9s de l&#039;Or et des m\u00e9taux pr\u00e9cieux\",\"potentialAction\":[{\"@type\":\"SearchAction\",\"target\":{\"@type\":\"EntryPoint\",\"urlTemplate\":\"https:\\\/\\\/www.gold.fr\\\/news\\\/?s={search_term_string}\"},\"query-input\":{\"@type\":\"PropertyValueSpecification\",\"valueRequired\":true,\"valueName\":\"search_term_string\"}}],\"inLanguage\":\"fr-FR\"},{\"@type\":\"Person\",\"@id\":\"https:\\\/\\\/www.gold.fr\\\/news\\\/#\\\/schema\\\/person\\\/070491b4b4fb7671bf59b3be20302ce9\",\"name\":\"Comptoir National de l'Or\",\"image\":{\"@type\":\"ImageObject\",\"inLanguage\":\"fr-FR\",\"@id\":\"https:\\\/\\\/secure.gravatar.com\\\/avatar\\\/0a2867fd5abe37bed95d5a65e9d58f01756e11efc68af9888dfc50cfa7f65948?s=96&d=mm&r=gb490554db0a38188709de567aa58480d\",\"url\":\"https:\\\/\\\/secure.gravatar.com\\\/avatar\\\/0a2867fd5abe37bed95d5a65e9d58f01756e11efc68af9888dfc50cfa7f65948?s=96&d=mm&r=g\",\"contentUrl\":\"https:\\\/\\\/secure.gravatar.com\\\/avatar\\\/0a2867fd5abe37bed95d5a65e9d58f01756e11efc68af9888dfc50cfa7f65948?s=96&d=mm&r=g\",\"caption\":\"Comptoir National de l'Or\"},\"description\":\"Notre r\u00e9daction est constitu\u00e9e de membres experts dans les m\u00e9tiers de l'\u00e9conomie et la gestion, des Responsables d'agence Comptoir National de l'Or, des analystes financiers qui publient r\u00e9guli\u00e8rement des \u00e9tudes sur les politiques des banques centrales, le cours de l'or, prix de l'or, cours de l'argent, prix de l'argent, cours du platine, cours du palladium,... la situation en zone euro et l'impact de la strat\u00e9gie mon\u00e9taire de la FED. Notre \u00e9quipe scrute \u00e9galement une information plus g\u00e9n\u00e9raliste \u00e0 la recherche d'actualit\u00e9 \\\"p\u00e9pite\\\" \u00e0 vous partager. Depuis 5 ans, nous avons publi\u00e9 un peu plus de 4000 articles qui s'adressent \u00e0 un public large et vari\u00e9 ayant pour objectif de satisfaire votre curiosit\u00e9 et de partager avec vous une certaine fascination pour le m\u00e9tal jaune, le rachat d'or, et pour ceux qui veulent investir dans l'or, vendre leur or tout simplement en savoir plus... Pour tous vos achat or et argent, n'h\u00e9sitez pas \u00e0 prendre rendez-vous dans l'un de nos nombreux comptoirs.\",\"sameAs\":[\"https:\\\/\\\/www.gold.fr\"]}]}<\/script>\n<!-- \/ Yoast SEO plugin. -->","yoast_head_json":{"title":"L\u2019or progresse gr\u00e2ce \u00e0 l\u2019instabilit\u00e9 politique - Gold.fr","robots":{"index":"index","follow":"follow","max-snippet":"max-snippet:-1","max-image-preview":"max-image-preview:large","max-video-preview":"max-video-preview:-1"},"canonical":"https:\/\/www.gold.fr\/news\/2017\/05\/22\/lor-progresse-grace-a-linstabilite-politique\/","og_locale":"fr_FR","og_type":"article","og_title":"L\u2019or progresse gr\u00e2ce \u00e0 l\u2019instabilit\u00e9 politique - Gold.fr","og_description":"Le cours de l\u2019once d&rsquo;or a r\u00e9ussi \u00e0 progresser tout au long de la semaine derni\u00e8re gr\u00e2ce aux inqui\u00e9tudes des investisseurs quant \u00e0 la politique de Donald Trump. Les r\u00e9cents troubles r\u00e9cemment constat\u00e9s au niveau de [&hellip;]","og_url":"https:\/\/www.gold.fr\/news\/2017\/05\/22\/lor-progresse-grace-a-linstabilite-politique\/","og_site_name":"Gold.fr","article_publisher":"https:\/\/www.facebook.com\/Goldfr\/","article_published_time":"2017-05-22T08:00:33+00:00","article_modified_time":"2021-01-11T16:19:28+00:00","og_image":[{"width":600,"height":469,"url":"https:\/\/www.gold.fr\/news\/wp-content\/uploads\/2017\/05\/Lingot-piece-or.jpg","type":"image\/jpeg"}],"author":"Comptoir National de l'Or","twitter_card":"summary_large_image","twitter_misc":{"\u00c9crit par":"Comptoir National de l'Or","Dur\u00e9e de lecture estim\u00e9e":"1 minute"},"schema":{"@context":"https:\/\/schema.org","@graph":[{"@type":"Article","@id":"https:\/\/www.gold.fr\/news\/2017\/05\/22\/lor-progresse-grace-a-linstabilite-politique\/#article","isPartOf":{"@id":"https:\/\/www.gold.fr\/news\/2017\/05\/22\/lor-progresse-grace-a-linstabilite-politique\/"},"author":{"name":"Comptoir National de l'Or","@id":"https:\/\/www.gold.fr\/news\/#\/schema\/person\/070491b4b4fb7671bf59b3be20302ce9"},"headline":"L\u2019or progresse gr\u00e2ce \u00e0 l\u2019instabilit\u00e9 politique","datePublished":"2017-05-22T08:00:33+00:00","dateModified":"2021-01-11T16:19:28+00:00","mainEntityOfPage":{"@id":"https:\/\/www.gold.fr\/news\/2017\/05\/22\/lor-progresse-grace-a-linstabilite-politique\/"},"wordCount":214,"image":{"@id":"https:\/\/www.gold.fr\/news\/2017\/05\/22\/lor-progresse-grace-a-linstabilite-politique\/#primaryimage"},"thumbnailUrl":"https:\/\/www.gold.fr\/news\/wp-content\/uploads\/2017\/05\/Lingot-piece-or.jpg","keywords":["hausse cours de l'or"],"articleSection":["Articles de presse"],"inLanguage":"fr-FR"},{"@type":"WebPage","@id":"https:\/\/www.gold.fr\/news\/2017\/05\/22\/lor-progresse-grace-a-linstabilite-politique\/","url":"https:\/\/www.gold.fr\/news\/2017\/05\/22\/lor-progresse-grace-a-linstabilite-politique\/","name":"L\u2019or progresse gr\u00e2ce \u00e0 l\u2019instabilit\u00e9 politique - Gold.fr","isPartOf":{"@id":"https:\/\/www.gold.fr\/news\/#website"},"primaryImageOfPage":{"@id":"https:\/\/www.gold.fr\/news\/2017\/05\/22\/lor-progresse-grace-a-linstabilite-politique\/#primaryimage"},"image":{"@id":"https:\/\/www.gold.fr\/news\/2017\/05\/22\/lor-progresse-grace-a-linstabilite-politique\/#primaryimage"},"thumbnailUrl":"https:\/\/www.gold.fr\/news\/wp-content\/uploads\/2017\/05\/Lingot-piece-or.jpg","datePublished":"2017-05-22T08:00:33+00:00","dateModified":"2021-01-11T16:19:28+00:00","author":{"@id":"https:\/\/www.gold.fr\/news\/#\/schema\/person\/070491b4b4fb7671bf59b3be20302ce9"},"breadcrumb":{"@id":"https:\/\/www.gold.fr\/news\/2017\/05\/22\/lor-progresse-grace-a-linstabilite-politique\/#breadcrumb"},"inLanguage":"fr-FR","potentialAction":[{"@type":"ReadAction","target":["https:\/\/www.gold.fr\/news\/2017\/05\/22\/lor-progresse-grace-a-linstabilite-politique\/"]}]},{"@type":"ImageObject","inLanguage":"fr-FR","@id":"https:\/\/www.gold.fr\/news\/2017\/05\/22\/lor-progresse-grace-a-linstabilite-politique\/#primaryimage","url":"https:\/\/www.gold.fr\/news\/wp-content\/uploads\/2017\/05\/Lingot-piece-or.jpg","contentUrl":"https:\/\/www.gold.fr\/news\/wp-content\/uploads\/2017\/05\/Lingot-piece-or.jpg","width":600,"height":469,"caption":"L\u2019or progresse gr\u00e2ce \u00e0 l\u2019instabilit\u00e9 politique"},{"@type":"BreadcrumbList","@id":"https:\/\/www.gold.fr\/news\/2017\/05\/22\/lor-progresse-grace-a-linstabilite-politique\/#breadcrumb","itemListElement":[{"@type":"ListItem","position":1,"name":"Accueil","item":"https:\/\/www.gold.fr\/"},{"@type":"ListItem","position":2,"name":"Actualit\u00e9s","item":"https:\/\/www.gold.fr\/news\/"},{"@type":"ListItem","position":3,"name":"L\u2019or progresse gr\u00e2ce \u00e0 l\u2019instabilit\u00e9 politique"}]},{"@type":"WebSite","@id":"https:\/\/www.gold.fr\/news\/#website","url":"https:\/\/www.gold.fr\/news\/","name":"Gold.fr","description":"Actualit\u00e9s de l&#039;Or et des m\u00e9taux pr\u00e9cieux","potentialAction":[{"@type":"SearchAction","target":{"@type":"EntryPoint","urlTemplate":"https:\/\/www.gold.fr\/news\/?s={search_term_string}"},"query-input":{"@type":"PropertyValueSpecification","valueRequired":true,"valueName":"search_term_string"}}],"inLanguage":"fr-FR"},{"@type":"Person","@id":"https:\/\/www.gold.fr\/news\/#\/schema\/person\/070491b4b4fb7671bf59b3be20302ce9","name":"Comptoir National de l'Or","image":{"@type":"ImageObject","inLanguage":"fr-FR","@id":"https:\/\/secure.gravatar.com\/avatar\/0a2867fd5abe37bed95d5a65e9d58f01756e11efc68af9888dfc50cfa7f65948?s=96&d=mm&r=gb490554db0a38188709de567aa58480d","url":"https:\/\/secure.gravatar.com\/avatar\/0a2867fd5abe37bed95d5a65e9d58f01756e11efc68af9888dfc50cfa7f65948?s=96&d=mm&r=g","contentUrl":"https:\/\/secure.gravatar.com\/avatar\/0a2867fd5abe37bed95d5a65e9d58f01756e11efc68af9888dfc50cfa7f65948?s=96&d=mm&r=g","caption":"Comptoir National de l'Or"},"description":"Notre r\u00e9daction est constitu\u00e9e de membres experts dans les m\u00e9tiers de l'\u00e9conomie et la gestion, des Responsables d'agence Comptoir National de l'Or, des analystes financiers qui publient r\u00e9guli\u00e8rement des \u00e9tudes sur les politiques des banques centrales, le cours de l'or, prix de l'or, cours de l'argent, prix de l'argent, cours du platine, cours du palladium,... la situation en zone euro et l'impact de la strat\u00e9gie mon\u00e9taire de la FED. Notre \u00e9quipe scrute \u00e9galement une information plus g\u00e9n\u00e9raliste \u00e0 la recherche d'actualit\u00e9 \"p\u00e9pite\" \u00e0 vous partager. Depuis 5 ans, nous avons publi\u00e9 un peu plus de 4000 articles qui s'adressent \u00e0 un public large et vari\u00e9 ayant pour objectif de satisfaire votre curiosit\u00e9 et de partager avec vous une certaine fascination pour le m\u00e9tal jaune, le rachat d'or, et pour ceux qui veulent investir dans l'or, vendre leur or tout simplement en savoir plus... Pour tous vos achat or et argent, n'h\u00e9sitez pas \u00e0 prendre rendez-vous dans l'un de nos nombreux comptoirs.","sameAs":["https:\/\/www.gold.fr"]}]}},"authors":[{"term_id":2565,"user_id":18,"is_guest":0,"slug":"julie","display_name":"Comptoir National de l'Or","avatar_url":"https:\/\/secure.gravatar.com\/avatar\/713f289e398d35ead876c4a4cc08607f0d6d266058cfc25683fffb6092d0e572?s=96&d=mm&r=g","0":null,"1":"","2":"","3":"","4":"","5":"","6":"","7":"","8":""}],"_links":{"self":[{"href":"https:\/\/www.gold.fr\/news\/wp-json\/wp\/v2\/posts\/21261","targetHints":{"allow":["GET"]}}],"collection":[{"href":"https:\/\/www.gold.fr\/news\/wp-json\/wp\/v2\/posts"}],"about":[{"href":"https:\/\/www.gold.fr\/news\/wp-json\/wp\/v2\/types\/post"}],"author":[{"embeddable":true,"href":"https:\/\/www.gold.fr\/news\/wp-json\/wp\/v2\/users\/18"}],"replies":[{"embeddable":true,"href":"https:\/\/www.gold.fr\/news\/wp-json\/wp\/v2\/comments?post=21261"}],"version-history":[{"count":0,"href":"https:\/\/www.gold.fr\/news\/wp-json\/wp\/v2\/posts\/21261\/revisions"}],"wp:featuredmedia":[{"embeddable":true,"href":"https:\/\/www.gold.fr\/news\/wp-json\/wp\/v2\/media\/30859"}],"wp:attachment":[{"href":"https:\/\/www.gold.fr\/news\/wp-json\/wp\/v2\/media?parent=21261"}],"wp:term":[{"taxonomy":"category","embeddable":true,"href":"https:\/\/www.gold.fr\/news\/wp-json\/wp\/v2\/categories?post=21261"},{"taxonomy":"post_tag","embeddable":true,"href":"https:\/\/www.gold.fr\/news\/wp-json\/wp\/v2\/tags?post=21261"},{"taxonomy":"author","embeddable":true,"href":"https:\/\/www.gold.fr\/news\/wp-json\/wp\/v2\/ppma_author?post=21261"}],"curies":[{"name":"wp","href":"https:\/\/api.w.org\/{rel}","templated":true}]}}