{"id":21250,"date":"2017-05-17T15:00:36","date_gmt":"2017-05-17T13:00:36","guid":{"rendered":"https:\/\/www.gold.fr\/news\/?p=21250"},"modified":"2021-01-13T10:44:46","modified_gmt":"2021-01-13T09:44:46","slug":"les-investisseurs-renouent-avec-la-valeur-refuge-apres-le-resultat-des-elections","status":"publish","type":"post","link":"https:\/\/www.gold.fr\/news\/2017\/05\/17\/les-investisseurs-renouent-avec-la-valeur-refuge-apres-le-resultat-des-elections\/","title":{"rendered":"Les investisseurs renouent avec la valeur refuge apr\u00e8s le r\u00e9sultat des \u00e9lections"},"content":{"rendered":"<p><img loading=\"lazy\" decoding=\"async\" class=\"alignleft wp-image-9061 size-thumbnail\" title=\"Les investisseurs renouent avec la valeur refuge apr\u00e8s le r\u00e9sultat des \u00e9lections\" src=\"https:\/\/www.gold.fr\/news\/wp-content\/uploads\/2012\/08\/or-investissement-150x150.jpg\" alt=\"Les investisseurs renouent avec la valeur refuge apr\u00e8s le r\u00e9sultat des \u00e9lections\" width=\"150\" height=\"150\" \/>Pendant la semaine derni\u00e8re, le m\u00e9tal jaune affichait un cours en dollars de <strong>1.227,9<\/strong> et une mesure en euros \u00e0 <strong>1.129,5<\/strong> soit des progressions respectives de l&rsquo;ordre de 4,75 dollars et de 4,1 euros.    Suite \u00e0 la victoire d&rsquo;<strong>Emmanuel Macron<\/strong> aux \u00e9lections pr\u00e9sidentielles fran\u00e7aises, le risque relatif \u00e0 la situation politique a consid\u00e9rablement chut\u00e9 tout comme celui qui concerne l&rsquo;\u00e9clatement de la zone euro. Persiste encore le risque relatif aux r\u00e9sultats des \u00e9lections l\u00e9gislatives qui prendront fin le 18 juin.    Par ailleurs, la hausse des indices d&rsquo;actions qui a \u00e9t\u00e9 pr\u00e9vue entre les deux tours de l&rsquo;\u00e9lection pr\u00e9sidentielle a provoqu\u00e9 une certaine prise de profit qui a \u00e9t\u00e9 plus que b\u00e9n\u00e9fique pour le <a href=\"https:\/\/www.gold.fr\/cours-or-prix-de-l-or\/\" target=\"_blank\" rel=\"noopener noreferrer\">cours<\/a> de <a href=\"https:\/\/www.gold.fr\/once-or-nyc\/\" target=\"_blank\" rel=\"noopener noreferrer\">l\u2019once<\/a> d&rsquo;or. En m\u00eame temps, le rendement relatif \u00e0 l&rsquo;obligation f\u00e9d\u00e9rale am\u00e9ricaine, le <strong>T-Note<\/strong> \u00e0 dix ans, a r\u00e9ussi \u00e0 d\u00e9passer les <strong>2,41 %<\/strong> avant de se stabiliser au niveau des <strong>2,37 %<\/strong>, ce qui repr\u00e9sente aussi un point positif pour la progression du m\u00e9tal jaune. Du c\u00f4t\u00e9 du <strong>SPDR Gold Shres<\/strong> am\u00e9ricain, toujours pas de changement. L&rsquo;encours de lingots reste en \u00e9quilibre depuis le <strong>8 mai<\/strong> et affiche une mesure \u00e0 <strong>851,9 tonnes<\/strong>.<\/p>\n<!-- AddThis Advanced Settings generic via filter on the_content --><!-- AddThis Share Buttons generic via filter on the_content -->","protected":false},"excerpt":{"rendered":"<p>Pendant la semaine derni\u00e8re, le m\u00e9tal jaune affichait un cours en dollars de 1.227,9 et une mesure en euros \u00e0 1.129,5 soit des progressions respectives de l&rsquo;ordre de 4,75 dollars et de 4,1 euros. Suite \u00e0 [&hellip;]<\/p>\n","protected":false},"author":18,"featured_media":9061,"comment_status":"closed","ping_status":"closed","sticky":false,"template":"","format":"standard","meta":{"_mbp_gutenberg_autopost":false,"_pgmb_is_evergreen":false,"_pgmb_ap_template_id":0,"footnotes":""},"categories":[6],"tags":[234],"ppma_author":[2565],"class_list":["post-21250","post","type-post","status-publish","format-standard","has-post-thumbnail","hentry","category-articles-de-presse","tag-valeur-refuge"],"yoast_head":"<!-- This site is optimized with the Yoast SEO plugin v27.5 - https:\/\/yoast.com\/product\/yoast-seo-wordpress\/ -->\n<title>Les investisseurs renouent avec la valeur refuge apr\u00e8s le r\u00e9sultat des \u00e9lections - Gold.fr<\/title>\n<meta name=\"robots\" content=\"index, follow, max-snippet:-1, max-image-preview:large, max-video-preview:-1\" \/>\n<link rel=\"canonical\" href=\"https:\/\/www.gold.fr\/news\/2017\/05\/17\/les-investisseurs-renouent-avec-la-valeur-refuge-apres-le-resultat-des-elections\/\" \/>\n<meta property=\"og:locale\" content=\"fr_FR\" \/>\n<meta property=\"og:type\" content=\"article\" \/>\n<meta property=\"og:title\" content=\"Les investisseurs renouent avec la valeur refuge apr\u00e8s le r\u00e9sultat des \u00e9lections - Gold.fr\" \/>\n<meta property=\"og:description\" content=\"Pendant la semaine derni\u00e8re, le m\u00e9tal jaune affichait un cours en dollars de 1.227,9 et une mesure en euros \u00e0 1.129,5 soit des progressions respectives de l&rsquo;ordre de 4,75 dollars et de 4,1 euros. Suite \u00e0 [&hellip;]\" \/>\n<meta property=\"og:url\" content=\"https:\/\/www.gold.fr\/news\/2017\/05\/17\/les-investisseurs-renouent-avec-la-valeur-refuge-apres-le-resultat-des-elections\/\" \/>\n<meta property=\"og:site_name\" content=\"Gold.fr\" \/>\n<meta property=\"article:publisher\" content=\"https:\/\/www.facebook.com\/Goldfr\/\" \/>\n<meta property=\"article:published_time\" content=\"2017-05-17T13:00:36+00:00\" \/>\n<meta property=\"article:modified_time\" content=\"2021-01-13T09:44:46+00:00\" \/>\n<meta property=\"og:image\" content=\"https:\/\/www.gold.fr\/news\/wp-content\/uploads\/2012\/08\/or-investissement.jpg\" \/>\n\t<meta property=\"og:image:width\" content=\"600\" \/>\n\t<meta property=\"og:image:height\" content=\"433\" \/>\n\t<meta property=\"og:image:type\" content=\"image\/jpeg\" \/>\n<meta name=\"author\" content=\"Comptoir National de l&#039;Or\" \/>\n<meta name=\"twitter:card\" content=\"summary_large_image\" \/>\n<meta name=\"twitter:label1\" content=\"\u00c9crit par\" \/>\n\t<meta name=\"twitter:data1\" content=\"Comptoir National de l&#039;Or\" \/>\n\t<meta name=\"twitter:label2\" content=\"Dur\u00e9e de lecture estim\u00e9e\" \/>\n\t<meta name=\"twitter:data2\" content=\"1 minute\" \/>\n<script type=\"application\/ld+json\" class=\"yoast-schema-graph\">{\"@context\":\"https:\\\/\\\/schema.org\",\"@graph\":[{\"@type\":\"Article\",\"@id\":\"https:\\\/\\\/www.gold.fr\\\/news\\\/2017\\\/05\\\/17\\\/les-investisseurs-renouent-avec-la-valeur-refuge-apres-le-resultat-des-elections\\\/#article\",\"isPartOf\":{\"@id\":\"https:\\\/\\\/www.gold.fr\\\/news\\\/2017\\\/05\\\/17\\\/les-investisseurs-renouent-avec-la-valeur-refuge-apres-le-resultat-des-elections\\\/\"},\"author\":{\"name\":\"Comptoir National de l'Or\",\"@id\":\"https:\\\/\\\/www.gold.fr\\\/news\\\/#\\\/schema\\\/person\\\/070491b4b4fb7671bf59b3be20302ce9\"},\"headline\":\"Les investisseurs renouent avec la valeur refuge apr\u00e8s le r\u00e9sultat des \u00e9lections\",\"datePublished\":\"2017-05-17T13:00:36+00:00\",\"dateModified\":\"2021-01-13T09:44:46+00:00\",\"mainEntityOfPage\":{\"@id\":\"https:\\\/\\\/www.gold.fr\\\/news\\\/2017\\\/05\\\/17\\\/les-investisseurs-renouent-avec-la-valeur-refuge-apres-le-resultat-des-elections\\\/\"},\"wordCount\":215,\"image\":{\"@id\":\"https:\\\/\\\/www.gold.fr\\\/news\\\/2017\\\/05\\\/17\\\/les-investisseurs-renouent-avec-la-valeur-refuge-apres-le-resultat-des-elections\\\/#primaryimage\"},\"thumbnailUrl\":\"https:\\\/\\\/www.gold.fr\\\/news\\\/wp-content\\\/uploads\\\/2012\\\/08\\\/or-investissement.jpg\",\"keywords\":[\"Valeur refuge\"],\"articleSection\":[\"Articles de presse\"],\"inLanguage\":\"fr-FR\"},{\"@type\":\"WebPage\",\"@id\":\"https:\\\/\\\/www.gold.fr\\\/news\\\/2017\\\/05\\\/17\\\/les-investisseurs-renouent-avec-la-valeur-refuge-apres-le-resultat-des-elections\\\/\",\"url\":\"https:\\\/\\\/www.gold.fr\\\/news\\\/2017\\\/05\\\/17\\\/les-investisseurs-renouent-avec-la-valeur-refuge-apres-le-resultat-des-elections\\\/\",\"name\":\"Les investisseurs renouent avec la valeur refuge apr\u00e8s le r\u00e9sultat des \u00e9lections - Gold.fr\",\"isPartOf\":{\"@id\":\"https:\\\/\\\/www.gold.fr\\\/news\\\/#website\"},\"primaryImageOfPage\":{\"@id\":\"https:\\\/\\\/www.gold.fr\\\/news\\\/2017\\\/05\\\/17\\\/les-investisseurs-renouent-avec-la-valeur-refuge-apres-le-resultat-des-elections\\\/#primaryimage\"},\"image\":{\"@id\":\"https:\\\/\\\/www.gold.fr\\\/news\\\/2017\\\/05\\\/17\\\/les-investisseurs-renouent-avec-la-valeur-refuge-apres-le-resultat-des-elections\\\/#primaryimage\"},\"thumbnailUrl\":\"https:\\\/\\\/www.gold.fr\\\/news\\\/wp-content\\\/uploads\\\/2012\\\/08\\\/or-investissement.jpg\",\"datePublished\":\"2017-05-17T13:00:36+00:00\",\"dateModified\":\"2021-01-13T09:44:46+00:00\",\"author\":{\"@id\":\"https:\\\/\\\/www.gold.fr\\\/news\\\/#\\\/schema\\\/person\\\/070491b4b4fb7671bf59b3be20302ce9\"},\"breadcrumb\":{\"@id\":\"https:\\\/\\\/www.gold.fr\\\/news\\\/2017\\\/05\\\/17\\\/les-investisseurs-renouent-avec-la-valeur-refuge-apres-le-resultat-des-elections\\\/#breadcrumb\"},\"inLanguage\":\"fr-FR\",\"potentialAction\":[{\"@type\":\"ReadAction\",\"target\":[\"https:\\\/\\\/www.gold.fr\\\/news\\\/2017\\\/05\\\/17\\\/les-investisseurs-renouent-avec-la-valeur-refuge-apres-le-resultat-des-elections\\\/\"]}]},{\"@type\":\"ImageObject\",\"inLanguage\":\"fr-FR\",\"@id\":\"https:\\\/\\\/www.gold.fr\\\/news\\\/2017\\\/05\\\/17\\\/les-investisseurs-renouent-avec-la-valeur-refuge-apres-le-resultat-des-elections\\\/#primaryimage\",\"url\":\"https:\\\/\\\/www.gold.fr\\\/news\\\/wp-content\\\/uploads\\\/2012\\\/08\\\/or-investissement.jpg\",\"contentUrl\":\"https:\\\/\\\/www.gold.fr\\\/news\\\/wp-content\\\/uploads\\\/2012\\\/08\\\/or-investissement.jpg\",\"width\":\"600\",\"height\":\"433\",\"caption\":\"Les investisseurs renouent avec la valeur refuge apr\u00e8s le r\u00e9sultat des \u00e9lections\"},{\"@type\":\"BreadcrumbList\",\"@id\":\"https:\\\/\\\/www.gold.fr\\\/news\\\/2017\\\/05\\\/17\\\/les-investisseurs-renouent-avec-la-valeur-refuge-apres-le-resultat-des-elections\\\/#breadcrumb\",\"itemListElement\":[{\"@type\":\"ListItem\",\"position\":1,\"name\":\"Accueil\",\"item\":\"https:\\\/\\\/www.gold.fr\\\/\"},{\"@type\":\"ListItem\",\"position\":2,\"name\":\"Actualit\u00e9s\",\"item\":\"https:\\\/\\\/www.gold.fr\\\/news\\\/\"},{\"@type\":\"ListItem\",\"position\":3,\"name\":\"Les investisseurs renouent avec la valeur refuge apr\u00e8s le r\u00e9sultat des \u00e9lections\"}]},{\"@type\":\"WebSite\",\"@id\":\"https:\\\/\\\/www.gold.fr\\\/news\\\/#website\",\"url\":\"https:\\\/\\\/www.gold.fr\\\/news\\\/\",\"name\":\"Gold.fr\",\"description\":\"Actualit\u00e9s de l&#039;Or et des m\u00e9taux pr\u00e9cieux\",\"potentialAction\":[{\"@type\":\"SearchAction\",\"target\":{\"@type\":\"EntryPoint\",\"urlTemplate\":\"https:\\\/\\\/www.gold.fr\\\/news\\\/?s={search_term_string}\"},\"query-input\":{\"@type\":\"PropertyValueSpecification\",\"valueRequired\":true,\"valueName\":\"search_term_string\"}}],\"inLanguage\":\"fr-FR\"},{\"@type\":\"Person\",\"@id\":\"https:\\\/\\\/www.gold.fr\\\/news\\\/#\\\/schema\\\/person\\\/070491b4b4fb7671bf59b3be20302ce9\",\"name\":\"Comptoir National de l'Or\",\"image\":{\"@type\":\"ImageObject\",\"inLanguage\":\"fr-FR\",\"@id\":\"https:\\\/\\\/secure.gravatar.com\\\/avatar\\\/0a2867fd5abe37bed95d5a65e9d58f01756e11efc68af9888dfc50cfa7f65948?s=96&d=mm&r=gb490554db0a38188709de567aa58480d\",\"url\":\"https:\\\/\\\/secure.gravatar.com\\\/avatar\\\/0a2867fd5abe37bed95d5a65e9d58f01756e11efc68af9888dfc50cfa7f65948?s=96&d=mm&r=g\",\"contentUrl\":\"https:\\\/\\\/secure.gravatar.com\\\/avatar\\\/0a2867fd5abe37bed95d5a65e9d58f01756e11efc68af9888dfc50cfa7f65948?s=96&d=mm&r=g\",\"caption\":\"Comptoir National de l'Or\"},\"description\":\"Notre r\u00e9daction est constitu\u00e9e de membres experts dans les m\u00e9tiers de l'\u00e9conomie et la gestion, des Responsables d'agence Comptoir National de l'Or, des analystes financiers qui publient r\u00e9guli\u00e8rement des \u00e9tudes sur les politiques des banques centrales, le cours de l'or, prix de l'or, cours de l'argent, prix de l'argent, cours du platine, cours du palladium,... la situation en zone euro et l'impact de la strat\u00e9gie mon\u00e9taire de la FED. Notre \u00e9quipe scrute \u00e9galement une information plus g\u00e9n\u00e9raliste \u00e0 la recherche d'actualit\u00e9 \\\"p\u00e9pite\\\" \u00e0 vous partager. Depuis 5 ans, nous avons publi\u00e9 un peu plus de 4000 articles qui s'adressent \u00e0 un public large et vari\u00e9 ayant pour objectif de satisfaire votre curiosit\u00e9 et de partager avec vous une certaine fascination pour le m\u00e9tal jaune, le rachat d'or, et pour ceux qui veulent investir dans l'or, vendre leur or tout simplement en savoir plus... Pour tous vos achat or et argent, n'h\u00e9sitez pas \u00e0 prendre rendez-vous dans l'un de nos nombreux comptoirs.\",\"sameAs\":[\"https:\\\/\\\/www.gold.fr\"]}]}<\/script>\n<!-- \/ Yoast SEO plugin. -->","yoast_head_json":{"title":"Les investisseurs renouent avec la valeur refuge apr\u00e8s le r\u00e9sultat des \u00e9lections - Gold.fr","robots":{"index":"index","follow":"follow","max-snippet":"max-snippet:-1","max-image-preview":"max-image-preview:large","max-video-preview":"max-video-preview:-1"},"canonical":"https:\/\/www.gold.fr\/news\/2017\/05\/17\/les-investisseurs-renouent-avec-la-valeur-refuge-apres-le-resultat-des-elections\/","og_locale":"fr_FR","og_type":"article","og_title":"Les investisseurs renouent avec la valeur refuge apr\u00e8s le r\u00e9sultat des \u00e9lections - Gold.fr","og_description":"Pendant la semaine derni\u00e8re, le m\u00e9tal jaune affichait un cours en dollars de 1.227,9 et une mesure en euros \u00e0 1.129,5 soit des progressions respectives de l&rsquo;ordre de 4,75 dollars et de 4,1 euros. Suite \u00e0 [&hellip;]","og_url":"https:\/\/www.gold.fr\/news\/2017\/05\/17\/les-investisseurs-renouent-avec-la-valeur-refuge-apres-le-resultat-des-elections\/","og_site_name":"Gold.fr","article_publisher":"https:\/\/www.facebook.com\/Goldfr\/","article_published_time":"2017-05-17T13:00:36+00:00","article_modified_time":"2021-01-13T09:44:46+00:00","og_image":[{"width":600,"height":433,"url":"https:\/\/www.gold.fr\/news\/wp-content\/uploads\/2012\/08\/or-investissement.jpg","type":"image\/jpeg"}],"author":"Comptoir National de l'Or","twitter_card":"summary_large_image","twitter_misc":{"\u00c9crit par":"Comptoir National de l'Or","Dur\u00e9e de lecture estim\u00e9e":"1 minute"},"schema":{"@context":"https:\/\/schema.org","@graph":[{"@type":"Article","@id":"https:\/\/www.gold.fr\/news\/2017\/05\/17\/les-investisseurs-renouent-avec-la-valeur-refuge-apres-le-resultat-des-elections\/#article","isPartOf":{"@id":"https:\/\/www.gold.fr\/news\/2017\/05\/17\/les-investisseurs-renouent-avec-la-valeur-refuge-apres-le-resultat-des-elections\/"},"author":{"name":"Comptoir National de l'Or","@id":"https:\/\/www.gold.fr\/news\/#\/schema\/person\/070491b4b4fb7671bf59b3be20302ce9"},"headline":"Les investisseurs renouent avec la valeur refuge apr\u00e8s le r\u00e9sultat des \u00e9lections","datePublished":"2017-05-17T13:00:36+00:00","dateModified":"2021-01-13T09:44:46+00:00","mainEntityOfPage":{"@id":"https:\/\/www.gold.fr\/news\/2017\/05\/17\/les-investisseurs-renouent-avec-la-valeur-refuge-apres-le-resultat-des-elections\/"},"wordCount":215,"image":{"@id":"https:\/\/www.gold.fr\/news\/2017\/05\/17\/les-investisseurs-renouent-avec-la-valeur-refuge-apres-le-resultat-des-elections\/#primaryimage"},"thumbnailUrl":"https:\/\/www.gold.fr\/news\/wp-content\/uploads\/2012\/08\/or-investissement.jpg","keywords":["Valeur refuge"],"articleSection":["Articles de presse"],"inLanguage":"fr-FR"},{"@type":"WebPage","@id":"https:\/\/www.gold.fr\/news\/2017\/05\/17\/les-investisseurs-renouent-avec-la-valeur-refuge-apres-le-resultat-des-elections\/","url":"https:\/\/www.gold.fr\/news\/2017\/05\/17\/les-investisseurs-renouent-avec-la-valeur-refuge-apres-le-resultat-des-elections\/","name":"Les investisseurs renouent avec la valeur refuge apr\u00e8s le r\u00e9sultat des \u00e9lections - Gold.fr","isPartOf":{"@id":"https:\/\/www.gold.fr\/news\/#website"},"primaryImageOfPage":{"@id":"https:\/\/www.gold.fr\/news\/2017\/05\/17\/les-investisseurs-renouent-avec-la-valeur-refuge-apres-le-resultat-des-elections\/#primaryimage"},"image":{"@id":"https:\/\/www.gold.fr\/news\/2017\/05\/17\/les-investisseurs-renouent-avec-la-valeur-refuge-apres-le-resultat-des-elections\/#primaryimage"},"thumbnailUrl":"https:\/\/www.gold.fr\/news\/wp-content\/uploads\/2012\/08\/or-investissement.jpg","datePublished":"2017-05-17T13:00:36+00:00","dateModified":"2021-01-13T09:44:46+00:00","author":{"@id":"https:\/\/www.gold.fr\/news\/#\/schema\/person\/070491b4b4fb7671bf59b3be20302ce9"},"breadcrumb":{"@id":"https:\/\/www.gold.fr\/news\/2017\/05\/17\/les-investisseurs-renouent-avec-la-valeur-refuge-apres-le-resultat-des-elections\/#breadcrumb"},"inLanguage":"fr-FR","potentialAction":[{"@type":"ReadAction","target":["https:\/\/www.gold.fr\/news\/2017\/05\/17\/les-investisseurs-renouent-avec-la-valeur-refuge-apres-le-resultat-des-elections\/"]}]},{"@type":"ImageObject","inLanguage":"fr-FR","@id":"https:\/\/www.gold.fr\/news\/2017\/05\/17\/les-investisseurs-renouent-avec-la-valeur-refuge-apres-le-resultat-des-elections\/#primaryimage","url":"https:\/\/www.gold.fr\/news\/wp-content\/uploads\/2012\/08\/or-investissement.jpg","contentUrl":"https:\/\/www.gold.fr\/news\/wp-content\/uploads\/2012\/08\/or-investissement.jpg","width":"600","height":"433","caption":"Les investisseurs renouent avec la valeur refuge apr\u00e8s le r\u00e9sultat des \u00e9lections"},{"@type":"BreadcrumbList","@id":"https:\/\/www.gold.fr\/news\/2017\/05\/17\/les-investisseurs-renouent-avec-la-valeur-refuge-apres-le-resultat-des-elections\/#breadcrumb","itemListElement":[{"@type":"ListItem","position":1,"name":"Accueil","item":"https:\/\/www.gold.fr\/"},{"@type":"ListItem","position":2,"name":"Actualit\u00e9s","item":"https:\/\/www.gold.fr\/news\/"},{"@type":"ListItem","position":3,"name":"Les investisseurs renouent avec la valeur refuge apr\u00e8s le r\u00e9sultat des \u00e9lections"}]},{"@type":"WebSite","@id":"https:\/\/www.gold.fr\/news\/#website","url":"https:\/\/www.gold.fr\/news\/","name":"Gold.fr","description":"Actualit\u00e9s de l&#039;Or et des m\u00e9taux pr\u00e9cieux","potentialAction":[{"@type":"SearchAction","target":{"@type":"EntryPoint","urlTemplate":"https:\/\/www.gold.fr\/news\/?s={search_term_string}"},"query-input":{"@type":"PropertyValueSpecification","valueRequired":true,"valueName":"search_term_string"}}],"inLanguage":"fr-FR"},{"@type":"Person","@id":"https:\/\/www.gold.fr\/news\/#\/schema\/person\/070491b4b4fb7671bf59b3be20302ce9","name":"Comptoir National de l'Or","image":{"@type":"ImageObject","inLanguage":"fr-FR","@id":"https:\/\/secure.gravatar.com\/avatar\/0a2867fd5abe37bed95d5a65e9d58f01756e11efc68af9888dfc50cfa7f65948?s=96&d=mm&r=gb490554db0a38188709de567aa58480d","url":"https:\/\/secure.gravatar.com\/avatar\/0a2867fd5abe37bed95d5a65e9d58f01756e11efc68af9888dfc50cfa7f65948?s=96&d=mm&r=g","contentUrl":"https:\/\/secure.gravatar.com\/avatar\/0a2867fd5abe37bed95d5a65e9d58f01756e11efc68af9888dfc50cfa7f65948?s=96&d=mm&r=g","caption":"Comptoir National de l'Or"},"description":"Notre r\u00e9daction est constitu\u00e9e de membres experts dans les m\u00e9tiers de l'\u00e9conomie et la gestion, des Responsables d'agence Comptoir National de l'Or, des analystes financiers qui publient r\u00e9guli\u00e8rement des \u00e9tudes sur les politiques des banques centrales, le cours de l'or, prix de l'or, cours de l'argent, prix de l'argent, cours du platine, cours du palladium,... la situation en zone euro et l'impact de la strat\u00e9gie mon\u00e9taire de la FED. Notre \u00e9quipe scrute \u00e9galement une information plus g\u00e9n\u00e9raliste \u00e0 la recherche d'actualit\u00e9 \"p\u00e9pite\" \u00e0 vous partager. Depuis 5 ans, nous avons publi\u00e9 un peu plus de 4000 articles qui s'adressent \u00e0 un public large et vari\u00e9 ayant pour objectif de satisfaire votre curiosit\u00e9 et de partager avec vous une certaine fascination pour le m\u00e9tal jaune, le rachat d'or, et pour ceux qui veulent investir dans l'or, vendre leur or tout simplement en savoir plus... Pour tous vos achat or et argent, n'h\u00e9sitez pas \u00e0 prendre rendez-vous dans l'un de nos nombreux comptoirs.","sameAs":["https:\/\/www.gold.fr"]}]}},"authors":[{"term_id":2565,"user_id":18,"is_guest":0,"slug":"julie","display_name":"Comptoir National de l'Or","avatar_url":"https:\/\/secure.gravatar.com\/avatar\/713f289e398d35ead876c4a4cc08607f0d6d266058cfc25683fffb6092d0e572?s=96&d=mm&r=g","0":null,"1":"","2":"","3":"","4":"","5":"","6":"","7":"","8":""}],"_links":{"self":[{"href":"https:\/\/www.gold.fr\/news\/wp-json\/wp\/v2\/posts\/21250","targetHints":{"allow":["GET"]}}],"collection":[{"href":"https:\/\/www.gold.fr\/news\/wp-json\/wp\/v2\/posts"}],"about":[{"href":"https:\/\/www.gold.fr\/news\/wp-json\/wp\/v2\/types\/post"}],"author":[{"embeddable":true,"href":"https:\/\/www.gold.fr\/news\/wp-json\/wp\/v2\/users\/18"}],"replies":[{"embeddable":true,"href":"https:\/\/www.gold.fr\/news\/wp-json\/wp\/v2\/comments?post=21250"}],"version-history":[{"count":0,"href":"https:\/\/www.gold.fr\/news\/wp-json\/wp\/v2\/posts\/21250\/revisions"}],"wp:featuredmedia":[{"embeddable":true,"href":"https:\/\/www.gold.fr\/news\/wp-json\/wp\/v2\/media\/9061"}],"wp:attachment":[{"href":"https:\/\/www.gold.fr\/news\/wp-json\/wp\/v2\/media?parent=21250"}],"wp:term":[{"taxonomy":"category","embeddable":true,"href":"https:\/\/www.gold.fr\/news\/wp-json\/wp\/v2\/categories?post=21250"},{"taxonomy":"post_tag","embeddable":true,"href":"https:\/\/www.gold.fr\/news\/wp-json\/wp\/v2\/tags?post=21250"},{"taxonomy":"author","embeddable":true,"href":"https:\/\/www.gold.fr\/news\/wp-json\/wp\/v2\/ppma_author?post=21250"}],"curies":[{"name":"wp","href":"https:\/\/api.w.org\/{rel}","templated":true}]}}