{"id":21241,"date":"2017-05-16T17:00:28","date_gmt":"2017-05-16T15:00:28","guid":{"rendered":"https:\/\/www.gold.fr\/news\/?p=21241"},"modified":"2021-01-13T10:45:09","modified_gmt":"2021-01-13T09:45:09","slug":"or-le-processus-haussier-a-ete-enclenche","status":"publish","type":"post","link":"https:\/\/www.gold.fr\/news\/2017\/05\/16\/or-le-processus-haussier-a-ete-enclenche\/","title":{"rendered":"Or : le processus haussier a \u00e9t\u00e9 enclench\u00e9"},"content":{"rendered":"<p><span style=\"font-weight: 400;\">Suite au r\u00e9sultat des \u00e9lections pr\u00e9sidentielles \u00e0 l&rsquo;\u00e9tranger w_<strong>CSS<\/strong>, le cours de l&rsquo;or semble avoir \u00e9t\u00e9. Alors que certains investisseurs h\u00e9sitaient \u00e0 d\u00e9laisser de mani\u00e8re d\u00e9finitive la valeur refuge, l&rsquo;\u00e9lection d&rsquo;<strong>Emmanuel Macron<\/strong> vient rassurer les op\u00e9rateurs essentiellement quant \u00e0 l&rsquo;euroscepticisme de <strong>Marine Le Pen<\/strong>.<\/span>  <\/p>\n<h2>Incertitude g\u00e9opolitique ou \u00e9conomique : L&rsquo;or, valeur refuge par excellence<\/h2>\n<p>  <img loading=\"lazy\" decoding=\"async\" class=\"alignleft wp-image-6432 size-thumbnail\" title=\"Or : le processus haussier a \u00e9t\u00e9 enclench\u00e9\" src=\"https:\/\/www.gold.fr\/news\/wp-content\/uploads\/2012\/03\/lingot-or2-150x150.jpg\" alt=\"Or : le processus haussier a \u00e9t\u00e9 enclench\u00e9\" width=\"150\" height=\"150\" \/><span style=\"font-weight: 400;\">Juste apr\u00e8s l&rsquo;annonce des r\u00e9sultats de la pr\u00e9sidentielles, les investisseurs ne sont pas arriv\u00e9s \u00e0 reprendre go\u00fbt au risque. <\/span> <span style=\"font-weight: 400;\">Malgr\u00e9 ce d\u00e9sint\u00e9r\u00eat, qui selon les analystes financiers ne pourra qu&rsquo;\u00eatre momentan\u00e9, le <a href=\"https:\/\/www.gold.fr\/cours-or-prix-de-l-or\/\" target=\"_blank\" rel=\"noopener noreferrer\">cours<\/a> de l&rsquo;or semble r\u00e9ussir \u00e0 se maintenir en \u00e9quilibre.<\/span> <span style=\"font-weight: 400;\">Selon <strong>Christophe Louney<\/strong>, analyste chez <strong>RBC Capital Markets<\/strong>, le march\u00e9 a d\u00fb subir la volatilit\u00e9 engendr\u00e9e par la situation politique. Ceci dit, le potentiel du m\u00e9tal jaune ne peut \u00eatre remis en question d&rsquo;autant plus que le risque reste son principal booster. <\/span> <span style=\"font-weight: 400;\">Par ailleurs, la <strong>Chine<\/strong> a publi\u00e9 plusieurs indicateurs durant la semaine derni\u00e8re parmi lesquels son PMI et ses importations. Pendant ce temps, les <strong>Etats-Unis<\/strong> menacent toujours d&rsquo;appliquer les mesures protectionnistes propos\u00e9es par <strong>Trump<\/strong> pendant sa campagne \u00e9lectorale.<\/span> <span style=\"font-weight: 400;\">L&rsquo;\u00e9quilibre actuel des prix de l&rsquo;or pourrait se montrer b\u00e9n\u00e9fique pour le secteur de la bijouterie en Inde. En effet, \u00e9tant donn\u00e9 que ces commerces sont dans l&rsquo;obligation de refaire leurs r\u00e9serves en or juste apr\u00e8s le festival de Holi, <a href=\"https:\/\/www.gold.fr\/once-or-nyc\/\" target=\"_blank\" rel=\"noopener noreferrer\">l\u2019once<\/a> d&rsquo;or pourrait rebondir suite \u00e0 une demande aussi importante.<\/span> <span style=\"font-weight: 400;\">Au niveau du <strong>London Bullion Market<\/strong>, <a href=\"https:\/\/www.gold.fr\/once-or-nyc\/\" target=\"_blank\" rel=\"noopener noreferrer\">l\u2019once<\/a> d&rsquo;or cotait <strong>1.231,25 dollars<\/strong> <a href=\"https:\/\/www.gold.fr\/once-or-nyc\/\" target=\"_blank\" rel=\"noopener noreferrer\">l\u2019once<\/a> lors de la s\u00e9ance de vendredi, contre une mesure \u00e0 <strong>1.228,05<\/strong> durant la journ\u00e9e du vendredi pr\u00e9c\u00e9dent.<\/span> <span style=\"font-weight: 400;\">Au-del\u00e0 de l&rsquo;absence de volatilit\u00e9 et la r\u00e9duction du facteur risque suite au r\u00e9sultat des pr\u00e9sidentielles fran\u00e7aises, les experts financiers restent optimistes quant \u00e0 un prochain rebond du cours de <a href=\"https:\/\/www.gold.fr\/once-or-nyc\/\" target=\"_blank\" rel=\"noopener noreferrer\">l\u2019once<\/a> d&rsquo;or. D&rsquo;ailleurs, le m\u00e9tal jaune a d\u00e9j\u00e0 enclench\u00e9 le processus haussier depuis la s\u00e9ance de jeudi dernier. Les investisseurs ne devraient plus tarder \u00e0 soutenir la tendance.<\/span><\/p>\n<!-- AddThis Advanced Settings generic via filter on the_content --><!-- AddThis Share Buttons generic via filter on the_content -->","protected":false},"excerpt":{"rendered":"<p>Suite au r\u00e9sultat des \u00e9lections pr\u00e9sidentielles \u00e0 l&rsquo;\u00e9tranger w_CSS, le cours de l&rsquo;or semble avoir \u00e9t\u00e9. Alors que certains investisseurs h\u00e9sitaient \u00e0 d\u00e9laisser de mani\u00e8re d\u00e9finitive la valeur refuge, l&rsquo;\u00e9lection d&rsquo;Emmanuel Macron vient rassurer les op\u00e9rateurs [&hellip;]<\/p>\n","protected":false},"author":18,"featured_media":6432,"comment_status":"closed","ping_status":"closed","sticky":false,"template":"","format":"standard","meta":{"_mbp_gutenberg_autopost":false,"_pgmb_is_evergreen":false,"_pgmb_ap_template_id":0,"footnotes":""},"categories":[6],"tags":[767],"ppma_author":[2565],"class_list":["post-21241","post","type-post","status-publish","format-standard","has-post-thumbnail","hentry","category-articles-de-presse","tag-hausse-cours-de-lor"],"yoast_head":"<!-- This site is optimized with the Yoast SEO plugin v27.5 - https:\/\/yoast.com\/product\/yoast-seo-wordpress\/ -->\n<title>Or : le processus haussier a \u00e9t\u00e9 enclench\u00e9 - Gold.fr<\/title>\n<meta name=\"description\" content=\"Or, le processus haussier a \u00e9t\u00e9 enclench\u00e9, Incertitude g\u00e9opolitique ou \u00e9conomique. L\u2019or, valeur refuge par excellence malgr\u00e9 la volatilit\u00e9\" \/>\n<meta name=\"robots\" content=\"index, follow, max-snippet:-1, max-image-preview:large, max-video-preview:-1\" \/>\n<link rel=\"canonical\" href=\"https:\/\/www.gold.fr\/news\/2017\/05\/16\/or-le-processus-haussier-a-ete-enclenche\/\" \/>\n<meta property=\"og:locale\" content=\"fr_FR\" \/>\n<meta property=\"og:type\" content=\"article\" \/>\n<meta property=\"og:title\" content=\"Or : le processus haussier a \u00e9t\u00e9 enclench\u00e9 - Gold.fr\" \/>\n<meta property=\"og:description\" content=\"Or, le processus haussier a \u00e9t\u00e9 enclench\u00e9, Incertitude g\u00e9opolitique ou \u00e9conomique. L\u2019or, valeur refuge par excellence malgr\u00e9 la volatilit\u00e9\" \/>\n<meta property=\"og:url\" content=\"https:\/\/www.gold.fr\/news\/2017\/05\/16\/or-le-processus-haussier-a-ete-enclenche\/\" \/>\n<meta property=\"og:site_name\" content=\"Gold.fr\" \/>\n<meta property=\"article:publisher\" content=\"https:\/\/www.facebook.com\/Goldfr\/\" \/>\n<meta property=\"article:published_time\" content=\"2017-05-16T15:00:28+00:00\" \/>\n<meta property=\"article:modified_time\" content=\"2021-01-13T09:45:09+00:00\" \/>\n<meta property=\"og:image\" content=\"https:\/\/www.gold.fr\/news\/wp-content\/uploads\/2012\/03\/lingot-or2.jpg\" \/>\n\t<meta property=\"og:image:width\" content=\"413\" \/>\n\t<meta property=\"og:image:height\" content=\"413\" \/>\n\t<meta property=\"og:image:type\" content=\"image\/jpeg\" \/>\n<meta name=\"author\" content=\"Comptoir National de l&#039;Or\" \/>\n<meta name=\"twitter:card\" content=\"summary_large_image\" \/>\n<meta name=\"twitter:label1\" content=\"\u00c9crit par\" \/>\n\t<meta name=\"twitter:data1\" content=\"Comptoir National de l&#039;Or\" \/>\n\t<meta name=\"twitter:label2\" content=\"Dur\u00e9e de lecture estim\u00e9e\" \/>\n\t<meta name=\"twitter:data2\" content=\"2 minutes\" \/>\n<script type=\"application\/ld+json\" class=\"yoast-schema-graph\">{\"@context\":\"https:\\\/\\\/schema.org\",\"@graph\":[{\"@type\":\"Article\",\"@id\":\"https:\\\/\\\/www.gold.fr\\\/news\\\/2017\\\/05\\\/16\\\/or-le-processus-haussier-a-ete-enclenche\\\/#article\",\"isPartOf\":{\"@id\":\"https:\\\/\\\/www.gold.fr\\\/news\\\/2017\\\/05\\\/16\\\/or-le-processus-haussier-a-ete-enclenche\\\/\"},\"author\":{\"name\":\"Comptoir National de l'Or\",\"@id\":\"https:\\\/\\\/www.gold.fr\\\/news\\\/#\\\/schema\\\/person\\\/070491b4b4fb7671bf59b3be20302ce9\"},\"headline\":\"Or : le processus haussier a \u00e9t\u00e9 enclench\u00e9\",\"datePublished\":\"2017-05-16T15:00:28+00:00\",\"dateModified\":\"2021-01-13T09:45:09+00:00\",\"mainEntityOfPage\":{\"@id\":\"https:\\\/\\\/www.gold.fr\\\/news\\\/2017\\\/05\\\/16\\\/or-le-processus-haussier-a-ete-enclenche\\\/\"},\"wordCount\":367,\"image\":{\"@id\":\"https:\\\/\\\/www.gold.fr\\\/news\\\/2017\\\/05\\\/16\\\/or-le-processus-haussier-a-ete-enclenche\\\/#primaryimage\"},\"thumbnailUrl\":\"https:\\\/\\\/www.gold.fr\\\/news\\\/wp-content\\\/uploads\\\/2012\\\/03\\\/lingot-or2.jpg\",\"keywords\":[\"hausse cours de l'or\"],\"articleSection\":[\"Articles de presse\"],\"inLanguage\":\"fr-FR\"},{\"@type\":\"WebPage\",\"@id\":\"https:\\\/\\\/www.gold.fr\\\/news\\\/2017\\\/05\\\/16\\\/or-le-processus-haussier-a-ete-enclenche\\\/\",\"url\":\"https:\\\/\\\/www.gold.fr\\\/news\\\/2017\\\/05\\\/16\\\/or-le-processus-haussier-a-ete-enclenche\\\/\",\"name\":\"Or : le processus haussier a \u00e9t\u00e9 enclench\u00e9 - Gold.fr\",\"isPartOf\":{\"@id\":\"https:\\\/\\\/www.gold.fr\\\/news\\\/#website\"},\"primaryImageOfPage\":{\"@id\":\"https:\\\/\\\/www.gold.fr\\\/news\\\/2017\\\/05\\\/16\\\/or-le-processus-haussier-a-ete-enclenche\\\/#primaryimage\"},\"image\":{\"@id\":\"https:\\\/\\\/www.gold.fr\\\/news\\\/2017\\\/05\\\/16\\\/or-le-processus-haussier-a-ete-enclenche\\\/#primaryimage\"},\"thumbnailUrl\":\"https:\\\/\\\/www.gold.fr\\\/news\\\/wp-content\\\/uploads\\\/2012\\\/03\\\/lingot-or2.jpg\",\"datePublished\":\"2017-05-16T15:00:28+00:00\",\"dateModified\":\"2021-01-13T09:45:09+00:00\",\"author\":{\"@id\":\"https:\\\/\\\/www.gold.fr\\\/news\\\/#\\\/schema\\\/person\\\/070491b4b4fb7671bf59b3be20302ce9\"},\"description\":\"Or, le processus haussier a \u00e9t\u00e9 enclench\u00e9, Incertitude g\u00e9opolitique ou \u00e9conomique. L\u2019or, valeur refuge par excellence malgr\u00e9 la volatilit\u00e9\",\"breadcrumb\":{\"@id\":\"https:\\\/\\\/www.gold.fr\\\/news\\\/2017\\\/05\\\/16\\\/or-le-processus-haussier-a-ete-enclenche\\\/#breadcrumb\"},\"inLanguage\":\"fr-FR\",\"potentialAction\":[{\"@type\":\"ReadAction\",\"target\":[\"https:\\\/\\\/www.gold.fr\\\/news\\\/2017\\\/05\\\/16\\\/or-le-processus-haussier-a-ete-enclenche\\\/\"]}]},{\"@type\":\"ImageObject\",\"inLanguage\":\"fr-FR\",\"@id\":\"https:\\\/\\\/www.gold.fr\\\/news\\\/2017\\\/05\\\/16\\\/or-le-processus-haussier-a-ete-enclenche\\\/#primaryimage\",\"url\":\"https:\\\/\\\/www.gold.fr\\\/news\\\/wp-content\\\/uploads\\\/2012\\\/03\\\/lingot-or2.jpg\",\"contentUrl\":\"https:\\\/\\\/www.gold.fr\\\/news\\\/wp-content\\\/uploads\\\/2012\\\/03\\\/lingot-or2.jpg\",\"width\":\"413\",\"height\":\"413\",\"caption\":\"L\u2019once en hausse, suivant la tendance des march\u00e9s europ\u00e9ens\"},{\"@type\":\"BreadcrumbList\",\"@id\":\"https:\\\/\\\/www.gold.fr\\\/news\\\/2017\\\/05\\\/16\\\/or-le-processus-haussier-a-ete-enclenche\\\/#breadcrumb\",\"itemListElement\":[{\"@type\":\"ListItem\",\"position\":1,\"name\":\"Accueil\",\"item\":\"https:\\\/\\\/www.gold.fr\\\/\"},{\"@type\":\"ListItem\",\"position\":2,\"name\":\"Actualit\u00e9s\",\"item\":\"https:\\\/\\\/www.gold.fr\\\/news\\\/\"},{\"@type\":\"ListItem\",\"position\":3,\"name\":\"Or : le processus haussier a \u00e9t\u00e9 enclench\u00e9\"}]},{\"@type\":\"WebSite\",\"@id\":\"https:\\\/\\\/www.gold.fr\\\/news\\\/#website\",\"url\":\"https:\\\/\\\/www.gold.fr\\\/news\\\/\",\"name\":\"Gold.fr\",\"description\":\"Actualit\u00e9s de l&#039;Or et des m\u00e9taux pr\u00e9cieux\",\"potentialAction\":[{\"@type\":\"SearchAction\",\"target\":{\"@type\":\"EntryPoint\",\"urlTemplate\":\"https:\\\/\\\/www.gold.fr\\\/news\\\/?s={search_term_string}\"},\"query-input\":{\"@type\":\"PropertyValueSpecification\",\"valueRequired\":true,\"valueName\":\"search_term_string\"}}],\"inLanguage\":\"fr-FR\"},{\"@type\":\"Person\",\"@id\":\"https:\\\/\\\/www.gold.fr\\\/news\\\/#\\\/schema\\\/person\\\/070491b4b4fb7671bf59b3be20302ce9\",\"name\":\"Comptoir National de l'Or\",\"image\":{\"@type\":\"ImageObject\",\"inLanguage\":\"fr-FR\",\"@id\":\"https:\\\/\\\/secure.gravatar.com\\\/avatar\\\/0a2867fd5abe37bed95d5a65e9d58f01756e11efc68af9888dfc50cfa7f65948?s=96&d=mm&r=gb490554db0a38188709de567aa58480d\",\"url\":\"https:\\\/\\\/secure.gravatar.com\\\/avatar\\\/0a2867fd5abe37bed95d5a65e9d58f01756e11efc68af9888dfc50cfa7f65948?s=96&d=mm&r=g\",\"contentUrl\":\"https:\\\/\\\/secure.gravatar.com\\\/avatar\\\/0a2867fd5abe37bed95d5a65e9d58f01756e11efc68af9888dfc50cfa7f65948?s=96&d=mm&r=g\",\"caption\":\"Comptoir National de l'Or\"},\"description\":\"Notre r\u00e9daction est constitu\u00e9e de membres experts dans les m\u00e9tiers de l'\u00e9conomie et la gestion, des Responsables d'agence Comptoir National de l'Or, des analystes financiers qui publient r\u00e9guli\u00e8rement des \u00e9tudes sur les politiques des banques centrales, le cours de l'or, prix de l'or, cours de l'argent, prix de l'argent, cours du platine, cours du palladium,... la situation en zone euro et l'impact de la strat\u00e9gie mon\u00e9taire de la FED. Notre \u00e9quipe scrute \u00e9galement une information plus g\u00e9n\u00e9raliste \u00e0 la recherche d'actualit\u00e9 \\\"p\u00e9pite\\\" \u00e0 vous partager. Depuis 5 ans, nous avons publi\u00e9 un peu plus de 4000 articles qui s'adressent \u00e0 un public large et vari\u00e9 ayant pour objectif de satisfaire votre curiosit\u00e9 et de partager avec vous une certaine fascination pour le m\u00e9tal jaune, le rachat d'or, et pour ceux qui veulent investir dans l'or, vendre leur or tout simplement en savoir plus... Pour tous vos achat or et argent, n'h\u00e9sitez pas \u00e0 prendre rendez-vous dans l'un de nos nombreux comptoirs.\",\"sameAs\":[\"https:\\\/\\\/www.gold.fr\"]}]}<\/script>\n<!-- \/ Yoast SEO plugin. -->","yoast_head_json":{"title":"Or : le processus haussier a \u00e9t\u00e9 enclench\u00e9 - Gold.fr","description":"Or, le processus haussier a \u00e9t\u00e9 enclench\u00e9, Incertitude g\u00e9opolitique ou \u00e9conomique. L\u2019or, valeur refuge par excellence malgr\u00e9 la volatilit\u00e9","robots":{"index":"index","follow":"follow","max-snippet":"max-snippet:-1","max-image-preview":"max-image-preview:large","max-video-preview":"max-video-preview:-1"},"canonical":"https:\/\/www.gold.fr\/news\/2017\/05\/16\/or-le-processus-haussier-a-ete-enclenche\/","og_locale":"fr_FR","og_type":"article","og_title":"Or : le processus haussier a \u00e9t\u00e9 enclench\u00e9 - Gold.fr","og_description":"Or, le processus haussier a \u00e9t\u00e9 enclench\u00e9, Incertitude g\u00e9opolitique ou \u00e9conomique. L\u2019or, valeur refuge par excellence malgr\u00e9 la volatilit\u00e9","og_url":"https:\/\/www.gold.fr\/news\/2017\/05\/16\/or-le-processus-haussier-a-ete-enclenche\/","og_site_name":"Gold.fr","article_publisher":"https:\/\/www.facebook.com\/Goldfr\/","article_published_time":"2017-05-16T15:00:28+00:00","article_modified_time":"2021-01-13T09:45:09+00:00","og_image":[{"width":413,"height":413,"url":"https:\/\/www.gold.fr\/news\/wp-content\/uploads\/2012\/03\/lingot-or2.jpg","type":"image\/jpeg"}],"author":"Comptoir National de l'Or","twitter_card":"summary_large_image","twitter_misc":{"\u00c9crit par":"Comptoir National de l'Or","Dur\u00e9e de lecture estim\u00e9e":"2 minutes"},"schema":{"@context":"https:\/\/schema.org","@graph":[{"@type":"Article","@id":"https:\/\/www.gold.fr\/news\/2017\/05\/16\/or-le-processus-haussier-a-ete-enclenche\/#article","isPartOf":{"@id":"https:\/\/www.gold.fr\/news\/2017\/05\/16\/or-le-processus-haussier-a-ete-enclenche\/"},"author":{"name":"Comptoir National de l'Or","@id":"https:\/\/www.gold.fr\/news\/#\/schema\/person\/070491b4b4fb7671bf59b3be20302ce9"},"headline":"Or : le processus haussier a \u00e9t\u00e9 enclench\u00e9","datePublished":"2017-05-16T15:00:28+00:00","dateModified":"2021-01-13T09:45:09+00:00","mainEntityOfPage":{"@id":"https:\/\/www.gold.fr\/news\/2017\/05\/16\/or-le-processus-haussier-a-ete-enclenche\/"},"wordCount":367,"image":{"@id":"https:\/\/www.gold.fr\/news\/2017\/05\/16\/or-le-processus-haussier-a-ete-enclenche\/#primaryimage"},"thumbnailUrl":"https:\/\/www.gold.fr\/news\/wp-content\/uploads\/2012\/03\/lingot-or2.jpg","keywords":["hausse cours de l'or"],"articleSection":["Articles de presse"],"inLanguage":"fr-FR"},{"@type":"WebPage","@id":"https:\/\/www.gold.fr\/news\/2017\/05\/16\/or-le-processus-haussier-a-ete-enclenche\/","url":"https:\/\/www.gold.fr\/news\/2017\/05\/16\/or-le-processus-haussier-a-ete-enclenche\/","name":"Or : le processus haussier a \u00e9t\u00e9 enclench\u00e9 - Gold.fr","isPartOf":{"@id":"https:\/\/www.gold.fr\/news\/#website"},"primaryImageOfPage":{"@id":"https:\/\/www.gold.fr\/news\/2017\/05\/16\/or-le-processus-haussier-a-ete-enclenche\/#primaryimage"},"image":{"@id":"https:\/\/www.gold.fr\/news\/2017\/05\/16\/or-le-processus-haussier-a-ete-enclenche\/#primaryimage"},"thumbnailUrl":"https:\/\/www.gold.fr\/news\/wp-content\/uploads\/2012\/03\/lingot-or2.jpg","datePublished":"2017-05-16T15:00:28+00:00","dateModified":"2021-01-13T09:45:09+00:00","author":{"@id":"https:\/\/www.gold.fr\/news\/#\/schema\/person\/070491b4b4fb7671bf59b3be20302ce9"},"description":"Or, le processus haussier a \u00e9t\u00e9 enclench\u00e9, Incertitude g\u00e9opolitique ou \u00e9conomique. L\u2019or, valeur refuge par excellence malgr\u00e9 la volatilit\u00e9","breadcrumb":{"@id":"https:\/\/www.gold.fr\/news\/2017\/05\/16\/or-le-processus-haussier-a-ete-enclenche\/#breadcrumb"},"inLanguage":"fr-FR","potentialAction":[{"@type":"ReadAction","target":["https:\/\/www.gold.fr\/news\/2017\/05\/16\/or-le-processus-haussier-a-ete-enclenche\/"]}]},{"@type":"ImageObject","inLanguage":"fr-FR","@id":"https:\/\/www.gold.fr\/news\/2017\/05\/16\/or-le-processus-haussier-a-ete-enclenche\/#primaryimage","url":"https:\/\/www.gold.fr\/news\/wp-content\/uploads\/2012\/03\/lingot-or2.jpg","contentUrl":"https:\/\/www.gold.fr\/news\/wp-content\/uploads\/2012\/03\/lingot-or2.jpg","width":"413","height":"413","caption":"L\u2019once en hausse, suivant la tendance des march\u00e9s europ\u00e9ens"},{"@type":"BreadcrumbList","@id":"https:\/\/www.gold.fr\/news\/2017\/05\/16\/or-le-processus-haussier-a-ete-enclenche\/#breadcrumb","itemListElement":[{"@type":"ListItem","position":1,"name":"Accueil","item":"https:\/\/www.gold.fr\/"},{"@type":"ListItem","position":2,"name":"Actualit\u00e9s","item":"https:\/\/www.gold.fr\/news\/"},{"@type":"ListItem","position":3,"name":"Or : le processus haussier a \u00e9t\u00e9 enclench\u00e9"}]},{"@type":"WebSite","@id":"https:\/\/www.gold.fr\/news\/#website","url":"https:\/\/www.gold.fr\/news\/","name":"Gold.fr","description":"Actualit\u00e9s de l&#039;Or et des m\u00e9taux pr\u00e9cieux","potentialAction":[{"@type":"SearchAction","target":{"@type":"EntryPoint","urlTemplate":"https:\/\/www.gold.fr\/news\/?s={search_term_string}"},"query-input":{"@type":"PropertyValueSpecification","valueRequired":true,"valueName":"search_term_string"}}],"inLanguage":"fr-FR"},{"@type":"Person","@id":"https:\/\/www.gold.fr\/news\/#\/schema\/person\/070491b4b4fb7671bf59b3be20302ce9","name":"Comptoir National de l'Or","image":{"@type":"ImageObject","inLanguage":"fr-FR","@id":"https:\/\/secure.gravatar.com\/avatar\/0a2867fd5abe37bed95d5a65e9d58f01756e11efc68af9888dfc50cfa7f65948?s=96&d=mm&r=gb490554db0a38188709de567aa58480d","url":"https:\/\/secure.gravatar.com\/avatar\/0a2867fd5abe37bed95d5a65e9d58f01756e11efc68af9888dfc50cfa7f65948?s=96&d=mm&r=g","contentUrl":"https:\/\/secure.gravatar.com\/avatar\/0a2867fd5abe37bed95d5a65e9d58f01756e11efc68af9888dfc50cfa7f65948?s=96&d=mm&r=g","caption":"Comptoir National de l'Or"},"description":"Notre r\u00e9daction est constitu\u00e9e de membres experts dans les m\u00e9tiers de l'\u00e9conomie et la gestion, des Responsables d'agence Comptoir National de l'Or, des analystes financiers qui publient r\u00e9guli\u00e8rement des \u00e9tudes sur les politiques des banques centrales, le cours de l'or, prix de l'or, cours de l'argent, prix de l'argent, cours du platine, cours du palladium,... la situation en zone euro et l'impact de la strat\u00e9gie mon\u00e9taire de la FED. Notre \u00e9quipe scrute \u00e9galement une information plus g\u00e9n\u00e9raliste \u00e0 la recherche d'actualit\u00e9 \"p\u00e9pite\" \u00e0 vous partager. Depuis 5 ans, nous avons publi\u00e9 un peu plus de 4000 articles qui s'adressent \u00e0 un public large et vari\u00e9 ayant pour objectif de satisfaire votre curiosit\u00e9 et de partager avec vous une certaine fascination pour le m\u00e9tal jaune, le rachat d'or, et pour ceux qui veulent investir dans l'or, vendre leur or tout simplement en savoir plus... Pour tous vos achat or et argent, n'h\u00e9sitez pas \u00e0 prendre rendez-vous dans l'un de nos nombreux comptoirs.","sameAs":["https:\/\/www.gold.fr"]}]}},"authors":[{"term_id":2565,"user_id":18,"is_guest":0,"slug":"julie","display_name":"Comptoir National de l'Or","avatar_url":"https:\/\/secure.gravatar.com\/avatar\/713f289e398d35ead876c4a4cc08607f0d6d266058cfc25683fffb6092d0e572?s=96&d=mm&r=g","0":null,"1":"","2":"","3":"","4":"","5":"","6":"","7":"","8":""}],"_links":{"self":[{"href":"https:\/\/www.gold.fr\/news\/wp-json\/wp\/v2\/posts\/21241","targetHints":{"allow":["GET"]}}],"collection":[{"href":"https:\/\/www.gold.fr\/news\/wp-json\/wp\/v2\/posts"}],"about":[{"href":"https:\/\/www.gold.fr\/news\/wp-json\/wp\/v2\/types\/post"}],"author":[{"embeddable":true,"href":"https:\/\/www.gold.fr\/news\/wp-json\/wp\/v2\/users\/18"}],"replies":[{"embeddable":true,"href":"https:\/\/www.gold.fr\/news\/wp-json\/wp\/v2\/comments?post=21241"}],"version-history":[{"count":0,"href":"https:\/\/www.gold.fr\/news\/wp-json\/wp\/v2\/posts\/21241\/revisions"}],"wp:featuredmedia":[{"embeddable":true,"href":"https:\/\/www.gold.fr\/news\/wp-json\/wp\/v2\/media\/6432"}],"wp:attachment":[{"href":"https:\/\/www.gold.fr\/news\/wp-json\/wp\/v2\/media?parent=21241"}],"wp:term":[{"taxonomy":"category","embeddable":true,"href":"https:\/\/www.gold.fr\/news\/wp-json\/wp\/v2\/categories?post=21241"},{"taxonomy":"post_tag","embeddable":true,"href":"https:\/\/www.gold.fr\/news\/wp-json\/wp\/v2\/tags?post=21241"},{"taxonomy":"author","embeddable":true,"href":"https:\/\/www.gold.fr\/news\/wp-json\/wp\/v2\/ppma_author?post=21241"}],"curies":[{"name":"wp","href":"https:\/\/api.w.org\/{rel}","templated":true}]}}