{"id":21214,"date":"2017-05-12T13:00:16","date_gmt":"2017-05-12T11:00:16","guid":{"rendered":"https:\/\/www.gold.fr\/news\/?p=21214"},"modified":"2021-01-13T11:16:35","modified_gmt":"2021-01-13T10:16:35","slug":"lonce-dor-se-remet-au-vert","status":"publish","type":"post","link":"https:\/\/www.gold.fr\/news\/2017\/05\/12\/lonce-dor-se-remet-au-vert\/","title":{"rendered":"L\u2019once d\u2019or se remet au vert"},"content":{"rendered":"<p><img loading=\"lazy\" decoding=\"async\" class=\"alignleft wp-image-3687 size-thumbnail\" title=\"L\u2019once d\u2019or se remet au vert\" src=\"https:\/\/www.gold.fr\/news\/wp-content\/uploads\/2011\/11\/Once-or-21-150x150.jpg\" alt=\"L\u2019once d\u2019or se remet au vert\" width=\"150\" height=\"150\" \/>Lors de la s\u00e9ance d&rsquo;hier, le <strong>CAC 40<\/strong> a r\u00e9ussi \u00e0 r\u00e9duire de moiti\u00e9 les pertes subies depuis la journ\u00e9e de mercredi et affiche en fin de parcours une mesure \u00e0 5.375 points. Notons que malgr\u00e9 l&rsquo;incursion constat\u00e9e vers les 5.356 points, l&rsquo;indice n&rsquo;a pas connu une r\u00e9action en chaine \u00e0 la baisse.    Du c\u00f4t\u00e9 des march\u00e9s europ\u00e9ens, la tendance est plut\u00f4t \u00e0 la consolidation puisque les bourses de Francfort et de Milan c\u00e8dent <strong>0,4 %<\/strong>, celle de Madrid accuse une baisse de <strong>1,6 %<\/strong> et Bruxelles chute de <strong>0,9 %<\/strong>. <strong>L&rsquo;Euro-Stoxx50<\/strong> affiche quant \u00e0 lui un taux de <strong>-0,6 %<\/strong> et une mesure \u00e0 3.623. Seul le march\u00e9 londonien arrive \u00e0 \u00e9viter la consolidation : le<strong> FT-100<\/strong> reste relativement positif apr\u00e8s la d\u00e9claration du pr\u00e9sident de la <strong>BoE, Mark Carney<\/strong>. Ce dernier a annonc\u00e9 que la strat\u00e9gie mon\u00e9taire anglaise pourrait \u00eatre durcie sur le court terme.    Selon <strong>Mark Carney<\/strong>, les anticipations relatives \u00e0 l&rsquo;inflation sont surestim\u00e9es \u00e0 cause d&rsquo;une analyse m\u00e9caniste de la baisse de la Livre. Dans ce contexte, le m\u00e9tal jaune reprend sa tendance haussi\u00e8re et affiche en ce <strong>vendredi 12 mai 2017<\/strong> un <a href=\"https:\/\/www.gold.fr\/cours-or-prix-de-l-or\/\" target=\"_blank\" rel=\"noopener noreferrer\">cours<\/a> de <strong>1 218.50 dollars<\/strong> <a href=\"https:\/\/www.gold.fr\/once-or-nyc\/\" target=\"_blank\" rel=\"noopener noreferrer\">l\u2019once<\/a>.<\/p>\n<!-- AddThis Advanced Settings generic via filter on the_content --><!-- AddThis Share Buttons generic via filter on the_content -->","protected":false},"excerpt":{"rendered":"<p>Lors de la s\u00e9ance d&rsquo;hier, le CAC 40 a r\u00e9ussi \u00e0 r\u00e9duire de moiti\u00e9 les pertes subies depuis la journ\u00e9e de mercredi et affiche en fin de parcours une mesure \u00e0 5.375 points. Notons que malgr\u00e9 [&hellip;]<\/p>\n","protected":false},"author":18,"featured_media":3687,"comment_status":"closed","ping_status":"closed","sticky":false,"template":"","format":"standard","meta":{"_mbp_gutenberg_autopost":false,"_pgmb_is_evergreen":false,"_pgmb_ap_template_id":0,"footnotes":""},"categories":[5],"tags":[351],"ppma_author":[2565],"class_list":["post-21214","post","type-post","status-publish","format-standard","has-post-thumbnail","hentry","category-flash-infos","tag-stabilisation-du-cours-de-lor"],"yoast_head":"<!-- This site is optimized with the Yoast SEO plugin v27.5 - https:\/\/yoast.com\/product\/yoast-seo-wordpress\/ -->\n<title>L\u2019once d\u2019or se remet au vert - Gold.fr<\/title>\n<meta name=\"robots\" content=\"index, follow, max-snippet:-1, max-image-preview:large, max-video-preview:-1\" \/>\n<link rel=\"canonical\" href=\"https:\/\/www.gold.fr\/news\/2017\/05\/12\/lonce-dor-se-remet-au-vert\/\" \/>\n<meta property=\"og:locale\" content=\"fr_FR\" \/>\n<meta property=\"og:type\" content=\"article\" \/>\n<meta property=\"og:title\" content=\"L\u2019once d\u2019or se remet au vert - Gold.fr\" \/>\n<meta property=\"og:description\" content=\"Lors de la s\u00e9ance d&rsquo;hier, le CAC 40 a r\u00e9ussi \u00e0 r\u00e9duire de moiti\u00e9 les pertes subies depuis la journ\u00e9e de mercredi et affiche en fin de parcours une mesure \u00e0 5.375 points. Notons que malgr\u00e9 [&hellip;]\" \/>\n<meta property=\"og:url\" content=\"https:\/\/www.gold.fr\/news\/2017\/05\/12\/lonce-dor-se-remet-au-vert\/\" \/>\n<meta property=\"og:site_name\" content=\"Gold.fr\" \/>\n<meta property=\"article:publisher\" content=\"https:\/\/www.facebook.com\/Goldfr\/\" \/>\n<meta property=\"article:published_time\" content=\"2017-05-12T11:00:16+00:00\" \/>\n<meta property=\"article:modified_time\" content=\"2021-01-13T10:16:35+00:00\" \/>\n<meta property=\"og:image\" content=\"https:\/\/www.gold.fr\/news\/wp-content\/uploads\/2011\/11\/Once-or-21-e1320920348187.jpg\" \/>\n\t<meta property=\"og:image:width\" content=\"600\" \/>\n\t<meta property=\"og:image:height\" content=\"404\" \/>\n\t<meta property=\"og:image:type\" content=\"image\/jpeg\" \/>\n<meta name=\"author\" content=\"Comptoir National de l&#039;Or\" \/>\n<meta name=\"twitter:card\" content=\"summary_large_image\" \/>\n<meta name=\"twitter:label1\" content=\"\u00c9crit par\" \/>\n\t<meta name=\"twitter:data1\" content=\"Comptoir National de l&#039;Or\" \/>\n\t<meta name=\"twitter:label2\" content=\"Dur\u00e9e de lecture estim\u00e9e\" \/>\n\t<meta name=\"twitter:data2\" content=\"1 minute\" \/>\n<script type=\"application\/ld+json\" class=\"yoast-schema-graph\">{\"@context\":\"https:\\\/\\\/schema.org\",\"@graph\":[{\"@type\":\"Article\",\"@id\":\"https:\\\/\\\/www.gold.fr\\\/news\\\/2017\\\/05\\\/12\\\/lonce-dor-se-remet-au-vert\\\/#article\",\"isPartOf\":{\"@id\":\"https:\\\/\\\/www.gold.fr\\\/news\\\/2017\\\/05\\\/12\\\/lonce-dor-se-remet-au-vert\\\/\"},\"author\":{\"name\":\"Comptoir National de l'Or\",\"@id\":\"https:\\\/\\\/www.gold.fr\\\/news\\\/#\\\/schema\\\/person\\\/070491b4b4fb7671bf59b3be20302ce9\"},\"headline\":\"L\u2019once d\u2019or se remet au vert\",\"datePublished\":\"2017-05-12T11:00:16+00:00\",\"dateModified\":\"2021-01-13T10:16:35+00:00\",\"mainEntityOfPage\":{\"@id\":\"https:\\\/\\\/www.gold.fr\\\/news\\\/2017\\\/05\\\/12\\\/lonce-dor-se-remet-au-vert\\\/\"},\"wordCount\":204,\"image\":{\"@id\":\"https:\\\/\\\/www.gold.fr\\\/news\\\/2017\\\/05\\\/12\\\/lonce-dor-se-remet-au-vert\\\/#primaryimage\"},\"thumbnailUrl\":\"https:\\\/\\\/www.gold.fr\\\/news\\\/wp-content\\\/uploads\\\/2011\\\/11\\\/Once-or-21-e1320920348187.jpg\",\"keywords\":[\"stabilisation du cours de l'or\"],\"articleSection\":[\"Flash infos\"],\"inLanguage\":\"fr-FR\"},{\"@type\":\"WebPage\",\"@id\":\"https:\\\/\\\/www.gold.fr\\\/news\\\/2017\\\/05\\\/12\\\/lonce-dor-se-remet-au-vert\\\/\",\"url\":\"https:\\\/\\\/www.gold.fr\\\/news\\\/2017\\\/05\\\/12\\\/lonce-dor-se-remet-au-vert\\\/\",\"name\":\"L\u2019once d\u2019or se remet au vert - Gold.fr\",\"isPartOf\":{\"@id\":\"https:\\\/\\\/www.gold.fr\\\/news\\\/#website\"},\"primaryImageOfPage\":{\"@id\":\"https:\\\/\\\/www.gold.fr\\\/news\\\/2017\\\/05\\\/12\\\/lonce-dor-se-remet-au-vert\\\/#primaryimage\"},\"image\":{\"@id\":\"https:\\\/\\\/www.gold.fr\\\/news\\\/2017\\\/05\\\/12\\\/lonce-dor-se-remet-au-vert\\\/#primaryimage\"},\"thumbnailUrl\":\"https:\\\/\\\/www.gold.fr\\\/news\\\/wp-content\\\/uploads\\\/2011\\\/11\\\/Once-or-21-e1320920348187.jpg\",\"datePublished\":\"2017-05-12T11:00:16+00:00\",\"dateModified\":\"2021-01-13T10:16:35+00:00\",\"author\":{\"@id\":\"https:\\\/\\\/www.gold.fr\\\/news\\\/#\\\/schema\\\/person\\\/070491b4b4fb7671bf59b3be20302ce9\"},\"breadcrumb\":{\"@id\":\"https:\\\/\\\/www.gold.fr\\\/news\\\/2017\\\/05\\\/12\\\/lonce-dor-se-remet-au-vert\\\/#breadcrumb\"},\"inLanguage\":\"fr-FR\",\"potentialAction\":[{\"@type\":\"ReadAction\",\"target\":[\"https:\\\/\\\/www.gold.fr\\\/news\\\/2017\\\/05\\\/12\\\/lonce-dor-se-remet-au-vert\\\/\"]}]},{\"@type\":\"ImageObject\",\"inLanguage\":\"fr-FR\",\"@id\":\"https:\\\/\\\/www.gold.fr\\\/news\\\/2017\\\/05\\\/12\\\/lonce-dor-se-remet-au-vert\\\/#primaryimage\",\"url\":\"https:\\\/\\\/www.gold.fr\\\/news\\\/wp-content\\\/uploads\\\/2011\\\/11\\\/Once-or-21-e1320920348187.jpg\",\"contentUrl\":\"https:\\\/\\\/www.gold.fr\\\/news\\\/wp-content\\\/uploads\\\/2011\\\/11\\\/Once-or-21-e1320920348187.jpg\",\"width\":\"600\",\"height\":\"404\",\"caption\":\"L\u2019once d\u2019or se remet au vert\"},{\"@type\":\"BreadcrumbList\",\"@id\":\"https:\\\/\\\/www.gold.fr\\\/news\\\/2017\\\/05\\\/12\\\/lonce-dor-se-remet-au-vert\\\/#breadcrumb\",\"itemListElement\":[{\"@type\":\"ListItem\",\"position\":1,\"name\":\"Accueil\",\"item\":\"https:\\\/\\\/www.gold.fr\\\/\"},{\"@type\":\"ListItem\",\"position\":2,\"name\":\"Actualit\u00e9s\",\"item\":\"https:\\\/\\\/www.gold.fr\\\/news\\\/\"},{\"@type\":\"ListItem\",\"position\":3,\"name\":\"L\u2019once d\u2019or se remet au vert\"}]},{\"@type\":\"WebSite\",\"@id\":\"https:\\\/\\\/www.gold.fr\\\/news\\\/#website\",\"url\":\"https:\\\/\\\/www.gold.fr\\\/news\\\/\",\"name\":\"Gold.fr\",\"description\":\"Actualit\u00e9s de l&#039;Or et des m\u00e9taux pr\u00e9cieux\",\"potentialAction\":[{\"@type\":\"SearchAction\",\"target\":{\"@type\":\"EntryPoint\",\"urlTemplate\":\"https:\\\/\\\/www.gold.fr\\\/news\\\/?s={search_term_string}\"},\"query-input\":{\"@type\":\"PropertyValueSpecification\",\"valueRequired\":true,\"valueName\":\"search_term_string\"}}],\"inLanguage\":\"fr-FR\"},{\"@type\":\"Person\",\"@id\":\"https:\\\/\\\/www.gold.fr\\\/news\\\/#\\\/schema\\\/person\\\/070491b4b4fb7671bf59b3be20302ce9\",\"name\":\"Comptoir National de l'Or\",\"image\":{\"@type\":\"ImageObject\",\"inLanguage\":\"fr-FR\",\"@id\":\"https:\\\/\\\/secure.gravatar.com\\\/avatar\\\/0a2867fd5abe37bed95d5a65e9d58f01756e11efc68af9888dfc50cfa7f65948?s=96&d=mm&r=gb490554db0a38188709de567aa58480d\",\"url\":\"https:\\\/\\\/secure.gravatar.com\\\/avatar\\\/0a2867fd5abe37bed95d5a65e9d58f01756e11efc68af9888dfc50cfa7f65948?s=96&d=mm&r=g\",\"contentUrl\":\"https:\\\/\\\/secure.gravatar.com\\\/avatar\\\/0a2867fd5abe37bed95d5a65e9d58f01756e11efc68af9888dfc50cfa7f65948?s=96&d=mm&r=g\",\"caption\":\"Comptoir National de l'Or\"},\"description\":\"Notre r\u00e9daction est constitu\u00e9e de membres experts dans les m\u00e9tiers de l'\u00e9conomie et la gestion, des Responsables d'agence Comptoir National de l'Or, des analystes financiers qui publient r\u00e9guli\u00e8rement des \u00e9tudes sur les politiques des banques centrales, le cours de l'or, prix de l'or, cours de l'argent, prix de l'argent, cours du platine, cours du palladium,... la situation en zone euro et l'impact de la strat\u00e9gie mon\u00e9taire de la FED. Notre \u00e9quipe scrute \u00e9galement une information plus g\u00e9n\u00e9raliste \u00e0 la recherche d'actualit\u00e9 \\\"p\u00e9pite\\\" \u00e0 vous partager. Depuis 5 ans, nous avons publi\u00e9 un peu plus de 4000 articles qui s'adressent \u00e0 un public large et vari\u00e9 ayant pour objectif de satisfaire votre curiosit\u00e9 et de partager avec vous une certaine fascination pour le m\u00e9tal jaune, le rachat d'or, et pour ceux qui veulent investir dans l'or, vendre leur or tout simplement en savoir plus... Pour tous vos achat or et argent, n'h\u00e9sitez pas \u00e0 prendre rendez-vous dans l'un de nos nombreux comptoirs.\",\"sameAs\":[\"https:\\\/\\\/www.gold.fr\"]}]}<\/script>\n<!-- \/ Yoast SEO plugin. -->","yoast_head_json":{"title":"L\u2019once d\u2019or se remet au vert - Gold.fr","robots":{"index":"index","follow":"follow","max-snippet":"max-snippet:-1","max-image-preview":"max-image-preview:large","max-video-preview":"max-video-preview:-1"},"canonical":"https:\/\/www.gold.fr\/news\/2017\/05\/12\/lonce-dor-se-remet-au-vert\/","og_locale":"fr_FR","og_type":"article","og_title":"L\u2019once d\u2019or se remet au vert - Gold.fr","og_description":"Lors de la s\u00e9ance d&rsquo;hier, le CAC 40 a r\u00e9ussi \u00e0 r\u00e9duire de moiti\u00e9 les pertes subies depuis la journ\u00e9e de mercredi et affiche en fin de parcours une mesure \u00e0 5.375 points. Notons que malgr\u00e9 [&hellip;]","og_url":"https:\/\/www.gold.fr\/news\/2017\/05\/12\/lonce-dor-se-remet-au-vert\/","og_site_name":"Gold.fr","article_publisher":"https:\/\/www.facebook.com\/Goldfr\/","article_published_time":"2017-05-12T11:00:16+00:00","article_modified_time":"2021-01-13T10:16:35+00:00","og_image":[{"width":600,"height":404,"url":"https:\/\/www.gold.fr\/news\/wp-content\/uploads\/2011\/11\/Once-or-21-e1320920348187.jpg","type":"image\/jpeg"}],"author":"Comptoir National de l'Or","twitter_card":"summary_large_image","twitter_misc":{"\u00c9crit par":"Comptoir National de l'Or","Dur\u00e9e de lecture estim\u00e9e":"1 minute"},"schema":{"@context":"https:\/\/schema.org","@graph":[{"@type":"Article","@id":"https:\/\/www.gold.fr\/news\/2017\/05\/12\/lonce-dor-se-remet-au-vert\/#article","isPartOf":{"@id":"https:\/\/www.gold.fr\/news\/2017\/05\/12\/lonce-dor-se-remet-au-vert\/"},"author":{"name":"Comptoir National de l'Or","@id":"https:\/\/www.gold.fr\/news\/#\/schema\/person\/070491b4b4fb7671bf59b3be20302ce9"},"headline":"L\u2019once d\u2019or se remet au vert","datePublished":"2017-05-12T11:00:16+00:00","dateModified":"2021-01-13T10:16:35+00:00","mainEntityOfPage":{"@id":"https:\/\/www.gold.fr\/news\/2017\/05\/12\/lonce-dor-se-remet-au-vert\/"},"wordCount":204,"image":{"@id":"https:\/\/www.gold.fr\/news\/2017\/05\/12\/lonce-dor-se-remet-au-vert\/#primaryimage"},"thumbnailUrl":"https:\/\/www.gold.fr\/news\/wp-content\/uploads\/2011\/11\/Once-or-21-e1320920348187.jpg","keywords":["stabilisation du cours de l'or"],"articleSection":["Flash infos"],"inLanguage":"fr-FR"},{"@type":"WebPage","@id":"https:\/\/www.gold.fr\/news\/2017\/05\/12\/lonce-dor-se-remet-au-vert\/","url":"https:\/\/www.gold.fr\/news\/2017\/05\/12\/lonce-dor-se-remet-au-vert\/","name":"L\u2019once d\u2019or se remet au vert - Gold.fr","isPartOf":{"@id":"https:\/\/www.gold.fr\/news\/#website"},"primaryImageOfPage":{"@id":"https:\/\/www.gold.fr\/news\/2017\/05\/12\/lonce-dor-se-remet-au-vert\/#primaryimage"},"image":{"@id":"https:\/\/www.gold.fr\/news\/2017\/05\/12\/lonce-dor-se-remet-au-vert\/#primaryimage"},"thumbnailUrl":"https:\/\/www.gold.fr\/news\/wp-content\/uploads\/2011\/11\/Once-or-21-e1320920348187.jpg","datePublished":"2017-05-12T11:00:16+00:00","dateModified":"2021-01-13T10:16:35+00:00","author":{"@id":"https:\/\/www.gold.fr\/news\/#\/schema\/person\/070491b4b4fb7671bf59b3be20302ce9"},"breadcrumb":{"@id":"https:\/\/www.gold.fr\/news\/2017\/05\/12\/lonce-dor-se-remet-au-vert\/#breadcrumb"},"inLanguage":"fr-FR","potentialAction":[{"@type":"ReadAction","target":["https:\/\/www.gold.fr\/news\/2017\/05\/12\/lonce-dor-se-remet-au-vert\/"]}]},{"@type":"ImageObject","inLanguage":"fr-FR","@id":"https:\/\/www.gold.fr\/news\/2017\/05\/12\/lonce-dor-se-remet-au-vert\/#primaryimage","url":"https:\/\/www.gold.fr\/news\/wp-content\/uploads\/2011\/11\/Once-or-21-e1320920348187.jpg","contentUrl":"https:\/\/www.gold.fr\/news\/wp-content\/uploads\/2011\/11\/Once-or-21-e1320920348187.jpg","width":"600","height":"404","caption":"L\u2019once d\u2019or se remet au vert"},{"@type":"BreadcrumbList","@id":"https:\/\/www.gold.fr\/news\/2017\/05\/12\/lonce-dor-se-remet-au-vert\/#breadcrumb","itemListElement":[{"@type":"ListItem","position":1,"name":"Accueil","item":"https:\/\/www.gold.fr\/"},{"@type":"ListItem","position":2,"name":"Actualit\u00e9s","item":"https:\/\/www.gold.fr\/news\/"},{"@type":"ListItem","position":3,"name":"L\u2019once d\u2019or se remet au vert"}]},{"@type":"WebSite","@id":"https:\/\/www.gold.fr\/news\/#website","url":"https:\/\/www.gold.fr\/news\/","name":"Gold.fr","description":"Actualit\u00e9s de l&#039;Or et des m\u00e9taux pr\u00e9cieux","potentialAction":[{"@type":"SearchAction","target":{"@type":"EntryPoint","urlTemplate":"https:\/\/www.gold.fr\/news\/?s={search_term_string}"},"query-input":{"@type":"PropertyValueSpecification","valueRequired":true,"valueName":"search_term_string"}}],"inLanguage":"fr-FR"},{"@type":"Person","@id":"https:\/\/www.gold.fr\/news\/#\/schema\/person\/070491b4b4fb7671bf59b3be20302ce9","name":"Comptoir National de l'Or","image":{"@type":"ImageObject","inLanguage":"fr-FR","@id":"https:\/\/secure.gravatar.com\/avatar\/0a2867fd5abe37bed95d5a65e9d58f01756e11efc68af9888dfc50cfa7f65948?s=96&d=mm&r=gb490554db0a38188709de567aa58480d","url":"https:\/\/secure.gravatar.com\/avatar\/0a2867fd5abe37bed95d5a65e9d58f01756e11efc68af9888dfc50cfa7f65948?s=96&d=mm&r=g","contentUrl":"https:\/\/secure.gravatar.com\/avatar\/0a2867fd5abe37bed95d5a65e9d58f01756e11efc68af9888dfc50cfa7f65948?s=96&d=mm&r=g","caption":"Comptoir National de l'Or"},"description":"Notre r\u00e9daction est constitu\u00e9e de membres experts dans les m\u00e9tiers de l'\u00e9conomie et la gestion, des Responsables d'agence Comptoir National de l'Or, des analystes financiers qui publient r\u00e9guli\u00e8rement des \u00e9tudes sur les politiques des banques centrales, le cours de l'or, prix de l'or, cours de l'argent, prix de l'argent, cours du platine, cours du palladium,... la situation en zone euro et l'impact de la strat\u00e9gie mon\u00e9taire de la FED. Notre \u00e9quipe scrute \u00e9galement une information plus g\u00e9n\u00e9raliste \u00e0 la recherche d'actualit\u00e9 \"p\u00e9pite\" \u00e0 vous partager. Depuis 5 ans, nous avons publi\u00e9 un peu plus de 4000 articles qui s'adressent \u00e0 un public large et vari\u00e9 ayant pour objectif de satisfaire votre curiosit\u00e9 et de partager avec vous une certaine fascination pour le m\u00e9tal jaune, le rachat d'or, et pour ceux qui veulent investir dans l'or, vendre leur or tout simplement en savoir plus... Pour tous vos achat or et argent, n'h\u00e9sitez pas \u00e0 prendre rendez-vous dans l'un de nos nombreux comptoirs.","sameAs":["https:\/\/www.gold.fr"]}]}},"authors":[{"term_id":2565,"user_id":18,"is_guest":0,"slug":"julie","display_name":"Comptoir National de l'Or","avatar_url":"https:\/\/secure.gravatar.com\/avatar\/713f289e398d35ead876c4a4cc08607f0d6d266058cfc25683fffb6092d0e572?s=96&d=mm&r=g","0":null,"1":"","2":"","3":"","4":"","5":"","6":"","7":"","8":""}],"_links":{"self":[{"href":"https:\/\/www.gold.fr\/news\/wp-json\/wp\/v2\/posts\/21214","targetHints":{"allow":["GET"]}}],"collection":[{"href":"https:\/\/www.gold.fr\/news\/wp-json\/wp\/v2\/posts"}],"about":[{"href":"https:\/\/www.gold.fr\/news\/wp-json\/wp\/v2\/types\/post"}],"author":[{"embeddable":true,"href":"https:\/\/www.gold.fr\/news\/wp-json\/wp\/v2\/users\/18"}],"replies":[{"embeddable":true,"href":"https:\/\/www.gold.fr\/news\/wp-json\/wp\/v2\/comments?post=21214"}],"version-history":[{"count":0,"href":"https:\/\/www.gold.fr\/news\/wp-json\/wp\/v2\/posts\/21214\/revisions"}],"wp:featuredmedia":[{"embeddable":true,"href":"https:\/\/www.gold.fr\/news\/wp-json\/wp\/v2\/media\/3687"}],"wp:attachment":[{"href":"https:\/\/www.gold.fr\/news\/wp-json\/wp\/v2\/media?parent=21214"}],"wp:term":[{"taxonomy":"category","embeddable":true,"href":"https:\/\/www.gold.fr\/news\/wp-json\/wp\/v2\/categories?post=21214"},{"taxonomy":"post_tag","embeddable":true,"href":"https:\/\/www.gold.fr\/news\/wp-json\/wp\/v2\/tags?post=21214"},{"taxonomy":"author","embeddable":true,"href":"https:\/\/www.gold.fr\/news\/wp-json\/wp\/v2\/ppma_author?post=21214"}],"curies":[{"name":"wp","href":"https:\/\/api.w.org\/{rel}","templated":true}]}}