{"id":21180,"date":"2017-06-01T11:24:36","date_gmt":"2017-06-01T09:24:36","guid":{"rendered":"https:\/\/www.gold.fr\/news\/?p=21180"},"modified":"2021-01-13T10:37:42","modified_gmt":"2021-01-13T09:37:42","slug":"le-buzz-de-lor-enquete-exclusive-pour-le-comptoir-national-de-lor","status":"publish","type":"post","link":"https:\/\/www.gold.fr\/news\/2017\/06\/01\/le-buzz-de-lor-enquete-exclusive-pour-le-comptoir-national-de-lor\/","title":{"rendered":"Le Buzz de l&rsquo;Or : Enqu\u00eate Exclusive pour le Comptoir National de l&rsquo;Or"},"content":{"rendered":"<div class=\"page\" title=\"Page 1\">\n<div class=\"section\">\n<div class=\"layoutArea\">\n<h2 class=\"column\">L&rsquo;Or, un placement qui est redevenu tendance<\/h2>\n<\/p><\/div>\n<\/p><\/div>\n<p>  <img loading=\"lazy\" decoding=\"async\" class=\"alignleft wp-image-21358 size-thumbnail\" title=\"Le Buzz de l'Or : Enqu\u00eate Exclusive pour le Comptoir National de l'Or\" src=\"https:\/\/www.gold.fr\/news\/wp-content\/uploads\/2017\/05\/Sondage-comptoir-national-or-150x150.png\" alt=\"Le Buzz de l'Or : Enqu\u00eate Exclusive pour le Comptoir National de l'Or\" width=\"150\" height=\"150\" \/>D&rsquo;apr\u00e8s une \u00e9tude Opinion Way pour Le Comptoir National de l&rsquo;Or &#8211; Gold.fr, r\u00e9alis\u00e9e aupr\u00e8s d&rsquo;un \u00e9chantillon de 1016 individus repr\u00e9sentatifs de la population fran\u00e7aise, <strong>62% des fran\u00e7ais consid\u00e8rent encore l&rsquo;or comme un des placements les plus s\u00fbrs en p\u00e9riode d&rsquo;instabilit\u00e9 \u00e9conomique et politique.<\/strong>    Alors que la s\u00e9quence des \u00e9lections pr\u00e9sidentielles vient de se refermer, il est int\u00e9ressant de se pencher sur les fluctuations de l&rsquo;or jaune durant cette p\u00e9riode. Avant le premier tour, avec les perspectives d&rsquo;un FREXIT en cas de victoire de Marine Le Pen, ont pouss\u00e9 le cours de l&rsquo;or vers le haut qui s&rsquo;est hiss\u00e9 \u00e0 un pic de 1212 \u20ac\/oz (kg) au cours de la semaine du 1<sup>er<\/sup> tour. Ce qui repr\u00e9sente une augmentation de pr\u00e8s de 9% depuis le d\u00e9but de l&rsquo;ann\u00e9e 2017. Alors que la configuration du second tour a tenu \u00e9loign\u00e9e la possibilit\u00e9 d&rsquo;un FREXIT, le cours est redescendu \u00e0 1116\u20ac\/oz la veille du second tour (soit -8%), les march\u00e9s ayant anticip\u00e9 la victoire d&rsquo;Emmanuel Macron.    Aujourd&rsquo;hui, l&rsquo;or est en l\u00e9g\u00e8re hausse \u00e0 1253\u20ac\/oz (+0,10%) et est ainsi proche des plus cours les plus bas vus en 2016 ce qui permet de consid\u00e9rer que le <strong>cours est attractif. <\/strong>    En r\u00e9sum\u00e9 :  <\/p>\n<ul>\n<li><strong><em>Pour 42% des Fran\u00e7ais<\/em><\/strong><em>, l&rsquo;instabilit\u00e9 du syst\u00e8me bancaire europ\u00e9en et en particulier la sortie de la France de la zone euro sont les principales menaces pour la stabilit\u00e9 \u00e9conomique.<\/em><\/li>\n<li><strong><em>Pour 62% des Fran\u00e7ais, <\/em><\/strong><em>l&rsquo;or est le second placement le plus s\u00fbr apr\u00e8s l&rsquo;immobilier. Ce qui, aujourd&rsquo;hui, contribue \u00e0 sa forte attractivit\u00e9.<\/em><\/li>\n<li><strong><em>Pour 31% des Fran\u00e7ais, <\/em><\/strong><em>l&rsquo;or est le placement le plus r\u00e9mun\u00e9rateur, \u00e0 \u00e9galit\u00e9 avec l&rsquo;immobilier<\/em><\/li>\n<\/ul>\n<div class=\"section\">\n<div class=\"layoutArea\">\n<div class=\"column\">\n<div class=\"page\" title=\"Page 1\">\n<div class=\"section\">\n<div class=\"layoutArea\">\n<div class=\"column\"><strong>Voir tous les articles de notre enqu\u00eate exclusive :<\/strong><\/div>\n<ul>\n<li class=\"column\"><b><\/b><a href=\"https:\/\/www.gold.fr\/news\/2017\/06\/01\/lor-un-placement-refuge-par-excellence\/\" target=\"_blank\" rel=\"noopener noreferrer\"><b>L&rsquo;<\/b><b>Or un placement refuge par excellence<\/b><\/a><\/li>\n<li class=\"column\"><a href=\"https:\/\/www.gold.fr\/news\/2017\/05\/29\/quels-sont-les-placements-juges-les-plus-surs\/\" target=\"_blank\" rel=\"noopener noreferrer\"><strong>Quels sont les <\/strong><strong>placements jug\u00e9s les plus s\u00fbrs<\/strong><\/a><\/li>\n<\/ul>\n<p>  <em>Toute publication totale ou partielle doit imp\u00e9rativement utiliser la mention compl\u00e8te suivante :<\/em>    <em>\u00ab\u00a0Sondage OpinionWay pour Le Comptoir National de l&rsquo;Or, www.gold.fr\u00a0\u00bb<\/em>    <em>Aucune reprise de l&rsquo;enqu\u00eate ne pourra \u00eatre dissoci\u00e9e de cet intitul\u00e9.<\/em>    <a href=\"https:\/\/www.gold.fr\/contact\/\" target=\"_blank\" rel=\"noopener noreferrer\">Vous avez des questions ? Vous avez besoin de conseils ? N\u2019h\u00e9sitez pas \u00e0 nous contacter, notre \u00e9quipe vous r\u00e9pondra dans les plus brefs d\u00e9lais.<\/a>    <\/div>\n<\/p><\/div>\n<\/p><\/div>\n<\/p><\/div>\n<\/p><\/div>\n<\/p><\/div>\n<\/p><\/div>\n<!-- AddThis Advanced Settings generic via filter on the_content --><!-- AddThis Share Buttons generic via filter on the_content -->","protected":false},"excerpt":{"rendered":"<p>L&rsquo;Or, un placement qui est redevenu tendance D&rsquo;apr\u00e8s une \u00e9tude Opinion Way pour Le Comptoir National de l&rsquo;Or &#8211; Gold.fr, r\u00e9alis\u00e9e aupr\u00e8s d&rsquo;un \u00e9chantillon de 1016 individus repr\u00e9sentatifs de la population fran\u00e7aise, 62% des fran\u00e7ais consid\u00e8rent [&hellip;]<\/p>\n","protected":false},"author":18,"featured_media":21358,"comment_status":"closed","ping_status":"closed","sticky":false,"template":"","format":"standard","meta":{"_mbp_gutenberg_autopost":false,"_pgmb_is_evergreen":false,"_pgmb_ap_template_id":0,"footnotes":""},"categories":[4,6],"tags":[115],"ppma_author":[2565],"class_list":["post-21180","post","type-post","status-publish","format-standard","has-post-thumbnail","hentry","category-analyses-economiques","category-articles-de-presse","tag-comptoir-national-de-lor"],"yoast_head":"<!-- This site is optimized with the Yoast SEO plugin v27.5 - https:\/\/yoast.com\/product\/yoast-seo-wordpress\/ -->\n<title>Le Buzz de l&#039;Or : Enqu\u00eate Exclusive pour le Comptoir National de l&#039;Or - Gold.fr<\/title>\n<meta name=\"robots\" content=\"index, follow, max-snippet:-1, max-image-preview:large, max-video-preview:-1\" \/>\n<link rel=\"canonical\" href=\"https:\/\/www.gold.fr\/news\/2017\/06\/01\/le-buzz-de-lor-enquete-exclusive-pour-le-comptoir-national-de-lor\/\" \/>\n<meta property=\"og:locale\" content=\"fr_FR\" \/>\n<meta property=\"og:type\" content=\"article\" \/>\n<meta property=\"og:title\" content=\"Le Buzz de l&#039;Or : Enqu\u00eate Exclusive pour le Comptoir National de l&#039;Or - Gold.fr\" \/>\n<meta property=\"og:description\" content=\"L&rsquo;Or, un placement qui est redevenu tendance D&rsquo;apr\u00e8s une \u00e9tude Opinion Way pour Le Comptoir National de l&rsquo;Or &#8211; Gold.fr, r\u00e9alis\u00e9e aupr\u00e8s d&rsquo;un \u00e9chantillon de 1016 individus repr\u00e9sentatifs de la population fran\u00e7aise, 62% des fran\u00e7ais consid\u00e8rent [&hellip;]\" \/>\n<meta property=\"og:url\" content=\"https:\/\/www.gold.fr\/news\/2017\/06\/01\/le-buzz-de-lor-enquete-exclusive-pour-le-comptoir-national-de-lor\/\" \/>\n<meta property=\"og:site_name\" content=\"Gold.fr\" \/>\n<meta property=\"article:publisher\" content=\"https:\/\/www.facebook.com\/Goldfr\/\" \/>\n<meta property=\"article:published_time\" content=\"2017-06-01T09:24:36+00:00\" \/>\n<meta property=\"article:modified_time\" content=\"2021-01-13T09:37:42+00:00\" \/>\n<meta property=\"og:image\" content=\"https:\/\/www.gold.fr\/news\/wp-content\/uploads\/2017\/05\/Sondage-comptoir-national-or.png\" \/>\n\t<meta property=\"og:image:width\" content=\"606\" \/>\n\t<meta property=\"og:image:height\" content=\"402\" \/>\n\t<meta property=\"og:image:type\" content=\"image\/png\" \/>\n<meta name=\"author\" content=\"Comptoir National de l&#039;Or\" \/>\n<meta name=\"twitter:card\" content=\"summary_large_image\" \/>\n<meta name=\"twitter:label1\" content=\"\u00c9crit par\" \/>\n\t<meta name=\"twitter:data1\" content=\"Comptoir National de l&#039;Or\" \/>\n\t<meta name=\"twitter:label2\" content=\"Dur\u00e9e de lecture estim\u00e9e\" \/>\n\t<meta name=\"twitter:data2\" content=\"2 minutes\" \/>\n<script type=\"application\/ld+json\" class=\"yoast-schema-graph\">{\"@context\":\"https:\\\/\\\/schema.org\",\"@graph\":[{\"@type\":\"Article\",\"@id\":\"https:\\\/\\\/www.gold.fr\\\/news\\\/2017\\\/06\\\/01\\\/le-buzz-de-lor-enquete-exclusive-pour-le-comptoir-national-de-lor\\\/#article\",\"isPartOf\":{\"@id\":\"https:\\\/\\\/www.gold.fr\\\/news\\\/2017\\\/06\\\/01\\\/le-buzz-de-lor-enquete-exclusive-pour-le-comptoir-national-de-lor\\\/\"},\"author\":{\"name\":\"Comptoir National de l'Or\",\"@id\":\"https:\\\/\\\/www.gold.fr\\\/news\\\/#\\\/schema\\\/person\\\/070491b4b4fb7671bf59b3be20302ce9\"},\"headline\":\"Le Buzz de l&rsquo;Or : Enqu\u00eate Exclusive pour le Comptoir National de l&rsquo;Or\",\"datePublished\":\"2017-06-01T09:24:36+00:00\",\"dateModified\":\"2021-01-13T09:37:42+00:00\",\"mainEntityOfPage\":{\"@id\":\"https:\\\/\\\/www.gold.fr\\\/news\\\/2017\\\/06\\\/01\\\/le-buzz-de-lor-enquete-exclusive-pour-le-comptoir-national-de-lor\\\/\"},\"wordCount\":418,\"image\":{\"@id\":\"https:\\\/\\\/www.gold.fr\\\/news\\\/2017\\\/06\\\/01\\\/le-buzz-de-lor-enquete-exclusive-pour-le-comptoir-national-de-lor\\\/#primaryimage\"},\"thumbnailUrl\":\"https:\\\/\\\/www.gold.fr\\\/news\\\/wp-content\\\/uploads\\\/2017\\\/05\\\/Sondage-comptoir-national-or.png\",\"keywords\":[\"Comptoir National de l'Or\"],\"articleSection\":[\"Analyses Economiques\",\"Articles de presse\"],\"inLanguage\":\"fr-FR\"},{\"@type\":\"WebPage\",\"@id\":\"https:\\\/\\\/www.gold.fr\\\/news\\\/2017\\\/06\\\/01\\\/le-buzz-de-lor-enquete-exclusive-pour-le-comptoir-national-de-lor\\\/\",\"url\":\"https:\\\/\\\/www.gold.fr\\\/news\\\/2017\\\/06\\\/01\\\/le-buzz-de-lor-enquete-exclusive-pour-le-comptoir-national-de-lor\\\/\",\"name\":\"Le Buzz de l'Or : Enqu\u00eate Exclusive pour le Comptoir National de l'Or - Gold.fr\",\"isPartOf\":{\"@id\":\"https:\\\/\\\/www.gold.fr\\\/news\\\/#website\"},\"primaryImageOfPage\":{\"@id\":\"https:\\\/\\\/www.gold.fr\\\/news\\\/2017\\\/06\\\/01\\\/le-buzz-de-lor-enquete-exclusive-pour-le-comptoir-national-de-lor\\\/#primaryimage\"},\"image\":{\"@id\":\"https:\\\/\\\/www.gold.fr\\\/news\\\/2017\\\/06\\\/01\\\/le-buzz-de-lor-enquete-exclusive-pour-le-comptoir-national-de-lor\\\/#primaryimage\"},\"thumbnailUrl\":\"https:\\\/\\\/www.gold.fr\\\/news\\\/wp-content\\\/uploads\\\/2017\\\/05\\\/Sondage-comptoir-national-or.png\",\"datePublished\":\"2017-06-01T09:24:36+00:00\",\"dateModified\":\"2021-01-13T09:37:42+00:00\",\"author\":{\"@id\":\"https:\\\/\\\/www.gold.fr\\\/news\\\/#\\\/schema\\\/person\\\/070491b4b4fb7671bf59b3be20302ce9\"},\"breadcrumb\":{\"@id\":\"https:\\\/\\\/www.gold.fr\\\/news\\\/2017\\\/06\\\/01\\\/le-buzz-de-lor-enquete-exclusive-pour-le-comptoir-national-de-lor\\\/#breadcrumb\"},\"inLanguage\":\"fr-FR\",\"potentialAction\":[{\"@type\":\"ReadAction\",\"target\":[\"https:\\\/\\\/www.gold.fr\\\/news\\\/2017\\\/06\\\/01\\\/le-buzz-de-lor-enquete-exclusive-pour-le-comptoir-national-de-lor\\\/\"]}]},{\"@type\":\"ImageObject\",\"inLanguage\":\"fr-FR\",\"@id\":\"https:\\\/\\\/www.gold.fr\\\/news\\\/2017\\\/06\\\/01\\\/le-buzz-de-lor-enquete-exclusive-pour-le-comptoir-national-de-lor\\\/#primaryimage\",\"url\":\"https:\\\/\\\/www.gold.fr\\\/news\\\/wp-content\\\/uploads\\\/2017\\\/05\\\/Sondage-comptoir-national-or.png\",\"contentUrl\":\"https:\\\/\\\/www.gold.fr\\\/news\\\/wp-content\\\/uploads\\\/2017\\\/05\\\/Sondage-comptoir-national-or.png\",\"width\":606,\"height\":402,\"caption\":\"Le Buzz de l'Or : Enqu\u00eate Exclusive pour le Comptoir National de l'Or\"},{\"@type\":\"BreadcrumbList\",\"@id\":\"https:\\\/\\\/www.gold.fr\\\/news\\\/2017\\\/06\\\/01\\\/le-buzz-de-lor-enquete-exclusive-pour-le-comptoir-national-de-lor\\\/#breadcrumb\",\"itemListElement\":[{\"@type\":\"ListItem\",\"position\":1,\"name\":\"Accueil\",\"item\":\"https:\\\/\\\/www.gold.fr\\\/\"},{\"@type\":\"ListItem\",\"position\":2,\"name\":\"Actualit\u00e9s\",\"item\":\"https:\\\/\\\/www.gold.fr\\\/news\\\/\"},{\"@type\":\"ListItem\",\"position\":3,\"name\":\"Le Buzz de l&rsquo;Or : Enqu\u00eate Exclusive pour le Comptoir National de l&rsquo;Or\"}]},{\"@type\":\"WebSite\",\"@id\":\"https:\\\/\\\/www.gold.fr\\\/news\\\/#website\",\"url\":\"https:\\\/\\\/www.gold.fr\\\/news\\\/\",\"name\":\"Gold.fr\",\"description\":\"Actualit\u00e9s de l&#039;Or et des m\u00e9taux pr\u00e9cieux\",\"potentialAction\":[{\"@type\":\"SearchAction\",\"target\":{\"@type\":\"EntryPoint\",\"urlTemplate\":\"https:\\\/\\\/www.gold.fr\\\/news\\\/?s={search_term_string}\"},\"query-input\":{\"@type\":\"PropertyValueSpecification\",\"valueRequired\":true,\"valueName\":\"search_term_string\"}}],\"inLanguage\":\"fr-FR\"},{\"@type\":\"Person\",\"@id\":\"https:\\\/\\\/www.gold.fr\\\/news\\\/#\\\/schema\\\/person\\\/070491b4b4fb7671bf59b3be20302ce9\",\"name\":\"Comptoir National de l'Or\",\"image\":{\"@type\":\"ImageObject\",\"inLanguage\":\"fr-FR\",\"@id\":\"https:\\\/\\\/secure.gravatar.com\\\/avatar\\\/0a2867fd5abe37bed95d5a65e9d58f01756e11efc68af9888dfc50cfa7f65948?s=96&d=mm&r=gb490554db0a38188709de567aa58480d\",\"url\":\"https:\\\/\\\/secure.gravatar.com\\\/avatar\\\/0a2867fd5abe37bed95d5a65e9d58f01756e11efc68af9888dfc50cfa7f65948?s=96&d=mm&r=g\",\"contentUrl\":\"https:\\\/\\\/secure.gravatar.com\\\/avatar\\\/0a2867fd5abe37bed95d5a65e9d58f01756e11efc68af9888dfc50cfa7f65948?s=96&d=mm&r=g\",\"caption\":\"Comptoir National de l'Or\"},\"description\":\"Notre r\u00e9daction est constitu\u00e9e de membres experts dans les m\u00e9tiers de l'\u00e9conomie et la gestion, des Responsables d'agence Comptoir National de l'Or, des analystes financiers qui publient r\u00e9guli\u00e8rement des \u00e9tudes sur les politiques des banques centrales, le cours de l'or, prix de l'or, cours de l'argent, prix de l'argent, cours du platine, cours du palladium,... la situation en zone euro et l'impact de la strat\u00e9gie mon\u00e9taire de la FED. Notre \u00e9quipe scrute \u00e9galement une information plus g\u00e9n\u00e9raliste \u00e0 la recherche d'actualit\u00e9 \\\"p\u00e9pite\\\" \u00e0 vous partager. Depuis 5 ans, nous avons publi\u00e9 un peu plus de 4000 articles qui s'adressent \u00e0 un public large et vari\u00e9 ayant pour objectif de satisfaire votre curiosit\u00e9 et de partager avec vous une certaine fascination pour le m\u00e9tal jaune, le rachat d'or, et pour ceux qui veulent investir dans l'or, vendre leur or tout simplement en savoir plus... Pour tous vos achat or et argent, n'h\u00e9sitez pas \u00e0 prendre rendez-vous dans l'un de nos nombreux comptoirs.\",\"sameAs\":[\"https:\\\/\\\/www.gold.fr\"]}]}<\/script>\n<!-- \/ Yoast SEO plugin. -->","yoast_head_json":{"title":"Le Buzz de l'Or : Enqu\u00eate Exclusive pour le Comptoir National de l'Or - Gold.fr","robots":{"index":"index","follow":"follow","max-snippet":"max-snippet:-1","max-image-preview":"max-image-preview:large","max-video-preview":"max-video-preview:-1"},"canonical":"https:\/\/www.gold.fr\/news\/2017\/06\/01\/le-buzz-de-lor-enquete-exclusive-pour-le-comptoir-national-de-lor\/","og_locale":"fr_FR","og_type":"article","og_title":"Le Buzz de l'Or : Enqu\u00eate Exclusive pour le Comptoir National de l'Or - Gold.fr","og_description":"L&rsquo;Or, un placement qui est redevenu tendance D&rsquo;apr\u00e8s une \u00e9tude Opinion Way pour Le Comptoir National de l&rsquo;Or &#8211; Gold.fr, r\u00e9alis\u00e9e aupr\u00e8s d&rsquo;un \u00e9chantillon de 1016 individus repr\u00e9sentatifs de la population fran\u00e7aise, 62% des fran\u00e7ais consid\u00e8rent [&hellip;]","og_url":"https:\/\/www.gold.fr\/news\/2017\/06\/01\/le-buzz-de-lor-enquete-exclusive-pour-le-comptoir-national-de-lor\/","og_site_name":"Gold.fr","article_publisher":"https:\/\/www.facebook.com\/Goldfr\/","article_published_time":"2017-06-01T09:24:36+00:00","article_modified_time":"2021-01-13T09:37:42+00:00","og_image":[{"width":606,"height":402,"url":"https:\/\/www.gold.fr\/news\/wp-content\/uploads\/2017\/05\/Sondage-comptoir-national-or.png","type":"image\/png"}],"author":"Comptoir National de l'Or","twitter_card":"summary_large_image","twitter_misc":{"\u00c9crit par":"Comptoir National de l'Or","Dur\u00e9e de lecture estim\u00e9e":"2 minutes"},"schema":{"@context":"https:\/\/schema.org","@graph":[{"@type":"Article","@id":"https:\/\/www.gold.fr\/news\/2017\/06\/01\/le-buzz-de-lor-enquete-exclusive-pour-le-comptoir-national-de-lor\/#article","isPartOf":{"@id":"https:\/\/www.gold.fr\/news\/2017\/06\/01\/le-buzz-de-lor-enquete-exclusive-pour-le-comptoir-national-de-lor\/"},"author":{"name":"Comptoir National de l'Or","@id":"https:\/\/www.gold.fr\/news\/#\/schema\/person\/070491b4b4fb7671bf59b3be20302ce9"},"headline":"Le Buzz de l&rsquo;Or : Enqu\u00eate Exclusive pour le Comptoir National de l&rsquo;Or","datePublished":"2017-06-01T09:24:36+00:00","dateModified":"2021-01-13T09:37:42+00:00","mainEntityOfPage":{"@id":"https:\/\/www.gold.fr\/news\/2017\/06\/01\/le-buzz-de-lor-enquete-exclusive-pour-le-comptoir-national-de-lor\/"},"wordCount":418,"image":{"@id":"https:\/\/www.gold.fr\/news\/2017\/06\/01\/le-buzz-de-lor-enquete-exclusive-pour-le-comptoir-national-de-lor\/#primaryimage"},"thumbnailUrl":"https:\/\/www.gold.fr\/news\/wp-content\/uploads\/2017\/05\/Sondage-comptoir-national-or.png","keywords":["Comptoir National de l'Or"],"articleSection":["Analyses Economiques","Articles de presse"],"inLanguage":"fr-FR"},{"@type":"WebPage","@id":"https:\/\/www.gold.fr\/news\/2017\/06\/01\/le-buzz-de-lor-enquete-exclusive-pour-le-comptoir-national-de-lor\/","url":"https:\/\/www.gold.fr\/news\/2017\/06\/01\/le-buzz-de-lor-enquete-exclusive-pour-le-comptoir-national-de-lor\/","name":"Le Buzz de l'Or : Enqu\u00eate Exclusive pour le Comptoir National de l'Or - Gold.fr","isPartOf":{"@id":"https:\/\/www.gold.fr\/news\/#website"},"primaryImageOfPage":{"@id":"https:\/\/www.gold.fr\/news\/2017\/06\/01\/le-buzz-de-lor-enquete-exclusive-pour-le-comptoir-national-de-lor\/#primaryimage"},"image":{"@id":"https:\/\/www.gold.fr\/news\/2017\/06\/01\/le-buzz-de-lor-enquete-exclusive-pour-le-comptoir-national-de-lor\/#primaryimage"},"thumbnailUrl":"https:\/\/www.gold.fr\/news\/wp-content\/uploads\/2017\/05\/Sondage-comptoir-national-or.png","datePublished":"2017-06-01T09:24:36+00:00","dateModified":"2021-01-13T09:37:42+00:00","author":{"@id":"https:\/\/www.gold.fr\/news\/#\/schema\/person\/070491b4b4fb7671bf59b3be20302ce9"},"breadcrumb":{"@id":"https:\/\/www.gold.fr\/news\/2017\/06\/01\/le-buzz-de-lor-enquete-exclusive-pour-le-comptoir-national-de-lor\/#breadcrumb"},"inLanguage":"fr-FR","potentialAction":[{"@type":"ReadAction","target":["https:\/\/www.gold.fr\/news\/2017\/06\/01\/le-buzz-de-lor-enquete-exclusive-pour-le-comptoir-national-de-lor\/"]}]},{"@type":"ImageObject","inLanguage":"fr-FR","@id":"https:\/\/www.gold.fr\/news\/2017\/06\/01\/le-buzz-de-lor-enquete-exclusive-pour-le-comptoir-national-de-lor\/#primaryimage","url":"https:\/\/www.gold.fr\/news\/wp-content\/uploads\/2017\/05\/Sondage-comptoir-national-or.png","contentUrl":"https:\/\/www.gold.fr\/news\/wp-content\/uploads\/2017\/05\/Sondage-comptoir-national-or.png","width":606,"height":402,"caption":"Le Buzz de l'Or : Enqu\u00eate Exclusive pour le Comptoir National de l'Or"},{"@type":"BreadcrumbList","@id":"https:\/\/www.gold.fr\/news\/2017\/06\/01\/le-buzz-de-lor-enquete-exclusive-pour-le-comptoir-national-de-lor\/#breadcrumb","itemListElement":[{"@type":"ListItem","position":1,"name":"Accueil","item":"https:\/\/www.gold.fr\/"},{"@type":"ListItem","position":2,"name":"Actualit\u00e9s","item":"https:\/\/www.gold.fr\/news\/"},{"@type":"ListItem","position":3,"name":"Le Buzz de l&rsquo;Or : Enqu\u00eate Exclusive pour le Comptoir National de l&rsquo;Or"}]},{"@type":"WebSite","@id":"https:\/\/www.gold.fr\/news\/#website","url":"https:\/\/www.gold.fr\/news\/","name":"Gold.fr","description":"Actualit\u00e9s de l&#039;Or et des m\u00e9taux pr\u00e9cieux","potentialAction":[{"@type":"SearchAction","target":{"@type":"EntryPoint","urlTemplate":"https:\/\/www.gold.fr\/news\/?s={search_term_string}"},"query-input":{"@type":"PropertyValueSpecification","valueRequired":true,"valueName":"search_term_string"}}],"inLanguage":"fr-FR"},{"@type":"Person","@id":"https:\/\/www.gold.fr\/news\/#\/schema\/person\/070491b4b4fb7671bf59b3be20302ce9","name":"Comptoir National de l'Or","image":{"@type":"ImageObject","inLanguage":"fr-FR","@id":"https:\/\/secure.gravatar.com\/avatar\/0a2867fd5abe37bed95d5a65e9d58f01756e11efc68af9888dfc50cfa7f65948?s=96&d=mm&r=gb490554db0a38188709de567aa58480d","url":"https:\/\/secure.gravatar.com\/avatar\/0a2867fd5abe37bed95d5a65e9d58f01756e11efc68af9888dfc50cfa7f65948?s=96&d=mm&r=g","contentUrl":"https:\/\/secure.gravatar.com\/avatar\/0a2867fd5abe37bed95d5a65e9d58f01756e11efc68af9888dfc50cfa7f65948?s=96&d=mm&r=g","caption":"Comptoir National de l'Or"},"description":"Notre r\u00e9daction est constitu\u00e9e de membres experts dans les m\u00e9tiers de l'\u00e9conomie et la gestion, des Responsables d'agence Comptoir National de l'Or, des analystes financiers qui publient r\u00e9guli\u00e8rement des \u00e9tudes sur les politiques des banques centrales, le cours de l'or, prix de l'or, cours de l'argent, prix de l'argent, cours du platine, cours du palladium,... la situation en zone euro et l'impact de la strat\u00e9gie mon\u00e9taire de la FED. Notre \u00e9quipe scrute \u00e9galement une information plus g\u00e9n\u00e9raliste \u00e0 la recherche d'actualit\u00e9 \"p\u00e9pite\" \u00e0 vous partager. Depuis 5 ans, nous avons publi\u00e9 un peu plus de 4000 articles qui s'adressent \u00e0 un public large et vari\u00e9 ayant pour objectif de satisfaire votre curiosit\u00e9 et de partager avec vous une certaine fascination pour le m\u00e9tal jaune, le rachat d'or, et pour ceux qui veulent investir dans l'or, vendre leur or tout simplement en savoir plus... Pour tous vos achat or et argent, n'h\u00e9sitez pas \u00e0 prendre rendez-vous dans l'un de nos nombreux comptoirs.","sameAs":["https:\/\/www.gold.fr"]}]}},"authors":[{"term_id":2565,"user_id":18,"is_guest":0,"slug":"julie","display_name":"Comptoir National de l'Or","avatar_url":"https:\/\/secure.gravatar.com\/avatar\/713f289e398d35ead876c4a4cc08607f0d6d266058cfc25683fffb6092d0e572?s=96&d=mm&r=g","0":null,"1":"","2":"","3":"","4":"","5":"","6":"","7":"","8":""}],"_links":{"self":[{"href":"https:\/\/www.gold.fr\/news\/wp-json\/wp\/v2\/posts\/21180","targetHints":{"allow":["GET"]}}],"collection":[{"href":"https:\/\/www.gold.fr\/news\/wp-json\/wp\/v2\/posts"}],"about":[{"href":"https:\/\/www.gold.fr\/news\/wp-json\/wp\/v2\/types\/post"}],"author":[{"embeddable":true,"href":"https:\/\/www.gold.fr\/news\/wp-json\/wp\/v2\/users\/18"}],"replies":[{"embeddable":true,"href":"https:\/\/www.gold.fr\/news\/wp-json\/wp\/v2\/comments?post=21180"}],"version-history":[{"count":0,"href":"https:\/\/www.gold.fr\/news\/wp-json\/wp\/v2\/posts\/21180\/revisions"}],"wp:featuredmedia":[{"embeddable":true,"href":"https:\/\/www.gold.fr\/news\/wp-json\/wp\/v2\/media\/21358"}],"wp:attachment":[{"href":"https:\/\/www.gold.fr\/news\/wp-json\/wp\/v2\/media?parent=21180"}],"wp:term":[{"taxonomy":"category","embeddable":true,"href":"https:\/\/www.gold.fr\/news\/wp-json\/wp\/v2\/categories?post=21180"},{"taxonomy":"post_tag","embeddable":true,"href":"https:\/\/www.gold.fr\/news\/wp-json\/wp\/v2\/tags?post=21180"},{"taxonomy":"author","embeddable":true,"href":"https:\/\/www.gold.fr\/news\/wp-json\/wp\/v2\/ppma_author?post=21180"}],"curies":[{"name":"wp","href":"https:\/\/api.w.org\/{rel}","templated":true}]}}