{"id":21176,"date":"2017-05-10T15:00:45","date_gmt":"2017-05-10T13:00:45","guid":{"rendered":"https:\/\/www.gold.fr\/news\/?p=21176"},"modified":"2021-01-13T11:17:00","modified_gmt":"2021-01-13T10:17:00","slug":"or-les-premices-dune-progression","status":"publish","type":"post","link":"https:\/\/www.gold.fr\/news\/2017\/05\/10\/or-les-premices-dune-progression\/","title":{"rendered":"Or : les pr\u00e9mices d\u2019une progression"},"content":{"rendered":"<p>Quelque temps avant le r\u00e9sultat des \u00e9lections pr\u00e9sidentielles fran\u00e7aises, le m\u00e9tal jaune affichait un cours en dollars de l&rsquo;ordre de 1.235,85 et une mesure en euros de 1.131,05.  <\/p>\n<h2>L&rsquo;or maintient son \u00e9quilibre<\/h2>\n<p>  <img loading=\"lazy\" decoding=\"async\" class=\"alignleft wp-image-16351 size-thumbnail\" title=\"Or : les pr\u00e9mices d\u2019une progression\" src=\"https:\/\/www.gold.fr\/news\/wp-content\/uploads\/2014\/12\/229063530-jpg-150x150.jpg\" alt=\"Or : les pr\u00e9mices d\u2019une progression\" width=\"150\" height=\"150\" \/>M\u00eame si le m\u00e9tal jaune n&rsquo;a pas r\u00e9alis\u00e9 de progression, le fait qu&rsquo;il arrive \u00e0 se maintenir face \u00e0 un march\u00e9 aussi hostile, rel\u00e8ve de la vraie performance. En d\u00e9pit des appr\u00e9ciations conjoncturelles optimistes issues aussi bien des<strong> Etats-Unis<\/strong> que de l&rsquo;Europe et des r\u00e9sultats d\u00e9cevant du <strong>PIB<\/strong> am\u00e9ricain, le <a href=\"https:\/\/www.gold.fr\/cours-or-prix-de-l-or\/\" target=\"_blank\" rel=\"noopener noreferrer\">cours<\/a> de<a href=\"https:\/\/www.gold.fr\/once-or-nyc\/\" target=\"_blank\" rel=\"noopener noreferrer\"> l\u2019once<\/a> d&rsquo;or r\u00e9ussit \u00e0 garder son \u00e9quilibre en attendant d&rsquo;entamer son prochain cycle haussier.    Par ailleurs, la R\u00e9serve f\u00e9d\u00e9rale am\u00e9ricaine est en train d&rsquo;adopter un discours qui se veut rassurant. En effet, dans sa derni\u00e8re d\u00e9claration, la <strong>Fed<\/strong> a minimis\u00e9 le ralentissement \u00e9conomique constat\u00e9 lors du premier trimestre 2017 en affirmant qu&rsquo;il ne serait que passager. Une allocution optimiste qui laisse entrevoir une hausse des taux pour le mois de juin.\u00a0A cet effet, une vague d&rsquo;optimisme gagne les march\u00e9s qui sont d\u00e9sormais convaincus qu&rsquo;une hausse au niveau des taux aura bien lieu au mois de juin. D&rsquo;ailleurs, la probabilit\u00e9 de ce changement a \u00e9t\u00e9 augment\u00e9e \u00e0 plus de <strong>90 %<\/strong> alors qu&rsquo;elle \u00e9tait de seulement <strong>70 %<\/strong>.    En attendant, des signaux positifs sont en train de provenir d&rsquo;Europe. Selon <strong>l&rsquo;institut Markit<\/strong>, le secteur priv\u00e9 europ\u00e9en connait actuellement une acc\u00e9l\u00e9ration au niveau de son activit\u00e9. L&rsquo;indice <strong>PMI<\/strong> affiche une mesure \u00e0 56,8 points contre une estimation de 56,4 en avril. Il s&rsquo;agit de la plus forte croissance \u00e9conomique constat\u00e9e depuis dix ans au niveau de la <strong>zone euro<\/strong>.<\/p>\n<!-- AddThis Advanced Settings generic via filter on the_content --><!-- AddThis Share Buttons generic via filter on the_content -->","protected":false},"excerpt":{"rendered":"<p>Quelque temps avant le r\u00e9sultat des \u00e9lections pr\u00e9sidentielles fran\u00e7aises, le m\u00e9tal jaune affichait un cours en dollars de l&rsquo;ordre de 1.235,85 et une mesure en euros de 1.131,05. L&rsquo;or maintient son \u00e9quilibre M\u00eame si le m\u00e9tal [&hellip;]<\/p>\n","protected":false},"author":18,"featured_media":16351,"comment_status":"closed","ping_status":"closed","sticky":false,"template":"","format":"standard","meta":{"_mbp_gutenberg_autopost":false,"_pgmb_is_evergreen":false,"_pgmb_ap_template_id":0,"footnotes":""},"categories":[6],"tags":[767],"ppma_author":[2565],"class_list":["post-21176","post","type-post","status-publish","format-standard","has-post-thumbnail","hentry","category-articles-de-presse","tag-hausse-cours-de-lor"],"yoast_head":"<!-- This site is optimized with the Yoast SEO plugin v27.5 - https:\/\/yoast.com\/product\/yoast-seo-wordpress\/ -->\n<title>Or : les pr\u00e9mices d\u2019une progression - Gold.fr<\/title>\n<meta name=\"robots\" content=\"index, follow, max-snippet:-1, max-image-preview:large, max-video-preview:-1\" \/>\n<link rel=\"canonical\" href=\"https:\/\/www.gold.fr\/news\/2017\/05\/10\/or-les-premices-dune-progression\/\" \/>\n<meta property=\"og:locale\" content=\"fr_FR\" \/>\n<meta property=\"og:type\" content=\"article\" \/>\n<meta property=\"og:title\" content=\"Or : les pr\u00e9mices d\u2019une progression - Gold.fr\" \/>\n<meta property=\"og:description\" content=\"Quelque temps avant le r\u00e9sultat des \u00e9lections pr\u00e9sidentielles fran\u00e7aises, le m\u00e9tal jaune affichait un cours en dollars de l&rsquo;ordre de 1.235,85 et une mesure en euros de 1.131,05. L&rsquo;or maintient son \u00e9quilibre M\u00eame si le m\u00e9tal [&hellip;]\" \/>\n<meta property=\"og:url\" content=\"https:\/\/www.gold.fr\/news\/2017\/05\/10\/or-les-premices-dune-progression\/\" \/>\n<meta property=\"og:site_name\" content=\"Gold.fr\" \/>\n<meta property=\"article:publisher\" content=\"https:\/\/www.facebook.com\/Goldfr\/\" \/>\n<meta property=\"article:published_time\" content=\"2017-05-10T13:00:45+00:00\" \/>\n<meta property=\"article:modified_time\" content=\"2021-01-13T10:17:00+00:00\" \/>\n<meta property=\"og:image\" content=\"https:\/\/www.gold.fr\/news\/wp-content\/uploads\/2014\/12\/229063530-jpg.jpg\" \/>\n\t<meta property=\"og:image:width\" content=\"640\" \/>\n\t<meta property=\"og:image:height\" content=\"371\" \/>\n\t<meta property=\"og:image:type\" content=\"image\/jpeg\" \/>\n<meta name=\"author\" content=\"Comptoir National de l&#039;Or\" \/>\n<meta name=\"twitter:card\" content=\"summary_large_image\" \/>\n<meta name=\"twitter:label1\" content=\"\u00c9crit par\" \/>\n\t<meta name=\"twitter:data1\" content=\"Comptoir National de l&#039;Or\" \/>\n\t<meta name=\"twitter:label2\" content=\"Dur\u00e9e de lecture estim\u00e9e\" \/>\n\t<meta name=\"twitter:data2\" content=\"1 minute\" \/>\n<script type=\"application\/ld+json\" class=\"yoast-schema-graph\">{\"@context\":\"https:\\\/\\\/schema.org\",\"@graph\":[{\"@type\":\"Article\",\"@id\":\"https:\\\/\\\/www.gold.fr\\\/news\\\/2017\\\/05\\\/10\\\/or-les-premices-dune-progression\\\/#article\",\"isPartOf\":{\"@id\":\"https:\\\/\\\/www.gold.fr\\\/news\\\/2017\\\/05\\\/10\\\/or-les-premices-dune-progression\\\/\"},\"author\":{\"name\":\"Comptoir National de l'Or\",\"@id\":\"https:\\\/\\\/www.gold.fr\\\/news\\\/#\\\/schema\\\/person\\\/070491b4b4fb7671bf59b3be20302ce9\"},\"headline\":\"Or : les pr\u00e9mices d\u2019une progression\",\"datePublished\":\"2017-05-10T13:00:45+00:00\",\"dateModified\":\"2021-01-13T10:17:00+00:00\",\"mainEntityOfPage\":{\"@id\":\"https:\\\/\\\/www.gold.fr\\\/news\\\/2017\\\/05\\\/10\\\/or-les-premices-dune-progression\\\/\"},\"wordCount\":300,\"image\":{\"@id\":\"https:\\\/\\\/www.gold.fr\\\/news\\\/2017\\\/05\\\/10\\\/or-les-premices-dune-progression\\\/#primaryimage\"},\"thumbnailUrl\":\"https:\\\/\\\/www.gold.fr\\\/news\\\/wp-content\\\/uploads\\\/2014\\\/12\\\/229063530-jpg.jpg\",\"keywords\":[\"hausse cours de l'or\"],\"articleSection\":[\"Articles de presse\"],\"inLanguage\":\"fr-FR\"},{\"@type\":\"WebPage\",\"@id\":\"https:\\\/\\\/www.gold.fr\\\/news\\\/2017\\\/05\\\/10\\\/or-les-premices-dune-progression\\\/\",\"url\":\"https:\\\/\\\/www.gold.fr\\\/news\\\/2017\\\/05\\\/10\\\/or-les-premices-dune-progression\\\/\",\"name\":\"Or : les pr\u00e9mices d\u2019une progression - Gold.fr\",\"isPartOf\":{\"@id\":\"https:\\\/\\\/www.gold.fr\\\/news\\\/#website\"},\"primaryImageOfPage\":{\"@id\":\"https:\\\/\\\/www.gold.fr\\\/news\\\/2017\\\/05\\\/10\\\/or-les-premices-dune-progression\\\/#primaryimage\"},\"image\":{\"@id\":\"https:\\\/\\\/www.gold.fr\\\/news\\\/2017\\\/05\\\/10\\\/or-les-premices-dune-progression\\\/#primaryimage\"},\"thumbnailUrl\":\"https:\\\/\\\/www.gold.fr\\\/news\\\/wp-content\\\/uploads\\\/2014\\\/12\\\/229063530-jpg.jpg\",\"datePublished\":\"2017-05-10T13:00:45+00:00\",\"dateModified\":\"2021-01-13T10:17:00+00:00\",\"author\":{\"@id\":\"https:\\\/\\\/www.gold.fr\\\/news\\\/#\\\/schema\\\/person\\\/070491b4b4fb7671bf59b3be20302ce9\"},\"breadcrumb\":{\"@id\":\"https:\\\/\\\/www.gold.fr\\\/news\\\/2017\\\/05\\\/10\\\/or-les-premices-dune-progression\\\/#breadcrumb\"},\"inLanguage\":\"fr-FR\",\"potentialAction\":[{\"@type\":\"ReadAction\",\"target\":[\"https:\\\/\\\/www.gold.fr\\\/news\\\/2017\\\/05\\\/10\\\/or-les-premices-dune-progression\\\/\"]}]},{\"@type\":\"ImageObject\",\"inLanguage\":\"fr-FR\",\"@id\":\"https:\\\/\\\/www.gold.fr\\\/news\\\/2017\\\/05\\\/10\\\/or-les-premices-dune-progression\\\/#primaryimage\",\"url\":\"https:\\\/\\\/www.gold.fr\\\/news\\\/wp-content\\\/uploads\\\/2014\\\/12\\\/229063530-jpg.jpg\",\"contentUrl\":\"https:\\\/\\\/www.gold.fr\\\/news\\\/wp-content\\\/uploads\\\/2014\\\/12\\\/229063530-jpg.jpg\",\"width\":\"640\",\"height\":\"371\",\"caption\":\"Or : les pr\u00e9mices d\u2019une progression\"},{\"@type\":\"BreadcrumbList\",\"@id\":\"https:\\\/\\\/www.gold.fr\\\/news\\\/2017\\\/05\\\/10\\\/or-les-premices-dune-progression\\\/#breadcrumb\",\"itemListElement\":[{\"@type\":\"ListItem\",\"position\":1,\"name\":\"Accueil\",\"item\":\"https:\\\/\\\/www.gold.fr\\\/\"},{\"@type\":\"ListItem\",\"position\":2,\"name\":\"Actualit\u00e9s\",\"item\":\"https:\\\/\\\/www.gold.fr\\\/news\\\/\"},{\"@type\":\"ListItem\",\"position\":3,\"name\":\"Or : les pr\u00e9mices d\u2019une progression\"}]},{\"@type\":\"WebSite\",\"@id\":\"https:\\\/\\\/www.gold.fr\\\/news\\\/#website\",\"url\":\"https:\\\/\\\/www.gold.fr\\\/news\\\/\",\"name\":\"Gold.fr\",\"description\":\"Actualit\u00e9s de l&#039;Or et des m\u00e9taux pr\u00e9cieux\",\"potentialAction\":[{\"@type\":\"SearchAction\",\"target\":{\"@type\":\"EntryPoint\",\"urlTemplate\":\"https:\\\/\\\/www.gold.fr\\\/news\\\/?s={search_term_string}\"},\"query-input\":{\"@type\":\"PropertyValueSpecification\",\"valueRequired\":true,\"valueName\":\"search_term_string\"}}],\"inLanguage\":\"fr-FR\"},{\"@type\":\"Person\",\"@id\":\"https:\\\/\\\/www.gold.fr\\\/news\\\/#\\\/schema\\\/person\\\/070491b4b4fb7671bf59b3be20302ce9\",\"name\":\"Comptoir National de l'Or\",\"image\":{\"@type\":\"ImageObject\",\"inLanguage\":\"fr-FR\",\"@id\":\"https:\\\/\\\/secure.gravatar.com\\\/avatar\\\/0a2867fd5abe37bed95d5a65e9d58f01756e11efc68af9888dfc50cfa7f65948?s=96&d=mm&r=gb490554db0a38188709de567aa58480d\",\"url\":\"https:\\\/\\\/secure.gravatar.com\\\/avatar\\\/0a2867fd5abe37bed95d5a65e9d58f01756e11efc68af9888dfc50cfa7f65948?s=96&d=mm&r=g\",\"contentUrl\":\"https:\\\/\\\/secure.gravatar.com\\\/avatar\\\/0a2867fd5abe37bed95d5a65e9d58f01756e11efc68af9888dfc50cfa7f65948?s=96&d=mm&r=g\",\"caption\":\"Comptoir National de l'Or\"},\"description\":\"Notre r\u00e9daction est constitu\u00e9e de membres experts dans les m\u00e9tiers de l'\u00e9conomie et la gestion, des Responsables d'agence Comptoir National de l'Or, des analystes financiers qui publient r\u00e9guli\u00e8rement des \u00e9tudes sur les politiques des banques centrales, le cours de l'or, prix de l'or, cours de l'argent, prix de l'argent, cours du platine, cours du palladium,... la situation en zone euro et l'impact de la strat\u00e9gie mon\u00e9taire de la FED. Notre \u00e9quipe scrute \u00e9galement une information plus g\u00e9n\u00e9raliste \u00e0 la recherche d'actualit\u00e9 \\\"p\u00e9pite\\\" \u00e0 vous partager. Depuis 5 ans, nous avons publi\u00e9 un peu plus de 4000 articles qui s'adressent \u00e0 un public large et vari\u00e9 ayant pour objectif de satisfaire votre curiosit\u00e9 et de partager avec vous une certaine fascination pour le m\u00e9tal jaune, le rachat d'or, et pour ceux qui veulent investir dans l'or, vendre leur or tout simplement en savoir plus... Pour tous vos achat or et argent, n'h\u00e9sitez pas \u00e0 prendre rendez-vous dans l'un de nos nombreux comptoirs.\",\"sameAs\":[\"https:\\\/\\\/www.gold.fr\"]}]}<\/script>\n<!-- \/ Yoast SEO plugin. -->","yoast_head_json":{"title":"Or : les pr\u00e9mices d\u2019une progression - Gold.fr","robots":{"index":"index","follow":"follow","max-snippet":"max-snippet:-1","max-image-preview":"max-image-preview:large","max-video-preview":"max-video-preview:-1"},"canonical":"https:\/\/www.gold.fr\/news\/2017\/05\/10\/or-les-premices-dune-progression\/","og_locale":"fr_FR","og_type":"article","og_title":"Or : les pr\u00e9mices d\u2019une progression - Gold.fr","og_description":"Quelque temps avant le r\u00e9sultat des \u00e9lections pr\u00e9sidentielles fran\u00e7aises, le m\u00e9tal jaune affichait un cours en dollars de l&rsquo;ordre de 1.235,85 et une mesure en euros de 1.131,05. L&rsquo;or maintient son \u00e9quilibre M\u00eame si le m\u00e9tal [&hellip;]","og_url":"https:\/\/www.gold.fr\/news\/2017\/05\/10\/or-les-premices-dune-progression\/","og_site_name":"Gold.fr","article_publisher":"https:\/\/www.facebook.com\/Goldfr\/","article_published_time":"2017-05-10T13:00:45+00:00","article_modified_time":"2021-01-13T10:17:00+00:00","og_image":[{"width":640,"height":371,"url":"https:\/\/www.gold.fr\/news\/wp-content\/uploads\/2014\/12\/229063530-jpg.jpg","type":"image\/jpeg"}],"author":"Comptoir National de l'Or","twitter_card":"summary_large_image","twitter_misc":{"\u00c9crit par":"Comptoir National de l'Or","Dur\u00e9e de lecture estim\u00e9e":"1 minute"},"schema":{"@context":"https:\/\/schema.org","@graph":[{"@type":"Article","@id":"https:\/\/www.gold.fr\/news\/2017\/05\/10\/or-les-premices-dune-progression\/#article","isPartOf":{"@id":"https:\/\/www.gold.fr\/news\/2017\/05\/10\/or-les-premices-dune-progression\/"},"author":{"name":"Comptoir National de l'Or","@id":"https:\/\/www.gold.fr\/news\/#\/schema\/person\/070491b4b4fb7671bf59b3be20302ce9"},"headline":"Or : les pr\u00e9mices d\u2019une progression","datePublished":"2017-05-10T13:00:45+00:00","dateModified":"2021-01-13T10:17:00+00:00","mainEntityOfPage":{"@id":"https:\/\/www.gold.fr\/news\/2017\/05\/10\/or-les-premices-dune-progression\/"},"wordCount":300,"image":{"@id":"https:\/\/www.gold.fr\/news\/2017\/05\/10\/or-les-premices-dune-progression\/#primaryimage"},"thumbnailUrl":"https:\/\/www.gold.fr\/news\/wp-content\/uploads\/2014\/12\/229063530-jpg.jpg","keywords":["hausse cours de l'or"],"articleSection":["Articles de presse"],"inLanguage":"fr-FR"},{"@type":"WebPage","@id":"https:\/\/www.gold.fr\/news\/2017\/05\/10\/or-les-premices-dune-progression\/","url":"https:\/\/www.gold.fr\/news\/2017\/05\/10\/or-les-premices-dune-progression\/","name":"Or : les pr\u00e9mices d\u2019une progression - Gold.fr","isPartOf":{"@id":"https:\/\/www.gold.fr\/news\/#website"},"primaryImageOfPage":{"@id":"https:\/\/www.gold.fr\/news\/2017\/05\/10\/or-les-premices-dune-progression\/#primaryimage"},"image":{"@id":"https:\/\/www.gold.fr\/news\/2017\/05\/10\/or-les-premices-dune-progression\/#primaryimage"},"thumbnailUrl":"https:\/\/www.gold.fr\/news\/wp-content\/uploads\/2014\/12\/229063530-jpg.jpg","datePublished":"2017-05-10T13:00:45+00:00","dateModified":"2021-01-13T10:17:00+00:00","author":{"@id":"https:\/\/www.gold.fr\/news\/#\/schema\/person\/070491b4b4fb7671bf59b3be20302ce9"},"breadcrumb":{"@id":"https:\/\/www.gold.fr\/news\/2017\/05\/10\/or-les-premices-dune-progression\/#breadcrumb"},"inLanguage":"fr-FR","potentialAction":[{"@type":"ReadAction","target":["https:\/\/www.gold.fr\/news\/2017\/05\/10\/or-les-premices-dune-progression\/"]}]},{"@type":"ImageObject","inLanguage":"fr-FR","@id":"https:\/\/www.gold.fr\/news\/2017\/05\/10\/or-les-premices-dune-progression\/#primaryimage","url":"https:\/\/www.gold.fr\/news\/wp-content\/uploads\/2014\/12\/229063530-jpg.jpg","contentUrl":"https:\/\/www.gold.fr\/news\/wp-content\/uploads\/2014\/12\/229063530-jpg.jpg","width":"640","height":"371","caption":"Or : les pr\u00e9mices d\u2019une progression"},{"@type":"BreadcrumbList","@id":"https:\/\/www.gold.fr\/news\/2017\/05\/10\/or-les-premices-dune-progression\/#breadcrumb","itemListElement":[{"@type":"ListItem","position":1,"name":"Accueil","item":"https:\/\/www.gold.fr\/"},{"@type":"ListItem","position":2,"name":"Actualit\u00e9s","item":"https:\/\/www.gold.fr\/news\/"},{"@type":"ListItem","position":3,"name":"Or : les pr\u00e9mices d\u2019une progression"}]},{"@type":"WebSite","@id":"https:\/\/www.gold.fr\/news\/#website","url":"https:\/\/www.gold.fr\/news\/","name":"Gold.fr","description":"Actualit\u00e9s de l&#039;Or et des m\u00e9taux pr\u00e9cieux","potentialAction":[{"@type":"SearchAction","target":{"@type":"EntryPoint","urlTemplate":"https:\/\/www.gold.fr\/news\/?s={search_term_string}"},"query-input":{"@type":"PropertyValueSpecification","valueRequired":true,"valueName":"search_term_string"}}],"inLanguage":"fr-FR"},{"@type":"Person","@id":"https:\/\/www.gold.fr\/news\/#\/schema\/person\/070491b4b4fb7671bf59b3be20302ce9","name":"Comptoir National de l'Or","image":{"@type":"ImageObject","inLanguage":"fr-FR","@id":"https:\/\/secure.gravatar.com\/avatar\/0a2867fd5abe37bed95d5a65e9d58f01756e11efc68af9888dfc50cfa7f65948?s=96&d=mm&r=gb490554db0a38188709de567aa58480d","url":"https:\/\/secure.gravatar.com\/avatar\/0a2867fd5abe37bed95d5a65e9d58f01756e11efc68af9888dfc50cfa7f65948?s=96&d=mm&r=g","contentUrl":"https:\/\/secure.gravatar.com\/avatar\/0a2867fd5abe37bed95d5a65e9d58f01756e11efc68af9888dfc50cfa7f65948?s=96&d=mm&r=g","caption":"Comptoir National de l'Or"},"description":"Notre r\u00e9daction est constitu\u00e9e de membres experts dans les m\u00e9tiers de l'\u00e9conomie et la gestion, des Responsables d'agence Comptoir National de l'Or, des analystes financiers qui publient r\u00e9guli\u00e8rement des \u00e9tudes sur les politiques des banques centrales, le cours de l'or, prix de l'or, cours de l'argent, prix de l'argent, cours du platine, cours du palladium,... la situation en zone euro et l'impact de la strat\u00e9gie mon\u00e9taire de la FED. Notre \u00e9quipe scrute \u00e9galement une information plus g\u00e9n\u00e9raliste \u00e0 la recherche d'actualit\u00e9 \"p\u00e9pite\" \u00e0 vous partager. Depuis 5 ans, nous avons publi\u00e9 un peu plus de 4000 articles qui s'adressent \u00e0 un public large et vari\u00e9 ayant pour objectif de satisfaire votre curiosit\u00e9 et de partager avec vous une certaine fascination pour le m\u00e9tal jaune, le rachat d'or, et pour ceux qui veulent investir dans l'or, vendre leur or tout simplement en savoir plus... Pour tous vos achat or et argent, n'h\u00e9sitez pas \u00e0 prendre rendez-vous dans l'un de nos nombreux comptoirs.","sameAs":["https:\/\/www.gold.fr"]}]}},"authors":[{"term_id":2565,"user_id":18,"is_guest":0,"slug":"julie","display_name":"Comptoir National de l'Or","avatar_url":"https:\/\/secure.gravatar.com\/avatar\/713f289e398d35ead876c4a4cc08607f0d6d266058cfc25683fffb6092d0e572?s=96&d=mm&r=g","0":null,"1":"","2":"","3":"","4":"","5":"","6":"","7":"","8":""}],"_links":{"self":[{"href":"https:\/\/www.gold.fr\/news\/wp-json\/wp\/v2\/posts\/21176","targetHints":{"allow":["GET"]}}],"collection":[{"href":"https:\/\/www.gold.fr\/news\/wp-json\/wp\/v2\/posts"}],"about":[{"href":"https:\/\/www.gold.fr\/news\/wp-json\/wp\/v2\/types\/post"}],"author":[{"embeddable":true,"href":"https:\/\/www.gold.fr\/news\/wp-json\/wp\/v2\/users\/18"}],"replies":[{"embeddable":true,"href":"https:\/\/www.gold.fr\/news\/wp-json\/wp\/v2\/comments?post=21176"}],"version-history":[{"count":0,"href":"https:\/\/www.gold.fr\/news\/wp-json\/wp\/v2\/posts\/21176\/revisions"}],"wp:featuredmedia":[{"embeddable":true,"href":"https:\/\/www.gold.fr\/news\/wp-json\/wp\/v2\/media\/16351"}],"wp:attachment":[{"href":"https:\/\/www.gold.fr\/news\/wp-json\/wp\/v2\/media?parent=21176"}],"wp:term":[{"taxonomy":"category","embeddable":true,"href":"https:\/\/www.gold.fr\/news\/wp-json\/wp\/v2\/categories?post=21176"},{"taxonomy":"post_tag","embeddable":true,"href":"https:\/\/www.gold.fr\/news\/wp-json\/wp\/v2\/tags?post=21176"},{"taxonomy":"author","embeddable":true,"href":"https:\/\/www.gold.fr\/news\/wp-json\/wp\/v2\/ppma_author?post=21176"}],"curies":[{"name":"wp","href":"https:\/\/api.w.org\/{rel}","templated":true}]}}