{"id":21167,"date":"2017-05-09T10:00:43","date_gmt":"2017-05-09T08:00:43","guid":{"rendered":"https:\/\/www.gold.fr\/news\/?p=21167"},"modified":"2021-01-13T11:19:05","modified_gmt":"2021-01-13T10:19:05","slug":"metal-jaune-la-tendance-attentiste-sera-definitivement-inversee","status":"publish","type":"post","link":"https:\/\/www.gold.fr\/news\/2017\/05\/09\/metal-jaune-la-tendance-attentiste-sera-definitivement-inversee\/","title":{"rendered":"M\u00e9tal jaune : la tendance attentiste sera d\u00e9finitivement invers\u00e9e"},"content":{"rendered":"<p><img loading=\"lazy\" decoding=\"async\" class=\"alignleft wp-image-2397 size-thumbnail\" title=\"M\u00e9tal jaune : la tendance attentiste sera d\u00e9finitivement invers\u00e9e\" src=\"https:\/\/www.gold.fr\/news\/wp-content\/uploads\/2011\/09\/ordinateur-or-150x150.jpg\" alt=\"M\u00e9tal jaune : la tendance attentiste sera d\u00e9finitivement invers\u00e9e\" width=\"150\" height=\"150\" \/>Vers la fin de la semaine derni\u00e8re, <a href=\"https:\/\/www.gold.fr\/once-or-nyc\/\" target=\"_blank\" rel=\"noopener noreferrer\">l\u2019once<\/a> d&rsquo;or fin affichait un <a href=\"https:\/\/www.gold.fr\/cours-or-prix-de-l-or\/\" target=\"_blank\" rel=\"noopener noreferrer\">cours<\/a> en dollars de <strong>1.239,4 dollars<\/strong> et un niveau en euros de l&rsquo;ordre de <strong>1.130,3 euros<\/strong>. Il s&rsquo;agit de deux progressions respectives de <strong>10,35 dollars<\/strong> et de <strong>7,2 euros<\/strong>. Le <a href=\"https:\/\/www.gold.fr\/cours-or-prix-de-l-or\/\" target=\"_blank\" rel=\"noopener noreferrer\">cours<\/a> de<a href=\"https:\/\/www.gold.fr\/once-or-nyc\/\" target=\"_blank\" rel=\"noopener noreferrer\"> l\u2019once<\/a> n&rsquo;a cess\u00e9 de fluctuer jusqu&rsquo;\u00e0 inverser la tendance attentiste constat\u00e9e il y a quelques jours, et rebondir \u00e0 la mi-journ\u00e9e pour atteindre le niveau des <strong>1.290 dollars<\/strong>.    Cette progression est essentiellement due \u00e0 la r\u00e9duction du risque politique au niveau du Vieux continent. En plus, la majorit\u00e9 des pronostics \u00e9tait favorable \u00e0 <strong>Emmanuel Macron<\/strong> contre <strong>Marine Le Pen<\/strong> pour les \u00e9lections pr\u00e9sidentielles fran\u00e7aises. Une tendance v\u00e9rifi\u00e9e et aussi tranch\u00e9e ne peut qu&rsquo;affecter positivement le <a href=\"https:\/\/www.gold.fr\/cours-or-prix-de-l-or\/\" target=\"_blank\" rel=\"noopener noreferrer\">cours<\/a> de l&rsquo;or.    Par ailleurs, le dollar am\u00e9ricain est en train de conna\u00eetre une d\u00e9pr\u00e9ciation. Puisqu&rsquo;il s&rsquo;agit de la devise r\u00e9f\u00e9rence pour le n\u00e9goce de l&rsquo;or, cette baisse constitue un facteur \u00e0 m\u00eame de booster le cours du m\u00e9tal jaune. Selon les analystes financiers, cette tendance s&rsquo;explique aussi par l&rsquo;\u00e9lection d&rsquo;Emmanuel Macron, le candidat du march\u00e9 de l&rsquo;Union europ\u00e9enne par excellence. Du c\u00f4t\u00e9 du <strong>SPDR Gold Shares<\/strong>, l&rsquo;indicateur accuse un repli de 280 kilos et se stabilise au niveau des 853,1 tonnes.<\/p>\n<!-- AddThis Advanced Settings generic via filter on the_content --><!-- AddThis Share Buttons generic via filter on the_content -->","protected":false},"excerpt":{"rendered":"<p>Vers la fin de la semaine derni\u00e8re, l\u2019once d&rsquo;or fin affichait un cours en dollars de 1.239,4 dollars et un niveau en euros de l&rsquo;ordre de 1.130,3 euros. Il s&rsquo;agit de deux progressions respectives de 10,35 [&hellip;]<\/p>\n","protected":false},"author":18,"featured_media":2397,"comment_status":"closed","ping_status":"closed","sticky":false,"template":"","format":"standard","meta":{"_mbp_gutenberg_autopost":false,"_pgmb_is_evergreen":false,"_pgmb_ap_template_id":0,"footnotes":""},"categories":[6],"tags":[932],"ppma_author":[2565],"class_list":["post-21167","post","type-post","status-publish","format-standard","has-post-thumbnail","hentry","category-articles-de-presse","tag-metal-jaune"],"yoast_head":"<!-- This site is optimized with the Yoast SEO plugin v27.5 - https:\/\/yoast.com\/product\/yoast-seo-wordpress\/ -->\n<title>M\u00e9tal jaune : la tendance attentiste sera d\u00e9finitivement invers\u00e9e - Gold.fr<\/title>\n<meta name=\"robots\" content=\"index, follow, max-snippet:-1, max-image-preview:large, max-video-preview:-1\" \/>\n<link rel=\"canonical\" href=\"https:\/\/www.gold.fr\/news\/2017\/05\/09\/metal-jaune-la-tendance-attentiste-sera-definitivement-inversee\/\" \/>\n<meta property=\"og:locale\" content=\"fr_FR\" \/>\n<meta property=\"og:type\" content=\"article\" \/>\n<meta property=\"og:title\" content=\"M\u00e9tal jaune : la tendance attentiste sera d\u00e9finitivement invers\u00e9e - Gold.fr\" \/>\n<meta property=\"og:description\" content=\"Vers la fin de la semaine derni\u00e8re, l\u2019once d&rsquo;or fin affichait un cours en dollars de 1.239,4 dollars et un niveau en euros de l&rsquo;ordre de 1.130,3 euros. Il s&rsquo;agit de deux progressions respectives de 10,35 [&hellip;]\" \/>\n<meta property=\"og:url\" content=\"https:\/\/www.gold.fr\/news\/2017\/05\/09\/metal-jaune-la-tendance-attentiste-sera-definitivement-inversee\/\" \/>\n<meta property=\"og:site_name\" content=\"Gold.fr\" \/>\n<meta property=\"article:publisher\" content=\"https:\/\/www.facebook.com\/Goldfr\/\" \/>\n<meta property=\"article:published_time\" content=\"2017-05-09T08:00:43+00:00\" \/>\n<meta property=\"article:modified_time\" content=\"2021-01-13T10:19:05+00:00\" \/>\n<meta property=\"og:image\" content=\"https:\/\/www.gold.fr\/news\/wp-content\/uploads\/2011\/09\/ordinateur-or.jpg\" \/>\n\t<meta property=\"og:image:width\" content=\"600\" \/>\n\t<meta property=\"og:image:height\" content=\"296\" \/>\n\t<meta property=\"og:image:type\" content=\"image\/jpeg\" \/>\n<meta name=\"author\" content=\"Comptoir National de l&#039;Or\" \/>\n<meta name=\"twitter:card\" content=\"summary_large_image\" \/>\n<meta name=\"twitter:label1\" content=\"\u00c9crit par\" \/>\n\t<meta name=\"twitter:data1\" content=\"Comptoir National de l&#039;Or\" \/>\n\t<meta name=\"twitter:label2\" content=\"Dur\u00e9e de lecture estim\u00e9e\" \/>\n\t<meta name=\"twitter:data2\" content=\"1 minute\" \/>\n<script type=\"application\/ld+json\" class=\"yoast-schema-graph\">{\"@context\":\"https:\\\/\\\/schema.org\",\"@graph\":[{\"@type\":\"Article\",\"@id\":\"https:\\\/\\\/www.gold.fr\\\/news\\\/2017\\\/05\\\/09\\\/metal-jaune-la-tendance-attentiste-sera-definitivement-inversee\\\/#article\",\"isPartOf\":{\"@id\":\"https:\\\/\\\/www.gold.fr\\\/news\\\/2017\\\/05\\\/09\\\/metal-jaune-la-tendance-attentiste-sera-definitivement-inversee\\\/\"},\"author\":{\"name\":\"Comptoir National de l'Or\",\"@id\":\"https:\\\/\\\/www.gold.fr\\\/news\\\/#\\\/schema\\\/person\\\/070491b4b4fb7671bf59b3be20302ce9\"},\"headline\":\"M\u00e9tal jaune : la tendance attentiste sera d\u00e9finitivement invers\u00e9e\",\"datePublished\":\"2017-05-09T08:00:43+00:00\",\"dateModified\":\"2021-01-13T10:19:05+00:00\",\"mainEntityOfPage\":{\"@id\":\"https:\\\/\\\/www.gold.fr\\\/news\\\/2017\\\/05\\\/09\\\/metal-jaune-la-tendance-attentiste-sera-definitivement-inversee\\\/\"},\"wordCount\":237,\"image\":{\"@id\":\"https:\\\/\\\/www.gold.fr\\\/news\\\/2017\\\/05\\\/09\\\/metal-jaune-la-tendance-attentiste-sera-definitivement-inversee\\\/#primaryimage\"},\"thumbnailUrl\":\"https:\\\/\\\/www.gold.fr\\\/news\\\/wp-content\\\/uploads\\\/2011\\\/09\\\/ordinateur-or.jpg\",\"keywords\":[\"M\u00e9tal jaune\"],\"articleSection\":[\"Articles de presse\"],\"inLanguage\":\"fr-FR\"},{\"@type\":\"WebPage\",\"@id\":\"https:\\\/\\\/www.gold.fr\\\/news\\\/2017\\\/05\\\/09\\\/metal-jaune-la-tendance-attentiste-sera-definitivement-inversee\\\/\",\"url\":\"https:\\\/\\\/www.gold.fr\\\/news\\\/2017\\\/05\\\/09\\\/metal-jaune-la-tendance-attentiste-sera-definitivement-inversee\\\/\",\"name\":\"M\u00e9tal jaune : la tendance attentiste sera d\u00e9finitivement invers\u00e9e - Gold.fr\",\"isPartOf\":{\"@id\":\"https:\\\/\\\/www.gold.fr\\\/news\\\/#website\"},\"primaryImageOfPage\":{\"@id\":\"https:\\\/\\\/www.gold.fr\\\/news\\\/2017\\\/05\\\/09\\\/metal-jaune-la-tendance-attentiste-sera-definitivement-inversee\\\/#primaryimage\"},\"image\":{\"@id\":\"https:\\\/\\\/www.gold.fr\\\/news\\\/2017\\\/05\\\/09\\\/metal-jaune-la-tendance-attentiste-sera-definitivement-inversee\\\/#primaryimage\"},\"thumbnailUrl\":\"https:\\\/\\\/www.gold.fr\\\/news\\\/wp-content\\\/uploads\\\/2011\\\/09\\\/ordinateur-or.jpg\",\"datePublished\":\"2017-05-09T08:00:43+00:00\",\"dateModified\":\"2021-01-13T10:19:05+00:00\",\"author\":{\"@id\":\"https:\\\/\\\/www.gold.fr\\\/news\\\/#\\\/schema\\\/person\\\/070491b4b4fb7671bf59b3be20302ce9\"},\"breadcrumb\":{\"@id\":\"https:\\\/\\\/www.gold.fr\\\/news\\\/2017\\\/05\\\/09\\\/metal-jaune-la-tendance-attentiste-sera-definitivement-inversee\\\/#breadcrumb\"},\"inLanguage\":\"fr-FR\",\"potentialAction\":[{\"@type\":\"ReadAction\",\"target\":[\"https:\\\/\\\/www.gold.fr\\\/news\\\/2017\\\/05\\\/09\\\/metal-jaune-la-tendance-attentiste-sera-definitivement-inversee\\\/\"]}]},{\"@type\":\"ImageObject\",\"inLanguage\":\"fr-FR\",\"@id\":\"https:\\\/\\\/www.gold.fr\\\/news\\\/2017\\\/05\\\/09\\\/metal-jaune-la-tendance-attentiste-sera-definitivement-inversee\\\/#primaryimage\",\"url\":\"https:\\\/\\\/www.gold.fr\\\/news\\\/wp-content\\\/uploads\\\/2011\\\/09\\\/ordinateur-or.jpg\",\"contentUrl\":\"https:\\\/\\\/www.gold.fr\\\/news\\\/wp-content\\\/uploads\\\/2011\\\/09\\\/ordinateur-or.jpg\",\"width\":\"600\",\"height\":\"296\",\"caption\":\"M\u00e9tal jaune : la tendance attentiste sera d\u00e9finitivement invers\u00e9e\"},{\"@type\":\"BreadcrumbList\",\"@id\":\"https:\\\/\\\/www.gold.fr\\\/news\\\/2017\\\/05\\\/09\\\/metal-jaune-la-tendance-attentiste-sera-definitivement-inversee\\\/#breadcrumb\",\"itemListElement\":[{\"@type\":\"ListItem\",\"position\":1,\"name\":\"Accueil\",\"item\":\"https:\\\/\\\/www.gold.fr\\\/\"},{\"@type\":\"ListItem\",\"position\":2,\"name\":\"Actualit\u00e9s\",\"item\":\"https:\\\/\\\/www.gold.fr\\\/news\\\/\"},{\"@type\":\"ListItem\",\"position\":3,\"name\":\"M\u00e9tal jaune : la tendance attentiste sera d\u00e9finitivement invers\u00e9e\"}]},{\"@type\":\"WebSite\",\"@id\":\"https:\\\/\\\/www.gold.fr\\\/news\\\/#website\",\"url\":\"https:\\\/\\\/www.gold.fr\\\/news\\\/\",\"name\":\"Gold.fr\",\"description\":\"Actualit\u00e9s de l&#039;Or et des m\u00e9taux pr\u00e9cieux\",\"potentialAction\":[{\"@type\":\"SearchAction\",\"target\":{\"@type\":\"EntryPoint\",\"urlTemplate\":\"https:\\\/\\\/www.gold.fr\\\/news\\\/?s={search_term_string}\"},\"query-input\":{\"@type\":\"PropertyValueSpecification\",\"valueRequired\":true,\"valueName\":\"search_term_string\"}}],\"inLanguage\":\"fr-FR\"},{\"@type\":\"Person\",\"@id\":\"https:\\\/\\\/www.gold.fr\\\/news\\\/#\\\/schema\\\/person\\\/070491b4b4fb7671bf59b3be20302ce9\",\"name\":\"Comptoir National de l'Or\",\"image\":{\"@type\":\"ImageObject\",\"inLanguage\":\"fr-FR\",\"@id\":\"https:\\\/\\\/secure.gravatar.com\\\/avatar\\\/0a2867fd5abe37bed95d5a65e9d58f01756e11efc68af9888dfc50cfa7f65948?s=96&d=mm&r=gb490554db0a38188709de567aa58480d\",\"url\":\"https:\\\/\\\/secure.gravatar.com\\\/avatar\\\/0a2867fd5abe37bed95d5a65e9d58f01756e11efc68af9888dfc50cfa7f65948?s=96&d=mm&r=g\",\"contentUrl\":\"https:\\\/\\\/secure.gravatar.com\\\/avatar\\\/0a2867fd5abe37bed95d5a65e9d58f01756e11efc68af9888dfc50cfa7f65948?s=96&d=mm&r=g\",\"caption\":\"Comptoir National de l'Or\"},\"description\":\"Notre r\u00e9daction est constitu\u00e9e de membres experts dans les m\u00e9tiers de l'\u00e9conomie et la gestion, des Responsables d'agence Comptoir National de l'Or, des analystes financiers qui publient r\u00e9guli\u00e8rement des \u00e9tudes sur les politiques des banques centrales, le cours de l'or, prix de l'or, cours de l'argent, prix de l'argent, cours du platine, cours du palladium,... la situation en zone euro et l'impact de la strat\u00e9gie mon\u00e9taire de la FED. Notre \u00e9quipe scrute \u00e9galement une information plus g\u00e9n\u00e9raliste \u00e0 la recherche d'actualit\u00e9 \\\"p\u00e9pite\\\" \u00e0 vous partager. Depuis 5 ans, nous avons publi\u00e9 un peu plus de 4000 articles qui s'adressent \u00e0 un public large et vari\u00e9 ayant pour objectif de satisfaire votre curiosit\u00e9 et de partager avec vous une certaine fascination pour le m\u00e9tal jaune, le rachat d'or, et pour ceux qui veulent investir dans l'or, vendre leur or tout simplement en savoir plus... Pour tous vos achat or et argent, n'h\u00e9sitez pas \u00e0 prendre rendez-vous dans l'un de nos nombreux comptoirs.\",\"sameAs\":[\"https:\\\/\\\/www.gold.fr\"]}]}<\/script>\n<!-- \/ Yoast SEO plugin. -->","yoast_head_json":{"title":"M\u00e9tal jaune : la tendance attentiste sera d\u00e9finitivement invers\u00e9e - Gold.fr","robots":{"index":"index","follow":"follow","max-snippet":"max-snippet:-1","max-image-preview":"max-image-preview:large","max-video-preview":"max-video-preview:-1"},"canonical":"https:\/\/www.gold.fr\/news\/2017\/05\/09\/metal-jaune-la-tendance-attentiste-sera-definitivement-inversee\/","og_locale":"fr_FR","og_type":"article","og_title":"M\u00e9tal jaune : la tendance attentiste sera d\u00e9finitivement invers\u00e9e - Gold.fr","og_description":"Vers la fin de la semaine derni\u00e8re, l\u2019once d&rsquo;or fin affichait un cours en dollars de 1.239,4 dollars et un niveau en euros de l&rsquo;ordre de 1.130,3 euros. Il s&rsquo;agit de deux progressions respectives de 10,35 [&hellip;]","og_url":"https:\/\/www.gold.fr\/news\/2017\/05\/09\/metal-jaune-la-tendance-attentiste-sera-definitivement-inversee\/","og_site_name":"Gold.fr","article_publisher":"https:\/\/www.facebook.com\/Goldfr\/","article_published_time":"2017-05-09T08:00:43+00:00","article_modified_time":"2021-01-13T10:19:05+00:00","og_image":[{"width":600,"height":296,"url":"https:\/\/www.gold.fr\/news\/wp-content\/uploads\/2011\/09\/ordinateur-or.jpg","type":"image\/jpeg"}],"author":"Comptoir National de l'Or","twitter_card":"summary_large_image","twitter_misc":{"\u00c9crit par":"Comptoir National de l'Or","Dur\u00e9e de lecture estim\u00e9e":"1 minute"},"schema":{"@context":"https:\/\/schema.org","@graph":[{"@type":"Article","@id":"https:\/\/www.gold.fr\/news\/2017\/05\/09\/metal-jaune-la-tendance-attentiste-sera-definitivement-inversee\/#article","isPartOf":{"@id":"https:\/\/www.gold.fr\/news\/2017\/05\/09\/metal-jaune-la-tendance-attentiste-sera-definitivement-inversee\/"},"author":{"name":"Comptoir National de l'Or","@id":"https:\/\/www.gold.fr\/news\/#\/schema\/person\/070491b4b4fb7671bf59b3be20302ce9"},"headline":"M\u00e9tal jaune : la tendance attentiste sera d\u00e9finitivement invers\u00e9e","datePublished":"2017-05-09T08:00:43+00:00","dateModified":"2021-01-13T10:19:05+00:00","mainEntityOfPage":{"@id":"https:\/\/www.gold.fr\/news\/2017\/05\/09\/metal-jaune-la-tendance-attentiste-sera-definitivement-inversee\/"},"wordCount":237,"image":{"@id":"https:\/\/www.gold.fr\/news\/2017\/05\/09\/metal-jaune-la-tendance-attentiste-sera-definitivement-inversee\/#primaryimage"},"thumbnailUrl":"https:\/\/www.gold.fr\/news\/wp-content\/uploads\/2011\/09\/ordinateur-or.jpg","keywords":["M\u00e9tal jaune"],"articleSection":["Articles de presse"],"inLanguage":"fr-FR"},{"@type":"WebPage","@id":"https:\/\/www.gold.fr\/news\/2017\/05\/09\/metal-jaune-la-tendance-attentiste-sera-definitivement-inversee\/","url":"https:\/\/www.gold.fr\/news\/2017\/05\/09\/metal-jaune-la-tendance-attentiste-sera-definitivement-inversee\/","name":"M\u00e9tal jaune : la tendance attentiste sera d\u00e9finitivement invers\u00e9e - Gold.fr","isPartOf":{"@id":"https:\/\/www.gold.fr\/news\/#website"},"primaryImageOfPage":{"@id":"https:\/\/www.gold.fr\/news\/2017\/05\/09\/metal-jaune-la-tendance-attentiste-sera-definitivement-inversee\/#primaryimage"},"image":{"@id":"https:\/\/www.gold.fr\/news\/2017\/05\/09\/metal-jaune-la-tendance-attentiste-sera-definitivement-inversee\/#primaryimage"},"thumbnailUrl":"https:\/\/www.gold.fr\/news\/wp-content\/uploads\/2011\/09\/ordinateur-or.jpg","datePublished":"2017-05-09T08:00:43+00:00","dateModified":"2021-01-13T10:19:05+00:00","author":{"@id":"https:\/\/www.gold.fr\/news\/#\/schema\/person\/070491b4b4fb7671bf59b3be20302ce9"},"breadcrumb":{"@id":"https:\/\/www.gold.fr\/news\/2017\/05\/09\/metal-jaune-la-tendance-attentiste-sera-definitivement-inversee\/#breadcrumb"},"inLanguage":"fr-FR","potentialAction":[{"@type":"ReadAction","target":["https:\/\/www.gold.fr\/news\/2017\/05\/09\/metal-jaune-la-tendance-attentiste-sera-definitivement-inversee\/"]}]},{"@type":"ImageObject","inLanguage":"fr-FR","@id":"https:\/\/www.gold.fr\/news\/2017\/05\/09\/metal-jaune-la-tendance-attentiste-sera-definitivement-inversee\/#primaryimage","url":"https:\/\/www.gold.fr\/news\/wp-content\/uploads\/2011\/09\/ordinateur-or.jpg","contentUrl":"https:\/\/www.gold.fr\/news\/wp-content\/uploads\/2011\/09\/ordinateur-or.jpg","width":"600","height":"296","caption":"M\u00e9tal jaune : la tendance attentiste sera d\u00e9finitivement invers\u00e9e"},{"@type":"BreadcrumbList","@id":"https:\/\/www.gold.fr\/news\/2017\/05\/09\/metal-jaune-la-tendance-attentiste-sera-definitivement-inversee\/#breadcrumb","itemListElement":[{"@type":"ListItem","position":1,"name":"Accueil","item":"https:\/\/www.gold.fr\/"},{"@type":"ListItem","position":2,"name":"Actualit\u00e9s","item":"https:\/\/www.gold.fr\/news\/"},{"@type":"ListItem","position":3,"name":"M\u00e9tal jaune : la tendance attentiste sera d\u00e9finitivement invers\u00e9e"}]},{"@type":"WebSite","@id":"https:\/\/www.gold.fr\/news\/#website","url":"https:\/\/www.gold.fr\/news\/","name":"Gold.fr","description":"Actualit\u00e9s de l&#039;Or et des m\u00e9taux pr\u00e9cieux","potentialAction":[{"@type":"SearchAction","target":{"@type":"EntryPoint","urlTemplate":"https:\/\/www.gold.fr\/news\/?s={search_term_string}"},"query-input":{"@type":"PropertyValueSpecification","valueRequired":true,"valueName":"search_term_string"}}],"inLanguage":"fr-FR"},{"@type":"Person","@id":"https:\/\/www.gold.fr\/news\/#\/schema\/person\/070491b4b4fb7671bf59b3be20302ce9","name":"Comptoir National de l'Or","image":{"@type":"ImageObject","inLanguage":"fr-FR","@id":"https:\/\/secure.gravatar.com\/avatar\/0a2867fd5abe37bed95d5a65e9d58f01756e11efc68af9888dfc50cfa7f65948?s=96&d=mm&r=gb490554db0a38188709de567aa58480d","url":"https:\/\/secure.gravatar.com\/avatar\/0a2867fd5abe37bed95d5a65e9d58f01756e11efc68af9888dfc50cfa7f65948?s=96&d=mm&r=g","contentUrl":"https:\/\/secure.gravatar.com\/avatar\/0a2867fd5abe37bed95d5a65e9d58f01756e11efc68af9888dfc50cfa7f65948?s=96&d=mm&r=g","caption":"Comptoir National de l'Or"},"description":"Notre r\u00e9daction est constitu\u00e9e de membres experts dans les m\u00e9tiers de l'\u00e9conomie et la gestion, des Responsables d'agence Comptoir National de l'Or, des analystes financiers qui publient r\u00e9guli\u00e8rement des \u00e9tudes sur les politiques des banques centrales, le cours de l'or, prix de l'or, cours de l'argent, prix de l'argent, cours du platine, cours du palladium,... la situation en zone euro et l'impact de la strat\u00e9gie mon\u00e9taire de la FED. Notre \u00e9quipe scrute \u00e9galement une information plus g\u00e9n\u00e9raliste \u00e0 la recherche d'actualit\u00e9 \"p\u00e9pite\" \u00e0 vous partager. Depuis 5 ans, nous avons publi\u00e9 un peu plus de 4000 articles qui s'adressent \u00e0 un public large et vari\u00e9 ayant pour objectif de satisfaire votre curiosit\u00e9 et de partager avec vous une certaine fascination pour le m\u00e9tal jaune, le rachat d'or, et pour ceux qui veulent investir dans l'or, vendre leur or tout simplement en savoir plus... Pour tous vos achat or et argent, n'h\u00e9sitez pas \u00e0 prendre rendez-vous dans l'un de nos nombreux comptoirs.","sameAs":["https:\/\/www.gold.fr"]}]}},"authors":[{"term_id":2565,"user_id":18,"is_guest":0,"slug":"julie","display_name":"Comptoir National de l'Or","avatar_url":"https:\/\/secure.gravatar.com\/avatar\/713f289e398d35ead876c4a4cc08607f0d6d266058cfc25683fffb6092d0e572?s=96&d=mm&r=g","0":null,"1":"","2":"","3":"","4":"","5":"","6":"","7":"","8":""}],"_links":{"self":[{"href":"https:\/\/www.gold.fr\/news\/wp-json\/wp\/v2\/posts\/21167","targetHints":{"allow":["GET"]}}],"collection":[{"href":"https:\/\/www.gold.fr\/news\/wp-json\/wp\/v2\/posts"}],"about":[{"href":"https:\/\/www.gold.fr\/news\/wp-json\/wp\/v2\/types\/post"}],"author":[{"embeddable":true,"href":"https:\/\/www.gold.fr\/news\/wp-json\/wp\/v2\/users\/18"}],"replies":[{"embeddable":true,"href":"https:\/\/www.gold.fr\/news\/wp-json\/wp\/v2\/comments?post=21167"}],"version-history":[{"count":0,"href":"https:\/\/www.gold.fr\/news\/wp-json\/wp\/v2\/posts\/21167\/revisions"}],"wp:featuredmedia":[{"embeddable":true,"href":"https:\/\/www.gold.fr\/news\/wp-json\/wp\/v2\/media\/2397"}],"wp:attachment":[{"href":"https:\/\/www.gold.fr\/news\/wp-json\/wp\/v2\/media?parent=21167"}],"wp:term":[{"taxonomy":"category","embeddable":true,"href":"https:\/\/www.gold.fr\/news\/wp-json\/wp\/v2\/categories?post=21167"},{"taxonomy":"post_tag","embeddable":true,"href":"https:\/\/www.gold.fr\/news\/wp-json\/wp\/v2\/tags?post=21167"},{"taxonomy":"author","embeddable":true,"href":"https:\/\/www.gold.fr\/news\/wp-json\/wp\/v2\/ppma_author?post=21167"}],"curies":[{"name":"wp","href":"https:\/\/api.w.org\/{rel}","templated":true}]}}