{"id":21092,"date":"2017-04-20T17:00:50","date_gmt":"2017-04-20T15:00:50","guid":{"rendered":"https:\/\/www.gold.fr\/news\/?p=21092"},"modified":"2021-01-13T11:37:21","modified_gmt":"2021-01-13T10:37:21","slug":"le-metal-jaune-draine-par-linstabilite-geopolitique","status":"publish","type":"post","link":"https:\/\/www.gold.fr\/news\/2017\/04\/20\/le-metal-jaune-draine-par-linstabilite-geopolitique\/","title":{"rendered":"Le m\u00e9tal jaune drain\u00e9 par l\u2019instabilit\u00e9 g\u00e9opolitique"},"content":{"rendered":"<p><img loading=\"lazy\" decoding=\"async\" class=\"alignleft wp-image-7642 size-thumbnail\" title=\"Le m\u00e9tal jaune drain\u00e9 par l\u2019instabilit\u00e9 g\u00e9opolitique\" src=\"https:\/\/www.gold.fr\/news\/wp-content\/uploads\/2012\/05\/Acheter-de-l-or-150x150.jpg\" alt=\"Le m\u00e9tal jaune drain\u00e9 par l\u2019instabilit\u00e9 g\u00e9opolitique\" width=\"150\" height=\"150\" \/>Pendant cette semaine,\u00a0<a href=\"https:\/\/www.gold.fr\/once-or-nyc\/\" target=\"_blank\" rel=\"noopener noreferrer\">l\u2019once<\/a> d&rsquo;or affichait un niveau en dollar de <strong>1285<\/strong> et une mesure en euro de <strong>1205,5<\/strong>. Il s&rsquo;agit, dans les deux cas d&rsquo;une progression de <strong>0,85 dollar<\/strong> et de <strong>4,1 euros<\/strong>. Malgr\u00e9 l&rsquo;absence de cotation en d\u00e9but de semaine \u00e0 cause des f\u00eates de P\u00e2ques, les march\u00e9s am\u00e9ricains et essentiellement celui d\u00e9di\u00e9 au m\u00e9tal jaune \u00e9tait ouvert, \u00e0 l&rsquo;encontre des places financi\u00e8res europ\u00e9ennes. Ainsi, l&rsquo;or avait atteint le niveau des <strong>1295 dollars<\/strong> et a \u00e9t\u00e9 principalement boost\u00e9 par la menace g\u00e9opolitique qui p\u00e8se sur les march\u00e9s. A cet effet, le conseiller de la s\u00e9curit\u00e9 nationale du pr\u00e9sident des <strong>Etats-Unis<\/strong> a d\u00e9clar\u00e9 que son pays, tout comme ses alli\u00e9s, \u00e9taient en train de pr\u00e9parer des r\u00e9ponses au test \u00e9chou\u00e9 fait par la <strong>Cor\u00e9e du Nord<\/strong>.    De plus, l&rsquo;issue du premier tour des \u00e9lections pr\u00e9sidentielles fran\u00e7aises constitue une autre source de risque. En effet, le scrutin reste incertain et les sondages confirment qu&rsquo;il va se jouer dans un mouchoir de poche entre les quatre candidats.    Par ailleurs, l&rsquo;encours des lingots relatif au <strong>SPDR Gold Shares<\/strong> am\u00e9ricain reste stable et affiche une mesure \u00e0 848,9 tonnes, la m\u00eame enregistr\u00e9e vendredi dernier.<\/p>\n<!-- AddThis Advanced Settings generic via filter on the_content --><!-- AddThis Share Buttons generic via filter on the_content -->","protected":false},"excerpt":{"rendered":"<p>Pendant cette semaine,\u00a0l\u2019once d&rsquo;or affichait un niveau en dollar de 1285 et une mesure en euro de 1205,5. Il s&rsquo;agit, dans les deux cas d&rsquo;une progression de 0,85 dollar et de 4,1 euros. Malgr\u00e9 l&rsquo;absence de [&hellip;]<\/p>\n","protected":false},"author":18,"featured_media":29878,"comment_status":"closed","ping_status":"closed","sticky":false,"template":"","format":"standard","meta":{"_mbp_gutenberg_autopost":false,"_pgmb_is_evergreen":false,"_pgmb_ap_template_id":0,"footnotes":""},"categories":[6],"tags":[1937,932],"ppma_author":[2565],"class_list":["post-21092","post","type-post","status-publish","format-standard","has-post-thumbnail","hentry","category-articles-de-presse","tag-actualite-geopolitique","tag-metal-jaune"],"yoast_head":"<!-- This site is optimized with the Yoast SEO plugin v27.5 - https:\/\/yoast.com\/product\/yoast-seo-wordpress\/ -->\n<title>Le m\u00e9tal jaune drain\u00e9 par l\u2019instabilit\u00e9 g\u00e9opolitique - Gold.fr<\/title>\n<meta name=\"robots\" content=\"index, follow, max-snippet:-1, max-image-preview:large, max-video-preview:-1\" \/>\n<link rel=\"canonical\" href=\"https:\/\/www.gold.fr\/news\/2017\/04\/20\/le-metal-jaune-draine-par-linstabilite-geopolitique\/\" \/>\n<meta property=\"og:locale\" content=\"fr_FR\" \/>\n<meta property=\"og:type\" content=\"article\" \/>\n<meta property=\"og:title\" content=\"Le m\u00e9tal jaune drain\u00e9 par l\u2019instabilit\u00e9 g\u00e9opolitique - Gold.fr\" \/>\n<meta property=\"og:description\" content=\"Pendant cette semaine,\u00a0l\u2019once d&rsquo;or affichait un niveau en dollar de 1285 et une mesure en euro de 1205,5. Il s&rsquo;agit, dans les deux cas d&rsquo;une progression de 0,85 dollar et de 4,1 euros. Malgr\u00e9 l&rsquo;absence de [&hellip;]\" \/>\n<meta property=\"og:url\" content=\"https:\/\/www.gold.fr\/news\/2017\/04\/20\/le-metal-jaune-draine-par-linstabilite-geopolitique\/\" \/>\n<meta property=\"og:site_name\" content=\"Gold.fr\" \/>\n<meta property=\"article:publisher\" content=\"https:\/\/www.facebook.com\/Goldfr\/\" \/>\n<meta property=\"article:published_time\" content=\"2017-04-20T15:00:50+00:00\" \/>\n<meta property=\"article:modified_time\" content=\"2021-01-13T10:37:21+00:00\" \/>\n<meta property=\"og:image\" content=\"https:\/\/www.gold.fr\/news\/wp-content\/uploads\/2017\/04\/Acheter-de-l-or.jpg\" \/>\n\t<meta property=\"og:image:width\" content=\"600\" \/>\n\t<meta property=\"og:image:height\" content=\"398\" \/>\n\t<meta property=\"og:image:type\" content=\"image\/jpeg\" \/>\n<meta name=\"author\" content=\"Comptoir National de l&#039;Or\" \/>\n<meta name=\"twitter:card\" content=\"summary_large_image\" \/>\n<meta name=\"twitter:label1\" content=\"\u00c9crit par\" \/>\n\t<meta name=\"twitter:data1\" content=\"Comptoir National de l&#039;Or\" \/>\n\t<meta name=\"twitter:label2\" content=\"Dur\u00e9e de lecture estim\u00e9e\" \/>\n\t<meta name=\"twitter:data2\" content=\"1 minute\" \/>\n<script type=\"application\/ld+json\" class=\"yoast-schema-graph\">{\"@context\":\"https:\\\/\\\/schema.org\",\"@graph\":[{\"@type\":\"Article\",\"@id\":\"https:\\\/\\\/www.gold.fr\\\/news\\\/2017\\\/04\\\/20\\\/le-metal-jaune-draine-par-linstabilite-geopolitique\\\/#article\",\"isPartOf\":{\"@id\":\"https:\\\/\\\/www.gold.fr\\\/news\\\/2017\\\/04\\\/20\\\/le-metal-jaune-draine-par-linstabilite-geopolitique\\\/\"},\"author\":{\"name\":\"Comptoir National de l'Or\",\"@id\":\"https:\\\/\\\/www.gold.fr\\\/news\\\/#\\\/schema\\\/person\\\/070491b4b4fb7671bf59b3be20302ce9\"},\"headline\":\"Le m\u00e9tal jaune drain\u00e9 par l\u2019instabilit\u00e9 g\u00e9opolitique\",\"datePublished\":\"2017-04-20T15:00:50+00:00\",\"dateModified\":\"2021-01-13T10:37:21+00:00\",\"mainEntityOfPage\":{\"@id\":\"https:\\\/\\\/www.gold.fr\\\/news\\\/2017\\\/04\\\/20\\\/le-metal-jaune-draine-par-linstabilite-geopolitique\\\/\"},\"wordCount\":226,\"image\":{\"@id\":\"https:\\\/\\\/www.gold.fr\\\/news\\\/2017\\\/04\\\/20\\\/le-metal-jaune-draine-par-linstabilite-geopolitique\\\/#primaryimage\"},\"thumbnailUrl\":\"https:\\\/\\\/www.gold.fr\\\/news\\\/wp-content\\\/uploads\\\/2017\\\/04\\\/Acheter-de-l-or.jpg\",\"keywords\":[\"actualit\u00e9 g\u00e9opolitique\",\"M\u00e9tal jaune\"],\"articleSection\":[\"Articles de presse\"],\"inLanguage\":\"fr-FR\"},{\"@type\":\"WebPage\",\"@id\":\"https:\\\/\\\/www.gold.fr\\\/news\\\/2017\\\/04\\\/20\\\/le-metal-jaune-draine-par-linstabilite-geopolitique\\\/\",\"url\":\"https:\\\/\\\/www.gold.fr\\\/news\\\/2017\\\/04\\\/20\\\/le-metal-jaune-draine-par-linstabilite-geopolitique\\\/\",\"name\":\"Le m\u00e9tal jaune drain\u00e9 par l\u2019instabilit\u00e9 g\u00e9opolitique - Gold.fr\",\"isPartOf\":{\"@id\":\"https:\\\/\\\/www.gold.fr\\\/news\\\/#website\"},\"primaryImageOfPage\":{\"@id\":\"https:\\\/\\\/www.gold.fr\\\/news\\\/2017\\\/04\\\/20\\\/le-metal-jaune-draine-par-linstabilite-geopolitique\\\/#primaryimage\"},\"image\":{\"@id\":\"https:\\\/\\\/www.gold.fr\\\/news\\\/2017\\\/04\\\/20\\\/le-metal-jaune-draine-par-linstabilite-geopolitique\\\/#primaryimage\"},\"thumbnailUrl\":\"https:\\\/\\\/www.gold.fr\\\/news\\\/wp-content\\\/uploads\\\/2017\\\/04\\\/Acheter-de-l-or.jpg\",\"datePublished\":\"2017-04-20T15:00:50+00:00\",\"dateModified\":\"2021-01-13T10:37:21+00:00\",\"author\":{\"@id\":\"https:\\\/\\\/www.gold.fr\\\/news\\\/#\\\/schema\\\/person\\\/070491b4b4fb7671bf59b3be20302ce9\"},\"breadcrumb\":{\"@id\":\"https:\\\/\\\/www.gold.fr\\\/news\\\/2017\\\/04\\\/20\\\/le-metal-jaune-draine-par-linstabilite-geopolitique\\\/#breadcrumb\"},\"inLanguage\":\"fr-FR\",\"potentialAction\":[{\"@type\":\"ReadAction\",\"target\":[\"https:\\\/\\\/www.gold.fr\\\/news\\\/2017\\\/04\\\/20\\\/le-metal-jaune-draine-par-linstabilite-geopolitique\\\/\"]}]},{\"@type\":\"ImageObject\",\"inLanguage\":\"fr-FR\",\"@id\":\"https:\\\/\\\/www.gold.fr\\\/news\\\/2017\\\/04\\\/20\\\/le-metal-jaune-draine-par-linstabilite-geopolitique\\\/#primaryimage\",\"url\":\"https:\\\/\\\/www.gold.fr\\\/news\\\/wp-content\\\/uploads\\\/2017\\\/04\\\/Acheter-de-l-or.jpg\",\"contentUrl\":\"https:\\\/\\\/www.gold.fr\\\/news\\\/wp-content\\\/uploads\\\/2017\\\/04\\\/Acheter-de-l-or.jpg\",\"width\":600,\"height\":398,\"caption\":\"L\u2019or en route vers 1600 dollars sur fonds de guerre commerciale\"},{\"@type\":\"BreadcrumbList\",\"@id\":\"https:\\\/\\\/www.gold.fr\\\/news\\\/2017\\\/04\\\/20\\\/le-metal-jaune-draine-par-linstabilite-geopolitique\\\/#breadcrumb\",\"itemListElement\":[{\"@type\":\"ListItem\",\"position\":1,\"name\":\"Accueil\",\"item\":\"https:\\\/\\\/www.gold.fr\\\/\"},{\"@type\":\"ListItem\",\"position\":2,\"name\":\"Actualit\u00e9s\",\"item\":\"https:\\\/\\\/www.gold.fr\\\/news\\\/\"},{\"@type\":\"ListItem\",\"position\":3,\"name\":\"Le m\u00e9tal jaune drain\u00e9 par l\u2019instabilit\u00e9 g\u00e9opolitique\"}]},{\"@type\":\"WebSite\",\"@id\":\"https:\\\/\\\/www.gold.fr\\\/news\\\/#website\",\"url\":\"https:\\\/\\\/www.gold.fr\\\/news\\\/\",\"name\":\"Gold.fr\",\"description\":\"Actualit\u00e9s de l&#039;Or et des m\u00e9taux pr\u00e9cieux\",\"potentialAction\":[{\"@type\":\"SearchAction\",\"target\":{\"@type\":\"EntryPoint\",\"urlTemplate\":\"https:\\\/\\\/www.gold.fr\\\/news\\\/?s={search_term_string}\"},\"query-input\":{\"@type\":\"PropertyValueSpecification\",\"valueRequired\":true,\"valueName\":\"search_term_string\"}}],\"inLanguage\":\"fr-FR\"},{\"@type\":\"Person\",\"@id\":\"https:\\\/\\\/www.gold.fr\\\/news\\\/#\\\/schema\\\/person\\\/070491b4b4fb7671bf59b3be20302ce9\",\"name\":\"Comptoir National de l'Or\",\"image\":{\"@type\":\"ImageObject\",\"inLanguage\":\"fr-FR\",\"@id\":\"https:\\\/\\\/secure.gravatar.com\\\/avatar\\\/0a2867fd5abe37bed95d5a65e9d58f01756e11efc68af9888dfc50cfa7f65948?s=96&d=mm&r=gb490554db0a38188709de567aa58480d\",\"url\":\"https:\\\/\\\/secure.gravatar.com\\\/avatar\\\/0a2867fd5abe37bed95d5a65e9d58f01756e11efc68af9888dfc50cfa7f65948?s=96&d=mm&r=g\",\"contentUrl\":\"https:\\\/\\\/secure.gravatar.com\\\/avatar\\\/0a2867fd5abe37bed95d5a65e9d58f01756e11efc68af9888dfc50cfa7f65948?s=96&d=mm&r=g\",\"caption\":\"Comptoir National de l'Or\"},\"description\":\"Notre r\u00e9daction est constitu\u00e9e de membres experts dans les m\u00e9tiers de l'\u00e9conomie et la gestion, des Responsables d'agence Comptoir National de l'Or, des analystes financiers qui publient r\u00e9guli\u00e8rement des \u00e9tudes sur les politiques des banques centrales, le cours de l'or, prix de l'or, cours de l'argent, prix de l'argent, cours du platine, cours du palladium,... la situation en zone euro et l'impact de la strat\u00e9gie mon\u00e9taire de la FED. Notre \u00e9quipe scrute \u00e9galement une information plus g\u00e9n\u00e9raliste \u00e0 la recherche d'actualit\u00e9 \\\"p\u00e9pite\\\" \u00e0 vous partager. Depuis 5 ans, nous avons publi\u00e9 un peu plus de 4000 articles qui s'adressent \u00e0 un public large et vari\u00e9 ayant pour objectif de satisfaire votre curiosit\u00e9 et de partager avec vous une certaine fascination pour le m\u00e9tal jaune, le rachat d'or, et pour ceux qui veulent investir dans l'or, vendre leur or tout simplement en savoir plus... Pour tous vos achat or et argent, n'h\u00e9sitez pas \u00e0 prendre rendez-vous dans l'un de nos nombreux comptoirs.\",\"sameAs\":[\"https:\\\/\\\/www.gold.fr\"]}]}<\/script>\n<!-- \/ Yoast SEO plugin. -->","yoast_head_json":{"title":"Le m\u00e9tal jaune drain\u00e9 par l\u2019instabilit\u00e9 g\u00e9opolitique - Gold.fr","robots":{"index":"index","follow":"follow","max-snippet":"max-snippet:-1","max-image-preview":"max-image-preview:large","max-video-preview":"max-video-preview:-1"},"canonical":"https:\/\/www.gold.fr\/news\/2017\/04\/20\/le-metal-jaune-draine-par-linstabilite-geopolitique\/","og_locale":"fr_FR","og_type":"article","og_title":"Le m\u00e9tal jaune drain\u00e9 par l\u2019instabilit\u00e9 g\u00e9opolitique - Gold.fr","og_description":"Pendant cette semaine,\u00a0l\u2019once d&rsquo;or affichait un niveau en dollar de 1285 et une mesure en euro de 1205,5. Il s&rsquo;agit, dans les deux cas d&rsquo;une progression de 0,85 dollar et de 4,1 euros. Malgr\u00e9 l&rsquo;absence de [&hellip;]","og_url":"https:\/\/www.gold.fr\/news\/2017\/04\/20\/le-metal-jaune-draine-par-linstabilite-geopolitique\/","og_site_name":"Gold.fr","article_publisher":"https:\/\/www.facebook.com\/Goldfr\/","article_published_time":"2017-04-20T15:00:50+00:00","article_modified_time":"2021-01-13T10:37:21+00:00","og_image":[{"width":600,"height":398,"url":"https:\/\/www.gold.fr\/news\/wp-content\/uploads\/2017\/04\/Acheter-de-l-or.jpg","type":"image\/jpeg"}],"author":"Comptoir National de l'Or","twitter_card":"summary_large_image","twitter_misc":{"\u00c9crit par":"Comptoir National de l'Or","Dur\u00e9e de lecture estim\u00e9e":"1 minute"},"schema":{"@context":"https:\/\/schema.org","@graph":[{"@type":"Article","@id":"https:\/\/www.gold.fr\/news\/2017\/04\/20\/le-metal-jaune-draine-par-linstabilite-geopolitique\/#article","isPartOf":{"@id":"https:\/\/www.gold.fr\/news\/2017\/04\/20\/le-metal-jaune-draine-par-linstabilite-geopolitique\/"},"author":{"name":"Comptoir National de l'Or","@id":"https:\/\/www.gold.fr\/news\/#\/schema\/person\/070491b4b4fb7671bf59b3be20302ce9"},"headline":"Le m\u00e9tal jaune drain\u00e9 par l\u2019instabilit\u00e9 g\u00e9opolitique","datePublished":"2017-04-20T15:00:50+00:00","dateModified":"2021-01-13T10:37:21+00:00","mainEntityOfPage":{"@id":"https:\/\/www.gold.fr\/news\/2017\/04\/20\/le-metal-jaune-draine-par-linstabilite-geopolitique\/"},"wordCount":226,"image":{"@id":"https:\/\/www.gold.fr\/news\/2017\/04\/20\/le-metal-jaune-draine-par-linstabilite-geopolitique\/#primaryimage"},"thumbnailUrl":"https:\/\/www.gold.fr\/news\/wp-content\/uploads\/2017\/04\/Acheter-de-l-or.jpg","keywords":["actualit\u00e9 g\u00e9opolitique","M\u00e9tal jaune"],"articleSection":["Articles de presse"],"inLanguage":"fr-FR"},{"@type":"WebPage","@id":"https:\/\/www.gold.fr\/news\/2017\/04\/20\/le-metal-jaune-draine-par-linstabilite-geopolitique\/","url":"https:\/\/www.gold.fr\/news\/2017\/04\/20\/le-metal-jaune-draine-par-linstabilite-geopolitique\/","name":"Le m\u00e9tal jaune drain\u00e9 par l\u2019instabilit\u00e9 g\u00e9opolitique - Gold.fr","isPartOf":{"@id":"https:\/\/www.gold.fr\/news\/#website"},"primaryImageOfPage":{"@id":"https:\/\/www.gold.fr\/news\/2017\/04\/20\/le-metal-jaune-draine-par-linstabilite-geopolitique\/#primaryimage"},"image":{"@id":"https:\/\/www.gold.fr\/news\/2017\/04\/20\/le-metal-jaune-draine-par-linstabilite-geopolitique\/#primaryimage"},"thumbnailUrl":"https:\/\/www.gold.fr\/news\/wp-content\/uploads\/2017\/04\/Acheter-de-l-or.jpg","datePublished":"2017-04-20T15:00:50+00:00","dateModified":"2021-01-13T10:37:21+00:00","author":{"@id":"https:\/\/www.gold.fr\/news\/#\/schema\/person\/070491b4b4fb7671bf59b3be20302ce9"},"breadcrumb":{"@id":"https:\/\/www.gold.fr\/news\/2017\/04\/20\/le-metal-jaune-draine-par-linstabilite-geopolitique\/#breadcrumb"},"inLanguage":"fr-FR","potentialAction":[{"@type":"ReadAction","target":["https:\/\/www.gold.fr\/news\/2017\/04\/20\/le-metal-jaune-draine-par-linstabilite-geopolitique\/"]}]},{"@type":"ImageObject","inLanguage":"fr-FR","@id":"https:\/\/www.gold.fr\/news\/2017\/04\/20\/le-metal-jaune-draine-par-linstabilite-geopolitique\/#primaryimage","url":"https:\/\/www.gold.fr\/news\/wp-content\/uploads\/2017\/04\/Acheter-de-l-or.jpg","contentUrl":"https:\/\/www.gold.fr\/news\/wp-content\/uploads\/2017\/04\/Acheter-de-l-or.jpg","width":600,"height":398,"caption":"L\u2019or en route vers 1600 dollars sur fonds de guerre commerciale"},{"@type":"BreadcrumbList","@id":"https:\/\/www.gold.fr\/news\/2017\/04\/20\/le-metal-jaune-draine-par-linstabilite-geopolitique\/#breadcrumb","itemListElement":[{"@type":"ListItem","position":1,"name":"Accueil","item":"https:\/\/www.gold.fr\/"},{"@type":"ListItem","position":2,"name":"Actualit\u00e9s","item":"https:\/\/www.gold.fr\/news\/"},{"@type":"ListItem","position":3,"name":"Le m\u00e9tal jaune drain\u00e9 par l\u2019instabilit\u00e9 g\u00e9opolitique"}]},{"@type":"WebSite","@id":"https:\/\/www.gold.fr\/news\/#website","url":"https:\/\/www.gold.fr\/news\/","name":"Gold.fr","description":"Actualit\u00e9s de l&#039;Or et des m\u00e9taux pr\u00e9cieux","potentialAction":[{"@type":"SearchAction","target":{"@type":"EntryPoint","urlTemplate":"https:\/\/www.gold.fr\/news\/?s={search_term_string}"},"query-input":{"@type":"PropertyValueSpecification","valueRequired":true,"valueName":"search_term_string"}}],"inLanguage":"fr-FR"},{"@type":"Person","@id":"https:\/\/www.gold.fr\/news\/#\/schema\/person\/070491b4b4fb7671bf59b3be20302ce9","name":"Comptoir National de l'Or","image":{"@type":"ImageObject","inLanguage":"fr-FR","@id":"https:\/\/secure.gravatar.com\/avatar\/0a2867fd5abe37bed95d5a65e9d58f01756e11efc68af9888dfc50cfa7f65948?s=96&d=mm&r=gb490554db0a38188709de567aa58480d","url":"https:\/\/secure.gravatar.com\/avatar\/0a2867fd5abe37bed95d5a65e9d58f01756e11efc68af9888dfc50cfa7f65948?s=96&d=mm&r=g","contentUrl":"https:\/\/secure.gravatar.com\/avatar\/0a2867fd5abe37bed95d5a65e9d58f01756e11efc68af9888dfc50cfa7f65948?s=96&d=mm&r=g","caption":"Comptoir National de l'Or"},"description":"Notre r\u00e9daction est constitu\u00e9e de membres experts dans les m\u00e9tiers de l'\u00e9conomie et la gestion, des Responsables d'agence Comptoir National de l'Or, des analystes financiers qui publient r\u00e9guli\u00e8rement des \u00e9tudes sur les politiques des banques centrales, le cours de l'or, prix de l'or, cours de l'argent, prix de l'argent, cours du platine, cours du palladium,... la situation en zone euro et l'impact de la strat\u00e9gie mon\u00e9taire de la FED. Notre \u00e9quipe scrute \u00e9galement une information plus g\u00e9n\u00e9raliste \u00e0 la recherche d'actualit\u00e9 \"p\u00e9pite\" \u00e0 vous partager. Depuis 5 ans, nous avons publi\u00e9 un peu plus de 4000 articles qui s'adressent \u00e0 un public large et vari\u00e9 ayant pour objectif de satisfaire votre curiosit\u00e9 et de partager avec vous une certaine fascination pour le m\u00e9tal jaune, le rachat d'or, et pour ceux qui veulent investir dans l'or, vendre leur or tout simplement en savoir plus... Pour tous vos achat or et argent, n'h\u00e9sitez pas \u00e0 prendre rendez-vous dans l'un de nos nombreux comptoirs.","sameAs":["https:\/\/www.gold.fr"]}]}},"authors":[{"term_id":2565,"user_id":18,"is_guest":0,"slug":"julie","display_name":"Comptoir National de l'Or","avatar_url":"https:\/\/secure.gravatar.com\/avatar\/713f289e398d35ead876c4a4cc08607f0d6d266058cfc25683fffb6092d0e572?s=96&d=mm&r=g","0":null,"1":"","2":"","3":"","4":"","5":"","6":"","7":"","8":""}],"_links":{"self":[{"href":"https:\/\/www.gold.fr\/news\/wp-json\/wp\/v2\/posts\/21092","targetHints":{"allow":["GET"]}}],"collection":[{"href":"https:\/\/www.gold.fr\/news\/wp-json\/wp\/v2\/posts"}],"about":[{"href":"https:\/\/www.gold.fr\/news\/wp-json\/wp\/v2\/types\/post"}],"author":[{"embeddable":true,"href":"https:\/\/www.gold.fr\/news\/wp-json\/wp\/v2\/users\/18"}],"replies":[{"embeddable":true,"href":"https:\/\/www.gold.fr\/news\/wp-json\/wp\/v2\/comments?post=21092"}],"version-history":[{"count":0,"href":"https:\/\/www.gold.fr\/news\/wp-json\/wp\/v2\/posts\/21092\/revisions"}],"wp:featuredmedia":[{"embeddable":true,"href":"https:\/\/www.gold.fr\/news\/wp-json\/wp\/v2\/media\/29878"}],"wp:attachment":[{"href":"https:\/\/www.gold.fr\/news\/wp-json\/wp\/v2\/media?parent=21092"}],"wp:term":[{"taxonomy":"category","embeddable":true,"href":"https:\/\/www.gold.fr\/news\/wp-json\/wp\/v2\/categories?post=21092"},{"taxonomy":"post_tag","embeddable":true,"href":"https:\/\/www.gold.fr\/news\/wp-json\/wp\/v2\/tags?post=21092"},{"taxonomy":"author","embeddable":true,"href":"https:\/\/www.gold.fr\/news\/wp-json\/wp\/v2\/ppma_author?post=21092"}],"curies":[{"name":"wp","href":"https:\/\/api.w.org\/{rel}","templated":true}]}}