{"id":21088,"date":"2017-04-19T17:00:16","date_gmt":"2017-04-19T15:00:16","guid":{"rendered":"https:\/\/www.gold.fr\/news\/?p=21088"},"modified":"2021-01-13T11:37:41","modified_gmt":"2021-01-13T10:37:41","slug":"face-a-un-marche-financier-instable-lonce-continue-a-progresser","status":"publish","type":"post","link":"https:\/\/www.gold.fr\/news\/2017\/04\/19\/face-a-un-marche-financier-instable-lonce-continue-a-progresser\/","title":{"rendered":"Face \u00e0 un march\u00e9 financier instable, l\u2019once continue \u00e0 progresser"},"content":{"rendered":"<p><img loading=\"lazy\" decoding=\"async\" class=\"alignleft wp-image-13847 size-thumbnail\" title=\"Face \u00e0 un march\u00e9 financier instable, l\u2019once continue \u00e0 progresser\" src=\"https:\/\/www.gold.fr\/news\/wp-content\/uploads\/2014\/02\/March\u00e9-haussier-or-150x150.jpg\" alt=\"Face \u00e0 un march\u00e9 financier instable, l\u2019once continue \u00e0 progresser\" width=\"150\" height=\"150\" \/>La barre symbolique des <strong>1286 dollars<\/strong> a \u00e9t\u00e9 franchie par le cours de l&rsquo;once lors de la semaine derni\u00e8re et ce, malgr\u00e9 la chute subie par la devise am\u00e9ricaine suite aux d\u00e9clarations qu&rsquo;a fait <strong>Donald Trump<\/strong> au <strong>Wall Street<\/strong> Journal. Selon lui, le dollar serait une monnaie trop forte. Rappelons que la devise am\u00e9ricaine avait accus\u00e9 un recul \u00e0 partir du record de 13 ans enregistr\u00e9 juste apr\u00e8s l&rsquo;\u00e9lection de <strong>Donald Trump<\/strong> \u00e0 la Maison Blanche. A cet effet, le pr\u00e9sident am\u00e9ricain avait d\u00e9clar\u00e9 que le fait que les op\u00e9rateurs aient autant confiance dans le dollar repr\u00e9sentait sa v\u00e9ritable faiblesse.    Par ailleurs, la corr\u00e9lation dollar am\u00e9ricain, yen japonais se mat\u00e9rialise de plus en plus essentiellement en ce qui concerne le <a href=\"https:\/\/www.gold.fr\/cours-or-prix-de-l-or\/\" target=\"_blank\" rel=\"noopener noreferrer\">cours<\/a> de l&rsquo;or. Une interaction qui a provoqu\u00e9 le repli du prix de l&rsquo;or en yens japonais de <strong>4518 yens<\/strong> par gramme. Cette baisse a caus\u00e9 \u00e0 son tour un malaise aupr\u00e8s des traders am\u00e9ricains qui esp\u00e9raient profiter au maximum du potentiel du m\u00e9tal jaune en l&rsquo;achetant contre des yens. Aussi, le rapport entre dollar am\u00e9ricain, la livre sterling et l&rsquo;euro a enregistr\u00e9 une progression durant laquelle il est arriv\u00e9 \u00e0 r\u00e9cup\u00e9rer un demi yen depuis l&rsquo;investiture de<strong> Donald Trump<\/strong>.<\/p>\n<!-- AddThis Advanced Settings generic via filter on the_content --><!-- AddThis Share Buttons generic via filter on the_content -->","protected":false},"excerpt":{"rendered":"<p>La barre symbolique des 1286 dollars a \u00e9t\u00e9 franchie par le cours de l&rsquo;once lors de la semaine derni\u00e8re et ce, malgr\u00e9 la chute subie par la devise am\u00e9ricaine suite aux d\u00e9clarations qu&rsquo;a fait Donald Trump [&hellip;]<\/p>\n","protected":false},"author":18,"featured_media":13847,"comment_status":"closed","ping_status":"closed","sticky":false,"template":"","format":"standard","meta":{"_mbp_gutenberg_autopost":false,"_pgmb_is_evergreen":false,"_pgmb_ap_template_id":0,"footnotes":""},"categories":[6],"tags":[1048],"ppma_author":[2565],"class_list":["post-21088","post","type-post","status-publish","format-standard","has-post-thumbnail","hentry","category-articles-de-presse","tag-progression-de-lor"],"yoast_head":"<!-- This site is optimized with the Yoast SEO plugin v27.5 - https:\/\/yoast.com\/product\/yoast-seo-wordpress\/ -->\n<title>Face \u00e0 un march\u00e9 financier instable, l\u2019once continue \u00e0 progresser - Gold.fr<\/title>\n<meta name=\"robots\" content=\"index, follow, max-snippet:-1, max-image-preview:large, max-video-preview:-1\" \/>\n<link rel=\"canonical\" href=\"https:\/\/www.gold.fr\/news\/2017\/04\/19\/face-a-un-marche-financier-instable-lonce-continue-a-progresser\/\" \/>\n<meta property=\"og:locale\" content=\"fr_FR\" \/>\n<meta property=\"og:type\" content=\"article\" \/>\n<meta property=\"og:title\" content=\"Face \u00e0 un march\u00e9 financier instable, l\u2019once continue \u00e0 progresser - Gold.fr\" \/>\n<meta property=\"og:description\" content=\"La barre symbolique des 1286 dollars a \u00e9t\u00e9 franchie par le cours de l&rsquo;once lors de la semaine derni\u00e8re et ce, malgr\u00e9 la chute subie par la devise am\u00e9ricaine suite aux d\u00e9clarations qu&rsquo;a fait Donald Trump [&hellip;]\" \/>\n<meta property=\"og:url\" content=\"https:\/\/www.gold.fr\/news\/2017\/04\/19\/face-a-un-marche-financier-instable-lonce-continue-a-progresser\/\" \/>\n<meta property=\"og:site_name\" content=\"Gold.fr\" \/>\n<meta property=\"article:publisher\" content=\"https:\/\/www.facebook.com\/Goldfr\/\" \/>\n<meta property=\"article:published_time\" content=\"2017-04-19T15:00:16+00:00\" \/>\n<meta property=\"article:modified_time\" content=\"2021-01-13T10:37:41+00:00\" \/>\n<meta property=\"og:image\" content=\"https:\/\/www.gold.fr\/news\/wp-content\/uploads\/2014\/02\/March\u00e9-haussier-or.jpg\" \/>\n\t<meta property=\"og:image:width\" content=\"640\" \/>\n\t<meta property=\"og:image:height\" content=\"474\" \/>\n\t<meta property=\"og:image:type\" content=\"image\/jpeg\" \/>\n<meta name=\"author\" content=\"Comptoir National de l&#039;Or\" \/>\n<meta name=\"twitter:card\" content=\"summary_large_image\" \/>\n<meta name=\"twitter:label1\" content=\"\u00c9crit par\" \/>\n\t<meta name=\"twitter:data1\" content=\"Comptoir National de l&#039;Or\" \/>\n\t<meta name=\"twitter:label2\" content=\"Dur\u00e9e de lecture estim\u00e9e\" \/>\n\t<meta name=\"twitter:data2\" content=\"1 minute\" \/>\n<script type=\"application\/ld+json\" class=\"yoast-schema-graph\">{\"@context\":\"https:\\\/\\\/schema.org\",\"@graph\":[{\"@type\":\"Article\",\"@id\":\"https:\\\/\\\/www.gold.fr\\\/news\\\/2017\\\/04\\\/19\\\/face-a-un-marche-financier-instable-lonce-continue-a-progresser\\\/#article\",\"isPartOf\":{\"@id\":\"https:\\\/\\\/www.gold.fr\\\/news\\\/2017\\\/04\\\/19\\\/face-a-un-marche-financier-instable-lonce-continue-a-progresser\\\/\"},\"author\":{\"name\":\"Comptoir National de l'Or\",\"@id\":\"https:\\\/\\\/www.gold.fr\\\/news\\\/#\\\/schema\\\/person\\\/070491b4b4fb7671bf59b3be20302ce9\"},\"headline\":\"Face \u00e0 un march\u00e9 financier instable, l\u2019once continue \u00e0 progresser\",\"datePublished\":\"2017-04-19T15:00:16+00:00\",\"dateModified\":\"2021-01-13T10:37:41+00:00\",\"mainEntityOfPage\":{\"@id\":\"https:\\\/\\\/www.gold.fr\\\/news\\\/2017\\\/04\\\/19\\\/face-a-un-marche-financier-instable-lonce-continue-a-progresser\\\/\"},\"wordCount\":231,\"image\":{\"@id\":\"https:\\\/\\\/www.gold.fr\\\/news\\\/2017\\\/04\\\/19\\\/face-a-un-marche-financier-instable-lonce-continue-a-progresser\\\/#primaryimage\"},\"thumbnailUrl\":\"https:\\\/\\\/www.gold.fr\\\/news\\\/wp-content\\\/uploads\\\/2014\\\/02\\\/March\u00e9-haussier-or.jpg\",\"keywords\":[\"Progression de l\u2019or\"],\"articleSection\":[\"Articles de presse\"],\"inLanguage\":\"fr-FR\"},{\"@type\":\"WebPage\",\"@id\":\"https:\\\/\\\/www.gold.fr\\\/news\\\/2017\\\/04\\\/19\\\/face-a-un-marche-financier-instable-lonce-continue-a-progresser\\\/\",\"url\":\"https:\\\/\\\/www.gold.fr\\\/news\\\/2017\\\/04\\\/19\\\/face-a-un-marche-financier-instable-lonce-continue-a-progresser\\\/\",\"name\":\"Face \u00e0 un march\u00e9 financier instable, l\u2019once continue \u00e0 progresser - Gold.fr\",\"isPartOf\":{\"@id\":\"https:\\\/\\\/www.gold.fr\\\/news\\\/#website\"},\"primaryImageOfPage\":{\"@id\":\"https:\\\/\\\/www.gold.fr\\\/news\\\/2017\\\/04\\\/19\\\/face-a-un-marche-financier-instable-lonce-continue-a-progresser\\\/#primaryimage\"},\"image\":{\"@id\":\"https:\\\/\\\/www.gold.fr\\\/news\\\/2017\\\/04\\\/19\\\/face-a-un-marche-financier-instable-lonce-continue-a-progresser\\\/#primaryimage\"},\"thumbnailUrl\":\"https:\\\/\\\/www.gold.fr\\\/news\\\/wp-content\\\/uploads\\\/2014\\\/02\\\/March\u00e9-haussier-or.jpg\",\"datePublished\":\"2017-04-19T15:00:16+00:00\",\"dateModified\":\"2021-01-13T10:37:41+00:00\",\"author\":{\"@id\":\"https:\\\/\\\/www.gold.fr\\\/news\\\/#\\\/schema\\\/person\\\/070491b4b4fb7671bf59b3be20302ce9\"},\"breadcrumb\":{\"@id\":\"https:\\\/\\\/www.gold.fr\\\/news\\\/2017\\\/04\\\/19\\\/face-a-un-marche-financier-instable-lonce-continue-a-progresser\\\/#breadcrumb\"},\"inLanguage\":\"fr-FR\",\"potentialAction\":[{\"@type\":\"ReadAction\",\"target\":[\"https:\\\/\\\/www.gold.fr\\\/news\\\/2017\\\/04\\\/19\\\/face-a-un-marche-financier-instable-lonce-continue-a-progresser\\\/\"]}]},{\"@type\":\"ImageObject\",\"inLanguage\":\"fr-FR\",\"@id\":\"https:\\\/\\\/www.gold.fr\\\/news\\\/2017\\\/04\\\/19\\\/face-a-un-marche-financier-instable-lonce-continue-a-progresser\\\/#primaryimage\",\"url\":\"https:\\\/\\\/www.gold.fr\\\/news\\\/wp-content\\\/uploads\\\/2014\\\/02\\\/March\u00e9-haussier-or.jpg\",\"contentUrl\":\"https:\\\/\\\/www.gold.fr\\\/news\\\/wp-content\\\/uploads\\\/2014\\\/02\\\/March\u00e9-haussier-or.jpg\",\"width\":\"640\",\"height\":\"474\",\"caption\":\"L\u2019once toujours en nette progression\"},{\"@type\":\"BreadcrumbList\",\"@id\":\"https:\\\/\\\/www.gold.fr\\\/news\\\/2017\\\/04\\\/19\\\/face-a-un-marche-financier-instable-lonce-continue-a-progresser\\\/#breadcrumb\",\"itemListElement\":[{\"@type\":\"ListItem\",\"position\":1,\"name\":\"Accueil\",\"item\":\"https:\\\/\\\/www.gold.fr\\\/\"},{\"@type\":\"ListItem\",\"position\":2,\"name\":\"Actualit\u00e9s\",\"item\":\"https:\\\/\\\/www.gold.fr\\\/news\\\/\"},{\"@type\":\"ListItem\",\"position\":3,\"name\":\"Face \u00e0 un march\u00e9 financier instable, l\u2019once continue \u00e0 progresser\"}]},{\"@type\":\"WebSite\",\"@id\":\"https:\\\/\\\/www.gold.fr\\\/news\\\/#website\",\"url\":\"https:\\\/\\\/www.gold.fr\\\/news\\\/\",\"name\":\"Gold.fr\",\"description\":\"Actualit\u00e9s de l&#039;Or et des m\u00e9taux pr\u00e9cieux\",\"potentialAction\":[{\"@type\":\"SearchAction\",\"target\":{\"@type\":\"EntryPoint\",\"urlTemplate\":\"https:\\\/\\\/www.gold.fr\\\/news\\\/?s={search_term_string}\"},\"query-input\":{\"@type\":\"PropertyValueSpecification\",\"valueRequired\":true,\"valueName\":\"search_term_string\"}}],\"inLanguage\":\"fr-FR\"},{\"@type\":\"Person\",\"@id\":\"https:\\\/\\\/www.gold.fr\\\/news\\\/#\\\/schema\\\/person\\\/070491b4b4fb7671bf59b3be20302ce9\",\"name\":\"Comptoir National de l'Or\",\"image\":{\"@type\":\"ImageObject\",\"inLanguage\":\"fr-FR\",\"@id\":\"https:\\\/\\\/secure.gravatar.com\\\/avatar\\\/0a2867fd5abe37bed95d5a65e9d58f01756e11efc68af9888dfc50cfa7f65948?s=96&d=mm&r=gb490554db0a38188709de567aa58480d\",\"url\":\"https:\\\/\\\/secure.gravatar.com\\\/avatar\\\/0a2867fd5abe37bed95d5a65e9d58f01756e11efc68af9888dfc50cfa7f65948?s=96&d=mm&r=g\",\"contentUrl\":\"https:\\\/\\\/secure.gravatar.com\\\/avatar\\\/0a2867fd5abe37bed95d5a65e9d58f01756e11efc68af9888dfc50cfa7f65948?s=96&d=mm&r=g\",\"caption\":\"Comptoir National de l'Or\"},\"description\":\"Notre r\u00e9daction est constitu\u00e9e de membres experts dans les m\u00e9tiers de l'\u00e9conomie et la gestion, des Responsables d'agence Comptoir National de l'Or, des analystes financiers qui publient r\u00e9guli\u00e8rement des \u00e9tudes sur les politiques des banques centrales, le cours de l'or, prix de l'or, cours de l'argent, prix de l'argent, cours du platine, cours du palladium,... la situation en zone euro et l'impact de la strat\u00e9gie mon\u00e9taire de la FED. Notre \u00e9quipe scrute \u00e9galement une information plus g\u00e9n\u00e9raliste \u00e0 la recherche d'actualit\u00e9 \\\"p\u00e9pite\\\" \u00e0 vous partager. Depuis 5 ans, nous avons publi\u00e9 un peu plus de 4000 articles qui s'adressent \u00e0 un public large et vari\u00e9 ayant pour objectif de satisfaire votre curiosit\u00e9 et de partager avec vous une certaine fascination pour le m\u00e9tal jaune, le rachat d'or, et pour ceux qui veulent investir dans l'or, vendre leur or tout simplement en savoir plus... Pour tous vos achat or et argent, n'h\u00e9sitez pas \u00e0 prendre rendez-vous dans l'un de nos nombreux comptoirs.\",\"sameAs\":[\"https:\\\/\\\/www.gold.fr\"]}]}<\/script>\n<!-- \/ Yoast SEO plugin. -->","yoast_head_json":{"title":"Face \u00e0 un march\u00e9 financier instable, l\u2019once continue \u00e0 progresser - Gold.fr","robots":{"index":"index","follow":"follow","max-snippet":"max-snippet:-1","max-image-preview":"max-image-preview:large","max-video-preview":"max-video-preview:-1"},"canonical":"https:\/\/www.gold.fr\/news\/2017\/04\/19\/face-a-un-marche-financier-instable-lonce-continue-a-progresser\/","og_locale":"fr_FR","og_type":"article","og_title":"Face \u00e0 un march\u00e9 financier instable, l\u2019once continue \u00e0 progresser - Gold.fr","og_description":"La barre symbolique des 1286 dollars a \u00e9t\u00e9 franchie par le cours de l&rsquo;once lors de la semaine derni\u00e8re et ce, malgr\u00e9 la chute subie par la devise am\u00e9ricaine suite aux d\u00e9clarations qu&rsquo;a fait Donald Trump [&hellip;]","og_url":"https:\/\/www.gold.fr\/news\/2017\/04\/19\/face-a-un-marche-financier-instable-lonce-continue-a-progresser\/","og_site_name":"Gold.fr","article_publisher":"https:\/\/www.facebook.com\/Goldfr\/","article_published_time":"2017-04-19T15:00:16+00:00","article_modified_time":"2021-01-13T10:37:41+00:00","og_image":[{"width":640,"height":474,"url":"https:\/\/www.gold.fr\/news\/wp-content\/uploads\/2014\/02\/March\u00e9-haussier-or.jpg","type":"image\/jpeg"}],"author":"Comptoir National de l'Or","twitter_card":"summary_large_image","twitter_misc":{"\u00c9crit par":"Comptoir National de l'Or","Dur\u00e9e de lecture estim\u00e9e":"1 minute"},"schema":{"@context":"https:\/\/schema.org","@graph":[{"@type":"Article","@id":"https:\/\/www.gold.fr\/news\/2017\/04\/19\/face-a-un-marche-financier-instable-lonce-continue-a-progresser\/#article","isPartOf":{"@id":"https:\/\/www.gold.fr\/news\/2017\/04\/19\/face-a-un-marche-financier-instable-lonce-continue-a-progresser\/"},"author":{"name":"Comptoir National de l'Or","@id":"https:\/\/www.gold.fr\/news\/#\/schema\/person\/070491b4b4fb7671bf59b3be20302ce9"},"headline":"Face \u00e0 un march\u00e9 financier instable, l\u2019once continue \u00e0 progresser","datePublished":"2017-04-19T15:00:16+00:00","dateModified":"2021-01-13T10:37:41+00:00","mainEntityOfPage":{"@id":"https:\/\/www.gold.fr\/news\/2017\/04\/19\/face-a-un-marche-financier-instable-lonce-continue-a-progresser\/"},"wordCount":231,"image":{"@id":"https:\/\/www.gold.fr\/news\/2017\/04\/19\/face-a-un-marche-financier-instable-lonce-continue-a-progresser\/#primaryimage"},"thumbnailUrl":"https:\/\/www.gold.fr\/news\/wp-content\/uploads\/2014\/02\/March\u00e9-haussier-or.jpg","keywords":["Progression de l\u2019or"],"articleSection":["Articles de presse"],"inLanguage":"fr-FR"},{"@type":"WebPage","@id":"https:\/\/www.gold.fr\/news\/2017\/04\/19\/face-a-un-marche-financier-instable-lonce-continue-a-progresser\/","url":"https:\/\/www.gold.fr\/news\/2017\/04\/19\/face-a-un-marche-financier-instable-lonce-continue-a-progresser\/","name":"Face \u00e0 un march\u00e9 financier instable, l\u2019once continue \u00e0 progresser - Gold.fr","isPartOf":{"@id":"https:\/\/www.gold.fr\/news\/#website"},"primaryImageOfPage":{"@id":"https:\/\/www.gold.fr\/news\/2017\/04\/19\/face-a-un-marche-financier-instable-lonce-continue-a-progresser\/#primaryimage"},"image":{"@id":"https:\/\/www.gold.fr\/news\/2017\/04\/19\/face-a-un-marche-financier-instable-lonce-continue-a-progresser\/#primaryimage"},"thumbnailUrl":"https:\/\/www.gold.fr\/news\/wp-content\/uploads\/2014\/02\/March\u00e9-haussier-or.jpg","datePublished":"2017-04-19T15:00:16+00:00","dateModified":"2021-01-13T10:37:41+00:00","author":{"@id":"https:\/\/www.gold.fr\/news\/#\/schema\/person\/070491b4b4fb7671bf59b3be20302ce9"},"breadcrumb":{"@id":"https:\/\/www.gold.fr\/news\/2017\/04\/19\/face-a-un-marche-financier-instable-lonce-continue-a-progresser\/#breadcrumb"},"inLanguage":"fr-FR","potentialAction":[{"@type":"ReadAction","target":["https:\/\/www.gold.fr\/news\/2017\/04\/19\/face-a-un-marche-financier-instable-lonce-continue-a-progresser\/"]}]},{"@type":"ImageObject","inLanguage":"fr-FR","@id":"https:\/\/www.gold.fr\/news\/2017\/04\/19\/face-a-un-marche-financier-instable-lonce-continue-a-progresser\/#primaryimage","url":"https:\/\/www.gold.fr\/news\/wp-content\/uploads\/2014\/02\/March\u00e9-haussier-or.jpg","contentUrl":"https:\/\/www.gold.fr\/news\/wp-content\/uploads\/2014\/02\/March\u00e9-haussier-or.jpg","width":"640","height":"474","caption":"L\u2019once toujours en nette progression"},{"@type":"BreadcrumbList","@id":"https:\/\/www.gold.fr\/news\/2017\/04\/19\/face-a-un-marche-financier-instable-lonce-continue-a-progresser\/#breadcrumb","itemListElement":[{"@type":"ListItem","position":1,"name":"Accueil","item":"https:\/\/www.gold.fr\/"},{"@type":"ListItem","position":2,"name":"Actualit\u00e9s","item":"https:\/\/www.gold.fr\/news\/"},{"@type":"ListItem","position":3,"name":"Face \u00e0 un march\u00e9 financier instable, l\u2019once continue \u00e0 progresser"}]},{"@type":"WebSite","@id":"https:\/\/www.gold.fr\/news\/#website","url":"https:\/\/www.gold.fr\/news\/","name":"Gold.fr","description":"Actualit\u00e9s de l&#039;Or et des m\u00e9taux pr\u00e9cieux","potentialAction":[{"@type":"SearchAction","target":{"@type":"EntryPoint","urlTemplate":"https:\/\/www.gold.fr\/news\/?s={search_term_string}"},"query-input":{"@type":"PropertyValueSpecification","valueRequired":true,"valueName":"search_term_string"}}],"inLanguage":"fr-FR"},{"@type":"Person","@id":"https:\/\/www.gold.fr\/news\/#\/schema\/person\/070491b4b4fb7671bf59b3be20302ce9","name":"Comptoir National de l'Or","image":{"@type":"ImageObject","inLanguage":"fr-FR","@id":"https:\/\/secure.gravatar.com\/avatar\/0a2867fd5abe37bed95d5a65e9d58f01756e11efc68af9888dfc50cfa7f65948?s=96&d=mm&r=gb490554db0a38188709de567aa58480d","url":"https:\/\/secure.gravatar.com\/avatar\/0a2867fd5abe37bed95d5a65e9d58f01756e11efc68af9888dfc50cfa7f65948?s=96&d=mm&r=g","contentUrl":"https:\/\/secure.gravatar.com\/avatar\/0a2867fd5abe37bed95d5a65e9d58f01756e11efc68af9888dfc50cfa7f65948?s=96&d=mm&r=g","caption":"Comptoir National de l'Or"},"description":"Notre r\u00e9daction est constitu\u00e9e de membres experts dans les m\u00e9tiers de l'\u00e9conomie et la gestion, des Responsables d'agence Comptoir National de l'Or, des analystes financiers qui publient r\u00e9guli\u00e8rement des \u00e9tudes sur les politiques des banques centrales, le cours de l'or, prix de l'or, cours de l'argent, prix de l'argent, cours du platine, cours du palladium,... la situation en zone euro et l'impact de la strat\u00e9gie mon\u00e9taire de la FED. Notre \u00e9quipe scrute \u00e9galement une information plus g\u00e9n\u00e9raliste \u00e0 la recherche d'actualit\u00e9 \"p\u00e9pite\" \u00e0 vous partager. Depuis 5 ans, nous avons publi\u00e9 un peu plus de 4000 articles qui s'adressent \u00e0 un public large et vari\u00e9 ayant pour objectif de satisfaire votre curiosit\u00e9 et de partager avec vous une certaine fascination pour le m\u00e9tal jaune, le rachat d'or, et pour ceux qui veulent investir dans l'or, vendre leur or tout simplement en savoir plus... Pour tous vos achat or et argent, n'h\u00e9sitez pas \u00e0 prendre rendez-vous dans l'un de nos nombreux comptoirs.","sameAs":["https:\/\/www.gold.fr"]}]}},"authors":[{"term_id":2565,"user_id":18,"is_guest":0,"slug":"julie","display_name":"Comptoir National de l'Or","avatar_url":"https:\/\/secure.gravatar.com\/avatar\/713f289e398d35ead876c4a4cc08607f0d6d266058cfc25683fffb6092d0e572?s=96&d=mm&r=g","0":null,"1":"","2":"","3":"","4":"","5":"","6":"","7":"","8":""}],"_links":{"self":[{"href":"https:\/\/www.gold.fr\/news\/wp-json\/wp\/v2\/posts\/21088","targetHints":{"allow":["GET"]}}],"collection":[{"href":"https:\/\/www.gold.fr\/news\/wp-json\/wp\/v2\/posts"}],"about":[{"href":"https:\/\/www.gold.fr\/news\/wp-json\/wp\/v2\/types\/post"}],"author":[{"embeddable":true,"href":"https:\/\/www.gold.fr\/news\/wp-json\/wp\/v2\/users\/18"}],"replies":[{"embeddable":true,"href":"https:\/\/www.gold.fr\/news\/wp-json\/wp\/v2\/comments?post=21088"}],"version-history":[{"count":0,"href":"https:\/\/www.gold.fr\/news\/wp-json\/wp\/v2\/posts\/21088\/revisions"}],"wp:featuredmedia":[{"embeddable":true,"href":"https:\/\/www.gold.fr\/news\/wp-json\/wp\/v2\/media\/13847"}],"wp:attachment":[{"href":"https:\/\/www.gold.fr\/news\/wp-json\/wp\/v2\/media?parent=21088"}],"wp:term":[{"taxonomy":"category","embeddable":true,"href":"https:\/\/www.gold.fr\/news\/wp-json\/wp\/v2\/categories?post=21088"},{"taxonomy":"post_tag","embeddable":true,"href":"https:\/\/www.gold.fr\/news\/wp-json\/wp\/v2\/tags?post=21088"},{"taxonomy":"author","embeddable":true,"href":"https:\/\/www.gold.fr\/news\/wp-json\/wp\/v2\/ppma_author?post=21088"}],"curies":[{"name":"wp","href":"https:\/\/api.w.org\/{rel}","templated":true}]}}