{"id":21080,"date":"2017-04-18T15:00:37","date_gmt":"2017-04-18T13:00:37","guid":{"rendered":"https:\/\/www.gold.fr\/news\/?p=21080"},"modified":"2021-01-11T17:20:59","modified_gmt":"2021-01-11T16:20:59","slug":"lor-continue-sa-progression-dans-un-climat-geopolitique-instable","status":"publish","type":"post","link":"https:\/\/www.gold.fr\/news\/2017\/04\/18\/lor-continue-sa-progression-dans-un-climat-geopolitique-instable\/","title":{"rendered":"L\u2019or continue sa progression dans un climat g\u00e9opolitique instable"},"content":{"rendered":"<p><img loading=\"lazy\" decoding=\"async\" class=\"alignleft wp-image-5885 size-thumbnail\" title=\"L\u2019or continue sa progression dans un climat g\u00e9opolitique instable\" src=\"https:\/\/www.gold.fr\/news\/wp-content\/uploads\/2012\/02\/cours-de-lor4-e1356784796440-150x150.jpg\" alt=\"L\u2019or continue sa progression dans un climat g\u00e9opolitique instable\" width=\"150\" height=\"150\" \/>Depuis que le climat g\u00e9opolitique est devenu tendu, le <a href=\"https:\/\/www.gold.fr\/cours-or-prix-de-l-or\/\" target=\"_blank\" rel=\"noopener noreferrer\">cours<\/a> de <a href=\"https:\/\/www.gold.fr\/once-or-nyc\/\" target=\"_blank\" rel=\"noopener noreferrer\">l\u2019once<\/a> d&rsquo;or ne cesse de progresser jusqu&rsquo;\u00e0 atteindre son niveau le plus \u00e9lev\u00e9 depuis cinq mois. Gr\u00e2ce \u00e0 l&rsquo;augmentation du facteur risque et \u00e0 la d\u00e9pr\u00e9ciation de la devise am\u00e9ricaine, jug\u00e9e trop forte par le pr\u00e9sident, le m\u00e9tal jaune continue \u00e0 \u00eatre dans le vert, pour le plus grand bonheur des investisseurs. Ainsi, sur le <strong>Comex<\/strong> du <strong>New York<\/strong> Mercantile Exchange, le cours de l&rsquo;or est \u00e0 <strong>1287,55 dollars<\/strong> <a href=\"https:\/\/www.gold.fr\/once-or-nyc\/\" target=\"_blank\" rel=\"noopener noreferrer\">l\u2019once<\/a> alors qu&rsquo;il avait progress\u00e9 jusqu&rsquo;\u00e0 <strong>1290,05 dollars<\/strong>.    Par ailleurs, dans une interview accord\u00e9e au <strong>Wall Street<\/strong> Journal, <strong>Donald Trump<\/strong> affirme son souhait de voir la R\u00e9serve f\u00e9d\u00e9rale am\u00e9ricaine maintenir des taux d&rsquo;int\u00e9r\u00eat faibles parce qu&rsquo;il estime que le dollar est trop fort. L&rsquo;indice <strong>US<\/strong> dollar qui mesure la performance de la devise am\u00e9ricaine par rapport aux six principales devises affiche un niveau \u00e0 100,13 apr\u00e8s avoir enregistr\u00e9 une mesure \u00e0 99,94 il y a deux semaines.    De son c\u00f4t\u00e9, l&rsquo;or r\u00e9alise une hausse de <strong>2,5 %<\/strong> cette semaine, boost\u00e9 par les tensions politiques caus\u00e9es pas les interventions militaires am\u00e9ricaines en <strong>Syrie<\/strong>, les menaces formul\u00e9es \u00e0 l&rsquo;encontre de la <strong>Cor\u00e9e du Nord<\/strong> et les \u00e9lections pr\u00e9sidentielles fran\u00e7aises.<\/p>\n<!-- AddThis Advanced Settings generic via filter on the_content --><!-- AddThis Share Buttons generic via filter on the_content -->","protected":false},"excerpt":{"rendered":"<p>Depuis que le climat g\u00e9opolitique est devenu tendu, le cours de l\u2019once d&rsquo;or ne cesse de progresser jusqu&rsquo;\u00e0 atteindre son niveau le plus \u00e9lev\u00e9 depuis cinq mois. Gr\u00e2ce \u00e0 l&rsquo;augmentation du facteur risque et \u00e0 la [&hellip;]<\/p>\n","protected":false},"author":18,"featured_media":5885,"comment_status":"closed","ping_status":"closed","sticky":false,"template":"","format":"standard","meta":{"_mbp_gutenberg_autopost":false,"_pgmb_is_evergreen":false,"_pgmb_ap_template_id":0,"footnotes":""},"categories":[6],"tags":[1937],"ppma_author":[2565],"class_list":["post-21080","post","type-post","status-publish","format-standard","has-post-thumbnail","hentry","category-articles-de-presse","tag-actualite-geopolitique"],"yoast_head":"<!-- This site is optimized with the Yoast SEO plugin v27.5 - https:\/\/yoast.com\/product\/yoast-seo-wordpress\/ -->\n<title>L\u2019or continue sa progression dans un climat g\u00e9opolitique instable - Gold.fr<\/title>\n<meta name=\"robots\" content=\"index, follow, max-snippet:-1, max-image-preview:large, max-video-preview:-1\" \/>\n<link rel=\"canonical\" href=\"https:\/\/www.gold.fr\/news\/2017\/04\/18\/lor-continue-sa-progression-dans-un-climat-geopolitique-instable\/\" \/>\n<meta property=\"og:locale\" content=\"fr_FR\" \/>\n<meta property=\"og:type\" content=\"article\" \/>\n<meta property=\"og:title\" content=\"L\u2019or continue sa progression dans un climat g\u00e9opolitique instable - Gold.fr\" \/>\n<meta property=\"og:description\" content=\"Depuis que le climat g\u00e9opolitique est devenu tendu, le cours de l\u2019once d&rsquo;or ne cesse de progresser jusqu&rsquo;\u00e0 atteindre son niveau le plus \u00e9lev\u00e9 depuis cinq mois. Gr\u00e2ce \u00e0 l&rsquo;augmentation du facteur risque et \u00e0 la [&hellip;]\" \/>\n<meta property=\"og:url\" content=\"https:\/\/www.gold.fr\/news\/2017\/04\/18\/lor-continue-sa-progression-dans-un-climat-geopolitique-instable\/\" \/>\n<meta property=\"og:site_name\" content=\"Gold.fr\" \/>\n<meta property=\"article:publisher\" content=\"https:\/\/www.facebook.com\/Goldfr\/\" \/>\n<meta property=\"article:published_time\" content=\"2017-04-18T13:00:37+00:00\" \/>\n<meta property=\"article:modified_time\" content=\"2021-01-11T16:20:59+00:00\" \/>\n<meta property=\"og:image\" content=\"https:\/\/www.gold.fr\/news\/wp-content\/uploads\/2012\/02\/cours-de-lor4-e1356784796440.jpg\" \/>\n\t<meta property=\"og:image:width\" content=\"600\" \/>\n\t<meta property=\"og:image:height\" content=\"405\" \/>\n\t<meta property=\"og:image:type\" content=\"image\/jpeg\" \/>\n<meta name=\"author\" content=\"Comptoir National de l&#039;Or\" \/>\n<meta name=\"twitter:card\" content=\"summary_large_image\" \/>\n<meta name=\"twitter:label1\" content=\"\u00c9crit par\" \/>\n\t<meta name=\"twitter:data1\" content=\"Comptoir National de l&#039;Or\" \/>\n\t<meta name=\"twitter:label2\" content=\"Dur\u00e9e de lecture estim\u00e9e\" \/>\n\t<meta name=\"twitter:data2\" content=\"1 minute\" \/>\n<script type=\"application\/ld+json\" class=\"yoast-schema-graph\">{\"@context\":\"https:\\\/\\\/schema.org\",\"@graph\":[{\"@type\":\"Article\",\"@id\":\"https:\\\/\\\/www.gold.fr\\\/news\\\/2017\\\/04\\\/18\\\/lor-continue-sa-progression-dans-un-climat-geopolitique-instable\\\/#article\",\"isPartOf\":{\"@id\":\"https:\\\/\\\/www.gold.fr\\\/news\\\/2017\\\/04\\\/18\\\/lor-continue-sa-progression-dans-un-climat-geopolitique-instable\\\/\"},\"author\":{\"name\":\"Comptoir National de l'Or\",\"@id\":\"https:\\\/\\\/www.gold.fr\\\/news\\\/#\\\/schema\\\/person\\\/070491b4b4fb7671bf59b3be20302ce9\"},\"headline\":\"L\u2019or continue sa progression dans un climat g\u00e9opolitique instable\",\"datePublished\":\"2017-04-18T13:00:37+00:00\",\"dateModified\":\"2021-01-11T16:20:59+00:00\",\"mainEntityOfPage\":{\"@id\":\"https:\\\/\\\/www.gold.fr\\\/news\\\/2017\\\/04\\\/18\\\/lor-continue-sa-progression-dans-un-climat-geopolitique-instable\\\/\"},\"wordCount\":231,\"image\":{\"@id\":\"https:\\\/\\\/www.gold.fr\\\/news\\\/2017\\\/04\\\/18\\\/lor-continue-sa-progression-dans-un-climat-geopolitique-instable\\\/#primaryimage\"},\"thumbnailUrl\":\"https:\\\/\\\/www.gold.fr\\\/news\\\/wp-content\\\/uploads\\\/2012\\\/02\\\/cours-de-lor4-e1356784796440.jpg\",\"keywords\":[\"actualit\u00e9 g\u00e9opolitique\"],\"articleSection\":[\"Articles de presse\"],\"inLanguage\":\"fr-FR\"},{\"@type\":\"WebPage\",\"@id\":\"https:\\\/\\\/www.gold.fr\\\/news\\\/2017\\\/04\\\/18\\\/lor-continue-sa-progression-dans-un-climat-geopolitique-instable\\\/\",\"url\":\"https:\\\/\\\/www.gold.fr\\\/news\\\/2017\\\/04\\\/18\\\/lor-continue-sa-progression-dans-un-climat-geopolitique-instable\\\/\",\"name\":\"L\u2019or continue sa progression dans un climat g\u00e9opolitique instable - Gold.fr\",\"isPartOf\":{\"@id\":\"https:\\\/\\\/www.gold.fr\\\/news\\\/#website\"},\"primaryImageOfPage\":{\"@id\":\"https:\\\/\\\/www.gold.fr\\\/news\\\/2017\\\/04\\\/18\\\/lor-continue-sa-progression-dans-un-climat-geopolitique-instable\\\/#primaryimage\"},\"image\":{\"@id\":\"https:\\\/\\\/www.gold.fr\\\/news\\\/2017\\\/04\\\/18\\\/lor-continue-sa-progression-dans-un-climat-geopolitique-instable\\\/#primaryimage\"},\"thumbnailUrl\":\"https:\\\/\\\/www.gold.fr\\\/news\\\/wp-content\\\/uploads\\\/2012\\\/02\\\/cours-de-lor4-e1356784796440.jpg\",\"datePublished\":\"2017-04-18T13:00:37+00:00\",\"dateModified\":\"2021-01-11T16:20:59+00:00\",\"author\":{\"@id\":\"https:\\\/\\\/www.gold.fr\\\/news\\\/#\\\/schema\\\/person\\\/070491b4b4fb7671bf59b3be20302ce9\"},\"breadcrumb\":{\"@id\":\"https:\\\/\\\/www.gold.fr\\\/news\\\/2017\\\/04\\\/18\\\/lor-continue-sa-progression-dans-un-climat-geopolitique-instable\\\/#breadcrumb\"},\"inLanguage\":\"fr-FR\",\"potentialAction\":[{\"@type\":\"ReadAction\",\"target\":[\"https:\\\/\\\/www.gold.fr\\\/news\\\/2017\\\/04\\\/18\\\/lor-continue-sa-progression-dans-un-climat-geopolitique-instable\\\/\"]}]},{\"@type\":\"ImageObject\",\"inLanguage\":\"fr-FR\",\"@id\":\"https:\\\/\\\/www.gold.fr\\\/news\\\/2017\\\/04\\\/18\\\/lor-continue-sa-progression-dans-un-climat-geopolitique-instable\\\/#primaryimage\",\"url\":\"https:\\\/\\\/www.gold.fr\\\/news\\\/wp-content\\\/uploads\\\/2012\\\/02\\\/cours-de-lor4-e1356784796440.jpg\",\"contentUrl\":\"https:\\\/\\\/www.gold.fr\\\/news\\\/wp-content\\\/uploads\\\/2012\\\/02\\\/cours-de-lor4-e1356784796440.jpg\",\"width\":\"600\",\"height\":\"405\",\"caption\":\"Or : L\u2019once en hausse, en d\u00e9pit du dollar\"},{\"@type\":\"BreadcrumbList\",\"@id\":\"https:\\\/\\\/www.gold.fr\\\/news\\\/2017\\\/04\\\/18\\\/lor-continue-sa-progression-dans-un-climat-geopolitique-instable\\\/#breadcrumb\",\"itemListElement\":[{\"@type\":\"ListItem\",\"position\":1,\"name\":\"Accueil\",\"item\":\"https:\\\/\\\/www.gold.fr\\\/\"},{\"@type\":\"ListItem\",\"position\":2,\"name\":\"Actualit\u00e9s\",\"item\":\"https:\\\/\\\/www.gold.fr\\\/news\\\/\"},{\"@type\":\"ListItem\",\"position\":3,\"name\":\"L\u2019or continue sa progression dans un climat g\u00e9opolitique instable\"}]},{\"@type\":\"WebSite\",\"@id\":\"https:\\\/\\\/www.gold.fr\\\/news\\\/#website\",\"url\":\"https:\\\/\\\/www.gold.fr\\\/news\\\/\",\"name\":\"Gold.fr\",\"description\":\"Actualit\u00e9s de l&#039;Or et des m\u00e9taux pr\u00e9cieux\",\"potentialAction\":[{\"@type\":\"SearchAction\",\"target\":{\"@type\":\"EntryPoint\",\"urlTemplate\":\"https:\\\/\\\/www.gold.fr\\\/news\\\/?s={search_term_string}\"},\"query-input\":{\"@type\":\"PropertyValueSpecification\",\"valueRequired\":true,\"valueName\":\"search_term_string\"}}],\"inLanguage\":\"fr-FR\"},{\"@type\":\"Person\",\"@id\":\"https:\\\/\\\/www.gold.fr\\\/news\\\/#\\\/schema\\\/person\\\/070491b4b4fb7671bf59b3be20302ce9\",\"name\":\"Comptoir National de l'Or\",\"image\":{\"@type\":\"ImageObject\",\"inLanguage\":\"fr-FR\",\"@id\":\"https:\\\/\\\/secure.gravatar.com\\\/avatar\\\/0a2867fd5abe37bed95d5a65e9d58f01756e11efc68af9888dfc50cfa7f65948?s=96&d=mm&r=gb490554db0a38188709de567aa58480d\",\"url\":\"https:\\\/\\\/secure.gravatar.com\\\/avatar\\\/0a2867fd5abe37bed95d5a65e9d58f01756e11efc68af9888dfc50cfa7f65948?s=96&d=mm&r=g\",\"contentUrl\":\"https:\\\/\\\/secure.gravatar.com\\\/avatar\\\/0a2867fd5abe37bed95d5a65e9d58f01756e11efc68af9888dfc50cfa7f65948?s=96&d=mm&r=g\",\"caption\":\"Comptoir National de l'Or\"},\"description\":\"Notre r\u00e9daction est constitu\u00e9e de membres experts dans les m\u00e9tiers de l'\u00e9conomie et la gestion, des Responsables d'agence Comptoir National de l'Or, des analystes financiers qui publient r\u00e9guli\u00e8rement des \u00e9tudes sur les politiques des banques centrales, le cours de l'or, prix de l'or, cours de l'argent, prix de l'argent, cours du platine, cours du palladium,... la situation en zone euro et l'impact de la strat\u00e9gie mon\u00e9taire de la FED. Notre \u00e9quipe scrute \u00e9galement une information plus g\u00e9n\u00e9raliste \u00e0 la recherche d'actualit\u00e9 \\\"p\u00e9pite\\\" \u00e0 vous partager. Depuis 5 ans, nous avons publi\u00e9 un peu plus de 4000 articles qui s'adressent \u00e0 un public large et vari\u00e9 ayant pour objectif de satisfaire votre curiosit\u00e9 et de partager avec vous une certaine fascination pour le m\u00e9tal jaune, le rachat d'or, et pour ceux qui veulent investir dans l'or, vendre leur or tout simplement en savoir plus... Pour tous vos achat or et argent, n'h\u00e9sitez pas \u00e0 prendre rendez-vous dans l'un de nos nombreux comptoirs.\",\"sameAs\":[\"https:\\\/\\\/www.gold.fr\"]}]}<\/script>\n<!-- \/ Yoast SEO plugin. -->","yoast_head_json":{"title":"L\u2019or continue sa progression dans un climat g\u00e9opolitique instable - Gold.fr","robots":{"index":"index","follow":"follow","max-snippet":"max-snippet:-1","max-image-preview":"max-image-preview:large","max-video-preview":"max-video-preview:-1"},"canonical":"https:\/\/www.gold.fr\/news\/2017\/04\/18\/lor-continue-sa-progression-dans-un-climat-geopolitique-instable\/","og_locale":"fr_FR","og_type":"article","og_title":"L\u2019or continue sa progression dans un climat g\u00e9opolitique instable - Gold.fr","og_description":"Depuis que le climat g\u00e9opolitique est devenu tendu, le cours de l\u2019once d&rsquo;or ne cesse de progresser jusqu&rsquo;\u00e0 atteindre son niveau le plus \u00e9lev\u00e9 depuis cinq mois. Gr\u00e2ce \u00e0 l&rsquo;augmentation du facteur risque et \u00e0 la [&hellip;]","og_url":"https:\/\/www.gold.fr\/news\/2017\/04\/18\/lor-continue-sa-progression-dans-un-climat-geopolitique-instable\/","og_site_name":"Gold.fr","article_publisher":"https:\/\/www.facebook.com\/Goldfr\/","article_published_time":"2017-04-18T13:00:37+00:00","article_modified_time":"2021-01-11T16:20:59+00:00","og_image":[{"width":600,"height":405,"url":"https:\/\/www.gold.fr\/news\/wp-content\/uploads\/2012\/02\/cours-de-lor4-e1356784796440.jpg","type":"image\/jpeg"}],"author":"Comptoir National de l'Or","twitter_card":"summary_large_image","twitter_misc":{"\u00c9crit par":"Comptoir National de l'Or","Dur\u00e9e de lecture estim\u00e9e":"1 minute"},"schema":{"@context":"https:\/\/schema.org","@graph":[{"@type":"Article","@id":"https:\/\/www.gold.fr\/news\/2017\/04\/18\/lor-continue-sa-progression-dans-un-climat-geopolitique-instable\/#article","isPartOf":{"@id":"https:\/\/www.gold.fr\/news\/2017\/04\/18\/lor-continue-sa-progression-dans-un-climat-geopolitique-instable\/"},"author":{"name":"Comptoir National de l'Or","@id":"https:\/\/www.gold.fr\/news\/#\/schema\/person\/070491b4b4fb7671bf59b3be20302ce9"},"headline":"L\u2019or continue sa progression dans un climat g\u00e9opolitique instable","datePublished":"2017-04-18T13:00:37+00:00","dateModified":"2021-01-11T16:20:59+00:00","mainEntityOfPage":{"@id":"https:\/\/www.gold.fr\/news\/2017\/04\/18\/lor-continue-sa-progression-dans-un-climat-geopolitique-instable\/"},"wordCount":231,"image":{"@id":"https:\/\/www.gold.fr\/news\/2017\/04\/18\/lor-continue-sa-progression-dans-un-climat-geopolitique-instable\/#primaryimage"},"thumbnailUrl":"https:\/\/www.gold.fr\/news\/wp-content\/uploads\/2012\/02\/cours-de-lor4-e1356784796440.jpg","keywords":["actualit\u00e9 g\u00e9opolitique"],"articleSection":["Articles de presse"],"inLanguage":"fr-FR"},{"@type":"WebPage","@id":"https:\/\/www.gold.fr\/news\/2017\/04\/18\/lor-continue-sa-progression-dans-un-climat-geopolitique-instable\/","url":"https:\/\/www.gold.fr\/news\/2017\/04\/18\/lor-continue-sa-progression-dans-un-climat-geopolitique-instable\/","name":"L\u2019or continue sa progression dans un climat g\u00e9opolitique instable - Gold.fr","isPartOf":{"@id":"https:\/\/www.gold.fr\/news\/#website"},"primaryImageOfPage":{"@id":"https:\/\/www.gold.fr\/news\/2017\/04\/18\/lor-continue-sa-progression-dans-un-climat-geopolitique-instable\/#primaryimage"},"image":{"@id":"https:\/\/www.gold.fr\/news\/2017\/04\/18\/lor-continue-sa-progression-dans-un-climat-geopolitique-instable\/#primaryimage"},"thumbnailUrl":"https:\/\/www.gold.fr\/news\/wp-content\/uploads\/2012\/02\/cours-de-lor4-e1356784796440.jpg","datePublished":"2017-04-18T13:00:37+00:00","dateModified":"2021-01-11T16:20:59+00:00","author":{"@id":"https:\/\/www.gold.fr\/news\/#\/schema\/person\/070491b4b4fb7671bf59b3be20302ce9"},"breadcrumb":{"@id":"https:\/\/www.gold.fr\/news\/2017\/04\/18\/lor-continue-sa-progression-dans-un-climat-geopolitique-instable\/#breadcrumb"},"inLanguage":"fr-FR","potentialAction":[{"@type":"ReadAction","target":["https:\/\/www.gold.fr\/news\/2017\/04\/18\/lor-continue-sa-progression-dans-un-climat-geopolitique-instable\/"]}]},{"@type":"ImageObject","inLanguage":"fr-FR","@id":"https:\/\/www.gold.fr\/news\/2017\/04\/18\/lor-continue-sa-progression-dans-un-climat-geopolitique-instable\/#primaryimage","url":"https:\/\/www.gold.fr\/news\/wp-content\/uploads\/2012\/02\/cours-de-lor4-e1356784796440.jpg","contentUrl":"https:\/\/www.gold.fr\/news\/wp-content\/uploads\/2012\/02\/cours-de-lor4-e1356784796440.jpg","width":"600","height":"405","caption":"Or : L\u2019once en hausse, en d\u00e9pit du dollar"},{"@type":"BreadcrumbList","@id":"https:\/\/www.gold.fr\/news\/2017\/04\/18\/lor-continue-sa-progression-dans-un-climat-geopolitique-instable\/#breadcrumb","itemListElement":[{"@type":"ListItem","position":1,"name":"Accueil","item":"https:\/\/www.gold.fr\/"},{"@type":"ListItem","position":2,"name":"Actualit\u00e9s","item":"https:\/\/www.gold.fr\/news\/"},{"@type":"ListItem","position":3,"name":"L\u2019or continue sa progression dans un climat g\u00e9opolitique instable"}]},{"@type":"WebSite","@id":"https:\/\/www.gold.fr\/news\/#website","url":"https:\/\/www.gold.fr\/news\/","name":"Gold.fr","description":"Actualit\u00e9s de l&#039;Or et des m\u00e9taux pr\u00e9cieux","potentialAction":[{"@type":"SearchAction","target":{"@type":"EntryPoint","urlTemplate":"https:\/\/www.gold.fr\/news\/?s={search_term_string}"},"query-input":{"@type":"PropertyValueSpecification","valueRequired":true,"valueName":"search_term_string"}}],"inLanguage":"fr-FR"},{"@type":"Person","@id":"https:\/\/www.gold.fr\/news\/#\/schema\/person\/070491b4b4fb7671bf59b3be20302ce9","name":"Comptoir National de l'Or","image":{"@type":"ImageObject","inLanguage":"fr-FR","@id":"https:\/\/secure.gravatar.com\/avatar\/0a2867fd5abe37bed95d5a65e9d58f01756e11efc68af9888dfc50cfa7f65948?s=96&d=mm&r=gb490554db0a38188709de567aa58480d","url":"https:\/\/secure.gravatar.com\/avatar\/0a2867fd5abe37bed95d5a65e9d58f01756e11efc68af9888dfc50cfa7f65948?s=96&d=mm&r=g","contentUrl":"https:\/\/secure.gravatar.com\/avatar\/0a2867fd5abe37bed95d5a65e9d58f01756e11efc68af9888dfc50cfa7f65948?s=96&d=mm&r=g","caption":"Comptoir National de l'Or"},"description":"Notre r\u00e9daction est constitu\u00e9e de membres experts dans les m\u00e9tiers de l'\u00e9conomie et la gestion, des Responsables d'agence Comptoir National de l'Or, des analystes financiers qui publient r\u00e9guli\u00e8rement des \u00e9tudes sur les politiques des banques centrales, le cours de l'or, prix de l'or, cours de l'argent, prix de l'argent, cours du platine, cours du palladium,... la situation en zone euro et l'impact de la strat\u00e9gie mon\u00e9taire de la FED. Notre \u00e9quipe scrute \u00e9galement une information plus g\u00e9n\u00e9raliste \u00e0 la recherche d'actualit\u00e9 \"p\u00e9pite\" \u00e0 vous partager. Depuis 5 ans, nous avons publi\u00e9 un peu plus de 4000 articles qui s'adressent \u00e0 un public large et vari\u00e9 ayant pour objectif de satisfaire votre curiosit\u00e9 et de partager avec vous une certaine fascination pour le m\u00e9tal jaune, le rachat d'or, et pour ceux qui veulent investir dans l'or, vendre leur or tout simplement en savoir plus... Pour tous vos achat or et argent, n'h\u00e9sitez pas \u00e0 prendre rendez-vous dans l'un de nos nombreux comptoirs.","sameAs":["https:\/\/www.gold.fr"]}]}},"authors":[{"term_id":2565,"user_id":18,"is_guest":0,"slug":"julie","display_name":"Comptoir National de l'Or","avatar_url":"https:\/\/secure.gravatar.com\/avatar\/713f289e398d35ead876c4a4cc08607f0d6d266058cfc25683fffb6092d0e572?s=96&d=mm&r=g","0":null,"1":"","2":"","3":"","4":"","5":"","6":"","7":"","8":""}],"_links":{"self":[{"href":"https:\/\/www.gold.fr\/news\/wp-json\/wp\/v2\/posts\/21080","targetHints":{"allow":["GET"]}}],"collection":[{"href":"https:\/\/www.gold.fr\/news\/wp-json\/wp\/v2\/posts"}],"about":[{"href":"https:\/\/www.gold.fr\/news\/wp-json\/wp\/v2\/types\/post"}],"author":[{"embeddable":true,"href":"https:\/\/www.gold.fr\/news\/wp-json\/wp\/v2\/users\/18"}],"replies":[{"embeddable":true,"href":"https:\/\/www.gold.fr\/news\/wp-json\/wp\/v2\/comments?post=21080"}],"version-history":[{"count":0,"href":"https:\/\/www.gold.fr\/news\/wp-json\/wp\/v2\/posts\/21080\/revisions"}],"wp:featuredmedia":[{"embeddable":true,"href":"https:\/\/www.gold.fr\/news\/wp-json\/wp\/v2\/media\/5885"}],"wp:attachment":[{"href":"https:\/\/www.gold.fr\/news\/wp-json\/wp\/v2\/media?parent=21080"}],"wp:term":[{"taxonomy":"category","embeddable":true,"href":"https:\/\/www.gold.fr\/news\/wp-json\/wp\/v2\/categories?post=21080"},{"taxonomy":"post_tag","embeddable":true,"href":"https:\/\/www.gold.fr\/news\/wp-json\/wp\/v2\/tags?post=21080"},{"taxonomy":"author","embeddable":true,"href":"https:\/\/www.gold.fr\/news\/wp-json\/wp\/v2\/ppma_author?post=21080"}],"curies":[{"name":"wp","href":"https:\/\/api.w.org\/{rel}","templated":true}]}}