{"id":21078,"date":"2017-04-17T17:00:42","date_gmt":"2017-04-17T15:00:42","guid":{"rendered":"https:\/\/www.gold.fr\/news\/?p=21078"},"modified":"2021-01-13T11:41:11","modified_gmt":"2021-01-13T10:41:11","slug":"lonce-est-bien-partie-pour-accumuler-les-hausses","status":"publish","type":"post","link":"https:\/\/www.gold.fr\/news\/2017\/04\/17\/lonce-est-bien-partie-pour-accumuler-les-hausses\/","title":{"rendered":"L\u2019once est bien partie pour accumuler les hausses"},"content":{"rendered":"<p><img loading=\"lazy\" decoding=\"async\" class=\"alignleft wp-image-3962 size-thumbnail\" title=\"L\u2019once est bien partie pour accumuler les hausses\" src=\"https:\/\/www.gold.fr\/news\/wp-content\/uploads\/2011\/11\/gold-150x150.jpg\" alt=\"L\u2019once est bien partie pour accumuler les hausses\" width=\"150\" height=\"150\" \/>Pendant la semaine pass\u00e9e, <a href=\"https:\/\/www.gold.fr\/once-or-nyc\/\" target=\"_blank\" rel=\"noopener noreferrer\">l\u2019once<\/a> de 31,1 grammes d&rsquo;or affichait un cours de <strong>1286,1 dollars<\/strong> et <strong>1208,4 euros<\/strong> soit une progression respective de 11,8 dollars et de 7,3 euros. La stabilit\u00e9 g\u00e9opolitique devenant de plus en plus risqu\u00e9e aussi bien en <strong>Syrie<\/strong> qu&rsquo;en <strong>Cor\u00e9e du Nord<\/strong>, les investisseurs privil\u00e9gient de plus en plus la valeur refuge que repr\u00e9sente l&rsquo;or. Si on ajoute \u00e0 ce manque de stabilit\u00e9 le changement de position quasi constant de <strong>Donald Trump<\/strong>, le facteur risque a toutes les chances de continuer d&rsquo;augmenter, tout comme le <a href=\"https:\/\/www.gold.fr\/cours-or-prix-de-l-or\/\" target=\"_blank\" rel=\"noopener noreferrer\">cours<\/a> de <a href=\"https:\/\/www.gold.fr\/once-or-nyc\/\" target=\"_blank\" rel=\"noopener noreferrer\">l\u2019once<\/a> d&rsquo;or.    Selon les d\u00e9clarations qu&rsquo;il avait accord\u00e9es au <strong>Wall Street<\/strong> Journal, le pr\u00e9sident am\u00e9ricain pense que le dollar est trop fort. En plus, il penserait que<strong> la Chine<\/strong> n&rsquo;utiliserait plus le dollar en tant que devise. De telles d\u00e9clarations ont vite fait d&rsquo;impacter n\u00e9gativement le billet vert, la principale r\u00e9f\u00e9rence sur le march\u00e9 de l&rsquo;or.    Par ailleurs, le rendement du T-Note f\u00e9d\u00e9ral \u00e0 dix ans ne cesse de baisser. Le produit de r\u00e9f\u00e9rence pour les taux longs affiche un taux de <strong>2,22 %<\/strong> contre <strong>2,62<\/strong> il y a un mois. Ce repli est b\u00e9n\u00e9fique pour le <a href=\"https:\/\/www.gold.fr\/cours-or-prix-de-l-or\/\" target=\"_blank\" rel=\"noopener noreferrer\">cours<\/a> du m\u00e9tal jaune qui par d\u00e9finition, est d\u00e9pourvu de rendement. De son c\u00f4t\u00e9, le <strong>SPDR Gold Shares<\/strong> am\u00e9ricain reste relativement stable et affiche une mesure \u00e0 842,1 tonnes.<\/p>\n<!-- AddThis Advanced Settings generic via filter on the_content --><!-- AddThis Share Buttons generic via filter on the_content -->","protected":false},"excerpt":{"rendered":"<p>Pendant la semaine pass\u00e9e, l\u2019once de 31,1 grammes d&rsquo;or affichait un cours de 1286,1 dollars et 1208,4 euros soit une progression respective de 11,8 dollars et de 7,3 euros. La stabilit\u00e9 g\u00e9opolitique devenant de plus en [&hellip;]<\/p>\n","protected":false},"author":18,"featured_media":3962,"comment_status":"closed","ping_status":"closed","sticky":false,"template":"","format":"standard","meta":{"_mbp_gutenberg_autopost":false,"_pgmb_is_evergreen":false,"_pgmb_ap_template_id":0,"footnotes":""},"categories":[6],"tags":[767],"ppma_author":[2565],"class_list":["post-21078","post","type-post","status-publish","format-standard","has-post-thumbnail","hentry","category-articles-de-presse","tag-hausse-cours-de-lor"],"yoast_head":"<!-- This site is optimized with the Yoast SEO plugin v27.5 - https:\/\/yoast.com\/product\/yoast-seo-wordpress\/ -->\n<title>L\u2019once est bien partie pour accumuler les hausses - Gold.fr<\/title>\n<meta name=\"robots\" content=\"index, follow, max-snippet:-1, max-image-preview:large, max-video-preview:-1\" \/>\n<link rel=\"canonical\" href=\"https:\/\/www.gold.fr\/news\/2017\/04\/17\/lonce-est-bien-partie-pour-accumuler-les-hausses\/\" \/>\n<meta property=\"og:locale\" content=\"fr_FR\" \/>\n<meta property=\"og:type\" content=\"article\" \/>\n<meta property=\"og:title\" content=\"L\u2019once est bien partie pour accumuler les hausses - Gold.fr\" \/>\n<meta property=\"og:description\" content=\"Pendant la semaine pass\u00e9e, l\u2019once de 31,1 grammes d&rsquo;or affichait un cours de 1286,1 dollars et 1208,4 euros soit une progression respective de 11,8 dollars et de 7,3 euros. La stabilit\u00e9 g\u00e9opolitique devenant de plus en [&hellip;]\" \/>\n<meta property=\"og:url\" content=\"https:\/\/www.gold.fr\/news\/2017\/04\/17\/lonce-est-bien-partie-pour-accumuler-les-hausses\/\" \/>\n<meta property=\"og:site_name\" content=\"Gold.fr\" \/>\n<meta property=\"article:publisher\" content=\"https:\/\/www.facebook.com\/Goldfr\/\" \/>\n<meta property=\"article:published_time\" content=\"2017-04-17T15:00:42+00:00\" \/>\n<meta property=\"article:modified_time\" content=\"2021-01-13T10:41:11+00:00\" \/>\n<meta property=\"og:image\" content=\"https:\/\/www.gold.fr\/news\/wp-content\/uploads\/2011\/11\/gold.jpg\" \/>\n\t<meta property=\"og:image:width\" content=\"616\" \/>\n\t<meta property=\"og:image:height\" content=\"400\" \/>\n\t<meta property=\"og:image:type\" content=\"image\/jpeg\" \/>\n<meta name=\"author\" content=\"Comptoir National de l&#039;Or\" \/>\n<meta name=\"twitter:card\" content=\"summary_large_image\" \/>\n<meta name=\"twitter:label1\" content=\"\u00c9crit par\" \/>\n\t<meta name=\"twitter:data1\" content=\"Comptoir National de l&#039;Or\" \/>\n\t<meta name=\"twitter:label2\" content=\"Dur\u00e9e de lecture estim\u00e9e\" \/>\n\t<meta name=\"twitter:data2\" content=\"1 minute\" \/>\n<script type=\"application\/ld+json\" class=\"yoast-schema-graph\">{\"@context\":\"https:\\\/\\\/schema.org\",\"@graph\":[{\"@type\":\"Article\",\"@id\":\"https:\\\/\\\/www.gold.fr\\\/news\\\/2017\\\/04\\\/17\\\/lonce-est-bien-partie-pour-accumuler-les-hausses\\\/#article\",\"isPartOf\":{\"@id\":\"https:\\\/\\\/www.gold.fr\\\/news\\\/2017\\\/04\\\/17\\\/lonce-est-bien-partie-pour-accumuler-les-hausses\\\/\"},\"author\":{\"name\":\"Comptoir National de l'Or\",\"@id\":\"https:\\\/\\\/www.gold.fr\\\/news\\\/#\\\/schema\\\/person\\\/070491b4b4fb7671bf59b3be20302ce9\"},\"headline\":\"L\u2019once est bien partie pour accumuler les hausses\",\"datePublished\":\"2017-04-17T15:00:42+00:00\",\"dateModified\":\"2021-01-13T10:41:11+00:00\",\"mainEntityOfPage\":{\"@id\":\"https:\\\/\\\/www.gold.fr\\\/news\\\/2017\\\/04\\\/17\\\/lonce-est-bien-partie-pour-accumuler-les-hausses\\\/\"},\"wordCount\":250,\"image\":{\"@id\":\"https:\\\/\\\/www.gold.fr\\\/news\\\/2017\\\/04\\\/17\\\/lonce-est-bien-partie-pour-accumuler-les-hausses\\\/#primaryimage\"},\"thumbnailUrl\":\"https:\\\/\\\/www.gold.fr\\\/news\\\/wp-content\\\/uploads\\\/2011\\\/11\\\/gold.jpg\",\"keywords\":[\"hausse cours de l'or\"],\"articleSection\":[\"Articles de presse\"],\"inLanguage\":\"fr-FR\"},{\"@type\":\"WebPage\",\"@id\":\"https:\\\/\\\/www.gold.fr\\\/news\\\/2017\\\/04\\\/17\\\/lonce-est-bien-partie-pour-accumuler-les-hausses\\\/\",\"url\":\"https:\\\/\\\/www.gold.fr\\\/news\\\/2017\\\/04\\\/17\\\/lonce-est-bien-partie-pour-accumuler-les-hausses\\\/\",\"name\":\"L\u2019once est bien partie pour accumuler les hausses - Gold.fr\",\"isPartOf\":{\"@id\":\"https:\\\/\\\/www.gold.fr\\\/news\\\/#website\"},\"primaryImageOfPage\":{\"@id\":\"https:\\\/\\\/www.gold.fr\\\/news\\\/2017\\\/04\\\/17\\\/lonce-est-bien-partie-pour-accumuler-les-hausses\\\/#primaryimage\"},\"image\":{\"@id\":\"https:\\\/\\\/www.gold.fr\\\/news\\\/2017\\\/04\\\/17\\\/lonce-est-bien-partie-pour-accumuler-les-hausses\\\/#primaryimage\"},\"thumbnailUrl\":\"https:\\\/\\\/www.gold.fr\\\/news\\\/wp-content\\\/uploads\\\/2011\\\/11\\\/gold.jpg\",\"datePublished\":\"2017-04-17T15:00:42+00:00\",\"dateModified\":\"2021-01-13T10:41:11+00:00\",\"author\":{\"@id\":\"https:\\\/\\\/www.gold.fr\\\/news\\\/#\\\/schema\\\/person\\\/070491b4b4fb7671bf59b3be20302ce9\"},\"breadcrumb\":{\"@id\":\"https:\\\/\\\/www.gold.fr\\\/news\\\/2017\\\/04\\\/17\\\/lonce-est-bien-partie-pour-accumuler-les-hausses\\\/#breadcrumb\"},\"inLanguage\":\"fr-FR\",\"potentialAction\":[{\"@type\":\"ReadAction\",\"target\":[\"https:\\\/\\\/www.gold.fr\\\/news\\\/2017\\\/04\\\/17\\\/lonce-est-bien-partie-pour-accumuler-les-hausses\\\/\"]}]},{\"@type\":\"ImageObject\",\"inLanguage\":\"fr-FR\",\"@id\":\"https:\\\/\\\/www.gold.fr\\\/news\\\/2017\\\/04\\\/17\\\/lonce-est-bien-partie-pour-accumuler-les-hausses\\\/#primaryimage\",\"url\":\"https:\\\/\\\/www.gold.fr\\\/news\\\/wp-content\\\/uploads\\\/2011\\\/11\\\/gold.jpg\",\"contentUrl\":\"https:\\\/\\\/www.gold.fr\\\/news\\\/wp-content\\\/uploads\\\/2011\\\/11\\\/gold.jpg\",\"width\":\"616\",\"height\":\"400\",\"caption\":\"L\u2019once d\u2019or entame la semaine dans le vert\"},{\"@type\":\"BreadcrumbList\",\"@id\":\"https:\\\/\\\/www.gold.fr\\\/news\\\/2017\\\/04\\\/17\\\/lonce-est-bien-partie-pour-accumuler-les-hausses\\\/#breadcrumb\",\"itemListElement\":[{\"@type\":\"ListItem\",\"position\":1,\"name\":\"Accueil\",\"item\":\"https:\\\/\\\/www.gold.fr\\\/\"},{\"@type\":\"ListItem\",\"position\":2,\"name\":\"Actualit\u00e9s\",\"item\":\"https:\\\/\\\/www.gold.fr\\\/news\\\/\"},{\"@type\":\"ListItem\",\"position\":3,\"name\":\"L\u2019once est bien partie pour accumuler les hausses\"}]},{\"@type\":\"WebSite\",\"@id\":\"https:\\\/\\\/www.gold.fr\\\/news\\\/#website\",\"url\":\"https:\\\/\\\/www.gold.fr\\\/news\\\/\",\"name\":\"Gold.fr\",\"description\":\"Actualit\u00e9s de l&#039;Or et des m\u00e9taux pr\u00e9cieux\",\"potentialAction\":[{\"@type\":\"SearchAction\",\"target\":{\"@type\":\"EntryPoint\",\"urlTemplate\":\"https:\\\/\\\/www.gold.fr\\\/news\\\/?s={search_term_string}\"},\"query-input\":{\"@type\":\"PropertyValueSpecification\",\"valueRequired\":true,\"valueName\":\"search_term_string\"}}],\"inLanguage\":\"fr-FR\"},{\"@type\":\"Person\",\"@id\":\"https:\\\/\\\/www.gold.fr\\\/news\\\/#\\\/schema\\\/person\\\/070491b4b4fb7671bf59b3be20302ce9\",\"name\":\"Comptoir National de l'Or\",\"image\":{\"@type\":\"ImageObject\",\"inLanguage\":\"fr-FR\",\"@id\":\"https:\\\/\\\/secure.gravatar.com\\\/avatar\\\/0a2867fd5abe37bed95d5a65e9d58f01756e11efc68af9888dfc50cfa7f65948?s=96&d=mm&r=gb490554db0a38188709de567aa58480d\",\"url\":\"https:\\\/\\\/secure.gravatar.com\\\/avatar\\\/0a2867fd5abe37bed95d5a65e9d58f01756e11efc68af9888dfc50cfa7f65948?s=96&d=mm&r=g\",\"contentUrl\":\"https:\\\/\\\/secure.gravatar.com\\\/avatar\\\/0a2867fd5abe37bed95d5a65e9d58f01756e11efc68af9888dfc50cfa7f65948?s=96&d=mm&r=g\",\"caption\":\"Comptoir National de l'Or\"},\"description\":\"Notre r\u00e9daction est constitu\u00e9e de membres experts dans les m\u00e9tiers de l'\u00e9conomie et la gestion, des Responsables d'agence Comptoir National de l'Or, des analystes financiers qui publient r\u00e9guli\u00e8rement des \u00e9tudes sur les politiques des banques centrales, le cours de l'or, prix de l'or, cours de l'argent, prix de l'argent, cours du platine, cours du palladium,... la situation en zone euro et l'impact de la strat\u00e9gie mon\u00e9taire de la FED. Notre \u00e9quipe scrute \u00e9galement une information plus g\u00e9n\u00e9raliste \u00e0 la recherche d'actualit\u00e9 \\\"p\u00e9pite\\\" \u00e0 vous partager. Depuis 5 ans, nous avons publi\u00e9 un peu plus de 4000 articles qui s'adressent \u00e0 un public large et vari\u00e9 ayant pour objectif de satisfaire votre curiosit\u00e9 et de partager avec vous une certaine fascination pour le m\u00e9tal jaune, le rachat d'or, et pour ceux qui veulent investir dans l'or, vendre leur or tout simplement en savoir plus... Pour tous vos achat or et argent, n'h\u00e9sitez pas \u00e0 prendre rendez-vous dans l'un de nos nombreux comptoirs.\",\"sameAs\":[\"https:\\\/\\\/www.gold.fr\"]}]}<\/script>\n<!-- \/ Yoast SEO plugin. -->","yoast_head_json":{"title":"L\u2019once est bien partie pour accumuler les hausses - Gold.fr","robots":{"index":"index","follow":"follow","max-snippet":"max-snippet:-1","max-image-preview":"max-image-preview:large","max-video-preview":"max-video-preview:-1"},"canonical":"https:\/\/www.gold.fr\/news\/2017\/04\/17\/lonce-est-bien-partie-pour-accumuler-les-hausses\/","og_locale":"fr_FR","og_type":"article","og_title":"L\u2019once est bien partie pour accumuler les hausses - Gold.fr","og_description":"Pendant la semaine pass\u00e9e, l\u2019once de 31,1 grammes d&rsquo;or affichait un cours de 1286,1 dollars et 1208,4 euros soit une progression respective de 11,8 dollars et de 7,3 euros. La stabilit\u00e9 g\u00e9opolitique devenant de plus en [&hellip;]","og_url":"https:\/\/www.gold.fr\/news\/2017\/04\/17\/lonce-est-bien-partie-pour-accumuler-les-hausses\/","og_site_name":"Gold.fr","article_publisher":"https:\/\/www.facebook.com\/Goldfr\/","article_published_time":"2017-04-17T15:00:42+00:00","article_modified_time":"2021-01-13T10:41:11+00:00","og_image":[{"width":616,"height":400,"url":"https:\/\/www.gold.fr\/news\/wp-content\/uploads\/2011\/11\/gold.jpg","type":"image\/jpeg"}],"author":"Comptoir National de l'Or","twitter_card":"summary_large_image","twitter_misc":{"\u00c9crit par":"Comptoir National de l'Or","Dur\u00e9e de lecture estim\u00e9e":"1 minute"},"schema":{"@context":"https:\/\/schema.org","@graph":[{"@type":"Article","@id":"https:\/\/www.gold.fr\/news\/2017\/04\/17\/lonce-est-bien-partie-pour-accumuler-les-hausses\/#article","isPartOf":{"@id":"https:\/\/www.gold.fr\/news\/2017\/04\/17\/lonce-est-bien-partie-pour-accumuler-les-hausses\/"},"author":{"name":"Comptoir National de l'Or","@id":"https:\/\/www.gold.fr\/news\/#\/schema\/person\/070491b4b4fb7671bf59b3be20302ce9"},"headline":"L\u2019once est bien partie pour accumuler les hausses","datePublished":"2017-04-17T15:00:42+00:00","dateModified":"2021-01-13T10:41:11+00:00","mainEntityOfPage":{"@id":"https:\/\/www.gold.fr\/news\/2017\/04\/17\/lonce-est-bien-partie-pour-accumuler-les-hausses\/"},"wordCount":250,"image":{"@id":"https:\/\/www.gold.fr\/news\/2017\/04\/17\/lonce-est-bien-partie-pour-accumuler-les-hausses\/#primaryimage"},"thumbnailUrl":"https:\/\/www.gold.fr\/news\/wp-content\/uploads\/2011\/11\/gold.jpg","keywords":["hausse cours de l'or"],"articleSection":["Articles de presse"],"inLanguage":"fr-FR"},{"@type":"WebPage","@id":"https:\/\/www.gold.fr\/news\/2017\/04\/17\/lonce-est-bien-partie-pour-accumuler-les-hausses\/","url":"https:\/\/www.gold.fr\/news\/2017\/04\/17\/lonce-est-bien-partie-pour-accumuler-les-hausses\/","name":"L\u2019once est bien partie pour accumuler les hausses - Gold.fr","isPartOf":{"@id":"https:\/\/www.gold.fr\/news\/#website"},"primaryImageOfPage":{"@id":"https:\/\/www.gold.fr\/news\/2017\/04\/17\/lonce-est-bien-partie-pour-accumuler-les-hausses\/#primaryimage"},"image":{"@id":"https:\/\/www.gold.fr\/news\/2017\/04\/17\/lonce-est-bien-partie-pour-accumuler-les-hausses\/#primaryimage"},"thumbnailUrl":"https:\/\/www.gold.fr\/news\/wp-content\/uploads\/2011\/11\/gold.jpg","datePublished":"2017-04-17T15:00:42+00:00","dateModified":"2021-01-13T10:41:11+00:00","author":{"@id":"https:\/\/www.gold.fr\/news\/#\/schema\/person\/070491b4b4fb7671bf59b3be20302ce9"},"breadcrumb":{"@id":"https:\/\/www.gold.fr\/news\/2017\/04\/17\/lonce-est-bien-partie-pour-accumuler-les-hausses\/#breadcrumb"},"inLanguage":"fr-FR","potentialAction":[{"@type":"ReadAction","target":["https:\/\/www.gold.fr\/news\/2017\/04\/17\/lonce-est-bien-partie-pour-accumuler-les-hausses\/"]}]},{"@type":"ImageObject","inLanguage":"fr-FR","@id":"https:\/\/www.gold.fr\/news\/2017\/04\/17\/lonce-est-bien-partie-pour-accumuler-les-hausses\/#primaryimage","url":"https:\/\/www.gold.fr\/news\/wp-content\/uploads\/2011\/11\/gold.jpg","contentUrl":"https:\/\/www.gold.fr\/news\/wp-content\/uploads\/2011\/11\/gold.jpg","width":"616","height":"400","caption":"L\u2019once d\u2019or entame la semaine dans le vert"},{"@type":"BreadcrumbList","@id":"https:\/\/www.gold.fr\/news\/2017\/04\/17\/lonce-est-bien-partie-pour-accumuler-les-hausses\/#breadcrumb","itemListElement":[{"@type":"ListItem","position":1,"name":"Accueil","item":"https:\/\/www.gold.fr\/"},{"@type":"ListItem","position":2,"name":"Actualit\u00e9s","item":"https:\/\/www.gold.fr\/news\/"},{"@type":"ListItem","position":3,"name":"L\u2019once est bien partie pour accumuler les hausses"}]},{"@type":"WebSite","@id":"https:\/\/www.gold.fr\/news\/#website","url":"https:\/\/www.gold.fr\/news\/","name":"Gold.fr","description":"Actualit\u00e9s de l&#039;Or et des m\u00e9taux pr\u00e9cieux","potentialAction":[{"@type":"SearchAction","target":{"@type":"EntryPoint","urlTemplate":"https:\/\/www.gold.fr\/news\/?s={search_term_string}"},"query-input":{"@type":"PropertyValueSpecification","valueRequired":true,"valueName":"search_term_string"}}],"inLanguage":"fr-FR"},{"@type":"Person","@id":"https:\/\/www.gold.fr\/news\/#\/schema\/person\/070491b4b4fb7671bf59b3be20302ce9","name":"Comptoir National de l'Or","image":{"@type":"ImageObject","inLanguage":"fr-FR","@id":"https:\/\/secure.gravatar.com\/avatar\/0a2867fd5abe37bed95d5a65e9d58f01756e11efc68af9888dfc50cfa7f65948?s=96&d=mm&r=gb490554db0a38188709de567aa58480d","url":"https:\/\/secure.gravatar.com\/avatar\/0a2867fd5abe37bed95d5a65e9d58f01756e11efc68af9888dfc50cfa7f65948?s=96&d=mm&r=g","contentUrl":"https:\/\/secure.gravatar.com\/avatar\/0a2867fd5abe37bed95d5a65e9d58f01756e11efc68af9888dfc50cfa7f65948?s=96&d=mm&r=g","caption":"Comptoir National de l'Or"},"description":"Notre r\u00e9daction est constitu\u00e9e de membres experts dans les m\u00e9tiers de l'\u00e9conomie et la gestion, des Responsables d'agence Comptoir National de l'Or, des analystes financiers qui publient r\u00e9guli\u00e8rement des \u00e9tudes sur les politiques des banques centrales, le cours de l'or, prix de l'or, cours de l'argent, prix de l'argent, cours du platine, cours du palladium,... la situation en zone euro et l'impact de la strat\u00e9gie mon\u00e9taire de la FED. Notre \u00e9quipe scrute \u00e9galement une information plus g\u00e9n\u00e9raliste \u00e0 la recherche d'actualit\u00e9 \"p\u00e9pite\" \u00e0 vous partager. Depuis 5 ans, nous avons publi\u00e9 un peu plus de 4000 articles qui s'adressent \u00e0 un public large et vari\u00e9 ayant pour objectif de satisfaire votre curiosit\u00e9 et de partager avec vous une certaine fascination pour le m\u00e9tal jaune, le rachat d'or, et pour ceux qui veulent investir dans l'or, vendre leur or tout simplement en savoir plus... Pour tous vos achat or et argent, n'h\u00e9sitez pas \u00e0 prendre rendez-vous dans l'un de nos nombreux comptoirs.","sameAs":["https:\/\/www.gold.fr"]}]}},"authors":[{"term_id":2565,"user_id":18,"is_guest":0,"slug":"julie","display_name":"Comptoir National de l'Or","avatar_url":"https:\/\/secure.gravatar.com\/avatar\/713f289e398d35ead876c4a4cc08607f0d6d266058cfc25683fffb6092d0e572?s=96&d=mm&r=g","0":null,"1":"","2":"","3":"","4":"","5":"","6":"","7":"","8":""}],"_links":{"self":[{"href":"https:\/\/www.gold.fr\/news\/wp-json\/wp\/v2\/posts\/21078","targetHints":{"allow":["GET"]}}],"collection":[{"href":"https:\/\/www.gold.fr\/news\/wp-json\/wp\/v2\/posts"}],"about":[{"href":"https:\/\/www.gold.fr\/news\/wp-json\/wp\/v2\/types\/post"}],"author":[{"embeddable":true,"href":"https:\/\/www.gold.fr\/news\/wp-json\/wp\/v2\/users\/18"}],"replies":[{"embeddable":true,"href":"https:\/\/www.gold.fr\/news\/wp-json\/wp\/v2\/comments?post=21078"}],"version-history":[{"count":0,"href":"https:\/\/www.gold.fr\/news\/wp-json\/wp\/v2\/posts\/21078\/revisions"}],"wp:featuredmedia":[{"embeddable":true,"href":"https:\/\/www.gold.fr\/news\/wp-json\/wp\/v2\/media\/3962"}],"wp:attachment":[{"href":"https:\/\/www.gold.fr\/news\/wp-json\/wp\/v2\/media?parent=21078"}],"wp:term":[{"taxonomy":"category","embeddable":true,"href":"https:\/\/www.gold.fr\/news\/wp-json\/wp\/v2\/categories?post=21078"},{"taxonomy":"post_tag","embeddable":true,"href":"https:\/\/www.gold.fr\/news\/wp-json\/wp\/v2\/tags?post=21078"},{"taxonomy":"author","embeddable":true,"href":"https:\/\/www.gold.fr\/news\/wp-json\/wp\/v2\/ppma_author?post=21078"}],"curies":[{"name":"wp","href":"https:\/\/api.w.org\/{rel}","templated":true}]}}