{"id":21069,"date":"2017-04-13T13:00:57","date_gmt":"2017-04-13T11:00:57","guid":{"rendered":"https:\/\/www.gold.fr\/news\/?p=21069"},"modified":"2021-01-13T11:41:44","modified_gmt":"2021-01-13T10:41:44","slug":"le-metal-jaune-progresse-malgre-des-actions-en-baisse","status":"publish","type":"post","link":"https:\/\/www.gold.fr\/news\/2017\/04\/13\/le-metal-jaune-progresse-malgre-des-actions-en-baisse\/","title":{"rendered":"Le m\u00e9tal jaune progresse malgr\u00e9 des actions en baisse"},"content":{"rendered":"<p><img loading=\"lazy\" decoding=\"async\" class=\"alignleft wp-image-15669 size-thumbnail\" title=\"Le m\u00e9tal jaune progresse malgr\u00e9 des actions en baisse\" src=\"https:\/\/www.gold.fr\/news\/wp-content\/uploads\/2014\/09\/image-2-150x150.png\" alt=\"Le m\u00e9tal jaune progresse malgr\u00e9 des actions en baisse\" width=\"150\" height=\"150\" srcset=\"https:\/\/www.gold.fr\/news\/wp-content\/uploads\/2014\/09\/image-2-150x150.png 150w, https:\/\/www.gold.fr\/news\/wp-content\/uploads\/2014\/09\/image-2-80x80.png 80w, https:\/\/www.gold.fr\/news\/wp-content\/uploads\/2014\/09\/image-2-1x1.png 1w\" sizes=\"auto, (max-width: 150px) 100vw, 150px\" \/>La tendance attentiste constat\u00e9e lors de la s\u00e9ance d&rsquo;hier au niveau de la Bourse de Paris, devrait se poursuivre aujourd&rsquo;hui. Les op\u00e9rateurs ne voulant pas prendre de risque avant le long week-end de P\u00e2ques, le march\u00e9 parisien continue sa stagnation. Ainsi, le <strong>CAC 40<\/strong> (livraison avril) enregistre un repli de 1,5 point et affiche une mesure \u00e0 5094, annon\u00e7ant un d\u00e9but de s\u00e9ance plut\u00f4t frileux.    Par ailleurs, les investisseurs suivront avec int\u00e9r\u00eat la publication des comptes trimestriels des grandes banques am\u00e9ricaines. <strong>JPMorgan<\/strong>, <strong>Citigroup<\/strong>, et <strong>Wells Fargo<\/strong> vont ainsi communiquer \u00e0 propos de leurs performances respectives, boost\u00e9es par le rel\u00e8vement des taux d&rsquo;int\u00e9r\u00eat. Les investisseurs prendront connaissance aujourd&rsquo;hui aussi des prix relatifs \u00e0 la production aux <strong>Etats-Unis<\/strong>, du taux de confiance des consommateurs du Michigan ainsi que des chiffres relatifs aux allocations ch\u00f4mage.    De plus, <strong>Wall Street<\/strong> continue \u00e0 subir les cons\u00e9quences n\u00e9fastes de la situation g\u00e9opolitique actuelle puisque les march\u00e9s d&rsquo;actions am\u00e9ricains ont cl\u00f4tur\u00e9 la s\u00e9ance d&rsquo;hier dans le rouge.    Dans ce contexte, le m\u00e9tal jaune continue \u00e0 profiter de la dynamique haussi\u00e8re et affiche en ce <strong>jeudi 13 avril 2017<\/strong> un <a href=\"https:\/\/www.gold.fr\/cours-or-prix-de-l-or\/\" target=\"_blank\" rel=\"noopener noreferrer\">cours<\/a> de <strong>1 254.00 dollars<\/strong> <a href=\"https:\/\/www.gold.fr\/once-or-nyc\/\" target=\"_blank\" rel=\"noopener noreferrer\">l\u2019once<\/a>.<\/p>\n<!-- AddThis Advanced Settings generic via filter on the_content --><!-- AddThis Share Buttons generic via filter on the_content -->","protected":false},"excerpt":{"rendered":"<p>La tendance attentiste constat\u00e9e lors de la s\u00e9ance d&rsquo;hier au niveau de la Bourse de Paris, devrait se poursuivre aujourd&rsquo;hui. Les op\u00e9rateurs ne voulant pas prendre de risque avant le long week-end de P\u00e2ques, le march\u00e9 [&hellip;]<\/p>\n","protected":false},"author":18,"featured_media":15669,"comment_status":"closed","ping_status":"closed","sticky":false,"template":"","format":"standard","meta":{"_mbp_gutenberg_autopost":false,"_pgmb_is_evergreen":false,"_pgmb_ap_template_id":0,"footnotes":""},"categories":[5],"tags":[932,1048],"ppma_author":[2565],"class_list":["post-21069","post","type-post","status-publish","format-standard","has-post-thumbnail","hentry","category-flash-infos","tag-metal-jaune","tag-progression-de-lor"],"yoast_head":"<!-- This site is optimized with the Yoast SEO plugin v27.5 - https:\/\/yoast.com\/product\/yoast-seo-wordpress\/ -->\n<title>Le m\u00e9tal jaune progresse malgr\u00e9 des actions en baisse - Gold.fr<\/title>\n<meta name=\"robots\" content=\"index, follow, max-snippet:-1, max-image-preview:large, max-video-preview:-1\" \/>\n<link rel=\"canonical\" href=\"https:\/\/www.gold.fr\/news\/2017\/04\/13\/le-metal-jaune-progresse-malgre-des-actions-en-baisse\/\" \/>\n<meta property=\"og:locale\" content=\"fr_FR\" \/>\n<meta property=\"og:type\" content=\"article\" \/>\n<meta property=\"og:title\" content=\"Le m\u00e9tal jaune progresse malgr\u00e9 des actions en baisse - Gold.fr\" \/>\n<meta property=\"og:description\" content=\"La tendance attentiste constat\u00e9e lors de la s\u00e9ance d&rsquo;hier au niveau de la Bourse de Paris, devrait se poursuivre aujourd&rsquo;hui. Les op\u00e9rateurs ne voulant pas prendre de risque avant le long week-end de P\u00e2ques, le march\u00e9 [&hellip;]\" \/>\n<meta property=\"og:url\" content=\"https:\/\/www.gold.fr\/news\/2017\/04\/13\/le-metal-jaune-progresse-malgre-des-actions-en-baisse\/\" \/>\n<meta property=\"og:site_name\" content=\"Gold.fr\" \/>\n<meta property=\"article:publisher\" content=\"https:\/\/www.facebook.com\/Goldfr\/\" \/>\n<meta property=\"article:published_time\" content=\"2017-04-13T11:00:57+00:00\" \/>\n<meta property=\"article:modified_time\" content=\"2021-01-13T10:41:44+00:00\" \/>\n<meta property=\"og:image\" content=\"https:\/\/www.gold.fr\/news\/wp-content\/uploads\/2014\/09\/image-2.png\" \/>\n\t<meta property=\"og:image:width\" content=\"283\" \/>\n\t<meta property=\"og:image:height\" content=\"220\" \/>\n\t<meta property=\"og:image:type\" content=\"image\/png\" \/>\n<meta name=\"author\" content=\"Comptoir National de l&#039;Or\" \/>\n<meta name=\"twitter:card\" content=\"summary_large_image\" \/>\n<meta name=\"twitter:label1\" content=\"\u00c9crit par\" \/>\n\t<meta name=\"twitter:data1\" content=\"Comptoir National de l&#039;Or\" \/>\n\t<meta name=\"twitter:label2\" content=\"Dur\u00e9e de lecture estim\u00e9e\" \/>\n\t<meta name=\"twitter:data2\" content=\"1 minute\" \/>\n<script type=\"application\/ld+json\" class=\"yoast-schema-graph\">{\"@context\":\"https:\\\/\\\/schema.org\",\"@graph\":[{\"@type\":\"Article\",\"@id\":\"https:\\\/\\\/www.gold.fr\\\/news\\\/2017\\\/04\\\/13\\\/le-metal-jaune-progresse-malgre-des-actions-en-baisse\\\/#article\",\"isPartOf\":{\"@id\":\"https:\\\/\\\/www.gold.fr\\\/news\\\/2017\\\/04\\\/13\\\/le-metal-jaune-progresse-malgre-des-actions-en-baisse\\\/\"},\"author\":{\"name\":\"Comptoir National de l'Or\",\"@id\":\"https:\\\/\\\/www.gold.fr\\\/news\\\/#\\\/schema\\\/person\\\/070491b4b4fb7671bf59b3be20302ce9\"},\"headline\":\"Le m\u00e9tal jaune progresse malgr\u00e9 des actions en baisse\",\"datePublished\":\"2017-04-13T11:00:57+00:00\",\"dateModified\":\"2021-01-13T10:41:44+00:00\",\"mainEntityOfPage\":{\"@id\":\"https:\\\/\\\/www.gold.fr\\\/news\\\/2017\\\/04\\\/13\\\/le-metal-jaune-progresse-malgre-des-actions-en-baisse\\\/\"},\"wordCount\":218,\"image\":{\"@id\":\"https:\\\/\\\/www.gold.fr\\\/news\\\/2017\\\/04\\\/13\\\/le-metal-jaune-progresse-malgre-des-actions-en-baisse\\\/#primaryimage\"},\"thumbnailUrl\":\"https:\\\/\\\/www.gold.fr\\\/news\\\/wp-content\\\/uploads\\\/2014\\\/09\\\/image-2.png\",\"keywords\":[\"M\u00e9tal jaune\",\"Progression de l\u2019or\"],\"articleSection\":[\"Flash infos\"],\"inLanguage\":\"fr-FR\"},{\"@type\":\"WebPage\",\"@id\":\"https:\\\/\\\/www.gold.fr\\\/news\\\/2017\\\/04\\\/13\\\/le-metal-jaune-progresse-malgre-des-actions-en-baisse\\\/\",\"url\":\"https:\\\/\\\/www.gold.fr\\\/news\\\/2017\\\/04\\\/13\\\/le-metal-jaune-progresse-malgre-des-actions-en-baisse\\\/\",\"name\":\"Le m\u00e9tal jaune progresse malgr\u00e9 des actions en baisse - Gold.fr\",\"isPartOf\":{\"@id\":\"https:\\\/\\\/www.gold.fr\\\/news\\\/#website\"},\"primaryImageOfPage\":{\"@id\":\"https:\\\/\\\/www.gold.fr\\\/news\\\/2017\\\/04\\\/13\\\/le-metal-jaune-progresse-malgre-des-actions-en-baisse\\\/#primaryimage\"},\"image\":{\"@id\":\"https:\\\/\\\/www.gold.fr\\\/news\\\/2017\\\/04\\\/13\\\/le-metal-jaune-progresse-malgre-des-actions-en-baisse\\\/#primaryimage\"},\"thumbnailUrl\":\"https:\\\/\\\/www.gold.fr\\\/news\\\/wp-content\\\/uploads\\\/2014\\\/09\\\/image-2.png\",\"datePublished\":\"2017-04-13T11:00:57+00:00\",\"dateModified\":\"2021-01-13T10:41:44+00:00\",\"author\":{\"@id\":\"https:\\\/\\\/www.gold.fr\\\/news\\\/#\\\/schema\\\/person\\\/070491b4b4fb7671bf59b3be20302ce9\"},\"breadcrumb\":{\"@id\":\"https:\\\/\\\/www.gold.fr\\\/news\\\/2017\\\/04\\\/13\\\/le-metal-jaune-progresse-malgre-des-actions-en-baisse\\\/#breadcrumb\"},\"inLanguage\":\"fr-FR\",\"potentialAction\":[{\"@type\":\"ReadAction\",\"target\":[\"https:\\\/\\\/www.gold.fr\\\/news\\\/2017\\\/04\\\/13\\\/le-metal-jaune-progresse-malgre-des-actions-en-baisse\\\/\"]}]},{\"@type\":\"ImageObject\",\"inLanguage\":\"fr-FR\",\"@id\":\"https:\\\/\\\/www.gold.fr\\\/news\\\/2017\\\/04\\\/13\\\/le-metal-jaune-progresse-malgre-des-actions-en-baisse\\\/#primaryimage\",\"url\":\"https:\\\/\\\/www.gold.fr\\\/news\\\/wp-content\\\/uploads\\\/2014\\\/09\\\/image-2.png\",\"contentUrl\":\"https:\\\/\\\/www.gold.fr\\\/news\\\/wp-content\\\/uploads\\\/2014\\\/09\\\/image-2.png\",\"width\":\"283\",\"height\":\"220\",\"caption\":\"Les analystes confiants quant \u00e0 la progression de l\u2019or\"},{\"@type\":\"BreadcrumbList\",\"@id\":\"https:\\\/\\\/www.gold.fr\\\/news\\\/2017\\\/04\\\/13\\\/le-metal-jaune-progresse-malgre-des-actions-en-baisse\\\/#breadcrumb\",\"itemListElement\":[{\"@type\":\"ListItem\",\"position\":1,\"name\":\"Accueil\",\"item\":\"https:\\\/\\\/www.gold.fr\\\/\"},{\"@type\":\"ListItem\",\"position\":2,\"name\":\"Actualit\u00e9s\",\"item\":\"https:\\\/\\\/www.gold.fr\\\/news\\\/\"},{\"@type\":\"ListItem\",\"position\":3,\"name\":\"Le m\u00e9tal jaune progresse malgr\u00e9 des actions en baisse\"}]},{\"@type\":\"WebSite\",\"@id\":\"https:\\\/\\\/www.gold.fr\\\/news\\\/#website\",\"url\":\"https:\\\/\\\/www.gold.fr\\\/news\\\/\",\"name\":\"Gold.fr\",\"description\":\"Actualit\u00e9s de l&#039;Or et des m\u00e9taux pr\u00e9cieux\",\"potentialAction\":[{\"@type\":\"SearchAction\",\"target\":{\"@type\":\"EntryPoint\",\"urlTemplate\":\"https:\\\/\\\/www.gold.fr\\\/news\\\/?s={search_term_string}\"},\"query-input\":{\"@type\":\"PropertyValueSpecification\",\"valueRequired\":true,\"valueName\":\"search_term_string\"}}],\"inLanguage\":\"fr-FR\"},{\"@type\":\"Person\",\"@id\":\"https:\\\/\\\/www.gold.fr\\\/news\\\/#\\\/schema\\\/person\\\/070491b4b4fb7671bf59b3be20302ce9\",\"name\":\"Comptoir National de l'Or\",\"image\":{\"@type\":\"ImageObject\",\"inLanguage\":\"fr-FR\",\"@id\":\"https:\\\/\\\/secure.gravatar.com\\\/avatar\\\/0a2867fd5abe37bed95d5a65e9d58f01756e11efc68af9888dfc50cfa7f65948?s=96&d=mm&r=gb490554db0a38188709de567aa58480d\",\"url\":\"https:\\\/\\\/secure.gravatar.com\\\/avatar\\\/0a2867fd5abe37bed95d5a65e9d58f01756e11efc68af9888dfc50cfa7f65948?s=96&d=mm&r=g\",\"contentUrl\":\"https:\\\/\\\/secure.gravatar.com\\\/avatar\\\/0a2867fd5abe37bed95d5a65e9d58f01756e11efc68af9888dfc50cfa7f65948?s=96&d=mm&r=g\",\"caption\":\"Comptoir National de l'Or\"},\"description\":\"Notre r\u00e9daction est constitu\u00e9e de membres experts dans les m\u00e9tiers de l'\u00e9conomie et la gestion, des Responsables d'agence Comptoir National de l'Or, des analystes financiers qui publient r\u00e9guli\u00e8rement des \u00e9tudes sur les politiques des banques centrales, le cours de l'or, prix de l'or, cours de l'argent, prix de l'argent, cours du platine, cours du palladium,... la situation en zone euro et l'impact de la strat\u00e9gie mon\u00e9taire de la FED. Notre \u00e9quipe scrute \u00e9galement une information plus g\u00e9n\u00e9raliste \u00e0 la recherche d'actualit\u00e9 \\\"p\u00e9pite\\\" \u00e0 vous partager. Depuis 5 ans, nous avons publi\u00e9 un peu plus de 4000 articles qui s'adressent \u00e0 un public large et vari\u00e9 ayant pour objectif de satisfaire votre curiosit\u00e9 et de partager avec vous une certaine fascination pour le m\u00e9tal jaune, le rachat d'or, et pour ceux qui veulent investir dans l'or, vendre leur or tout simplement en savoir plus... Pour tous vos achat or et argent, n'h\u00e9sitez pas \u00e0 prendre rendez-vous dans l'un de nos nombreux comptoirs.\",\"sameAs\":[\"https:\\\/\\\/www.gold.fr\"]}]}<\/script>\n<!-- \/ Yoast SEO plugin. -->","yoast_head_json":{"title":"Le m\u00e9tal jaune progresse malgr\u00e9 des actions en baisse - Gold.fr","robots":{"index":"index","follow":"follow","max-snippet":"max-snippet:-1","max-image-preview":"max-image-preview:large","max-video-preview":"max-video-preview:-1"},"canonical":"https:\/\/www.gold.fr\/news\/2017\/04\/13\/le-metal-jaune-progresse-malgre-des-actions-en-baisse\/","og_locale":"fr_FR","og_type":"article","og_title":"Le m\u00e9tal jaune progresse malgr\u00e9 des actions en baisse - Gold.fr","og_description":"La tendance attentiste constat\u00e9e lors de la s\u00e9ance d&rsquo;hier au niveau de la Bourse de Paris, devrait se poursuivre aujourd&rsquo;hui. Les op\u00e9rateurs ne voulant pas prendre de risque avant le long week-end de P\u00e2ques, le march\u00e9 [&hellip;]","og_url":"https:\/\/www.gold.fr\/news\/2017\/04\/13\/le-metal-jaune-progresse-malgre-des-actions-en-baisse\/","og_site_name":"Gold.fr","article_publisher":"https:\/\/www.facebook.com\/Goldfr\/","article_published_time":"2017-04-13T11:00:57+00:00","article_modified_time":"2021-01-13T10:41:44+00:00","og_image":[{"width":283,"height":220,"url":"https:\/\/www.gold.fr\/news\/wp-content\/uploads\/2014\/09\/image-2.png","type":"image\/png"}],"author":"Comptoir National de l'Or","twitter_card":"summary_large_image","twitter_misc":{"\u00c9crit par":"Comptoir National de l'Or","Dur\u00e9e de lecture estim\u00e9e":"1 minute"},"schema":{"@context":"https:\/\/schema.org","@graph":[{"@type":"Article","@id":"https:\/\/www.gold.fr\/news\/2017\/04\/13\/le-metal-jaune-progresse-malgre-des-actions-en-baisse\/#article","isPartOf":{"@id":"https:\/\/www.gold.fr\/news\/2017\/04\/13\/le-metal-jaune-progresse-malgre-des-actions-en-baisse\/"},"author":{"name":"Comptoir National de l'Or","@id":"https:\/\/www.gold.fr\/news\/#\/schema\/person\/070491b4b4fb7671bf59b3be20302ce9"},"headline":"Le m\u00e9tal jaune progresse malgr\u00e9 des actions en baisse","datePublished":"2017-04-13T11:00:57+00:00","dateModified":"2021-01-13T10:41:44+00:00","mainEntityOfPage":{"@id":"https:\/\/www.gold.fr\/news\/2017\/04\/13\/le-metal-jaune-progresse-malgre-des-actions-en-baisse\/"},"wordCount":218,"image":{"@id":"https:\/\/www.gold.fr\/news\/2017\/04\/13\/le-metal-jaune-progresse-malgre-des-actions-en-baisse\/#primaryimage"},"thumbnailUrl":"https:\/\/www.gold.fr\/news\/wp-content\/uploads\/2014\/09\/image-2.png","keywords":["M\u00e9tal jaune","Progression de l\u2019or"],"articleSection":["Flash infos"],"inLanguage":"fr-FR"},{"@type":"WebPage","@id":"https:\/\/www.gold.fr\/news\/2017\/04\/13\/le-metal-jaune-progresse-malgre-des-actions-en-baisse\/","url":"https:\/\/www.gold.fr\/news\/2017\/04\/13\/le-metal-jaune-progresse-malgre-des-actions-en-baisse\/","name":"Le m\u00e9tal jaune progresse malgr\u00e9 des actions en baisse - Gold.fr","isPartOf":{"@id":"https:\/\/www.gold.fr\/news\/#website"},"primaryImageOfPage":{"@id":"https:\/\/www.gold.fr\/news\/2017\/04\/13\/le-metal-jaune-progresse-malgre-des-actions-en-baisse\/#primaryimage"},"image":{"@id":"https:\/\/www.gold.fr\/news\/2017\/04\/13\/le-metal-jaune-progresse-malgre-des-actions-en-baisse\/#primaryimage"},"thumbnailUrl":"https:\/\/www.gold.fr\/news\/wp-content\/uploads\/2014\/09\/image-2.png","datePublished":"2017-04-13T11:00:57+00:00","dateModified":"2021-01-13T10:41:44+00:00","author":{"@id":"https:\/\/www.gold.fr\/news\/#\/schema\/person\/070491b4b4fb7671bf59b3be20302ce9"},"breadcrumb":{"@id":"https:\/\/www.gold.fr\/news\/2017\/04\/13\/le-metal-jaune-progresse-malgre-des-actions-en-baisse\/#breadcrumb"},"inLanguage":"fr-FR","potentialAction":[{"@type":"ReadAction","target":["https:\/\/www.gold.fr\/news\/2017\/04\/13\/le-metal-jaune-progresse-malgre-des-actions-en-baisse\/"]}]},{"@type":"ImageObject","inLanguage":"fr-FR","@id":"https:\/\/www.gold.fr\/news\/2017\/04\/13\/le-metal-jaune-progresse-malgre-des-actions-en-baisse\/#primaryimage","url":"https:\/\/www.gold.fr\/news\/wp-content\/uploads\/2014\/09\/image-2.png","contentUrl":"https:\/\/www.gold.fr\/news\/wp-content\/uploads\/2014\/09\/image-2.png","width":"283","height":"220","caption":"Les analystes confiants quant \u00e0 la progression de l\u2019or"},{"@type":"BreadcrumbList","@id":"https:\/\/www.gold.fr\/news\/2017\/04\/13\/le-metal-jaune-progresse-malgre-des-actions-en-baisse\/#breadcrumb","itemListElement":[{"@type":"ListItem","position":1,"name":"Accueil","item":"https:\/\/www.gold.fr\/"},{"@type":"ListItem","position":2,"name":"Actualit\u00e9s","item":"https:\/\/www.gold.fr\/news\/"},{"@type":"ListItem","position":3,"name":"Le m\u00e9tal jaune progresse malgr\u00e9 des actions en baisse"}]},{"@type":"WebSite","@id":"https:\/\/www.gold.fr\/news\/#website","url":"https:\/\/www.gold.fr\/news\/","name":"Gold.fr","description":"Actualit\u00e9s de l&#039;Or et des m\u00e9taux pr\u00e9cieux","potentialAction":[{"@type":"SearchAction","target":{"@type":"EntryPoint","urlTemplate":"https:\/\/www.gold.fr\/news\/?s={search_term_string}"},"query-input":{"@type":"PropertyValueSpecification","valueRequired":true,"valueName":"search_term_string"}}],"inLanguage":"fr-FR"},{"@type":"Person","@id":"https:\/\/www.gold.fr\/news\/#\/schema\/person\/070491b4b4fb7671bf59b3be20302ce9","name":"Comptoir National de l'Or","image":{"@type":"ImageObject","inLanguage":"fr-FR","@id":"https:\/\/secure.gravatar.com\/avatar\/0a2867fd5abe37bed95d5a65e9d58f01756e11efc68af9888dfc50cfa7f65948?s=96&d=mm&r=gb490554db0a38188709de567aa58480d","url":"https:\/\/secure.gravatar.com\/avatar\/0a2867fd5abe37bed95d5a65e9d58f01756e11efc68af9888dfc50cfa7f65948?s=96&d=mm&r=g","contentUrl":"https:\/\/secure.gravatar.com\/avatar\/0a2867fd5abe37bed95d5a65e9d58f01756e11efc68af9888dfc50cfa7f65948?s=96&d=mm&r=g","caption":"Comptoir National de l'Or"},"description":"Notre r\u00e9daction est constitu\u00e9e de membres experts dans les m\u00e9tiers de l'\u00e9conomie et la gestion, des Responsables d'agence Comptoir National de l'Or, des analystes financiers qui publient r\u00e9guli\u00e8rement des \u00e9tudes sur les politiques des banques centrales, le cours de l'or, prix de l'or, cours de l'argent, prix de l'argent, cours du platine, cours du palladium,... la situation en zone euro et l'impact de la strat\u00e9gie mon\u00e9taire de la FED. Notre \u00e9quipe scrute \u00e9galement une information plus g\u00e9n\u00e9raliste \u00e0 la recherche d'actualit\u00e9 \"p\u00e9pite\" \u00e0 vous partager. Depuis 5 ans, nous avons publi\u00e9 un peu plus de 4000 articles qui s'adressent \u00e0 un public large et vari\u00e9 ayant pour objectif de satisfaire votre curiosit\u00e9 et de partager avec vous une certaine fascination pour le m\u00e9tal jaune, le rachat d'or, et pour ceux qui veulent investir dans l'or, vendre leur or tout simplement en savoir plus... Pour tous vos achat or et argent, n'h\u00e9sitez pas \u00e0 prendre rendez-vous dans l'un de nos nombreux comptoirs.","sameAs":["https:\/\/www.gold.fr"]}]}},"authors":[{"term_id":2565,"user_id":18,"is_guest":0,"slug":"julie","display_name":"Comptoir National de l'Or","avatar_url":"https:\/\/secure.gravatar.com\/avatar\/713f289e398d35ead876c4a4cc08607f0d6d266058cfc25683fffb6092d0e572?s=96&d=mm&r=g","0":null,"1":"","2":"","3":"","4":"","5":"","6":"","7":"","8":""}],"_links":{"self":[{"href":"https:\/\/www.gold.fr\/news\/wp-json\/wp\/v2\/posts\/21069","targetHints":{"allow":["GET"]}}],"collection":[{"href":"https:\/\/www.gold.fr\/news\/wp-json\/wp\/v2\/posts"}],"about":[{"href":"https:\/\/www.gold.fr\/news\/wp-json\/wp\/v2\/types\/post"}],"author":[{"embeddable":true,"href":"https:\/\/www.gold.fr\/news\/wp-json\/wp\/v2\/users\/18"}],"replies":[{"embeddable":true,"href":"https:\/\/www.gold.fr\/news\/wp-json\/wp\/v2\/comments?post=21069"}],"version-history":[{"count":0,"href":"https:\/\/www.gold.fr\/news\/wp-json\/wp\/v2\/posts\/21069\/revisions"}],"wp:featuredmedia":[{"embeddable":true,"href":"https:\/\/www.gold.fr\/news\/wp-json\/wp\/v2\/media\/15669"}],"wp:attachment":[{"href":"https:\/\/www.gold.fr\/news\/wp-json\/wp\/v2\/media?parent=21069"}],"wp:term":[{"taxonomy":"category","embeddable":true,"href":"https:\/\/www.gold.fr\/news\/wp-json\/wp\/v2\/categories?post=21069"},{"taxonomy":"post_tag","embeddable":true,"href":"https:\/\/www.gold.fr\/news\/wp-json\/wp\/v2\/tags?post=21069"},{"taxonomy":"author","embeddable":true,"href":"https:\/\/www.gold.fr\/news\/wp-json\/wp\/v2\/ppma_author?post=21069"}],"curies":[{"name":"wp","href":"https:\/\/api.w.org\/{rel}","templated":true}]}}