{"id":20825,"date":"2017-02-24T13:00:49","date_gmt":"2017-02-24T12:00:49","guid":{"rendered":"https:\/\/www.gold.fr\/news\/?p=20825"},"modified":"2021-01-13T11:54:31","modified_gmt":"2021-01-13T10:54:31","slug":"lonce-termine-la-semaine-dans-le-vert","status":"publish","type":"post","link":"https:\/\/www.gold.fr\/news\/2017\/02\/24\/lonce-termine-la-semaine-dans-le-vert\/","title":{"rendered":"L\u2019once termine la semaine dans le vert"},"content":{"rendered":"<p><img loading=\"lazy\" decoding=\"async\" class=\"alignleft wp-image-20660 size-thumbnail\" title=\"L\u2019once termine la semaine dans le vert\" src=\"https:\/\/www.gold.fr\/news\/wp-content\/uploads\/2016\/12\/Capture-d\u2019e\u0301cran-2017-01-11-a\u0300-11.06.17-150x150.png\" alt=\"L\u2019once termine la semaine dans le vert\" width=\"150\" height=\"150\" \/>Une l\u00e9g\u00e8re baisse est attendue au niveau de la Bourse de Paris en cette fin de semaine. Apr\u00e8s l&rsquo;\u00e9chec sous les <strong>4900 points<\/strong> d&rsquo;hier, la s\u00e9ance d&rsquo;aujourd&rsquo;hui sera marqu\u00e9e par la publication de nouveaux r\u00e9sultats d&rsquo;entreprises. Ainsi, le <strong>CAC 40<\/strong> (livraison mars) connait un l\u00e9ger repli de <strong>4,5 points<\/strong> et affiche une mesure de <strong>4886 points<\/strong>, inaugurant ainsi la s\u00e9ance dans le rouge.    Avec ce recul, le march\u00e9 parisien a subi un quatri\u00e8me \u00e9chec cons\u00e9cutif apr\u00e8s une semaine d&rsquo;oscillations entre <strong>4865 et 4925 points<\/strong>, soit moins de <strong>1,5 %<\/strong> de volatilit\u00e9. Si le <strong>CAC 40<\/strong> n&rsquo;arrive toujours pas \u00e0 d\u00e9coller, <strong>Wall Street<\/strong> ne cesse d&rsquo;aligner les records.    Le <strong>Dow Jones<\/strong> r\u00e9alise son dixi\u00e8me record cons\u00e9cutif ; une s\u00e9rie sans pr\u00e9c\u00e9dent dans l&rsquo;historique de l&rsquo;indice am\u00e9ricain. Par ailleurs, c&rsquo;est aujourd&rsquo;hui que les investisseurs prendront connaissance de nombreuses publications d&rsquo;entreprises en plus du taux de confiance des consommateurs du Michigan et des mesures des ventes de logements neufs.    Dans ce contexte, le cours du m\u00e9tal pr\u00e9cieux reprend sa tendance haussi\u00e8re et affiche en ce <strong>vendredi 24 f\u00e9vrier 2017<\/strong> un <a href=\"http:\/\/www.gold.fr\/cours-or-prix-de-l-or\/\" target=\"_blank\" rel=\"noopener noreferrer\">cours<\/a> de <strong>1 250.00 dollars<\/strong> <a href=\"http:\/\/www.gold.fr\/once-or-nyc\/\" target=\"_blank\" rel=\"noopener noreferrer\">l\u2019once<\/a>.<\/p>\n<!-- AddThis Advanced Settings generic via filter on the_content --><!-- AddThis Share Buttons generic via filter on the_content -->","protected":false},"excerpt":{"rendered":"<p>Une l\u00e9g\u00e8re baisse est attendue au niveau de la Bourse de Paris en cette fin de semaine. Apr\u00e8s l&rsquo;\u00e9chec sous les 4900 points d&rsquo;hier, la s\u00e9ance d&rsquo;aujourd&rsquo;hui sera marqu\u00e9e par la publication de nouveaux r\u00e9sultats d&rsquo;entreprises. [&hellip;]<\/p>\n","protected":false},"author":18,"featured_media":20660,"comment_status":"closed","ping_status":"closed","sticky":false,"template":"","format":"standard","meta":{"_mbp_gutenberg_autopost":false,"_pgmb_is_evergreen":false,"_pgmb_ap_template_id":0,"footnotes":""},"categories":[5],"tags":[766],"ppma_author":[2565],"class_list":["post-20825","post","type-post","status-publish","format-standard","has-post-thumbnail","hentry","category-flash-infos","tag-baisse-cours-de-lor"],"yoast_head":"<!-- This site is optimized with the Yoast SEO plugin v27.5 - https:\/\/yoast.com\/product\/yoast-seo-wordpress\/ -->\n<title>L\u2019once termine la semaine dans le vert - Gold.fr<\/title>\n<meta name=\"robots\" content=\"index, follow, max-snippet:-1, max-image-preview:large, max-video-preview:-1\" \/>\n<link rel=\"canonical\" href=\"https:\/\/www.gold.fr\/news\/2017\/02\/24\/lonce-termine-la-semaine-dans-le-vert\/\" \/>\n<meta property=\"og:locale\" content=\"fr_FR\" \/>\n<meta property=\"og:type\" content=\"article\" \/>\n<meta property=\"og:title\" content=\"L\u2019once termine la semaine dans le vert - Gold.fr\" \/>\n<meta property=\"og:description\" content=\"Une l\u00e9g\u00e8re baisse est attendue au niveau de la Bourse de Paris en cette fin de semaine. Apr\u00e8s l&rsquo;\u00e9chec sous les 4900 points d&rsquo;hier, la s\u00e9ance d&rsquo;aujourd&rsquo;hui sera marqu\u00e9e par la publication de nouveaux r\u00e9sultats d&rsquo;entreprises. [&hellip;]\" \/>\n<meta property=\"og:url\" content=\"https:\/\/www.gold.fr\/news\/2017\/02\/24\/lonce-termine-la-semaine-dans-le-vert\/\" \/>\n<meta property=\"og:site_name\" content=\"Gold.fr\" \/>\n<meta property=\"article:publisher\" content=\"https:\/\/www.facebook.com\/Goldfr\/\" \/>\n<meta property=\"article:published_time\" content=\"2017-02-24T12:00:49+00:00\" \/>\n<meta property=\"article:modified_time\" content=\"2021-01-13T10:54:31+00:00\" \/>\n<meta property=\"og:image\" content=\"https:\/\/www.gold.fr\/news\/wp-content\/uploads\/2016\/12\/Capture-d\u2019e\u0301cran-2017-01-11-a\u0300-11.06.17.png\" \/>\n\t<meta property=\"og:image:width\" content=\"701\" \/>\n\t<meta property=\"og:image:height\" content=\"517\" \/>\n\t<meta property=\"og:image:type\" content=\"image\/png\" \/>\n<meta name=\"author\" content=\"Comptoir National de l&#039;Or\" \/>\n<meta name=\"twitter:card\" content=\"summary_large_image\" \/>\n<meta name=\"twitter:label1\" content=\"\u00c9crit par\" \/>\n\t<meta name=\"twitter:data1\" content=\"Comptoir National de l&#039;Or\" \/>\n\t<meta name=\"twitter:label2\" content=\"Dur\u00e9e de lecture estim\u00e9e\" \/>\n\t<meta name=\"twitter:data2\" content=\"1 minute\" \/>\n<script type=\"application\/ld+json\" class=\"yoast-schema-graph\">{\"@context\":\"https:\\\/\\\/schema.org\",\"@graph\":[{\"@type\":\"Article\",\"@id\":\"https:\\\/\\\/www.gold.fr\\\/news\\\/2017\\\/02\\\/24\\\/lonce-termine-la-semaine-dans-le-vert\\\/#article\",\"isPartOf\":{\"@id\":\"https:\\\/\\\/www.gold.fr\\\/news\\\/2017\\\/02\\\/24\\\/lonce-termine-la-semaine-dans-le-vert\\\/\"},\"author\":{\"name\":\"Comptoir National de l'Or\",\"@id\":\"https:\\\/\\\/www.gold.fr\\\/news\\\/#\\\/schema\\\/person\\\/070491b4b4fb7671bf59b3be20302ce9\"},\"headline\":\"L\u2019once termine la semaine dans le vert\",\"datePublished\":\"2017-02-24T12:00:49+00:00\",\"dateModified\":\"2021-01-13T10:54:31+00:00\",\"mainEntityOfPage\":{\"@id\":\"https:\\\/\\\/www.gold.fr\\\/news\\\/2017\\\/02\\\/24\\\/lonce-termine-la-semaine-dans-le-vert\\\/\"},\"wordCount\":213,\"image\":{\"@id\":\"https:\\\/\\\/www.gold.fr\\\/news\\\/2017\\\/02\\\/24\\\/lonce-termine-la-semaine-dans-le-vert\\\/#primaryimage\"},\"thumbnailUrl\":\"https:\\\/\\\/www.gold.fr\\\/news\\\/wp-content\\\/uploads\\\/2016\\\/12\\\/Capture-d\u2019e\u0301cran-2017-01-11-a\u0300-11.06.17.png\",\"keywords\":[\"baisse cours de l'Or\"],\"articleSection\":[\"Flash infos\"],\"inLanguage\":\"fr-FR\"},{\"@type\":\"WebPage\",\"@id\":\"https:\\\/\\\/www.gold.fr\\\/news\\\/2017\\\/02\\\/24\\\/lonce-termine-la-semaine-dans-le-vert\\\/\",\"url\":\"https:\\\/\\\/www.gold.fr\\\/news\\\/2017\\\/02\\\/24\\\/lonce-termine-la-semaine-dans-le-vert\\\/\",\"name\":\"L\u2019once termine la semaine dans le vert - Gold.fr\",\"isPartOf\":{\"@id\":\"https:\\\/\\\/www.gold.fr\\\/news\\\/#website\"},\"primaryImageOfPage\":{\"@id\":\"https:\\\/\\\/www.gold.fr\\\/news\\\/2017\\\/02\\\/24\\\/lonce-termine-la-semaine-dans-le-vert\\\/#primaryimage\"},\"image\":{\"@id\":\"https:\\\/\\\/www.gold.fr\\\/news\\\/2017\\\/02\\\/24\\\/lonce-termine-la-semaine-dans-le-vert\\\/#primaryimage\"},\"thumbnailUrl\":\"https:\\\/\\\/www.gold.fr\\\/news\\\/wp-content\\\/uploads\\\/2016\\\/12\\\/Capture-d\u2019e\u0301cran-2017-01-11-a\u0300-11.06.17.png\",\"datePublished\":\"2017-02-24T12:00:49+00:00\",\"dateModified\":\"2021-01-13T10:54:31+00:00\",\"author\":{\"@id\":\"https:\\\/\\\/www.gold.fr\\\/news\\\/#\\\/schema\\\/person\\\/070491b4b4fb7671bf59b3be20302ce9\"},\"breadcrumb\":{\"@id\":\"https:\\\/\\\/www.gold.fr\\\/news\\\/2017\\\/02\\\/24\\\/lonce-termine-la-semaine-dans-le-vert\\\/#breadcrumb\"},\"inLanguage\":\"fr-FR\",\"potentialAction\":[{\"@type\":\"ReadAction\",\"target\":[\"https:\\\/\\\/www.gold.fr\\\/news\\\/2017\\\/02\\\/24\\\/lonce-termine-la-semaine-dans-le-vert\\\/\"]}]},{\"@type\":\"ImageObject\",\"inLanguage\":\"fr-FR\",\"@id\":\"https:\\\/\\\/www.gold.fr\\\/news\\\/2017\\\/02\\\/24\\\/lonce-termine-la-semaine-dans-le-vert\\\/#primaryimage\",\"url\":\"https:\\\/\\\/www.gold.fr\\\/news\\\/wp-content\\\/uploads\\\/2016\\\/12\\\/Capture-d\u2019e\u0301cran-2017-01-11-a\u0300-11.06.17.png\",\"contentUrl\":\"https:\\\/\\\/www.gold.fr\\\/news\\\/wp-content\\\/uploads\\\/2016\\\/12\\\/Capture-d\u2019e\u0301cran-2017-01-11-a\u0300-11.06.17.png\",\"width\":701,\"height\":517,\"caption\":\"L\u2019once termine la semaine dans le vert\"},{\"@type\":\"BreadcrumbList\",\"@id\":\"https:\\\/\\\/www.gold.fr\\\/news\\\/2017\\\/02\\\/24\\\/lonce-termine-la-semaine-dans-le-vert\\\/#breadcrumb\",\"itemListElement\":[{\"@type\":\"ListItem\",\"position\":1,\"name\":\"Accueil\",\"item\":\"https:\\\/\\\/www.gold.fr\\\/\"},{\"@type\":\"ListItem\",\"position\":2,\"name\":\"Actualit\u00e9s\",\"item\":\"https:\\\/\\\/www.gold.fr\\\/news\\\/\"},{\"@type\":\"ListItem\",\"position\":3,\"name\":\"L\u2019once termine la semaine dans le vert\"}]},{\"@type\":\"WebSite\",\"@id\":\"https:\\\/\\\/www.gold.fr\\\/news\\\/#website\",\"url\":\"https:\\\/\\\/www.gold.fr\\\/news\\\/\",\"name\":\"Gold.fr\",\"description\":\"Actualit\u00e9s de l&#039;Or et des m\u00e9taux pr\u00e9cieux\",\"potentialAction\":[{\"@type\":\"SearchAction\",\"target\":{\"@type\":\"EntryPoint\",\"urlTemplate\":\"https:\\\/\\\/www.gold.fr\\\/news\\\/?s={search_term_string}\"},\"query-input\":{\"@type\":\"PropertyValueSpecification\",\"valueRequired\":true,\"valueName\":\"search_term_string\"}}],\"inLanguage\":\"fr-FR\"},{\"@type\":\"Person\",\"@id\":\"https:\\\/\\\/www.gold.fr\\\/news\\\/#\\\/schema\\\/person\\\/070491b4b4fb7671bf59b3be20302ce9\",\"name\":\"Comptoir National de l'Or\",\"image\":{\"@type\":\"ImageObject\",\"inLanguage\":\"fr-FR\",\"@id\":\"https:\\\/\\\/secure.gravatar.com\\\/avatar\\\/0a2867fd5abe37bed95d5a65e9d58f01756e11efc68af9888dfc50cfa7f65948?s=96&d=mm&r=gb490554db0a38188709de567aa58480d\",\"url\":\"https:\\\/\\\/secure.gravatar.com\\\/avatar\\\/0a2867fd5abe37bed95d5a65e9d58f01756e11efc68af9888dfc50cfa7f65948?s=96&d=mm&r=g\",\"contentUrl\":\"https:\\\/\\\/secure.gravatar.com\\\/avatar\\\/0a2867fd5abe37bed95d5a65e9d58f01756e11efc68af9888dfc50cfa7f65948?s=96&d=mm&r=g\",\"caption\":\"Comptoir National de l'Or\"},\"description\":\"Notre r\u00e9daction est constitu\u00e9e de membres experts dans les m\u00e9tiers de l'\u00e9conomie et la gestion, des Responsables d'agence Comptoir National de l'Or, des analystes financiers qui publient r\u00e9guli\u00e8rement des \u00e9tudes sur les politiques des banques centrales, le cours de l'or, prix de l'or, cours de l'argent, prix de l'argent, cours du platine, cours du palladium,... la situation en zone euro et l'impact de la strat\u00e9gie mon\u00e9taire de la FED. Notre \u00e9quipe scrute \u00e9galement une information plus g\u00e9n\u00e9raliste \u00e0 la recherche d'actualit\u00e9 \\\"p\u00e9pite\\\" \u00e0 vous partager. Depuis 5 ans, nous avons publi\u00e9 un peu plus de 4000 articles qui s'adressent \u00e0 un public large et vari\u00e9 ayant pour objectif de satisfaire votre curiosit\u00e9 et de partager avec vous une certaine fascination pour le m\u00e9tal jaune, le rachat d'or, et pour ceux qui veulent investir dans l'or, vendre leur or tout simplement en savoir plus... Pour tous vos achat or et argent, n'h\u00e9sitez pas \u00e0 prendre rendez-vous dans l'un de nos nombreux comptoirs.\",\"sameAs\":[\"https:\\\/\\\/www.gold.fr\"]}]}<\/script>\n<!-- \/ Yoast SEO plugin. -->","yoast_head_json":{"title":"L\u2019once termine la semaine dans le vert - Gold.fr","robots":{"index":"index","follow":"follow","max-snippet":"max-snippet:-1","max-image-preview":"max-image-preview:large","max-video-preview":"max-video-preview:-1"},"canonical":"https:\/\/www.gold.fr\/news\/2017\/02\/24\/lonce-termine-la-semaine-dans-le-vert\/","og_locale":"fr_FR","og_type":"article","og_title":"L\u2019once termine la semaine dans le vert - Gold.fr","og_description":"Une l\u00e9g\u00e8re baisse est attendue au niveau de la Bourse de Paris en cette fin de semaine. Apr\u00e8s l&rsquo;\u00e9chec sous les 4900 points d&rsquo;hier, la s\u00e9ance d&rsquo;aujourd&rsquo;hui sera marqu\u00e9e par la publication de nouveaux r\u00e9sultats d&rsquo;entreprises. [&hellip;]","og_url":"https:\/\/www.gold.fr\/news\/2017\/02\/24\/lonce-termine-la-semaine-dans-le-vert\/","og_site_name":"Gold.fr","article_publisher":"https:\/\/www.facebook.com\/Goldfr\/","article_published_time":"2017-02-24T12:00:49+00:00","article_modified_time":"2021-01-13T10:54:31+00:00","og_image":[{"width":701,"height":517,"url":"https:\/\/www.gold.fr\/news\/wp-content\/uploads\/2016\/12\/Capture-d\u2019e\u0301cran-2017-01-11-a\u0300-11.06.17.png","type":"image\/png"}],"author":"Comptoir National de l'Or","twitter_card":"summary_large_image","twitter_misc":{"\u00c9crit par":"Comptoir National de l'Or","Dur\u00e9e de lecture estim\u00e9e":"1 minute"},"schema":{"@context":"https:\/\/schema.org","@graph":[{"@type":"Article","@id":"https:\/\/www.gold.fr\/news\/2017\/02\/24\/lonce-termine-la-semaine-dans-le-vert\/#article","isPartOf":{"@id":"https:\/\/www.gold.fr\/news\/2017\/02\/24\/lonce-termine-la-semaine-dans-le-vert\/"},"author":{"name":"Comptoir National de l'Or","@id":"https:\/\/www.gold.fr\/news\/#\/schema\/person\/070491b4b4fb7671bf59b3be20302ce9"},"headline":"L\u2019once termine la semaine dans le vert","datePublished":"2017-02-24T12:00:49+00:00","dateModified":"2021-01-13T10:54:31+00:00","mainEntityOfPage":{"@id":"https:\/\/www.gold.fr\/news\/2017\/02\/24\/lonce-termine-la-semaine-dans-le-vert\/"},"wordCount":213,"image":{"@id":"https:\/\/www.gold.fr\/news\/2017\/02\/24\/lonce-termine-la-semaine-dans-le-vert\/#primaryimage"},"thumbnailUrl":"https:\/\/www.gold.fr\/news\/wp-content\/uploads\/2016\/12\/Capture-d\u2019e\u0301cran-2017-01-11-a\u0300-11.06.17.png","keywords":["baisse cours de l'Or"],"articleSection":["Flash infos"],"inLanguage":"fr-FR"},{"@type":"WebPage","@id":"https:\/\/www.gold.fr\/news\/2017\/02\/24\/lonce-termine-la-semaine-dans-le-vert\/","url":"https:\/\/www.gold.fr\/news\/2017\/02\/24\/lonce-termine-la-semaine-dans-le-vert\/","name":"L\u2019once termine la semaine dans le vert - Gold.fr","isPartOf":{"@id":"https:\/\/www.gold.fr\/news\/#website"},"primaryImageOfPage":{"@id":"https:\/\/www.gold.fr\/news\/2017\/02\/24\/lonce-termine-la-semaine-dans-le-vert\/#primaryimage"},"image":{"@id":"https:\/\/www.gold.fr\/news\/2017\/02\/24\/lonce-termine-la-semaine-dans-le-vert\/#primaryimage"},"thumbnailUrl":"https:\/\/www.gold.fr\/news\/wp-content\/uploads\/2016\/12\/Capture-d\u2019e\u0301cran-2017-01-11-a\u0300-11.06.17.png","datePublished":"2017-02-24T12:00:49+00:00","dateModified":"2021-01-13T10:54:31+00:00","author":{"@id":"https:\/\/www.gold.fr\/news\/#\/schema\/person\/070491b4b4fb7671bf59b3be20302ce9"},"breadcrumb":{"@id":"https:\/\/www.gold.fr\/news\/2017\/02\/24\/lonce-termine-la-semaine-dans-le-vert\/#breadcrumb"},"inLanguage":"fr-FR","potentialAction":[{"@type":"ReadAction","target":["https:\/\/www.gold.fr\/news\/2017\/02\/24\/lonce-termine-la-semaine-dans-le-vert\/"]}]},{"@type":"ImageObject","inLanguage":"fr-FR","@id":"https:\/\/www.gold.fr\/news\/2017\/02\/24\/lonce-termine-la-semaine-dans-le-vert\/#primaryimage","url":"https:\/\/www.gold.fr\/news\/wp-content\/uploads\/2016\/12\/Capture-d\u2019e\u0301cran-2017-01-11-a\u0300-11.06.17.png","contentUrl":"https:\/\/www.gold.fr\/news\/wp-content\/uploads\/2016\/12\/Capture-d\u2019e\u0301cran-2017-01-11-a\u0300-11.06.17.png","width":701,"height":517,"caption":"L\u2019once termine la semaine dans le vert"},{"@type":"BreadcrumbList","@id":"https:\/\/www.gold.fr\/news\/2017\/02\/24\/lonce-termine-la-semaine-dans-le-vert\/#breadcrumb","itemListElement":[{"@type":"ListItem","position":1,"name":"Accueil","item":"https:\/\/www.gold.fr\/"},{"@type":"ListItem","position":2,"name":"Actualit\u00e9s","item":"https:\/\/www.gold.fr\/news\/"},{"@type":"ListItem","position":3,"name":"L\u2019once termine la semaine dans le vert"}]},{"@type":"WebSite","@id":"https:\/\/www.gold.fr\/news\/#website","url":"https:\/\/www.gold.fr\/news\/","name":"Gold.fr","description":"Actualit\u00e9s de l&#039;Or et des m\u00e9taux pr\u00e9cieux","potentialAction":[{"@type":"SearchAction","target":{"@type":"EntryPoint","urlTemplate":"https:\/\/www.gold.fr\/news\/?s={search_term_string}"},"query-input":{"@type":"PropertyValueSpecification","valueRequired":true,"valueName":"search_term_string"}}],"inLanguage":"fr-FR"},{"@type":"Person","@id":"https:\/\/www.gold.fr\/news\/#\/schema\/person\/070491b4b4fb7671bf59b3be20302ce9","name":"Comptoir National de l'Or","image":{"@type":"ImageObject","inLanguage":"fr-FR","@id":"https:\/\/secure.gravatar.com\/avatar\/0a2867fd5abe37bed95d5a65e9d58f01756e11efc68af9888dfc50cfa7f65948?s=96&d=mm&r=gb490554db0a38188709de567aa58480d","url":"https:\/\/secure.gravatar.com\/avatar\/0a2867fd5abe37bed95d5a65e9d58f01756e11efc68af9888dfc50cfa7f65948?s=96&d=mm&r=g","contentUrl":"https:\/\/secure.gravatar.com\/avatar\/0a2867fd5abe37bed95d5a65e9d58f01756e11efc68af9888dfc50cfa7f65948?s=96&d=mm&r=g","caption":"Comptoir National de l'Or"},"description":"Notre r\u00e9daction est constitu\u00e9e de membres experts dans les m\u00e9tiers de l'\u00e9conomie et la gestion, des Responsables d'agence Comptoir National de l'Or, des analystes financiers qui publient r\u00e9guli\u00e8rement des \u00e9tudes sur les politiques des banques centrales, le cours de l'or, prix de l'or, cours de l'argent, prix de l'argent, cours du platine, cours du palladium,... la situation en zone euro et l'impact de la strat\u00e9gie mon\u00e9taire de la FED. Notre \u00e9quipe scrute \u00e9galement une information plus g\u00e9n\u00e9raliste \u00e0 la recherche d'actualit\u00e9 \"p\u00e9pite\" \u00e0 vous partager. Depuis 5 ans, nous avons publi\u00e9 un peu plus de 4000 articles qui s'adressent \u00e0 un public large et vari\u00e9 ayant pour objectif de satisfaire votre curiosit\u00e9 et de partager avec vous une certaine fascination pour le m\u00e9tal jaune, le rachat d'or, et pour ceux qui veulent investir dans l'or, vendre leur or tout simplement en savoir plus... Pour tous vos achat or et argent, n'h\u00e9sitez pas \u00e0 prendre rendez-vous dans l'un de nos nombreux comptoirs.","sameAs":["https:\/\/www.gold.fr"]}]}},"authors":[{"term_id":2565,"user_id":18,"is_guest":0,"slug":"julie","display_name":"Comptoir National de l'Or","avatar_url":"https:\/\/secure.gravatar.com\/avatar\/713f289e398d35ead876c4a4cc08607f0d6d266058cfc25683fffb6092d0e572?s=96&d=mm&r=g","0":null,"1":"","2":"","3":"","4":"","5":"","6":"","7":"","8":""}],"_links":{"self":[{"href":"https:\/\/www.gold.fr\/news\/wp-json\/wp\/v2\/posts\/20825","targetHints":{"allow":["GET"]}}],"collection":[{"href":"https:\/\/www.gold.fr\/news\/wp-json\/wp\/v2\/posts"}],"about":[{"href":"https:\/\/www.gold.fr\/news\/wp-json\/wp\/v2\/types\/post"}],"author":[{"embeddable":true,"href":"https:\/\/www.gold.fr\/news\/wp-json\/wp\/v2\/users\/18"}],"replies":[{"embeddable":true,"href":"https:\/\/www.gold.fr\/news\/wp-json\/wp\/v2\/comments?post=20825"}],"version-history":[{"count":0,"href":"https:\/\/www.gold.fr\/news\/wp-json\/wp\/v2\/posts\/20825\/revisions"}],"wp:featuredmedia":[{"embeddable":true,"href":"https:\/\/www.gold.fr\/news\/wp-json\/wp\/v2\/media\/20660"}],"wp:attachment":[{"href":"https:\/\/www.gold.fr\/news\/wp-json\/wp\/v2\/media?parent=20825"}],"wp:term":[{"taxonomy":"category","embeddable":true,"href":"https:\/\/www.gold.fr\/news\/wp-json\/wp\/v2\/categories?post=20825"},{"taxonomy":"post_tag","embeddable":true,"href":"https:\/\/www.gold.fr\/news\/wp-json\/wp\/v2\/tags?post=20825"},{"taxonomy":"author","embeddable":true,"href":"https:\/\/www.gold.fr\/news\/wp-json\/wp\/v2\/ppma_author?post=20825"}],"curies":[{"name":"wp","href":"https:\/\/api.w.org\/{rel}","templated":true}]}}