{"id":20781,"date":"2017-02-13T13:00:29","date_gmt":"2017-02-13T12:00:29","guid":{"rendered":"https:\/\/www.gold.fr\/news\/?p=20781"},"modified":"2021-01-11T17:25:25","modified_gmt":"2021-01-11T16:25:25","slug":"un-debut-de-semaine-en-equilibre-pour-lonce-dor","status":"publish","type":"post","link":"https:\/\/www.gold.fr\/news\/2017\/02\/13\/un-debut-de-semaine-en-equilibre-pour-lonce-dor\/","title":{"rendered":"Un d\u00e9but de semaine en \u00e9quilibre pour l\u2019once d\u2019ors"},"content":{"rendered":"<p><img loading=\"lazy\" decoding=\"async\" class=\"alignleft wp-image-5490 size-thumbnail\" title=\"Un d\u00e9but de semaine en \u00e9quilibre pour l\u2019once d\u2019or\" src=\"https:\/\/www.gold.fr\/news\/wp-content\/uploads\/2012\/02\/cours-de-lor1-e1366276904990-150x150.jpg\" alt=\"Un d\u00e9but de semaine en \u00e9quilibre pour l\u2019once d\u2019or\" width=\"150\" height=\"150\" \/>Une l\u00e9g\u00e8re hausse a \u00e9t\u00e9 constat\u00e9e, ce matin, au niveau de la Bourse de Paris. Apr\u00e8s une semaine plac\u00e9e sous le signe de la stagnation, le march\u00e9 parisien affiche une hausse de <strong>0,1 %<\/strong> par rapport aux r\u00e9sultats enregistr\u00e9s vendredi dernier. Ainsi, le <strong>CAC 40<\/strong> \u2013 livraison fin f\u00e9vrier &#8211; a progress\u00e9 de 9,5 points et affiche une mesure de 4837 points inaugurant ainsi la s\u00e9ance avec une \u00e9volution mod\u00e9r\u00e9e.    La situation est un peu moins favorable du c\u00f4t\u00e9 de <strong>Wall Street<\/strong>. Le march\u00e9 am\u00e9ricain, loin de conna\u00eetre la m\u00eame progression que la Bourse de Paris, continue \u00e0 perdre du terrain depuis deux semaines. Malgr\u00e9 cette lente d\u00e9rive, les trois principaux indices am\u00e9ricains ont inscrit des records absolus aussi bien en s\u00e9ance qu&rsquo;en cl\u00f4ture.    Ainsi, le <strong>Dow Jones<\/strong> a pris <strong>0,5 %<\/strong> et atteint un niveau de 20.270. Le Nasdaq quant \u00e0 lui, enregistre une progression de <strong>0,3 %<\/strong>. L&rsquo;indice de volatilit\u00e9 \u00ab <em>VIX<\/em> \u00bb affiche de son c\u00f4t\u00e9 un niveau de 10,5 points.    Dans ce contexte, le m\u00e9tal pr\u00e9cieux reste en \u00e9quilibre et affiche en ce <strong>lundi 13 f\u00e9vrier 2017<\/strong> un <a href=\"http:\/\/www.gold.fr\/cours-or-prix-de-l-or\/\" target=\"_blank\" rel=\"noopener noreferrer\">cours<\/a> de <strong>1 239.40 dollars<\/strong> <a href=\"http:\/\/www.gold.fr\/once-or-nyc\/\" target=\"_blank\" rel=\"noopener noreferrer\">l\u2019once<\/a>.<\/p>\n<!-- AddThis Advanced Settings generic via filter on the_content --><!-- AddThis Share Buttons generic via filter on the_content -->","protected":false},"excerpt":{"rendered":"<p>Une l\u00e9g\u00e8re hausse a \u00e9t\u00e9 constat\u00e9e, ce matin, au niveau de la Bourse de Paris. Apr\u00e8s une semaine plac\u00e9e sous le signe de la stagnation, le march\u00e9 parisien affiche une hausse de 0,1 % par rapport [&hellip;]<\/p>\n","protected":false},"author":18,"featured_media":5490,"comment_status":"closed","ping_status":"closed","sticky":false,"template":"","format":"standard","meta":{"_mbp_gutenberg_autopost":false,"_pgmb_is_evergreen":false,"_pgmb_ap_template_id":0,"footnotes":""},"categories":[5],"tags":[351],"ppma_author":[2565],"class_list":["post-20781","post","type-post","status-publish","format-standard","has-post-thumbnail","hentry","category-flash-infos","tag-stabilisation-du-cours-de-lor"],"yoast_head":"<!-- This site is optimized with the Yoast SEO plugin v27.5 - https:\/\/yoast.com\/product\/yoast-seo-wordpress\/ -->\n<title>Un d\u00e9but de semaine en \u00e9quilibre pour l\u2019once d\u2019ors - Gold.fr<\/title>\n<meta name=\"robots\" content=\"index, follow, max-snippet:-1, max-image-preview:large, max-video-preview:-1\" \/>\n<link rel=\"canonical\" href=\"https:\/\/www.gold.fr\/news\/2017\/02\/13\/un-debut-de-semaine-en-equilibre-pour-lonce-dor\/\" \/>\n<meta property=\"og:locale\" content=\"fr_FR\" \/>\n<meta property=\"og:type\" content=\"article\" \/>\n<meta property=\"og:title\" content=\"Un d\u00e9but de semaine en \u00e9quilibre pour l\u2019once d\u2019ors - Gold.fr\" \/>\n<meta property=\"og:description\" content=\"Une l\u00e9g\u00e8re hausse a \u00e9t\u00e9 constat\u00e9e, ce matin, au niveau de la Bourse de Paris. Apr\u00e8s une semaine plac\u00e9e sous le signe de la stagnation, le march\u00e9 parisien affiche une hausse de 0,1 % par rapport [&hellip;]\" \/>\n<meta property=\"og:url\" content=\"https:\/\/www.gold.fr\/news\/2017\/02\/13\/un-debut-de-semaine-en-equilibre-pour-lonce-dor\/\" \/>\n<meta property=\"og:site_name\" content=\"Gold.fr\" \/>\n<meta property=\"article:publisher\" content=\"https:\/\/www.facebook.com\/Goldfr\/\" \/>\n<meta property=\"article:published_time\" content=\"2017-02-13T12:00:29+00:00\" \/>\n<meta property=\"article:modified_time\" content=\"2021-01-11T16:25:25+00:00\" \/>\n<meta property=\"og:image\" content=\"https:\/\/www.gold.fr\/news\/wp-content\/uploads\/2012\/02\/cours-de-lor1-e1366276904990.jpg\" \/>\n\t<meta property=\"og:image:width\" content=\"598\" \/>\n\t<meta property=\"og:image:height\" content=\"399\" \/>\n\t<meta property=\"og:image:type\" content=\"image\/jpeg\" \/>\n<meta name=\"author\" content=\"Comptoir National de l&#039;Or\" \/>\n<meta name=\"twitter:card\" content=\"summary_large_image\" \/>\n<meta name=\"twitter:label1\" content=\"\u00c9crit par\" \/>\n\t<meta name=\"twitter:data1\" content=\"Comptoir National de l&#039;Or\" \/>\n\t<meta name=\"twitter:label2\" content=\"Dur\u00e9e de lecture estim\u00e9e\" \/>\n\t<meta name=\"twitter:data2\" content=\"1 minute\" \/>\n<script type=\"application\/ld+json\" class=\"yoast-schema-graph\">{\"@context\":\"https:\\\/\\\/schema.org\",\"@graph\":[{\"@type\":\"Article\",\"@id\":\"https:\\\/\\\/www.gold.fr\\\/news\\\/2017\\\/02\\\/13\\\/un-debut-de-semaine-en-equilibre-pour-lonce-dor\\\/#article\",\"isPartOf\":{\"@id\":\"https:\\\/\\\/www.gold.fr\\\/news\\\/2017\\\/02\\\/13\\\/un-debut-de-semaine-en-equilibre-pour-lonce-dor\\\/\"},\"author\":{\"name\":\"Comptoir National de l'Or\",\"@id\":\"https:\\\/\\\/www.gold.fr\\\/news\\\/#\\\/schema\\\/person\\\/070491b4b4fb7671bf59b3be20302ce9\"},\"headline\":\"Un d\u00e9but de semaine en \u00e9quilibre pour l\u2019once d\u2019ors\",\"datePublished\":\"2017-02-13T12:00:29+00:00\",\"dateModified\":\"2021-01-11T16:25:25+00:00\",\"mainEntityOfPage\":{\"@id\":\"https:\\\/\\\/www.gold.fr\\\/news\\\/2017\\\/02\\\/13\\\/un-debut-de-semaine-en-equilibre-pour-lonce-dor\\\/\"},\"wordCount\":206,\"image\":{\"@id\":\"https:\\\/\\\/www.gold.fr\\\/news\\\/2017\\\/02\\\/13\\\/un-debut-de-semaine-en-equilibre-pour-lonce-dor\\\/#primaryimage\"},\"thumbnailUrl\":\"https:\\\/\\\/www.gold.fr\\\/news\\\/wp-content\\\/uploads\\\/2012\\\/02\\\/cours-de-lor1-e1366276904990.jpg\",\"keywords\":[\"stabilisation du cours de l'or\"],\"articleSection\":[\"Flash infos\"],\"inLanguage\":\"fr-FR\"},{\"@type\":\"WebPage\",\"@id\":\"https:\\\/\\\/www.gold.fr\\\/news\\\/2017\\\/02\\\/13\\\/un-debut-de-semaine-en-equilibre-pour-lonce-dor\\\/\",\"url\":\"https:\\\/\\\/www.gold.fr\\\/news\\\/2017\\\/02\\\/13\\\/un-debut-de-semaine-en-equilibre-pour-lonce-dor\\\/\",\"name\":\"Un d\u00e9but de semaine en \u00e9quilibre pour l\u2019once d\u2019ors - Gold.fr\",\"isPartOf\":{\"@id\":\"https:\\\/\\\/www.gold.fr\\\/news\\\/#website\"},\"primaryImageOfPage\":{\"@id\":\"https:\\\/\\\/www.gold.fr\\\/news\\\/2017\\\/02\\\/13\\\/un-debut-de-semaine-en-equilibre-pour-lonce-dor\\\/#primaryimage\"},\"image\":{\"@id\":\"https:\\\/\\\/www.gold.fr\\\/news\\\/2017\\\/02\\\/13\\\/un-debut-de-semaine-en-equilibre-pour-lonce-dor\\\/#primaryimage\"},\"thumbnailUrl\":\"https:\\\/\\\/www.gold.fr\\\/news\\\/wp-content\\\/uploads\\\/2012\\\/02\\\/cours-de-lor1-e1366276904990.jpg\",\"datePublished\":\"2017-02-13T12:00:29+00:00\",\"dateModified\":\"2021-01-11T16:25:25+00:00\",\"author\":{\"@id\":\"https:\\\/\\\/www.gold.fr\\\/news\\\/#\\\/schema\\\/person\\\/070491b4b4fb7671bf59b3be20302ce9\"},\"breadcrumb\":{\"@id\":\"https:\\\/\\\/www.gold.fr\\\/news\\\/2017\\\/02\\\/13\\\/un-debut-de-semaine-en-equilibre-pour-lonce-dor\\\/#breadcrumb\"},\"inLanguage\":\"fr-FR\",\"potentialAction\":[{\"@type\":\"ReadAction\",\"target\":[\"https:\\\/\\\/www.gold.fr\\\/news\\\/2017\\\/02\\\/13\\\/un-debut-de-semaine-en-equilibre-pour-lonce-dor\\\/\"]}]},{\"@type\":\"ImageObject\",\"inLanguage\":\"fr-FR\",\"@id\":\"https:\\\/\\\/www.gold.fr\\\/news\\\/2017\\\/02\\\/13\\\/un-debut-de-semaine-en-equilibre-pour-lonce-dor\\\/#primaryimage\",\"url\":\"https:\\\/\\\/www.gold.fr\\\/news\\\/wp-content\\\/uploads\\\/2012\\\/02\\\/cours-de-lor1-e1366276904990.jpg\",\"contentUrl\":\"https:\\\/\\\/www.gold.fr\\\/news\\\/wp-content\\\/uploads\\\/2012\\\/02\\\/cours-de-lor1-e1366276904990.jpg\",\"width\":\"598\",\"height\":\"399\",\"caption\":\"Equilibre au niveau du cours de l\u2019once\"},{\"@type\":\"BreadcrumbList\",\"@id\":\"https:\\\/\\\/www.gold.fr\\\/news\\\/2017\\\/02\\\/13\\\/un-debut-de-semaine-en-equilibre-pour-lonce-dor\\\/#breadcrumb\",\"itemListElement\":[{\"@type\":\"ListItem\",\"position\":1,\"name\":\"Accueil\",\"item\":\"https:\\\/\\\/www.gold.fr\\\/\"},{\"@type\":\"ListItem\",\"position\":2,\"name\":\"Actualit\u00e9s\",\"item\":\"https:\\\/\\\/www.gold.fr\\\/news\\\/\"},{\"@type\":\"ListItem\",\"position\":3,\"name\":\"Un d\u00e9but de semaine en \u00e9quilibre pour l\u2019once d\u2019ors\"}]},{\"@type\":\"WebSite\",\"@id\":\"https:\\\/\\\/www.gold.fr\\\/news\\\/#website\",\"url\":\"https:\\\/\\\/www.gold.fr\\\/news\\\/\",\"name\":\"Gold.fr\",\"description\":\"Actualit\u00e9s de l&#039;Or et des m\u00e9taux pr\u00e9cieux\",\"potentialAction\":[{\"@type\":\"SearchAction\",\"target\":{\"@type\":\"EntryPoint\",\"urlTemplate\":\"https:\\\/\\\/www.gold.fr\\\/news\\\/?s={search_term_string}\"},\"query-input\":{\"@type\":\"PropertyValueSpecification\",\"valueRequired\":true,\"valueName\":\"search_term_string\"}}],\"inLanguage\":\"fr-FR\"},{\"@type\":\"Person\",\"@id\":\"https:\\\/\\\/www.gold.fr\\\/news\\\/#\\\/schema\\\/person\\\/070491b4b4fb7671bf59b3be20302ce9\",\"name\":\"Comptoir National de l'Or\",\"image\":{\"@type\":\"ImageObject\",\"inLanguage\":\"fr-FR\",\"@id\":\"https:\\\/\\\/secure.gravatar.com\\\/avatar\\\/0a2867fd5abe37bed95d5a65e9d58f01756e11efc68af9888dfc50cfa7f65948?s=96&d=mm&r=gb490554db0a38188709de567aa58480d\",\"url\":\"https:\\\/\\\/secure.gravatar.com\\\/avatar\\\/0a2867fd5abe37bed95d5a65e9d58f01756e11efc68af9888dfc50cfa7f65948?s=96&d=mm&r=g\",\"contentUrl\":\"https:\\\/\\\/secure.gravatar.com\\\/avatar\\\/0a2867fd5abe37bed95d5a65e9d58f01756e11efc68af9888dfc50cfa7f65948?s=96&d=mm&r=g\",\"caption\":\"Comptoir National de l'Or\"},\"description\":\"Notre r\u00e9daction est constitu\u00e9e de membres experts dans les m\u00e9tiers de l'\u00e9conomie et la gestion, des Responsables d'agence Comptoir National de l'Or, des analystes financiers qui publient r\u00e9guli\u00e8rement des \u00e9tudes sur les politiques des banques centrales, le cours de l'or, prix de l'or, cours de l'argent, prix de l'argent, cours du platine, cours du palladium,... la situation en zone euro et l'impact de la strat\u00e9gie mon\u00e9taire de la FED. Notre \u00e9quipe scrute \u00e9galement une information plus g\u00e9n\u00e9raliste \u00e0 la recherche d'actualit\u00e9 \\\"p\u00e9pite\\\" \u00e0 vous partager. Depuis 5 ans, nous avons publi\u00e9 un peu plus de 4000 articles qui s'adressent \u00e0 un public large et vari\u00e9 ayant pour objectif de satisfaire votre curiosit\u00e9 et de partager avec vous une certaine fascination pour le m\u00e9tal jaune, le rachat d'or, et pour ceux qui veulent investir dans l'or, vendre leur or tout simplement en savoir plus... Pour tous vos achat or et argent, n'h\u00e9sitez pas \u00e0 prendre rendez-vous dans l'un de nos nombreux comptoirs.\",\"sameAs\":[\"https:\\\/\\\/www.gold.fr\"]}]}<\/script>\n<!-- \/ Yoast SEO plugin. -->","yoast_head_json":{"title":"Un d\u00e9but de semaine en \u00e9quilibre pour l\u2019once d\u2019ors - Gold.fr","robots":{"index":"index","follow":"follow","max-snippet":"max-snippet:-1","max-image-preview":"max-image-preview:large","max-video-preview":"max-video-preview:-1"},"canonical":"https:\/\/www.gold.fr\/news\/2017\/02\/13\/un-debut-de-semaine-en-equilibre-pour-lonce-dor\/","og_locale":"fr_FR","og_type":"article","og_title":"Un d\u00e9but de semaine en \u00e9quilibre pour l\u2019once d\u2019ors - Gold.fr","og_description":"Une l\u00e9g\u00e8re hausse a \u00e9t\u00e9 constat\u00e9e, ce matin, au niveau de la Bourse de Paris. Apr\u00e8s une semaine plac\u00e9e sous le signe de la stagnation, le march\u00e9 parisien affiche une hausse de 0,1 % par rapport [&hellip;]","og_url":"https:\/\/www.gold.fr\/news\/2017\/02\/13\/un-debut-de-semaine-en-equilibre-pour-lonce-dor\/","og_site_name":"Gold.fr","article_publisher":"https:\/\/www.facebook.com\/Goldfr\/","article_published_time":"2017-02-13T12:00:29+00:00","article_modified_time":"2021-01-11T16:25:25+00:00","og_image":[{"width":598,"height":399,"url":"https:\/\/www.gold.fr\/news\/wp-content\/uploads\/2012\/02\/cours-de-lor1-e1366276904990.jpg","type":"image\/jpeg"}],"author":"Comptoir National de l'Or","twitter_card":"summary_large_image","twitter_misc":{"\u00c9crit par":"Comptoir National de l'Or","Dur\u00e9e de lecture estim\u00e9e":"1 minute"},"schema":{"@context":"https:\/\/schema.org","@graph":[{"@type":"Article","@id":"https:\/\/www.gold.fr\/news\/2017\/02\/13\/un-debut-de-semaine-en-equilibre-pour-lonce-dor\/#article","isPartOf":{"@id":"https:\/\/www.gold.fr\/news\/2017\/02\/13\/un-debut-de-semaine-en-equilibre-pour-lonce-dor\/"},"author":{"name":"Comptoir National de l'Or","@id":"https:\/\/www.gold.fr\/news\/#\/schema\/person\/070491b4b4fb7671bf59b3be20302ce9"},"headline":"Un d\u00e9but de semaine en \u00e9quilibre pour l\u2019once d\u2019ors","datePublished":"2017-02-13T12:00:29+00:00","dateModified":"2021-01-11T16:25:25+00:00","mainEntityOfPage":{"@id":"https:\/\/www.gold.fr\/news\/2017\/02\/13\/un-debut-de-semaine-en-equilibre-pour-lonce-dor\/"},"wordCount":206,"image":{"@id":"https:\/\/www.gold.fr\/news\/2017\/02\/13\/un-debut-de-semaine-en-equilibre-pour-lonce-dor\/#primaryimage"},"thumbnailUrl":"https:\/\/www.gold.fr\/news\/wp-content\/uploads\/2012\/02\/cours-de-lor1-e1366276904990.jpg","keywords":["stabilisation du cours de l'or"],"articleSection":["Flash infos"],"inLanguage":"fr-FR"},{"@type":"WebPage","@id":"https:\/\/www.gold.fr\/news\/2017\/02\/13\/un-debut-de-semaine-en-equilibre-pour-lonce-dor\/","url":"https:\/\/www.gold.fr\/news\/2017\/02\/13\/un-debut-de-semaine-en-equilibre-pour-lonce-dor\/","name":"Un d\u00e9but de semaine en \u00e9quilibre pour l\u2019once d\u2019ors - Gold.fr","isPartOf":{"@id":"https:\/\/www.gold.fr\/news\/#website"},"primaryImageOfPage":{"@id":"https:\/\/www.gold.fr\/news\/2017\/02\/13\/un-debut-de-semaine-en-equilibre-pour-lonce-dor\/#primaryimage"},"image":{"@id":"https:\/\/www.gold.fr\/news\/2017\/02\/13\/un-debut-de-semaine-en-equilibre-pour-lonce-dor\/#primaryimage"},"thumbnailUrl":"https:\/\/www.gold.fr\/news\/wp-content\/uploads\/2012\/02\/cours-de-lor1-e1366276904990.jpg","datePublished":"2017-02-13T12:00:29+00:00","dateModified":"2021-01-11T16:25:25+00:00","author":{"@id":"https:\/\/www.gold.fr\/news\/#\/schema\/person\/070491b4b4fb7671bf59b3be20302ce9"},"breadcrumb":{"@id":"https:\/\/www.gold.fr\/news\/2017\/02\/13\/un-debut-de-semaine-en-equilibre-pour-lonce-dor\/#breadcrumb"},"inLanguage":"fr-FR","potentialAction":[{"@type":"ReadAction","target":["https:\/\/www.gold.fr\/news\/2017\/02\/13\/un-debut-de-semaine-en-equilibre-pour-lonce-dor\/"]}]},{"@type":"ImageObject","inLanguage":"fr-FR","@id":"https:\/\/www.gold.fr\/news\/2017\/02\/13\/un-debut-de-semaine-en-equilibre-pour-lonce-dor\/#primaryimage","url":"https:\/\/www.gold.fr\/news\/wp-content\/uploads\/2012\/02\/cours-de-lor1-e1366276904990.jpg","contentUrl":"https:\/\/www.gold.fr\/news\/wp-content\/uploads\/2012\/02\/cours-de-lor1-e1366276904990.jpg","width":"598","height":"399","caption":"Equilibre au niveau du cours de l\u2019once"},{"@type":"BreadcrumbList","@id":"https:\/\/www.gold.fr\/news\/2017\/02\/13\/un-debut-de-semaine-en-equilibre-pour-lonce-dor\/#breadcrumb","itemListElement":[{"@type":"ListItem","position":1,"name":"Accueil","item":"https:\/\/www.gold.fr\/"},{"@type":"ListItem","position":2,"name":"Actualit\u00e9s","item":"https:\/\/www.gold.fr\/news\/"},{"@type":"ListItem","position":3,"name":"Un d\u00e9but de semaine en \u00e9quilibre pour l\u2019once d\u2019ors"}]},{"@type":"WebSite","@id":"https:\/\/www.gold.fr\/news\/#website","url":"https:\/\/www.gold.fr\/news\/","name":"Gold.fr","description":"Actualit\u00e9s de l&#039;Or et des m\u00e9taux pr\u00e9cieux","potentialAction":[{"@type":"SearchAction","target":{"@type":"EntryPoint","urlTemplate":"https:\/\/www.gold.fr\/news\/?s={search_term_string}"},"query-input":{"@type":"PropertyValueSpecification","valueRequired":true,"valueName":"search_term_string"}}],"inLanguage":"fr-FR"},{"@type":"Person","@id":"https:\/\/www.gold.fr\/news\/#\/schema\/person\/070491b4b4fb7671bf59b3be20302ce9","name":"Comptoir National de l'Or","image":{"@type":"ImageObject","inLanguage":"fr-FR","@id":"https:\/\/secure.gravatar.com\/avatar\/0a2867fd5abe37bed95d5a65e9d58f01756e11efc68af9888dfc50cfa7f65948?s=96&d=mm&r=gb490554db0a38188709de567aa58480d","url":"https:\/\/secure.gravatar.com\/avatar\/0a2867fd5abe37bed95d5a65e9d58f01756e11efc68af9888dfc50cfa7f65948?s=96&d=mm&r=g","contentUrl":"https:\/\/secure.gravatar.com\/avatar\/0a2867fd5abe37bed95d5a65e9d58f01756e11efc68af9888dfc50cfa7f65948?s=96&d=mm&r=g","caption":"Comptoir National de l'Or"},"description":"Notre r\u00e9daction est constitu\u00e9e de membres experts dans les m\u00e9tiers de l'\u00e9conomie et la gestion, des Responsables d'agence Comptoir National de l'Or, des analystes financiers qui publient r\u00e9guli\u00e8rement des \u00e9tudes sur les politiques des banques centrales, le cours de l'or, prix de l'or, cours de l'argent, prix de l'argent, cours du platine, cours du palladium,... la situation en zone euro et l'impact de la strat\u00e9gie mon\u00e9taire de la FED. Notre \u00e9quipe scrute \u00e9galement une information plus g\u00e9n\u00e9raliste \u00e0 la recherche d'actualit\u00e9 \"p\u00e9pite\" \u00e0 vous partager. Depuis 5 ans, nous avons publi\u00e9 un peu plus de 4000 articles qui s'adressent \u00e0 un public large et vari\u00e9 ayant pour objectif de satisfaire votre curiosit\u00e9 et de partager avec vous une certaine fascination pour le m\u00e9tal jaune, le rachat d'or, et pour ceux qui veulent investir dans l'or, vendre leur or tout simplement en savoir plus... Pour tous vos achat or et argent, n'h\u00e9sitez pas \u00e0 prendre rendez-vous dans l'un de nos nombreux comptoirs.","sameAs":["https:\/\/www.gold.fr"]}]}},"authors":[{"term_id":2565,"user_id":18,"is_guest":0,"slug":"julie","display_name":"Comptoir National de l'Or","avatar_url":"https:\/\/secure.gravatar.com\/avatar\/713f289e398d35ead876c4a4cc08607f0d6d266058cfc25683fffb6092d0e572?s=96&d=mm&r=g","0":null,"1":"","2":"","3":"","4":"","5":"","6":"","7":"","8":""}],"_links":{"self":[{"href":"https:\/\/www.gold.fr\/news\/wp-json\/wp\/v2\/posts\/20781","targetHints":{"allow":["GET"]}}],"collection":[{"href":"https:\/\/www.gold.fr\/news\/wp-json\/wp\/v2\/posts"}],"about":[{"href":"https:\/\/www.gold.fr\/news\/wp-json\/wp\/v2\/types\/post"}],"author":[{"embeddable":true,"href":"https:\/\/www.gold.fr\/news\/wp-json\/wp\/v2\/users\/18"}],"replies":[{"embeddable":true,"href":"https:\/\/www.gold.fr\/news\/wp-json\/wp\/v2\/comments?post=20781"}],"version-history":[{"count":0,"href":"https:\/\/www.gold.fr\/news\/wp-json\/wp\/v2\/posts\/20781\/revisions"}],"wp:featuredmedia":[{"embeddable":true,"href":"https:\/\/www.gold.fr\/news\/wp-json\/wp\/v2\/media\/5490"}],"wp:attachment":[{"href":"https:\/\/www.gold.fr\/news\/wp-json\/wp\/v2\/media?parent=20781"}],"wp:term":[{"taxonomy":"category","embeddable":true,"href":"https:\/\/www.gold.fr\/news\/wp-json\/wp\/v2\/categories?post=20781"},{"taxonomy":"post_tag","embeddable":true,"href":"https:\/\/www.gold.fr\/news\/wp-json\/wp\/v2\/tags?post=20781"},{"taxonomy":"author","embeddable":true,"href":"https:\/\/www.gold.fr\/news\/wp-json\/wp\/v2\/ppma_author?post=20781"}],"curies":[{"name":"wp","href":"https:\/\/api.w.org\/{rel}","templated":true}]}}