{"id":20678,"date":"2017-01-18T13:00:05","date_gmt":"2017-01-18T12:00:05","guid":{"rendered":"https:\/\/www.gold.fr\/news\/?p=20678"},"modified":"2021-01-13T13:07:30","modified_gmt":"2021-01-13T12:07:30","slug":"lonce-stable-face-a-un-marche-en-leger-repli","status":"publish","type":"post","link":"https:\/\/www.gold.fr\/news\/2017\/01\/18\/lonce-stable-face-a-un-marche-en-leger-repli\/","title":{"rendered":"L\u2019once stable face \u00e0 un march\u00e9 en l\u00e9ger repli"},"content":{"rendered":"<h2>Tension palpable ce matin au niveau des march\u00e9s financiers.<\/h2>\n<p>  <img loading=\"lazy\" decoding=\"async\" class=\"alignleft wp-image-3922 size-thumbnail\" title=\"L\u2019once stable face \u00e0 un march\u00e9 en l\u00e9ger repli\" src=\"https:\/\/www.gold.fr\/news\/wp-content\/uploads\/2011\/11\/cours-de-lor4-150x150.jpg\" alt=\"L\u2019once stable face \u00e0 un march\u00e9 en l\u00e9ger repli\" width=\"150\" height=\"150\" \/>Les craintes des acheteurs se sont faites sentir \u00e0 cause du flou qui r\u00e8gne quant \u00e0 la politique qu&rsquo;adoptera <strong>Donald Trump<\/strong>. Ceci dit, le <strong>CAC 40<\/strong> connait une \u00e9volution de <strong>19,5 points<\/strong> et affiche une mesure de <strong>4879,5 points<\/strong>. Selon l&rsquo;avis de quelques analystes, une telle tendance haussi\u00e8re de l&rsquo;indice pourrait \u00eatre fragilis\u00e9e et remettrait en question la perspective des <strong>5000 points<\/strong>. De plus, le seuil de rupture pourrait se situer autour des <strong>4820 points<\/strong>.    Du c\u00f4t\u00e9 de <strong>Wall Street<\/strong>, les march\u00e9s ont entam\u00e9 la s\u00e9ance par une consolidation apr\u00e8s le long week-end du \u00ab <em>Martin Luther King Day<\/em> \u00bb. Le Dow Jones a de ce fait connu un l\u00e9ger repli de <strong>0,3 %<\/strong>. Par ailleurs, la tendance \u00e9tait plut\u00f4t \u00e0 l&rsquo;attentisme puisque <strong>Goldman Sachs<\/strong> doit d\u00e9voiler ses r\u00e9sultats trimestriels \u00e0 la mi-journ\u00e9e. C&rsquo;est aujourd&rsquo;hui aussi que les derniers chiffres de l&rsquo;inflation aux <strong>Etats-Unis<\/strong> vont \u00eatre communiqu\u00e9s.    En ce qui concerne le dollar, une \u00e9volution par rapport \u00e0 l&rsquo;euro a \u00e9t\u00e9 not\u00e9e. Son cours se maintient \u00e0 <strong>1,0680<\/strong>.    Dans ce contexte, le m\u00e9tal jaune continue \u00e0 \u00eatre stable et affiche en ce <strong>mercredi 18 janvier 2017<\/strong> un <a href=\"http:\/\/www.gold.fr\/cours-or-prix-de-l-or\/\" target=\"_blank\" rel=\"noopener noreferrer\">cours<\/a> de <strong>1 213.60 dollars<\/strong> <a href=\"http:\/\/www.gold.fr\/once-or-nyc\/\" target=\"_blank\" rel=\"noopener noreferrer\">l\u2019once<\/a><\/p>\n<!-- AddThis Advanced Settings generic via filter on the_content --><!-- AddThis Share Buttons generic via filter on the_content -->","protected":false},"excerpt":{"rendered":"<p>Tension palpable ce matin au niveau des march\u00e9s financiers. Les craintes des acheteurs se sont faites sentir \u00e0 cause du flou qui r\u00e8gne quant \u00e0 la politique qu&rsquo;adoptera Donald Trump. Ceci dit, le CAC 40 connait [&hellip;]<\/p>\n","protected":false},"author":18,"featured_media":29331,"comment_status":"closed","ping_status":"closed","sticky":false,"template":"","format":"standard","meta":{"_mbp_gutenberg_autopost":false,"_pgmb_is_evergreen":false,"_pgmb_ap_template_id":0,"footnotes":""},"categories":[5],"tags":[925],"ppma_author":[2565],"class_list":["post-20678","post","type-post","status-publish","format-standard","has-post-thumbnail","hentry","category-flash-infos","tag-or-et-stagnation"],"yoast_head":"<!-- This site is optimized with the Yoast SEO plugin v27.5 - https:\/\/yoast.com\/product\/yoast-seo-wordpress\/ -->\n<title>L\u2019once stable face \u00e0 un march\u00e9 en l\u00e9ger repli - Gold.fr<\/title>\n<meta name=\"robots\" content=\"index, follow, max-snippet:-1, max-image-preview:large, max-video-preview:-1\" \/>\n<link rel=\"canonical\" href=\"https:\/\/www.gold.fr\/news\/2017\/01\/18\/lonce-stable-face-a-un-marche-en-leger-repli\/\" \/>\n<meta property=\"og:locale\" content=\"fr_FR\" \/>\n<meta property=\"og:type\" content=\"article\" \/>\n<meta property=\"og:title\" content=\"L\u2019once stable face \u00e0 un march\u00e9 en l\u00e9ger repli - Gold.fr\" \/>\n<meta property=\"og:description\" content=\"Tension palpable ce matin au niveau des march\u00e9s financiers. Les craintes des acheteurs se sont faites sentir \u00e0 cause du flou qui r\u00e8gne quant \u00e0 la politique qu&rsquo;adoptera Donald Trump. Ceci dit, le CAC 40 connait [&hellip;]\" \/>\n<meta property=\"og:url\" content=\"https:\/\/www.gold.fr\/news\/2017\/01\/18\/lonce-stable-face-a-un-marche-en-leger-repli\/\" \/>\n<meta property=\"og:site_name\" content=\"Gold.fr\" \/>\n<meta property=\"article:publisher\" content=\"https:\/\/www.facebook.com\/Goldfr\/\" \/>\n<meta property=\"article:published_time\" content=\"2017-01-18T12:00:05+00:00\" \/>\n<meta property=\"article:modified_time\" content=\"2021-01-13T12:07:30+00:00\" \/>\n<meta property=\"og:image\" content=\"https:\/\/www.gold.fr\/news\/wp-content\/uploads\/2017\/01\/cours-de-lor4.jpg\" \/>\n\t<meta property=\"og:image:width\" content=\"609\" \/>\n\t<meta property=\"og:image:height\" content=\"400\" \/>\n\t<meta property=\"og:image:type\" content=\"image\/jpeg\" \/>\n<meta name=\"author\" content=\"Comptoir National de l&#039;Or\" \/>\n<meta name=\"twitter:card\" content=\"summary_large_image\" \/>\n<meta name=\"twitter:label1\" content=\"\u00c9crit par\" \/>\n\t<meta name=\"twitter:data1\" content=\"Comptoir National de l&#039;Or\" \/>\n\t<meta name=\"twitter:label2\" content=\"Dur\u00e9e de lecture estim\u00e9e\" \/>\n\t<meta name=\"twitter:data2\" content=\"1 minute\" \/>\n<script type=\"application\/ld+json\" class=\"yoast-schema-graph\">{\"@context\":\"https:\\\/\\\/schema.org\",\"@graph\":[{\"@type\":\"Article\",\"@id\":\"https:\\\/\\\/www.gold.fr\\\/news\\\/2017\\\/01\\\/18\\\/lonce-stable-face-a-un-marche-en-leger-repli\\\/#article\",\"isPartOf\":{\"@id\":\"https:\\\/\\\/www.gold.fr\\\/news\\\/2017\\\/01\\\/18\\\/lonce-stable-face-a-un-marche-en-leger-repli\\\/\"},\"author\":{\"name\":\"Comptoir National de l'Or\",\"@id\":\"https:\\\/\\\/www.gold.fr\\\/news\\\/#\\\/schema\\\/person\\\/070491b4b4fb7671bf59b3be20302ce9\"},\"headline\":\"L\u2019once stable face \u00e0 un march\u00e9 en l\u00e9ger repli\",\"datePublished\":\"2017-01-18T12:00:05+00:00\",\"dateModified\":\"2021-01-13T12:07:30+00:00\",\"mainEntityOfPage\":{\"@id\":\"https:\\\/\\\/www.gold.fr\\\/news\\\/2017\\\/01\\\/18\\\/lonce-stable-face-a-un-marche-en-leger-repli\\\/\"},\"wordCount\":216,\"image\":{\"@id\":\"https:\\\/\\\/www.gold.fr\\\/news\\\/2017\\\/01\\\/18\\\/lonce-stable-face-a-un-marche-en-leger-repli\\\/#primaryimage\"},\"thumbnailUrl\":\"https:\\\/\\\/www.gold.fr\\\/news\\\/wp-content\\\/uploads\\\/2017\\\/01\\\/cours-de-lor4.jpg\",\"keywords\":[\"Or et stagnation\"],\"articleSection\":[\"Flash infos\"],\"inLanguage\":\"fr-FR\"},{\"@type\":\"WebPage\",\"@id\":\"https:\\\/\\\/www.gold.fr\\\/news\\\/2017\\\/01\\\/18\\\/lonce-stable-face-a-un-marche-en-leger-repli\\\/\",\"url\":\"https:\\\/\\\/www.gold.fr\\\/news\\\/2017\\\/01\\\/18\\\/lonce-stable-face-a-un-marche-en-leger-repli\\\/\",\"name\":\"L\u2019once stable face \u00e0 un march\u00e9 en l\u00e9ger repli - Gold.fr\",\"isPartOf\":{\"@id\":\"https:\\\/\\\/www.gold.fr\\\/news\\\/#website\"},\"primaryImageOfPage\":{\"@id\":\"https:\\\/\\\/www.gold.fr\\\/news\\\/2017\\\/01\\\/18\\\/lonce-stable-face-a-un-marche-en-leger-repli\\\/#primaryimage\"},\"image\":{\"@id\":\"https:\\\/\\\/www.gold.fr\\\/news\\\/2017\\\/01\\\/18\\\/lonce-stable-face-a-un-marche-en-leger-repli\\\/#primaryimage\"},\"thumbnailUrl\":\"https:\\\/\\\/www.gold.fr\\\/news\\\/wp-content\\\/uploads\\\/2017\\\/01\\\/cours-de-lor4.jpg\",\"datePublished\":\"2017-01-18T12:00:05+00:00\",\"dateModified\":\"2021-01-13T12:07:30+00:00\",\"author\":{\"@id\":\"https:\\\/\\\/www.gold.fr\\\/news\\\/#\\\/schema\\\/person\\\/070491b4b4fb7671bf59b3be20302ce9\"},\"breadcrumb\":{\"@id\":\"https:\\\/\\\/www.gold.fr\\\/news\\\/2017\\\/01\\\/18\\\/lonce-stable-face-a-un-marche-en-leger-repli\\\/#breadcrumb\"},\"inLanguage\":\"fr-FR\",\"potentialAction\":[{\"@type\":\"ReadAction\",\"target\":[\"https:\\\/\\\/www.gold.fr\\\/news\\\/2017\\\/01\\\/18\\\/lonce-stable-face-a-un-marche-en-leger-repli\\\/\"]}]},{\"@type\":\"ImageObject\",\"inLanguage\":\"fr-FR\",\"@id\":\"https:\\\/\\\/www.gold.fr\\\/news\\\/2017\\\/01\\\/18\\\/lonce-stable-face-a-un-marche-en-leger-repli\\\/#primaryimage\",\"url\":\"https:\\\/\\\/www.gold.fr\\\/news\\\/wp-content\\\/uploads\\\/2017\\\/01\\\/cours-de-lor4.jpg\",\"contentUrl\":\"https:\\\/\\\/www.gold.fr\\\/news\\\/wp-content\\\/uploads\\\/2017\\\/01\\\/cours-de-lor4.jpg\",\"width\":609,\"height\":400,\"caption\":\"L\u2019once stable face \u00e0 un march\u00e9 en l\u00e9ger repli\"},{\"@type\":\"BreadcrumbList\",\"@id\":\"https:\\\/\\\/www.gold.fr\\\/news\\\/2017\\\/01\\\/18\\\/lonce-stable-face-a-un-marche-en-leger-repli\\\/#breadcrumb\",\"itemListElement\":[{\"@type\":\"ListItem\",\"position\":1,\"name\":\"Accueil\",\"item\":\"https:\\\/\\\/www.gold.fr\\\/\"},{\"@type\":\"ListItem\",\"position\":2,\"name\":\"Actualit\u00e9s\",\"item\":\"https:\\\/\\\/www.gold.fr\\\/news\\\/\"},{\"@type\":\"ListItem\",\"position\":3,\"name\":\"L\u2019once stable face \u00e0 un march\u00e9 en l\u00e9ger repli\"}]},{\"@type\":\"WebSite\",\"@id\":\"https:\\\/\\\/www.gold.fr\\\/news\\\/#website\",\"url\":\"https:\\\/\\\/www.gold.fr\\\/news\\\/\",\"name\":\"Gold.fr\",\"description\":\"Actualit\u00e9s de l&#039;Or et des m\u00e9taux pr\u00e9cieux\",\"potentialAction\":[{\"@type\":\"SearchAction\",\"target\":{\"@type\":\"EntryPoint\",\"urlTemplate\":\"https:\\\/\\\/www.gold.fr\\\/news\\\/?s={search_term_string}\"},\"query-input\":{\"@type\":\"PropertyValueSpecification\",\"valueRequired\":true,\"valueName\":\"search_term_string\"}}],\"inLanguage\":\"fr-FR\"},{\"@type\":\"Person\",\"@id\":\"https:\\\/\\\/www.gold.fr\\\/news\\\/#\\\/schema\\\/person\\\/070491b4b4fb7671bf59b3be20302ce9\",\"name\":\"Comptoir National de l'Or\",\"image\":{\"@type\":\"ImageObject\",\"inLanguage\":\"fr-FR\",\"@id\":\"https:\\\/\\\/secure.gravatar.com\\\/avatar\\\/0a2867fd5abe37bed95d5a65e9d58f01756e11efc68af9888dfc50cfa7f65948?s=96&d=mm&r=gb490554db0a38188709de567aa58480d\",\"url\":\"https:\\\/\\\/secure.gravatar.com\\\/avatar\\\/0a2867fd5abe37bed95d5a65e9d58f01756e11efc68af9888dfc50cfa7f65948?s=96&d=mm&r=g\",\"contentUrl\":\"https:\\\/\\\/secure.gravatar.com\\\/avatar\\\/0a2867fd5abe37bed95d5a65e9d58f01756e11efc68af9888dfc50cfa7f65948?s=96&d=mm&r=g\",\"caption\":\"Comptoir National de l'Or\"},\"description\":\"Notre r\u00e9daction est constitu\u00e9e de membres experts dans les m\u00e9tiers de l'\u00e9conomie et la gestion, des Responsables d'agence Comptoir National de l'Or, des analystes financiers qui publient r\u00e9guli\u00e8rement des \u00e9tudes sur les politiques des banques centrales, le cours de l'or, prix de l'or, cours de l'argent, prix de l'argent, cours du platine, cours du palladium,... la situation en zone euro et l'impact de la strat\u00e9gie mon\u00e9taire de la FED. Notre \u00e9quipe scrute \u00e9galement une information plus g\u00e9n\u00e9raliste \u00e0 la recherche d'actualit\u00e9 \\\"p\u00e9pite\\\" \u00e0 vous partager. Depuis 5 ans, nous avons publi\u00e9 un peu plus de 4000 articles qui s'adressent \u00e0 un public large et vari\u00e9 ayant pour objectif de satisfaire votre curiosit\u00e9 et de partager avec vous une certaine fascination pour le m\u00e9tal jaune, le rachat d'or, et pour ceux qui veulent investir dans l'or, vendre leur or tout simplement en savoir plus... Pour tous vos achat or et argent, n'h\u00e9sitez pas \u00e0 prendre rendez-vous dans l'un de nos nombreux comptoirs.\",\"sameAs\":[\"https:\\\/\\\/www.gold.fr\"]}]}<\/script>\n<!-- \/ Yoast SEO plugin. -->","yoast_head_json":{"title":"L\u2019once stable face \u00e0 un march\u00e9 en l\u00e9ger repli - Gold.fr","robots":{"index":"index","follow":"follow","max-snippet":"max-snippet:-1","max-image-preview":"max-image-preview:large","max-video-preview":"max-video-preview:-1"},"canonical":"https:\/\/www.gold.fr\/news\/2017\/01\/18\/lonce-stable-face-a-un-marche-en-leger-repli\/","og_locale":"fr_FR","og_type":"article","og_title":"L\u2019once stable face \u00e0 un march\u00e9 en l\u00e9ger repli - Gold.fr","og_description":"Tension palpable ce matin au niveau des march\u00e9s financiers. Les craintes des acheteurs se sont faites sentir \u00e0 cause du flou qui r\u00e8gne quant \u00e0 la politique qu&rsquo;adoptera Donald Trump. Ceci dit, le CAC 40 connait [&hellip;]","og_url":"https:\/\/www.gold.fr\/news\/2017\/01\/18\/lonce-stable-face-a-un-marche-en-leger-repli\/","og_site_name":"Gold.fr","article_publisher":"https:\/\/www.facebook.com\/Goldfr\/","article_published_time":"2017-01-18T12:00:05+00:00","article_modified_time":"2021-01-13T12:07:30+00:00","og_image":[{"width":609,"height":400,"url":"https:\/\/www.gold.fr\/news\/wp-content\/uploads\/2017\/01\/cours-de-lor4.jpg","type":"image\/jpeg"}],"author":"Comptoir National de l'Or","twitter_card":"summary_large_image","twitter_misc":{"\u00c9crit par":"Comptoir National de l'Or","Dur\u00e9e de lecture estim\u00e9e":"1 minute"},"schema":{"@context":"https:\/\/schema.org","@graph":[{"@type":"Article","@id":"https:\/\/www.gold.fr\/news\/2017\/01\/18\/lonce-stable-face-a-un-marche-en-leger-repli\/#article","isPartOf":{"@id":"https:\/\/www.gold.fr\/news\/2017\/01\/18\/lonce-stable-face-a-un-marche-en-leger-repli\/"},"author":{"name":"Comptoir National de l'Or","@id":"https:\/\/www.gold.fr\/news\/#\/schema\/person\/070491b4b4fb7671bf59b3be20302ce9"},"headline":"L\u2019once stable face \u00e0 un march\u00e9 en l\u00e9ger repli","datePublished":"2017-01-18T12:00:05+00:00","dateModified":"2021-01-13T12:07:30+00:00","mainEntityOfPage":{"@id":"https:\/\/www.gold.fr\/news\/2017\/01\/18\/lonce-stable-face-a-un-marche-en-leger-repli\/"},"wordCount":216,"image":{"@id":"https:\/\/www.gold.fr\/news\/2017\/01\/18\/lonce-stable-face-a-un-marche-en-leger-repli\/#primaryimage"},"thumbnailUrl":"https:\/\/www.gold.fr\/news\/wp-content\/uploads\/2017\/01\/cours-de-lor4.jpg","keywords":["Or et stagnation"],"articleSection":["Flash infos"],"inLanguage":"fr-FR"},{"@type":"WebPage","@id":"https:\/\/www.gold.fr\/news\/2017\/01\/18\/lonce-stable-face-a-un-marche-en-leger-repli\/","url":"https:\/\/www.gold.fr\/news\/2017\/01\/18\/lonce-stable-face-a-un-marche-en-leger-repli\/","name":"L\u2019once stable face \u00e0 un march\u00e9 en l\u00e9ger repli - Gold.fr","isPartOf":{"@id":"https:\/\/www.gold.fr\/news\/#website"},"primaryImageOfPage":{"@id":"https:\/\/www.gold.fr\/news\/2017\/01\/18\/lonce-stable-face-a-un-marche-en-leger-repli\/#primaryimage"},"image":{"@id":"https:\/\/www.gold.fr\/news\/2017\/01\/18\/lonce-stable-face-a-un-marche-en-leger-repli\/#primaryimage"},"thumbnailUrl":"https:\/\/www.gold.fr\/news\/wp-content\/uploads\/2017\/01\/cours-de-lor4.jpg","datePublished":"2017-01-18T12:00:05+00:00","dateModified":"2021-01-13T12:07:30+00:00","author":{"@id":"https:\/\/www.gold.fr\/news\/#\/schema\/person\/070491b4b4fb7671bf59b3be20302ce9"},"breadcrumb":{"@id":"https:\/\/www.gold.fr\/news\/2017\/01\/18\/lonce-stable-face-a-un-marche-en-leger-repli\/#breadcrumb"},"inLanguage":"fr-FR","potentialAction":[{"@type":"ReadAction","target":["https:\/\/www.gold.fr\/news\/2017\/01\/18\/lonce-stable-face-a-un-marche-en-leger-repli\/"]}]},{"@type":"ImageObject","inLanguage":"fr-FR","@id":"https:\/\/www.gold.fr\/news\/2017\/01\/18\/lonce-stable-face-a-un-marche-en-leger-repli\/#primaryimage","url":"https:\/\/www.gold.fr\/news\/wp-content\/uploads\/2017\/01\/cours-de-lor4.jpg","contentUrl":"https:\/\/www.gold.fr\/news\/wp-content\/uploads\/2017\/01\/cours-de-lor4.jpg","width":609,"height":400,"caption":"L\u2019once stable face \u00e0 un march\u00e9 en l\u00e9ger repli"},{"@type":"BreadcrumbList","@id":"https:\/\/www.gold.fr\/news\/2017\/01\/18\/lonce-stable-face-a-un-marche-en-leger-repli\/#breadcrumb","itemListElement":[{"@type":"ListItem","position":1,"name":"Accueil","item":"https:\/\/www.gold.fr\/"},{"@type":"ListItem","position":2,"name":"Actualit\u00e9s","item":"https:\/\/www.gold.fr\/news\/"},{"@type":"ListItem","position":3,"name":"L\u2019once stable face \u00e0 un march\u00e9 en l\u00e9ger repli"}]},{"@type":"WebSite","@id":"https:\/\/www.gold.fr\/news\/#website","url":"https:\/\/www.gold.fr\/news\/","name":"Gold.fr","description":"Actualit\u00e9s de l&#039;Or et des m\u00e9taux pr\u00e9cieux","potentialAction":[{"@type":"SearchAction","target":{"@type":"EntryPoint","urlTemplate":"https:\/\/www.gold.fr\/news\/?s={search_term_string}"},"query-input":{"@type":"PropertyValueSpecification","valueRequired":true,"valueName":"search_term_string"}}],"inLanguage":"fr-FR"},{"@type":"Person","@id":"https:\/\/www.gold.fr\/news\/#\/schema\/person\/070491b4b4fb7671bf59b3be20302ce9","name":"Comptoir National de l'Or","image":{"@type":"ImageObject","inLanguage":"fr-FR","@id":"https:\/\/secure.gravatar.com\/avatar\/0a2867fd5abe37bed95d5a65e9d58f01756e11efc68af9888dfc50cfa7f65948?s=96&d=mm&r=gb490554db0a38188709de567aa58480d","url":"https:\/\/secure.gravatar.com\/avatar\/0a2867fd5abe37bed95d5a65e9d58f01756e11efc68af9888dfc50cfa7f65948?s=96&d=mm&r=g","contentUrl":"https:\/\/secure.gravatar.com\/avatar\/0a2867fd5abe37bed95d5a65e9d58f01756e11efc68af9888dfc50cfa7f65948?s=96&d=mm&r=g","caption":"Comptoir National de l'Or"},"description":"Notre r\u00e9daction est constitu\u00e9e de membres experts dans les m\u00e9tiers de l'\u00e9conomie et la gestion, des Responsables d'agence Comptoir National de l'Or, des analystes financiers qui publient r\u00e9guli\u00e8rement des \u00e9tudes sur les politiques des banques centrales, le cours de l'or, prix de l'or, cours de l'argent, prix de l'argent, cours du platine, cours du palladium,... la situation en zone euro et l'impact de la strat\u00e9gie mon\u00e9taire de la FED. Notre \u00e9quipe scrute \u00e9galement une information plus g\u00e9n\u00e9raliste \u00e0 la recherche d'actualit\u00e9 \"p\u00e9pite\" \u00e0 vous partager. Depuis 5 ans, nous avons publi\u00e9 un peu plus de 4000 articles qui s'adressent \u00e0 un public large et vari\u00e9 ayant pour objectif de satisfaire votre curiosit\u00e9 et de partager avec vous une certaine fascination pour le m\u00e9tal jaune, le rachat d'or, et pour ceux qui veulent investir dans l'or, vendre leur or tout simplement en savoir plus... Pour tous vos achat or et argent, n'h\u00e9sitez pas \u00e0 prendre rendez-vous dans l'un de nos nombreux comptoirs.","sameAs":["https:\/\/www.gold.fr"]}]}},"authors":[{"term_id":2565,"user_id":18,"is_guest":0,"slug":"julie","display_name":"Comptoir National de l'Or","avatar_url":"https:\/\/secure.gravatar.com\/avatar\/713f289e398d35ead876c4a4cc08607f0d6d266058cfc25683fffb6092d0e572?s=96&d=mm&r=g","0":null,"1":"","2":"","3":"","4":"","5":"","6":"","7":"","8":""}],"_links":{"self":[{"href":"https:\/\/www.gold.fr\/news\/wp-json\/wp\/v2\/posts\/20678","targetHints":{"allow":["GET"]}}],"collection":[{"href":"https:\/\/www.gold.fr\/news\/wp-json\/wp\/v2\/posts"}],"about":[{"href":"https:\/\/www.gold.fr\/news\/wp-json\/wp\/v2\/types\/post"}],"author":[{"embeddable":true,"href":"https:\/\/www.gold.fr\/news\/wp-json\/wp\/v2\/users\/18"}],"replies":[{"embeddable":true,"href":"https:\/\/www.gold.fr\/news\/wp-json\/wp\/v2\/comments?post=20678"}],"version-history":[{"count":0,"href":"https:\/\/www.gold.fr\/news\/wp-json\/wp\/v2\/posts\/20678\/revisions"}],"wp:featuredmedia":[{"embeddable":true,"href":"https:\/\/www.gold.fr\/news\/wp-json\/wp\/v2\/media\/29331"}],"wp:attachment":[{"href":"https:\/\/www.gold.fr\/news\/wp-json\/wp\/v2\/media?parent=20678"}],"wp:term":[{"taxonomy":"category","embeddable":true,"href":"https:\/\/www.gold.fr\/news\/wp-json\/wp\/v2\/categories?post=20678"},{"taxonomy":"post_tag","embeddable":true,"href":"https:\/\/www.gold.fr\/news\/wp-json\/wp\/v2\/tags?post=20678"},{"taxonomy":"author","embeddable":true,"href":"https:\/\/www.gold.fr\/news\/wp-json\/wp\/v2\/ppma_author?post=20678"}],"curies":[{"name":"wp","href":"https:\/\/api.w.org\/{rel}","templated":true}]}}