{"id":20676,"date":"2017-01-17T17:00:05","date_gmt":"2017-01-17T16:00:05","guid":{"rendered":"https:\/\/www.gold.fr\/news\/?p=20676"},"modified":"2021-01-11T17:30:40","modified_gmt":"2021-01-11T16:30:40","slug":"les-analystes-confiants-quant-a-la-progression-de-lor","status":"publish","type":"post","link":"https:\/\/www.gold.fr\/news\/2017\/01\/17\/les-analystes-confiants-quant-a-la-progression-de-lor\/","title":{"rendered":"Les analystes confiants quant \u00e0 la progression de l\u2019or"},"content":{"rendered":"<h2>Le <a href=\"http:\/\/www.gold.fr\/cours-or-prix-de-l-or\/\" target=\"_blank\" rel=\"noopener noreferrer\">cours<\/a> de <a href=\"http:\/\/www.gold.fr\/once-or-nyc\/\" target=\"_blank\" rel=\"noopener noreferrer\">l\u2019once<\/a> d&rsquo;or ayant cl\u00f4tur\u00e9 l&rsquo;ann\u00e9e <strong>2016<\/strong> avec un gain sup\u00e9rieur \u00e0 <strong>8 %<\/strong>, entame l&rsquo;exercice <strong>2017<\/strong> avec une variation positive de <strong>2,5 %<\/strong>.<\/h2>\n<p>  <img loading=\"lazy\" decoding=\"async\" class=\"alignleft wp-image-15669 size-thumbnail\" title=\"Les analystes confiants quant \u00e0 la progression de l\u2019or\" src=\"https:\/\/www.gold.fr\/news\/wp-content\/uploads\/2014\/09\/image-2-150x150.png\" alt=\"Les analystes confiants quant \u00e0 la progression de l\u2019or\" width=\"150\" height=\"150\" srcset=\"https:\/\/www.gold.fr\/news\/wp-content\/uploads\/2014\/09\/image-2-150x150.png 150w, https:\/\/www.gold.fr\/news\/wp-content\/uploads\/2014\/09\/image-2-80x80.png 80w, https:\/\/www.gold.fr\/news\/wp-content\/uploads\/2014\/09\/image-2-1x1.png 1w\" sizes=\"auto, (max-width: 150px) 100vw, 150px\" \/>Une tendance haussi\u00e8re soutenue, constat\u00e9e \u00e9galement lors de la s\u00e9ance de jeudi o\u00f9 le m\u00e9tal jaune avait fini la s\u00e9ance \u00e0 <strong>1.182,30 dollars<\/strong>, soit une progression de <strong>1,4 %<\/strong> sur le contrat \u00e0 terme de f\u00e9vrier. Janvier est aussi un mois favorable \u00e0 l&rsquo;acquisition du m\u00e9tal jaune en raison du nouvel an chinois. A cette occasion, un bon nombre de chinois et d&rsquo;indiens offrent de l&rsquo;or en guise de cadeau. L&rsquo;an dernier, le <a href=\"http:\/\/www.gold.fr\/cours-or-prix-de-l-or\/\" target=\"_blank\" rel=\"noopener noreferrer\">cours<\/a> de l&rsquo;or avait suivi une courbe en dents de scie, variant de <strong>30 %<\/strong> de <strong>janvier<\/strong> \u00e0 <strong>ao\u00fbt<\/strong>. Il a aussi connu un repli important essentiellement d\u00fb aux attentes des acheteurs quant \u00e0 une relance \u00e9conomique post\u00e9rieure \u00e0 l&rsquo;\u00e9lection de <strong>Donald Trump<\/strong>.  <\/p>\n<h2 class=\"p1\"><span class=\"s1\">Les analystes pr\u00e9voient une tr\u00e8s bonne ann\u00e9e pour l&rsquo;once d&rsquo;or.<\/span><\/h2>\n<p>  Ce n&rsquo;est qu&rsquo;en fin d&rsquo;ann\u00e9e que les investisseurs ont retrouv\u00e9 confiance et ont r\u00e9investi dans les valeurs-refuge telle que l&rsquo;or. Au-del\u00e0 du mois de janvier, les analystes pr\u00e9voient une tr\u00e8s bonne ann\u00e9e pour l&rsquo;once d&rsquo;or dont le cours pourrait atteindre d&rsquo;ici la fin de l&rsquo;ann\u00e9e, <strong>1,291 dollars<\/strong> <a href=\"http:\/\/www.gold.fr\/once-or-nyc\/\" target=\"_blank\" rel=\"noopener noreferrer\">l\u2019once<\/a>, soit une variation positive de plus de <strong>10 %<\/strong> par rapport au cours actuel.    Une tendance qui devrait \u00eatre maintenue gr\u00e2ce aux craintes qu&rsquo;inspire la situation de l&rsquo;\u00e9conomie mondiale. Plusieurs \u00e9v\u00e9nements sont attendus tels que les \u00e9lections en France et en Allemagne, les risques li\u00e9s \u00e0 la politique de <strong>Donald Trump<\/strong>, les risques g\u00e9opolitiques li\u00e9s \u00e0 la Russie et la situation au <strong>Moyen-Orient<\/strong>. Toutes ces incertitudes pourraient amener les acheteurs \u00e0 investir dans l&rsquo;or. Ce pronostic devrait \u00eatre suivi de tr\u00e8s pr\u00e8s afin d&rsquo;anticiper une \u00e9ventuelle volatilit\u00e9 du cours de l&rsquo;once. Outre les risques politiques, le m\u00e9tal jaune est aussi tributaire de l&rsquo;\u00e9volution du dollar et des taux d&rsquo;int\u00e9r\u00eat.    Ainsi, un dollar fort est g\u00e9n\u00e9ralement synonyme d&rsquo;une once d&rsquo;or faible. Plus la devise est ch\u00e8re, plus la demande de m\u00e9tal jaune est r\u00e9duite puisqu&rsquo;il devient on\u00e9reux pour les acheteurs. Afin d&rsquo;\u00e9viter que les investisseurs fuient cette valeur-refuge, il faudrait plus de pragmatisme dans le comportement des acheteurs et moins d&rsquo;esp\u00e9rance quant \u00e0 la sant\u00e9 de la situation g\u00e9opolitique mondiale.<\/p>\n<!-- AddThis Advanced Settings generic via filter on the_content --><!-- AddThis Share Buttons generic via filter on the_content -->","protected":false},"excerpt":{"rendered":"<p>Le cours de l\u2019once d&rsquo;or ayant cl\u00f4tur\u00e9 l&rsquo;ann\u00e9e 2016 avec un gain sup\u00e9rieur \u00e0 8 %, entame l&rsquo;exercice 2017 avec une variation positive de 2,5 %. Une tendance haussi\u00e8re soutenue, constat\u00e9e \u00e9galement lors de la s\u00e9ance [&hellip;]<\/p>\n","protected":false},"author":18,"featured_media":15669,"comment_status":"closed","ping_status":"closed","sticky":false,"template":"","format":"standard","meta":{"_mbp_gutenberg_autopost":false,"_pgmb_is_evergreen":false,"_pgmb_ap_template_id":0,"footnotes":""},"categories":[6],"tags":[652,1051],"ppma_author":[2565],"class_list":["post-20676","post","type-post","status-publish","format-standard","has-post-thumbnail","hentry","category-articles-de-presse","tag-prevision-or","tag-previsions"],"yoast_head":"<!-- This site is optimized with the Yoast SEO plugin v27.5 - https:\/\/yoast.com\/product\/yoast-seo-wordpress\/ -->\n<title>Les analystes confiants quant \u00e0 la progression de l\u2019or - Gold.fr<\/title>\n<meta name=\"robots\" content=\"index, follow, max-snippet:-1, max-image-preview:large, max-video-preview:-1\" \/>\n<link rel=\"canonical\" href=\"https:\/\/www.gold.fr\/news\/2017\/01\/17\/les-analystes-confiants-quant-a-la-progression-de-lor\/\" \/>\n<meta property=\"og:locale\" content=\"fr_FR\" \/>\n<meta property=\"og:type\" content=\"article\" \/>\n<meta property=\"og:title\" content=\"Les analystes confiants quant \u00e0 la progression de l\u2019or - Gold.fr\" \/>\n<meta property=\"og:description\" content=\"Le cours de l\u2019once d&rsquo;or ayant cl\u00f4tur\u00e9 l&rsquo;ann\u00e9e 2016 avec un gain sup\u00e9rieur \u00e0 8 %, entame l&rsquo;exercice 2017 avec une variation positive de 2,5 %. Une tendance haussi\u00e8re soutenue, constat\u00e9e \u00e9galement lors de la s\u00e9ance [&hellip;]\" \/>\n<meta property=\"og:url\" content=\"https:\/\/www.gold.fr\/news\/2017\/01\/17\/les-analystes-confiants-quant-a-la-progression-de-lor\/\" \/>\n<meta property=\"og:site_name\" content=\"Gold.fr\" \/>\n<meta property=\"article:publisher\" content=\"https:\/\/www.facebook.com\/Goldfr\/\" \/>\n<meta property=\"article:published_time\" content=\"2017-01-17T16:00:05+00:00\" \/>\n<meta property=\"article:modified_time\" content=\"2021-01-11T16:30:40+00:00\" \/>\n<meta property=\"og:image\" content=\"https:\/\/www.gold.fr\/news\/wp-content\/uploads\/2014\/09\/image-2.png\" \/>\n\t<meta property=\"og:image:width\" content=\"283\" \/>\n\t<meta property=\"og:image:height\" content=\"220\" \/>\n\t<meta property=\"og:image:type\" content=\"image\/png\" \/>\n<meta name=\"author\" content=\"Comptoir National de l&#039;Or\" \/>\n<meta name=\"twitter:card\" content=\"summary_large_image\" \/>\n<meta name=\"twitter:label1\" content=\"\u00c9crit par\" \/>\n\t<meta name=\"twitter:data1\" content=\"Comptoir National de l&#039;Or\" \/>\n\t<meta name=\"twitter:label2\" content=\"Dur\u00e9e de lecture estim\u00e9e\" \/>\n\t<meta name=\"twitter:data2\" content=\"2 minutes\" \/>\n<script type=\"application\/ld+json\" class=\"yoast-schema-graph\">{\"@context\":\"https:\\\/\\\/schema.org\",\"@graph\":[{\"@type\":\"Article\",\"@id\":\"https:\\\/\\\/www.gold.fr\\\/news\\\/2017\\\/01\\\/17\\\/les-analystes-confiants-quant-a-la-progression-de-lor\\\/#article\",\"isPartOf\":{\"@id\":\"https:\\\/\\\/www.gold.fr\\\/news\\\/2017\\\/01\\\/17\\\/les-analystes-confiants-quant-a-la-progression-de-lor\\\/\"},\"author\":{\"name\":\"Comptoir National de l'Or\",\"@id\":\"https:\\\/\\\/www.gold.fr\\\/news\\\/#\\\/schema\\\/person\\\/070491b4b4fb7671bf59b3be20302ce9\"},\"headline\":\"Les analystes confiants quant \u00e0 la progression de l\u2019or\",\"datePublished\":\"2017-01-17T16:00:05+00:00\",\"dateModified\":\"2021-01-11T16:30:40+00:00\",\"mainEntityOfPage\":{\"@id\":\"https:\\\/\\\/www.gold.fr\\\/news\\\/2017\\\/01\\\/17\\\/les-analystes-confiants-quant-a-la-progression-de-lor\\\/\"},\"wordCount\":425,\"image\":{\"@id\":\"https:\\\/\\\/www.gold.fr\\\/news\\\/2017\\\/01\\\/17\\\/les-analystes-confiants-quant-a-la-progression-de-lor\\\/#primaryimage\"},\"thumbnailUrl\":\"https:\\\/\\\/www.gold.fr\\\/news\\\/wp-content\\\/uploads\\\/2014\\\/09\\\/image-2.png\",\"keywords\":[\"Pr\u00e9vision or\",\"pr\u00e9visions\"],\"articleSection\":[\"Articles de presse\"],\"inLanguage\":\"fr-FR\"},{\"@type\":\"WebPage\",\"@id\":\"https:\\\/\\\/www.gold.fr\\\/news\\\/2017\\\/01\\\/17\\\/les-analystes-confiants-quant-a-la-progression-de-lor\\\/\",\"url\":\"https:\\\/\\\/www.gold.fr\\\/news\\\/2017\\\/01\\\/17\\\/les-analystes-confiants-quant-a-la-progression-de-lor\\\/\",\"name\":\"Les analystes confiants quant \u00e0 la progression de l\u2019or - Gold.fr\",\"isPartOf\":{\"@id\":\"https:\\\/\\\/www.gold.fr\\\/news\\\/#website\"},\"primaryImageOfPage\":{\"@id\":\"https:\\\/\\\/www.gold.fr\\\/news\\\/2017\\\/01\\\/17\\\/les-analystes-confiants-quant-a-la-progression-de-lor\\\/#primaryimage\"},\"image\":{\"@id\":\"https:\\\/\\\/www.gold.fr\\\/news\\\/2017\\\/01\\\/17\\\/les-analystes-confiants-quant-a-la-progression-de-lor\\\/#primaryimage\"},\"thumbnailUrl\":\"https:\\\/\\\/www.gold.fr\\\/news\\\/wp-content\\\/uploads\\\/2014\\\/09\\\/image-2.png\",\"datePublished\":\"2017-01-17T16:00:05+00:00\",\"dateModified\":\"2021-01-11T16:30:40+00:00\",\"author\":{\"@id\":\"https:\\\/\\\/www.gold.fr\\\/news\\\/#\\\/schema\\\/person\\\/070491b4b4fb7671bf59b3be20302ce9\"},\"breadcrumb\":{\"@id\":\"https:\\\/\\\/www.gold.fr\\\/news\\\/2017\\\/01\\\/17\\\/les-analystes-confiants-quant-a-la-progression-de-lor\\\/#breadcrumb\"},\"inLanguage\":\"fr-FR\",\"potentialAction\":[{\"@type\":\"ReadAction\",\"target\":[\"https:\\\/\\\/www.gold.fr\\\/news\\\/2017\\\/01\\\/17\\\/les-analystes-confiants-quant-a-la-progression-de-lor\\\/\"]}]},{\"@type\":\"ImageObject\",\"inLanguage\":\"fr-FR\",\"@id\":\"https:\\\/\\\/www.gold.fr\\\/news\\\/2017\\\/01\\\/17\\\/les-analystes-confiants-quant-a-la-progression-de-lor\\\/#primaryimage\",\"url\":\"https:\\\/\\\/www.gold.fr\\\/news\\\/wp-content\\\/uploads\\\/2014\\\/09\\\/image-2.png\",\"contentUrl\":\"https:\\\/\\\/www.gold.fr\\\/news\\\/wp-content\\\/uploads\\\/2014\\\/09\\\/image-2.png\",\"width\":\"283\",\"height\":\"220\",\"caption\":\"Les analystes confiants quant \u00e0 la progression de l\u2019or\"},{\"@type\":\"BreadcrumbList\",\"@id\":\"https:\\\/\\\/www.gold.fr\\\/news\\\/2017\\\/01\\\/17\\\/les-analystes-confiants-quant-a-la-progression-de-lor\\\/#breadcrumb\",\"itemListElement\":[{\"@type\":\"ListItem\",\"position\":1,\"name\":\"Accueil\",\"item\":\"https:\\\/\\\/www.gold.fr\\\/\"},{\"@type\":\"ListItem\",\"position\":2,\"name\":\"Actualit\u00e9s\",\"item\":\"https:\\\/\\\/www.gold.fr\\\/news\\\/\"},{\"@type\":\"ListItem\",\"position\":3,\"name\":\"Les analystes confiants quant \u00e0 la progression de l\u2019or\"}]},{\"@type\":\"WebSite\",\"@id\":\"https:\\\/\\\/www.gold.fr\\\/news\\\/#website\",\"url\":\"https:\\\/\\\/www.gold.fr\\\/news\\\/\",\"name\":\"Gold.fr\",\"description\":\"Actualit\u00e9s de l&#039;Or et des m\u00e9taux pr\u00e9cieux\",\"potentialAction\":[{\"@type\":\"SearchAction\",\"target\":{\"@type\":\"EntryPoint\",\"urlTemplate\":\"https:\\\/\\\/www.gold.fr\\\/news\\\/?s={search_term_string}\"},\"query-input\":{\"@type\":\"PropertyValueSpecification\",\"valueRequired\":true,\"valueName\":\"search_term_string\"}}],\"inLanguage\":\"fr-FR\"},{\"@type\":\"Person\",\"@id\":\"https:\\\/\\\/www.gold.fr\\\/news\\\/#\\\/schema\\\/person\\\/070491b4b4fb7671bf59b3be20302ce9\",\"name\":\"Comptoir National de l'Or\",\"image\":{\"@type\":\"ImageObject\",\"inLanguage\":\"fr-FR\",\"@id\":\"https:\\\/\\\/secure.gravatar.com\\\/avatar\\\/0a2867fd5abe37bed95d5a65e9d58f01756e11efc68af9888dfc50cfa7f65948?s=96&d=mm&r=gb490554db0a38188709de567aa58480d\",\"url\":\"https:\\\/\\\/secure.gravatar.com\\\/avatar\\\/0a2867fd5abe37bed95d5a65e9d58f01756e11efc68af9888dfc50cfa7f65948?s=96&d=mm&r=g\",\"contentUrl\":\"https:\\\/\\\/secure.gravatar.com\\\/avatar\\\/0a2867fd5abe37bed95d5a65e9d58f01756e11efc68af9888dfc50cfa7f65948?s=96&d=mm&r=g\",\"caption\":\"Comptoir National de l'Or\"},\"description\":\"Notre r\u00e9daction est constitu\u00e9e de membres experts dans les m\u00e9tiers de l'\u00e9conomie et la gestion, des Responsables d'agence Comptoir National de l'Or, des analystes financiers qui publient r\u00e9guli\u00e8rement des \u00e9tudes sur les politiques des banques centrales, le cours de l'or, prix de l'or, cours de l'argent, prix de l'argent, cours du platine, cours du palladium,... la situation en zone euro et l'impact de la strat\u00e9gie mon\u00e9taire de la FED. Notre \u00e9quipe scrute \u00e9galement une information plus g\u00e9n\u00e9raliste \u00e0 la recherche d'actualit\u00e9 \\\"p\u00e9pite\\\" \u00e0 vous partager. Depuis 5 ans, nous avons publi\u00e9 un peu plus de 4000 articles qui s'adressent \u00e0 un public large et vari\u00e9 ayant pour objectif de satisfaire votre curiosit\u00e9 et de partager avec vous une certaine fascination pour le m\u00e9tal jaune, le rachat d'or, et pour ceux qui veulent investir dans l'or, vendre leur or tout simplement en savoir plus... Pour tous vos achat or et argent, n'h\u00e9sitez pas \u00e0 prendre rendez-vous dans l'un de nos nombreux comptoirs.\",\"sameAs\":[\"https:\\\/\\\/www.gold.fr\"]}]}<\/script>\n<!-- \/ Yoast SEO plugin. -->","yoast_head_json":{"title":"Les analystes confiants quant \u00e0 la progression de l\u2019or - Gold.fr","robots":{"index":"index","follow":"follow","max-snippet":"max-snippet:-1","max-image-preview":"max-image-preview:large","max-video-preview":"max-video-preview:-1"},"canonical":"https:\/\/www.gold.fr\/news\/2017\/01\/17\/les-analystes-confiants-quant-a-la-progression-de-lor\/","og_locale":"fr_FR","og_type":"article","og_title":"Les analystes confiants quant \u00e0 la progression de l\u2019or - Gold.fr","og_description":"Le cours de l\u2019once d&rsquo;or ayant cl\u00f4tur\u00e9 l&rsquo;ann\u00e9e 2016 avec un gain sup\u00e9rieur \u00e0 8 %, entame l&rsquo;exercice 2017 avec une variation positive de 2,5 %. Une tendance haussi\u00e8re soutenue, constat\u00e9e \u00e9galement lors de la s\u00e9ance [&hellip;]","og_url":"https:\/\/www.gold.fr\/news\/2017\/01\/17\/les-analystes-confiants-quant-a-la-progression-de-lor\/","og_site_name":"Gold.fr","article_publisher":"https:\/\/www.facebook.com\/Goldfr\/","article_published_time":"2017-01-17T16:00:05+00:00","article_modified_time":"2021-01-11T16:30:40+00:00","og_image":[{"width":283,"height":220,"url":"https:\/\/www.gold.fr\/news\/wp-content\/uploads\/2014\/09\/image-2.png","type":"image\/png"}],"author":"Comptoir National de l'Or","twitter_card":"summary_large_image","twitter_misc":{"\u00c9crit par":"Comptoir National de l'Or","Dur\u00e9e de lecture estim\u00e9e":"2 minutes"},"schema":{"@context":"https:\/\/schema.org","@graph":[{"@type":"Article","@id":"https:\/\/www.gold.fr\/news\/2017\/01\/17\/les-analystes-confiants-quant-a-la-progression-de-lor\/#article","isPartOf":{"@id":"https:\/\/www.gold.fr\/news\/2017\/01\/17\/les-analystes-confiants-quant-a-la-progression-de-lor\/"},"author":{"name":"Comptoir National de l'Or","@id":"https:\/\/www.gold.fr\/news\/#\/schema\/person\/070491b4b4fb7671bf59b3be20302ce9"},"headline":"Les analystes confiants quant \u00e0 la progression de l\u2019or","datePublished":"2017-01-17T16:00:05+00:00","dateModified":"2021-01-11T16:30:40+00:00","mainEntityOfPage":{"@id":"https:\/\/www.gold.fr\/news\/2017\/01\/17\/les-analystes-confiants-quant-a-la-progression-de-lor\/"},"wordCount":425,"image":{"@id":"https:\/\/www.gold.fr\/news\/2017\/01\/17\/les-analystes-confiants-quant-a-la-progression-de-lor\/#primaryimage"},"thumbnailUrl":"https:\/\/www.gold.fr\/news\/wp-content\/uploads\/2014\/09\/image-2.png","keywords":["Pr\u00e9vision or","pr\u00e9visions"],"articleSection":["Articles de presse"],"inLanguage":"fr-FR"},{"@type":"WebPage","@id":"https:\/\/www.gold.fr\/news\/2017\/01\/17\/les-analystes-confiants-quant-a-la-progression-de-lor\/","url":"https:\/\/www.gold.fr\/news\/2017\/01\/17\/les-analystes-confiants-quant-a-la-progression-de-lor\/","name":"Les analystes confiants quant \u00e0 la progression de l\u2019or - Gold.fr","isPartOf":{"@id":"https:\/\/www.gold.fr\/news\/#website"},"primaryImageOfPage":{"@id":"https:\/\/www.gold.fr\/news\/2017\/01\/17\/les-analystes-confiants-quant-a-la-progression-de-lor\/#primaryimage"},"image":{"@id":"https:\/\/www.gold.fr\/news\/2017\/01\/17\/les-analystes-confiants-quant-a-la-progression-de-lor\/#primaryimage"},"thumbnailUrl":"https:\/\/www.gold.fr\/news\/wp-content\/uploads\/2014\/09\/image-2.png","datePublished":"2017-01-17T16:00:05+00:00","dateModified":"2021-01-11T16:30:40+00:00","author":{"@id":"https:\/\/www.gold.fr\/news\/#\/schema\/person\/070491b4b4fb7671bf59b3be20302ce9"},"breadcrumb":{"@id":"https:\/\/www.gold.fr\/news\/2017\/01\/17\/les-analystes-confiants-quant-a-la-progression-de-lor\/#breadcrumb"},"inLanguage":"fr-FR","potentialAction":[{"@type":"ReadAction","target":["https:\/\/www.gold.fr\/news\/2017\/01\/17\/les-analystes-confiants-quant-a-la-progression-de-lor\/"]}]},{"@type":"ImageObject","inLanguage":"fr-FR","@id":"https:\/\/www.gold.fr\/news\/2017\/01\/17\/les-analystes-confiants-quant-a-la-progression-de-lor\/#primaryimage","url":"https:\/\/www.gold.fr\/news\/wp-content\/uploads\/2014\/09\/image-2.png","contentUrl":"https:\/\/www.gold.fr\/news\/wp-content\/uploads\/2014\/09\/image-2.png","width":"283","height":"220","caption":"Les analystes confiants quant \u00e0 la progression de l\u2019or"},{"@type":"BreadcrumbList","@id":"https:\/\/www.gold.fr\/news\/2017\/01\/17\/les-analystes-confiants-quant-a-la-progression-de-lor\/#breadcrumb","itemListElement":[{"@type":"ListItem","position":1,"name":"Accueil","item":"https:\/\/www.gold.fr\/"},{"@type":"ListItem","position":2,"name":"Actualit\u00e9s","item":"https:\/\/www.gold.fr\/news\/"},{"@type":"ListItem","position":3,"name":"Les analystes confiants quant \u00e0 la progression de l\u2019or"}]},{"@type":"WebSite","@id":"https:\/\/www.gold.fr\/news\/#website","url":"https:\/\/www.gold.fr\/news\/","name":"Gold.fr","description":"Actualit\u00e9s de l&#039;Or et des m\u00e9taux pr\u00e9cieux","potentialAction":[{"@type":"SearchAction","target":{"@type":"EntryPoint","urlTemplate":"https:\/\/www.gold.fr\/news\/?s={search_term_string}"},"query-input":{"@type":"PropertyValueSpecification","valueRequired":true,"valueName":"search_term_string"}}],"inLanguage":"fr-FR"},{"@type":"Person","@id":"https:\/\/www.gold.fr\/news\/#\/schema\/person\/070491b4b4fb7671bf59b3be20302ce9","name":"Comptoir National de l'Or","image":{"@type":"ImageObject","inLanguage":"fr-FR","@id":"https:\/\/secure.gravatar.com\/avatar\/0a2867fd5abe37bed95d5a65e9d58f01756e11efc68af9888dfc50cfa7f65948?s=96&d=mm&r=gb490554db0a38188709de567aa58480d","url":"https:\/\/secure.gravatar.com\/avatar\/0a2867fd5abe37bed95d5a65e9d58f01756e11efc68af9888dfc50cfa7f65948?s=96&d=mm&r=g","contentUrl":"https:\/\/secure.gravatar.com\/avatar\/0a2867fd5abe37bed95d5a65e9d58f01756e11efc68af9888dfc50cfa7f65948?s=96&d=mm&r=g","caption":"Comptoir National de l'Or"},"description":"Notre r\u00e9daction est constitu\u00e9e de membres experts dans les m\u00e9tiers de l'\u00e9conomie et la gestion, des Responsables d'agence Comptoir National de l'Or, des analystes financiers qui publient r\u00e9guli\u00e8rement des \u00e9tudes sur les politiques des banques centrales, le cours de l'or, prix de l'or, cours de l'argent, prix de l'argent, cours du platine, cours du palladium,... la situation en zone euro et l'impact de la strat\u00e9gie mon\u00e9taire de la FED. Notre \u00e9quipe scrute \u00e9galement une information plus g\u00e9n\u00e9raliste \u00e0 la recherche d'actualit\u00e9 \"p\u00e9pite\" \u00e0 vous partager. Depuis 5 ans, nous avons publi\u00e9 un peu plus de 4000 articles qui s'adressent \u00e0 un public large et vari\u00e9 ayant pour objectif de satisfaire votre curiosit\u00e9 et de partager avec vous une certaine fascination pour le m\u00e9tal jaune, le rachat d'or, et pour ceux qui veulent investir dans l'or, vendre leur or tout simplement en savoir plus... Pour tous vos achat or et argent, n'h\u00e9sitez pas \u00e0 prendre rendez-vous dans l'un de nos nombreux comptoirs.","sameAs":["https:\/\/www.gold.fr"]}]}},"authors":[{"term_id":2565,"user_id":18,"is_guest":0,"slug":"julie","display_name":"Comptoir National de l'Or","avatar_url":"https:\/\/secure.gravatar.com\/avatar\/713f289e398d35ead876c4a4cc08607f0d6d266058cfc25683fffb6092d0e572?s=96&d=mm&r=g","0":null,"1":"","2":"","3":"","4":"","5":"","6":"","7":"","8":""}],"_links":{"self":[{"href":"https:\/\/www.gold.fr\/news\/wp-json\/wp\/v2\/posts\/20676","targetHints":{"allow":["GET"]}}],"collection":[{"href":"https:\/\/www.gold.fr\/news\/wp-json\/wp\/v2\/posts"}],"about":[{"href":"https:\/\/www.gold.fr\/news\/wp-json\/wp\/v2\/types\/post"}],"author":[{"embeddable":true,"href":"https:\/\/www.gold.fr\/news\/wp-json\/wp\/v2\/users\/18"}],"replies":[{"embeddable":true,"href":"https:\/\/www.gold.fr\/news\/wp-json\/wp\/v2\/comments?post=20676"}],"version-history":[{"count":0,"href":"https:\/\/www.gold.fr\/news\/wp-json\/wp\/v2\/posts\/20676\/revisions"}],"wp:featuredmedia":[{"embeddable":true,"href":"https:\/\/www.gold.fr\/news\/wp-json\/wp\/v2\/media\/15669"}],"wp:attachment":[{"href":"https:\/\/www.gold.fr\/news\/wp-json\/wp\/v2\/media?parent=20676"}],"wp:term":[{"taxonomy":"category","embeddable":true,"href":"https:\/\/www.gold.fr\/news\/wp-json\/wp\/v2\/categories?post=20676"},{"taxonomy":"post_tag","embeddable":true,"href":"https:\/\/www.gold.fr\/news\/wp-json\/wp\/v2\/tags?post=20676"},{"taxonomy":"author","embeddable":true,"href":"https:\/\/www.gold.fr\/news\/wp-json\/wp\/v2\/ppma_author?post=20676"}],"curies":[{"name":"wp","href":"https:\/\/api.w.org\/{rel}","templated":true}]}}