{"id":20667,"date":"2017-01-16T13:00:23","date_gmt":"2017-01-16T12:00:23","guid":{"rendered":"https:\/\/www.gold.fr\/news\/?p=20667"},"modified":"2021-01-13T13:08:03","modified_gmt":"2021-01-13T12:08:03","slug":"lonce-stable-en-ce-debut-de-semaine","status":"publish","type":"post","link":"https:\/\/www.gold.fr\/news\/2017\/01\/16\/lonce-stable-en-ce-debut-de-semaine\/","title":{"rendered":"L\u2019once stable en ce d\u00e9but de semaine"},"content":{"rendered":"<p class=\"alignnone\" title=\"L\u2019once stable en ce d\u00e9but de semaine\"><img loading=\"lazy\" decoding=\"async\" class=\"alignleft size-thumbnail wp-image-4859\" src=\"https:\/\/www.gold.fr\/news\/wp-content\/uploads\/2012\/01\/balance-dor-150x150.jpg\" alt=\"L\u2019once stable en ce d\u00e9but de semaine\" width=\"150\" height=\"150\" \/>Ce d\u00e9but de semaine s&rsquo;annonce peu anim\u00e9 du c\u00f4t\u00e9 de la Bourse de Paris. Les march\u00e9s am\u00e9ricains, quant \u00e0 eux, devraient rester ferm\u00e9s ce <strong>lundi 16 janvier 2017<\/strong> \u00e0 l&rsquo;occasion du \u00ab <em>Marin Luther King Jr. Day<\/em> \u00bb. Un l\u00e9ger repli a \u00e9t\u00e9 constat\u00e9 au niveau du <strong>CAC 40<\/strong> qui recule de <strong>27 points<\/strong> pour atteindre les <strong>4894,5 points<\/strong>, inaugurant ainsi une s\u00e9ance dans le rouge. Cette variation n\u00e9gative vient inverser la tendance not\u00e9e vendredi, lors de la cl\u00f4ture o\u00f9 la valeur de l&rsquo;indice avait atteint les <strong>4922,5 points<\/strong>. De l&rsquo;autre c\u00f4t\u00e9 de l&rsquo;atlantique, les indices am\u00e9ricains avaient termin\u00e9 la s\u00e9ance du vendredi avec un l\u00e9ger recul de <strong>0,1 %<\/strong>. Durant cette semaine, les investisseurs suivront avec int\u00e9r\u00eat aussi bien les nouvelles publications de r\u00e9sultats des grandes soci\u00e9t\u00e9s am\u00e9ricaines (Morgan Stanley, IBM, GE,) que le discours de <strong>Theresa May<\/strong> (GB) qui devrait communiquer la feuille de route du \u00ab <em>Brexit<\/em> \u00bb. Autre \u00e9v\u00e9nement marquant, la c\u00e9r\u00e9monie d&rsquo;investiture de Donald Trump qui aura lieu ce vendredi, date de l&rsquo;entr\u00e9e en fonction du nouveau gouvernement am\u00e9ricain.Dans ce contexte, le <a href=\"http:\/\/www.gold.fr\/cours-or-prix-de-l-or\/\">cours<\/a> de <a href=\"http:\/\/www.gold.fr\/once-or-nyc\/\" target=\"_blank\" rel=\"noopener noreferrer\">l\u2019once<\/a> reste relativement stable et affiche en ce <strong>lundi 16 janvier 2017<\/strong> un <a href=\"http:\/\/www.gold.fr\/cours-or-prix-de-l-or\/\" target=\"_blank\" rel=\"noopener noreferrer\">cours<\/a> de <strong>1 195.70 dollars<\/strong>.<\/p>\n<!-- AddThis Advanced Settings generic via filter on the_content --><!-- AddThis Share Buttons generic via filter on the_content -->","protected":false},"excerpt":{"rendered":"<p>Ce d\u00e9but de semaine s&rsquo;annonce peu anim\u00e9 du c\u00f4t\u00e9 de la Bourse de Paris. Les march\u00e9s am\u00e9ricains, quant \u00e0 eux, devraient rester ferm\u00e9s ce lundi 16 janvier 2017 \u00e0 l&rsquo;occasion du \u00ab Marin Luther King Jr. [&hellip;]<\/p>\n","protected":false},"author":18,"featured_media":4859,"comment_status":"closed","ping_status":"closed","sticky":false,"template":"","format":"standard","meta":{"_mbp_gutenberg_autopost":false,"_pgmb_is_evergreen":false,"_pgmb_ap_template_id":0,"footnotes":""},"categories":[5],"tags":[351],"ppma_author":[2565],"class_list":["post-20667","post","type-post","status-publish","format-standard","has-post-thumbnail","hentry","category-flash-infos","tag-stabilisation-du-cours-de-lor"],"yoast_head":"<!-- This site is optimized with the Yoast SEO plugin v27.5 - https:\/\/yoast.com\/product\/yoast-seo-wordpress\/ -->\n<title>L\u2019once stable en ce d\u00e9but de semaine - Gold.fr<\/title>\n<meta name=\"robots\" content=\"index, follow, max-snippet:-1, max-image-preview:large, max-video-preview:-1\" \/>\n<link rel=\"canonical\" href=\"https:\/\/www.gold.fr\/news\/2017\/01\/16\/lonce-stable-en-ce-debut-de-semaine\/\" \/>\n<meta property=\"og:locale\" content=\"fr_FR\" \/>\n<meta property=\"og:type\" content=\"article\" \/>\n<meta property=\"og:title\" content=\"L\u2019once stable en ce d\u00e9but de semaine - Gold.fr\" \/>\n<meta property=\"og:description\" content=\"Ce d\u00e9but de semaine s&rsquo;annonce peu anim\u00e9 du c\u00f4t\u00e9 de la Bourse de Paris. Les march\u00e9s am\u00e9ricains, quant \u00e0 eux, devraient rester ferm\u00e9s ce lundi 16 janvier 2017 \u00e0 l&rsquo;occasion du \u00ab Marin Luther King Jr. [&hellip;]\" \/>\n<meta property=\"og:url\" content=\"https:\/\/www.gold.fr\/news\/2017\/01\/16\/lonce-stable-en-ce-debut-de-semaine\/\" \/>\n<meta property=\"og:site_name\" content=\"Gold.fr\" \/>\n<meta property=\"article:publisher\" content=\"https:\/\/www.facebook.com\/Goldfr\/\" \/>\n<meta property=\"article:published_time\" content=\"2017-01-16T12:00:23+00:00\" \/>\n<meta property=\"article:modified_time\" content=\"2021-01-13T12:08:03+00:00\" \/>\n<meta property=\"og:image\" content=\"https:\/\/www.gold.fr\/news\/wp-content\/uploads\/2012\/01\/balance-dor.jpg\" \/>\n\t<meta property=\"og:image:width\" content=\"338\" \/>\n\t<meta property=\"og:image:height\" content=\"506\" \/>\n\t<meta property=\"og:image:type\" content=\"image\/jpeg\" \/>\n<meta name=\"author\" content=\"Comptoir National de l&#039;Or\" \/>\n<meta name=\"twitter:card\" content=\"summary_large_image\" \/>\n<meta name=\"twitter:label1\" content=\"\u00c9crit par\" \/>\n\t<meta name=\"twitter:data1\" content=\"Comptoir National de l&#039;Or\" \/>\n\t<meta name=\"twitter:label2\" content=\"Dur\u00e9e de lecture estim\u00e9e\" \/>\n\t<meta name=\"twitter:data2\" content=\"1 minute\" \/>\n<script type=\"application\/ld+json\" class=\"yoast-schema-graph\">{\"@context\":\"https:\\\/\\\/schema.org\",\"@graph\":[{\"@type\":\"Article\",\"@id\":\"https:\\\/\\\/www.gold.fr\\\/news\\\/2017\\\/01\\\/16\\\/lonce-stable-en-ce-debut-de-semaine\\\/#article\",\"isPartOf\":{\"@id\":\"https:\\\/\\\/www.gold.fr\\\/news\\\/2017\\\/01\\\/16\\\/lonce-stable-en-ce-debut-de-semaine\\\/\"},\"author\":{\"name\":\"Comptoir National de l'Or\",\"@id\":\"https:\\\/\\\/www.gold.fr\\\/news\\\/#\\\/schema\\\/person\\\/070491b4b4fb7671bf59b3be20302ce9\"},\"headline\":\"L\u2019once stable en ce d\u00e9but de semaine\",\"datePublished\":\"2017-01-16T12:00:23+00:00\",\"dateModified\":\"2021-01-13T12:08:03+00:00\",\"mainEntityOfPage\":{\"@id\":\"https:\\\/\\\/www.gold.fr\\\/news\\\/2017\\\/01\\\/16\\\/lonce-stable-en-ce-debut-de-semaine\\\/\"},\"wordCount\":222,\"image\":{\"@id\":\"https:\\\/\\\/www.gold.fr\\\/news\\\/2017\\\/01\\\/16\\\/lonce-stable-en-ce-debut-de-semaine\\\/#primaryimage\"},\"thumbnailUrl\":\"https:\\\/\\\/www.gold.fr\\\/news\\\/wp-content\\\/uploads\\\/2012\\\/01\\\/balance-dor.jpg\",\"keywords\":[\"stabilisation du cours de l'or\"],\"articleSection\":[\"Flash infos\"],\"inLanguage\":\"fr-FR\"},{\"@type\":\"WebPage\",\"@id\":\"https:\\\/\\\/www.gold.fr\\\/news\\\/2017\\\/01\\\/16\\\/lonce-stable-en-ce-debut-de-semaine\\\/\",\"url\":\"https:\\\/\\\/www.gold.fr\\\/news\\\/2017\\\/01\\\/16\\\/lonce-stable-en-ce-debut-de-semaine\\\/\",\"name\":\"L\u2019once stable en ce d\u00e9but de semaine - Gold.fr\",\"isPartOf\":{\"@id\":\"https:\\\/\\\/www.gold.fr\\\/news\\\/#website\"},\"primaryImageOfPage\":{\"@id\":\"https:\\\/\\\/www.gold.fr\\\/news\\\/2017\\\/01\\\/16\\\/lonce-stable-en-ce-debut-de-semaine\\\/#primaryimage\"},\"image\":{\"@id\":\"https:\\\/\\\/www.gold.fr\\\/news\\\/2017\\\/01\\\/16\\\/lonce-stable-en-ce-debut-de-semaine\\\/#primaryimage\"},\"thumbnailUrl\":\"https:\\\/\\\/www.gold.fr\\\/news\\\/wp-content\\\/uploads\\\/2012\\\/01\\\/balance-dor.jpg\",\"datePublished\":\"2017-01-16T12:00:23+00:00\",\"dateModified\":\"2021-01-13T12:08:03+00:00\",\"author\":{\"@id\":\"https:\\\/\\\/www.gold.fr\\\/news\\\/#\\\/schema\\\/person\\\/070491b4b4fb7671bf59b3be20302ce9\"},\"breadcrumb\":{\"@id\":\"https:\\\/\\\/www.gold.fr\\\/news\\\/2017\\\/01\\\/16\\\/lonce-stable-en-ce-debut-de-semaine\\\/#breadcrumb\"},\"inLanguage\":\"fr-FR\",\"potentialAction\":[{\"@type\":\"ReadAction\",\"target\":[\"https:\\\/\\\/www.gold.fr\\\/news\\\/2017\\\/01\\\/16\\\/lonce-stable-en-ce-debut-de-semaine\\\/\"]}]},{\"@type\":\"ImageObject\",\"inLanguage\":\"fr-FR\",\"@id\":\"https:\\\/\\\/www.gold.fr\\\/news\\\/2017\\\/01\\\/16\\\/lonce-stable-en-ce-debut-de-semaine\\\/#primaryimage\",\"url\":\"https:\\\/\\\/www.gold.fr\\\/news\\\/wp-content\\\/uploads\\\/2012\\\/01\\\/balance-dor.jpg\",\"contentUrl\":\"https:\\\/\\\/www.gold.fr\\\/news\\\/wp-content\\\/uploads\\\/2012\\\/01\\\/balance-dor.jpg\",\"width\":\"338\",\"height\":\"506\",\"caption\":\"L\u2019once stable en ce d\u00e9but de semaine\"},{\"@type\":\"BreadcrumbList\",\"@id\":\"https:\\\/\\\/www.gold.fr\\\/news\\\/2017\\\/01\\\/16\\\/lonce-stable-en-ce-debut-de-semaine\\\/#breadcrumb\",\"itemListElement\":[{\"@type\":\"ListItem\",\"position\":1,\"name\":\"Accueil\",\"item\":\"https:\\\/\\\/www.gold.fr\\\/\"},{\"@type\":\"ListItem\",\"position\":2,\"name\":\"Actualit\u00e9s\",\"item\":\"https:\\\/\\\/www.gold.fr\\\/news\\\/\"},{\"@type\":\"ListItem\",\"position\":3,\"name\":\"L\u2019once stable en ce d\u00e9but de semaine\"}]},{\"@type\":\"WebSite\",\"@id\":\"https:\\\/\\\/www.gold.fr\\\/news\\\/#website\",\"url\":\"https:\\\/\\\/www.gold.fr\\\/news\\\/\",\"name\":\"Gold.fr\",\"description\":\"Actualit\u00e9s de l&#039;Or et des m\u00e9taux pr\u00e9cieux\",\"potentialAction\":[{\"@type\":\"SearchAction\",\"target\":{\"@type\":\"EntryPoint\",\"urlTemplate\":\"https:\\\/\\\/www.gold.fr\\\/news\\\/?s={search_term_string}\"},\"query-input\":{\"@type\":\"PropertyValueSpecification\",\"valueRequired\":true,\"valueName\":\"search_term_string\"}}],\"inLanguage\":\"fr-FR\"},{\"@type\":\"Person\",\"@id\":\"https:\\\/\\\/www.gold.fr\\\/news\\\/#\\\/schema\\\/person\\\/070491b4b4fb7671bf59b3be20302ce9\",\"name\":\"Comptoir National de l'Or\",\"image\":{\"@type\":\"ImageObject\",\"inLanguage\":\"fr-FR\",\"@id\":\"https:\\\/\\\/secure.gravatar.com\\\/avatar\\\/0a2867fd5abe37bed95d5a65e9d58f01756e11efc68af9888dfc50cfa7f65948?s=96&d=mm&r=gb490554db0a38188709de567aa58480d\",\"url\":\"https:\\\/\\\/secure.gravatar.com\\\/avatar\\\/0a2867fd5abe37bed95d5a65e9d58f01756e11efc68af9888dfc50cfa7f65948?s=96&d=mm&r=g\",\"contentUrl\":\"https:\\\/\\\/secure.gravatar.com\\\/avatar\\\/0a2867fd5abe37bed95d5a65e9d58f01756e11efc68af9888dfc50cfa7f65948?s=96&d=mm&r=g\",\"caption\":\"Comptoir National de l'Or\"},\"description\":\"Notre r\u00e9daction est constitu\u00e9e de membres experts dans les m\u00e9tiers de l'\u00e9conomie et la gestion, des Responsables d'agence Comptoir National de l'Or, des analystes financiers qui publient r\u00e9guli\u00e8rement des \u00e9tudes sur les politiques des banques centrales, le cours de l'or, prix de l'or, cours de l'argent, prix de l'argent, cours du platine, cours du palladium,... la situation en zone euro et l'impact de la strat\u00e9gie mon\u00e9taire de la FED. Notre \u00e9quipe scrute \u00e9galement une information plus g\u00e9n\u00e9raliste \u00e0 la recherche d'actualit\u00e9 \\\"p\u00e9pite\\\" \u00e0 vous partager. Depuis 5 ans, nous avons publi\u00e9 un peu plus de 4000 articles qui s'adressent \u00e0 un public large et vari\u00e9 ayant pour objectif de satisfaire votre curiosit\u00e9 et de partager avec vous une certaine fascination pour le m\u00e9tal jaune, le rachat d'or, et pour ceux qui veulent investir dans l'or, vendre leur or tout simplement en savoir plus... Pour tous vos achat or et argent, n'h\u00e9sitez pas \u00e0 prendre rendez-vous dans l'un de nos nombreux comptoirs.\",\"sameAs\":[\"https:\\\/\\\/www.gold.fr\"]}]}<\/script>\n<!-- \/ Yoast SEO plugin. -->","yoast_head_json":{"title":"L\u2019once stable en ce d\u00e9but de semaine - Gold.fr","robots":{"index":"index","follow":"follow","max-snippet":"max-snippet:-1","max-image-preview":"max-image-preview:large","max-video-preview":"max-video-preview:-1"},"canonical":"https:\/\/www.gold.fr\/news\/2017\/01\/16\/lonce-stable-en-ce-debut-de-semaine\/","og_locale":"fr_FR","og_type":"article","og_title":"L\u2019once stable en ce d\u00e9but de semaine - Gold.fr","og_description":"Ce d\u00e9but de semaine s&rsquo;annonce peu anim\u00e9 du c\u00f4t\u00e9 de la Bourse de Paris. Les march\u00e9s am\u00e9ricains, quant \u00e0 eux, devraient rester ferm\u00e9s ce lundi 16 janvier 2017 \u00e0 l&rsquo;occasion du \u00ab Marin Luther King Jr. [&hellip;]","og_url":"https:\/\/www.gold.fr\/news\/2017\/01\/16\/lonce-stable-en-ce-debut-de-semaine\/","og_site_name":"Gold.fr","article_publisher":"https:\/\/www.facebook.com\/Goldfr\/","article_published_time":"2017-01-16T12:00:23+00:00","article_modified_time":"2021-01-13T12:08:03+00:00","og_image":[{"width":338,"height":506,"url":"https:\/\/www.gold.fr\/news\/wp-content\/uploads\/2012\/01\/balance-dor.jpg","type":"image\/jpeg"}],"author":"Comptoir National de l'Or","twitter_card":"summary_large_image","twitter_misc":{"\u00c9crit par":"Comptoir National de l'Or","Dur\u00e9e de lecture estim\u00e9e":"1 minute"},"schema":{"@context":"https:\/\/schema.org","@graph":[{"@type":"Article","@id":"https:\/\/www.gold.fr\/news\/2017\/01\/16\/lonce-stable-en-ce-debut-de-semaine\/#article","isPartOf":{"@id":"https:\/\/www.gold.fr\/news\/2017\/01\/16\/lonce-stable-en-ce-debut-de-semaine\/"},"author":{"name":"Comptoir National de l'Or","@id":"https:\/\/www.gold.fr\/news\/#\/schema\/person\/070491b4b4fb7671bf59b3be20302ce9"},"headline":"L\u2019once stable en ce d\u00e9but de semaine","datePublished":"2017-01-16T12:00:23+00:00","dateModified":"2021-01-13T12:08:03+00:00","mainEntityOfPage":{"@id":"https:\/\/www.gold.fr\/news\/2017\/01\/16\/lonce-stable-en-ce-debut-de-semaine\/"},"wordCount":222,"image":{"@id":"https:\/\/www.gold.fr\/news\/2017\/01\/16\/lonce-stable-en-ce-debut-de-semaine\/#primaryimage"},"thumbnailUrl":"https:\/\/www.gold.fr\/news\/wp-content\/uploads\/2012\/01\/balance-dor.jpg","keywords":["stabilisation du cours de l'or"],"articleSection":["Flash infos"],"inLanguage":"fr-FR"},{"@type":"WebPage","@id":"https:\/\/www.gold.fr\/news\/2017\/01\/16\/lonce-stable-en-ce-debut-de-semaine\/","url":"https:\/\/www.gold.fr\/news\/2017\/01\/16\/lonce-stable-en-ce-debut-de-semaine\/","name":"L\u2019once stable en ce d\u00e9but de semaine - Gold.fr","isPartOf":{"@id":"https:\/\/www.gold.fr\/news\/#website"},"primaryImageOfPage":{"@id":"https:\/\/www.gold.fr\/news\/2017\/01\/16\/lonce-stable-en-ce-debut-de-semaine\/#primaryimage"},"image":{"@id":"https:\/\/www.gold.fr\/news\/2017\/01\/16\/lonce-stable-en-ce-debut-de-semaine\/#primaryimage"},"thumbnailUrl":"https:\/\/www.gold.fr\/news\/wp-content\/uploads\/2012\/01\/balance-dor.jpg","datePublished":"2017-01-16T12:00:23+00:00","dateModified":"2021-01-13T12:08:03+00:00","author":{"@id":"https:\/\/www.gold.fr\/news\/#\/schema\/person\/070491b4b4fb7671bf59b3be20302ce9"},"breadcrumb":{"@id":"https:\/\/www.gold.fr\/news\/2017\/01\/16\/lonce-stable-en-ce-debut-de-semaine\/#breadcrumb"},"inLanguage":"fr-FR","potentialAction":[{"@type":"ReadAction","target":["https:\/\/www.gold.fr\/news\/2017\/01\/16\/lonce-stable-en-ce-debut-de-semaine\/"]}]},{"@type":"ImageObject","inLanguage":"fr-FR","@id":"https:\/\/www.gold.fr\/news\/2017\/01\/16\/lonce-stable-en-ce-debut-de-semaine\/#primaryimage","url":"https:\/\/www.gold.fr\/news\/wp-content\/uploads\/2012\/01\/balance-dor.jpg","contentUrl":"https:\/\/www.gold.fr\/news\/wp-content\/uploads\/2012\/01\/balance-dor.jpg","width":"338","height":"506","caption":"L\u2019once stable en ce d\u00e9but de semaine"},{"@type":"BreadcrumbList","@id":"https:\/\/www.gold.fr\/news\/2017\/01\/16\/lonce-stable-en-ce-debut-de-semaine\/#breadcrumb","itemListElement":[{"@type":"ListItem","position":1,"name":"Accueil","item":"https:\/\/www.gold.fr\/"},{"@type":"ListItem","position":2,"name":"Actualit\u00e9s","item":"https:\/\/www.gold.fr\/news\/"},{"@type":"ListItem","position":3,"name":"L\u2019once stable en ce d\u00e9but de semaine"}]},{"@type":"WebSite","@id":"https:\/\/www.gold.fr\/news\/#website","url":"https:\/\/www.gold.fr\/news\/","name":"Gold.fr","description":"Actualit\u00e9s de l&#039;Or et des m\u00e9taux pr\u00e9cieux","potentialAction":[{"@type":"SearchAction","target":{"@type":"EntryPoint","urlTemplate":"https:\/\/www.gold.fr\/news\/?s={search_term_string}"},"query-input":{"@type":"PropertyValueSpecification","valueRequired":true,"valueName":"search_term_string"}}],"inLanguage":"fr-FR"},{"@type":"Person","@id":"https:\/\/www.gold.fr\/news\/#\/schema\/person\/070491b4b4fb7671bf59b3be20302ce9","name":"Comptoir National de l'Or","image":{"@type":"ImageObject","inLanguage":"fr-FR","@id":"https:\/\/secure.gravatar.com\/avatar\/0a2867fd5abe37bed95d5a65e9d58f01756e11efc68af9888dfc50cfa7f65948?s=96&d=mm&r=gb490554db0a38188709de567aa58480d","url":"https:\/\/secure.gravatar.com\/avatar\/0a2867fd5abe37bed95d5a65e9d58f01756e11efc68af9888dfc50cfa7f65948?s=96&d=mm&r=g","contentUrl":"https:\/\/secure.gravatar.com\/avatar\/0a2867fd5abe37bed95d5a65e9d58f01756e11efc68af9888dfc50cfa7f65948?s=96&d=mm&r=g","caption":"Comptoir National de l'Or"},"description":"Notre r\u00e9daction est constitu\u00e9e de membres experts dans les m\u00e9tiers de l'\u00e9conomie et la gestion, des Responsables d'agence Comptoir National de l'Or, des analystes financiers qui publient r\u00e9guli\u00e8rement des \u00e9tudes sur les politiques des banques centrales, le cours de l'or, prix de l'or, cours de l'argent, prix de l'argent, cours du platine, cours du palladium,... la situation en zone euro et l'impact de la strat\u00e9gie mon\u00e9taire de la FED. Notre \u00e9quipe scrute \u00e9galement une information plus g\u00e9n\u00e9raliste \u00e0 la recherche d'actualit\u00e9 \"p\u00e9pite\" \u00e0 vous partager. Depuis 5 ans, nous avons publi\u00e9 un peu plus de 4000 articles qui s'adressent \u00e0 un public large et vari\u00e9 ayant pour objectif de satisfaire votre curiosit\u00e9 et de partager avec vous une certaine fascination pour le m\u00e9tal jaune, le rachat d'or, et pour ceux qui veulent investir dans l'or, vendre leur or tout simplement en savoir plus... Pour tous vos achat or et argent, n'h\u00e9sitez pas \u00e0 prendre rendez-vous dans l'un de nos nombreux comptoirs.","sameAs":["https:\/\/www.gold.fr"]}]}},"authors":[{"term_id":2565,"user_id":18,"is_guest":0,"slug":"julie","display_name":"Comptoir National de l'Or","avatar_url":"https:\/\/secure.gravatar.com\/avatar\/713f289e398d35ead876c4a4cc08607f0d6d266058cfc25683fffb6092d0e572?s=96&d=mm&r=g","0":null,"1":"","2":"","3":"","4":"","5":"","6":"","7":"","8":""}],"_links":{"self":[{"href":"https:\/\/www.gold.fr\/news\/wp-json\/wp\/v2\/posts\/20667","targetHints":{"allow":["GET"]}}],"collection":[{"href":"https:\/\/www.gold.fr\/news\/wp-json\/wp\/v2\/posts"}],"about":[{"href":"https:\/\/www.gold.fr\/news\/wp-json\/wp\/v2\/types\/post"}],"author":[{"embeddable":true,"href":"https:\/\/www.gold.fr\/news\/wp-json\/wp\/v2\/users\/18"}],"replies":[{"embeddable":true,"href":"https:\/\/www.gold.fr\/news\/wp-json\/wp\/v2\/comments?post=20667"}],"version-history":[{"count":0,"href":"https:\/\/www.gold.fr\/news\/wp-json\/wp\/v2\/posts\/20667\/revisions"}],"wp:featuredmedia":[{"embeddable":true,"href":"https:\/\/www.gold.fr\/news\/wp-json\/wp\/v2\/media\/4859"}],"wp:attachment":[{"href":"https:\/\/www.gold.fr\/news\/wp-json\/wp\/v2\/media?parent=20667"}],"wp:term":[{"taxonomy":"category","embeddable":true,"href":"https:\/\/www.gold.fr\/news\/wp-json\/wp\/v2\/categories?post=20667"},{"taxonomy":"post_tag","embeddable":true,"href":"https:\/\/www.gold.fr\/news\/wp-json\/wp\/v2\/tags?post=20667"},{"taxonomy":"author","embeddable":true,"href":"https:\/\/www.gold.fr\/news\/wp-json\/wp\/v2\/ppma_author?post=20667"}],"curies":[{"name":"wp","href":"https:\/\/api.w.org\/{rel}","templated":true}]}}