{"id":20603,"date":"2017-01-03T13:00:18","date_gmt":"2017-01-03T12:00:18","guid":{"rendered":"https:\/\/www.gold.fr\/news\/?p=20603"},"modified":"2021-01-13T13:12:01","modified_gmt":"2021-01-13T12:12:01","slug":"lonce-en-hausse-suivant-la-tendance-des-marches-europeens","status":"publish","type":"post","link":"https:\/\/www.gold.fr\/news\/2017\/01\/03\/lonce-en-hausse-suivant-la-tendance-des-marches-europeens\/","title":{"rendered":"L\u2019once en hausse, suivant la tendance des march\u00e9s europ\u00e9ens"},"content":{"rendered":"<p><img loading=\"lazy\" decoding=\"async\" class=\"alignleft wp-image-6432 size-thumbnail\" title=\"L\u2019once en hausse, suivant la tendance des march\u00e9s europ\u00e9ens\" src=\"https:\/\/www.gold.fr\/news\/wp-content\/uploads\/2012\/03\/lingot-or2-150x150.jpg\" alt=\"L\u2019once en hausse, suivant la tendance des march\u00e9s europ\u00e9ens\" width=\"150\" height=\"150\" \/>Le d\u00e9but de cette semaine sera vraisemblablement marqu\u00e9 par des valeurs en hausse au niveau des bourses d&rsquo;Europe continentale. Une tendance \u00e0 la hausse qui sera n\u00e9anmoins tributaire de l&rsquo;\u00e9v\u00e8nement tant attendu de ce d\u00e9but d&rsquo;ann\u00e9e : l&rsquo;investiture du nouveau pr\u00e9sident am\u00e9ricain <strong>Donald Trump<\/strong> pr\u00e9vue pour le <strong>20 janvier<\/strong>. Les investisseurs attendent de conna\u00eetre plus de d\u00e9tails sur son programme qui impliquerait une vaste restructuration budg\u00e9taire. De l&rsquo;autre c\u00f4t\u00e9 de l&rsquo;Atlantique, l&rsquo;importante augmentation de la production au niveau du secteur manufacturier a permis \u00e0 la zone euro d&rsquo;entamer confortablement l&rsquo;ann\u00e9e. Une progression qui reste cependant fragile compte tenu du planning politique pr\u00e9vu pour cette ann\u00e9e et qui risquerait d&rsquo;influer sur certains \u00e9quilibres. Dans ce contexte, l&rsquo;or conna\u00eet une hausse notable et ouvre la s\u00e9ance de ce <strong>mardi 3 janvier 2017<\/strong> avec une variation positive de <strong>0,05 %<\/strong> et un <a href=\"http:\/\/www.gold.fr\/cours-or-prix-de-l-or\/\" target=\"_blank\" rel=\"noopener noreferrer\">cours<\/a> de <strong>1 155.20 dollars<\/strong>.<\/p>\n<!-- AddThis Advanced Settings generic via filter on the_content --><!-- AddThis Share Buttons generic via filter on the_content -->","protected":false},"excerpt":{"rendered":"<p>Le d\u00e9but de cette semaine sera vraisemblablement marqu\u00e9 par des valeurs en hausse au niveau des bourses d&rsquo;Europe continentale. Une tendance \u00e0 la hausse qui sera n\u00e9anmoins tributaire de l&rsquo;\u00e9v\u00e8nement tant attendu de ce d\u00e9but d&rsquo;ann\u00e9e [&hellip;]<\/p>\n","protected":false},"author":18,"featured_media":6432,"comment_status":"closed","ping_status":"closed","sticky":false,"template":"","format":"standard","meta":{"_mbp_gutenberg_autopost":false,"_pgmb_is_evergreen":false,"_pgmb_ap_template_id":0,"footnotes":""},"categories":[5],"tags":[767],"ppma_author":[2565],"class_list":["post-20603","post","type-post","status-publish","format-standard","has-post-thumbnail","hentry","category-flash-infos","tag-hausse-cours-de-lor"],"yoast_head":"<!-- This site is optimized with the Yoast SEO plugin v27.5 - https:\/\/yoast.com\/product\/yoast-seo-wordpress\/ -->\n<title>L\u2019once en hausse, suivant la tendance des march\u00e9s europ\u00e9ens - Gold.fr<\/title>\n<meta name=\"robots\" content=\"index, follow, max-snippet:-1, max-image-preview:large, max-video-preview:-1\" \/>\n<link rel=\"canonical\" href=\"https:\/\/www.gold.fr\/news\/2017\/01\/03\/lonce-en-hausse-suivant-la-tendance-des-marches-europeens\/\" \/>\n<meta property=\"og:locale\" content=\"fr_FR\" \/>\n<meta property=\"og:type\" content=\"article\" \/>\n<meta property=\"og:title\" content=\"L\u2019once en hausse, suivant la tendance des march\u00e9s europ\u00e9ens - Gold.fr\" \/>\n<meta property=\"og:description\" content=\"Le d\u00e9but de cette semaine sera vraisemblablement marqu\u00e9 par des valeurs en hausse au niveau des bourses d&rsquo;Europe continentale. Une tendance \u00e0 la hausse qui sera n\u00e9anmoins tributaire de l&rsquo;\u00e9v\u00e8nement tant attendu de ce d\u00e9but d&rsquo;ann\u00e9e [&hellip;]\" \/>\n<meta property=\"og:url\" content=\"https:\/\/www.gold.fr\/news\/2017\/01\/03\/lonce-en-hausse-suivant-la-tendance-des-marches-europeens\/\" \/>\n<meta property=\"og:site_name\" content=\"Gold.fr\" \/>\n<meta property=\"article:publisher\" content=\"https:\/\/www.facebook.com\/Goldfr\/\" \/>\n<meta property=\"article:published_time\" content=\"2017-01-03T12:00:18+00:00\" \/>\n<meta property=\"article:modified_time\" content=\"2021-01-13T12:12:01+00:00\" \/>\n<meta property=\"og:image\" content=\"https:\/\/www.gold.fr\/news\/wp-content\/uploads\/2012\/03\/lingot-or2.jpg\" \/>\n\t<meta property=\"og:image:width\" content=\"413\" \/>\n\t<meta property=\"og:image:height\" content=\"413\" \/>\n\t<meta property=\"og:image:type\" content=\"image\/jpeg\" \/>\n<meta name=\"author\" content=\"Comptoir National de l&#039;Or\" \/>\n<meta name=\"twitter:card\" content=\"summary_large_image\" \/>\n<meta name=\"twitter:label1\" content=\"\u00c9crit par\" \/>\n\t<meta name=\"twitter:data1\" content=\"Comptoir National de l&#039;Or\" \/>\n\t<meta name=\"twitter:label2\" content=\"Dur\u00e9e de lecture estim\u00e9e\" \/>\n\t<meta name=\"twitter:data2\" content=\"1 minute\" \/>\n<script type=\"application\/ld+json\" class=\"yoast-schema-graph\">{\"@context\":\"https:\\\/\\\/schema.org\",\"@graph\":[{\"@type\":\"Article\",\"@id\":\"https:\\\/\\\/www.gold.fr\\\/news\\\/2017\\\/01\\\/03\\\/lonce-en-hausse-suivant-la-tendance-des-marches-europeens\\\/#article\",\"isPartOf\":{\"@id\":\"https:\\\/\\\/www.gold.fr\\\/news\\\/2017\\\/01\\\/03\\\/lonce-en-hausse-suivant-la-tendance-des-marches-europeens\\\/\"},\"author\":{\"name\":\"Comptoir National de l'Or\",\"@id\":\"https:\\\/\\\/www.gold.fr\\\/news\\\/#\\\/schema\\\/person\\\/070491b4b4fb7671bf59b3be20302ce9\"},\"headline\":\"L\u2019once en hausse, suivant la tendance des march\u00e9s europ\u00e9ens\",\"datePublished\":\"2017-01-03T12:00:18+00:00\",\"dateModified\":\"2021-01-13T12:12:01+00:00\",\"mainEntityOfPage\":{\"@id\":\"https:\\\/\\\/www.gold.fr\\\/news\\\/2017\\\/01\\\/03\\\/lonce-en-hausse-suivant-la-tendance-des-marches-europeens\\\/\"},\"wordCount\":174,\"image\":{\"@id\":\"https:\\\/\\\/www.gold.fr\\\/news\\\/2017\\\/01\\\/03\\\/lonce-en-hausse-suivant-la-tendance-des-marches-europeens\\\/#primaryimage\"},\"thumbnailUrl\":\"https:\\\/\\\/www.gold.fr\\\/news\\\/wp-content\\\/uploads\\\/2012\\\/03\\\/lingot-or2.jpg\",\"keywords\":[\"hausse cours de l'or\"],\"articleSection\":[\"Flash infos\"],\"inLanguage\":\"fr-FR\"},{\"@type\":\"WebPage\",\"@id\":\"https:\\\/\\\/www.gold.fr\\\/news\\\/2017\\\/01\\\/03\\\/lonce-en-hausse-suivant-la-tendance-des-marches-europeens\\\/\",\"url\":\"https:\\\/\\\/www.gold.fr\\\/news\\\/2017\\\/01\\\/03\\\/lonce-en-hausse-suivant-la-tendance-des-marches-europeens\\\/\",\"name\":\"L\u2019once en hausse, suivant la tendance des march\u00e9s europ\u00e9ens - Gold.fr\",\"isPartOf\":{\"@id\":\"https:\\\/\\\/www.gold.fr\\\/news\\\/#website\"},\"primaryImageOfPage\":{\"@id\":\"https:\\\/\\\/www.gold.fr\\\/news\\\/2017\\\/01\\\/03\\\/lonce-en-hausse-suivant-la-tendance-des-marches-europeens\\\/#primaryimage\"},\"image\":{\"@id\":\"https:\\\/\\\/www.gold.fr\\\/news\\\/2017\\\/01\\\/03\\\/lonce-en-hausse-suivant-la-tendance-des-marches-europeens\\\/#primaryimage\"},\"thumbnailUrl\":\"https:\\\/\\\/www.gold.fr\\\/news\\\/wp-content\\\/uploads\\\/2012\\\/03\\\/lingot-or2.jpg\",\"datePublished\":\"2017-01-03T12:00:18+00:00\",\"dateModified\":\"2021-01-13T12:12:01+00:00\",\"author\":{\"@id\":\"https:\\\/\\\/www.gold.fr\\\/news\\\/#\\\/schema\\\/person\\\/070491b4b4fb7671bf59b3be20302ce9\"},\"breadcrumb\":{\"@id\":\"https:\\\/\\\/www.gold.fr\\\/news\\\/2017\\\/01\\\/03\\\/lonce-en-hausse-suivant-la-tendance-des-marches-europeens\\\/#breadcrumb\"},\"inLanguage\":\"fr-FR\",\"potentialAction\":[{\"@type\":\"ReadAction\",\"target\":[\"https:\\\/\\\/www.gold.fr\\\/news\\\/2017\\\/01\\\/03\\\/lonce-en-hausse-suivant-la-tendance-des-marches-europeens\\\/\"]}]},{\"@type\":\"ImageObject\",\"inLanguage\":\"fr-FR\",\"@id\":\"https:\\\/\\\/www.gold.fr\\\/news\\\/2017\\\/01\\\/03\\\/lonce-en-hausse-suivant-la-tendance-des-marches-europeens\\\/#primaryimage\",\"url\":\"https:\\\/\\\/www.gold.fr\\\/news\\\/wp-content\\\/uploads\\\/2012\\\/03\\\/lingot-or2.jpg\",\"contentUrl\":\"https:\\\/\\\/www.gold.fr\\\/news\\\/wp-content\\\/uploads\\\/2012\\\/03\\\/lingot-or2.jpg\",\"width\":\"413\",\"height\":\"413\",\"caption\":\"L\u2019once en hausse, suivant la tendance des march\u00e9s europ\u00e9ens\"},{\"@type\":\"BreadcrumbList\",\"@id\":\"https:\\\/\\\/www.gold.fr\\\/news\\\/2017\\\/01\\\/03\\\/lonce-en-hausse-suivant-la-tendance-des-marches-europeens\\\/#breadcrumb\",\"itemListElement\":[{\"@type\":\"ListItem\",\"position\":1,\"name\":\"Accueil\",\"item\":\"https:\\\/\\\/www.gold.fr\\\/\"},{\"@type\":\"ListItem\",\"position\":2,\"name\":\"Actualit\u00e9s\",\"item\":\"https:\\\/\\\/www.gold.fr\\\/news\\\/\"},{\"@type\":\"ListItem\",\"position\":3,\"name\":\"L\u2019once en hausse, suivant la tendance des march\u00e9s europ\u00e9ens\"}]},{\"@type\":\"WebSite\",\"@id\":\"https:\\\/\\\/www.gold.fr\\\/news\\\/#website\",\"url\":\"https:\\\/\\\/www.gold.fr\\\/news\\\/\",\"name\":\"Gold.fr\",\"description\":\"Actualit\u00e9s de l&#039;Or et des m\u00e9taux pr\u00e9cieux\",\"potentialAction\":[{\"@type\":\"SearchAction\",\"target\":{\"@type\":\"EntryPoint\",\"urlTemplate\":\"https:\\\/\\\/www.gold.fr\\\/news\\\/?s={search_term_string}\"},\"query-input\":{\"@type\":\"PropertyValueSpecification\",\"valueRequired\":true,\"valueName\":\"search_term_string\"}}],\"inLanguage\":\"fr-FR\"},{\"@type\":\"Person\",\"@id\":\"https:\\\/\\\/www.gold.fr\\\/news\\\/#\\\/schema\\\/person\\\/070491b4b4fb7671bf59b3be20302ce9\",\"name\":\"Comptoir National de l'Or\",\"image\":{\"@type\":\"ImageObject\",\"inLanguage\":\"fr-FR\",\"@id\":\"https:\\\/\\\/secure.gravatar.com\\\/avatar\\\/0a2867fd5abe37bed95d5a65e9d58f01756e11efc68af9888dfc50cfa7f65948?s=96&d=mm&r=gb490554db0a38188709de567aa58480d\",\"url\":\"https:\\\/\\\/secure.gravatar.com\\\/avatar\\\/0a2867fd5abe37bed95d5a65e9d58f01756e11efc68af9888dfc50cfa7f65948?s=96&d=mm&r=g\",\"contentUrl\":\"https:\\\/\\\/secure.gravatar.com\\\/avatar\\\/0a2867fd5abe37bed95d5a65e9d58f01756e11efc68af9888dfc50cfa7f65948?s=96&d=mm&r=g\",\"caption\":\"Comptoir National de l'Or\"},\"description\":\"Notre r\u00e9daction est constitu\u00e9e de membres experts dans les m\u00e9tiers de l'\u00e9conomie et la gestion, des Responsables d'agence Comptoir National de l'Or, des analystes financiers qui publient r\u00e9guli\u00e8rement des \u00e9tudes sur les politiques des banques centrales, le cours de l'or, prix de l'or, cours de l'argent, prix de l'argent, cours du platine, cours du palladium,... la situation en zone euro et l'impact de la strat\u00e9gie mon\u00e9taire de la FED. Notre \u00e9quipe scrute \u00e9galement une information plus g\u00e9n\u00e9raliste \u00e0 la recherche d'actualit\u00e9 \\\"p\u00e9pite\\\" \u00e0 vous partager. Depuis 5 ans, nous avons publi\u00e9 un peu plus de 4000 articles qui s'adressent \u00e0 un public large et vari\u00e9 ayant pour objectif de satisfaire votre curiosit\u00e9 et de partager avec vous une certaine fascination pour le m\u00e9tal jaune, le rachat d'or, et pour ceux qui veulent investir dans l'or, vendre leur or tout simplement en savoir plus... Pour tous vos achat or et argent, n'h\u00e9sitez pas \u00e0 prendre rendez-vous dans l'un de nos nombreux comptoirs.\",\"sameAs\":[\"https:\\\/\\\/www.gold.fr\"]}]}<\/script>\n<!-- \/ Yoast SEO plugin. -->","yoast_head_json":{"title":"L\u2019once en hausse, suivant la tendance des march\u00e9s europ\u00e9ens - Gold.fr","robots":{"index":"index","follow":"follow","max-snippet":"max-snippet:-1","max-image-preview":"max-image-preview:large","max-video-preview":"max-video-preview:-1"},"canonical":"https:\/\/www.gold.fr\/news\/2017\/01\/03\/lonce-en-hausse-suivant-la-tendance-des-marches-europeens\/","og_locale":"fr_FR","og_type":"article","og_title":"L\u2019once en hausse, suivant la tendance des march\u00e9s europ\u00e9ens - Gold.fr","og_description":"Le d\u00e9but de cette semaine sera vraisemblablement marqu\u00e9 par des valeurs en hausse au niveau des bourses d&rsquo;Europe continentale. Une tendance \u00e0 la hausse qui sera n\u00e9anmoins tributaire de l&rsquo;\u00e9v\u00e8nement tant attendu de ce d\u00e9but d&rsquo;ann\u00e9e [&hellip;]","og_url":"https:\/\/www.gold.fr\/news\/2017\/01\/03\/lonce-en-hausse-suivant-la-tendance-des-marches-europeens\/","og_site_name":"Gold.fr","article_publisher":"https:\/\/www.facebook.com\/Goldfr\/","article_published_time":"2017-01-03T12:00:18+00:00","article_modified_time":"2021-01-13T12:12:01+00:00","og_image":[{"width":413,"height":413,"url":"https:\/\/www.gold.fr\/news\/wp-content\/uploads\/2012\/03\/lingot-or2.jpg","type":"image\/jpeg"}],"author":"Comptoir National de l'Or","twitter_card":"summary_large_image","twitter_misc":{"\u00c9crit par":"Comptoir National de l'Or","Dur\u00e9e de lecture estim\u00e9e":"1 minute"},"schema":{"@context":"https:\/\/schema.org","@graph":[{"@type":"Article","@id":"https:\/\/www.gold.fr\/news\/2017\/01\/03\/lonce-en-hausse-suivant-la-tendance-des-marches-europeens\/#article","isPartOf":{"@id":"https:\/\/www.gold.fr\/news\/2017\/01\/03\/lonce-en-hausse-suivant-la-tendance-des-marches-europeens\/"},"author":{"name":"Comptoir National de l'Or","@id":"https:\/\/www.gold.fr\/news\/#\/schema\/person\/070491b4b4fb7671bf59b3be20302ce9"},"headline":"L\u2019once en hausse, suivant la tendance des march\u00e9s europ\u00e9ens","datePublished":"2017-01-03T12:00:18+00:00","dateModified":"2021-01-13T12:12:01+00:00","mainEntityOfPage":{"@id":"https:\/\/www.gold.fr\/news\/2017\/01\/03\/lonce-en-hausse-suivant-la-tendance-des-marches-europeens\/"},"wordCount":174,"image":{"@id":"https:\/\/www.gold.fr\/news\/2017\/01\/03\/lonce-en-hausse-suivant-la-tendance-des-marches-europeens\/#primaryimage"},"thumbnailUrl":"https:\/\/www.gold.fr\/news\/wp-content\/uploads\/2012\/03\/lingot-or2.jpg","keywords":["hausse cours de l'or"],"articleSection":["Flash infos"],"inLanguage":"fr-FR"},{"@type":"WebPage","@id":"https:\/\/www.gold.fr\/news\/2017\/01\/03\/lonce-en-hausse-suivant-la-tendance-des-marches-europeens\/","url":"https:\/\/www.gold.fr\/news\/2017\/01\/03\/lonce-en-hausse-suivant-la-tendance-des-marches-europeens\/","name":"L\u2019once en hausse, suivant la tendance des march\u00e9s europ\u00e9ens - Gold.fr","isPartOf":{"@id":"https:\/\/www.gold.fr\/news\/#website"},"primaryImageOfPage":{"@id":"https:\/\/www.gold.fr\/news\/2017\/01\/03\/lonce-en-hausse-suivant-la-tendance-des-marches-europeens\/#primaryimage"},"image":{"@id":"https:\/\/www.gold.fr\/news\/2017\/01\/03\/lonce-en-hausse-suivant-la-tendance-des-marches-europeens\/#primaryimage"},"thumbnailUrl":"https:\/\/www.gold.fr\/news\/wp-content\/uploads\/2012\/03\/lingot-or2.jpg","datePublished":"2017-01-03T12:00:18+00:00","dateModified":"2021-01-13T12:12:01+00:00","author":{"@id":"https:\/\/www.gold.fr\/news\/#\/schema\/person\/070491b4b4fb7671bf59b3be20302ce9"},"breadcrumb":{"@id":"https:\/\/www.gold.fr\/news\/2017\/01\/03\/lonce-en-hausse-suivant-la-tendance-des-marches-europeens\/#breadcrumb"},"inLanguage":"fr-FR","potentialAction":[{"@type":"ReadAction","target":["https:\/\/www.gold.fr\/news\/2017\/01\/03\/lonce-en-hausse-suivant-la-tendance-des-marches-europeens\/"]}]},{"@type":"ImageObject","inLanguage":"fr-FR","@id":"https:\/\/www.gold.fr\/news\/2017\/01\/03\/lonce-en-hausse-suivant-la-tendance-des-marches-europeens\/#primaryimage","url":"https:\/\/www.gold.fr\/news\/wp-content\/uploads\/2012\/03\/lingot-or2.jpg","contentUrl":"https:\/\/www.gold.fr\/news\/wp-content\/uploads\/2012\/03\/lingot-or2.jpg","width":"413","height":"413","caption":"L\u2019once en hausse, suivant la tendance des march\u00e9s europ\u00e9ens"},{"@type":"BreadcrumbList","@id":"https:\/\/www.gold.fr\/news\/2017\/01\/03\/lonce-en-hausse-suivant-la-tendance-des-marches-europeens\/#breadcrumb","itemListElement":[{"@type":"ListItem","position":1,"name":"Accueil","item":"https:\/\/www.gold.fr\/"},{"@type":"ListItem","position":2,"name":"Actualit\u00e9s","item":"https:\/\/www.gold.fr\/news\/"},{"@type":"ListItem","position":3,"name":"L\u2019once en hausse, suivant la tendance des march\u00e9s europ\u00e9ens"}]},{"@type":"WebSite","@id":"https:\/\/www.gold.fr\/news\/#website","url":"https:\/\/www.gold.fr\/news\/","name":"Gold.fr","description":"Actualit\u00e9s de l&#039;Or et des m\u00e9taux pr\u00e9cieux","potentialAction":[{"@type":"SearchAction","target":{"@type":"EntryPoint","urlTemplate":"https:\/\/www.gold.fr\/news\/?s={search_term_string}"},"query-input":{"@type":"PropertyValueSpecification","valueRequired":true,"valueName":"search_term_string"}}],"inLanguage":"fr-FR"},{"@type":"Person","@id":"https:\/\/www.gold.fr\/news\/#\/schema\/person\/070491b4b4fb7671bf59b3be20302ce9","name":"Comptoir National de l'Or","image":{"@type":"ImageObject","inLanguage":"fr-FR","@id":"https:\/\/secure.gravatar.com\/avatar\/0a2867fd5abe37bed95d5a65e9d58f01756e11efc68af9888dfc50cfa7f65948?s=96&d=mm&r=gb490554db0a38188709de567aa58480d","url":"https:\/\/secure.gravatar.com\/avatar\/0a2867fd5abe37bed95d5a65e9d58f01756e11efc68af9888dfc50cfa7f65948?s=96&d=mm&r=g","contentUrl":"https:\/\/secure.gravatar.com\/avatar\/0a2867fd5abe37bed95d5a65e9d58f01756e11efc68af9888dfc50cfa7f65948?s=96&d=mm&r=g","caption":"Comptoir National de l'Or"},"description":"Notre r\u00e9daction est constitu\u00e9e de membres experts dans les m\u00e9tiers de l'\u00e9conomie et la gestion, des Responsables d'agence Comptoir National de l'Or, des analystes financiers qui publient r\u00e9guli\u00e8rement des \u00e9tudes sur les politiques des banques centrales, le cours de l'or, prix de l'or, cours de l'argent, prix de l'argent, cours du platine, cours du palladium,... la situation en zone euro et l'impact de la strat\u00e9gie mon\u00e9taire de la FED. Notre \u00e9quipe scrute \u00e9galement une information plus g\u00e9n\u00e9raliste \u00e0 la recherche d'actualit\u00e9 \"p\u00e9pite\" \u00e0 vous partager. Depuis 5 ans, nous avons publi\u00e9 un peu plus de 4000 articles qui s'adressent \u00e0 un public large et vari\u00e9 ayant pour objectif de satisfaire votre curiosit\u00e9 et de partager avec vous une certaine fascination pour le m\u00e9tal jaune, le rachat d'or, et pour ceux qui veulent investir dans l'or, vendre leur or tout simplement en savoir plus... Pour tous vos achat or et argent, n'h\u00e9sitez pas \u00e0 prendre rendez-vous dans l'un de nos nombreux comptoirs.","sameAs":["https:\/\/www.gold.fr"]}]}},"authors":[{"term_id":2565,"user_id":18,"is_guest":0,"slug":"julie","display_name":"Comptoir National de l'Or","avatar_url":"https:\/\/secure.gravatar.com\/avatar\/713f289e398d35ead876c4a4cc08607f0d6d266058cfc25683fffb6092d0e572?s=96&d=mm&r=g","0":null,"1":"","2":"","3":"","4":"","5":"","6":"","7":"","8":""}],"_links":{"self":[{"href":"https:\/\/www.gold.fr\/news\/wp-json\/wp\/v2\/posts\/20603","targetHints":{"allow":["GET"]}}],"collection":[{"href":"https:\/\/www.gold.fr\/news\/wp-json\/wp\/v2\/posts"}],"about":[{"href":"https:\/\/www.gold.fr\/news\/wp-json\/wp\/v2\/types\/post"}],"author":[{"embeddable":true,"href":"https:\/\/www.gold.fr\/news\/wp-json\/wp\/v2\/users\/18"}],"replies":[{"embeddable":true,"href":"https:\/\/www.gold.fr\/news\/wp-json\/wp\/v2\/comments?post=20603"}],"version-history":[{"count":0,"href":"https:\/\/www.gold.fr\/news\/wp-json\/wp\/v2\/posts\/20603\/revisions"}],"wp:featuredmedia":[{"embeddable":true,"href":"https:\/\/www.gold.fr\/news\/wp-json\/wp\/v2\/media\/6432"}],"wp:attachment":[{"href":"https:\/\/www.gold.fr\/news\/wp-json\/wp\/v2\/media?parent=20603"}],"wp:term":[{"taxonomy":"category","embeddable":true,"href":"https:\/\/www.gold.fr\/news\/wp-json\/wp\/v2\/categories?post=20603"},{"taxonomy":"post_tag","embeddable":true,"href":"https:\/\/www.gold.fr\/news\/wp-json\/wp\/v2\/tags?post=20603"},{"taxonomy":"author","embeddable":true,"href":"https:\/\/www.gold.fr\/news\/wp-json\/wp\/v2\/ppma_author?post=20603"}],"curies":[{"name":"wp","href":"https:\/\/api.w.org\/{rel}","templated":true}]}}