{"id":20595,"date":"2016-12-23T09:00:54","date_gmt":"2016-12-23T08:00:54","guid":{"rendered":"https:\/\/www.gold.fr\/news\/?p=20595"},"modified":"2021-01-13T13:14:12","modified_gmt":"2021-01-13T12:14:12","slug":"marches-une-fin-dannee-en-stagnation","status":"publish","type":"post","link":"https:\/\/www.gold.fr\/news\/2016\/12\/23\/marches-une-fin-dannee-en-stagnation\/","title":{"rendered":"March\u00e9s : Une fin d\u2019ann\u00e9e en stagnation"},"content":{"rendered":"<p><img loading=\"lazy\" decoding=\"async\" class=\"alignleft wp-image-4996 size-thumbnail\" title=\"March\u00e9s : Une fin d\u2019ann\u00e9e en stagnation\" src=\"https:\/\/www.gold.fr\/news\/wp-content\/uploads\/2010\/12\/monde-or-150x150.jpg\" alt=\"March\u00e9s : Une fin d\u2019ann\u00e9e en stagnation\" width=\"150\" height=\"150\" \/>C&rsquo;est une fin de semaine, de mois et d&rsquo;ann\u00e9e qui s&rsquo;annonce baissi\u00e8re, pour l&rsquo;ensemble des march\u00e9s boursiers. Apr\u00e8s avoir \u00e9volu\u00e9 en trac\u00e9 plat, pendant quelques s\u00e9ances, les principales places boursi\u00e8res am\u00e9ricaines et europ\u00e9ennes basculent enfin dans le rouge, m\u00eame si les pertes enregistr\u00e9es demeurent tr\u00e8s relatives.    Outre <strong>Milan<\/strong>, <strong>Zurich<\/strong> et <strong>Lisbonne<\/strong> (qui sauvent la mise in extremis avec un +0,1%), toutes les places boursi\u00e8res, de Londres \u00e0 Paris, en passant par Madrid, Francfort, Amsterdam, Bruxelles ou encore New York (Dow Jones et Nasdaq), ont perdu un terrain allant de <strong>0,1%<\/strong> \u00e0 <strong>0,9%<\/strong>.    Cause de ce repli g\u00e9n\u00e9ralis\u00e9 ? L&rsquo;absence totale de catalyseurs, en cette p\u00e9riode de fin d&rsquo;ann\u00e9e o\u00f9 la plan\u00e8te \u00e9conomique passe traditionnellement en mode \u2018pause&rsquo;. Les analystes de <strong>Wells Fargo Advisors<\/strong> confirment ce constat en soulignant que \u00ab <em>les grands indices am\u00e9ricains ont d\u00e9clin\u00e9 dans le sillage des financi\u00e8res et alors que le Dow Jones a \u00e9chou\u00e9 \u00e0 atteindre pour la premi\u00e8re fois la barre des 20.000 points<\/em> \u00bb.    De son c\u00f4t\u00e9, Neil Matheson, strat\u00e9giste des march\u00e9s chez <strong>Standard Life Investments<\/strong>, reste optimiste et estime que \u00ab <em>tant que le Pr\u00e9sident des Etats-Unis \u00e9vite un choc protectionniste, l&rsquo;am\u00e9lioration devrait se poursuivre au niveau de la croissance globale, de l&rsquo;inflation et des r\u00e9sultats des entreprises, am\u00e9lioration qui \u00e9tait d\u00e9j\u00e0 l\u00e0 avant les \u00e9lections am\u00e9ricaines<\/em> \u00bb.    Sur le plan statistique, seuls les rapports relatifs aux inscriptions aux allocations ch\u00f4mage et les stocks hebdomadaires de p\u00e9trole sont attendus d&rsquo;ici la fin de la semaine.<\/p>\n<!-- AddThis Advanced Settings generic via filter on the_content --><!-- AddThis Share Buttons generic via filter on the_content -->","protected":false},"excerpt":{"rendered":"<p>C&rsquo;est une fin de semaine, de mois et d&rsquo;ann\u00e9e qui s&rsquo;annonce baissi\u00e8re, pour l&rsquo;ensemble des march\u00e9s boursiers. Apr\u00e8s avoir \u00e9volu\u00e9 en trac\u00e9 plat, pendant quelques s\u00e9ances, les principales places boursi\u00e8res am\u00e9ricaines et europ\u00e9ennes basculent enfin dans [&hellip;]<\/p>\n","protected":false},"author":18,"featured_media":4996,"comment_status":"closed","ping_status":"closed","sticky":false,"template":"","format":"standard","meta":{"_mbp_gutenberg_autopost":false,"_pgmb_is_evergreen":false,"_pgmb_ap_template_id":0,"footnotes":""},"categories":[6],"tags":[917],"ppma_author":[2565],"class_list":["post-20595","post","type-post","status-publish","format-standard","has-post-thumbnail","hentry","category-articles-de-presse","tag-stagnation-de-lor"],"yoast_head":"<!-- This site is optimized with the Yoast SEO plugin v27.5 - https:\/\/yoast.com\/product\/yoast-seo-wordpress\/ -->\n<title>March\u00e9s : Une fin d\u2019ann\u00e9e en stagnation - Gold.fr<\/title>\n<meta name=\"robots\" content=\"index, follow, max-snippet:-1, max-image-preview:large, max-video-preview:-1\" \/>\n<link rel=\"canonical\" href=\"https:\/\/www.gold.fr\/news\/2016\/12\/23\/marches-une-fin-dannee-en-stagnation\/\" \/>\n<meta property=\"og:locale\" content=\"fr_FR\" \/>\n<meta property=\"og:type\" content=\"article\" \/>\n<meta property=\"og:title\" content=\"March\u00e9s : Une fin d\u2019ann\u00e9e en stagnation - Gold.fr\" \/>\n<meta property=\"og:description\" content=\"C&rsquo;est une fin de semaine, de mois et d&rsquo;ann\u00e9e qui s&rsquo;annonce baissi\u00e8re, pour l&rsquo;ensemble des march\u00e9s boursiers. Apr\u00e8s avoir \u00e9volu\u00e9 en trac\u00e9 plat, pendant quelques s\u00e9ances, les principales places boursi\u00e8res am\u00e9ricaines et europ\u00e9ennes basculent enfin dans [&hellip;]\" \/>\n<meta property=\"og:url\" content=\"https:\/\/www.gold.fr\/news\/2016\/12\/23\/marches-une-fin-dannee-en-stagnation\/\" \/>\n<meta property=\"og:site_name\" content=\"Gold.fr\" \/>\n<meta property=\"article:publisher\" content=\"https:\/\/www.facebook.com\/Goldfr\/\" \/>\n<meta property=\"article:published_time\" content=\"2016-12-23T08:00:54+00:00\" \/>\n<meta property=\"article:modified_time\" content=\"2021-01-13T12:14:12+00:00\" \/>\n<meta property=\"og:image\" content=\"https:\/\/www.gold.fr\/news\/wp-content\/uploads\/2010\/12\/monde-or.jpg\" \/>\n\t<meta property=\"og:image:width\" content=\"600\" \/>\n\t<meta property=\"og:image:height\" content=\"450\" \/>\n\t<meta property=\"og:image:type\" content=\"image\/jpeg\" \/>\n<meta name=\"author\" content=\"Comptoir National de l&#039;Or\" \/>\n<meta name=\"twitter:card\" content=\"summary_large_image\" \/>\n<meta name=\"twitter:label1\" content=\"\u00c9crit par\" \/>\n\t<meta name=\"twitter:data1\" content=\"Comptoir National de l&#039;Or\" \/>\n\t<meta name=\"twitter:label2\" content=\"Dur\u00e9e de lecture estim\u00e9e\" \/>\n\t<meta name=\"twitter:data2\" content=\"1 minute\" \/>\n<script type=\"application\/ld+json\" class=\"yoast-schema-graph\">{\"@context\":\"https:\\\/\\\/schema.org\",\"@graph\":[{\"@type\":\"Article\",\"@id\":\"https:\\\/\\\/www.gold.fr\\\/news\\\/2016\\\/12\\\/23\\\/marches-une-fin-dannee-en-stagnation\\\/#article\",\"isPartOf\":{\"@id\":\"https:\\\/\\\/www.gold.fr\\\/news\\\/2016\\\/12\\\/23\\\/marches-une-fin-dannee-en-stagnation\\\/\"},\"author\":{\"name\":\"Comptoir National de l'Or\",\"@id\":\"https:\\\/\\\/www.gold.fr\\\/news\\\/#\\\/schema\\\/person\\\/070491b4b4fb7671bf59b3be20302ce9\"},\"headline\":\"March\u00e9s : Une fin d\u2019ann\u00e9e en stagnation\",\"datePublished\":\"2016-12-23T08:00:54+00:00\",\"dateModified\":\"2021-01-13T12:14:12+00:00\",\"mainEntityOfPage\":{\"@id\":\"https:\\\/\\\/www.gold.fr\\\/news\\\/2016\\\/12\\\/23\\\/marches-une-fin-dannee-en-stagnation\\\/\"},\"wordCount\":281,\"image\":{\"@id\":\"https:\\\/\\\/www.gold.fr\\\/news\\\/2016\\\/12\\\/23\\\/marches-une-fin-dannee-en-stagnation\\\/#primaryimage\"},\"thumbnailUrl\":\"https:\\\/\\\/www.gold.fr\\\/news\\\/wp-content\\\/uploads\\\/2010\\\/12\\\/monde-or.jpg\",\"keywords\":[\"Stagnation de l\u2019or\"],\"articleSection\":[\"Articles de presse\"],\"inLanguage\":\"fr-FR\"},{\"@type\":\"WebPage\",\"@id\":\"https:\\\/\\\/www.gold.fr\\\/news\\\/2016\\\/12\\\/23\\\/marches-une-fin-dannee-en-stagnation\\\/\",\"url\":\"https:\\\/\\\/www.gold.fr\\\/news\\\/2016\\\/12\\\/23\\\/marches-une-fin-dannee-en-stagnation\\\/\",\"name\":\"March\u00e9s : Une fin d\u2019ann\u00e9e en stagnation - Gold.fr\",\"isPartOf\":{\"@id\":\"https:\\\/\\\/www.gold.fr\\\/news\\\/#website\"},\"primaryImageOfPage\":{\"@id\":\"https:\\\/\\\/www.gold.fr\\\/news\\\/2016\\\/12\\\/23\\\/marches-une-fin-dannee-en-stagnation\\\/#primaryimage\"},\"image\":{\"@id\":\"https:\\\/\\\/www.gold.fr\\\/news\\\/2016\\\/12\\\/23\\\/marches-une-fin-dannee-en-stagnation\\\/#primaryimage\"},\"thumbnailUrl\":\"https:\\\/\\\/www.gold.fr\\\/news\\\/wp-content\\\/uploads\\\/2010\\\/12\\\/monde-or.jpg\",\"datePublished\":\"2016-12-23T08:00:54+00:00\",\"dateModified\":\"2021-01-13T12:14:12+00:00\",\"author\":{\"@id\":\"https:\\\/\\\/www.gold.fr\\\/news\\\/#\\\/schema\\\/person\\\/070491b4b4fb7671bf59b3be20302ce9\"},\"breadcrumb\":{\"@id\":\"https:\\\/\\\/www.gold.fr\\\/news\\\/2016\\\/12\\\/23\\\/marches-une-fin-dannee-en-stagnation\\\/#breadcrumb\"},\"inLanguage\":\"fr-FR\",\"potentialAction\":[{\"@type\":\"ReadAction\",\"target\":[\"https:\\\/\\\/www.gold.fr\\\/news\\\/2016\\\/12\\\/23\\\/marches-une-fin-dannee-en-stagnation\\\/\"]}]},{\"@type\":\"ImageObject\",\"inLanguage\":\"fr-FR\",\"@id\":\"https:\\\/\\\/www.gold.fr\\\/news\\\/2016\\\/12\\\/23\\\/marches-une-fin-dannee-en-stagnation\\\/#primaryimage\",\"url\":\"https:\\\/\\\/www.gold.fr\\\/news\\\/wp-content\\\/uploads\\\/2010\\\/12\\\/monde-or.jpg\",\"contentUrl\":\"https:\\\/\\\/www.gold.fr\\\/news\\\/wp-content\\\/uploads\\\/2010\\\/12\\\/monde-or.jpg\",\"width\":\"600\",\"height\":\"450\",\"caption\":\"Stagnation au niveau de l\u2019once\"},{\"@type\":\"BreadcrumbList\",\"@id\":\"https:\\\/\\\/www.gold.fr\\\/news\\\/2016\\\/12\\\/23\\\/marches-une-fin-dannee-en-stagnation\\\/#breadcrumb\",\"itemListElement\":[{\"@type\":\"ListItem\",\"position\":1,\"name\":\"Accueil\",\"item\":\"https:\\\/\\\/www.gold.fr\\\/\"},{\"@type\":\"ListItem\",\"position\":2,\"name\":\"Actualit\u00e9s\",\"item\":\"https:\\\/\\\/www.gold.fr\\\/news\\\/\"},{\"@type\":\"ListItem\",\"position\":3,\"name\":\"March\u00e9s : Une fin d\u2019ann\u00e9e en stagnation\"}]},{\"@type\":\"WebSite\",\"@id\":\"https:\\\/\\\/www.gold.fr\\\/news\\\/#website\",\"url\":\"https:\\\/\\\/www.gold.fr\\\/news\\\/\",\"name\":\"Gold.fr\",\"description\":\"Actualit\u00e9s de l&#039;Or et des m\u00e9taux pr\u00e9cieux\",\"potentialAction\":[{\"@type\":\"SearchAction\",\"target\":{\"@type\":\"EntryPoint\",\"urlTemplate\":\"https:\\\/\\\/www.gold.fr\\\/news\\\/?s={search_term_string}\"},\"query-input\":{\"@type\":\"PropertyValueSpecification\",\"valueRequired\":true,\"valueName\":\"search_term_string\"}}],\"inLanguage\":\"fr-FR\"},{\"@type\":\"Person\",\"@id\":\"https:\\\/\\\/www.gold.fr\\\/news\\\/#\\\/schema\\\/person\\\/070491b4b4fb7671bf59b3be20302ce9\",\"name\":\"Comptoir National de l'Or\",\"image\":{\"@type\":\"ImageObject\",\"inLanguage\":\"fr-FR\",\"@id\":\"https:\\\/\\\/secure.gravatar.com\\\/avatar\\\/0a2867fd5abe37bed95d5a65e9d58f01756e11efc68af9888dfc50cfa7f65948?s=96&d=mm&r=gb490554db0a38188709de567aa58480d\",\"url\":\"https:\\\/\\\/secure.gravatar.com\\\/avatar\\\/0a2867fd5abe37bed95d5a65e9d58f01756e11efc68af9888dfc50cfa7f65948?s=96&d=mm&r=g\",\"contentUrl\":\"https:\\\/\\\/secure.gravatar.com\\\/avatar\\\/0a2867fd5abe37bed95d5a65e9d58f01756e11efc68af9888dfc50cfa7f65948?s=96&d=mm&r=g\",\"caption\":\"Comptoir National de l'Or\"},\"description\":\"Notre r\u00e9daction est constitu\u00e9e de membres experts dans les m\u00e9tiers de l'\u00e9conomie et la gestion, des Responsables d'agence Comptoir National de l'Or, des analystes financiers qui publient r\u00e9guli\u00e8rement des \u00e9tudes sur les politiques des banques centrales, le cours de l'or, prix de l'or, cours de l'argent, prix de l'argent, cours du platine, cours du palladium,... la situation en zone euro et l'impact de la strat\u00e9gie mon\u00e9taire de la FED. Notre \u00e9quipe scrute \u00e9galement une information plus g\u00e9n\u00e9raliste \u00e0 la recherche d'actualit\u00e9 \\\"p\u00e9pite\\\" \u00e0 vous partager. Depuis 5 ans, nous avons publi\u00e9 un peu plus de 4000 articles qui s'adressent \u00e0 un public large et vari\u00e9 ayant pour objectif de satisfaire votre curiosit\u00e9 et de partager avec vous une certaine fascination pour le m\u00e9tal jaune, le rachat d'or, et pour ceux qui veulent investir dans l'or, vendre leur or tout simplement en savoir plus... Pour tous vos achat or et argent, n'h\u00e9sitez pas \u00e0 prendre rendez-vous dans l'un de nos nombreux comptoirs.\",\"sameAs\":[\"https:\\\/\\\/www.gold.fr\"]}]}<\/script>\n<!-- \/ Yoast SEO plugin. -->","yoast_head_json":{"title":"March\u00e9s : Une fin d\u2019ann\u00e9e en stagnation - Gold.fr","robots":{"index":"index","follow":"follow","max-snippet":"max-snippet:-1","max-image-preview":"max-image-preview:large","max-video-preview":"max-video-preview:-1"},"canonical":"https:\/\/www.gold.fr\/news\/2016\/12\/23\/marches-une-fin-dannee-en-stagnation\/","og_locale":"fr_FR","og_type":"article","og_title":"March\u00e9s : Une fin d\u2019ann\u00e9e en stagnation - Gold.fr","og_description":"C&rsquo;est une fin de semaine, de mois et d&rsquo;ann\u00e9e qui s&rsquo;annonce baissi\u00e8re, pour l&rsquo;ensemble des march\u00e9s boursiers. Apr\u00e8s avoir \u00e9volu\u00e9 en trac\u00e9 plat, pendant quelques s\u00e9ances, les principales places boursi\u00e8res am\u00e9ricaines et europ\u00e9ennes basculent enfin dans [&hellip;]","og_url":"https:\/\/www.gold.fr\/news\/2016\/12\/23\/marches-une-fin-dannee-en-stagnation\/","og_site_name":"Gold.fr","article_publisher":"https:\/\/www.facebook.com\/Goldfr\/","article_published_time":"2016-12-23T08:00:54+00:00","article_modified_time":"2021-01-13T12:14:12+00:00","og_image":[{"width":600,"height":450,"url":"https:\/\/www.gold.fr\/news\/wp-content\/uploads\/2010\/12\/monde-or.jpg","type":"image\/jpeg"}],"author":"Comptoir National de l'Or","twitter_card":"summary_large_image","twitter_misc":{"\u00c9crit par":"Comptoir National de l'Or","Dur\u00e9e de lecture estim\u00e9e":"1 minute"},"schema":{"@context":"https:\/\/schema.org","@graph":[{"@type":"Article","@id":"https:\/\/www.gold.fr\/news\/2016\/12\/23\/marches-une-fin-dannee-en-stagnation\/#article","isPartOf":{"@id":"https:\/\/www.gold.fr\/news\/2016\/12\/23\/marches-une-fin-dannee-en-stagnation\/"},"author":{"name":"Comptoir National de l'Or","@id":"https:\/\/www.gold.fr\/news\/#\/schema\/person\/070491b4b4fb7671bf59b3be20302ce9"},"headline":"March\u00e9s : Une fin d\u2019ann\u00e9e en stagnation","datePublished":"2016-12-23T08:00:54+00:00","dateModified":"2021-01-13T12:14:12+00:00","mainEntityOfPage":{"@id":"https:\/\/www.gold.fr\/news\/2016\/12\/23\/marches-une-fin-dannee-en-stagnation\/"},"wordCount":281,"image":{"@id":"https:\/\/www.gold.fr\/news\/2016\/12\/23\/marches-une-fin-dannee-en-stagnation\/#primaryimage"},"thumbnailUrl":"https:\/\/www.gold.fr\/news\/wp-content\/uploads\/2010\/12\/monde-or.jpg","keywords":["Stagnation de l\u2019or"],"articleSection":["Articles de presse"],"inLanguage":"fr-FR"},{"@type":"WebPage","@id":"https:\/\/www.gold.fr\/news\/2016\/12\/23\/marches-une-fin-dannee-en-stagnation\/","url":"https:\/\/www.gold.fr\/news\/2016\/12\/23\/marches-une-fin-dannee-en-stagnation\/","name":"March\u00e9s : Une fin d\u2019ann\u00e9e en stagnation - Gold.fr","isPartOf":{"@id":"https:\/\/www.gold.fr\/news\/#website"},"primaryImageOfPage":{"@id":"https:\/\/www.gold.fr\/news\/2016\/12\/23\/marches-une-fin-dannee-en-stagnation\/#primaryimage"},"image":{"@id":"https:\/\/www.gold.fr\/news\/2016\/12\/23\/marches-une-fin-dannee-en-stagnation\/#primaryimage"},"thumbnailUrl":"https:\/\/www.gold.fr\/news\/wp-content\/uploads\/2010\/12\/monde-or.jpg","datePublished":"2016-12-23T08:00:54+00:00","dateModified":"2021-01-13T12:14:12+00:00","author":{"@id":"https:\/\/www.gold.fr\/news\/#\/schema\/person\/070491b4b4fb7671bf59b3be20302ce9"},"breadcrumb":{"@id":"https:\/\/www.gold.fr\/news\/2016\/12\/23\/marches-une-fin-dannee-en-stagnation\/#breadcrumb"},"inLanguage":"fr-FR","potentialAction":[{"@type":"ReadAction","target":["https:\/\/www.gold.fr\/news\/2016\/12\/23\/marches-une-fin-dannee-en-stagnation\/"]}]},{"@type":"ImageObject","inLanguage":"fr-FR","@id":"https:\/\/www.gold.fr\/news\/2016\/12\/23\/marches-une-fin-dannee-en-stagnation\/#primaryimage","url":"https:\/\/www.gold.fr\/news\/wp-content\/uploads\/2010\/12\/monde-or.jpg","contentUrl":"https:\/\/www.gold.fr\/news\/wp-content\/uploads\/2010\/12\/monde-or.jpg","width":"600","height":"450","caption":"Stagnation au niveau de l\u2019once"},{"@type":"BreadcrumbList","@id":"https:\/\/www.gold.fr\/news\/2016\/12\/23\/marches-une-fin-dannee-en-stagnation\/#breadcrumb","itemListElement":[{"@type":"ListItem","position":1,"name":"Accueil","item":"https:\/\/www.gold.fr\/"},{"@type":"ListItem","position":2,"name":"Actualit\u00e9s","item":"https:\/\/www.gold.fr\/news\/"},{"@type":"ListItem","position":3,"name":"March\u00e9s : Une fin d\u2019ann\u00e9e en stagnation"}]},{"@type":"WebSite","@id":"https:\/\/www.gold.fr\/news\/#website","url":"https:\/\/www.gold.fr\/news\/","name":"Gold.fr","description":"Actualit\u00e9s de l&#039;Or et des m\u00e9taux pr\u00e9cieux","potentialAction":[{"@type":"SearchAction","target":{"@type":"EntryPoint","urlTemplate":"https:\/\/www.gold.fr\/news\/?s={search_term_string}"},"query-input":{"@type":"PropertyValueSpecification","valueRequired":true,"valueName":"search_term_string"}}],"inLanguage":"fr-FR"},{"@type":"Person","@id":"https:\/\/www.gold.fr\/news\/#\/schema\/person\/070491b4b4fb7671bf59b3be20302ce9","name":"Comptoir National de l'Or","image":{"@type":"ImageObject","inLanguage":"fr-FR","@id":"https:\/\/secure.gravatar.com\/avatar\/0a2867fd5abe37bed95d5a65e9d58f01756e11efc68af9888dfc50cfa7f65948?s=96&d=mm&r=gb490554db0a38188709de567aa58480d","url":"https:\/\/secure.gravatar.com\/avatar\/0a2867fd5abe37bed95d5a65e9d58f01756e11efc68af9888dfc50cfa7f65948?s=96&d=mm&r=g","contentUrl":"https:\/\/secure.gravatar.com\/avatar\/0a2867fd5abe37bed95d5a65e9d58f01756e11efc68af9888dfc50cfa7f65948?s=96&d=mm&r=g","caption":"Comptoir National de l'Or"},"description":"Notre r\u00e9daction est constitu\u00e9e de membres experts dans les m\u00e9tiers de l'\u00e9conomie et la gestion, des Responsables d'agence Comptoir National de l'Or, des analystes financiers qui publient r\u00e9guli\u00e8rement des \u00e9tudes sur les politiques des banques centrales, le cours de l'or, prix de l'or, cours de l'argent, prix de l'argent, cours du platine, cours du palladium,... la situation en zone euro et l'impact de la strat\u00e9gie mon\u00e9taire de la FED. Notre \u00e9quipe scrute \u00e9galement une information plus g\u00e9n\u00e9raliste \u00e0 la recherche d'actualit\u00e9 \"p\u00e9pite\" \u00e0 vous partager. Depuis 5 ans, nous avons publi\u00e9 un peu plus de 4000 articles qui s'adressent \u00e0 un public large et vari\u00e9 ayant pour objectif de satisfaire votre curiosit\u00e9 et de partager avec vous une certaine fascination pour le m\u00e9tal jaune, le rachat d'or, et pour ceux qui veulent investir dans l'or, vendre leur or tout simplement en savoir plus... Pour tous vos achat or et argent, n'h\u00e9sitez pas \u00e0 prendre rendez-vous dans l'un de nos nombreux comptoirs.","sameAs":["https:\/\/www.gold.fr"]}]}},"authors":[{"term_id":2565,"user_id":18,"is_guest":0,"slug":"julie","display_name":"Comptoir National de l'Or","avatar_url":"https:\/\/secure.gravatar.com\/avatar\/713f289e398d35ead876c4a4cc08607f0d6d266058cfc25683fffb6092d0e572?s=96&d=mm&r=g","0":null,"1":"","2":"","3":"","4":"","5":"","6":"","7":"","8":""}],"_links":{"self":[{"href":"https:\/\/www.gold.fr\/news\/wp-json\/wp\/v2\/posts\/20595","targetHints":{"allow":["GET"]}}],"collection":[{"href":"https:\/\/www.gold.fr\/news\/wp-json\/wp\/v2\/posts"}],"about":[{"href":"https:\/\/www.gold.fr\/news\/wp-json\/wp\/v2\/types\/post"}],"author":[{"embeddable":true,"href":"https:\/\/www.gold.fr\/news\/wp-json\/wp\/v2\/users\/18"}],"replies":[{"embeddable":true,"href":"https:\/\/www.gold.fr\/news\/wp-json\/wp\/v2\/comments?post=20595"}],"version-history":[{"count":0,"href":"https:\/\/www.gold.fr\/news\/wp-json\/wp\/v2\/posts\/20595\/revisions"}],"wp:featuredmedia":[{"embeddable":true,"href":"https:\/\/www.gold.fr\/news\/wp-json\/wp\/v2\/media\/4996"}],"wp:attachment":[{"href":"https:\/\/www.gold.fr\/news\/wp-json\/wp\/v2\/media?parent=20595"}],"wp:term":[{"taxonomy":"category","embeddable":true,"href":"https:\/\/www.gold.fr\/news\/wp-json\/wp\/v2\/categories?post=20595"},{"taxonomy":"post_tag","embeddable":true,"href":"https:\/\/www.gold.fr\/news\/wp-json\/wp\/v2\/tags?post=20595"},{"taxonomy":"author","embeddable":true,"href":"https:\/\/www.gold.fr\/news\/wp-json\/wp\/v2\/ppma_author?post=20595"}],"curies":[{"name":"wp","href":"https:\/\/api.w.org\/{rel}","templated":true}]}}