{"id":20593,"date":"2016-12-22T09:00:27","date_gmt":"2016-12-22T08:00:27","guid":{"rendered":"https:\/\/www.gold.fr\/news\/?p=20593"},"modified":"2021-01-13T13:14:43","modified_gmt":"2021-01-13T12:14:43","slug":"lonce-stable-sur-fond-de-demande-revigoree","status":"publish","type":"post","link":"https:\/\/www.gold.fr\/news\/2016\/12\/22\/lonce-stable-sur-fond-de-demande-revigoree\/","title":{"rendered":"L\u2019once stable, sur fond de demande revigor\u00e9e"},"content":{"rendered":"<p><img loading=\"lazy\" decoding=\"async\" class=\"alignleft wp-image-4859 size-thumbnail\" title=\"L\u2019once stable, sur fond de demande revigor\u00e9e\" src=\"https:\/\/www.gold.fr\/news\/wp-content\/uploads\/2012\/01\/balance-dor-150x150.jpg\" alt=\"L\u2019once stable, sur fond de demande revigor\u00e9e\" width=\"150\" height=\"150\" \/>Apr\u00e8s des semaines de vigueur renforc\u00e9e, le rallye haussier du dollar fait enfin une halte forc\u00e9e, sur fond de march\u00e9s boursiers et \u00e9conomiques globalement distraits par la p\u00e9riode des f\u00eates de fin d&rsquo;ann\u00e9e. L&rsquo;occasion, pour le m\u00e9tal jaune, de reprendre quelques couleurs et de s&rsquo;\u00e9loigner graduellement du plancher technique et psychologique des <strong>1 100 dollars<\/strong>.    Force est \u00e9galement d&rsquo;admettre que la semaine a \u00e9t\u00e9 particuli\u00e8rement calme, sur le plan statistique, ce qui a permis au m\u00e9tal jaune de repartir \u00e0 la hausse, sans avoir \u00e0 subir la pression des fluctuations boursi\u00e8res. Les regards se tournent toutefois aujourd&rsquo;hui, bien au-del\u00e0 de l&rsquo;\u00e9volution \u00e0 court terme de l&rsquo;once, vers l&rsquo;impact des d\u00e9cisions issues de la derni\u00e8re r\u00e9union <strong>FOMC<\/strong> sur le march\u00e9 des m\u00e9taux pr\u00e9cieux (et notamment celui de l&rsquo;or) en <strong>2017<\/strong>.    Un attentisme tendu d&rsquo;autant plus justifi\u00e9 que la r\u00e9serve f\u00e9d\u00e9rale am\u00e9ricaine a d\u00e9j\u00e0 annonc\u00e9 un calendrier de 3 rel\u00e8vements, durant l&rsquo;ann\u00e9e \u00e0 venir. Les inqui\u00e9tudes concernant cet impact ont toutefois \u00e9t\u00e9 mod\u00e9r\u00e9es, cette semaine, par les donn\u00e9es publi\u00e9es par les douanes. Des donn\u00e9es qui ont rassur\u00e9 les op\u00e9rateurs sur la solidit\u00e9 de la demande mondiale, puisqu&rsquo;elles r\u00e9v\u00e8lent que \u00ab <em>la Suisse a export\u00e9 pr\u00e8s de 140 tonnes d&rsquo;or vers l&rsquo;Inde, la Chine et Hong Kong en novembre<\/em> \u00bb. Les analystes de <strong>Commerzbank<\/strong> soulignent d&rsquo;ailleurs que \u00ab <em>\u00e0 63,2 tonnes, les exportations vers l&rsquo;Inde sont au plus haut en 12 mois, et les exportations vers la Chine et Hong Kong ont atteint 76,4 tonnes, leur plus haut de l&rsquo;ann\u00e9e<\/em> \u00bb.<\/p>\n<!-- AddThis Advanced Settings generic via filter on the_content --><!-- AddThis Share Buttons generic via filter on the_content -->","protected":false},"excerpt":{"rendered":"<p>Apr\u00e8s des semaines de vigueur renforc\u00e9e, le rallye haussier du dollar fait enfin une halte forc\u00e9e, sur fond de march\u00e9s boursiers et \u00e9conomiques globalement distraits par la p\u00e9riode des f\u00eates de fin d&rsquo;ann\u00e9e. L&rsquo;occasion, pour le [&hellip;]<\/p>\n","protected":false},"author":18,"featured_media":4859,"comment_status":"closed","ping_status":"closed","sticky":false,"template":"","format":"standard","meta":{"_mbp_gutenberg_autopost":false,"_pgmb_is_evergreen":false,"_pgmb_ap_template_id":0,"footnotes":""},"categories":[6],"tags":[351],"ppma_author":[2565],"class_list":["post-20593","post","type-post","status-publish","format-standard","has-post-thumbnail","hentry","category-articles-de-presse","tag-stabilisation-du-cours-de-lor"],"yoast_head":"<!-- This site is optimized with the Yoast SEO plugin v27.5 - https:\/\/yoast.com\/product\/yoast-seo-wordpress\/ -->\n<title>L\u2019once stable, sur fond de demande revigor\u00e9e - Gold.fr<\/title>\n<meta name=\"robots\" content=\"index, follow, max-snippet:-1, max-image-preview:large, max-video-preview:-1\" \/>\n<link rel=\"canonical\" href=\"https:\/\/www.gold.fr\/news\/2016\/12\/22\/lonce-stable-sur-fond-de-demande-revigoree\/\" \/>\n<meta property=\"og:locale\" content=\"fr_FR\" \/>\n<meta property=\"og:type\" content=\"article\" \/>\n<meta property=\"og:title\" content=\"L\u2019once stable, sur fond de demande revigor\u00e9e - Gold.fr\" \/>\n<meta property=\"og:description\" content=\"Apr\u00e8s des semaines de vigueur renforc\u00e9e, le rallye haussier du dollar fait enfin une halte forc\u00e9e, sur fond de march\u00e9s boursiers et \u00e9conomiques globalement distraits par la p\u00e9riode des f\u00eates de fin d&rsquo;ann\u00e9e. L&rsquo;occasion, pour le [&hellip;]\" \/>\n<meta property=\"og:url\" content=\"https:\/\/www.gold.fr\/news\/2016\/12\/22\/lonce-stable-sur-fond-de-demande-revigoree\/\" \/>\n<meta property=\"og:site_name\" content=\"Gold.fr\" \/>\n<meta property=\"article:publisher\" content=\"https:\/\/www.facebook.com\/Goldfr\/\" \/>\n<meta property=\"article:published_time\" content=\"2016-12-22T08:00:27+00:00\" \/>\n<meta property=\"article:modified_time\" content=\"2021-01-13T12:14:43+00:00\" \/>\n<meta property=\"og:image\" content=\"https:\/\/www.gold.fr\/news\/wp-content\/uploads\/2012\/01\/balance-dor.jpg\" \/>\n\t<meta property=\"og:image:width\" content=\"338\" \/>\n\t<meta property=\"og:image:height\" content=\"506\" \/>\n\t<meta property=\"og:image:type\" content=\"image\/jpeg\" \/>\n<meta name=\"author\" content=\"Comptoir National de l&#039;Or\" \/>\n<meta name=\"twitter:card\" content=\"summary_large_image\" \/>\n<meta name=\"twitter:label1\" content=\"\u00c9crit par\" \/>\n\t<meta name=\"twitter:data1\" content=\"Comptoir National de l&#039;Or\" \/>\n\t<meta name=\"twitter:label2\" content=\"Dur\u00e9e de lecture estim\u00e9e\" \/>\n\t<meta name=\"twitter:data2\" content=\"1 minute\" \/>\n<script type=\"application\/ld+json\" class=\"yoast-schema-graph\">{\"@context\":\"https:\\\/\\\/schema.org\",\"@graph\":[{\"@type\":\"Article\",\"@id\":\"https:\\\/\\\/www.gold.fr\\\/news\\\/2016\\\/12\\\/22\\\/lonce-stable-sur-fond-de-demande-revigoree\\\/#article\",\"isPartOf\":{\"@id\":\"https:\\\/\\\/www.gold.fr\\\/news\\\/2016\\\/12\\\/22\\\/lonce-stable-sur-fond-de-demande-revigoree\\\/\"},\"author\":{\"name\":\"Comptoir National de l'Or\",\"@id\":\"https:\\\/\\\/www.gold.fr\\\/news\\\/#\\\/schema\\\/person\\\/070491b4b4fb7671bf59b3be20302ce9\"},\"headline\":\"L\u2019once stable, sur fond de demande revigor\u00e9e\",\"datePublished\":\"2016-12-22T08:00:27+00:00\",\"dateModified\":\"2021-01-13T12:14:43+00:00\",\"mainEntityOfPage\":{\"@id\":\"https:\\\/\\\/www.gold.fr\\\/news\\\/2016\\\/12\\\/22\\\/lonce-stable-sur-fond-de-demande-revigoree\\\/\"},\"wordCount\":291,\"image\":{\"@id\":\"https:\\\/\\\/www.gold.fr\\\/news\\\/2016\\\/12\\\/22\\\/lonce-stable-sur-fond-de-demande-revigoree\\\/#primaryimage\"},\"thumbnailUrl\":\"https:\\\/\\\/www.gold.fr\\\/news\\\/wp-content\\\/uploads\\\/2012\\\/01\\\/balance-dor.jpg\",\"keywords\":[\"stabilisation du cours de l'or\"],\"articleSection\":[\"Articles de presse\"],\"inLanguage\":\"fr-FR\"},{\"@type\":\"WebPage\",\"@id\":\"https:\\\/\\\/www.gold.fr\\\/news\\\/2016\\\/12\\\/22\\\/lonce-stable-sur-fond-de-demande-revigoree\\\/\",\"url\":\"https:\\\/\\\/www.gold.fr\\\/news\\\/2016\\\/12\\\/22\\\/lonce-stable-sur-fond-de-demande-revigoree\\\/\",\"name\":\"L\u2019once stable, sur fond de demande revigor\u00e9e - Gold.fr\",\"isPartOf\":{\"@id\":\"https:\\\/\\\/www.gold.fr\\\/news\\\/#website\"},\"primaryImageOfPage\":{\"@id\":\"https:\\\/\\\/www.gold.fr\\\/news\\\/2016\\\/12\\\/22\\\/lonce-stable-sur-fond-de-demande-revigoree\\\/#primaryimage\"},\"image\":{\"@id\":\"https:\\\/\\\/www.gold.fr\\\/news\\\/2016\\\/12\\\/22\\\/lonce-stable-sur-fond-de-demande-revigoree\\\/#primaryimage\"},\"thumbnailUrl\":\"https:\\\/\\\/www.gold.fr\\\/news\\\/wp-content\\\/uploads\\\/2012\\\/01\\\/balance-dor.jpg\",\"datePublished\":\"2016-12-22T08:00:27+00:00\",\"dateModified\":\"2021-01-13T12:14:43+00:00\",\"author\":{\"@id\":\"https:\\\/\\\/www.gold.fr\\\/news\\\/#\\\/schema\\\/person\\\/070491b4b4fb7671bf59b3be20302ce9\"},\"breadcrumb\":{\"@id\":\"https:\\\/\\\/www.gold.fr\\\/news\\\/2016\\\/12\\\/22\\\/lonce-stable-sur-fond-de-demande-revigoree\\\/#breadcrumb\"},\"inLanguage\":\"fr-FR\",\"potentialAction\":[{\"@type\":\"ReadAction\",\"target\":[\"https:\\\/\\\/www.gold.fr\\\/news\\\/2016\\\/12\\\/22\\\/lonce-stable-sur-fond-de-demande-revigoree\\\/\"]}]},{\"@type\":\"ImageObject\",\"inLanguage\":\"fr-FR\",\"@id\":\"https:\\\/\\\/www.gold.fr\\\/news\\\/2016\\\/12\\\/22\\\/lonce-stable-sur-fond-de-demande-revigoree\\\/#primaryimage\",\"url\":\"https:\\\/\\\/www.gold.fr\\\/news\\\/wp-content\\\/uploads\\\/2012\\\/01\\\/balance-dor.jpg\",\"contentUrl\":\"https:\\\/\\\/www.gold.fr\\\/news\\\/wp-content\\\/uploads\\\/2012\\\/01\\\/balance-dor.jpg\",\"width\":\"338\",\"height\":\"506\",\"caption\":\"L\u2019once stable en ce d\u00e9but de semaine\"},{\"@type\":\"BreadcrumbList\",\"@id\":\"https:\\\/\\\/www.gold.fr\\\/news\\\/2016\\\/12\\\/22\\\/lonce-stable-sur-fond-de-demande-revigoree\\\/#breadcrumb\",\"itemListElement\":[{\"@type\":\"ListItem\",\"position\":1,\"name\":\"Accueil\",\"item\":\"https:\\\/\\\/www.gold.fr\\\/\"},{\"@type\":\"ListItem\",\"position\":2,\"name\":\"Actualit\u00e9s\",\"item\":\"https:\\\/\\\/www.gold.fr\\\/news\\\/\"},{\"@type\":\"ListItem\",\"position\":3,\"name\":\"L\u2019once stable, sur fond de demande revigor\u00e9e\"}]},{\"@type\":\"WebSite\",\"@id\":\"https:\\\/\\\/www.gold.fr\\\/news\\\/#website\",\"url\":\"https:\\\/\\\/www.gold.fr\\\/news\\\/\",\"name\":\"Gold.fr\",\"description\":\"Actualit\u00e9s de l&#039;Or et des m\u00e9taux pr\u00e9cieux\",\"potentialAction\":[{\"@type\":\"SearchAction\",\"target\":{\"@type\":\"EntryPoint\",\"urlTemplate\":\"https:\\\/\\\/www.gold.fr\\\/news\\\/?s={search_term_string}\"},\"query-input\":{\"@type\":\"PropertyValueSpecification\",\"valueRequired\":true,\"valueName\":\"search_term_string\"}}],\"inLanguage\":\"fr-FR\"},{\"@type\":\"Person\",\"@id\":\"https:\\\/\\\/www.gold.fr\\\/news\\\/#\\\/schema\\\/person\\\/070491b4b4fb7671bf59b3be20302ce9\",\"name\":\"Comptoir National de l'Or\",\"image\":{\"@type\":\"ImageObject\",\"inLanguage\":\"fr-FR\",\"@id\":\"https:\\\/\\\/secure.gravatar.com\\\/avatar\\\/0a2867fd5abe37bed95d5a65e9d58f01756e11efc68af9888dfc50cfa7f65948?s=96&d=mm&r=gb490554db0a38188709de567aa58480d\",\"url\":\"https:\\\/\\\/secure.gravatar.com\\\/avatar\\\/0a2867fd5abe37bed95d5a65e9d58f01756e11efc68af9888dfc50cfa7f65948?s=96&d=mm&r=g\",\"contentUrl\":\"https:\\\/\\\/secure.gravatar.com\\\/avatar\\\/0a2867fd5abe37bed95d5a65e9d58f01756e11efc68af9888dfc50cfa7f65948?s=96&d=mm&r=g\",\"caption\":\"Comptoir National de l'Or\"},\"description\":\"Notre r\u00e9daction est constitu\u00e9e de membres experts dans les m\u00e9tiers de l'\u00e9conomie et la gestion, des Responsables d'agence Comptoir National de l'Or, des analystes financiers qui publient r\u00e9guli\u00e8rement des \u00e9tudes sur les politiques des banques centrales, le cours de l'or, prix de l'or, cours de l'argent, prix de l'argent, cours du platine, cours du palladium,... la situation en zone euro et l'impact de la strat\u00e9gie mon\u00e9taire de la FED. Notre \u00e9quipe scrute \u00e9galement une information plus g\u00e9n\u00e9raliste \u00e0 la recherche d'actualit\u00e9 \\\"p\u00e9pite\\\" \u00e0 vous partager. Depuis 5 ans, nous avons publi\u00e9 un peu plus de 4000 articles qui s'adressent \u00e0 un public large et vari\u00e9 ayant pour objectif de satisfaire votre curiosit\u00e9 et de partager avec vous une certaine fascination pour le m\u00e9tal jaune, le rachat d'or, et pour ceux qui veulent investir dans l'or, vendre leur or tout simplement en savoir plus... Pour tous vos achat or et argent, n'h\u00e9sitez pas \u00e0 prendre rendez-vous dans l'un de nos nombreux comptoirs.\",\"sameAs\":[\"https:\\\/\\\/www.gold.fr\"]}]}<\/script>\n<!-- \/ Yoast SEO plugin. -->","yoast_head_json":{"title":"L\u2019once stable, sur fond de demande revigor\u00e9e - Gold.fr","robots":{"index":"index","follow":"follow","max-snippet":"max-snippet:-1","max-image-preview":"max-image-preview:large","max-video-preview":"max-video-preview:-1"},"canonical":"https:\/\/www.gold.fr\/news\/2016\/12\/22\/lonce-stable-sur-fond-de-demande-revigoree\/","og_locale":"fr_FR","og_type":"article","og_title":"L\u2019once stable, sur fond de demande revigor\u00e9e - Gold.fr","og_description":"Apr\u00e8s des semaines de vigueur renforc\u00e9e, le rallye haussier du dollar fait enfin une halte forc\u00e9e, sur fond de march\u00e9s boursiers et \u00e9conomiques globalement distraits par la p\u00e9riode des f\u00eates de fin d&rsquo;ann\u00e9e. L&rsquo;occasion, pour le [&hellip;]","og_url":"https:\/\/www.gold.fr\/news\/2016\/12\/22\/lonce-stable-sur-fond-de-demande-revigoree\/","og_site_name":"Gold.fr","article_publisher":"https:\/\/www.facebook.com\/Goldfr\/","article_published_time":"2016-12-22T08:00:27+00:00","article_modified_time":"2021-01-13T12:14:43+00:00","og_image":[{"width":338,"height":506,"url":"https:\/\/www.gold.fr\/news\/wp-content\/uploads\/2012\/01\/balance-dor.jpg","type":"image\/jpeg"}],"author":"Comptoir National de l'Or","twitter_card":"summary_large_image","twitter_misc":{"\u00c9crit par":"Comptoir National de l'Or","Dur\u00e9e de lecture estim\u00e9e":"1 minute"},"schema":{"@context":"https:\/\/schema.org","@graph":[{"@type":"Article","@id":"https:\/\/www.gold.fr\/news\/2016\/12\/22\/lonce-stable-sur-fond-de-demande-revigoree\/#article","isPartOf":{"@id":"https:\/\/www.gold.fr\/news\/2016\/12\/22\/lonce-stable-sur-fond-de-demande-revigoree\/"},"author":{"name":"Comptoir National de l'Or","@id":"https:\/\/www.gold.fr\/news\/#\/schema\/person\/070491b4b4fb7671bf59b3be20302ce9"},"headline":"L\u2019once stable, sur fond de demande revigor\u00e9e","datePublished":"2016-12-22T08:00:27+00:00","dateModified":"2021-01-13T12:14:43+00:00","mainEntityOfPage":{"@id":"https:\/\/www.gold.fr\/news\/2016\/12\/22\/lonce-stable-sur-fond-de-demande-revigoree\/"},"wordCount":291,"image":{"@id":"https:\/\/www.gold.fr\/news\/2016\/12\/22\/lonce-stable-sur-fond-de-demande-revigoree\/#primaryimage"},"thumbnailUrl":"https:\/\/www.gold.fr\/news\/wp-content\/uploads\/2012\/01\/balance-dor.jpg","keywords":["stabilisation du cours de l'or"],"articleSection":["Articles de presse"],"inLanguage":"fr-FR"},{"@type":"WebPage","@id":"https:\/\/www.gold.fr\/news\/2016\/12\/22\/lonce-stable-sur-fond-de-demande-revigoree\/","url":"https:\/\/www.gold.fr\/news\/2016\/12\/22\/lonce-stable-sur-fond-de-demande-revigoree\/","name":"L\u2019once stable, sur fond de demande revigor\u00e9e - Gold.fr","isPartOf":{"@id":"https:\/\/www.gold.fr\/news\/#website"},"primaryImageOfPage":{"@id":"https:\/\/www.gold.fr\/news\/2016\/12\/22\/lonce-stable-sur-fond-de-demande-revigoree\/#primaryimage"},"image":{"@id":"https:\/\/www.gold.fr\/news\/2016\/12\/22\/lonce-stable-sur-fond-de-demande-revigoree\/#primaryimage"},"thumbnailUrl":"https:\/\/www.gold.fr\/news\/wp-content\/uploads\/2012\/01\/balance-dor.jpg","datePublished":"2016-12-22T08:00:27+00:00","dateModified":"2021-01-13T12:14:43+00:00","author":{"@id":"https:\/\/www.gold.fr\/news\/#\/schema\/person\/070491b4b4fb7671bf59b3be20302ce9"},"breadcrumb":{"@id":"https:\/\/www.gold.fr\/news\/2016\/12\/22\/lonce-stable-sur-fond-de-demande-revigoree\/#breadcrumb"},"inLanguage":"fr-FR","potentialAction":[{"@type":"ReadAction","target":["https:\/\/www.gold.fr\/news\/2016\/12\/22\/lonce-stable-sur-fond-de-demande-revigoree\/"]}]},{"@type":"ImageObject","inLanguage":"fr-FR","@id":"https:\/\/www.gold.fr\/news\/2016\/12\/22\/lonce-stable-sur-fond-de-demande-revigoree\/#primaryimage","url":"https:\/\/www.gold.fr\/news\/wp-content\/uploads\/2012\/01\/balance-dor.jpg","contentUrl":"https:\/\/www.gold.fr\/news\/wp-content\/uploads\/2012\/01\/balance-dor.jpg","width":"338","height":"506","caption":"L\u2019once stable en ce d\u00e9but de semaine"},{"@type":"BreadcrumbList","@id":"https:\/\/www.gold.fr\/news\/2016\/12\/22\/lonce-stable-sur-fond-de-demande-revigoree\/#breadcrumb","itemListElement":[{"@type":"ListItem","position":1,"name":"Accueil","item":"https:\/\/www.gold.fr\/"},{"@type":"ListItem","position":2,"name":"Actualit\u00e9s","item":"https:\/\/www.gold.fr\/news\/"},{"@type":"ListItem","position":3,"name":"L\u2019once stable, sur fond de demande revigor\u00e9e"}]},{"@type":"WebSite","@id":"https:\/\/www.gold.fr\/news\/#website","url":"https:\/\/www.gold.fr\/news\/","name":"Gold.fr","description":"Actualit\u00e9s de l&#039;Or et des m\u00e9taux pr\u00e9cieux","potentialAction":[{"@type":"SearchAction","target":{"@type":"EntryPoint","urlTemplate":"https:\/\/www.gold.fr\/news\/?s={search_term_string}"},"query-input":{"@type":"PropertyValueSpecification","valueRequired":true,"valueName":"search_term_string"}}],"inLanguage":"fr-FR"},{"@type":"Person","@id":"https:\/\/www.gold.fr\/news\/#\/schema\/person\/070491b4b4fb7671bf59b3be20302ce9","name":"Comptoir National de l'Or","image":{"@type":"ImageObject","inLanguage":"fr-FR","@id":"https:\/\/secure.gravatar.com\/avatar\/0a2867fd5abe37bed95d5a65e9d58f01756e11efc68af9888dfc50cfa7f65948?s=96&d=mm&r=gb490554db0a38188709de567aa58480d","url":"https:\/\/secure.gravatar.com\/avatar\/0a2867fd5abe37bed95d5a65e9d58f01756e11efc68af9888dfc50cfa7f65948?s=96&d=mm&r=g","contentUrl":"https:\/\/secure.gravatar.com\/avatar\/0a2867fd5abe37bed95d5a65e9d58f01756e11efc68af9888dfc50cfa7f65948?s=96&d=mm&r=g","caption":"Comptoir National de l'Or"},"description":"Notre r\u00e9daction est constitu\u00e9e de membres experts dans les m\u00e9tiers de l'\u00e9conomie et la gestion, des Responsables d'agence Comptoir National de l'Or, des analystes financiers qui publient r\u00e9guli\u00e8rement des \u00e9tudes sur les politiques des banques centrales, le cours de l'or, prix de l'or, cours de l'argent, prix de l'argent, cours du platine, cours du palladium,... la situation en zone euro et l'impact de la strat\u00e9gie mon\u00e9taire de la FED. Notre \u00e9quipe scrute \u00e9galement une information plus g\u00e9n\u00e9raliste \u00e0 la recherche d'actualit\u00e9 \"p\u00e9pite\" \u00e0 vous partager. Depuis 5 ans, nous avons publi\u00e9 un peu plus de 4000 articles qui s'adressent \u00e0 un public large et vari\u00e9 ayant pour objectif de satisfaire votre curiosit\u00e9 et de partager avec vous une certaine fascination pour le m\u00e9tal jaune, le rachat d'or, et pour ceux qui veulent investir dans l'or, vendre leur or tout simplement en savoir plus... Pour tous vos achat or et argent, n'h\u00e9sitez pas \u00e0 prendre rendez-vous dans l'un de nos nombreux comptoirs.","sameAs":["https:\/\/www.gold.fr"]}]}},"authors":[{"term_id":2565,"user_id":18,"is_guest":0,"slug":"julie","display_name":"Comptoir National de l'Or","avatar_url":"https:\/\/secure.gravatar.com\/avatar\/713f289e398d35ead876c4a4cc08607f0d6d266058cfc25683fffb6092d0e572?s=96&d=mm&r=g","0":null,"1":"","2":"","3":"","4":"","5":"","6":"","7":"","8":""}],"_links":{"self":[{"href":"https:\/\/www.gold.fr\/news\/wp-json\/wp\/v2\/posts\/20593","targetHints":{"allow":["GET"]}}],"collection":[{"href":"https:\/\/www.gold.fr\/news\/wp-json\/wp\/v2\/posts"}],"about":[{"href":"https:\/\/www.gold.fr\/news\/wp-json\/wp\/v2\/types\/post"}],"author":[{"embeddable":true,"href":"https:\/\/www.gold.fr\/news\/wp-json\/wp\/v2\/users\/18"}],"replies":[{"embeddable":true,"href":"https:\/\/www.gold.fr\/news\/wp-json\/wp\/v2\/comments?post=20593"}],"version-history":[{"count":0,"href":"https:\/\/www.gold.fr\/news\/wp-json\/wp\/v2\/posts\/20593\/revisions"}],"wp:featuredmedia":[{"embeddable":true,"href":"https:\/\/www.gold.fr\/news\/wp-json\/wp\/v2\/media\/4859"}],"wp:attachment":[{"href":"https:\/\/www.gold.fr\/news\/wp-json\/wp\/v2\/media?parent=20593"}],"wp:term":[{"taxonomy":"category","embeddable":true,"href":"https:\/\/www.gold.fr\/news\/wp-json\/wp\/v2\/categories?post=20593"},{"taxonomy":"post_tag","embeddable":true,"href":"https:\/\/www.gold.fr\/news\/wp-json\/wp\/v2\/tags?post=20593"},{"taxonomy":"author","embeddable":true,"href":"https:\/\/www.gold.fr\/news\/wp-json\/wp\/v2\/ppma_author?post=20593"}],"curies":[{"name":"wp","href":"https:\/\/api.w.org\/{rel}","templated":true}]}}