{"id":20571,"date":"2016-12-29T13:00:15","date_gmt":"2016-12-29T12:00:15","guid":{"rendered":"https:\/\/www.gold.fr\/news\/?p=20571"},"modified":"2021-01-13T13:12:51","modified_gmt":"2021-01-13T12:12:51","slug":"lonce-progresse-sur-fond-de-marches-apathiques","status":"publish","type":"post","link":"https:\/\/www.gold.fr\/news\/2016\/12\/29\/lonce-progresse-sur-fond-de-marches-apathiques\/","title":{"rendered":"L&rsquo;once progresse, sur fond de march\u00e9s apathiques"},"content":{"rendered":"<p><img loading=\"lazy\" decoding=\"async\" class=\"alignleft wp-image-4089 size-thumbnail\" title=\"L'once progresse, sur fond de march\u00e9s apathiques\" src=\"https:\/\/www.gold.fr\/news\/wp-content\/uploads\/2011\/12\/86196467-150x150.jpg\" alt=\"L'once progresse, sur fond de march\u00e9s apathiques\" width=\"150\" height=\"150\" \/>Rien ne semble pouvoir perturber l&rsquo;\u00e9volution lin\u00e9aire des march\u00e9s d&rsquo;actions. Les op\u00e9rateurs, d&rsquo;ores et d\u00e9j\u00e0 rentr\u00e9s en phase festive, semblent avoir d\u00e9sert\u00e9 les principales places boursi\u00e8res. Il faudra certainement attendre le d\u00e9but de l&rsquo;ann\u00e9e prochaine, avec le calendrier tr\u00e8s charg\u00e9 de son premier trimestre, pour voir les march\u00e9s d&rsquo;investissement retrouver quelques solides catalyseurs et donc reprendre vie.    Premier rendez-vous particuli\u00e8rement attendu, au d\u00e9but de l&rsquo;ann\u00e9e prochaine; le <strong>10 janvier<\/strong>, date \u00e0 laquelle <strong>Donald Trump<\/strong> prendra officiellement ses fonctions de 46eme pr\u00e9sident des <strong>Etats-Unis<\/strong>. Selon les \u00e9quipes de State <strong>Street Associates<\/strong>, \u00ab\u00a0<em>en 2017, les investisseurs attendent probablement davantage de clart\u00e9 pour dissiper leurs principales incertitudes concernant la pr\u00e9sidence Trump et l&rsquo;orientation plus agressive de la FED suite \u00e0 son rel\u00e8vement des taux d&rsquo;int\u00e9r\u00eat en d\u00e9cembre \u00bb<\/em>.    Ce qui nous ram\u00e8ne au deuxi\u00e8me \u00e9v\u00e9nement tr\u00e8s attendu lors de cette nouvelle ann\u00e9e 2017; le calendrier pr\u00e9cis des trois rel\u00e8vements de taux d&rsquo;int\u00e9r\u00eat <strong>FED<\/strong>, annonc\u00e9s il y a deux semaines par l&rsquo;institution.    En attendant, l&rsquo;or profite de ce calme plat pour continuer \u00e0 tracer son chemin haussier vers les <strong>1 150 dollars<\/strong>, et ouvre la s\u00e9ance de ce <strong>jeudi 29 d\u00e9cembre 2016<\/strong> avec un <a href=\"http:\/\/www.gold.fr\/cours-or-prix-de-l-or\/\" target=\"_blank\" rel=\"noopener noreferrer\">cours<\/a> de <strong>1,143.15 dollars<\/strong> <a href=\"http:\/\/www.gold.fr\/once-or-nyc\/\" target=\"_blank\" rel=\"noopener noreferrer\">l&rsquo;once<\/a>.<\/p>\n<!-- AddThis Advanced Settings generic via filter on the_content --><!-- AddThis Share Buttons generic via filter on the_content -->","protected":false},"excerpt":{"rendered":"<p>Rien ne semble pouvoir perturber l&rsquo;\u00e9volution lin\u00e9aire des march\u00e9s d&rsquo;actions. Les op\u00e9rateurs, d&rsquo;ores et d\u00e9j\u00e0 rentr\u00e9s en phase festive, semblent avoir d\u00e9sert\u00e9 les principales places boursi\u00e8res. Il faudra certainement attendre le d\u00e9but de l&rsquo;ann\u00e9e prochaine, avec [&hellip;]<\/p>\n","protected":false},"author":18,"featured_media":4089,"comment_status":"closed","ping_status":"closed","sticky":false,"template":"","format":"standard","meta":{"_mbp_gutenberg_autopost":false,"_pgmb_is_evergreen":false,"_pgmb_ap_template_id":0,"footnotes":""},"categories":[5],"tags":[1048],"ppma_author":[2565],"class_list":["post-20571","post","type-post","status-publish","format-standard","has-post-thumbnail","hentry","category-flash-infos","tag-progression-de-lor"],"yoast_head":"<!-- This site is optimized with the Yoast SEO plugin v27.5 - https:\/\/yoast.com\/product\/yoast-seo-wordpress\/ -->\n<title>L&#039;once progresse, sur fond de march\u00e9s apathiques - Gold.fr<\/title>\n<meta name=\"robots\" content=\"index, follow, max-snippet:-1, max-image-preview:large, max-video-preview:-1\" \/>\n<link rel=\"canonical\" href=\"https:\/\/www.gold.fr\/news\/2016\/12\/29\/lonce-progresse-sur-fond-de-marches-apathiques\/\" \/>\n<meta property=\"og:locale\" content=\"fr_FR\" \/>\n<meta property=\"og:type\" content=\"article\" \/>\n<meta property=\"og:title\" content=\"L&#039;once progresse, sur fond de march\u00e9s apathiques - Gold.fr\" \/>\n<meta property=\"og:description\" content=\"Rien ne semble pouvoir perturber l&rsquo;\u00e9volution lin\u00e9aire des march\u00e9s d&rsquo;actions. Les op\u00e9rateurs, d&rsquo;ores et d\u00e9j\u00e0 rentr\u00e9s en phase festive, semblent avoir d\u00e9sert\u00e9 les principales places boursi\u00e8res. Il faudra certainement attendre le d\u00e9but de l&rsquo;ann\u00e9e prochaine, avec [&hellip;]\" \/>\n<meta property=\"og:url\" content=\"https:\/\/www.gold.fr\/news\/2016\/12\/29\/lonce-progresse-sur-fond-de-marches-apathiques\/\" \/>\n<meta property=\"og:site_name\" content=\"Gold.fr\" \/>\n<meta property=\"article:publisher\" content=\"https:\/\/www.facebook.com\/Goldfr\/\" \/>\n<meta property=\"article:published_time\" content=\"2016-12-29T12:00:15+00:00\" \/>\n<meta property=\"article:modified_time\" content=\"2021-01-13T12:12:51+00:00\" \/>\n<meta property=\"og:image\" content=\"https:\/\/www.gold.fr\/news\/wp-content\/uploads\/2011\/12\/86196467.jpg\" \/>\n\t<meta property=\"og:image:width\" content=\"600\" \/>\n\t<meta property=\"og:image:height\" content=\"400\" \/>\n\t<meta property=\"og:image:type\" content=\"image\/jpeg\" \/>\n<meta name=\"author\" content=\"Comptoir National de l&#039;Or\" \/>\n<meta name=\"twitter:card\" content=\"summary_large_image\" \/>\n<meta name=\"twitter:label1\" content=\"\u00c9crit par\" \/>\n\t<meta name=\"twitter:data1\" content=\"Comptoir National de l&#039;Or\" \/>\n\t<meta name=\"twitter:label2\" content=\"Dur\u00e9e de lecture estim\u00e9e\" \/>\n\t<meta name=\"twitter:data2\" content=\"1 minute\" \/>\n<script type=\"application\/ld+json\" class=\"yoast-schema-graph\">{\"@context\":\"https:\\\/\\\/schema.org\",\"@graph\":[{\"@type\":\"Article\",\"@id\":\"https:\\\/\\\/www.gold.fr\\\/news\\\/2016\\\/12\\\/29\\\/lonce-progresse-sur-fond-de-marches-apathiques\\\/#article\",\"isPartOf\":{\"@id\":\"https:\\\/\\\/www.gold.fr\\\/news\\\/2016\\\/12\\\/29\\\/lonce-progresse-sur-fond-de-marches-apathiques\\\/\"},\"author\":{\"name\":\"Comptoir National de l'Or\",\"@id\":\"https:\\\/\\\/www.gold.fr\\\/news\\\/#\\\/schema\\\/person\\\/070491b4b4fb7671bf59b3be20302ce9\"},\"headline\":\"L&rsquo;once progresse, sur fond de march\u00e9s apathiques\",\"datePublished\":\"2016-12-29T12:00:15+00:00\",\"dateModified\":\"2021-01-13T12:12:51+00:00\",\"mainEntityOfPage\":{\"@id\":\"https:\\\/\\\/www.gold.fr\\\/news\\\/2016\\\/12\\\/29\\\/lonce-progresse-sur-fond-de-marches-apathiques\\\/\"},\"wordCount\":236,\"image\":{\"@id\":\"https:\\\/\\\/www.gold.fr\\\/news\\\/2016\\\/12\\\/29\\\/lonce-progresse-sur-fond-de-marches-apathiques\\\/#primaryimage\"},\"thumbnailUrl\":\"https:\\\/\\\/www.gold.fr\\\/news\\\/wp-content\\\/uploads\\\/2011\\\/12\\\/86196467.jpg\",\"keywords\":[\"Progression de l\u2019or\"],\"articleSection\":[\"Flash infos\"],\"inLanguage\":\"fr-FR\"},{\"@type\":\"WebPage\",\"@id\":\"https:\\\/\\\/www.gold.fr\\\/news\\\/2016\\\/12\\\/29\\\/lonce-progresse-sur-fond-de-marches-apathiques\\\/\",\"url\":\"https:\\\/\\\/www.gold.fr\\\/news\\\/2016\\\/12\\\/29\\\/lonce-progresse-sur-fond-de-marches-apathiques\\\/\",\"name\":\"L'once progresse, sur fond de march\u00e9s apathiques - Gold.fr\",\"isPartOf\":{\"@id\":\"https:\\\/\\\/www.gold.fr\\\/news\\\/#website\"},\"primaryImageOfPage\":{\"@id\":\"https:\\\/\\\/www.gold.fr\\\/news\\\/2016\\\/12\\\/29\\\/lonce-progresse-sur-fond-de-marches-apathiques\\\/#primaryimage\"},\"image\":{\"@id\":\"https:\\\/\\\/www.gold.fr\\\/news\\\/2016\\\/12\\\/29\\\/lonce-progresse-sur-fond-de-marches-apathiques\\\/#primaryimage\"},\"thumbnailUrl\":\"https:\\\/\\\/www.gold.fr\\\/news\\\/wp-content\\\/uploads\\\/2011\\\/12\\\/86196467.jpg\",\"datePublished\":\"2016-12-29T12:00:15+00:00\",\"dateModified\":\"2021-01-13T12:12:51+00:00\",\"author\":{\"@id\":\"https:\\\/\\\/www.gold.fr\\\/news\\\/#\\\/schema\\\/person\\\/070491b4b4fb7671bf59b3be20302ce9\"},\"breadcrumb\":{\"@id\":\"https:\\\/\\\/www.gold.fr\\\/news\\\/2016\\\/12\\\/29\\\/lonce-progresse-sur-fond-de-marches-apathiques\\\/#breadcrumb\"},\"inLanguage\":\"fr-FR\",\"potentialAction\":[{\"@type\":\"ReadAction\",\"target\":[\"https:\\\/\\\/www.gold.fr\\\/news\\\/2016\\\/12\\\/29\\\/lonce-progresse-sur-fond-de-marches-apathiques\\\/\"]}]},{\"@type\":\"ImageObject\",\"inLanguage\":\"fr-FR\",\"@id\":\"https:\\\/\\\/www.gold.fr\\\/news\\\/2016\\\/12\\\/29\\\/lonce-progresse-sur-fond-de-marches-apathiques\\\/#primaryimage\",\"url\":\"https:\\\/\\\/www.gold.fr\\\/news\\\/wp-content\\\/uploads\\\/2011\\\/12\\\/86196467.jpg\",\"contentUrl\":\"https:\\\/\\\/www.gold.fr\\\/news\\\/wp-content\\\/uploads\\\/2011\\\/12\\\/86196467.jpg\",\"width\":\"600\",\"height\":\"400\",\"caption\":\"L\u2019once se d\u00e9fend bien malgr\u00e9 la hausse du taux directeur\"},{\"@type\":\"BreadcrumbList\",\"@id\":\"https:\\\/\\\/www.gold.fr\\\/news\\\/2016\\\/12\\\/29\\\/lonce-progresse-sur-fond-de-marches-apathiques\\\/#breadcrumb\",\"itemListElement\":[{\"@type\":\"ListItem\",\"position\":1,\"name\":\"Accueil\",\"item\":\"https:\\\/\\\/www.gold.fr\\\/\"},{\"@type\":\"ListItem\",\"position\":2,\"name\":\"Actualit\u00e9s\",\"item\":\"https:\\\/\\\/www.gold.fr\\\/news\\\/\"},{\"@type\":\"ListItem\",\"position\":3,\"name\":\"L&rsquo;once progresse, sur fond de march\u00e9s apathiques\"}]},{\"@type\":\"WebSite\",\"@id\":\"https:\\\/\\\/www.gold.fr\\\/news\\\/#website\",\"url\":\"https:\\\/\\\/www.gold.fr\\\/news\\\/\",\"name\":\"Gold.fr\",\"description\":\"Actualit\u00e9s de l&#039;Or et des m\u00e9taux pr\u00e9cieux\",\"potentialAction\":[{\"@type\":\"SearchAction\",\"target\":{\"@type\":\"EntryPoint\",\"urlTemplate\":\"https:\\\/\\\/www.gold.fr\\\/news\\\/?s={search_term_string}\"},\"query-input\":{\"@type\":\"PropertyValueSpecification\",\"valueRequired\":true,\"valueName\":\"search_term_string\"}}],\"inLanguage\":\"fr-FR\"},{\"@type\":\"Person\",\"@id\":\"https:\\\/\\\/www.gold.fr\\\/news\\\/#\\\/schema\\\/person\\\/070491b4b4fb7671bf59b3be20302ce9\",\"name\":\"Comptoir National de l'Or\",\"image\":{\"@type\":\"ImageObject\",\"inLanguage\":\"fr-FR\",\"@id\":\"https:\\\/\\\/secure.gravatar.com\\\/avatar\\\/0a2867fd5abe37bed95d5a65e9d58f01756e11efc68af9888dfc50cfa7f65948?s=96&d=mm&r=gb490554db0a38188709de567aa58480d\",\"url\":\"https:\\\/\\\/secure.gravatar.com\\\/avatar\\\/0a2867fd5abe37bed95d5a65e9d58f01756e11efc68af9888dfc50cfa7f65948?s=96&d=mm&r=g\",\"contentUrl\":\"https:\\\/\\\/secure.gravatar.com\\\/avatar\\\/0a2867fd5abe37bed95d5a65e9d58f01756e11efc68af9888dfc50cfa7f65948?s=96&d=mm&r=g\",\"caption\":\"Comptoir National de l'Or\"},\"description\":\"Notre r\u00e9daction est constitu\u00e9e de membres experts dans les m\u00e9tiers de l'\u00e9conomie et la gestion, des Responsables d'agence Comptoir National de l'Or, des analystes financiers qui publient r\u00e9guli\u00e8rement des \u00e9tudes sur les politiques des banques centrales, le cours de l'or, prix de l'or, cours de l'argent, prix de l'argent, cours du platine, cours du palladium,... la situation en zone euro et l'impact de la strat\u00e9gie mon\u00e9taire de la FED. Notre \u00e9quipe scrute \u00e9galement une information plus g\u00e9n\u00e9raliste \u00e0 la recherche d'actualit\u00e9 \\\"p\u00e9pite\\\" \u00e0 vous partager. Depuis 5 ans, nous avons publi\u00e9 un peu plus de 4000 articles qui s'adressent \u00e0 un public large et vari\u00e9 ayant pour objectif de satisfaire votre curiosit\u00e9 et de partager avec vous une certaine fascination pour le m\u00e9tal jaune, le rachat d'or, et pour ceux qui veulent investir dans l'or, vendre leur or tout simplement en savoir plus... Pour tous vos achat or et argent, n'h\u00e9sitez pas \u00e0 prendre rendez-vous dans l'un de nos nombreux comptoirs.\",\"sameAs\":[\"https:\\\/\\\/www.gold.fr\"]}]}<\/script>\n<!-- \/ Yoast SEO plugin. -->","yoast_head_json":{"title":"L'once progresse, sur fond de march\u00e9s apathiques - Gold.fr","robots":{"index":"index","follow":"follow","max-snippet":"max-snippet:-1","max-image-preview":"max-image-preview:large","max-video-preview":"max-video-preview:-1"},"canonical":"https:\/\/www.gold.fr\/news\/2016\/12\/29\/lonce-progresse-sur-fond-de-marches-apathiques\/","og_locale":"fr_FR","og_type":"article","og_title":"L'once progresse, sur fond de march\u00e9s apathiques - Gold.fr","og_description":"Rien ne semble pouvoir perturber l&rsquo;\u00e9volution lin\u00e9aire des march\u00e9s d&rsquo;actions. Les op\u00e9rateurs, d&rsquo;ores et d\u00e9j\u00e0 rentr\u00e9s en phase festive, semblent avoir d\u00e9sert\u00e9 les principales places boursi\u00e8res. Il faudra certainement attendre le d\u00e9but de l&rsquo;ann\u00e9e prochaine, avec [&hellip;]","og_url":"https:\/\/www.gold.fr\/news\/2016\/12\/29\/lonce-progresse-sur-fond-de-marches-apathiques\/","og_site_name":"Gold.fr","article_publisher":"https:\/\/www.facebook.com\/Goldfr\/","article_published_time":"2016-12-29T12:00:15+00:00","article_modified_time":"2021-01-13T12:12:51+00:00","og_image":[{"width":600,"height":400,"url":"https:\/\/www.gold.fr\/news\/wp-content\/uploads\/2011\/12\/86196467.jpg","type":"image\/jpeg"}],"author":"Comptoir National de l'Or","twitter_card":"summary_large_image","twitter_misc":{"\u00c9crit par":"Comptoir National de l'Or","Dur\u00e9e de lecture estim\u00e9e":"1 minute"},"schema":{"@context":"https:\/\/schema.org","@graph":[{"@type":"Article","@id":"https:\/\/www.gold.fr\/news\/2016\/12\/29\/lonce-progresse-sur-fond-de-marches-apathiques\/#article","isPartOf":{"@id":"https:\/\/www.gold.fr\/news\/2016\/12\/29\/lonce-progresse-sur-fond-de-marches-apathiques\/"},"author":{"name":"Comptoir National de l'Or","@id":"https:\/\/www.gold.fr\/news\/#\/schema\/person\/070491b4b4fb7671bf59b3be20302ce9"},"headline":"L&rsquo;once progresse, sur fond de march\u00e9s apathiques","datePublished":"2016-12-29T12:00:15+00:00","dateModified":"2021-01-13T12:12:51+00:00","mainEntityOfPage":{"@id":"https:\/\/www.gold.fr\/news\/2016\/12\/29\/lonce-progresse-sur-fond-de-marches-apathiques\/"},"wordCount":236,"image":{"@id":"https:\/\/www.gold.fr\/news\/2016\/12\/29\/lonce-progresse-sur-fond-de-marches-apathiques\/#primaryimage"},"thumbnailUrl":"https:\/\/www.gold.fr\/news\/wp-content\/uploads\/2011\/12\/86196467.jpg","keywords":["Progression de l\u2019or"],"articleSection":["Flash infos"],"inLanguage":"fr-FR"},{"@type":"WebPage","@id":"https:\/\/www.gold.fr\/news\/2016\/12\/29\/lonce-progresse-sur-fond-de-marches-apathiques\/","url":"https:\/\/www.gold.fr\/news\/2016\/12\/29\/lonce-progresse-sur-fond-de-marches-apathiques\/","name":"L'once progresse, sur fond de march\u00e9s apathiques - Gold.fr","isPartOf":{"@id":"https:\/\/www.gold.fr\/news\/#website"},"primaryImageOfPage":{"@id":"https:\/\/www.gold.fr\/news\/2016\/12\/29\/lonce-progresse-sur-fond-de-marches-apathiques\/#primaryimage"},"image":{"@id":"https:\/\/www.gold.fr\/news\/2016\/12\/29\/lonce-progresse-sur-fond-de-marches-apathiques\/#primaryimage"},"thumbnailUrl":"https:\/\/www.gold.fr\/news\/wp-content\/uploads\/2011\/12\/86196467.jpg","datePublished":"2016-12-29T12:00:15+00:00","dateModified":"2021-01-13T12:12:51+00:00","author":{"@id":"https:\/\/www.gold.fr\/news\/#\/schema\/person\/070491b4b4fb7671bf59b3be20302ce9"},"breadcrumb":{"@id":"https:\/\/www.gold.fr\/news\/2016\/12\/29\/lonce-progresse-sur-fond-de-marches-apathiques\/#breadcrumb"},"inLanguage":"fr-FR","potentialAction":[{"@type":"ReadAction","target":["https:\/\/www.gold.fr\/news\/2016\/12\/29\/lonce-progresse-sur-fond-de-marches-apathiques\/"]}]},{"@type":"ImageObject","inLanguage":"fr-FR","@id":"https:\/\/www.gold.fr\/news\/2016\/12\/29\/lonce-progresse-sur-fond-de-marches-apathiques\/#primaryimage","url":"https:\/\/www.gold.fr\/news\/wp-content\/uploads\/2011\/12\/86196467.jpg","contentUrl":"https:\/\/www.gold.fr\/news\/wp-content\/uploads\/2011\/12\/86196467.jpg","width":"600","height":"400","caption":"L\u2019once se d\u00e9fend bien malgr\u00e9 la hausse du taux directeur"},{"@type":"BreadcrumbList","@id":"https:\/\/www.gold.fr\/news\/2016\/12\/29\/lonce-progresse-sur-fond-de-marches-apathiques\/#breadcrumb","itemListElement":[{"@type":"ListItem","position":1,"name":"Accueil","item":"https:\/\/www.gold.fr\/"},{"@type":"ListItem","position":2,"name":"Actualit\u00e9s","item":"https:\/\/www.gold.fr\/news\/"},{"@type":"ListItem","position":3,"name":"L&rsquo;once progresse, sur fond de march\u00e9s apathiques"}]},{"@type":"WebSite","@id":"https:\/\/www.gold.fr\/news\/#website","url":"https:\/\/www.gold.fr\/news\/","name":"Gold.fr","description":"Actualit\u00e9s de l&#039;Or et des m\u00e9taux pr\u00e9cieux","potentialAction":[{"@type":"SearchAction","target":{"@type":"EntryPoint","urlTemplate":"https:\/\/www.gold.fr\/news\/?s={search_term_string}"},"query-input":{"@type":"PropertyValueSpecification","valueRequired":true,"valueName":"search_term_string"}}],"inLanguage":"fr-FR"},{"@type":"Person","@id":"https:\/\/www.gold.fr\/news\/#\/schema\/person\/070491b4b4fb7671bf59b3be20302ce9","name":"Comptoir National de l'Or","image":{"@type":"ImageObject","inLanguage":"fr-FR","@id":"https:\/\/secure.gravatar.com\/avatar\/0a2867fd5abe37bed95d5a65e9d58f01756e11efc68af9888dfc50cfa7f65948?s=96&d=mm&r=gb490554db0a38188709de567aa58480d","url":"https:\/\/secure.gravatar.com\/avatar\/0a2867fd5abe37bed95d5a65e9d58f01756e11efc68af9888dfc50cfa7f65948?s=96&d=mm&r=g","contentUrl":"https:\/\/secure.gravatar.com\/avatar\/0a2867fd5abe37bed95d5a65e9d58f01756e11efc68af9888dfc50cfa7f65948?s=96&d=mm&r=g","caption":"Comptoir National de l'Or"},"description":"Notre r\u00e9daction est constitu\u00e9e de membres experts dans les m\u00e9tiers de l'\u00e9conomie et la gestion, des Responsables d'agence Comptoir National de l'Or, des analystes financiers qui publient r\u00e9guli\u00e8rement des \u00e9tudes sur les politiques des banques centrales, le cours de l'or, prix de l'or, cours de l'argent, prix de l'argent, cours du platine, cours du palladium,... la situation en zone euro et l'impact de la strat\u00e9gie mon\u00e9taire de la FED. Notre \u00e9quipe scrute \u00e9galement une information plus g\u00e9n\u00e9raliste \u00e0 la recherche d'actualit\u00e9 \"p\u00e9pite\" \u00e0 vous partager. Depuis 5 ans, nous avons publi\u00e9 un peu plus de 4000 articles qui s'adressent \u00e0 un public large et vari\u00e9 ayant pour objectif de satisfaire votre curiosit\u00e9 et de partager avec vous une certaine fascination pour le m\u00e9tal jaune, le rachat d'or, et pour ceux qui veulent investir dans l'or, vendre leur or tout simplement en savoir plus... Pour tous vos achat or et argent, n'h\u00e9sitez pas \u00e0 prendre rendez-vous dans l'un de nos nombreux comptoirs.","sameAs":["https:\/\/www.gold.fr"]}]}},"authors":[{"term_id":2565,"user_id":18,"is_guest":0,"slug":"julie","display_name":"Comptoir National de l'Or","avatar_url":"https:\/\/secure.gravatar.com\/avatar\/713f289e398d35ead876c4a4cc08607f0d6d266058cfc25683fffb6092d0e572?s=96&d=mm&r=g","0":null,"1":"","2":"","3":"","4":"","5":"","6":"","7":"","8":""}],"_links":{"self":[{"href":"https:\/\/www.gold.fr\/news\/wp-json\/wp\/v2\/posts\/20571","targetHints":{"allow":["GET"]}}],"collection":[{"href":"https:\/\/www.gold.fr\/news\/wp-json\/wp\/v2\/posts"}],"about":[{"href":"https:\/\/www.gold.fr\/news\/wp-json\/wp\/v2\/types\/post"}],"author":[{"embeddable":true,"href":"https:\/\/www.gold.fr\/news\/wp-json\/wp\/v2\/users\/18"}],"replies":[{"embeddable":true,"href":"https:\/\/www.gold.fr\/news\/wp-json\/wp\/v2\/comments?post=20571"}],"version-history":[{"count":0,"href":"https:\/\/www.gold.fr\/news\/wp-json\/wp\/v2\/posts\/20571\/revisions"}],"wp:featuredmedia":[{"embeddable":true,"href":"https:\/\/www.gold.fr\/news\/wp-json\/wp\/v2\/media\/4089"}],"wp:attachment":[{"href":"https:\/\/www.gold.fr\/news\/wp-json\/wp\/v2\/media?parent=20571"}],"wp:term":[{"taxonomy":"category","embeddable":true,"href":"https:\/\/www.gold.fr\/news\/wp-json\/wp\/v2\/categories?post=20571"},{"taxonomy":"post_tag","embeddable":true,"href":"https:\/\/www.gold.fr\/news\/wp-json\/wp\/v2\/tags?post=20571"},{"taxonomy":"author","embeddable":true,"href":"https:\/\/www.gold.fr\/news\/wp-json\/wp\/v2\/ppma_author?post=20571"}],"curies":[{"name":"wp","href":"https:\/\/api.w.org\/{rel}","templated":true}]}}