{"id":20532,"date":"2016-12-20T13:00:27","date_gmt":"2016-12-20T12:00:27","guid":{"rendered":"https:\/\/www.gold.fr\/news\/?p=20532"},"modified":"2021-01-13T13:16:36","modified_gmt":"2021-01-13T12:16:36","slug":"lactualite-mondiale-tire-les-marches-vers-le-bas","status":"publish","type":"post","link":"https:\/\/www.gold.fr\/news\/2016\/12\/20\/lactualite-mondiale-tire-les-marches-vers-le-bas\/","title":{"rendered":"L&rsquo;actualit\u00e9 mondiale tire les march\u00e9s vers le bas"},"content":{"rendered":"<p><img loading=\"lazy\" decoding=\"async\" class=\"alignleft wp-image-8085 size-thumbnail\" title=\"L'actualit\u00e9 mondiale tire les march\u00e9s vers le bas\" src=\"https:\/\/www.gold.fr\/news\/wp-content\/uploads\/2012\/06\/demande-mondiale-150x150.jpg\" alt=\"L'actualit\u00e9 mondiale tire les march\u00e9s vers le bas\" width=\"150\" height=\"150\" \/>Apr\u00e8s avoir avanc\u00e9 dans un grand calme international, cette p\u00e9riode de fin d&rsquo;ann\u00e9e a bascul\u00e9, en l&rsquo;espace d&rsquo;une nuit, dans le chaos. Entre l&rsquo;assassinat de l&rsquo;ambassadeur russe en Turquie et l&rsquo;attentat survenu \u00e0 Berlin, entre autres turbulences mondiales inattendues, le rythme de croisi\u00e8re adopt\u00e9, jusque l\u00e0, par les march\u00e9s est brutalement interrompu et les indices commencent d\u00e9j\u00e0 \u00e0 chuter, que ce soit aux <strong>Etats-Unis<\/strong> ou en <strong>Europe<\/strong>.    L&rsquo;attentat qui a co\u00fbt\u00e9 la vie \u00e0 l&rsquo;ambassadeur russe en Turquie a \u00e9t\u00e9 d\u00e9crit, par les experts, comme \u00ab\u00a0<em>un acte d&rsquo;une gravit\u00e9 exceptionnelle vu les complicit\u00e9s au plus haut niveau que cela implique et la possibilit\u00e9 que cet acte ait \u00e9t\u00e9 t\u00e9l\u00e9guid\u00e9 depuis un pays tiers \u00bb<\/em>.    Sur le plan \u00e9conomique, l&rsquo;attentat a caus\u00e9 une baisse g\u00e9n\u00e9rale des indices boursiers, sur le plan international, \u00e0 commencer par le repli quasi imm\u00e9diat de <strong>Wall Street<\/strong>, enregistr\u00e9 la veille. Force en effet est de constater que peu de choses sont aujourd&rsquo;hui susceptibles d&rsquo;\u00e9mouvoir les march\u00e9s am\u00e9ricains qui persistent dans une euphorie toujours aussi inexplicable.    Dans ce contexte particuli\u00e8rement mouvement\u00e9, l&rsquo;or ouvre la s\u00e9ance de ce <strong>mardi 20 d\u00e9cembre 2016<\/strong> avec un <a href=\"http:\/\/www.gold.fr\/cours-or-prix-de-l-or\/\" target=\"_blank\" rel=\"noopener noreferrer\">cours<\/a> de <strong>1,134.05 dollars<\/strong> <a href=\"http:\/\/www.gold.fr\/once-or-nyc\/\" target=\"_blank\" rel=\"noopener noreferrer\">l&rsquo;once<\/a>.<\/p>\n<!-- AddThis Advanced Settings generic via filter on the_content --><!-- AddThis Share Buttons generic via filter on the_content -->","protected":false},"excerpt":{"rendered":"<p>Apr\u00e8s avoir avanc\u00e9 dans un grand calme international, cette p\u00e9riode de fin d&rsquo;ann\u00e9e a bascul\u00e9, en l&rsquo;espace d&rsquo;une nuit, dans le chaos. Entre l&rsquo;assassinat de l&rsquo;ambassadeur russe en Turquie et l&rsquo;attentat survenu \u00e0 Berlin, entre autres [&hellip;]<\/p>\n","protected":false},"author":18,"featured_media":8085,"comment_status":"closed","ping_status":"closed","sticky":false,"template":"","format":"standard","meta":{"_mbp_gutenberg_autopost":false,"_pgmb_is_evergreen":false,"_pgmb_ap_template_id":0,"footnotes":""},"categories":[5],"tags":[1762,1188],"ppma_author":[2565],"class_list":["post-20532","post","type-post","status-publish","format-standard","has-post-thumbnail","hentry","category-flash-infos","tag-baisse-marche","tag-bourse"],"yoast_head":"<!-- This site is optimized with the Yoast SEO plugin v26.9 - https:\/\/yoast.com\/product\/yoast-seo-wordpress\/ -->\n<title>L&#039;actualit\u00e9 mondiale tire les march\u00e9s vers le bas - Gold.fr<\/title>\n<meta name=\"robots\" content=\"index, follow, max-snippet:-1, max-image-preview:large, max-video-preview:-1\" \/>\n<link rel=\"canonical\" href=\"https:\/\/www.gold.fr\/news\/2016\/12\/20\/lactualite-mondiale-tire-les-marches-vers-le-bas\/\" \/>\n<meta property=\"og:locale\" content=\"fr_FR\" \/>\n<meta property=\"og:type\" content=\"article\" \/>\n<meta property=\"og:title\" content=\"L&#039;actualit\u00e9 mondiale tire les march\u00e9s vers le bas - Gold.fr\" \/>\n<meta property=\"og:description\" content=\"Apr\u00e8s avoir avanc\u00e9 dans un grand calme international, cette p\u00e9riode de fin d&rsquo;ann\u00e9e a bascul\u00e9, en l&rsquo;espace d&rsquo;une nuit, dans le chaos. Entre l&rsquo;assassinat de l&rsquo;ambassadeur russe en Turquie et l&rsquo;attentat survenu \u00e0 Berlin, entre autres [&hellip;]\" \/>\n<meta property=\"og:url\" content=\"https:\/\/www.gold.fr\/news\/2016\/12\/20\/lactualite-mondiale-tire-les-marches-vers-le-bas\/\" \/>\n<meta property=\"og:site_name\" content=\"Gold.fr\" \/>\n<meta property=\"article:publisher\" content=\"https:\/\/www.facebook.com\/Goldfr\/\" \/>\n<meta property=\"article:published_time\" content=\"2016-12-20T12:00:27+00:00\" \/>\n<meta property=\"article:modified_time\" content=\"2021-01-13T12:16:36+00:00\" \/>\n<meta property=\"og:image\" content=\"https:\/\/www.gold.fr\/news\/wp-content\/uploads\/2012\/06\/demande-mondiale.jpg\" \/>\n\t<meta property=\"og:image:width\" content=\"600\" \/>\n\t<meta property=\"og:image:height\" content=\"400\" \/>\n\t<meta property=\"og:image:type\" content=\"image\/jpeg\" \/>\n<meta name=\"author\" content=\"Comptoir National de l&#039;Or\" \/>\n<meta name=\"twitter:card\" content=\"summary_large_image\" \/>\n<meta name=\"twitter:label1\" content=\"\u00c9crit par\" \/>\n\t<meta name=\"twitter:data1\" content=\"Comptoir National de l&#039;Or\" \/>\n\t<meta name=\"twitter:label2\" content=\"Dur\u00e9e de lecture estim\u00e9e\" \/>\n\t<meta name=\"twitter:data2\" content=\"1 minute\" \/>\n<script type=\"application\/ld+json\" class=\"yoast-schema-graph\">{\"@context\":\"https:\/\/schema.org\",\"@graph\":[{\"@type\":\"Article\",\"@id\":\"https:\/\/www.gold.fr\/news\/2016\/12\/20\/lactualite-mondiale-tire-les-marches-vers-le-bas\/#article\",\"isPartOf\":{\"@id\":\"https:\/\/www.gold.fr\/news\/2016\/12\/20\/lactualite-mondiale-tire-les-marches-vers-le-bas\/\"},\"author\":{\"name\":\"Comptoir National de l'Or\",\"@id\":\"https:\/\/www.gold.fr\/news\/#\/schema\/person\/760ee7cec237915eebf2be78df0404c4\"},\"headline\":\"L&rsquo;actualit\u00e9 mondiale tire les march\u00e9s vers le bas\",\"datePublished\":\"2016-12-20T12:00:27+00:00\",\"dateModified\":\"2021-01-13T12:16:36+00:00\",\"mainEntityOfPage\":{\"@id\":\"https:\/\/www.gold.fr\/news\/2016\/12\/20\/lactualite-mondiale-tire-les-marches-vers-le-bas\/\"},\"wordCount\":226,\"image\":{\"@id\":\"https:\/\/www.gold.fr\/news\/2016\/12\/20\/lactualite-mondiale-tire-les-marches-vers-le-bas\/#primaryimage\"},\"thumbnailUrl\":\"https:\/\/www.gold.fr\/news\/wp-content\/uploads\/2012\/06\/demande-mondiale.jpg\",\"keywords\":[\"baisse march\u00e9\",\"bourse\"],\"articleSection\":[\"Flash infos\"],\"inLanguage\":\"fr-FR\"},{\"@type\":\"WebPage\",\"@id\":\"https:\/\/www.gold.fr\/news\/2016\/12\/20\/lactualite-mondiale-tire-les-marches-vers-le-bas\/\",\"url\":\"https:\/\/www.gold.fr\/news\/2016\/12\/20\/lactualite-mondiale-tire-les-marches-vers-le-bas\/\",\"name\":\"L'actualit\u00e9 mondiale tire les march\u00e9s vers le bas - Gold.fr\",\"isPartOf\":{\"@id\":\"https:\/\/www.gold.fr\/news\/#website\"},\"primaryImageOfPage\":{\"@id\":\"https:\/\/www.gold.fr\/news\/2016\/12\/20\/lactualite-mondiale-tire-les-marches-vers-le-bas\/#primaryimage\"},\"image\":{\"@id\":\"https:\/\/www.gold.fr\/news\/2016\/12\/20\/lactualite-mondiale-tire-les-marches-vers-le-bas\/#primaryimage\"},\"thumbnailUrl\":\"https:\/\/www.gold.fr\/news\/wp-content\/uploads\/2012\/06\/demande-mondiale.jpg\",\"datePublished\":\"2016-12-20T12:00:27+00:00\",\"dateModified\":\"2021-01-13T12:16:36+00:00\",\"author\":{\"@id\":\"https:\/\/www.gold.fr\/news\/#\/schema\/person\/760ee7cec237915eebf2be78df0404c4\"},\"breadcrumb\":{\"@id\":\"https:\/\/www.gold.fr\/news\/2016\/12\/20\/lactualite-mondiale-tire-les-marches-vers-le-bas\/#breadcrumb\"},\"inLanguage\":\"fr-FR\",\"potentialAction\":[{\"@type\":\"ReadAction\",\"target\":[\"https:\/\/www.gold.fr\/news\/2016\/12\/20\/lactualite-mondiale-tire-les-marches-vers-le-bas\/\"]}]},{\"@type\":\"ImageObject\",\"inLanguage\":\"fr-FR\",\"@id\":\"https:\/\/www.gold.fr\/news\/2016\/12\/20\/lactualite-mondiale-tire-les-marches-vers-le-bas\/#primaryimage\",\"url\":\"https:\/\/www.gold.fr\/news\/wp-content\/uploads\/2012\/06\/demande-mondiale.jpg\",\"contentUrl\":\"https:\/\/www.gold.fr\/news\/wp-content\/uploads\/2012\/06\/demande-mondiale.jpg\",\"width\":\"600\",\"height\":\"400\",\"caption\":\"March\u00e9s : Forte stagnation des indices US\"},{\"@type\":\"BreadcrumbList\",\"@id\":\"https:\/\/www.gold.fr\/news\/2016\/12\/20\/lactualite-mondiale-tire-les-marches-vers-le-bas\/#breadcrumb\",\"itemListElement\":[{\"@type\":\"ListItem\",\"position\":1,\"name\":\"Accueil\",\"item\":\"https:\/\/www.gold.fr\/\"},{\"@type\":\"ListItem\",\"position\":2,\"name\":\"Actualit\u00e9s\",\"item\":\"https:\/\/www.gold.fr\/news\/\"},{\"@type\":\"ListItem\",\"position\":3,\"name\":\"L&rsquo;actualit\u00e9 mondiale tire les march\u00e9s vers le bas\"}]},{\"@type\":\"WebSite\",\"@id\":\"https:\/\/www.gold.fr\/news\/#website\",\"url\":\"https:\/\/www.gold.fr\/news\/\",\"name\":\"Gold.fr\",\"description\":\"Actualit\u00e9s de l&#039;Or et des m\u00e9taux pr\u00e9cieux\",\"potentialAction\":[{\"@type\":\"SearchAction\",\"target\":{\"@type\":\"EntryPoint\",\"urlTemplate\":\"https:\/\/www.gold.fr\/news\/?s={search_term_string}\"},\"query-input\":{\"@type\":\"PropertyValueSpecification\",\"valueRequired\":true,\"valueName\":\"search_term_string\"}}],\"inLanguage\":\"fr-FR\"},{\"@type\":\"Person\",\"@id\":\"https:\/\/www.gold.fr\/news\/#\/schema\/person\/760ee7cec237915eebf2be78df0404c4\",\"name\":\"Comptoir National de l'Or\",\"image\":{\"@type\":\"ImageObject\",\"inLanguage\":\"fr-FR\",\"@id\":\"https:\/\/www.gold.fr\/news\/#\/schema\/person\/image\/c36675942654553a86039d2dfa93c740\",\"url\":\"https:\/\/secure.gravatar.com\/avatar\/713f289e398d35ead876c4a4cc08607f0d6d266058cfc25683fffb6092d0e572?s=96&d=mm&r=g\",\"contentUrl\":\"https:\/\/secure.gravatar.com\/avatar\/713f289e398d35ead876c4a4cc08607f0d6d266058cfc25683fffb6092d0e572?s=96&d=mm&r=g\",\"caption\":\"Comptoir National de l'Or\"},\"description\":\"Notre r\u00e9daction est constitu\u00e9e de membres experts dans les m\u00e9tiers de l'\u00e9conomie et la gestion, des Responsables d'agence Comptoir National de l'Or, des analystes financiers qui publient r\u00e9guli\u00e8rement des \u00e9tudes sur les politiques des banques centrales, le cours de l'or, prix de l'or, cours de l'argent, prix de l'argent, cours du platine, cours du palladium,... la situation en zone euro et l'impact de la strat\u00e9gie mon\u00e9taire de la FED. Notre \u00e9quipe scrute \u00e9galement une information plus g\u00e9n\u00e9raliste \u00e0 la recherche d'actualit\u00e9 \\\"p\u00e9pite\\\" \u00e0 vous partager. Depuis 5 ans, nous avons publi\u00e9 un peu plus de 4000 articles qui s'adressent \u00e0 un public large et vari\u00e9 ayant pour objectif de satisfaire votre curiosit\u00e9 et de partager avec vous une certaine fascination pour le m\u00e9tal jaune, le rachat d'or, et pour ceux qui veulent investir dans l'or, vendre leur or tout simplement en savoir plus... Pour tous vos achat or et argent, n'h\u00e9sitez pas \u00e0 prendre rendez-vous dans l'un de nos nombreux comptoirs.\",\"sameAs\":[\"https:\/\/www.gold.fr\"]}]}<\/script>\n<!-- \/ Yoast SEO plugin. -->","yoast_head_json":{"title":"L'actualit\u00e9 mondiale tire les march\u00e9s vers le bas - Gold.fr","robots":{"index":"index","follow":"follow","max-snippet":"max-snippet:-1","max-image-preview":"max-image-preview:large","max-video-preview":"max-video-preview:-1"},"canonical":"https:\/\/www.gold.fr\/news\/2016\/12\/20\/lactualite-mondiale-tire-les-marches-vers-le-bas\/","og_locale":"fr_FR","og_type":"article","og_title":"L'actualit\u00e9 mondiale tire les march\u00e9s vers le bas - Gold.fr","og_description":"Apr\u00e8s avoir avanc\u00e9 dans un grand calme international, cette p\u00e9riode de fin d&rsquo;ann\u00e9e a bascul\u00e9, en l&rsquo;espace d&rsquo;une nuit, dans le chaos. Entre l&rsquo;assassinat de l&rsquo;ambassadeur russe en Turquie et l&rsquo;attentat survenu \u00e0 Berlin, entre autres [&hellip;]","og_url":"https:\/\/www.gold.fr\/news\/2016\/12\/20\/lactualite-mondiale-tire-les-marches-vers-le-bas\/","og_site_name":"Gold.fr","article_publisher":"https:\/\/www.facebook.com\/Goldfr\/","article_published_time":"2016-12-20T12:00:27+00:00","article_modified_time":"2021-01-13T12:16:36+00:00","og_image":[{"width":600,"height":400,"url":"https:\/\/www.gold.fr\/news\/wp-content\/uploads\/2012\/06\/demande-mondiale.jpg","type":"image\/jpeg"}],"author":"Comptoir National de l'Or","twitter_card":"summary_large_image","twitter_misc":{"\u00c9crit par":"Comptoir National de l'Or","Dur\u00e9e de lecture estim\u00e9e":"1 minute"},"schema":{"@context":"https:\/\/schema.org","@graph":[{"@type":"Article","@id":"https:\/\/www.gold.fr\/news\/2016\/12\/20\/lactualite-mondiale-tire-les-marches-vers-le-bas\/#article","isPartOf":{"@id":"https:\/\/www.gold.fr\/news\/2016\/12\/20\/lactualite-mondiale-tire-les-marches-vers-le-bas\/"},"author":{"name":"Comptoir National de l'Or","@id":"https:\/\/www.gold.fr\/news\/#\/schema\/person\/760ee7cec237915eebf2be78df0404c4"},"headline":"L&rsquo;actualit\u00e9 mondiale tire les march\u00e9s vers le bas","datePublished":"2016-12-20T12:00:27+00:00","dateModified":"2021-01-13T12:16:36+00:00","mainEntityOfPage":{"@id":"https:\/\/www.gold.fr\/news\/2016\/12\/20\/lactualite-mondiale-tire-les-marches-vers-le-bas\/"},"wordCount":226,"image":{"@id":"https:\/\/www.gold.fr\/news\/2016\/12\/20\/lactualite-mondiale-tire-les-marches-vers-le-bas\/#primaryimage"},"thumbnailUrl":"https:\/\/www.gold.fr\/news\/wp-content\/uploads\/2012\/06\/demande-mondiale.jpg","keywords":["baisse march\u00e9","bourse"],"articleSection":["Flash infos"],"inLanguage":"fr-FR"},{"@type":"WebPage","@id":"https:\/\/www.gold.fr\/news\/2016\/12\/20\/lactualite-mondiale-tire-les-marches-vers-le-bas\/","url":"https:\/\/www.gold.fr\/news\/2016\/12\/20\/lactualite-mondiale-tire-les-marches-vers-le-bas\/","name":"L'actualit\u00e9 mondiale tire les march\u00e9s vers le bas - Gold.fr","isPartOf":{"@id":"https:\/\/www.gold.fr\/news\/#website"},"primaryImageOfPage":{"@id":"https:\/\/www.gold.fr\/news\/2016\/12\/20\/lactualite-mondiale-tire-les-marches-vers-le-bas\/#primaryimage"},"image":{"@id":"https:\/\/www.gold.fr\/news\/2016\/12\/20\/lactualite-mondiale-tire-les-marches-vers-le-bas\/#primaryimage"},"thumbnailUrl":"https:\/\/www.gold.fr\/news\/wp-content\/uploads\/2012\/06\/demande-mondiale.jpg","datePublished":"2016-12-20T12:00:27+00:00","dateModified":"2021-01-13T12:16:36+00:00","author":{"@id":"https:\/\/www.gold.fr\/news\/#\/schema\/person\/760ee7cec237915eebf2be78df0404c4"},"breadcrumb":{"@id":"https:\/\/www.gold.fr\/news\/2016\/12\/20\/lactualite-mondiale-tire-les-marches-vers-le-bas\/#breadcrumb"},"inLanguage":"fr-FR","potentialAction":[{"@type":"ReadAction","target":["https:\/\/www.gold.fr\/news\/2016\/12\/20\/lactualite-mondiale-tire-les-marches-vers-le-bas\/"]}]},{"@type":"ImageObject","inLanguage":"fr-FR","@id":"https:\/\/www.gold.fr\/news\/2016\/12\/20\/lactualite-mondiale-tire-les-marches-vers-le-bas\/#primaryimage","url":"https:\/\/www.gold.fr\/news\/wp-content\/uploads\/2012\/06\/demande-mondiale.jpg","contentUrl":"https:\/\/www.gold.fr\/news\/wp-content\/uploads\/2012\/06\/demande-mondiale.jpg","width":"600","height":"400","caption":"March\u00e9s : Forte stagnation des indices US"},{"@type":"BreadcrumbList","@id":"https:\/\/www.gold.fr\/news\/2016\/12\/20\/lactualite-mondiale-tire-les-marches-vers-le-bas\/#breadcrumb","itemListElement":[{"@type":"ListItem","position":1,"name":"Accueil","item":"https:\/\/www.gold.fr\/"},{"@type":"ListItem","position":2,"name":"Actualit\u00e9s","item":"https:\/\/www.gold.fr\/news\/"},{"@type":"ListItem","position":3,"name":"L&rsquo;actualit\u00e9 mondiale tire les march\u00e9s vers le bas"}]},{"@type":"WebSite","@id":"https:\/\/www.gold.fr\/news\/#website","url":"https:\/\/www.gold.fr\/news\/","name":"Gold.fr","description":"Actualit\u00e9s de l&#039;Or et des m\u00e9taux pr\u00e9cieux","potentialAction":[{"@type":"SearchAction","target":{"@type":"EntryPoint","urlTemplate":"https:\/\/www.gold.fr\/news\/?s={search_term_string}"},"query-input":{"@type":"PropertyValueSpecification","valueRequired":true,"valueName":"search_term_string"}}],"inLanguage":"fr-FR"},{"@type":"Person","@id":"https:\/\/www.gold.fr\/news\/#\/schema\/person\/760ee7cec237915eebf2be78df0404c4","name":"Comptoir National de l'Or","image":{"@type":"ImageObject","inLanguage":"fr-FR","@id":"https:\/\/www.gold.fr\/news\/#\/schema\/person\/image\/c36675942654553a86039d2dfa93c740","url":"https:\/\/secure.gravatar.com\/avatar\/713f289e398d35ead876c4a4cc08607f0d6d266058cfc25683fffb6092d0e572?s=96&d=mm&r=g","contentUrl":"https:\/\/secure.gravatar.com\/avatar\/713f289e398d35ead876c4a4cc08607f0d6d266058cfc25683fffb6092d0e572?s=96&d=mm&r=g","caption":"Comptoir National de l'Or"},"description":"Notre r\u00e9daction est constitu\u00e9e de membres experts dans les m\u00e9tiers de l'\u00e9conomie et la gestion, des Responsables d'agence Comptoir National de l'Or, des analystes financiers qui publient r\u00e9guli\u00e8rement des \u00e9tudes sur les politiques des banques centrales, le cours de l'or, prix de l'or, cours de l'argent, prix de l'argent, cours du platine, cours du palladium,... la situation en zone euro et l'impact de la strat\u00e9gie mon\u00e9taire de la FED. Notre \u00e9quipe scrute \u00e9galement une information plus g\u00e9n\u00e9raliste \u00e0 la recherche d'actualit\u00e9 \"p\u00e9pite\" \u00e0 vous partager. Depuis 5 ans, nous avons publi\u00e9 un peu plus de 4000 articles qui s'adressent \u00e0 un public large et vari\u00e9 ayant pour objectif de satisfaire votre curiosit\u00e9 et de partager avec vous une certaine fascination pour le m\u00e9tal jaune, le rachat d'or, et pour ceux qui veulent investir dans l'or, vendre leur or tout simplement en savoir plus... Pour tous vos achat or et argent, n'h\u00e9sitez pas \u00e0 prendre rendez-vous dans l'un de nos nombreux comptoirs.","sameAs":["https:\/\/www.gold.fr"]}]}},"authors":[{"term_id":2565,"user_id":18,"is_guest":0,"slug":"julie","display_name":"Comptoir National de l'Or","avatar_url":"https:\/\/secure.gravatar.com\/avatar\/713f289e398d35ead876c4a4cc08607f0d6d266058cfc25683fffb6092d0e572?s=96&d=mm&r=g","0":null,"1":"","2":"","3":"","4":"","5":"","6":"","7":"","8":""}],"_links":{"self":[{"href":"https:\/\/www.gold.fr\/news\/wp-json\/wp\/v2\/posts\/20532","targetHints":{"allow":["GET"]}}],"collection":[{"href":"https:\/\/www.gold.fr\/news\/wp-json\/wp\/v2\/posts"}],"about":[{"href":"https:\/\/www.gold.fr\/news\/wp-json\/wp\/v2\/types\/post"}],"author":[{"embeddable":true,"href":"https:\/\/www.gold.fr\/news\/wp-json\/wp\/v2\/users\/18"}],"replies":[{"embeddable":true,"href":"https:\/\/www.gold.fr\/news\/wp-json\/wp\/v2\/comments?post=20532"}],"version-history":[{"count":0,"href":"https:\/\/www.gold.fr\/news\/wp-json\/wp\/v2\/posts\/20532\/revisions"}],"wp:featuredmedia":[{"embeddable":true,"href":"https:\/\/www.gold.fr\/news\/wp-json\/wp\/v2\/media\/8085"}],"wp:attachment":[{"href":"https:\/\/www.gold.fr\/news\/wp-json\/wp\/v2\/media?parent=20532"}],"wp:term":[{"taxonomy":"category","embeddable":true,"href":"https:\/\/www.gold.fr\/news\/wp-json\/wp\/v2\/categories?post=20532"},{"taxonomy":"post_tag","embeddable":true,"href":"https:\/\/www.gold.fr\/news\/wp-json\/wp\/v2\/tags?post=20532"},{"taxonomy":"author","embeddable":true,"href":"https:\/\/www.gold.fr\/news\/wp-json\/wp\/v2\/ppma_author?post=20532"}],"curies":[{"name":"wp","href":"https:\/\/api.w.org\/{rel}","templated":true}]}}