{"id":2051,"date":"2011-09-16T14:01:17","date_gmt":"2011-09-16T14:01:17","guid":{"rendered":"https:\/\/www.gold.fr\/informations-sur-l-or\/articles-de-presse\/or-une-valeur-qui-remonte-en-force"},"modified":"2017-11-02T11:37:24","modified_gmt":"2017-11-02T10:37:24","slug":"or-une-valeur-qui-remonte-en-force","status":"publish","type":"post","link":"https:\/\/www.gold.fr\/news\/2011\/09\/16\/or-une-valeur-qui-remonte-en-force\/","title":{"rendered":"Or \u2013 Une valeur qui remonte en force"},"content":{"rendered":"<div id=\"titre\" style=\"text-align: justify;\"><span style=\"font-family: verdana,geneva; font-size: small;\">C'est essentiellement \u00ab gr\u00e2ce \u00bb \u00e0 des sp\u00e9culations et pr\u00e9visions \u00e9conomiques de plus en plus sombres que le cours du <a href='https:\/\/www.gold.fr\/news\/tags\/or' class='esk-seo-plu-link'>m\u00e9tal jaune<\/a> semble r\u00f4der de plus en plus pr\u00e8s des 1900 dollars l'<a href=\"https:\/\/www.gold.fr\/once-en\/\">once<\/a>.<\/span><\/div>  <div id=\"texte\">  <p style=\"text-align: justify;\"><span style=\"font-family: verdana,geneva; font-size: small;\">Des sommets historiques ont m\u00eame \u00e9t\u00e9 temporairement atteints \u00e0 plusieurs reprises, mais les analystes attendent de voir l'<a href='https:\/\/www.gold.fr\/news\/tags\/or' class='esk-seo-plu-link'>or<\/a> franchir ce palier \u00e0 forte symbolique de mani\u00e8re permanente.<\/span><\/p>  <p style=\"text-align: justify;\"><span style=\"font-family: verdana,geneva; font-size: small;\">Et les rumeurs d'\u00e9ventuelles \u2013voire in\u00e9vitables- nouvelles mesures d'assouplissement mon\u00e9taire aux \u00c9tats-Unis n'arrangent pas le tableau sordide de la conjoncture \u00e9conomique, poussant les investisseurs \u00e0 se r\u00e9fugier de plus en plus dans la seule valeur capable de les pr\u00e9munir.<\/span><\/p>  <p style=\"text-align: justify;\"><span style=\"font-family: verdana,geneva; font-size: small;\">Et apr\u00e8s un coup d'arr\u00eat marqu\u00e9 \u00e0 la fin du mois dernier, c'est une reprise des plus vigoureuses que le <a href='https:\/\/www.gold.fr\/news\/tags\/or' class='esk-seo-plu-link'>m\u00e9tal jaune<\/a> affiche, empochant un pactole d'environ 100 dollars en une semaine. Analyste du courtier sp\u00e9cialis\u00e9 Sharps Pixley, Ross Norman n'y voit rien d'\u00e9tonnant ; <strong>\u00ab <em>Ce rebond n'est gu\u00e8re surprenant et met en lumi\u00e8re le statut de valeur refuge de l'<a href='https:\/\/www.gold.fr\/news\/tags\/or' class='esk-seo-plu-link'>or<\/a> quand les investisseurs d\u00e9laissent les actifs jug\u00e9s plus risqu\u00e9s en cas d'inqui\u00e9tude<\/em> \u00bb.<\/strong><\/span><\/p>  <p style=\"text-align: justify;\"><span style=\"font-family: verdana,geneva; font-size: small;\">Et les investisseurs aguerris sont loin de monopoliser le march\u00e9. Les particuliers r\u00e9put\u00e9s \u00ab amateurs \u00bb s'y mettent aussi, montrant un engouement renouvel\u00e9 pour le <a href='https:\/\/www.gold.fr\/news\/tags\/or' class='esk-seo-plu-link'>m\u00e9tal jaune<\/a>.<\/span><\/p>  <p style=\"text-align: justify;\"><span style=\"font-family: verdana,geneva; font-size: small;\">\u00ab Les <a href='https:\/\/www.gold.fr\/news\/tags\/piece-dor' class='esk-seo-plu-link'>pi\u00e8ces d'or<\/a> ont particuli\u00e8rement le vent en poupe. Tant en vente qu'en achat. \u00bb, d\u00e9clare Martine Meysenc, manager de l'Agence Comptoir National de l'<a href='https:\/\/www.gold.fr\/news\/tags\/or' class='esk-seo-plu-link'>Or<\/a> de Grenoble. \u00ab Certains clients sont m\u00eames devenus des habitu\u00e9s de l'agence durant les derni\u00e8res semaines. Les transactions d'<a href='https:\/\/www.gold.fr\/news\/tags\/or' class='esk-seo-plu-link'>or<\/a> sont d\u00e9sormais loin d'\u00eatre le monopole des professionnels. \u00bb.<\/span><\/p>    <\/div>","protected":false},"excerpt":{"rendered":"<p>C\u2019est essentiellement \u00ab gr\u00e2ce \u00bb \u00e0 des sp\u00e9culations et pr\u00e9visions \u00e9conomiques de plus en plus sombres que le cours du m\u00e9tal jaune semble r\u00f4der de plus en plus pr\u00e8s des 1900 dollars l\u2019once.<\/p>\n<p>Des sommets historiques ont m\u00eame \u00e9t\u00e9 temporair&#8230;<\/p>\n","protected":false},"author":6,"featured_media":5081,"comment_status":"open","ping_status":"closed","sticky":false,"template":"","format":"standard","meta":{"_mbp_gutenberg_autopost":false,"_pgmb_is_evergreen":false,"_pgmb_ap_template_id":0,"footnotes":""},"categories":[6],"tags":[17,85,18],"ppma_author":[2567],"class_list":["post-2051","post","type-post","status-publish","format-standard","has-post-thumbnail","hentry","category-articles-de-presse","tag-achat-dor","tag-once-dor","tag-vente-dor"],"yoast_head":"<!-- This site is optimized with the Yoast SEO plugin v27.5 - https:\/\/yoast.com\/product\/yoast-seo-wordpress\/ -->\n<title>Or \u2013 Une valeur qui remonte en force - Gold.fr<\/title>\n<meta name=\"robots\" content=\"index, follow, max-snippet:-1, max-image-preview:large, max-video-preview:-1\" \/>\n<link rel=\"canonical\" href=\"https:\/\/www.gold.fr\/news\/2011\/09\/16\/or-une-valeur-qui-remonte-en-force\/\" \/>\n<meta property=\"og:locale\" content=\"fr_FR\" \/>\n<meta property=\"og:type\" content=\"article\" \/>\n<meta property=\"og:title\" content=\"Or \u2013 Une valeur qui remonte en force - Gold.fr\" \/>\n<meta property=\"og:description\" content=\"C\u2019est essentiellement \u00ab gr\u00e2ce \u00bb \u00e0 des sp\u00e9culations et pr\u00e9visions \u00e9conomiques de plus en plus sombres que le cours du m\u00e9tal jaune semble r\u00f4der de plus en plus pr\u00e8s des 1900 dollars l\u2019once.  Des sommets historiques ont m\u00eame \u00e9t\u00e9 temporair...\" \/>\n<meta property=\"og:url\" content=\"https:\/\/www.gold.fr\/news\/2011\/09\/16\/or-une-valeur-qui-remonte-en-force\/\" \/>\n<meta property=\"og:site_name\" content=\"Gold.fr\" \/>\n<meta property=\"article:publisher\" content=\"https:\/\/www.facebook.com\/Goldfr\/\" \/>\n<meta property=\"article:published_time\" content=\"2011-09-16T14:01:17+00:00\" \/>\n<meta property=\"article:modified_time\" content=\"2017-11-02T10:37:24+00:00\" \/>\n<meta property=\"og:image\" content=\"https:\/\/www.gold.fr\/news\/wp-content\/uploads\/2011\/09\/or.jpg\" \/>\n\t<meta property=\"og:image:width\" content=\"507\" \/>\n\t<meta property=\"og:image:height\" content=\"338\" \/>\n\t<meta property=\"og:image:type\" content=\"image\/jpeg\" \/>\n<meta name=\"author\" content=\"Laurent Schwartz\" \/>\n<meta name=\"twitter:card\" content=\"summary_large_image\" \/>\n<meta name=\"twitter:label1\" content=\"\u00c9crit par\" \/>\n\t<meta name=\"twitter:data1\" content=\"Laurent Schwartz\" \/>\n\t<meta name=\"twitter:label2\" content=\"Dur\u00e9e de lecture estim\u00e9e\" \/>\n\t<meta name=\"twitter:data2\" content=\"1 minute\" \/>\n<script type=\"application\/ld+json\" class=\"yoast-schema-graph\">{\"@context\":\"https:\\\/\\\/schema.org\",\"@graph\":[{\"@type\":\"Article\",\"@id\":\"https:\\\/\\\/www.gold.fr\\\/news\\\/2011\\\/09\\\/16\\\/or-une-valeur-qui-remonte-en-force\\\/#article\",\"isPartOf\":{\"@id\":\"https:\\\/\\\/www.gold.fr\\\/news\\\/2011\\\/09\\\/16\\\/or-une-valeur-qui-remonte-en-force\\\/\"},\"author\":{\"name\":\"Laurent Schwartz\",\"@id\":\"https:\\\/\\\/www.gold.fr\\\/news\\\/#\\\/schema\\\/person\\\/4ed91d9a70d8f3a313c26e8308214fc2\"},\"headline\":\"Or \u2013 Une valeur qui remonte en force\",\"datePublished\":\"2011-09-16T14:01:17+00:00\",\"dateModified\":\"2017-11-02T10:37:24+00:00\",\"mainEntityOfPage\":{\"@id\":\"https:\\\/\\\/www.gold.fr\\\/news\\\/2011\\\/09\\\/16\\\/or-une-valeur-qui-remonte-en-force\\\/\"},\"wordCount\":298,\"commentCount\":0,\"image\":{\"@id\":\"https:\\\/\\\/www.gold.fr\\\/news\\\/2011\\\/09\\\/16\\\/or-une-valeur-qui-remonte-en-force\\\/#primaryimage\"},\"thumbnailUrl\":\"https:\\\/\\\/www.gold.fr\\\/news\\\/wp-content\\\/uploads\\\/2011\\\/09\\\/or.jpg\",\"keywords\":[\"Achat d'Or\",\"once d'or\",\"Vente d'Or\"],\"articleSection\":[\"Articles de presse\"],\"inLanguage\":\"fr-FR\"},{\"@type\":\"WebPage\",\"@id\":\"https:\\\/\\\/www.gold.fr\\\/news\\\/2011\\\/09\\\/16\\\/or-une-valeur-qui-remonte-en-force\\\/\",\"url\":\"https:\\\/\\\/www.gold.fr\\\/news\\\/2011\\\/09\\\/16\\\/or-une-valeur-qui-remonte-en-force\\\/\",\"name\":\"Or \u2013 Une valeur qui remonte en force - Gold.fr\",\"isPartOf\":{\"@id\":\"https:\\\/\\\/www.gold.fr\\\/news\\\/#website\"},\"primaryImageOfPage\":{\"@id\":\"https:\\\/\\\/www.gold.fr\\\/news\\\/2011\\\/09\\\/16\\\/or-une-valeur-qui-remonte-en-force\\\/#primaryimage\"},\"image\":{\"@id\":\"https:\\\/\\\/www.gold.fr\\\/news\\\/2011\\\/09\\\/16\\\/or-une-valeur-qui-remonte-en-force\\\/#primaryimage\"},\"thumbnailUrl\":\"https:\\\/\\\/www.gold.fr\\\/news\\\/wp-content\\\/uploads\\\/2011\\\/09\\\/or.jpg\",\"datePublished\":\"2011-09-16T14:01:17+00:00\",\"dateModified\":\"2017-11-02T10:37:24+00:00\",\"author\":{\"@id\":\"https:\\\/\\\/www.gold.fr\\\/news\\\/#\\\/schema\\\/person\\\/4ed91d9a70d8f3a313c26e8308214fc2\"},\"breadcrumb\":{\"@id\":\"https:\\\/\\\/www.gold.fr\\\/news\\\/2011\\\/09\\\/16\\\/or-une-valeur-qui-remonte-en-force\\\/#breadcrumb\"},\"inLanguage\":\"fr-FR\",\"potentialAction\":[{\"@type\":\"ReadAction\",\"target\":[\"https:\\\/\\\/www.gold.fr\\\/news\\\/2011\\\/09\\\/16\\\/or-une-valeur-qui-remonte-en-force\\\/\"]}]},{\"@type\":\"ImageObject\",\"inLanguage\":\"fr-FR\",\"@id\":\"https:\\\/\\\/www.gold.fr\\\/news\\\/2011\\\/09\\\/16\\\/or-une-valeur-qui-remonte-en-force\\\/#primaryimage\",\"url\":\"https:\\\/\\\/www.gold.fr\\\/news\\\/wp-content\\\/uploads\\\/2011\\\/09\\\/or.jpg\",\"contentUrl\":\"https:\\\/\\\/www.gold.fr\\\/news\\\/wp-content\\\/uploads\\\/2011\\\/09\\\/or.jpg\",\"width\":\"507\",\"height\":\"338\",\"caption\":\"or deco fresque\"},{\"@type\":\"BreadcrumbList\",\"@id\":\"https:\\\/\\\/www.gold.fr\\\/news\\\/2011\\\/09\\\/16\\\/or-une-valeur-qui-remonte-en-force\\\/#breadcrumb\",\"itemListElement\":[{\"@type\":\"ListItem\",\"position\":1,\"name\":\"Accueil\",\"item\":\"https:\\\/\\\/www.gold.fr\\\/\"},{\"@type\":\"ListItem\",\"position\":2,\"name\":\"Actualit\u00e9s\",\"item\":\"https:\\\/\\\/www.gold.fr\\\/news\\\/\"},{\"@type\":\"ListItem\",\"position\":3,\"name\":\"Or \u2013 Une valeur qui remonte en force\"}]},{\"@type\":\"WebSite\",\"@id\":\"https:\\\/\\\/www.gold.fr\\\/news\\\/#website\",\"url\":\"https:\\\/\\\/www.gold.fr\\\/news\\\/\",\"name\":\"Gold.fr\",\"description\":\"Actualit\u00e9s de l&#039;Or et des m\u00e9taux pr\u00e9cieux\",\"potentialAction\":[{\"@type\":\"SearchAction\",\"target\":{\"@type\":\"EntryPoint\",\"urlTemplate\":\"https:\\\/\\\/www.gold.fr\\\/news\\\/?s={search_term_string}\"},\"query-input\":{\"@type\":\"PropertyValueSpecification\",\"valueRequired\":true,\"valueName\":\"search_term_string\"}}],\"inLanguage\":\"fr-FR\"},{\"@type\":\"Person\",\"@id\":\"https:\\\/\\\/www.gold.fr\\\/news\\\/#\\\/schema\\\/person\\\/4ed91d9a70d8f3a313c26e8308214fc2\",\"name\":\"Laurent Schwartz\",\"image\":{\"@type\":\"ImageObject\",\"inLanguage\":\"fr-FR\",\"@id\":\"https:\\\/\\\/secure.gravatar.com\\\/avatar\\\/1496f846049365121827f5470219486f1a95f83957cc8ca0a9595e40c185f5ee?s=96&d=mm&r=g76f0e87c9ba82a161860a0fc16990d85\",\"url\":\"https:\\\/\\\/secure.gravatar.com\\\/avatar\\\/1496f846049365121827f5470219486f1a95f83957cc8ca0a9595e40c185f5ee?s=96&d=mm&r=g\",\"contentUrl\":\"https:\\\/\\\/secure.gravatar.com\\\/avatar\\\/1496f846049365121827f5470219486f1a95f83957cc8ca0a9595e40c185f5ee?s=96&d=mm&r=g\",\"caption\":\"Laurent Schwartz\"},\"description\":\"Dipl\u00f4m\u00e9 de l\u2019EDHEC Business School en 2005, Laurent SCHWARTZ int\u00e8gre le cabinet d\u2019audit ERNST &amp; YOUNG en 2005 o\u00f9 il travaille pendant 4 ans. Parall\u00e8lement, il travaille au sein de l\u2019entreprise familiale cr\u00e9\u00e9e en 1976 \u00e0 Strasbourg. Fort de cette exp\u00e9rience et du savoir-faire d\u00e9velopp\u00e9 durant ces 40 derni\u00e8res ann\u00e9es, Laurent proc\u00e8de \u00e0 la refonte du site Internet Gold.fr d\u00e9di\u00e9 \u00e0 l\u2019achat d'or, vente d\u2019or (pi\u00e8ces, lingots, ...), achat or et argent,... qui conna\u00eetra un franc succ\u00e8s d\u00e8s son d\u00e9marrage en 2008. Il d\u00e9cide alors de d\u00e9velopper un r\u00e9seau de concessions exclusives: Le Comptoir National de l\u2019Or. Il assure d\u00e9sormais le pilotage strat\u00e9gique du 1er r\u00e9seau de France qui compte aujourd\u2019hui pas loin de 60 agences r\u00e9parties dans toute la France et depuis peu en Allemagne (Breisach). Le Comptoir National de l\u2019Or se positionne aujourd\u2019hui comme le leader incontournable sur le march\u00e9 de l\u2019Or et des m\u00e9taux pr\u00e9cieux en France.\",\"sameAs\":[\"https:\\\/\\\/www.gold.fr\",\"https:\\\/\\\/www.linkedin.com\\\/in\\\/acheteror\\\/\"]}]}<\/script>\n<!-- \/ Yoast SEO plugin. -->","yoast_head_json":{"title":"Or \u2013 Une valeur qui remonte en force - Gold.fr","robots":{"index":"index","follow":"follow","max-snippet":"max-snippet:-1","max-image-preview":"max-image-preview:large","max-video-preview":"max-video-preview:-1"},"canonical":"https:\/\/www.gold.fr\/news\/2011\/09\/16\/or-une-valeur-qui-remonte-en-force\/","og_locale":"fr_FR","og_type":"article","og_title":"Or \u2013 Une valeur qui remonte en force - Gold.fr","og_description":"C\u2019est essentiellement \u00ab gr\u00e2ce \u00bb \u00e0 des sp\u00e9culations et pr\u00e9visions \u00e9conomiques de plus en plus sombres que le cours du m\u00e9tal jaune semble r\u00f4der de plus en plus pr\u00e8s des 1900 dollars l\u2019once.  Des sommets historiques ont m\u00eame \u00e9t\u00e9 temporair...","og_url":"https:\/\/www.gold.fr\/news\/2011\/09\/16\/or-une-valeur-qui-remonte-en-force\/","og_site_name":"Gold.fr","article_publisher":"https:\/\/www.facebook.com\/Goldfr\/","article_published_time":"2011-09-16T14:01:17+00:00","article_modified_time":"2017-11-02T10:37:24+00:00","og_image":[{"width":507,"height":338,"url":"https:\/\/www.gold.fr\/news\/wp-content\/uploads\/2011\/09\/or.jpg","type":"image\/jpeg"}],"author":"Laurent Schwartz","twitter_card":"summary_large_image","twitter_misc":{"\u00c9crit par":"Laurent Schwartz","Dur\u00e9e de lecture estim\u00e9e":"1 minute"},"schema":{"@context":"https:\/\/schema.org","@graph":[{"@type":"Article","@id":"https:\/\/www.gold.fr\/news\/2011\/09\/16\/or-une-valeur-qui-remonte-en-force\/#article","isPartOf":{"@id":"https:\/\/www.gold.fr\/news\/2011\/09\/16\/or-une-valeur-qui-remonte-en-force\/"},"author":{"name":"Laurent Schwartz","@id":"https:\/\/www.gold.fr\/news\/#\/schema\/person\/4ed91d9a70d8f3a313c26e8308214fc2"},"headline":"Or \u2013 Une valeur qui remonte en force","datePublished":"2011-09-16T14:01:17+00:00","dateModified":"2017-11-02T10:37:24+00:00","mainEntityOfPage":{"@id":"https:\/\/www.gold.fr\/news\/2011\/09\/16\/or-une-valeur-qui-remonte-en-force\/"},"wordCount":298,"commentCount":0,"image":{"@id":"https:\/\/www.gold.fr\/news\/2011\/09\/16\/or-une-valeur-qui-remonte-en-force\/#primaryimage"},"thumbnailUrl":"https:\/\/www.gold.fr\/news\/wp-content\/uploads\/2011\/09\/or.jpg","keywords":["Achat d'Or","once d'or","Vente d'Or"],"articleSection":["Articles de presse"],"inLanguage":"fr-FR"},{"@type":"WebPage","@id":"https:\/\/www.gold.fr\/news\/2011\/09\/16\/or-une-valeur-qui-remonte-en-force\/","url":"https:\/\/www.gold.fr\/news\/2011\/09\/16\/or-une-valeur-qui-remonte-en-force\/","name":"Or \u2013 Une valeur qui remonte en force - Gold.fr","isPartOf":{"@id":"https:\/\/www.gold.fr\/news\/#website"},"primaryImageOfPage":{"@id":"https:\/\/www.gold.fr\/news\/2011\/09\/16\/or-une-valeur-qui-remonte-en-force\/#primaryimage"},"image":{"@id":"https:\/\/www.gold.fr\/news\/2011\/09\/16\/or-une-valeur-qui-remonte-en-force\/#primaryimage"},"thumbnailUrl":"https:\/\/www.gold.fr\/news\/wp-content\/uploads\/2011\/09\/or.jpg","datePublished":"2011-09-16T14:01:17+00:00","dateModified":"2017-11-02T10:37:24+00:00","author":{"@id":"https:\/\/www.gold.fr\/news\/#\/schema\/person\/4ed91d9a70d8f3a313c26e8308214fc2"},"breadcrumb":{"@id":"https:\/\/www.gold.fr\/news\/2011\/09\/16\/or-une-valeur-qui-remonte-en-force\/#breadcrumb"},"inLanguage":"fr-FR","potentialAction":[{"@type":"ReadAction","target":["https:\/\/www.gold.fr\/news\/2011\/09\/16\/or-une-valeur-qui-remonte-en-force\/"]}]},{"@type":"ImageObject","inLanguage":"fr-FR","@id":"https:\/\/www.gold.fr\/news\/2011\/09\/16\/or-une-valeur-qui-remonte-en-force\/#primaryimage","url":"https:\/\/www.gold.fr\/news\/wp-content\/uploads\/2011\/09\/or.jpg","contentUrl":"https:\/\/www.gold.fr\/news\/wp-content\/uploads\/2011\/09\/or.jpg","width":"507","height":"338","caption":"or deco fresque"},{"@type":"BreadcrumbList","@id":"https:\/\/www.gold.fr\/news\/2011\/09\/16\/or-une-valeur-qui-remonte-en-force\/#breadcrumb","itemListElement":[{"@type":"ListItem","position":1,"name":"Accueil","item":"https:\/\/www.gold.fr\/"},{"@type":"ListItem","position":2,"name":"Actualit\u00e9s","item":"https:\/\/www.gold.fr\/news\/"},{"@type":"ListItem","position":3,"name":"Or \u2013 Une valeur qui remonte en force"}]},{"@type":"WebSite","@id":"https:\/\/www.gold.fr\/news\/#website","url":"https:\/\/www.gold.fr\/news\/","name":"Gold.fr","description":"Actualit\u00e9s de l&#039;Or et des m\u00e9taux pr\u00e9cieux","potentialAction":[{"@type":"SearchAction","target":{"@type":"EntryPoint","urlTemplate":"https:\/\/www.gold.fr\/news\/?s={search_term_string}"},"query-input":{"@type":"PropertyValueSpecification","valueRequired":true,"valueName":"search_term_string"}}],"inLanguage":"fr-FR"},{"@type":"Person","@id":"https:\/\/www.gold.fr\/news\/#\/schema\/person\/4ed91d9a70d8f3a313c26e8308214fc2","name":"Laurent Schwartz","image":{"@type":"ImageObject","inLanguage":"fr-FR","@id":"https:\/\/secure.gravatar.com\/avatar\/1496f846049365121827f5470219486f1a95f83957cc8ca0a9595e40c185f5ee?s=96&d=mm&r=g76f0e87c9ba82a161860a0fc16990d85","url":"https:\/\/secure.gravatar.com\/avatar\/1496f846049365121827f5470219486f1a95f83957cc8ca0a9595e40c185f5ee?s=96&d=mm&r=g","contentUrl":"https:\/\/secure.gravatar.com\/avatar\/1496f846049365121827f5470219486f1a95f83957cc8ca0a9595e40c185f5ee?s=96&d=mm&r=g","caption":"Laurent Schwartz"},"description":"Dipl\u00f4m\u00e9 de l\u2019EDHEC Business School en 2005, Laurent SCHWARTZ int\u00e8gre le cabinet d\u2019audit ERNST &amp; YOUNG en 2005 o\u00f9 il travaille pendant 4 ans. Parall\u00e8lement, il travaille au sein de l\u2019entreprise familiale cr\u00e9\u00e9e en 1976 \u00e0 Strasbourg. Fort de cette exp\u00e9rience et du savoir-faire d\u00e9velopp\u00e9 durant ces 40 derni\u00e8res ann\u00e9es, Laurent proc\u00e8de \u00e0 la refonte du site Internet Gold.fr d\u00e9di\u00e9 \u00e0 l\u2019achat d'or, vente d\u2019or (pi\u00e8ces, lingots, ...), achat or et argent,... qui conna\u00eetra un franc succ\u00e8s d\u00e8s son d\u00e9marrage en 2008. Il d\u00e9cide alors de d\u00e9velopper un r\u00e9seau de concessions exclusives: Le Comptoir National de l\u2019Or. Il assure d\u00e9sormais le pilotage strat\u00e9gique du 1er r\u00e9seau de France qui compte aujourd\u2019hui pas loin de 60 agences r\u00e9parties dans toute la France et depuis peu en Allemagne (Breisach). Le Comptoir National de l\u2019Or se positionne aujourd\u2019hui comme le leader incontournable sur le march\u00e9 de l\u2019Or et des m\u00e9taux pr\u00e9cieux en France.","sameAs":["https:\/\/www.gold.fr","https:\/\/www.linkedin.com\/in\/acheteror\/"]}]}},"authors":[{"term_id":2567,"user_id":6,"is_guest":0,"slug":"laurent","display_name":"Laurent Schwartz","avatar_url":"https:\/\/secure.gravatar.com\/avatar\/1496f846049365121827f5470219486f1a95f83957cc8ca0a9595e40c185f5ee?s=96&d=mm&r=g","0":null,"1":"","2":"","3":"","4":"","5":"","6":"","7":"","8":""}],"_links":{"self":[{"href":"https:\/\/www.gold.fr\/news\/wp-json\/wp\/v2\/posts\/2051","targetHints":{"allow":["GET"]}}],"collection":[{"href":"https:\/\/www.gold.fr\/news\/wp-json\/wp\/v2\/posts"}],"about":[{"href":"https:\/\/www.gold.fr\/news\/wp-json\/wp\/v2\/types\/post"}],"author":[{"embeddable":true,"href":"https:\/\/www.gold.fr\/news\/wp-json\/wp\/v2\/users\/6"}],"replies":[{"embeddable":true,"href":"https:\/\/www.gold.fr\/news\/wp-json\/wp\/v2\/comments?post=2051"}],"version-history":[{"count":0,"href":"https:\/\/www.gold.fr\/news\/wp-json\/wp\/v2\/posts\/2051\/revisions"}],"wp:featuredmedia":[{"embeddable":true,"href":"https:\/\/www.gold.fr\/news\/wp-json\/wp\/v2\/media\/5081"}],"wp:attachment":[{"href":"https:\/\/www.gold.fr\/news\/wp-json\/wp\/v2\/media?parent=2051"}],"wp:term":[{"taxonomy":"category","embeddable":true,"href":"https:\/\/www.gold.fr\/news\/wp-json\/wp\/v2\/categories?post=2051"},{"taxonomy":"post_tag","embeddable":true,"href":"https:\/\/www.gold.fr\/news\/wp-json\/wp\/v2\/tags?post=2051"},{"taxonomy":"author","embeddable":true,"href":"https:\/\/www.gold.fr\/news\/wp-json\/wp\/v2\/ppma_author?post=2051"}],"curies":[{"name":"wp","href":"https:\/\/api.w.org\/{rel}","templated":true}]}}