{"id":20493,"date":"2016-12-08T15:06:03","date_gmt":"2016-12-08T14:06:03","guid":{"rendered":"https:\/\/www.gold.fr\/news\/?p=20493"},"modified":"2021-01-11T17:32:51","modified_gmt":"2021-01-11T16:32:51","slug":"20493","status":"publish","type":"post","link":"https:\/\/www.gold.fr\/news\/2016\/12\/08\/20493\/","title":{"rendered":"Quel bilan pour l&rsquo;Or en 2016 ?"},"content":{"rendered":"<p><span style=\"font-weight: 400;\"><img loading=\"lazy\" decoding=\"async\" class=\"alignleft wp-image-20498 size-medium\" title=\"Quel bilan pour l'Or en 2016 ?\" src=\"https:\/\/www.gold.fr\/news\/wp-content\/uploads\/2016\/12\/Trump-Tower-300x200.png\" alt=\"Quel bilan pour l'Or en 2016 ?\" width=\"300\" height=\"200\" srcset=\"https:\/\/www.gold.fr\/news\/wp-content\/uploads\/2016\/12\/Trump-Tower-300x200.png 300w, https:\/\/www.gold.fr\/news\/wp-content\/uploads\/2016\/12\/Trump-Tower-2x1.png 2w, https:\/\/www.gold.fr\/news\/wp-content\/uploads\/2016\/12\/Trump-Tower-270x180.png 270w, https:\/\/www.gold.fr\/news\/wp-content\/uploads\/2016\/12\/Trump-Tower.png 486w\" sizes=\"auto, (max-width: 300px) 100vw, 300px\" \/>Mea (minima) culpa. Quand on se trompe, il faut le reconna\u00eetre. Il y a quelques mois, j&rsquo;annon\u00e7ais avec certitude, et sur un ton p\u00e9remptoire, la d\u00e9faite de Trump. Bien mal m&rsquo;en a pris. <\/span>    <span style=\"font-weight: 400;\">Beaucoup de lecteurs avaient r\u00e9agit en \u00e9mettant des r\u00e9serves sur mon analyse, et le r\u00e9sultat du d\u00e9pouillage leur a, jusqu&rsquo;\u00e0 pr\u00e9sent<\/span><span style=\"font-weight: 400;\">, donn\u00e9 raison. Touch\u00e9. Plus surprenant, la victoire de Trump, pass\u00e9 l&rsquo;effet de surprise, semble plaire \u00e0 Wall Street, tandis que le cours de l&rsquo;or subit une s\u00e9rieuse de correction, perdant pr\u00eat de 10% en seulement 3 semaines.<\/span>    <span style=\"font-weight: 400;\">Cependant, la fin de l&rsquo;ann\u00e9e approchant, le monde se divise en deux cat\u00e9gories : ceux qui se demandent quels cadeaux ils font faire \u00e0 leurs proches, et ceux qui se demandent quelle performance leur portefeuille va bien pouvoir afficher.<\/span>    <span style=\"font-weight: 400;\">Le 4 janvier 2016, le lingot \u00e9tait \u00e0 31 370 \u20ac, il a atteint un plus haut en juillet \u00e0 39 970\u20ac avant de repasser ces derniers jours sous les 36 000 \u20ac<\/span><span style=\"font-weight: 400;\">. A titre de comparaison, le CAC40 affiche aujourd&rsquo;hui un niveau quasi-inchang\u00e9 par rapport au d\u00e9but d&rsquo;ann\u00e9e<\/span><span style=\"font-weight: 400;\">. Ainsi, malgr\u00e9 le mouvement r\u00e9cent (provoqu\u00e9 notamment par des prises de b\u00e9n\u00e9fices, sans doute), le cours de l&rsquo;or continue d&rsquo;afficher une performance que bien peu de gestionnaire de portefeuille peuvent se vanter\u2026 L&rsquo;or a donc \u00e9t\u00e9 un excellent support d&rsquo;investissement pour traverser l&rsquo;ann\u00e9e 2016. <\/span>  <\/p>\n<h2>Mais cette performance peut-elle se r\u00e9it\u00e9r\u00e9e l&rsquo;ann\u00e9e prochaine ?<\/h2>\n<p>  <span style=\"font-weight: 400;\">Je vais quand m\u00eame me risquer \u00e0 une analyse prospective rapide pour 2017 en balayant les principaux facteurs susceptibles de peser sur les cours de l&rsquo;or, libell\u00e9 en euro.<\/span>  <\/p>\n<h3>Les arguments favorables \u00e0 l&rsquo;euro-or sont nombreux :<\/h3>\n<ol>\n<li><span style=\"font-weight: 400;\">La chute r\u00e9cente des cours. Techniquement, elle ouvre des perspectives de rebond, on est aujourd&rsquo;hui 10% en de\u00e7\u00e0 du plus haut de l&rsquo;ann\u00e9e 2016. <\/span><\/li>\n<li><span style=\"font-weight: 400;\">Les turbulences de l&rsquo;euro<\/span> <span style=\"font-weight: 400;\">L&rsquo;ann\u00e9e qui vient est particuli\u00e8rement riche en \u00e9v\u00e9nements qui vont chahuter la stabilit\u00e9 mon\u00e9taire de la zone euro, \u00e0 savoir : les cons\u00e9quences du r\u00e9f\u00e9rendum de ce weekend en Italie, la mise en marche du Brexit, les \u00e9lections en France, et en Allemagne. Ev\u00e8nements qui se rajoutent aux difficult\u00e9s d\u00e9j\u00e0 en cours et dont on parle aujourd&rsquo;hui moins mais qui n&rsquo;ont pas disparu pour autant : les finances publiques (notamment grecques), la fragilit\u00e9 des banques italiennes, le cas \u00e9pineux de la Deutsche Bank\u2026 Alors que la loi Sapin 2 a d\u00e9j\u00e0 l\u00e9galis\u00e9 le futur d\u00e9pouillement des \u00e9pargnants<\/span><span style=\"font-weight: 400;\">, il me para\u00eet sage de vouloir limiter l&rsquo;exposition de son portefeuille aux actifs libell\u00e9s en euros.<\/span><\/li>\n<li><span style=\"font-weight: 400;\">La poursuite de la guerre en Syrie, et plus g\u00e9n\u00e9ralement l&rsquo;accroissement des tensions g\u00e9opolitiques au Moyen-Orient<\/span> <span style=\"font-weight: 400;\">Les r\u00e9cents progr\u00e8s contre Daesh ne signifient pas la fin prochaine des op\u00e9rations, \u00e0 en juger par les efforts des uns et des autres pour augmenter leurs capacit\u00e9s militaires dans la r\u00e9gion<\/span><span style=\"font-weight: 400;\">. A part les principaux concern\u00e9s, les Syriens, tout le monde y trouve son compte : le th\u00e9\u00e2tre irako-syrien est terrain d&rsquo;exercice id\u00e9al, qui permet non seulement aux exportateurs d&rsquo;armes d&rsquo;en faire un formidable showroom mais aussi de r\u00e9colter de la \u00ab data \u00bb qui alimente les intelligences artificielles dont l&rsquo;objectif avou\u00e9 est de prendre demain les \u00ab d\u00e9cisions \u00bb sur le champ de bataille\u2026 <\/span><\/li>\n<li><span style=\"font-weight: 400;\">Les perspectives de croissance<\/span><span style=\"font-weight: 400;\"> en Europe<\/span> <span style=\"font-weight: 400;\">On se dirige une nouvelle fois vers une ann\u00e9e molle en termes de croissance, encore plus faible que 2016. <\/span><\/li>\n<\/ol>\n<h3>Les arguments d\u00e9favorables \u00e0 l&rsquo;euro-or sont moins nombreux et moins faciles \u00e0 \u00e9valuer<\/h3>\n<p>  <span style=\"font-weight: 400;\">1 &#8211; La fin des taux d&rsquo;int\u00e9r\u00eats n\u00e9gatifs<\/span><span style=\"font-weight: 400;\"> ?<\/span> <span style=\"font-weight: 400;\">Les taux sont historiquement corr\u00e9l\u00e9s n\u00e9gativement au cours de l&rsquo;or. Les interpr\u00e9tations des r\u00e9centes d\u00e9clarations de la FED laissent penser que les taux pourraient entamer une lente remont\u00e9e, pesant \u00e0 la baisse sur le m\u00e9tal jaune.<\/span>    <span style=\"font-weight: 400;\">2 \u2013 L&rsquo;\u00e9volution de la demande mondiale en or.<\/span> <span style=\"font-weight: 400;\">N&rsquo;oublions pas que le gros de la demande d&rsquo;or physique est en Chine et en Inde, et l\u00e0, on nage en pleine incertitude. <\/span> <span style=\"font-weight: 400;\">En Inde, le gouvernement a engag\u00e9 une lutte contre le cash et l&rsquo;or, avec le retrait des grosses coupures en roupie et des rumeurs, non d\u00e9menties, de limitation de la possession et des importations d&rsquo;or. Il semble difficile aujourd&rsquo;hui d&rsquo;\u00e9valuer l&rsquo;efficacit\u00e9 et les cons\u00e9quences de ces mesures. <\/span> <span style=\"font-weight: 400;\">En Chine, c&rsquo;est l&rsquo;attitude peu lisible des autorit\u00e9s qui laisse tout le monde perplexe. On a le sentiment d&rsquo;une certaine confusion avec d&rsquo;une part des mesures qui soutiennent la demande (cr\u00e9ation d&rsquo;un syst\u00e8me de cotation domestique, poursuite annonc\u00e9e de la constitution de r\u00e9serve d&rsquo;or physique par la banque centrale\u2026) et d&rsquo;autres part une certaine opacit\u00e9 sur les montants d&rsquo;or effectivement cumul\u00e9s dans les coffres de P\u00e9kin conjugu\u00e9e \u00e0 la difficult\u00e9 d&rsquo;anticiper l&rsquo;\u00e9volution de la demande des particuliers pour l&rsquo;or, que ce soit sous forme d&rsquo;or investissement ou de bijoux\u2026 <\/span>    <span style=\"font-weight: 400;\">En d\u00e9finitive, face \u00e0 une ann\u00e9e 2017 qui <\/span><span style=\"font-weight: 400;\">s&rsquo;annonce comme une ann\u00e9e <\/span><span style=\"font-weight: 400;\">riche en rebondissements, le P\u00e8re No\u00ebl serait sans doute bien avis\u00e9 de substituer une partie des pi\u00e8ces de chocolat par des esp\u00e8ces vraiment sonnantes et tr\u00e9buchantes. Bonnes f\u00eates \u00e0 toutes et \u00e0 tous.<\/span><\/p>\n<!-- AddThis Advanced Settings generic via filter on the_content --><!-- AddThis Share Buttons generic via filter on the_content -->","protected":false},"excerpt":{"rendered":"<p>Mea (minima) culpa. Quand on se trompe, il faut le reconna\u00eetre. Il y a quelques mois, j&rsquo;annon\u00e7ais avec certitude, et sur un ton p\u00e9remptoire, la d\u00e9faite de Trump. Bien mal m&rsquo;en a pris. Beaucoup de lecteurs [&hellip;]<\/p>\n","protected":false},"author":20,"featured_media":20498,"comment_status":"closed","ping_status":"closed","sticky":false,"template":"","format":"standard","meta":{"_mbp_gutenberg_autopost":false,"_pgmb_is_evergreen":false,"_pgmb_ap_template_id":0,"footnotes":""},"categories":[4],"tags":[1043,1052],"ppma_author":[2568],"class_list":["post-20493","post","type-post","status-publish","format-standard","has-post-thumbnail","hentry","category-analyses-economiques","tag-bilan","tag-bilan-or"],"yoast_head":"<!-- This site is optimized with the Yoast SEO plugin v27.5 - https:\/\/yoast.com\/product\/yoast-seo-wordpress\/ -->\n<title>Quel bilan pour l&#039;Or en 2016 ? - Gold.fr<\/title>\n<meta name=\"robots\" content=\"index, follow, max-snippet:-1, max-image-preview:large, max-video-preview:-1\" \/>\n<link rel=\"canonical\" href=\"https:\/\/www.gold.fr\/news\/2016\/12\/08\/20493\/\" \/>\n<meta property=\"og:locale\" content=\"fr_FR\" \/>\n<meta property=\"og:type\" content=\"article\" \/>\n<meta property=\"og:title\" content=\"Quel bilan pour l&#039;Or en 2016 ? - Gold.fr\" \/>\n<meta property=\"og:description\" content=\"Mea (minima) culpa. Quand on se trompe, il faut le reconna\u00eetre. Il y a quelques mois, j&rsquo;annon\u00e7ais avec certitude, et sur un ton p\u00e9remptoire, la d\u00e9faite de Trump. Bien mal m&rsquo;en a pris. Beaucoup de lecteurs [&hellip;]\" \/>\n<meta property=\"og:url\" content=\"https:\/\/www.gold.fr\/news\/2016\/12\/08\/20493\/\" \/>\n<meta property=\"og:site_name\" content=\"Gold.fr\" \/>\n<meta property=\"article:publisher\" content=\"https:\/\/www.facebook.com\/Goldfr\/\" \/>\n<meta property=\"article:published_time\" content=\"2016-12-08T14:06:03+00:00\" \/>\n<meta property=\"article:modified_time\" content=\"2021-01-11T16:32:51+00:00\" \/>\n<meta property=\"og:image\" content=\"https:\/\/www.gold.fr\/news\/wp-content\/uploads\/2016\/12\/Trump-Tower.png\" \/>\n\t<meta property=\"og:image:width\" content=\"486\" \/>\n\t<meta property=\"og:image:height\" content=\"324\" \/>\n\t<meta property=\"og:image:type\" content=\"image\/png\" \/>\n<meta name=\"author\" content=\"Bertrand Renard\" \/>\n<meta name=\"twitter:card\" content=\"summary_large_image\" \/>\n<meta name=\"twitter:label1\" content=\"\u00c9crit par\" \/>\n\t<meta name=\"twitter:data1\" content=\"Bertrand Renard\" \/>\n\t<meta name=\"twitter:label2\" content=\"Dur\u00e9e de lecture estim\u00e9e\" \/>\n\t<meta name=\"twitter:data2\" content=\"4 minutes\" \/>\n<script type=\"application\/ld+json\" class=\"yoast-schema-graph\">{\"@context\":\"https:\\\/\\\/schema.org\",\"@graph\":[{\"@type\":\"Article\",\"@id\":\"https:\\\/\\\/www.gold.fr\\\/news\\\/2016\\\/12\\\/08\\\/20493\\\/#article\",\"isPartOf\":{\"@id\":\"https:\\\/\\\/www.gold.fr\\\/news\\\/2016\\\/12\\\/08\\\/20493\\\/\"},\"author\":{\"name\":\"Bertrand Renard\",\"@id\":\"https:\\\/\\\/www.gold.fr\\\/news\\\/#\\\/schema\\\/person\\\/3263a9350e0707fffd6b27308f03d046\"},\"headline\":\"Quel bilan pour l&rsquo;Or en 2016 ?\",\"datePublished\":\"2016-12-08T14:06:03+00:00\",\"dateModified\":\"2021-01-11T16:32:51+00:00\",\"mainEntityOfPage\":{\"@id\":\"https:\\\/\\\/www.gold.fr\\\/news\\\/2016\\\/12\\\/08\\\/20493\\\/\"},\"wordCount\":913,\"image\":{\"@id\":\"https:\\\/\\\/www.gold.fr\\\/news\\\/2016\\\/12\\\/08\\\/20493\\\/#primaryimage\"},\"thumbnailUrl\":\"https:\\\/\\\/www.gold.fr\\\/news\\\/wp-content\\\/uploads\\\/2016\\\/12\\\/Trump-Tower.png\",\"keywords\":[\"Bilan\",\"Bilan Or\"],\"articleSection\":[\"Analyses Economiques\"],\"inLanguage\":\"fr-FR\"},{\"@type\":\"WebPage\",\"@id\":\"https:\\\/\\\/www.gold.fr\\\/news\\\/2016\\\/12\\\/08\\\/20493\\\/\",\"url\":\"https:\\\/\\\/www.gold.fr\\\/news\\\/2016\\\/12\\\/08\\\/20493\\\/\",\"name\":\"Quel bilan pour l'Or en 2016 ? - Gold.fr\",\"isPartOf\":{\"@id\":\"https:\\\/\\\/www.gold.fr\\\/news\\\/#website\"},\"primaryImageOfPage\":{\"@id\":\"https:\\\/\\\/www.gold.fr\\\/news\\\/2016\\\/12\\\/08\\\/20493\\\/#primaryimage\"},\"image\":{\"@id\":\"https:\\\/\\\/www.gold.fr\\\/news\\\/2016\\\/12\\\/08\\\/20493\\\/#primaryimage\"},\"thumbnailUrl\":\"https:\\\/\\\/www.gold.fr\\\/news\\\/wp-content\\\/uploads\\\/2016\\\/12\\\/Trump-Tower.png\",\"datePublished\":\"2016-12-08T14:06:03+00:00\",\"dateModified\":\"2021-01-11T16:32:51+00:00\",\"author\":{\"@id\":\"https:\\\/\\\/www.gold.fr\\\/news\\\/#\\\/schema\\\/person\\\/3263a9350e0707fffd6b27308f03d046\"},\"breadcrumb\":{\"@id\":\"https:\\\/\\\/www.gold.fr\\\/news\\\/2016\\\/12\\\/08\\\/20493\\\/#breadcrumb\"},\"inLanguage\":\"fr-FR\",\"potentialAction\":[{\"@type\":\"ReadAction\",\"target\":[\"https:\\\/\\\/www.gold.fr\\\/news\\\/2016\\\/12\\\/08\\\/20493\\\/\"]}]},{\"@type\":\"ImageObject\",\"inLanguage\":\"fr-FR\",\"@id\":\"https:\\\/\\\/www.gold.fr\\\/news\\\/2016\\\/12\\\/08\\\/20493\\\/#primaryimage\",\"url\":\"https:\\\/\\\/www.gold.fr\\\/news\\\/wp-content\\\/uploads\\\/2016\\\/12\\\/Trump-Tower.png\",\"contentUrl\":\"https:\\\/\\\/www.gold.fr\\\/news\\\/wp-content\\\/uploads\\\/2016\\\/12\\\/Trump-Tower.png\",\"width\":486,\"height\":324,\"caption\":\"Quel bilan pour l'Or en 2016 ?\"},{\"@type\":\"BreadcrumbList\",\"@id\":\"https:\\\/\\\/www.gold.fr\\\/news\\\/2016\\\/12\\\/08\\\/20493\\\/#breadcrumb\",\"itemListElement\":[{\"@type\":\"ListItem\",\"position\":1,\"name\":\"Accueil\",\"item\":\"https:\\\/\\\/www.gold.fr\\\/\"},{\"@type\":\"ListItem\",\"position\":2,\"name\":\"Actualit\u00e9s\",\"item\":\"https:\\\/\\\/www.gold.fr\\\/news\\\/\"},{\"@type\":\"ListItem\",\"position\":3,\"name\":\"Quel bilan pour l&rsquo;Or en 2016 ?\"}]},{\"@type\":\"WebSite\",\"@id\":\"https:\\\/\\\/www.gold.fr\\\/news\\\/#website\",\"url\":\"https:\\\/\\\/www.gold.fr\\\/news\\\/\",\"name\":\"Gold.fr\",\"description\":\"Actualit\u00e9s de l&#039;Or et des m\u00e9taux pr\u00e9cieux\",\"potentialAction\":[{\"@type\":\"SearchAction\",\"target\":{\"@type\":\"EntryPoint\",\"urlTemplate\":\"https:\\\/\\\/www.gold.fr\\\/news\\\/?s={search_term_string}\"},\"query-input\":{\"@type\":\"PropertyValueSpecification\",\"valueRequired\":true,\"valueName\":\"search_term_string\"}}],\"inLanguage\":\"fr-FR\"},{\"@type\":\"Person\",\"@id\":\"https:\\\/\\\/www.gold.fr\\\/news\\\/#\\\/schema\\\/person\\\/3263a9350e0707fffd6b27308f03d046\",\"name\":\"Bertrand Renard\",\"image\":{\"@type\":\"ImageObject\",\"inLanguage\":\"fr-FR\",\"@id\":\"https:\\\/\\\/secure.gravatar.com\\\/avatar\\\/3e029e51c588cb73af6131013acc61c92571295a78f197191356e80fd6f7006c?s=96&d=mm&r=g7d5c9d685721ddd99b1dd266dc4573db\",\"url\":\"https:\\\/\\\/secure.gravatar.com\\\/avatar\\\/3e029e51c588cb73af6131013acc61c92571295a78f197191356e80fd6f7006c?s=96&d=mm&r=g\",\"contentUrl\":\"https:\\\/\\\/secure.gravatar.com\\\/avatar\\\/3e029e51c588cb73af6131013acc61c92571295a78f197191356e80fd6f7006c?s=96&d=mm&r=g\",\"caption\":\"Bertrand Renard\"},\"description\":\"Dipl\u00f4m\u00e9 d\u2019une grande \u00e9cole de commerce au milieu des ann\u00e9es 2000, Bertrand Renard d\u00e9bute sa carri\u00e8re dans des grands cabinets de conseil (Accenture, Atos Origin, Cap Gemini) avant de poursuivre dans l\u2019industrie, d\u2019abord en France, puis en Australie, o\u00f9 il a notamment travaill\u00e9 pour une raffinerie de m\u00e9taux pr\u00e9cieux proche de Sydney. Il revient \u00e0 Paris d\u00e9but 2014 pour rejoindre le Comptoir National de l\u2019Or comme Consultant o\u00f9 il apporte sa contribution sur des sujets principalement financiers.\",\"sameAs\":[\"http:\\\/\\\/www.gold.fr\"]}]}<\/script>\n<!-- \/ Yoast SEO plugin. -->","yoast_head_json":{"title":"Quel bilan pour l'Or en 2016 ? - Gold.fr","robots":{"index":"index","follow":"follow","max-snippet":"max-snippet:-1","max-image-preview":"max-image-preview:large","max-video-preview":"max-video-preview:-1"},"canonical":"https:\/\/www.gold.fr\/news\/2016\/12\/08\/20493\/","og_locale":"fr_FR","og_type":"article","og_title":"Quel bilan pour l'Or en 2016 ? - Gold.fr","og_description":"Mea (minima) culpa. Quand on se trompe, il faut le reconna\u00eetre. Il y a quelques mois, j&rsquo;annon\u00e7ais avec certitude, et sur un ton p\u00e9remptoire, la d\u00e9faite de Trump. Bien mal m&rsquo;en a pris. Beaucoup de lecteurs [&hellip;]","og_url":"https:\/\/www.gold.fr\/news\/2016\/12\/08\/20493\/","og_site_name":"Gold.fr","article_publisher":"https:\/\/www.facebook.com\/Goldfr\/","article_published_time":"2016-12-08T14:06:03+00:00","article_modified_time":"2021-01-11T16:32:51+00:00","og_image":[{"width":486,"height":324,"url":"https:\/\/www.gold.fr\/news\/wp-content\/uploads\/2016\/12\/Trump-Tower.png","type":"image\/png"}],"author":"Bertrand Renard","twitter_card":"summary_large_image","twitter_misc":{"\u00c9crit par":"Bertrand Renard","Dur\u00e9e de lecture estim\u00e9e":"4 minutes"},"schema":{"@context":"https:\/\/schema.org","@graph":[{"@type":"Article","@id":"https:\/\/www.gold.fr\/news\/2016\/12\/08\/20493\/#article","isPartOf":{"@id":"https:\/\/www.gold.fr\/news\/2016\/12\/08\/20493\/"},"author":{"name":"Bertrand Renard","@id":"https:\/\/www.gold.fr\/news\/#\/schema\/person\/3263a9350e0707fffd6b27308f03d046"},"headline":"Quel bilan pour l&rsquo;Or en 2016 ?","datePublished":"2016-12-08T14:06:03+00:00","dateModified":"2021-01-11T16:32:51+00:00","mainEntityOfPage":{"@id":"https:\/\/www.gold.fr\/news\/2016\/12\/08\/20493\/"},"wordCount":913,"image":{"@id":"https:\/\/www.gold.fr\/news\/2016\/12\/08\/20493\/#primaryimage"},"thumbnailUrl":"https:\/\/www.gold.fr\/news\/wp-content\/uploads\/2016\/12\/Trump-Tower.png","keywords":["Bilan","Bilan Or"],"articleSection":["Analyses Economiques"],"inLanguage":"fr-FR"},{"@type":"WebPage","@id":"https:\/\/www.gold.fr\/news\/2016\/12\/08\/20493\/","url":"https:\/\/www.gold.fr\/news\/2016\/12\/08\/20493\/","name":"Quel bilan pour l'Or en 2016 ? - Gold.fr","isPartOf":{"@id":"https:\/\/www.gold.fr\/news\/#website"},"primaryImageOfPage":{"@id":"https:\/\/www.gold.fr\/news\/2016\/12\/08\/20493\/#primaryimage"},"image":{"@id":"https:\/\/www.gold.fr\/news\/2016\/12\/08\/20493\/#primaryimage"},"thumbnailUrl":"https:\/\/www.gold.fr\/news\/wp-content\/uploads\/2016\/12\/Trump-Tower.png","datePublished":"2016-12-08T14:06:03+00:00","dateModified":"2021-01-11T16:32:51+00:00","author":{"@id":"https:\/\/www.gold.fr\/news\/#\/schema\/person\/3263a9350e0707fffd6b27308f03d046"},"breadcrumb":{"@id":"https:\/\/www.gold.fr\/news\/2016\/12\/08\/20493\/#breadcrumb"},"inLanguage":"fr-FR","potentialAction":[{"@type":"ReadAction","target":["https:\/\/www.gold.fr\/news\/2016\/12\/08\/20493\/"]}]},{"@type":"ImageObject","inLanguage":"fr-FR","@id":"https:\/\/www.gold.fr\/news\/2016\/12\/08\/20493\/#primaryimage","url":"https:\/\/www.gold.fr\/news\/wp-content\/uploads\/2016\/12\/Trump-Tower.png","contentUrl":"https:\/\/www.gold.fr\/news\/wp-content\/uploads\/2016\/12\/Trump-Tower.png","width":486,"height":324,"caption":"Quel bilan pour l'Or en 2016 ?"},{"@type":"BreadcrumbList","@id":"https:\/\/www.gold.fr\/news\/2016\/12\/08\/20493\/#breadcrumb","itemListElement":[{"@type":"ListItem","position":1,"name":"Accueil","item":"https:\/\/www.gold.fr\/"},{"@type":"ListItem","position":2,"name":"Actualit\u00e9s","item":"https:\/\/www.gold.fr\/news\/"},{"@type":"ListItem","position":3,"name":"Quel bilan pour l&rsquo;Or en 2016 ?"}]},{"@type":"WebSite","@id":"https:\/\/www.gold.fr\/news\/#website","url":"https:\/\/www.gold.fr\/news\/","name":"Gold.fr","description":"Actualit\u00e9s de l&#039;Or et des m\u00e9taux pr\u00e9cieux","potentialAction":[{"@type":"SearchAction","target":{"@type":"EntryPoint","urlTemplate":"https:\/\/www.gold.fr\/news\/?s={search_term_string}"},"query-input":{"@type":"PropertyValueSpecification","valueRequired":true,"valueName":"search_term_string"}}],"inLanguage":"fr-FR"},{"@type":"Person","@id":"https:\/\/www.gold.fr\/news\/#\/schema\/person\/3263a9350e0707fffd6b27308f03d046","name":"Bertrand Renard","image":{"@type":"ImageObject","inLanguage":"fr-FR","@id":"https:\/\/secure.gravatar.com\/avatar\/3e029e51c588cb73af6131013acc61c92571295a78f197191356e80fd6f7006c?s=96&d=mm&r=g7d5c9d685721ddd99b1dd266dc4573db","url":"https:\/\/secure.gravatar.com\/avatar\/3e029e51c588cb73af6131013acc61c92571295a78f197191356e80fd6f7006c?s=96&d=mm&r=g","contentUrl":"https:\/\/secure.gravatar.com\/avatar\/3e029e51c588cb73af6131013acc61c92571295a78f197191356e80fd6f7006c?s=96&d=mm&r=g","caption":"Bertrand Renard"},"description":"Dipl\u00f4m\u00e9 d\u2019une grande \u00e9cole de commerce au milieu des ann\u00e9es 2000, Bertrand Renard d\u00e9bute sa carri\u00e8re dans des grands cabinets de conseil (Accenture, Atos Origin, Cap Gemini) avant de poursuivre dans l\u2019industrie, d\u2019abord en France, puis en Australie, o\u00f9 il a notamment travaill\u00e9 pour une raffinerie de m\u00e9taux pr\u00e9cieux proche de Sydney. Il revient \u00e0 Paris d\u00e9but 2014 pour rejoindre le Comptoir National de l\u2019Or comme Consultant o\u00f9 il apporte sa contribution sur des sujets principalement financiers.","sameAs":["http:\/\/www.gold.fr"]}]}},"authors":[{"term_id":2568,"user_id":20,"is_guest":0,"slug":"bertrand-fox","display_name":"Bertrand Renard","avatar_url":"https:\/\/secure.gravatar.com\/avatar\/3e029e51c588cb73af6131013acc61c92571295a78f197191356e80fd6f7006c?s=96&d=mm&r=g","0":null,"1":"","2":"","3":"","4":"","5":"","6":"","7":"","8":""}],"_links":{"self":[{"href":"https:\/\/www.gold.fr\/news\/wp-json\/wp\/v2\/posts\/20493","targetHints":{"allow":["GET"]}}],"collection":[{"href":"https:\/\/www.gold.fr\/news\/wp-json\/wp\/v2\/posts"}],"about":[{"href":"https:\/\/www.gold.fr\/news\/wp-json\/wp\/v2\/types\/post"}],"author":[{"embeddable":true,"href":"https:\/\/www.gold.fr\/news\/wp-json\/wp\/v2\/users\/20"}],"replies":[{"embeddable":true,"href":"https:\/\/www.gold.fr\/news\/wp-json\/wp\/v2\/comments?post=20493"}],"version-history":[{"count":0,"href":"https:\/\/www.gold.fr\/news\/wp-json\/wp\/v2\/posts\/20493\/revisions"}],"wp:featuredmedia":[{"embeddable":true,"href":"https:\/\/www.gold.fr\/news\/wp-json\/wp\/v2\/media\/20498"}],"wp:attachment":[{"href":"https:\/\/www.gold.fr\/news\/wp-json\/wp\/v2\/media?parent=20493"}],"wp:term":[{"taxonomy":"category","embeddable":true,"href":"https:\/\/www.gold.fr\/news\/wp-json\/wp\/v2\/categories?post=20493"},{"taxonomy":"post_tag","embeddable":true,"href":"https:\/\/www.gold.fr\/news\/wp-json\/wp\/v2\/tags?post=20493"},{"taxonomy":"author","embeddable":true,"href":"https:\/\/www.gold.fr\/news\/wp-json\/wp\/v2\/ppma_author?post=20493"}],"curies":[{"name":"wp","href":"https:\/\/api.w.org\/{rel}","templated":true}]}}