{"id":20480,"date":"2016-11-30T12:00:07","date_gmt":"2016-11-30T11:00:07","guid":{"rendered":"https:\/\/www.gold.fr\/news\/?p=20480"},"modified":"2021-01-13T13:34:47","modified_gmt":"2021-01-13T12:34:47","slug":"le-metal-jaune-est-il-toujours-une-valeur-refuge","status":"publish","type":"post","link":"https:\/\/www.gold.fr\/news\/2016\/11\/30\/le-metal-jaune-est-il-toujours-une-valeur-refuge\/","title":{"rendered":"Le m\u00e9tal jaune est-il toujours une valeur refuge ?"},"content":{"rendered":"<p>Le m\u00e9tal jaune a acquis, au fil de l&rsquo;Histoire de l&rsquo;humanit\u00e9, la r\u00e9putation de pouvoir pr\u00e9munir son d\u00e9tenteur des r\u00e9percussions de toutes sortes de crises ; guerres, r\u00e9volutions, famines\u2026 C&rsquo;est en effet durant ces p\u00e9riodes que l&rsquo;or offre ses meilleurs rendements.<\/p>\n<h2>Mais cela est-il toujours valable, aujourd&rsquo;hui ? Et existe-t-il vraiment des inconv\u00e9nients \u00e0 la d\u00e9tention de la valeur refuge aurif\u00e8re ?<\/h2>\n<p><img loading=\"lazy\" decoding=\"async\" class=\"alignleft wp-image-2397 size-thumbnail\" title=\"Le m\u00e9tal jaune est-il toujours une valeur refuge ?\" src=\"https:\/\/www.gold.fr\/news\/wp-content\/uploads\/2011\/09\/ordinateur-or-150x150.jpg\" alt=\"Le m\u00e9tal jaune est-il toujours une valeur refuge ?\" width=\"150\" height=\"150\" \/>On peut lister deux principaux reproches g\u00e9n\u00e9ralement faits \u00e0 la valeur refuge de l&rsquo;or. Tout d&rsquo;abord, la bri\u00e8vet\u00e9 de la crise provoquant la mont\u00e9e de la valeur refuge signifie automatiquement que la dur\u00e9e durant laquelle le m\u00e9tal jaune enregistre une hausse est, \u00e0 son tour, assez br\u00e8ve. Par ailleurs, et tout au long de l&rsquo;Histoire, ces p\u00e9riodes de crises ont \u00e9t\u00e9 relativement espac\u00e9es, ce qui impliquait que les d\u00e9tenteurs de l&rsquo;or devaient attendre une longue p\u00e9riode avant d&rsquo;exploiter tout le potentiel de leur possessions aurif\u00e8res. D&rsquo;o\u00f9, d&rsquo;ailleurs, le deuxi\u00e8me reproche ; le co\u00fbt d&rsquo;opportunit\u00e9. Durant, les longues dur\u00e9es non marqu\u00e9es par une quelconque crise, l&rsquo;or ne g\u00e9n\u00e9rait pas suffisamment de rendement, face \u00e0 d&rsquo;autres actifs \u00e0 forts cash-flow.<\/p>\n<h2>Faut-il pour autant d\u00e9tr\u00f4ner l&rsquo;or de sa position en t\u00eate des valeurs refuge ?<\/h2>\n<p>Pas vraiment. Bien que le monde moderne ne soit plus expos\u00e9 \u00e0 des situations de guerres globales ou de famines, les crises des temps modernes apportent tout autant de raisons g\u00e9opolitiques, \u00e9conomiques et financi\u00e8res d&rsquo;angoisses. Du coup, l&rsquo;or profite plus fr\u00e9quemment de son statut de valeur refuge.<\/p>\n<!-- AddThis Advanced Settings generic via filter on the_content --><!-- AddThis Share Buttons generic via filter on the_content -->","protected":false},"excerpt":{"rendered":"<p>Le m\u00e9tal jaune a acquis, au fil de l&rsquo;Histoire de l&rsquo;humanit\u00e9, la r\u00e9putation de pouvoir pr\u00e9munir son d\u00e9tenteur des r\u00e9percussions de toutes sortes de crises ; guerres, r\u00e9volutions, famines\u2026 C&rsquo;est en effet durant ces p\u00e9riodes que [&hellip;]<\/p>\n","protected":false},"author":18,"featured_media":2397,"comment_status":"closed","ping_status":"closed","sticky":false,"template":"","format":"standard","meta":{"_mbp_gutenberg_autopost":false,"_pgmb_is_evergreen":false,"_pgmb_ap_template_id":0,"footnotes":""},"categories":[6],"tags":[932,76,234],"ppma_author":[2565],"class_list":["post-20480","post","type-post","status-publish","format-standard","has-post-thumbnail","hentry","category-articles-de-presse","tag-metal-jaune","tag-or","tag-valeur-refuge"],"yoast_head":"<!-- This site is optimized with the Yoast SEO plugin v27.5 - https:\/\/yoast.com\/product\/yoast-seo-wordpress\/ -->\n<title>Le m\u00e9tal jaune est-il toujours une valeur refuge ? Crise, Finance<\/title>\n<meta name=\"description\" content=\"Le m\u00e9tal jaune a acquis, au fil de l\u2019Histoire de l\u2019humanit\u00e9, la r\u00e9putation de pouvoir pr\u00e9munir son d\u00e9tenteur des r\u00e9percussions des crises\" \/>\n<meta name=\"robots\" content=\"index, follow, max-snippet:-1, max-image-preview:large, max-video-preview:-1\" \/>\n<link rel=\"canonical\" href=\"https:\/\/www.gold.fr\/news\/2016\/11\/30\/le-metal-jaune-est-il-toujours-une-valeur-refuge\/\" \/>\n<meta property=\"og:locale\" content=\"fr_FR\" \/>\n<meta property=\"og:type\" content=\"article\" \/>\n<meta property=\"og:title\" content=\"Le m\u00e9tal jaune est-il toujours une valeur refuge ? Crise, Finance\" \/>\n<meta property=\"og:description\" content=\"Le m\u00e9tal jaune a acquis, au fil de l\u2019Histoire de l\u2019humanit\u00e9, la r\u00e9putation de pouvoir pr\u00e9munir son d\u00e9tenteur des r\u00e9percussions des crises\" \/>\n<meta property=\"og:url\" content=\"https:\/\/www.gold.fr\/news\/2016\/11\/30\/le-metal-jaune-est-il-toujours-une-valeur-refuge\/\" \/>\n<meta property=\"og:site_name\" content=\"Gold.fr\" \/>\n<meta property=\"article:publisher\" content=\"https:\/\/www.facebook.com\/Goldfr\/\" \/>\n<meta property=\"article:published_time\" content=\"2016-11-30T11:00:07+00:00\" \/>\n<meta property=\"article:modified_time\" content=\"2021-01-13T12:34:47+00:00\" \/>\n<meta property=\"og:image\" content=\"https:\/\/www.gold.fr\/news\/wp-content\/uploads\/2011\/09\/ordinateur-or.jpg\" \/>\n\t<meta property=\"og:image:width\" content=\"600\" \/>\n\t<meta property=\"og:image:height\" content=\"296\" \/>\n\t<meta property=\"og:image:type\" content=\"image\/jpeg\" \/>\n<meta name=\"author\" content=\"Comptoir National de l&#039;Or\" \/>\n<meta name=\"twitter:card\" content=\"summary_large_image\" \/>\n<meta name=\"twitter:label1\" content=\"\u00c9crit par\" \/>\n\t<meta name=\"twitter:data1\" content=\"Comptoir National de l&#039;Or\" \/>\n\t<meta name=\"twitter:label2\" content=\"Dur\u00e9e de lecture estim\u00e9e\" \/>\n\t<meta name=\"twitter:data2\" content=\"1 minute\" \/>\n<script type=\"application\/ld+json\" class=\"yoast-schema-graph\">{\"@context\":\"https:\\\/\\\/schema.org\",\"@graph\":[{\"@type\":\"Article\",\"@id\":\"https:\\\/\\\/www.gold.fr\\\/news\\\/2016\\\/11\\\/30\\\/le-metal-jaune-est-il-toujours-une-valeur-refuge\\\/#article\",\"isPartOf\":{\"@id\":\"https:\\\/\\\/www.gold.fr\\\/news\\\/2016\\\/11\\\/30\\\/le-metal-jaune-est-il-toujours-une-valeur-refuge\\\/\"},\"author\":{\"name\":\"Comptoir National de l'Or\",\"@id\":\"https:\\\/\\\/www.gold.fr\\\/news\\\/#\\\/schema\\\/person\\\/070491b4b4fb7671bf59b3be20302ce9\"},\"headline\":\"Le m\u00e9tal jaune est-il toujours une valeur refuge ?\",\"datePublished\":\"2016-11-30T11:00:07+00:00\",\"dateModified\":\"2021-01-13T12:34:47+00:00\",\"mainEntityOfPage\":{\"@id\":\"https:\\\/\\\/www.gold.fr\\\/news\\\/2016\\\/11\\\/30\\\/le-metal-jaune-est-il-toujours-une-valeur-refuge\\\/\"},\"wordCount\":291,\"image\":{\"@id\":\"https:\\\/\\\/www.gold.fr\\\/news\\\/2016\\\/11\\\/30\\\/le-metal-jaune-est-il-toujours-une-valeur-refuge\\\/#primaryimage\"},\"thumbnailUrl\":\"https:\\\/\\\/www.gold.fr\\\/news\\\/wp-content\\\/uploads\\\/2011\\\/09\\\/ordinateur-or.jpg\",\"keywords\":[\"M\u00e9tal jaune\",\"Or\",\"Valeur refuge\"],\"articleSection\":[\"Articles de presse\"],\"inLanguage\":\"fr-FR\"},{\"@type\":\"WebPage\",\"@id\":\"https:\\\/\\\/www.gold.fr\\\/news\\\/2016\\\/11\\\/30\\\/le-metal-jaune-est-il-toujours-une-valeur-refuge\\\/\",\"url\":\"https:\\\/\\\/www.gold.fr\\\/news\\\/2016\\\/11\\\/30\\\/le-metal-jaune-est-il-toujours-une-valeur-refuge\\\/\",\"name\":\"Le m\u00e9tal jaune est-il toujours une valeur refuge ? Crise, Finance\",\"isPartOf\":{\"@id\":\"https:\\\/\\\/www.gold.fr\\\/news\\\/#website\"},\"primaryImageOfPage\":{\"@id\":\"https:\\\/\\\/www.gold.fr\\\/news\\\/2016\\\/11\\\/30\\\/le-metal-jaune-est-il-toujours-une-valeur-refuge\\\/#primaryimage\"},\"image\":{\"@id\":\"https:\\\/\\\/www.gold.fr\\\/news\\\/2016\\\/11\\\/30\\\/le-metal-jaune-est-il-toujours-une-valeur-refuge\\\/#primaryimage\"},\"thumbnailUrl\":\"https:\\\/\\\/www.gold.fr\\\/news\\\/wp-content\\\/uploads\\\/2011\\\/09\\\/ordinateur-or.jpg\",\"datePublished\":\"2016-11-30T11:00:07+00:00\",\"dateModified\":\"2021-01-13T12:34:47+00:00\",\"author\":{\"@id\":\"https:\\\/\\\/www.gold.fr\\\/news\\\/#\\\/schema\\\/person\\\/070491b4b4fb7671bf59b3be20302ce9\"},\"description\":\"Le m\u00e9tal jaune a acquis, au fil de l\u2019Histoire de l\u2019humanit\u00e9, la r\u00e9putation de pouvoir pr\u00e9munir son d\u00e9tenteur des r\u00e9percussions des crises\",\"breadcrumb\":{\"@id\":\"https:\\\/\\\/www.gold.fr\\\/news\\\/2016\\\/11\\\/30\\\/le-metal-jaune-est-il-toujours-une-valeur-refuge\\\/#breadcrumb\"},\"inLanguage\":\"fr-FR\",\"potentialAction\":[{\"@type\":\"ReadAction\",\"target\":[\"https:\\\/\\\/www.gold.fr\\\/news\\\/2016\\\/11\\\/30\\\/le-metal-jaune-est-il-toujours-une-valeur-refuge\\\/\"]}]},{\"@type\":\"ImageObject\",\"inLanguage\":\"fr-FR\",\"@id\":\"https:\\\/\\\/www.gold.fr\\\/news\\\/2016\\\/11\\\/30\\\/le-metal-jaune-est-il-toujours-une-valeur-refuge\\\/#primaryimage\",\"url\":\"https:\\\/\\\/www.gold.fr\\\/news\\\/wp-content\\\/uploads\\\/2011\\\/09\\\/ordinateur-or.jpg\",\"contentUrl\":\"https:\\\/\\\/www.gold.fr\\\/news\\\/wp-content\\\/uploads\\\/2011\\\/09\\\/ordinateur-or.jpg\",\"width\":\"600\",\"height\":\"296\",\"caption\":\"M\u00e9tal jaune : la tendance attentiste sera d\u00e9finitivement invers\u00e9e\"},{\"@type\":\"BreadcrumbList\",\"@id\":\"https:\\\/\\\/www.gold.fr\\\/news\\\/2016\\\/11\\\/30\\\/le-metal-jaune-est-il-toujours-une-valeur-refuge\\\/#breadcrumb\",\"itemListElement\":[{\"@type\":\"ListItem\",\"position\":1,\"name\":\"Accueil\",\"item\":\"https:\\\/\\\/www.gold.fr\\\/\"},{\"@type\":\"ListItem\",\"position\":2,\"name\":\"Actualit\u00e9s\",\"item\":\"https:\\\/\\\/www.gold.fr\\\/news\\\/\"},{\"@type\":\"ListItem\",\"position\":3,\"name\":\"Le m\u00e9tal jaune est-il toujours une valeur refuge ?\"}]},{\"@type\":\"WebSite\",\"@id\":\"https:\\\/\\\/www.gold.fr\\\/news\\\/#website\",\"url\":\"https:\\\/\\\/www.gold.fr\\\/news\\\/\",\"name\":\"Gold.fr\",\"description\":\"Actualit\u00e9s de l&#039;Or et des m\u00e9taux pr\u00e9cieux\",\"potentialAction\":[{\"@type\":\"SearchAction\",\"target\":{\"@type\":\"EntryPoint\",\"urlTemplate\":\"https:\\\/\\\/www.gold.fr\\\/news\\\/?s={search_term_string}\"},\"query-input\":{\"@type\":\"PropertyValueSpecification\",\"valueRequired\":true,\"valueName\":\"search_term_string\"}}],\"inLanguage\":\"fr-FR\"},{\"@type\":\"Person\",\"@id\":\"https:\\\/\\\/www.gold.fr\\\/news\\\/#\\\/schema\\\/person\\\/070491b4b4fb7671bf59b3be20302ce9\",\"name\":\"Comptoir National de l'Or\",\"image\":{\"@type\":\"ImageObject\",\"inLanguage\":\"fr-FR\",\"@id\":\"https:\\\/\\\/secure.gravatar.com\\\/avatar\\\/0a2867fd5abe37bed95d5a65e9d58f01756e11efc68af9888dfc50cfa7f65948?s=96&d=mm&r=gb490554db0a38188709de567aa58480d\",\"url\":\"https:\\\/\\\/secure.gravatar.com\\\/avatar\\\/0a2867fd5abe37bed95d5a65e9d58f01756e11efc68af9888dfc50cfa7f65948?s=96&d=mm&r=g\",\"contentUrl\":\"https:\\\/\\\/secure.gravatar.com\\\/avatar\\\/0a2867fd5abe37bed95d5a65e9d58f01756e11efc68af9888dfc50cfa7f65948?s=96&d=mm&r=g\",\"caption\":\"Comptoir National de l'Or\"},\"description\":\"Notre r\u00e9daction est constitu\u00e9e de membres experts dans les m\u00e9tiers de l'\u00e9conomie et la gestion, des Responsables d'agence Comptoir National de l'Or, des analystes financiers qui publient r\u00e9guli\u00e8rement des \u00e9tudes sur les politiques des banques centrales, le cours de l'or, prix de l'or, cours de l'argent, prix de l'argent, cours du platine, cours du palladium,... la situation en zone euro et l'impact de la strat\u00e9gie mon\u00e9taire de la FED. Notre \u00e9quipe scrute \u00e9galement une information plus g\u00e9n\u00e9raliste \u00e0 la recherche d'actualit\u00e9 \\\"p\u00e9pite\\\" \u00e0 vous partager. Depuis 5 ans, nous avons publi\u00e9 un peu plus de 4000 articles qui s'adressent \u00e0 un public large et vari\u00e9 ayant pour objectif de satisfaire votre curiosit\u00e9 et de partager avec vous une certaine fascination pour le m\u00e9tal jaune, le rachat d'or, et pour ceux qui veulent investir dans l'or, vendre leur or tout simplement en savoir plus... Pour tous vos achat or et argent, n'h\u00e9sitez pas \u00e0 prendre rendez-vous dans l'un de nos nombreux comptoirs.\",\"sameAs\":[\"https:\\\/\\\/www.gold.fr\"]}]}<\/script>\n<!-- \/ Yoast SEO plugin. -->","yoast_head_json":{"title":"Le m\u00e9tal jaune est-il toujours une valeur refuge ? Crise, Finance","description":"Le m\u00e9tal jaune a acquis, au fil de l\u2019Histoire de l\u2019humanit\u00e9, la r\u00e9putation de pouvoir pr\u00e9munir son d\u00e9tenteur des r\u00e9percussions des crises","robots":{"index":"index","follow":"follow","max-snippet":"max-snippet:-1","max-image-preview":"max-image-preview:large","max-video-preview":"max-video-preview:-1"},"canonical":"https:\/\/www.gold.fr\/news\/2016\/11\/30\/le-metal-jaune-est-il-toujours-une-valeur-refuge\/","og_locale":"fr_FR","og_type":"article","og_title":"Le m\u00e9tal jaune est-il toujours une valeur refuge ? Crise, Finance","og_description":"Le m\u00e9tal jaune a acquis, au fil de l\u2019Histoire de l\u2019humanit\u00e9, la r\u00e9putation de pouvoir pr\u00e9munir son d\u00e9tenteur des r\u00e9percussions des crises","og_url":"https:\/\/www.gold.fr\/news\/2016\/11\/30\/le-metal-jaune-est-il-toujours-une-valeur-refuge\/","og_site_name":"Gold.fr","article_publisher":"https:\/\/www.facebook.com\/Goldfr\/","article_published_time":"2016-11-30T11:00:07+00:00","article_modified_time":"2021-01-13T12:34:47+00:00","og_image":[{"width":600,"height":296,"url":"https:\/\/www.gold.fr\/news\/wp-content\/uploads\/2011\/09\/ordinateur-or.jpg","type":"image\/jpeg"}],"author":"Comptoir National de l'Or","twitter_card":"summary_large_image","twitter_misc":{"\u00c9crit par":"Comptoir National de l'Or","Dur\u00e9e de lecture estim\u00e9e":"1 minute"},"schema":{"@context":"https:\/\/schema.org","@graph":[{"@type":"Article","@id":"https:\/\/www.gold.fr\/news\/2016\/11\/30\/le-metal-jaune-est-il-toujours-une-valeur-refuge\/#article","isPartOf":{"@id":"https:\/\/www.gold.fr\/news\/2016\/11\/30\/le-metal-jaune-est-il-toujours-une-valeur-refuge\/"},"author":{"name":"Comptoir National de l'Or","@id":"https:\/\/www.gold.fr\/news\/#\/schema\/person\/070491b4b4fb7671bf59b3be20302ce9"},"headline":"Le m\u00e9tal jaune est-il toujours une valeur refuge ?","datePublished":"2016-11-30T11:00:07+00:00","dateModified":"2021-01-13T12:34:47+00:00","mainEntityOfPage":{"@id":"https:\/\/www.gold.fr\/news\/2016\/11\/30\/le-metal-jaune-est-il-toujours-une-valeur-refuge\/"},"wordCount":291,"image":{"@id":"https:\/\/www.gold.fr\/news\/2016\/11\/30\/le-metal-jaune-est-il-toujours-une-valeur-refuge\/#primaryimage"},"thumbnailUrl":"https:\/\/www.gold.fr\/news\/wp-content\/uploads\/2011\/09\/ordinateur-or.jpg","keywords":["M\u00e9tal jaune","Or","Valeur refuge"],"articleSection":["Articles de presse"],"inLanguage":"fr-FR"},{"@type":"WebPage","@id":"https:\/\/www.gold.fr\/news\/2016\/11\/30\/le-metal-jaune-est-il-toujours-une-valeur-refuge\/","url":"https:\/\/www.gold.fr\/news\/2016\/11\/30\/le-metal-jaune-est-il-toujours-une-valeur-refuge\/","name":"Le m\u00e9tal jaune est-il toujours une valeur refuge ? Crise, Finance","isPartOf":{"@id":"https:\/\/www.gold.fr\/news\/#website"},"primaryImageOfPage":{"@id":"https:\/\/www.gold.fr\/news\/2016\/11\/30\/le-metal-jaune-est-il-toujours-une-valeur-refuge\/#primaryimage"},"image":{"@id":"https:\/\/www.gold.fr\/news\/2016\/11\/30\/le-metal-jaune-est-il-toujours-une-valeur-refuge\/#primaryimage"},"thumbnailUrl":"https:\/\/www.gold.fr\/news\/wp-content\/uploads\/2011\/09\/ordinateur-or.jpg","datePublished":"2016-11-30T11:00:07+00:00","dateModified":"2021-01-13T12:34:47+00:00","author":{"@id":"https:\/\/www.gold.fr\/news\/#\/schema\/person\/070491b4b4fb7671bf59b3be20302ce9"},"description":"Le m\u00e9tal jaune a acquis, au fil de l\u2019Histoire de l\u2019humanit\u00e9, la r\u00e9putation de pouvoir pr\u00e9munir son d\u00e9tenteur des r\u00e9percussions des crises","breadcrumb":{"@id":"https:\/\/www.gold.fr\/news\/2016\/11\/30\/le-metal-jaune-est-il-toujours-une-valeur-refuge\/#breadcrumb"},"inLanguage":"fr-FR","potentialAction":[{"@type":"ReadAction","target":["https:\/\/www.gold.fr\/news\/2016\/11\/30\/le-metal-jaune-est-il-toujours-une-valeur-refuge\/"]}]},{"@type":"ImageObject","inLanguage":"fr-FR","@id":"https:\/\/www.gold.fr\/news\/2016\/11\/30\/le-metal-jaune-est-il-toujours-une-valeur-refuge\/#primaryimage","url":"https:\/\/www.gold.fr\/news\/wp-content\/uploads\/2011\/09\/ordinateur-or.jpg","contentUrl":"https:\/\/www.gold.fr\/news\/wp-content\/uploads\/2011\/09\/ordinateur-or.jpg","width":"600","height":"296","caption":"M\u00e9tal jaune : la tendance attentiste sera d\u00e9finitivement invers\u00e9e"},{"@type":"BreadcrumbList","@id":"https:\/\/www.gold.fr\/news\/2016\/11\/30\/le-metal-jaune-est-il-toujours-une-valeur-refuge\/#breadcrumb","itemListElement":[{"@type":"ListItem","position":1,"name":"Accueil","item":"https:\/\/www.gold.fr\/"},{"@type":"ListItem","position":2,"name":"Actualit\u00e9s","item":"https:\/\/www.gold.fr\/news\/"},{"@type":"ListItem","position":3,"name":"Le m\u00e9tal jaune est-il toujours une valeur refuge ?"}]},{"@type":"WebSite","@id":"https:\/\/www.gold.fr\/news\/#website","url":"https:\/\/www.gold.fr\/news\/","name":"Gold.fr","description":"Actualit\u00e9s de l&#039;Or et des m\u00e9taux pr\u00e9cieux","potentialAction":[{"@type":"SearchAction","target":{"@type":"EntryPoint","urlTemplate":"https:\/\/www.gold.fr\/news\/?s={search_term_string}"},"query-input":{"@type":"PropertyValueSpecification","valueRequired":true,"valueName":"search_term_string"}}],"inLanguage":"fr-FR"},{"@type":"Person","@id":"https:\/\/www.gold.fr\/news\/#\/schema\/person\/070491b4b4fb7671bf59b3be20302ce9","name":"Comptoir National de l'Or","image":{"@type":"ImageObject","inLanguage":"fr-FR","@id":"https:\/\/secure.gravatar.com\/avatar\/0a2867fd5abe37bed95d5a65e9d58f01756e11efc68af9888dfc50cfa7f65948?s=96&d=mm&r=gb490554db0a38188709de567aa58480d","url":"https:\/\/secure.gravatar.com\/avatar\/0a2867fd5abe37bed95d5a65e9d58f01756e11efc68af9888dfc50cfa7f65948?s=96&d=mm&r=g","contentUrl":"https:\/\/secure.gravatar.com\/avatar\/0a2867fd5abe37bed95d5a65e9d58f01756e11efc68af9888dfc50cfa7f65948?s=96&d=mm&r=g","caption":"Comptoir National de l'Or"},"description":"Notre r\u00e9daction est constitu\u00e9e de membres experts dans les m\u00e9tiers de l'\u00e9conomie et la gestion, des Responsables d'agence Comptoir National de l'Or, des analystes financiers qui publient r\u00e9guli\u00e8rement des \u00e9tudes sur les politiques des banques centrales, le cours de l'or, prix de l'or, cours de l'argent, prix de l'argent, cours du platine, cours du palladium,... la situation en zone euro et l'impact de la strat\u00e9gie mon\u00e9taire de la FED. Notre \u00e9quipe scrute \u00e9galement une information plus g\u00e9n\u00e9raliste \u00e0 la recherche d'actualit\u00e9 \"p\u00e9pite\" \u00e0 vous partager. Depuis 5 ans, nous avons publi\u00e9 un peu plus de 4000 articles qui s'adressent \u00e0 un public large et vari\u00e9 ayant pour objectif de satisfaire votre curiosit\u00e9 et de partager avec vous une certaine fascination pour le m\u00e9tal jaune, le rachat d'or, et pour ceux qui veulent investir dans l'or, vendre leur or tout simplement en savoir plus... Pour tous vos achat or et argent, n'h\u00e9sitez pas \u00e0 prendre rendez-vous dans l'un de nos nombreux comptoirs.","sameAs":["https:\/\/www.gold.fr"]}]}},"authors":[{"term_id":2565,"user_id":18,"is_guest":0,"slug":"julie","display_name":"Comptoir National de l'Or","avatar_url":"https:\/\/secure.gravatar.com\/avatar\/713f289e398d35ead876c4a4cc08607f0d6d266058cfc25683fffb6092d0e572?s=96&d=mm&r=g","0":null,"1":"","2":"","3":"","4":"","5":"","6":"","7":"","8":""}],"_links":{"self":[{"href":"https:\/\/www.gold.fr\/news\/wp-json\/wp\/v2\/posts\/20480","targetHints":{"allow":["GET"]}}],"collection":[{"href":"https:\/\/www.gold.fr\/news\/wp-json\/wp\/v2\/posts"}],"about":[{"href":"https:\/\/www.gold.fr\/news\/wp-json\/wp\/v2\/types\/post"}],"author":[{"embeddable":true,"href":"https:\/\/www.gold.fr\/news\/wp-json\/wp\/v2\/users\/18"}],"replies":[{"embeddable":true,"href":"https:\/\/www.gold.fr\/news\/wp-json\/wp\/v2\/comments?post=20480"}],"version-history":[{"count":0,"href":"https:\/\/www.gold.fr\/news\/wp-json\/wp\/v2\/posts\/20480\/revisions"}],"wp:featuredmedia":[{"embeddable":true,"href":"https:\/\/www.gold.fr\/news\/wp-json\/wp\/v2\/media\/2397"}],"wp:attachment":[{"href":"https:\/\/www.gold.fr\/news\/wp-json\/wp\/v2\/media?parent=20480"}],"wp:term":[{"taxonomy":"category","embeddable":true,"href":"https:\/\/www.gold.fr\/news\/wp-json\/wp\/v2\/categories?post=20480"},{"taxonomy":"post_tag","embeddable":true,"href":"https:\/\/www.gold.fr\/news\/wp-json\/wp\/v2\/tags?post=20480"},{"taxonomy":"author","embeddable":true,"href":"https:\/\/www.gold.fr\/news\/wp-json\/wp\/v2\/ppma_author?post=20480"}],"curies":[{"name":"wp","href":"https:\/\/api.w.org\/{rel}","templated":true}]}}