{"id":20467,"date":"2016-12-05T13:00:58","date_gmt":"2016-12-05T12:00:58","guid":{"rendered":"https:\/\/www.gold.fr\/news\/?p=20467"},"modified":"2021-01-13T13:33:16","modified_gmt":"2021-01-13T12:33:16","slug":"lonce-stagne-au-lendemain-dun-week-end-charge","status":"publish","type":"post","link":"https:\/\/www.gold.fr\/news\/2016\/12\/05\/lonce-stagne-au-lendemain-dun-week-end-charge\/","title":{"rendered":"L&rsquo;once stagne, au lendemain d&rsquo;un week-end charg\u00e9"},"content":{"rendered":"<p><img loading=\"lazy\" decoding=\"async\" class=\"alignleft wp-image-15563 size-medium\" title=\"L'once stagne, au lendemain d'un week-end charg\u00e9\" src=\"https:\/\/www.gold.fr\/news\/wp-content\/uploads\/2014\/09\/IMG3-300x192.jpg\" alt=\"L'once stagne, au lendemain d'un week-end charg\u00e9\" width=\"300\" height=\"192\" srcset=\"https:\/\/www.gold.fr\/news\/wp-content\/uploads\/2014\/09\/IMG3-300x192.jpg 300w, https:\/\/www.gold.fr\/news\/wp-content\/uploads\/2014\/09\/IMG3-298x191.jpg 298w, https:\/\/www.gold.fr\/news\/wp-content\/uploads\/2014\/09\/IMG3-1x1.jpg 1w, https:\/\/www.gold.fr\/news\/wp-content\/uploads\/2014\/09\/IMG3.jpg 660w\" sizes=\"auto, (max-width: 300px) 100vw, 300px\" \/>La journ\u00e9e de la veille avait \u00e9t\u00e9 suivie avec une tension particuli\u00e8rement attentiste, en Europe et ailleurs, dans l&rsquo;expectative des r\u00e9sultats du r\u00e9f\u00e9rendum constitutionnel italien. Le couperet est tomb\u00e9 hier soir et les r\u00e9percussions de ce vote national risquent de se propager au-del\u00e0 des fronti\u00e8res italiennes.    C&rsquo;est donc le \u00ab\u00a0non\u00a0\u00bb qui l&rsquo;a emport\u00e9, en r\u00e9ponse au projet de r\u00e9forme constitutionnelle faite par le gouvernement Renzi. Face au rejet de la proposition de son cabinet, le pr\u00e9sident du conseil italien, <strong>Matteo Renzi<\/strong>, a tenu sa promesse et aussit\u00f4t annonc\u00e9 sa d\u00e9mission.    Ce matin, ce sont du coup des march\u00e9s inquiets qu&rsquo;on retrouve dans l&rsquo;ensemble de la zone euro. <strong>Chris Weston<\/strong>, strat\u00e8ge en chef <strong>d&rsquo;IG<\/strong>, affirme qu&rsquo;on \u00ab\u00a0<em>peut s&rsquo;attendre \u00e0 un regain d&rsquo;inqui\u00e9tudes concernant la situation politique du pays et \u00e0 une aggravation des craintes autour de son secteur bancaire \u00bb<\/em>.    De son c\u00f4t\u00e9, le march\u00e9 de l&rsquo;or stagne relativement sous la pression des march\u00e9s mitig\u00e9s (entre des europ\u00e9ens domin\u00e9s par l&rsquo;incertitude et des am\u00e9ricains trop optimistes). L&rsquo;or ouvre donc la s\u00e9ance de ce <strong>lundi 5 d\u00e9cembre 2016<\/strong> avec un <a href=\"http:\/\/www.gold.fr\/cours-or-prix-de-l-or\/\" target=\"_blank\" rel=\"noopener noreferrer\">cours<\/a> relativement baissier de <strong>1 166,50 dollars<\/strong> <a href=\"http:\/\/www.gold.fr\/once-or-nyc\/\" target=\"_blank\" rel=\"noopener noreferrer\">l&rsquo;once<\/a>.<\/p>\n<!-- AddThis Advanced Settings generic via filter on the_content --><!-- AddThis Share Buttons generic via filter on the_content -->","protected":false},"excerpt":{"rendered":"<p>La journ\u00e9e de la veille avait \u00e9t\u00e9 suivie avec une tension particuli\u00e8rement attentiste, en Europe et ailleurs, dans l&rsquo;expectative des r\u00e9sultats du r\u00e9f\u00e9rendum constitutionnel italien. Le couperet est tomb\u00e9 hier soir et les r\u00e9percussions de ce [&hellip;]<\/p>\n","protected":false},"author":18,"featured_media":15563,"comment_status":"closed","ping_status":"closed","sticky":false,"template":"","format":"standard","meta":{"_mbp_gutenberg_autopost":false,"_pgmb_is_evergreen":false,"_pgmb_ap_template_id":0,"footnotes":""},"categories":[5],"tags":[925,917],"ppma_author":[2565],"class_list":["post-20467","post","type-post","status-publish","format-standard","has-post-thumbnail","hentry","category-flash-infos","tag-or-et-stagnation","tag-stagnation-de-lor"],"yoast_head":"<!-- This site is optimized with the Yoast SEO plugin v27.5 - https:\/\/yoast.com\/product\/yoast-seo-wordpress\/ -->\n<title>L&#039;once stagne, au lendemain d&#039;un week-end charg\u00e9 - Gold.fr<\/title>\n<meta name=\"robots\" content=\"index, follow, max-snippet:-1, max-image-preview:large, max-video-preview:-1\" \/>\n<link rel=\"canonical\" href=\"https:\/\/www.gold.fr\/news\/2016\/12\/05\/lonce-stagne-au-lendemain-dun-week-end-charge\/\" \/>\n<meta property=\"og:locale\" content=\"fr_FR\" \/>\n<meta property=\"og:type\" content=\"article\" \/>\n<meta property=\"og:title\" content=\"L&#039;once stagne, au lendemain d&#039;un week-end charg\u00e9 - Gold.fr\" \/>\n<meta property=\"og:description\" content=\"La journ\u00e9e de la veille avait \u00e9t\u00e9 suivie avec une tension particuli\u00e8rement attentiste, en Europe et ailleurs, dans l&rsquo;expectative des r\u00e9sultats du r\u00e9f\u00e9rendum constitutionnel italien. Le couperet est tomb\u00e9 hier soir et les r\u00e9percussions de ce [&hellip;]\" \/>\n<meta property=\"og:url\" content=\"https:\/\/www.gold.fr\/news\/2016\/12\/05\/lonce-stagne-au-lendemain-dun-week-end-charge\/\" \/>\n<meta property=\"og:site_name\" content=\"Gold.fr\" \/>\n<meta property=\"article:publisher\" content=\"https:\/\/www.facebook.com\/Goldfr\/\" \/>\n<meta property=\"article:published_time\" content=\"2016-12-05T12:00:58+00:00\" \/>\n<meta property=\"article:modified_time\" content=\"2021-01-13T12:33:16+00:00\" \/>\n<meta property=\"og:image\" content=\"https:\/\/www.gold.fr\/news\/wp-content\/uploads\/2014\/09\/IMG3.jpg\" \/>\n\t<meta property=\"og:image:width\" content=\"660\" \/>\n\t<meta property=\"og:image:height\" content=\"423\" \/>\n\t<meta property=\"og:image:type\" content=\"image\/jpeg\" \/>\n<meta name=\"author\" content=\"Comptoir National de l&#039;Or\" \/>\n<meta name=\"twitter:card\" content=\"summary_large_image\" \/>\n<meta name=\"twitter:label1\" content=\"\u00c9crit par\" \/>\n\t<meta name=\"twitter:data1\" content=\"Comptoir National de l&#039;Or\" \/>\n\t<meta name=\"twitter:label2\" content=\"Dur\u00e9e de lecture estim\u00e9e\" \/>\n\t<meta name=\"twitter:data2\" content=\"1 minute\" \/>\n<script type=\"application\/ld+json\" class=\"yoast-schema-graph\">{\"@context\":\"https:\\\/\\\/schema.org\",\"@graph\":[{\"@type\":\"Article\",\"@id\":\"https:\\\/\\\/www.gold.fr\\\/news\\\/2016\\\/12\\\/05\\\/lonce-stagne-au-lendemain-dun-week-end-charge\\\/#article\",\"isPartOf\":{\"@id\":\"https:\\\/\\\/www.gold.fr\\\/news\\\/2016\\\/12\\\/05\\\/lonce-stagne-au-lendemain-dun-week-end-charge\\\/\"},\"author\":{\"name\":\"Comptoir National de l'Or\",\"@id\":\"https:\\\/\\\/www.gold.fr\\\/news\\\/#\\\/schema\\\/person\\\/070491b4b4fb7671bf59b3be20302ce9\"},\"headline\":\"L&rsquo;once stagne, au lendemain d&rsquo;un week-end charg\u00e9\",\"datePublished\":\"2016-12-05T12:00:58+00:00\",\"dateModified\":\"2021-01-13T12:33:16+00:00\",\"mainEntityOfPage\":{\"@id\":\"https:\\\/\\\/www.gold.fr\\\/news\\\/2016\\\/12\\\/05\\\/lonce-stagne-au-lendemain-dun-week-end-charge\\\/\"},\"wordCount\":224,\"image\":{\"@id\":\"https:\\\/\\\/www.gold.fr\\\/news\\\/2016\\\/12\\\/05\\\/lonce-stagne-au-lendemain-dun-week-end-charge\\\/#primaryimage\"},\"thumbnailUrl\":\"https:\\\/\\\/www.gold.fr\\\/news\\\/wp-content\\\/uploads\\\/2014\\\/09\\\/IMG3.jpg\",\"keywords\":[\"Or et stagnation\",\"Stagnation de l\u2019or\"],\"articleSection\":[\"Flash infos\"],\"inLanguage\":\"fr-FR\"},{\"@type\":\"WebPage\",\"@id\":\"https:\\\/\\\/www.gold.fr\\\/news\\\/2016\\\/12\\\/05\\\/lonce-stagne-au-lendemain-dun-week-end-charge\\\/\",\"url\":\"https:\\\/\\\/www.gold.fr\\\/news\\\/2016\\\/12\\\/05\\\/lonce-stagne-au-lendemain-dun-week-end-charge\\\/\",\"name\":\"L'once stagne, au lendemain d'un week-end charg\u00e9 - Gold.fr\",\"isPartOf\":{\"@id\":\"https:\\\/\\\/www.gold.fr\\\/news\\\/#website\"},\"primaryImageOfPage\":{\"@id\":\"https:\\\/\\\/www.gold.fr\\\/news\\\/2016\\\/12\\\/05\\\/lonce-stagne-au-lendemain-dun-week-end-charge\\\/#primaryimage\"},\"image\":{\"@id\":\"https:\\\/\\\/www.gold.fr\\\/news\\\/2016\\\/12\\\/05\\\/lonce-stagne-au-lendemain-dun-week-end-charge\\\/#primaryimage\"},\"thumbnailUrl\":\"https:\\\/\\\/www.gold.fr\\\/news\\\/wp-content\\\/uploads\\\/2014\\\/09\\\/IMG3.jpg\",\"datePublished\":\"2016-12-05T12:00:58+00:00\",\"dateModified\":\"2021-01-13T12:33:16+00:00\",\"author\":{\"@id\":\"https:\\\/\\\/www.gold.fr\\\/news\\\/#\\\/schema\\\/person\\\/070491b4b4fb7671bf59b3be20302ce9\"},\"breadcrumb\":{\"@id\":\"https:\\\/\\\/www.gold.fr\\\/news\\\/2016\\\/12\\\/05\\\/lonce-stagne-au-lendemain-dun-week-end-charge\\\/#breadcrumb\"},\"inLanguage\":\"fr-FR\",\"potentialAction\":[{\"@type\":\"ReadAction\",\"target\":[\"https:\\\/\\\/www.gold.fr\\\/news\\\/2016\\\/12\\\/05\\\/lonce-stagne-au-lendemain-dun-week-end-charge\\\/\"]}]},{\"@type\":\"ImageObject\",\"inLanguage\":\"fr-FR\",\"@id\":\"https:\\\/\\\/www.gold.fr\\\/news\\\/2016\\\/12\\\/05\\\/lonce-stagne-au-lendemain-dun-week-end-charge\\\/#primaryimage\",\"url\":\"https:\\\/\\\/www.gold.fr\\\/news\\\/wp-content\\\/uploads\\\/2014\\\/09\\\/IMG3.jpg\",\"contentUrl\":\"https:\\\/\\\/www.gold.fr\\\/news\\\/wp-content\\\/uploads\\\/2014\\\/09\\\/IMG3.jpg\",\"width\":\"660\",\"height\":\"423\",\"caption\":\"Etat stationnaire pour l\u2019once en attendant les r\u00e9sultats du premier tour\"},{\"@type\":\"BreadcrumbList\",\"@id\":\"https:\\\/\\\/www.gold.fr\\\/news\\\/2016\\\/12\\\/05\\\/lonce-stagne-au-lendemain-dun-week-end-charge\\\/#breadcrumb\",\"itemListElement\":[{\"@type\":\"ListItem\",\"position\":1,\"name\":\"Accueil\",\"item\":\"https:\\\/\\\/www.gold.fr\\\/\"},{\"@type\":\"ListItem\",\"position\":2,\"name\":\"Actualit\u00e9s\",\"item\":\"https:\\\/\\\/www.gold.fr\\\/news\\\/\"},{\"@type\":\"ListItem\",\"position\":3,\"name\":\"L&rsquo;once stagne, au lendemain d&rsquo;un week-end charg\u00e9\"}]},{\"@type\":\"WebSite\",\"@id\":\"https:\\\/\\\/www.gold.fr\\\/news\\\/#website\",\"url\":\"https:\\\/\\\/www.gold.fr\\\/news\\\/\",\"name\":\"Gold.fr\",\"description\":\"Actualit\u00e9s de l&#039;Or et des m\u00e9taux pr\u00e9cieux\",\"potentialAction\":[{\"@type\":\"SearchAction\",\"target\":{\"@type\":\"EntryPoint\",\"urlTemplate\":\"https:\\\/\\\/www.gold.fr\\\/news\\\/?s={search_term_string}\"},\"query-input\":{\"@type\":\"PropertyValueSpecification\",\"valueRequired\":true,\"valueName\":\"search_term_string\"}}],\"inLanguage\":\"fr-FR\"},{\"@type\":\"Person\",\"@id\":\"https:\\\/\\\/www.gold.fr\\\/news\\\/#\\\/schema\\\/person\\\/070491b4b4fb7671bf59b3be20302ce9\",\"name\":\"Comptoir National de l'Or\",\"image\":{\"@type\":\"ImageObject\",\"inLanguage\":\"fr-FR\",\"@id\":\"https:\\\/\\\/secure.gravatar.com\\\/avatar\\\/0a2867fd5abe37bed95d5a65e9d58f01756e11efc68af9888dfc50cfa7f65948?s=96&d=mm&r=gb490554db0a38188709de567aa58480d\",\"url\":\"https:\\\/\\\/secure.gravatar.com\\\/avatar\\\/0a2867fd5abe37bed95d5a65e9d58f01756e11efc68af9888dfc50cfa7f65948?s=96&d=mm&r=g\",\"contentUrl\":\"https:\\\/\\\/secure.gravatar.com\\\/avatar\\\/0a2867fd5abe37bed95d5a65e9d58f01756e11efc68af9888dfc50cfa7f65948?s=96&d=mm&r=g\",\"caption\":\"Comptoir National de l'Or\"},\"description\":\"Notre r\u00e9daction est constitu\u00e9e de membres experts dans les m\u00e9tiers de l'\u00e9conomie et la gestion, des Responsables d'agence Comptoir National de l'Or, des analystes financiers qui publient r\u00e9guli\u00e8rement des \u00e9tudes sur les politiques des banques centrales, le cours de l'or, prix de l'or, cours de l'argent, prix de l'argent, cours du platine, cours du palladium,... la situation en zone euro et l'impact de la strat\u00e9gie mon\u00e9taire de la FED. Notre \u00e9quipe scrute \u00e9galement une information plus g\u00e9n\u00e9raliste \u00e0 la recherche d'actualit\u00e9 \\\"p\u00e9pite\\\" \u00e0 vous partager. Depuis 5 ans, nous avons publi\u00e9 un peu plus de 4000 articles qui s'adressent \u00e0 un public large et vari\u00e9 ayant pour objectif de satisfaire votre curiosit\u00e9 et de partager avec vous une certaine fascination pour le m\u00e9tal jaune, le rachat d'or, et pour ceux qui veulent investir dans l'or, vendre leur or tout simplement en savoir plus... Pour tous vos achat or et argent, n'h\u00e9sitez pas \u00e0 prendre rendez-vous dans l'un de nos nombreux comptoirs.\",\"sameAs\":[\"https:\\\/\\\/www.gold.fr\"]}]}<\/script>\n<!-- \/ Yoast SEO plugin. -->","yoast_head_json":{"title":"L'once stagne, au lendemain d'un week-end charg\u00e9 - Gold.fr","robots":{"index":"index","follow":"follow","max-snippet":"max-snippet:-1","max-image-preview":"max-image-preview:large","max-video-preview":"max-video-preview:-1"},"canonical":"https:\/\/www.gold.fr\/news\/2016\/12\/05\/lonce-stagne-au-lendemain-dun-week-end-charge\/","og_locale":"fr_FR","og_type":"article","og_title":"L'once stagne, au lendemain d'un week-end charg\u00e9 - Gold.fr","og_description":"La journ\u00e9e de la veille avait \u00e9t\u00e9 suivie avec une tension particuli\u00e8rement attentiste, en Europe et ailleurs, dans l&rsquo;expectative des r\u00e9sultats du r\u00e9f\u00e9rendum constitutionnel italien. Le couperet est tomb\u00e9 hier soir et les r\u00e9percussions de ce [&hellip;]","og_url":"https:\/\/www.gold.fr\/news\/2016\/12\/05\/lonce-stagne-au-lendemain-dun-week-end-charge\/","og_site_name":"Gold.fr","article_publisher":"https:\/\/www.facebook.com\/Goldfr\/","article_published_time":"2016-12-05T12:00:58+00:00","article_modified_time":"2021-01-13T12:33:16+00:00","og_image":[{"width":660,"height":423,"url":"https:\/\/www.gold.fr\/news\/wp-content\/uploads\/2014\/09\/IMG3.jpg","type":"image\/jpeg"}],"author":"Comptoir National de l'Or","twitter_card":"summary_large_image","twitter_misc":{"\u00c9crit par":"Comptoir National de l'Or","Dur\u00e9e de lecture estim\u00e9e":"1 minute"},"schema":{"@context":"https:\/\/schema.org","@graph":[{"@type":"Article","@id":"https:\/\/www.gold.fr\/news\/2016\/12\/05\/lonce-stagne-au-lendemain-dun-week-end-charge\/#article","isPartOf":{"@id":"https:\/\/www.gold.fr\/news\/2016\/12\/05\/lonce-stagne-au-lendemain-dun-week-end-charge\/"},"author":{"name":"Comptoir National de l'Or","@id":"https:\/\/www.gold.fr\/news\/#\/schema\/person\/070491b4b4fb7671bf59b3be20302ce9"},"headline":"L&rsquo;once stagne, au lendemain d&rsquo;un week-end charg\u00e9","datePublished":"2016-12-05T12:00:58+00:00","dateModified":"2021-01-13T12:33:16+00:00","mainEntityOfPage":{"@id":"https:\/\/www.gold.fr\/news\/2016\/12\/05\/lonce-stagne-au-lendemain-dun-week-end-charge\/"},"wordCount":224,"image":{"@id":"https:\/\/www.gold.fr\/news\/2016\/12\/05\/lonce-stagne-au-lendemain-dun-week-end-charge\/#primaryimage"},"thumbnailUrl":"https:\/\/www.gold.fr\/news\/wp-content\/uploads\/2014\/09\/IMG3.jpg","keywords":["Or et stagnation","Stagnation de l\u2019or"],"articleSection":["Flash infos"],"inLanguage":"fr-FR"},{"@type":"WebPage","@id":"https:\/\/www.gold.fr\/news\/2016\/12\/05\/lonce-stagne-au-lendemain-dun-week-end-charge\/","url":"https:\/\/www.gold.fr\/news\/2016\/12\/05\/lonce-stagne-au-lendemain-dun-week-end-charge\/","name":"L'once stagne, au lendemain d'un week-end charg\u00e9 - Gold.fr","isPartOf":{"@id":"https:\/\/www.gold.fr\/news\/#website"},"primaryImageOfPage":{"@id":"https:\/\/www.gold.fr\/news\/2016\/12\/05\/lonce-stagne-au-lendemain-dun-week-end-charge\/#primaryimage"},"image":{"@id":"https:\/\/www.gold.fr\/news\/2016\/12\/05\/lonce-stagne-au-lendemain-dun-week-end-charge\/#primaryimage"},"thumbnailUrl":"https:\/\/www.gold.fr\/news\/wp-content\/uploads\/2014\/09\/IMG3.jpg","datePublished":"2016-12-05T12:00:58+00:00","dateModified":"2021-01-13T12:33:16+00:00","author":{"@id":"https:\/\/www.gold.fr\/news\/#\/schema\/person\/070491b4b4fb7671bf59b3be20302ce9"},"breadcrumb":{"@id":"https:\/\/www.gold.fr\/news\/2016\/12\/05\/lonce-stagne-au-lendemain-dun-week-end-charge\/#breadcrumb"},"inLanguage":"fr-FR","potentialAction":[{"@type":"ReadAction","target":["https:\/\/www.gold.fr\/news\/2016\/12\/05\/lonce-stagne-au-lendemain-dun-week-end-charge\/"]}]},{"@type":"ImageObject","inLanguage":"fr-FR","@id":"https:\/\/www.gold.fr\/news\/2016\/12\/05\/lonce-stagne-au-lendemain-dun-week-end-charge\/#primaryimage","url":"https:\/\/www.gold.fr\/news\/wp-content\/uploads\/2014\/09\/IMG3.jpg","contentUrl":"https:\/\/www.gold.fr\/news\/wp-content\/uploads\/2014\/09\/IMG3.jpg","width":"660","height":"423","caption":"Etat stationnaire pour l\u2019once en attendant les r\u00e9sultats du premier tour"},{"@type":"BreadcrumbList","@id":"https:\/\/www.gold.fr\/news\/2016\/12\/05\/lonce-stagne-au-lendemain-dun-week-end-charge\/#breadcrumb","itemListElement":[{"@type":"ListItem","position":1,"name":"Accueil","item":"https:\/\/www.gold.fr\/"},{"@type":"ListItem","position":2,"name":"Actualit\u00e9s","item":"https:\/\/www.gold.fr\/news\/"},{"@type":"ListItem","position":3,"name":"L&rsquo;once stagne, au lendemain d&rsquo;un week-end charg\u00e9"}]},{"@type":"WebSite","@id":"https:\/\/www.gold.fr\/news\/#website","url":"https:\/\/www.gold.fr\/news\/","name":"Gold.fr","description":"Actualit\u00e9s de l&#039;Or et des m\u00e9taux pr\u00e9cieux","potentialAction":[{"@type":"SearchAction","target":{"@type":"EntryPoint","urlTemplate":"https:\/\/www.gold.fr\/news\/?s={search_term_string}"},"query-input":{"@type":"PropertyValueSpecification","valueRequired":true,"valueName":"search_term_string"}}],"inLanguage":"fr-FR"},{"@type":"Person","@id":"https:\/\/www.gold.fr\/news\/#\/schema\/person\/070491b4b4fb7671bf59b3be20302ce9","name":"Comptoir National de l'Or","image":{"@type":"ImageObject","inLanguage":"fr-FR","@id":"https:\/\/secure.gravatar.com\/avatar\/0a2867fd5abe37bed95d5a65e9d58f01756e11efc68af9888dfc50cfa7f65948?s=96&d=mm&r=gb490554db0a38188709de567aa58480d","url":"https:\/\/secure.gravatar.com\/avatar\/0a2867fd5abe37bed95d5a65e9d58f01756e11efc68af9888dfc50cfa7f65948?s=96&d=mm&r=g","contentUrl":"https:\/\/secure.gravatar.com\/avatar\/0a2867fd5abe37bed95d5a65e9d58f01756e11efc68af9888dfc50cfa7f65948?s=96&d=mm&r=g","caption":"Comptoir National de l'Or"},"description":"Notre r\u00e9daction est constitu\u00e9e de membres experts dans les m\u00e9tiers de l'\u00e9conomie et la gestion, des Responsables d'agence Comptoir National de l'Or, des analystes financiers qui publient r\u00e9guli\u00e8rement des \u00e9tudes sur les politiques des banques centrales, le cours de l'or, prix de l'or, cours de l'argent, prix de l'argent, cours du platine, cours du palladium,... la situation en zone euro et l'impact de la strat\u00e9gie mon\u00e9taire de la FED. Notre \u00e9quipe scrute \u00e9galement une information plus g\u00e9n\u00e9raliste \u00e0 la recherche d'actualit\u00e9 \"p\u00e9pite\" \u00e0 vous partager. Depuis 5 ans, nous avons publi\u00e9 un peu plus de 4000 articles qui s'adressent \u00e0 un public large et vari\u00e9 ayant pour objectif de satisfaire votre curiosit\u00e9 et de partager avec vous une certaine fascination pour le m\u00e9tal jaune, le rachat d'or, et pour ceux qui veulent investir dans l'or, vendre leur or tout simplement en savoir plus... Pour tous vos achat or et argent, n'h\u00e9sitez pas \u00e0 prendre rendez-vous dans l'un de nos nombreux comptoirs.","sameAs":["https:\/\/www.gold.fr"]}]}},"authors":[{"term_id":2565,"user_id":18,"is_guest":0,"slug":"julie","display_name":"Comptoir National de l'Or","avatar_url":"https:\/\/secure.gravatar.com\/avatar\/713f289e398d35ead876c4a4cc08607f0d6d266058cfc25683fffb6092d0e572?s=96&d=mm&r=g","0":null,"1":"","2":"","3":"","4":"","5":"","6":"","7":"","8":""}],"_links":{"self":[{"href":"https:\/\/www.gold.fr\/news\/wp-json\/wp\/v2\/posts\/20467","targetHints":{"allow":["GET"]}}],"collection":[{"href":"https:\/\/www.gold.fr\/news\/wp-json\/wp\/v2\/posts"}],"about":[{"href":"https:\/\/www.gold.fr\/news\/wp-json\/wp\/v2\/types\/post"}],"author":[{"embeddable":true,"href":"https:\/\/www.gold.fr\/news\/wp-json\/wp\/v2\/users\/18"}],"replies":[{"embeddable":true,"href":"https:\/\/www.gold.fr\/news\/wp-json\/wp\/v2\/comments?post=20467"}],"version-history":[{"count":0,"href":"https:\/\/www.gold.fr\/news\/wp-json\/wp\/v2\/posts\/20467\/revisions"}],"wp:featuredmedia":[{"embeddable":true,"href":"https:\/\/www.gold.fr\/news\/wp-json\/wp\/v2\/media\/15563"}],"wp:attachment":[{"href":"https:\/\/www.gold.fr\/news\/wp-json\/wp\/v2\/media?parent=20467"}],"wp:term":[{"taxonomy":"category","embeddable":true,"href":"https:\/\/www.gold.fr\/news\/wp-json\/wp\/v2\/categories?post=20467"},{"taxonomy":"post_tag","embeddable":true,"href":"https:\/\/www.gold.fr\/news\/wp-json\/wp\/v2\/tags?post=20467"},{"taxonomy":"author","embeddable":true,"href":"https:\/\/www.gold.fr\/news\/wp-json\/wp\/v2\/ppma_author?post=20467"}],"curies":[{"name":"wp","href":"https:\/\/api.w.org\/{rel}","templated":true}]}}