{"id":20421,"date":"2016-11-23T09:00:56","date_gmt":"2016-11-23T08:00:56","guid":{"rendered":"https:\/\/www.gold.fr\/news\/?p=20421"},"modified":"2021-09-24T11:10:13","modified_gmt":"2021-09-24T09:10:13","slug":"marche-de-lor-une-opportunite-dachat","status":"publish","type":"post","link":"https:\/\/www.gold.fr\/news\/2016\/11\/23\/marche-de-lor-une-opportunite-dachat\/","title":{"rendered":"March\u00e9 de l\u2019or : Une opportunit\u00e9 d\u2019achat"},"content":{"rendered":"<p>Apr\u00e8s avoir marqu\u00e9 un repli vers les <strong>1 200 dollars<\/strong>, sous l&rsquo;inattendu \u2018<em>effet Trump<\/em>&lsquo; (un effet inverse), le prix de <a href=\"http:\/\/www.gold.fr\/once-or-nyc\/\" target=\"_blank\" rel=\"noopener noreferrer\">l\u2019once<\/a> a enfin r\u00e9ussi, en ce d\u00e9but de semaine \u00e0 remonter la pente, d\u00e9passant d\u00e9j\u00e0, \u00e0 la s\u00e9ance du mardi, les <strong>1 215 dollars<\/strong>. Attendu en hausse continue, apr\u00e8s la victoire du candidat r\u00e9publicain, le m\u00e9tal jaune s&rsquo;est pourtant rapidement repli\u00e9.<\/p>\n<h2>Comment cette situation a-t-elle \u00e9volu\u00e9 ? A quoi faut-il s&rsquo;attendre, \u00e0 pr\u00e9sent ? Comment peut-on en tirer profit ?<\/h2>\n<p><img loading=\"lazy\" decoding=\"async\" class=\"alignleft wp-image-15637 size-thumbnail\" title=\"March\u00e9 de l\u2019or : Une opportunit\u00e9 d\u2019achat\" src=\"https:\/\/www.gold.fr\/news\/wp-content\/uploads\/2014\/09\/Image-article-de-presse-150x150.jpg\" alt=\"March\u00e9 de l\u2019or : Une opportunit\u00e9 d\u2019achat\" width=\"150\" height=\"150\" \/>Autopsie d&rsquo;un march\u00e9 en conjoncture \u00e0 contre-courant. Pour rappel, l&rsquo;once d&rsquo;or avait bel et bien enregistr\u00e9 une r\u00e9action dans un vert pr\u00e9visible, initialement. Les observateurs reviennent en effet sur l&rsquo;\u00e9volution du cours, le soir des \u00e9lections US, rappelant que \u00ab <em>les cours de l&rsquo;or ont bondi en fin de journ\u00e9e, le 8 novembre et \u00e0 l&rsquo;aube du 9 novembre, lorsque la victoire de Trump est devenue limpide. Cela correspondait exactement \u00e0 nos attentes. En s&rsquo;appuyant sur le sentiment et l&rsquo;\u00e9lan du march\u00e9, l&rsquo;or aurait d\u00fb conserver ces gains<\/em> \u00bb. Or, le m\u00e9tal jaune n&rsquo;a pas conserv\u00e9 ses gains, marquant une baisse assez cons\u00e9quente, au bout de deux s\u00e9ances. Un retournement de situation qui continue encore \u00e0 confondre les experts et les observateurs, dans la mesure o\u00f9 la d\u00e9tention de l&rsquo;or est traditionnellement con\u00e7ue comme l&rsquo;un des meilleurs moyens de se pr\u00e9munir contre les risques extr\u00eames. Il s&rsquo;agit de s&rsquo;approprier une forme de bouclier contre l&rsquo;inflation, puisque l&rsquo;or est avant tout une monnaie saine, dans une conjoncture mondiale o\u00f9 les banques centrales (et leurs politiques) deviennent de plus en plus incontr\u00f4lables. Ces arguments demeurent valables en tout temps et toute conjoncture. Cette situation est aujourd&rsquo;hui expliqu\u00e9e par deux facteurs-cl\u00e9 ; les taux am\u00e9ricains longs et l&rsquo;avenir de la strat\u00e9gie du <strong>FOMC<\/strong>. Les prix du m\u00e9tal jaune \u00e9tant index\u00e9s sur le billet vert (comme tous les m\u00e9taux pr\u00e9cieux), le march\u00e9 de l&rsquo;or demeure \u00e9troitement li\u00e9 \u00e0 l&rsquo;\u00e9volution des taux d&rsquo;int\u00e9r\u00eat am\u00e9ricains dont la hausse peut retirer le co\u00fbt d&rsquo;opportunit\u00e9 associ\u00e9 \u00e0 la d\u00e9tention d&rsquo;un actif tel que le lingot, tout en boostant le dollar auquel il est index\u00e9. Mais si l&rsquo;or se retrouve aujourd&rsquo;hui aux alentours du plancher des <strong>1 200 dollars<\/strong> <a href=\"http:\/\/www.gold.fr\/once-or-nyc\/\" target=\"_blank\" rel=\"noopener noreferrer\">l\u2019once<\/a>, il s&rsquo;agit, pour les analystes, d&rsquo;une v\u00e9ritable aubaine, pour les investisseurs f\u00e9rus de m\u00e9tal jaune. Le dollar vient en effet de progresser dans le vert, sur 10 s\u00e9ances cons\u00e9cutives, ce qui constitue sa plus longue s\u00e9rie de hausse, depuis mai 2012. Le billet vert ne cesse toutefois fortement de chuter, depuis lundi, et l&rsquo;or \u00e9tant index\u00e9 en dollar, il en devient automatiquement plus accessible pour les d\u00e9tenteurs de devises \u00e9trang\u00e8res. Et avec la quasi-certitude d&rsquo;une hausse des taux am\u00e9ricains, lors de la prochaine r\u00e9union du <strong>FOMC<\/strong> (en d\u00e9cembre), cette phase interm\u00e9diaire que le march\u00e9 traverse actuellement serait la meilleure opportunit\u00e9 d&rsquo;achat qui se soit jamais pr\u00e9sent\u00e9e aux investisseurs, depuis le d\u00e9but de <strong>l&rsquo;ann\u00e9e 2016<\/strong>.<\/p>\n<!-- AddThis Advanced Settings generic via filter on the_content --><!-- AddThis Share Buttons generic via filter on the_content -->","protected":false},"excerpt":{"rendered":"<p>Apr\u00e8s avoir marqu\u00e9 un repli vers les 1 200 dollars, sous l&rsquo;inattendu \u2018effet Trump&lsquo; (un effet inverse), le prix de l\u2019once a enfin r\u00e9ussi, en ce d\u00e9but de semaine \u00e0 remonter la pente, d\u00e9passant d\u00e9j\u00e0, \u00e0 [&hellip;]<\/p>\n","protected":false},"author":18,"featured_media":15637,"comment_status":"closed","ping_status":"closed","sticky":false,"template":"","format":"standard","meta":{"_mbp_gutenberg_autopost":false,"_pgmb_is_evergreen":false,"_pgmb_ap_template_id":0,"footnotes":""},"categories":[6],"tags":[17,95],"ppma_author":[2565],"class_list":["post-20421","post","type-post","status-publish","format-standard","has-post-thumbnail","hentry","category-articles-de-presse","tag-achat-dor","tag-marche-de-lor"],"yoast_head":"<!-- This site is optimized with the Yoast SEO plugin v27.5 - https:\/\/yoast.com\/product\/yoast-seo-wordpress\/ -->\n<title>March\u00e9 de l\u2019or : Une opportunit\u00e9 d\u2019achat, comment la situation a \u00e9volu\u00e9 ?<\/title>\n<meta name=\"description\" content=\"March\u00e9 de l\u2019or : Une opportunit\u00e9 d\u2019achat, Comment cette situation a-t-elle \u00e9volu\u00e9 ? A quoi faut-il s&#039;attendre, \u00e0 pr\u00e9sent ?\" \/>\n<meta name=\"robots\" content=\"index, follow, max-snippet:-1, max-image-preview:large, max-video-preview:-1\" \/>\n<link rel=\"canonical\" href=\"https:\/\/www.gold.fr\/news\/2016\/11\/23\/marche-de-lor-une-opportunite-dachat\/\" \/>\n<meta property=\"og:locale\" content=\"fr_FR\" \/>\n<meta property=\"og:type\" content=\"article\" \/>\n<meta property=\"og:title\" content=\"March\u00e9 de l\u2019or : Une opportunit\u00e9 d\u2019achat, comment la situation a \u00e9volu\u00e9 ?\" \/>\n<meta property=\"og:description\" content=\"March\u00e9 de l\u2019or : Une opportunit\u00e9 d\u2019achat, Comment cette situation a-t-elle \u00e9volu\u00e9 ? A quoi faut-il s&#039;attendre, \u00e0 pr\u00e9sent ?\" \/>\n<meta property=\"og:url\" content=\"https:\/\/www.gold.fr\/news\/2016\/11\/23\/marche-de-lor-une-opportunite-dachat\/\" \/>\n<meta property=\"og:site_name\" content=\"Gold.fr\" \/>\n<meta property=\"article:publisher\" content=\"https:\/\/www.facebook.com\/Goldfr\/\" \/>\n<meta property=\"article:published_time\" content=\"2016-11-23T08:00:56+00:00\" \/>\n<meta property=\"article:modified_time\" content=\"2021-09-24T09:10:13+00:00\" \/>\n<meta property=\"og:image\" content=\"https:\/\/www.gold.fr\/news\/wp-content\/uploads\/2014\/09\/Image-article-de-presse.jpg\" \/>\n\t<meta property=\"og:image:width\" content=\"652\" \/>\n\t<meta property=\"og:image:height\" content=\"228\" \/>\n\t<meta property=\"og:image:type\" content=\"image\/jpeg\" \/>\n<meta name=\"author\" content=\"Comptoir National de l&#039;Or\" \/>\n<meta name=\"twitter:card\" content=\"summary_large_image\" \/>\n<meta name=\"twitter:label1\" content=\"\u00c9crit par\" \/>\n\t<meta name=\"twitter:data1\" content=\"Comptoir National de l&#039;Or\" \/>\n\t<meta name=\"twitter:label2\" content=\"Dur\u00e9e de lecture estim\u00e9e\" \/>\n\t<meta name=\"twitter:data2\" content=\"3 minutes\" \/>\n<script type=\"application\/ld+json\" class=\"yoast-schema-graph\">{\"@context\":\"https:\\\/\\\/schema.org\",\"@graph\":[{\"@type\":\"Article\",\"@id\":\"https:\\\/\\\/www.gold.fr\\\/news\\\/2016\\\/11\\\/23\\\/marche-de-lor-une-opportunite-dachat\\\/#article\",\"isPartOf\":{\"@id\":\"https:\\\/\\\/www.gold.fr\\\/news\\\/2016\\\/11\\\/23\\\/marche-de-lor-une-opportunite-dachat\\\/\"},\"author\":{\"name\":\"Comptoir National de l'Or\",\"@id\":\"https:\\\/\\\/www.gold.fr\\\/news\\\/#\\\/schema\\\/person\\\/070491b4b4fb7671bf59b3be20302ce9\"},\"headline\":\"March\u00e9 de l\u2019or : Une opportunit\u00e9 d\u2019achat\",\"datePublished\":\"2016-11-23T08:00:56+00:00\",\"dateModified\":\"2021-09-24T09:10:13+00:00\",\"mainEntityOfPage\":{\"@id\":\"https:\\\/\\\/www.gold.fr\\\/news\\\/2016\\\/11\\\/23\\\/marche-de-lor-une-opportunite-dachat\\\/\"},\"wordCount\":542,\"image\":{\"@id\":\"https:\\\/\\\/www.gold.fr\\\/news\\\/2016\\\/11\\\/23\\\/marche-de-lor-une-opportunite-dachat\\\/#primaryimage\"},\"thumbnailUrl\":\"https:\\\/\\\/www.gold.fr\\\/news\\\/wp-content\\\/uploads\\\/2014\\\/09\\\/Image-article-de-presse.jpg\",\"keywords\":[\"Achat d'Or\",\"march\u00e9 de l'or\"],\"articleSection\":[\"Articles de presse\"],\"inLanguage\":\"fr-FR\"},{\"@type\":\"WebPage\",\"@id\":\"https:\\\/\\\/www.gold.fr\\\/news\\\/2016\\\/11\\\/23\\\/marche-de-lor-une-opportunite-dachat\\\/\",\"url\":\"https:\\\/\\\/www.gold.fr\\\/news\\\/2016\\\/11\\\/23\\\/marche-de-lor-une-opportunite-dachat\\\/\",\"name\":\"March\u00e9 de l\u2019or : Une opportunit\u00e9 d\u2019achat, comment la situation a \u00e9volu\u00e9 ?\",\"isPartOf\":{\"@id\":\"https:\\\/\\\/www.gold.fr\\\/news\\\/#website\"},\"primaryImageOfPage\":{\"@id\":\"https:\\\/\\\/www.gold.fr\\\/news\\\/2016\\\/11\\\/23\\\/marche-de-lor-une-opportunite-dachat\\\/#primaryimage\"},\"image\":{\"@id\":\"https:\\\/\\\/www.gold.fr\\\/news\\\/2016\\\/11\\\/23\\\/marche-de-lor-une-opportunite-dachat\\\/#primaryimage\"},\"thumbnailUrl\":\"https:\\\/\\\/www.gold.fr\\\/news\\\/wp-content\\\/uploads\\\/2014\\\/09\\\/Image-article-de-presse.jpg\",\"datePublished\":\"2016-11-23T08:00:56+00:00\",\"dateModified\":\"2021-09-24T09:10:13+00:00\",\"author\":{\"@id\":\"https:\\\/\\\/www.gold.fr\\\/news\\\/#\\\/schema\\\/person\\\/070491b4b4fb7671bf59b3be20302ce9\"},\"description\":\"March\u00e9 de l\u2019or : Une opportunit\u00e9 d\u2019achat, Comment cette situation a-t-elle \u00e9volu\u00e9 ? A quoi faut-il s'attendre, \u00e0 pr\u00e9sent ?\",\"breadcrumb\":{\"@id\":\"https:\\\/\\\/www.gold.fr\\\/news\\\/2016\\\/11\\\/23\\\/marche-de-lor-une-opportunite-dachat\\\/#breadcrumb\"},\"inLanguage\":\"fr-FR\",\"potentialAction\":[{\"@type\":\"ReadAction\",\"target\":[\"https:\\\/\\\/www.gold.fr\\\/news\\\/2016\\\/11\\\/23\\\/marche-de-lor-une-opportunite-dachat\\\/\"]}]},{\"@type\":\"ImageObject\",\"inLanguage\":\"fr-FR\",\"@id\":\"https:\\\/\\\/www.gold.fr\\\/news\\\/2016\\\/11\\\/23\\\/marche-de-lor-une-opportunite-dachat\\\/#primaryimage\",\"url\":\"https:\\\/\\\/www.gold.fr\\\/news\\\/wp-content\\\/uploads\\\/2014\\\/09\\\/Image-article-de-presse.jpg\",\"contentUrl\":\"https:\\\/\\\/www.gold.fr\\\/news\\\/wp-content\\\/uploads\\\/2014\\\/09\\\/Image-article-de-presse.jpg\",\"width\":\"652\",\"height\":\"228\",\"caption\":\"L\u2019once entame positivement l'ann\u00e9e 2017\"},{\"@type\":\"BreadcrumbList\",\"@id\":\"https:\\\/\\\/www.gold.fr\\\/news\\\/2016\\\/11\\\/23\\\/marche-de-lor-une-opportunite-dachat\\\/#breadcrumb\",\"itemListElement\":[{\"@type\":\"ListItem\",\"position\":1,\"name\":\"Accueil\",\"item\":\"https:\\\/\\\/www.gold.fr\\\/\"},{\"@type\":\"ListItem\",\"position\":2,\"name\":\"Actualit\u00e9s\",\"item\":\"https:\\\/\\\/www.gold.fr\\\/news\\\/\"},{\"@type\":\"ListItem\",\"position\":3,\"name\":\"March\u00e9 de l\u2019or : Une opportunit\u00e9 d\u2019achat\"}]},{\"@type\":\"WebSite\",\"@id\":\"https:\\\/\\\/www.gold.fr\\\/news\\\/#website\",\"url\":\"https:\\\/\\\/www.gold.fr\\\/news\\\/\",\"name\":\"Gold.fr\",\"description\":\"Actualit\u00e9s de l&#039;Or et des m\u00e9taux pr\u00e9cieux\",\"potentialAction\":[{\"@type\":\"SearchAction\",\"target\":{\"@type\":\"EntryPoint\",\"urlTemplate\":\"https:\\\/\\\/www.gold.fr\\\/news\\\/?s={search_term_string}\"},\"query-input\":{\"@type\":\"PropertyValueSpecification\",\"valueRequired\":true,\"valueName\":\"search_term_string\"}}],\"inLanguage\":\"fr-FR\"},{\"@type\":\"Person\",\"@id\":\"https:\\\/\\\/www.gold.fr\\\/news\\\/#\\\/schema\\\/person\\\/070491b4b4fb7671bf59b3be20302ce9\",\"name\":\"Comptoir National de l'Or\",\"image\":{\"@type\":\"ImageObject\",\"inLanguage\":\"fr-FR\",\"@id\":\"https:\\\/\\\/secure.gravatar.com\\\/avatar\\\/0a2867fd5abe37bed95d5a65e9d58f01756e11efc68af9888dfc50cfa7f65948?s=96&d=mm&r=gb490554db0a38188709de567aa58480d\",\"url\":\"https:\\\/\\\/secure.gravatar.com\\\/avatar\\\/0a2867fd5abe37bed95d5a65e9d58f01756e11efc68af9888dfc50cfa7f65948?s=96&d=mm&r=g\",\"contentUrl\":\"https:\\\/\\\/secure.gravatar.com\\\/avatar\\\/0a2867fd5abe37bed95d5a65e9d58f01756e11efc68af9888dfc50cfa7f65948?s=96&d=mm&r=g\",\"caption\":\"Comptoir National de l'Or\"},\"description\":\"Notre r\u00e9daction est constitu\u00e9e de membres experts dans les m\u00e9tiers de l'\u00e9conomie et la gestion, des Responsables d'agence Comptoir National de l'Or, des analystes financiers qui publient r\u00e9guli\u00e8rement des \u00e9tudes sur les politiques des banques centrales, le cours de l'or, prix de l'or, cours de l'argent, prix de l'argent, cours du platine, cours du palladium,... la situation en zone euro et l'impact de la strat\u00e9gie mon\u00e9taire de la FED. Notre \u00e9quipe scrute \u00e9galement une information plus g\u00e9n\u00e9raliste \u00e0 la recherche d'actualit\u00e9 \\\"p\u00e9pite\\\" \u00e0 vous partager. Depuis 5 ans, nous avons publi\u00e9 un peu plus de 4000 articles qui s'adressent \u00e0 un public large et vari\u00e9 ayant pour objectif de satisfaire votre curiosit\u00e9 et de partager avec vous une certaine fascination pour le m\u00e9tal jaune, le rachat d'or, et pour ceux qui veulent investir dans l'or, vendre leur or tout simplement en savoir plus... Pour tous vos achat or et argent, n'h\u00e9sitez pas \u00e0 prendre rendez-vous dans l'un de nos nombreux comptoirs.\",\"sameAs\":[\"https:\\\/\\\/www.gold.fr\"]}]}<\/script>\n<!-- \/ Yoast SEO plugin. -->","yoast_head_json":{"title":"March\u00e9 de l\u2019or : Une opportunit\u00e9 d\u2019achat, comment la situation a \u00e9volu\u00e9 ?","description":"March\u00e9 de l\u2019or : Une opportunit\u00e9 d\u2019achat, Comment cette situation a-t-elle \u00e9volu\u00e9 ? A quoi faut-il s'attendre, \u00e0 pr\u00e9sent ?","robots":{"index":"index","follow":"follow","max-snippet":"max-snippet:-1","max-image-preview":"max-image-preview:large","max-video-preview":"max-video-preview:-1"},"canonical":"https:\/\/www.gold.fr\/news\/2016\/11\/23\/marche-de-lor-une-opportunite-dachat\/","og_locale":"fr_FR","og_type":"article","og_title":"March\u00e9 de l\u2019or : Une opportunit\u00e9 d\u2019achat, comment la situation a \u00e9volu\u00e9 ?","og_description":"March\u00e9 de l\u2019or : Une opportunit\u00e9 d\u2019achat, Comment cette situation a-t-elle \u00e9volu\u00e9 ? A quoi faut-il s'attendre, \u00e0 pr\u00e9sent ?","og_url":"https:\/\/www.gold.fr\/news\/2016\/11\/23\/marche-de-lor-une-opportunite-dachat\/","og_site_name":"Gold.fr","article_publisher":"https:\/\/www.facebook.com\/Goldfr\/","article_published_time":"2016-11-23T08:00:56+00:00","article_modified_time":"2021-09-24T09:10:13+00:00","og_image":[{"width":652,"height":228,"url":"https:\/\/www.gold.fr\/news\/wp-content\/uploads\/2014\/09\/Image-article-de-presse.jpg","type":"image\/jpeg"}],"author":"Comptoir National de l'Or","twitter_card":"summary_large_image","twitter_misc":{"\u00c9crit par":"Comptoir National de l'Or","Dur\u00e9e de lecture estim\u00e9e":"3 minutes"},"schema":{"@context":"https:\/\/schema.org","@graph":[{"@type":"Article","@id":"https:\/\/www.gold.fr\/news\/2016\/11\/23\/marche-de-lor-une-opportunite-dachat\/#article","isPartOf":{"@id":"https:\/\/www.gold.fr\/news\/2016\/11\/23\/marche-de-lor-une-opportunite-dachat\/"},"author":{"name":"Comptoir National de l'Or","@id":"https:\/\/www.gold.fr\/news\/#\/schema\/person\/070491b4b4fb7671bf59b3be20302ce9"},"headline":"March\u00e9 de l\u2019or : Une opportunit\u00e9 d\u2019achat","datePublished":"2016-11-23T08:00:56+00:00","dateModified":"2021-09-24T09:10:13+00:00","mainEntityOfPage":{"@id":"https:\/\/www.gold.fr\/news\/2016\/11\/23\/marche-de-lor-une-opportunite-dachat\/"},"wordCount":542,"image":{"@id":"https:\/\/www.gold.fr\/news\/2016\/11\/23\/marche-de-lor-une-opportunite-dachat\/#primaryimage"},"thumbnailUrl":"https:\/\/www.gold.fr\/news\/wp-content\/uploads\/2014\/09\/Image-article-de-presse.jpg","keywords":["Achat d'Or","march\u00e9 de l'or"],"articleSection":["Articles de presse"],"inLanguage":"fr-FR"},{"@type":"WebPage","@id":"https:\/\/www.gold.fr\/news\/2016\/11\/23\/marche-de-lor-une-opportunite-dachat\/","url":"https:\/\/www.gold.fr\/news\/2016\/11\/23\/marche-de-lor-une-opportunite-dachat\/","name":"March\u00e9 de l\u2019or : Une opportunit\u00e9 d\u2019achat, comment la situation a \u00e9volu\u00e9 ?","isPartOf":{"@id":"https:\/\/www.gold.fr\/news\/#website"},"primaryImageOfPage":{"@id":"https:\/\/www.gold.fr\/news\/2016\/11\/23\/marche-de-lor-une-opportunite-dachat\/#primaryimage"},"image":{"@id":"https:\/\/www.gold.fr\/news\/2016\/11\/23\/marche-de-lor-une-opportunite-dachat\/#primaryimage"},"thumbnailUrl":"https:\/\/www.gold.fr\/news\/wp-content\/uploads\/2014\/09\/Image-article-de-presse.jpg","datePublished":"2016-11-23T08:00:56+00:00","dateModified":"2021-09-24T09:10:13+00:00","author":{"@id":"https:\/\/www.gold.fr\/news\/#\/schema\/person\/070491b4b4fb7671bf59b3be20302ce9"},"description":"March\u00e9 de l\u2019or : Une opportunit\u00e9 d\u2019achat, Comment cette situation a-t-elle \u00e9volu\u00e9 ? A quoi faut-il s'attendre, \u00e0 pr\u00e9sent ?","breadcrumb":{"@id":"https:\/\/www.gold.fr\/news\/2016\/11\/23\/marche-de-lor-une-opportunite-dachat\/#breadcrumb"},"inLanguage":"fr-FR","potentialAction":[{"@type":"ReadAction","target":["https:\/\/www.gold.fr\/news\/2016\/11\/23\/marche-de-lor-une-opportunite-dachat\/"]}]},{"@type":"ImageObject","inLanguage":"fr-FR","@id":"https:\/\/www.gold.fr\/news\/2016\/11\/23\/marche-de-lor-une-opportunite-dachat\/#primaryimage","url":"https:\/\/www.gold.fr\/news\/wp-content\/uploads\/2014\/09\/Image-article-de-presse.jpg","contentUrl":"https:\/\/www.gold.fr\/news\/wp-content\/uploads\/2014\/09\/Image-article-de-presse.jpg","width":"652","height":"228","caption":"L\u2019once entame positivement l'ann\u00e9e 2017"},{"@type":"BreadcrumbList","@id":"https:\/\/www.gold.fr\/news\/2016\/11\/23\/marche-de-lor-une-opportunite-dachat\/#breadcrumb","itemListElement":[{"@type":"ListItem","position":1,"name":"Accueil","item":"https:\/\/www.gold.fr\/"},{"@type":"ListItem","position":2,"name":"Actualit\u00e9s","item":"https:\/\/www.gold.fr\/news\/"},{"@type":"ListItem","position":3,"name":"March\u00e9 de l\u2019or : Une opportunit\u00e9 d\u2019achat"}]},{"@type":"WebSite","@id":"https:\/\/www.gold.fr\/news\/#website","url":"https:\/\/www.gold.fr\/news\/","name":"Gold.fr","description":"Actualit\u00e9s de l&#039;Or et des m\u00e9taux pr\u00e9cieux","potentialAction":[{"@type":"SearchAction","target":{"@type":"EntryPoint","urlTemplate":"https:\/\/www.gold.fr\/news\/?s={search_term_string}"},"query-input":{"@type":"PropertyValueSpecification","valueRequired":true,"valueName":"search_term_string"}}],"inLanguage":"fr-FR"},{"@type":"Person","@id":"https:\/\/www.gold.fr\/news\/#\/schema\/person\/070491b4b4fb7671bf59b3be20302ce9","name":"Comptoir National de l'Or","image":{"@type":"ImageObject","inLanguage":"fr-FR","@id":"https:\/\/secure.gravatar.com\/avatar\/0a2867fd5abe37bed95d5a65e9d58f01756e11efc68af9888dfc50cfa7f65948?s=96&d=mm&r=gb490554db0a38188709de567aa58480d","url":"https:\/\/secure.gravatar.com\/avatar\/0a2867fd5abe37bed95d5a65e9d58f01756e11efc68af9888dfc50cfa7f65948?s=96&d=mm&r=g","contentUrl":"https:\/\/secure.gravatar.com\/avatar\/0a2867fd5abe37bed95d5a65e9d58f01756e11efc68af9888dfc50cfa7f65948?s=96&d=mm&r=g","caption":"Comptoir National de l'Or"},"description":"Notre r\u00e9daction est constitu\u00e9e de membres experts dans les m\u00e9tiers de l'\u00e9conomie et la gestion, des Responsables d'agence Comptoir National de l'Or, des analystes financiers qui publient r\u00e9guli\u00e8rement des \u00e9tudes sur les politiques des banques centrales, le cours de l'or, prix de l'or, cours de l'argent, prix de l'argent, cours du platine, cours du palladium,... la situation en zone euro et l'impact de la strat\u00e9gie mon\u00e9taire de la FED. Notre \u00e9quipe scrute \u00e9galement une information plus g\u00e9n\u00e9raliste \u00e0 la recherche d'actualit\u00e9 \"p\u00e9pite\" \u00e0 vous partager. Depuis 5 ans, nous avons publi\u00e9 un peu plus de 4000 articles qui s'adressent \u00e0 un public large et vari\u00e9 ayant pour objectif de satisfaire votre curiosit\u00e9 et de partager avec vous une certaine fascination pour le m\u00e9tal jaune, le rachat d'or, et pour ceux qui veulent investir dans l'or, vendre leur or tout simplement en savoir plus... Pour tous vos achat or et argent, n'h\u00e9sitez pas \u00e0 prendre rendez-vous dans l'un de nos nombreux comptoirs.","sameAs":["https:\/\/www.gold.fr"]}]}},"authors":[{"term_id":2565,"user_id":18,"is_guest":0,"slug":"julie","display_name":"Comptoir National de l'Or","avatar_url":"https:\/\/secure.gravatar.com\/avatar\/713f289e398d35ead876c4a4cc08607f0d6d266058cfc25683fffb6092d0e572?s=96&d=mm&r=g","0":null,"1":"","2":"","3":"","4":"","5":"","6":"","7":"","8":""}],"_links":{"self":[{"href":"https:\/\/www.gold.fr\/news\/wp-json\/wp\/v2\/posts\/20421","targetHints":{"allow":["GET"]}}],"collection":[{"href":"https:\/\/www.gold.fr\/news\/wp-json\/wp\/v2\/posts"}],"about":[{"href":"https:\/\/www.gold.fr\/news\/wp-json\/wp\/v2\/types\/post"}],"author":[{"embeddable":true,"href":"https:\/\/www.gold.fr\/news\/wp-json\/wp\/v2\/users\/18"}],"replies":[{"embeddable":true,"href":"https:\/\/www.gold.fr\/news\/wp-json\/wp\/v2\/comments?post=20421"}],"version-history":[{"count":0,"href":"https:\/\/www.gold.fr\/news\/wp-json\/wp\/v2\/posts\/20421\/revisions"}],"wp:featuredmedia":[{"embeddable":true,"href":"https:\/\/www.gold.fr\/news\/wp-json\/wp\/v2\/media\/15637"}],"wp:attachment":[{"href":"https:\/\/www.gold.fr\/news\/wp-json\/wp\/v2\/media?parent=20421"}],"wp:term":[{"taxonomy":"category","embeddable":true,"href":"https:\/\/www.gold.fr\/news\/wp-json\/wp\/v2\/categories?post=20421"},{"taxonomy":"post_tag","embeddable":true,"href":"https:\/\/www.gold.fr\/news\/wp-json\/wp\/v2\/tags?post=20421"},{"taxonomy":"author","embeddable":true,"href":"https:\/\/www.gold.fr\/news\/wp-json\/wp\/v2\/ppma_author?post=20421"}],"curies":[{"name":"wp","href":"https:\/\/api.w.org\/{rel}","templated":true}]}}