{"id":20418,"date":"2016-11-22T13:00:25","date_gmt":"2016-11-22T12:00:25","guid":{"rendered":"https:\/\/www.gold.fr\/news\/?p=20418"},"modified":"2021-01-13T13:37:17","modified_gmt":"2021-01-13T12:37:17","slug":"lonce-tente-rebond","status":"publish","type":"post","link":"https:\/\/www.gold.fr\/news\/2016\/11\/22\/lonce-tente-rebond\/","title":{"rendered":"L&rsquo;once tente un rebond"},"content":{"rendered":"<p><img loading=\"lazy\" decoding=\"async\" class=\"alignleft wp-image-8890 size-thumbnail\" title=\"L'once tente un rebond\" src=\"https:\/\/www.gold.fr\/news\/wp-content\/uploads\/2012\/08\/2010-150x150.jpg\" alt=\"L'once tente un rebond\" width=\"150\" height=\"150\" srcset=\"https:\/\/www.gold.fr\/news\/wp-content\/uploads\/2012\/08\/2010-150x150.jpg 150w, https:\/\/www.gold.fr\/news\/wp-content\/uploads\/2012\/08\/2010-80x80.jpg 80w, https:\/\/www.gold.fr\/news\/wp-content\/uploads\/2012\/08\/2010-1x1.jpg 1w\" sizes=\"auto, (max-width: 150px) 100vw, 150px\" \/>Soutenu par les inqui\u00e9tudes europ\u00e9ennes autour du tr\u00e8s imminent (le 4 d\u00e9cembre) r\u00e9f\u00e9rendum constitutionnel italien, le march\u00e9 de l&rsquo;or r\u00e9ussit, au d\u00e9but de cette s\u00e9ance, \u00e0 accumuler des gains qui l&rsquo;\u00e9loignent graduellement du plancher technique des <strong>1 200 dollars<\/strong> <a href=\"http:\/\/www.gold.fr\/once-or-nyc\/\" target=\"_blank\" rel=\"noopener noreferrer\">l&rsquo;once<\/a>.    Pourtant, les indices boursiers am\u00e9ricains continuent, de leur c\u00f4t\u00e9, \u00e0 \u00eatre relativement herm\u00e9tiques \u00e0 ces angoisses europ\u00e9ennes. Encha\u00eenant les records historiques, depuis la semaine derni\u00e8re, les indices de <strong>Wall Street<\/strong> ne semblent donc pas partager les craintes de la zone euro de voir l&rsquo;Italie jouer un tour de <strong>Brexit.02<\/strong>.    En tout cas, le calendrier statistique de cette nouvelle semaine \u00e9conomique s&rsquo;annonce d\u00e9j\u00e0 tr\u00e8s charg\u00e9 avec, notamment, les derniers <strong>PMI<\/strong> europ\u00e9ens, certains chiffres du PIB ou l&rsquo;indice Ifo du climat des affaires en Allemagne (aujourd&rsquo;hui).    C\u00f4t\u00e9 am\u00e9ricain, les rapports se feront plus rares en raison, essentiellement, de la f\u00eate de Thanksgiving qui \u00e9courtera la semaine boursi\u00e8re, d&rsquo;ailleurs, et qui sera surtout suivie du fameux \u00ab\u00a0<em>Black Friday \u00bb<\/em>, marquant ainsi le coup d&rsquo;envoi traditionnel de la saison des achats de fin d&rsquo;ann\u00e9e aux <strong>Etats-Unis<\/strong>.    En attendant, l&rsquo;or semble avoir enfin quitt\u00e9 la charni\u00e8re qui a marqu\u00e9 son \u00e9volution tout au long de la semaine derni\u00e8re, et ouvre la s\u00e9ance de ce <strong>mardi 22 novembre 2016<\/strong> avec un <a href=\"http:\/\/www.gold.fr\/cours-or-prix-de-l-or\/\" target=\"_blank\" rel=\"noopener noreferrer\">cours<\/a> haussier de <strong>1,216.35 dollars<\/strong> <a href=\"http:\/\/www.gold.fr\/once-or-nyc\/\" target=\"_blank\" rel=\"noopener noreferrer\">l&rsquo;once<\/a>.<\/p>\n<!-- AddThis Advanced Settings generic via filter on the_content --><!-- AddThis Share Buttons generic via filter on the_content -->","protected":false},"excerpt":{"rendered":"<p>Soutenu par les inqui\u00e9tudes europ\u00e9ennes autour du tr\u00e8s imminent (le 4 d\u00e9cembre) r\u00e9f\u00e9rendum constitutionnel italien, le march\u00e9 de l&rsquo;or r\u00e9ussit, au d\u00e9but de cette s\u00e9ance, \u00e0 accumuler des gains qui l&rsquo;\u00e9loignent graduellement du plancher technique des [&hellip;]<\/p>\n","protected":false},"author":18,"featured_media":8890,"comment_status":"closed","ping_status":"closed","sticky":false,"template":"","format":"standard","meta":{"_mbp_gutenberg_autopost":false,"_pgmb_is_evergreen":false,"_pgmb_ap_template_id":0,"footnotes":""},"categories":[5],"tags":[1772,76],"ppma_author":[2565],"class_list":["post-20418","post","type-post","status-publish","format-standard","has-post-thumbnail","hentry","category-flash-infos","tag-cours-once-dor","tag-or"],"yoast_head":"<!-- This site is optimized with the Yoast SEO plugin v27.5 - https:\/\/yoast.com\/product\/yoast-seo-wordpress\/ -->\n<title>L&#039;once tente un rebond<\/title>\n<meta name=\"description\" content=\"Soutenu par les inqui\u00e9tudes europ\u00e9ennes autour du tr\u00e8s imminent (le 4 d\u00e9cembre) r\u00e9f\u00e9rendum constitutionnel italien, le march\u00e9 de l&#039;or r\u00e9u...\" \/>\n<meta name=\"robots\" content=\"index, follow, max-snippet:-1, max-image-preview:large, max-video-preview:-1\" \/>\n<link rel=\"canonical\" href=\"https:\/\/www.gold.fr\/news\/2016\/11\/22\/lonce-tente-rebond\/\" \/>\n<meta property=\"og:locale\" content=\"fr_FR\" \/>\n<meta property=\"og:type\" content=\"article\" \/>\n<meta property=\"og:title\" content=\"L&#039;once tente un rebond\" \/>\n<meta property=\"og:description\" content=\"Soutenu par les inqui\u00e9tudes europ\u00e9ennes autour du tr\u00e8s imminent (le 4 d\u00e9cembre) r\u00e9f\u00e9rendum constitutionnel italien, le march\u00e9 de l&#039;or r\u00e9u...\" \/>\n<meta property=\"og:url\" content=\"https:\/\/www.gold.fr\/news\/2016\/11\/22\/lonce-tente-rebond\/\" \/>\n<meta property=\"og:site_name\" content=\"Gold.fr\" \/>\n<meta property=\"article:publisher\" content=\"https:\/\/www.facebook.com\/Goldfr\/\" \/>\n<meta property=\"article:published_time\" content=\"2016-11-22T12:00:25+00:00\" \/>\n<meta property=\"article:modified_time\" content=\"2021-01-13T12:37:17+00:00\" \/>\n<meta property=\"og:image\" content=\"https:\/\/www.gold.fr\/news\/wp-content\/uploads\/2012\/08\/2010.jpg\" \/>\n\t<meta property=\"og:image:width\" content=\"225\" \/>\n\t<meta property=\"og:image:height\" content=\"150\" \/>\n\t<meta property=\"og:image:type\" content=\"image\/jpeg\" \/>\n<meta name=\"author\" content=\"Comptoir National de l&#039;Or\" \/>\n<meta name=\"twitter:card\" content=\"summary_large_image\" \/>\n<meta name=\"twitter:label1\" content=\"\u00c9crit par\" \/>\n\t<meta name=\"twitter:data1\" content=\"Comptoir National de l&#039;Or\" \/>\n\t<meta name=\"twitter:label2\" content=\"Dur\u00e9e de lecture estim\u00e9e\" \/>\n\t<meta name=\"twitter:data2\" content=\"1 minute\" \/>\n<script type=\"application\/ld+json\" class=\"yoast-schema-graph\">{\"@context\":\"https:\\\/\\\/schema.org\",\"@graph\":[{\"@type\":\"Article\",\"@id\":\"https:\\\/\\\/www.gold.fr\\\/news\\\/2016\\\/11\\\/22\\\/lonce-tente-rebond\\\/#article\",\"isPartOf\":{\"@id\":\"https:\\\/\\\/www.gold.fr\\\/news\\\/2016\\\/11\\\/22\\\/lonce-tente-rebond\\\/\"},\"author\":{\"name\":\"Comptoir National de l'Or\",\"@id\":\"https:\\\/\\\/www.gold.fr\\\/news\\\/#\\\/schema\\\/person\\\/070491b4b4fb7671bf59b3be20302ce9\"},\"headline\":\"L&rsquo;once tente un rebond\",\"datePublished\":\"2016-11-22T12:00:25+00:00\",\"dateModified\":\"2021-01-13T12:37:17+00:00\",\"mainEntityOfPage\":{\"@id\":\"https:\\\/\\\/www.gold.fr\\\/news\\\/2016\\\/11\\\/22\\\/lonce-tente-rebond\\\/\"},\"wordCount\":244,\"image\":{\"@id\":\"https:\\\/\\\/www.gold.fr\\\/news\\\/2016\\\/11\\\/22\\\/lonce-tente-rebond\\\/#primaryimage\"},\"thumbnailUrl\":\"https:\\\/\\\/www.gold.fr\\\/news\\\/wp-content\\\/uploads\\\/2012\\\/08\\\/2010.jpg\",\"keywords\":[\"cours once d'or\",\"Or\"],\"articleSection\":[\"Flash infos\"],\"inLanguage\":\"fr-FR\"},{\"@type\":\"WebPage\",\"@id\":\"https:\\\/\\\/www.gold.fr\\\/news\\\/2016\\\/11\\\/22\\\/lonce-tente-rebond\\\/\",\"url\":\"https:\\\/\\\/www.gold.fr\\\/news\\\/2016\\\/11\\\/22\\\/lonce-tente-rebond\\\/\",\"name\":\"L'once tente un rebond\",\"isPartOf\":{\"@id\":\"https:\\\/\\\/www.gold.fr\\\/news\\\/#website\"},\"primaryImageOfPage\":{\"@id\":\"https:\\\/\\\/www.gold.fr\\\/news\\\/2016\\\/11\\\/22\\\/lonce-tente-rebond\\\/#primaryimage\"},\"image\":{\"@id\":\"https:\\\/\\\/www.gold.fr\\\/news\\\/2016\\\/11\\\/22\\\/lonce-tente-rebond\\\/#primaryimage\"},\"thumbnailUrl\":\"https:\\\/\\\/www.gold.fr\\\/news\\\/wp-content\\\/uploads\\\/2012\\\/08\\\/2010.jpg\",\"datePublished\":\"2016-11-22T12:00:25+00:00\",\"dateModified\":\"2021-01-13T12:37:17+00:00\",\"author\":{\"@id\":\"https:\\\/\\\/www.gold.fr\\\/news\\\/#\\\/schema\\\/person\\\/070491b4b4fb7671bf59b3be20302ce9\"},\"description\":\"Soutenu par les inqui\u00e9tudes europ\u00e9ennes autour du tr\u00e8s imminent (le 4 d\u00e9cembre) r\u00e9f\u00e9rendum constitutionnel italien, le march\u00e9 de l'or r\u00e9u...\",\"breadcrumb\":{\"@id\":\"https:\\\/\\\/www.gold.fr\\\/news\\\/2016\\\/11\\\/22\\\/lonce-tente-rebond\\\/#breadcrumb\"},\"inLanguage\":\"fr-FR\",\"potentialAction\":[{\"@type\":\"ReadAction\",\"target\":[\"https:\\\/\\\/www.gold.fr\\\/news\\\/2016\\\/11\\\/22\\\/lonce-tente-rebond\\\/\"]}]},{\"@type\":\"ImageObject\",\"inLanguage\":\"fr-FR\",\"@id\":\"https:\\\/\\\/www.gold.fr\\\/news\\\/2016\\\/11\\\/22\\\/lonce-tente-rebond\\\/#primaryimage\",\"url\":\"https:\\\/\\\/www.gold.fr\\\/news\\\/wp-content\\\/uploads\\\/2012\\\/08\\\/2010.jpg\",\"contentUrl\":\"https:\\\/\\\/www.gold.fr\\\/news\\\/wp-content\\\/uploads\\\/2012\\\/08\\\/2010.jpg\",\"width\":\"225\",\"height\":\"150\",\"caption\":\"L'once tente un rebond\"},{\"@type\":\"BreadcrumbList\",\"@id\":\"https:\\\/\\\/www.gold.fr\\\/news\\\/2016\\\/11\\\/22\\\/lonce-tente-rebond\\\/#breadcrumb\",\"itemListElement\":[{\"@type\":\"ListItem\",\"position\":1,\"name\":\"Accueil\",\"item\":\"https:\\\/\\\/www.gold.fr\\\/\"},{\"@type\":\"ListItem\",\"position\":2,\"name\":\"Actualit\u00e9s\",\"item\":\"https:\\\/\\\/www.gold.fr\\\/news\\\/\"},{\"@type\":\"ListItem\",\"position\":3,\"name\":\"L&rsquo;once tente un rebond\"}]},{\"@type\":\"WebSite\",\"@id\":\"https:\\\/\\\/www.gold.fr\\\/news\\\/#website\",\"url\":\"https:\\\/\\\/www.gold.fr\\\/news\\\/\",\"name\":\"Gold.fr\",\"description\":\"Actualit\u00e9s de l&#039;Or et des m\u00e9taux pr\u00e9cieux\",\"potentialAction\":[{\"@type\":\"SearchAction\",\"target\":{\"@type\":\"EntryPoint\",\"urlTemplate\":\"https:\\\/\\\/www.gold.fr\\\/news\\\/?s={search_term_string}\"},\"query-input\":{\"@type\":\"PropertyValueSpecification\",\"valueRequired\":true,\"valueName\":\"search_term_string\"}}],\"inLanguage\":\"fr-FR\"},{\"@type\":\"Person\",\"@id\":\"https:\\\/\\\/www.gold.fr\\\/news\\\/#\\\/schema\\\/person\\\/070491b4b4fb7671bf59b3be20302ce9\",\"name\":\"Comptoir National de l'Or\",\"image\":{\"@type\":\"ImageObject\",\"inLanguage\":\"fr-FR\",\"@id\":\"https:\\\/\\\/secure.gravatar.com\\\/avatar\\\/0a2867fd5abe37bed95d5a65e9d58f01756e11efc68af9888dfc50cfa7f65948?s=96&d=mm&r=gb490554db0a38188709de567aa58480d\",\"url\":\"https:\\\/\\\/secure.gravatar.com\\\/avatar\\\/0a2867fd5abe37bed95d5a65e9d58f01756e11efc68af9888dfc50cfa7f65948?s=96&d=mm&r=g\",\"contentUrl\":\"https:\\\/\\\/secure.gravatar.com\\\/avatar\\\/0a2867fd5abe37bed95d5a65e9d58f01756e11efc68af9888dfc50cfa7f65948?s=96&d=mm&r=g\",\"caption\":\"Comptoir National de l'Or\"},\"description\":\"Notre r\u00e9daction est constitu\u00e9e de membres experts dans les m\u00e9tiers de l'\u00e9conomie et la gestion, des Responsables d'agence Comptoir National de l'Or, des analystes financiers qui publient r\u00e9guli\u00e8rement des \u00e9tudes sur les politiques des banques centrales, le cours de l'or, prix de l'or, cours de l'argent, prix de l'argent, cours du platine, cours du palladium,... la situation en zone euro et l'impact de la strat\u00e9gie mon\u00e9taire de la FED. Notre \u00e9quipe scrute \u00e9galement une information plus g\u00e9n\u00e9raliste \u00e0 la recherche d'actualit\u00e9 \\\"p\u00e9pite\\\" \u00e0 vous partager. Depuis 5 ans, nous avons publi\u00e9 un peu plus de 4000 articles qui s'adressent \u00e0 un public large et vari\u00e9 ayant pour objectif de satisfaire votre curiosit\u00e9 et de partager avec vous une certaine fascination pour le m\u00e9tal jaune, le rachat d'or, et pour ceux qui veulent investir dans l'or, vendre leur or tout simplement en savoir plus... Pour tous vos achat or et argent, n'h\u00e9sitez pas \u00e0 prendre rendez-vous dans l'un de nos nombreux comptoirs.\",\"sameAs\":[\"https:\\\/\\\/www.gold.fr\"]}]}<\/script>\n<!-- \/ Yoast SEO plugin. -->","yoast_head_json":{"title":"L'once tente un rebond","description":"Soutenu par les inqui\u00e9tudes europ\u00e9ennes autour du tr\u00e8s imminent (le 4 d\u00e9cembre) r\u00e9f\u00e9rendum constitutionnel italien, le march\u00e9 de l'or r\u00e9u...","robots":{"index":"index","follow":"follow","max-snippet":"max-snippet:-1","max-image-preview":"max-image-preview:large","max-video-preview":"max-video-preview:-1"},"canonical":"https:\/\/www.gold.fr\/news\/2016\/11\/22\/lonce-tente-rebond\/","og_locale":"fr_FR","og_type":"article","og_title":"L'once tente un rebond","og_description":"Soutenu par les inqui\u00e9tudes europ\u00e9ennes autour du tr\u00e8s imminent (le 4 d\u00e9cembre) r\u00e9f\u00e9rendum constitutionnel italien, le march\u00e9 de l'or r\u00e9u...","og_url":"https:\/\/www.gold.fr\/news\/2016\/11\/22\/lonce-tente-rebond\/","og_site_name":"Gold.fr","article_publisher":"https:\/\/www.facebook.com\/Goldfr\/","article_published_time":"2016-11-22T12:00:25+00:00","article_modified_time":"2021-01-13T12:37:17+00:00","og_image":[{"width":225,"height":150,"url":"https:\/\/www.gold.fr\/news\/wp-content\/uploads\/2012\/08\/2010.jpg","type":"image\/jpeg"}],"author":"Comptoir National de l'Or","twitter_card":"summary_large_image","twitter_misc":{"\u00c9crit par":"Comptoir National de l'Or","Dur\u00e9e de lecture estim\u00e9e":"1 minute"},"schema":{"@context":"https:\/\/schema.org","@graph":[{"@type":"Article","@id":"https:\/\/www.gold.fr\/news\/2016\/11\/22\/lonce-tente-rebond\/#article","isPartOf":{"@id":"https:\/\/www.gold.fr\/news\/2016\/11\/22\/lonce-tente-rebond\/"},"author":{"name":"Comptoir National de l'Or","@id":"https:\/\/www.gold.fr\/news\/#\/schema\/person\/070491b4b4fb7671bf59b3be20302ce9"},"headline":"L&rsquo;once tente un rebond","datePublished":"2016-11-22T12:00:25+00:00","dateModified":"2021-01-13T12:37:17+00:00","mainEntityOfPage":{"@id":"https:\/\/www.gold.fr\/news\/2016\/11\/22\/lonce-tente-rebond\/"},"wordCount":244,"image":{"@id":"https:\/\/www.gold.fr\/news\/2016\/11\/22\/lonce-tente-rebond\/#primaryimage"},"thumbnailUrl":"https:\/\/www.gold.fr\/news\/wp-content\/uploads\/2012\/08\/2010.jpg","keywords":["cours once d'or","Or"],"articleSection":["Flash infos"],"inLanguage":"fr-FR"},{"@type":"WebPage","@id":"https:\/\/www.gold.fr\/news\/2016\/11\/22\/lonce-tente-rebond\/","url":"https:\/\/www.gold.fr\/news\/2016\/11\/22\/lonce-tente-rebond\/","name":"L'once tente un rebond","isPartOf":{"@id":"https:\/\/www.gold.fr\/news\/#website"},"primaryImageOfPage":{"@id":"https:\/\/www.gold.fr\/news\/2016\/11\/22\/lonce-tente-rebond\/#primaryimage"},"image":{"@id":"https:\/\/www.gold.fr\/news\/2016\/11\/22\/lonce-tente-rebond\/#primaryimage"},"thumbnailUrl":"https:\/\/www.gold.fr\/news\/wp-content\/uploads\/2012\/08\/2010.jpg","datePublished":"2016-11-22T12:00:25+00:00","dateModified":"2021-01-13T12:37:17+00:00","author":{"@id":"https:\/\/www.gold.fr\/news\/#\/schema\/person\/070491b4b4fb7671bf59b3be20302ce9"},"description":"Soutenu par les inqui\u00e9tudes europ\u00e9ennes autour du tr\u00e8s imminent (le 4 d\u00e9cembre) r\u00e9f\u00e9rendum constitutionnel italien, le march\u00e9 de l'or r\u00e9u...","breadcrumb":{"@id":"https:\/\/www.gold.fr\/news\/2016\/11\/22\/lonce-tente-rebond\/#breadcrumb"},"inLanguage":"fr-FR","potentialAction":[{"@type":"ReadAction","target":["https:\/\/www.gold.fr\/news\/2016\/11\/22\/lonce-tente-rebond\/"]}]},{"@type":"ImageObject","inLanguage":"fr-FR","@id":"https:\/\/www.gold.fr\/news\/2016\/11\/22\/lonce-tente-rebond\/#primaryimage","url":"https:\/\/www.gold.fr\/news\/wp-content\/uploads\/2012\/08\/2010.jpg","contentUrl":"https:\/\/www.gold.fr\/news\/wp-content\/uploads\/2012\/08\/2010.jpg","width":"225","height":"150","caption":"L'once tente un rebond"},{"@type":"BreadcrumbList","@id":"https:\/\/www.gold.fr\/news\/2016\/11\/22\/lonce-tente-rebond\/#breadcrumb","itemListElement":[{"@type":"ListItem","position":1,"name":"Accueil","item":"https:\/\/www.gold.fr\/"},{"@type":"ListItem","position":2,"name":"Actualit\u00e9s","item":"https:\/\/www.gold.fr\/news\/"},{"@type":"ListItem","position":3,"name":"L&rsquo;once tente un rebond"}]},{"@type":"WebSite","@id":"https:\/\/www.gold.fr\/news\/#website","url":"https:\/\/www.gold.fr\/news\/","name":"Gold.fr","description":"Actualit\u00e9s de l&#039;Or et des m\u00e9taux pr\u00e9cieux","potentialAction":[{"@type":"SearchAction","target":{"@type":"EntryPoint","urlTemplate":"https:\/\/www.gold.fr\/news\/?s={search_term_string}"},"query-input":{"@type":"PropertyValueSpecification","valueRequired":true,"valueName":"search_term_string"}}],"inLanguage":"fr-FR"},{"@type":"Person","@id":"https:\/\/www.gold.fr\/news\/#\/schema\/person\/070491b4b4fb7671bf59b3be20302ce9","name":"Comptoir National de l'Or","image":{"@type":"ImageObject","inLanguage":"fr-FR","@id":"https:\/\/secure.gravatar.com\/avatar\/0a2867fd5abe37bed95d5a65e9d58f01756e11efc68af9888dfc50cfa7f65948?s=96&d=mm&r=gb490554db0a38188709de567aa58480d","url":"https:\/\/secure.gravatar.com\/avatar\/0a2867fd5abe37bed95d5a65e9d58f01756e11efc68af9888dfc50cfa7f65948?s=96&d=mm&r=g","contentUrl":"https:\/\/secure.gravatar.com\/avatar\/0a2867fd5abe37bed95d5a65e9d58f01756e11efc68af9888dfc50cfa7f65948?s=96&d=mm&r=g","caption":"Comptoir National de l'Or"},"description":"Notre r\u00e9daction est constitu\u00e9e de membres experts dans les m\u00e9tiers de l'\u00e9conomie et la gestion, des Responsables d'agence Comptoir National de l'Or, des analystes financiers qui publient r\u00e9guli\u00e8rement des \u00e9tudes sur les politiques des banques centrales, le cours de l'or, prix de l'or, cours de l'argent, prix de l'argent, cours du platine, cours du palladium,... la situation en zone euro et l'impact de la strat\u00e9gie mon\u00e9taire de la FED. Notre \u00e9quipe scrute \u00e9galement une information plus g\u00e9n\u00e9raliste \u00e0 la recherche d'actualit\u00e9 \"p\u00e9pite\" \u00e0 vous partager. Depuis 5 ans, nous avons publi\u00e9 un peu plus de 4000 articles qui s'adressent \u00e0 un public large et vari\u00e9 ayant pour objectif de satisfaire votre curiosit\u00e9 et de partager avec vous une certaine fascination pour le m\u00e9tal jaune, le rachat d'or, et pour ceux qui veulent investir dans l'or, vendre leur or tout simplement en savoir plus... Pour tous vos achat or et argent, n'h\u00e9sitez pas \u00e0 prendre rendez-vous dans l'un de nos nombreux comptoirs.","sameAs":["https:\/\/www.gold.fr"]}]}},"authors":[{"term_id":2565,"user_id":18,"is_guest":0,"slug":"julie","display_name":"Comptoir National de l'Or","avatar_url":"https:\/\/secure.gravatar.com\/avatar\/713f289e398d35ead876c4a4cc08607f0d6d266058cfc25683fffb6092d0e572?s=96&d=mm&r=g","0":null,"1":"","2":"","3":"","4":"","5":"","6":"","7":"","8":""}],"_links":{"self":[{"href":"https:\/\/www.gold.fr\/news\/wp-json\/wp\/v2\/posts\/20418","targetHints":{"allow":["GET"]}}],"collection":[{"href":"https:\/\/www.gold.fr\/news\/wp-json\/wp\/v2\/posts"}],"about":[{"href":"https:\/\/www.gold.fr\/news\/wp-json\/wp\/v2\/types\/post"}],"author":[{"embeddable":true,"href":"https:\/\/www.gold.fr\/news\/wp-json\/wp\/v2\/users\/18"}],"replies":[{"embeddable":true,"href":"https:\/\/www.gold.fr\/news\/wp-json\/wp\/v2\/comments?post=20418"}],"version-history":[{"count":0,"href":"https:\/\/www.gold.fr\/news\/wp-json\/wp\/v2\/posts\/20418\/revisions"}],"wp:featuredmedia":[{"embeddable":true,"href":"https:\/\/www.gold.fr\/news\/wp-json\/wp\/v2\/media\/8890"}],"wp:attachment":[{"href":"https:\/\/www.gold.fr\/news\/wp-json\/wp\/v2\/media?parent=20418"}],"wp:term":[{"taxonomy":"category","embeddable":true,"href":"https:\/\/www.gold.fr\/news\/wp-json\/wp\/v2\/categories?post=20418"},{"taxonomy":"post_tag","embeddable":true,"href":"https:\/\/www.gold.fr\/news\/wp-json\/wp\/v2\/tags?post=20418"},{"taxonomy":"author","embeddable":true,"href":"https:\/\/www.gold.fr\/news\/wp-json\/wp\/v2\/ppma_author?post=20418"}],"curies":[{"name":"wp","href":"https:\/\/api.w.org\/{rel}","templated":true}]}}