{"id":20367,"date":"2016-11-10T13:00:28","date_gmt":"2016-11-10T12:00:28","guid":{"rendered":"https:\/\/www.gold.fr\/news\/?p=20367"},"modified":"2021-01-13T13:39:10","modified_gmt":"2021-01-13T12:39:10","slug":"marches-tentent-de-reprendre-equilibre","status":"publish","type":"post","link":"https:\/\/www.gold.fr\/news\/2016\/11\/10\/marches-tentent-de-reprendre-equilibre\/","title":{"rendered":"Les march\u00e9s tentent de reprendre leur \u00e9quilibre"},"content":{"rendered":"<p><img loading=\"lazy\" decoding=\"async\" class=\"alignleft wp-image-8061 size-medium\" title=\"Les march\u00e9s tentent de reprendre leur \u00e9quilibre\" src=\"https:\/\/www.gold.fr\/news\/wp-content\/uploads\/2012\/06\/echanges-internationaux-300x201.jpg\" alt=\"Les march\u00e9s tentent de reprendre leur \u00e9quilibre\" width=\"300\" height=\"201\" srcset=\"https:\/\/www.gold.fr\/news\/wp-content\/uploads\/2012\/06\/echanges-internationaux-300x201.jpg 300w, https:\/\/www.gold.fr\/news\/wp-content\/uploads\/2012\/06\/echanges-internationaux-298x199.jpg 298w, https:\/\/www.gold.fr\/news\/wp-content\/uploads\/2012\/06\/echanges-internationaux-1x1.jpg 1w, https:\/\/www.gold.fr\/news\/wp-content\/uploads\/2012\/06\/echanges-internationaux-270x180.jpg 270w, https:\/\/www.gold.fr\/news\/wp-content\/uploads\/2012\/06\/echanges-internationaux.jpg 600w\" sizes=\"auto, (max-width: 300px) 100vw, 300px\" \/>Au lendemain du choc des \u00e9lections pr\u00e9sidentielles am\u00e9ricaines, les march\u00e9s r\u00e9ussissent, tant bien que mal, \u00e0 se remettre. Si <strong>Wall Street<\/strong> peine encore \u00e0 trouver son \u00e9quilibre, apr\u00e8s le mini-crash de la veille, les autres places boursi\u00e8res (am\u00e9ricaines et internationales) arrivaient d\u00e9j\u00e0, \u00e0 la cl\u00f4ture de la veille, de limiter relativement les d\u00e9g\u00e2ts.    L&rsquo;ensemble des march\u00e9s europ\u00e9ens avait lourdement croul\u00e9 sous le poids de \u00ab\u00a0<em>l&rsquo;effet Trump \u00bb<\/em>, d\u00e8s le d\u00e9but de la s\u00e9ance d&rsquo;hier, enregistrant des pertes plus ou moins cons\u00e9quentes. Cette tendance n\u00e9gative g\u00e9n\u00e9ralis\u00e9e s&rsquo;\u00e9tait toutefois estomp\u00e9e, vers la cl\u00f4ture, ramenant les places de la zone euro dans un vert qui demeure tr\u00e8s pr\u00e9caire.    L&rsquo;espoir des march\u00e9s r\u00e9side, actuellement, dans le fait que les craintes suscit\u00e9es par une pr\u00e9sidence <strong>Trump<\/strong> sont \u00ab\u00a0<em>exag\u00e9r\u00e9es \u00bb<\/em>. Les experts eux-m\u00eames peinent \u00e0 \u00e9tablir une pr\u00e9vision claire. Capital Economics admettait d\u00e9j\u00e0, bien avant l&rsquo;annonce des r\u00e9sultats des scrutins, qu&rsquo;une \u00ab\u00a0<em>victoire de Donald Trump marquerait v\u00e9ritablement un bond dans l&rsquo;inconnu, puisque nous ne pouvons tout simplement pas savoir quel type de pr\u00e9sident il sera \u00bb<\/em>. Dans l&rsquo;absolu, force est d&rsquo;admettre que ce lendemain assez difficile mais bien \u00e9quilibr\u00e9 rappelle \u00e9norm\u00e9ment celui qui avait suivi l&rsquo;annonce du <strong>Brexit<\/strong>, bien que les r\u00e9percussions de celui-ci se soient fait sentir des semaines apr\u00e8s.    En tout cas, l&rsquo;or revient, de son c\u00f4t\u00e9, \u00e0 son niveau d&rsquo;avant le choc des pr\u00e9sidentielles am\u00e9ricaines, et ouvre la s\u00e9ance de ce <em>jeudi 10 novembre 2016<\/em> avec un <a href=\"https:\/\/www.gold.fr\/cours-or-prix-de-l-or\/\" target=\"_blank\" rel=\"noopener noreferrer\">cours<\/a> de <strong>1 277,85 dollars<\/strong> <a href=\"https:\/\/www.gold.fr\/once-or-nyc\/\" target=\"_blank\" rel=\"noopener noreferrer\">l&rsquo;once<\/a>.<\/p>\n<!-- AddThis Advanced Settings generic via filter on the_content --><!-- AddThis Share Buttons generic via filter on the_content -->","protected":false},"excerpt":{"rendered":"<p>Au lendemain du choc des \u00e9lections pr\u00e9sidentielles am\u00e9ricaines, les march\u00e9s r\u00e9ussissent, tant bien que mal, \u00e0 se remettre. Si Wall Street peine encore \u00e0 trouver son \u00e9quilibre, apr\u00e8s le mini-crash de la veille, les autres places [&hellip;]<\/p>\n","protected":false},"author":18,"featured_media":8061,"comment_status":"closed","ping_status":"closed","sticky":false,"template":"","format":"standard","meta":{"_mbp_gutenberg_autopost":false,"_pgmb_is_evergreen":false,"_pgmb_ap_template_id":0,"footnotes":""},"categories":[5],"tags":[105,76],"ppma_author":[2565],"class_list":["post-20367","post","type-post","status-publish","format-standard","has-post-thumbnail","hentry","category-flash-infos","tag-marche","tag-or"],"yoast_head":"<!-- This site is optimized with the Yoast SEO plugin v27.5 - https:\/\/yoast.com\/product\/yoast-seo-wordpress\/ -->\n<title>Les march\u00e9s tentent de reprendre leur \u00e9quilibre<\/title>\n<meta name=\"description\" content=\"Au lendemain du choc des \u00e9lections pr\u00e9sidentielles am\u00e9ricaines, les march\u00e9s r\u00e9ussissent, tant bien que mal, \u00e0 se remettre. Si Wall Street ...\" \/>\n<meta name=\"robots\" content=\"index, follow, max-snippet:-1, max-image-preview:large, max-video-preview:-1\" \/>\n<link rel=\"canonical\" href=\"https:\/\/www.gold.fr\/news\/2016\/11\/10\/marches-tentent-de-reprendre-equilibre\/\" \/>\n<meta property=\"og:locale\" content=\"fr_FR\" \/>\n<meta property=\"og:type\" content=\"article\" \/>\n<meta property=\"og:title\" content=\"Les march\u00e9s tentent de reprendre leur \u00e9quilibre\" \/>\n<meta property=\"og:description\" content=\"Au lendemain du choc des \u00e9lections pr\u00e9sidentielles am\u00e9ricaines, les march\u00e9s r\u00e9ussissent, tant bien que mal, \u00e0 se remettre. Si Wall Street ...\" \/>\n<meta property=\"og:url\" content=\"https:\/\/www.gold.fr\/news\/2016\/11\/10\/marches-tentent-de-reprendre-equilibre\/\" \/>\n<meta property=\"og:site_name\" content=\"Gold.fr\" \/>\n<meta property=\"article:publisher\" content=\"https:\/\/www.facebook.com\/Goldfr\/\" \/>\n<meta property=\"article:published_time\" content=\"2016-11-10T12:00:28+00:00\" \/>\n<meta property=\"article:modified_time\" content=\"2021-01-13T12:39:10+00:00\" \/>\n<meta property=\"og:image\" content=\"https:\/\/www.gold.fr\/news\/wp-content\/uploads\/2012\/06\/echanges-internationaux.jpg\" \/>\n\t<meta property=\"og:image:width\" content=\"600\" \/>\n\t<meta property=\"og:image:height\" content=\"401\" \/>\n\t<meta property=\"og:image:type\" content=\"image\/jpeg\" \/>\n<meta name=\"author\" content=\"Comptoir National de l&#039;Or\" \/>\n<meta name=\"twitter:card\" content=\"summary_large_image\" \/>\n<meta name=\"twitter:label1\" content=\"\u00c9crit par\" \/>\n\t<meta name=\"twitter:data1\" content=\"Comptoir National de l&#039;Or\" \/>\n\t<meta name=\"twitter:label2\" content=\"Dur\u00e9e de lecture estim\u00e9e\" \/>\n\t<meta name=\"twitter:data2\" content=\"1 minute\" \/>\n<script type=\"application\/ld+json\" class=\"yoast-schema-graph\">{\"@context\":\"https:\\\/\\\/schema.org\",\"@graph\":[{\"@type\":\"Article\",\"@id\":\"https:\\\/\\\/www.gold.fr\\\/news\\\/2016\\\/11\\\/10\\\/marches-tentent-de-reprendre-equilibre\\\/#article\",\"isPartOf\":{\"@id\":\"https:\\\/\\\/www.gold.fr\\\/news\\\/2016\\\/11\\\/10\\\/marches-tentent-de-reprendre-equilibre\\\/\"},\"author\":{\"name\":\"Comptoir National de l'Or\",\"@id\":\"https:\\\/\\\/www.gold.fr\\\/news\\\/#\\\/schema\\\/person\\\/070491b4b4fb7671bf59b3be20302ce9\"},\"headline\":\"Les march\u00e9s tentent de reprendre leur \u00e9quilibre\",\"datePublished\":\"2016-11-10T12:00:28+00:00\",\"dateModified\":\"2021-01-13T12:39:10+00:00\",\"mainEntityOfPage\":{\"@id\":\"https:\\\/\\\/www.gold.fr\\\/news\\\/2016\\\/11\\\/10\\\/marches-tentent-de-reprendre-equilibre\\\/\"},\"wordCount\":294,\"image\":{\"@id\":\"https:\\\/\\\/www.gold.fr\\\/news\\\/2016\\\/11\\\/10\\\/marches-tentent-de-reprendre-equilibre\\\/#primaryimage\"},\"thumbnailUrl\":\"https:\\\/\\\/www.gold.fr\\\/news\\\/wp-content\\\/uploads\\\/2012\\\/06\\\/echanges-internationaux.jpg\",\"keywords\":[\"march\u00e9\",\"Or\"],\"articleSection\":[\"Flash infos\"],\"inLanguage\":\"fr-FR\"},{\"@type\":\"WebPage\",\"@id\":\"https:\\\/\\\/www.gold.fr\\\/news\\\/2016\\\/11\\\/10\\\/marches-tentent-de-reprendre-equilibre\\\/\",\"url\":\"https:\\\/\\\/www.gold.fr\\\/news\\\/2016\\\/11\\\/10\\\/marches-tentent-de-reprendre-equilibre\\\/\",\"name\":\"Les march\u00e9s tentent de reprendre leur \u00e9quilibre\",\"isPartOf\":{\"@id\":\"https:\\\/\\\/www.gold.fr\\\/news\\\/#website\"},\"primaryImageOfPage\":{\"@id\":\"https:\\\/\\\/www.gold.fr\\\/news\\\/2016\\\/11\\\/10\\\/marches-tentent-de-reprendre-equilibre\\\/#primaryimage\"},\"image\":{\"@id\":\"https:\\\/\\\/www.gold.fr\\\/news\\\/2016\\\/11\\\/10\\\/marches-tentent-de-reprendre-equilibre\\\/#primaryimage\"},\"thumbnailUrl\":\"https:\\\/\\\/www.gold.fr\\\/news\\\/wp-content\\\/uploads\\\/2012\\\/06\\\/echanges-internationaux.jpg\",\"datePublished\":\"2016-11-10T12:00:28+00:00\",\"dateModified\":\"2021-01-13T12:39:10+00:00\",\"author\":{\"@id\":\"https:\\\/\\\/www.gold.fr\\\/news\\\/#\\\/schema\\\/person\\\/070491b4b4fb7671bf59b3be20302ce9\"},\"description\":\"Au lendemain du choc des \u00e9lections pr\u00e9sidentielles am\u00e9ricaines, les march\u00e9s r\u00e9ussissent, tant bien que mal, \u00e0 se remettre. Si Wall Street ...\",\"breadcrumb\":{\"@id\":\"https:\\\/\\\/www.gold.fr\\\/news\\\/2016\\\/11\\\/10\\\/marches-tentent-de-reprendre-equilibre\\\/#breadcrumb\"},\"inLanguage\":\"fr-FR\",\"potentialAction\":[{\"@type\":\"ReadAction\",\"target\":[\"https:\\\/\\\/www.gold.fr\\\/news\\\/2016\\\/11\\\/10\\\/marches-tentent-de-reprendre-equilibre\\\/\"]}]},{\"@type\":\"ImageObject\",\"inLanguage\":\"fr-FR\",\"@id\":\"https:\\\/\\\/www.gold.fr\\\/news\\\/2016\\\/11\\\/10\\\/marches-tentent-de-reprendre-equilibre\\\/#primaryimage\",\"url\":\"https:\\\/\\\/www.gold.fr\\\/news\\\/wp-content\\\/uploads\\\/2012\\\/06\\\/echanges-internationaux.jpg\",\"contentUrl\":\"https:\\\/\\\/www.gold.fr\\\/news\\\/wp-content\\\/uploads\\\/2012\\\/06\\\/echanges-internationaux.jpg\",\"width\":\"600\",\"height\":\"401\",\"caption\":\"Les march\u00e9s tentent de reprendre leur \u00e9quilibre\"},{\"@type\":\"BreadcrumbList\",\"@id\":\"https:\\\/\\\/www.gold.fr\\\/news\\\/2016\\\/11\\\/10\\\/marches-tentent-de-reprendre-equilibre\\\/#breadcrumb\",\"itemListElement\":[{\"@type\":\"ListItem\",\"position\":1,\"name\":\"Accueil\",\"item\":\"https:\\\/\\\/www.gold.fr\\\/\"},{\"@type\":\"ListItem\",\"position\":2,\"name\":\"Actualit\u00e9s\",\"item\":\"https:\\\/\\\/www.gold.fr\\\/news\\\/\"},{\"@type\":\"ListItem\",\"position\":3,\"name\":\"Les march\u00e9s tentent de reprendre leur \u00e9quilibre\"}]},{\"@type\":\"WebSite\",\"@id\":\"https:\\\/\\\/www.gold.fr\\\/news\\\/#website\",\"url\":\"https:\\\/\\\/www.gold.fr\\\/news\\\/\",\"name\":\"Gold.fr\",\"description\":\"Actualit\u00e9s de l&#039;Or et des m\u00e9taux pr\u00e9cieux\",\"potentialAction\":[{\"@type\":\"SearchAction\",\"target\":{\"@type\":\"EntryPoint\",\"urlTemplate\":\"https:\\\/\\\/www.gold.fr\\\/news\\\/?s={search_term_string}\"},\"query-input\":{\"@type\":\"PropertyValueSpecification\",\"valueRequired\":true,\"valueName\":\"search_term_string\"}}],\"inLanguage\":\"fr-FR\"},{\"@type\":\"Person\",\"@id\":\"https:\\\/\\\/www.gold.fr\\\/news\\\/#\\\/schema\\\/person\\\/070491b4b4fb7671bf59b3be20302ce9\",\"name\":\"Comptoir National de l'Or\",\"image\":{\"@type\":\"ImageObject\",\"inLanguage\":\"fr-FR\",\"@id\":\"https:\\\/\\\/secure.gravatar.com\\\/avatar\\\/0a2867fd5abe37bed95d5a65e9d58f01756e11efc68af9888dfc50cfa7f65948?s=96&d=mm&r=gb490554db0a38188709de567aa58480d\",\"url\":\"https:\\\/\\\/secure.gravatar.com\\\/avatar\\\/0a2867fd5abe37bed95d5a65e9d58f01756e11efc68af9888dfc50cfa7f65948?s=96&d=mm&r=g\",\"contentUrl\":\"https:\\\/\\\/secure.gravatar.com\\\/avatar\\\/0a2867fd5abe37bed95d5a65e9d58f01756e11efc68af9888dfc50cfa7f65948?s=96&d=mm&r=g\",\"caption\":\"Comptoir National de l'Or\"},\"description\":\"Notre r\u00e9daction est constitu\u00e9e de membres experts dans les m\u00e9tiers de l'\u00e9conomie et la gestion, des Responsables d'agence Comptoir National de l'Or, des analystes financiers qui publient r\u00e9guli\u00e8rement des \u00e9tudes sur les politiques des banques centrales, le cours de l'or, prix de l'or, cours de l'argent, prix de l'argent, cours du platine, cours du palladium,... la situation en zone euro et l'impact de la strat\u00e9gie mon\u00e9taire de la FED. Notre \u00e9quipe scrute \u00e9galement une information plus g\u00e9n\u00e9raliste \u00e0 la recherche d'actualit\u00e9 \\\"p\u00e9pite\\\" \u00e0 vous partager. Depuis 5 ans, nous avons publi\u00e9 un peu plus de 4000 articles qui s'adressent \u00e0 un public large et vari\u00e9 ayant pour objectif de satisfaire votre curiosit\u00e9 et de partager avec vous une certaine fascination pour le m\u00e9tal jaune, le rachat d'or, et pour ceux qui veulent investir dans l'or, vendre leur or tout simplement en savoir plus... Pour tous vos achat or et argent, n'h\u00e9sitez pas \u00e0 prendre rendez-vous dans l'un de nos nombreux comptoirs.\",\"sameAs\":[\"https:\\\/\\\/www.gold.fr\"]}]}<\/script>\n<!-- \/ Yoast SEO plugin. -->","yoast_head_json":{"title":"Les march\u00e9s tentent de reprendre leur \u00e9quilibre","description":"Au lendemain du choc des \u00e9lections pr\u00e9sidentielles am\u00e9ricaines, les march\u00e9s r\u00e9ussissent, tant bien que mal, \u00e0 se remettre. Si Wall Street ...","robots":{"index":"index","follow":"follow","max-snippet":"max-snippet:-1","max-image-preview":"max-image-preview:large","max-video-preview":"max-video-preview:-1"},"canonical":"https:\/\/www.gold.fr\/news\/2016\/11\/10\/marches-tentent-de-reprendre-equilibre\/","og_locale":"fr_FR","og_type":"article","og_title":"Les march\u00e9s tentent de reprendre leur \u00e9quilibre","og_description":"Au lendemain du choc des \u00e9lections pr\u00e9sidentielles am\u00e9ricaines, les march\u00e9s r\u00e9ussissent, tant bien que mal, \u00e0 se remettre. Si Wall Street ...","og_url":"https:\/\/www.gold.fr\/news\/2016\/11\/10\/marches-tentent-de-reprendre-equilibre\/","og_site_name":"Gold.fr","article_publisher":"https:\/\/www.facebook.com\/Goldfr\/","article_published_time":"2016-11-10T12:00:28+00:00","article_modified_time":"2021-01-13T12:39:10+00:00","og_image":[{"width":600,"height":401,"url":"https:\/\/www.gold.fr\/news\/wp-content\/uploads\/2012\/06\/echanges-internationaux.jpg","type":"image\/jpeg"}],"author":"Comptoir National de l'Or","twitter_card":"summary_large_image","twitter_misc":{"\u00c9crit par":"Comptoir National de l'Or","Dur\u00e9e de lecture estim\u00e9e":"1 minute"},"schema":{"@context":"https:\/\/schema.org","@graph":[{"@type":"Article","@id":"https:\/\/www.gold.fr\/news\/2016\/11\/10\/marches-tentent-de-reprendre-equilibre\/#article","isPartOf":{"@id":"https:\/\/www.gold.fr\/news\/2016\/11\/10\/marches-tentent-de-reprendre-equilibre\/"},"author":{"name":"Comptoir National de l'Or","@id":"https:\/\/www.gold.fr\/news\/#\/schema\/person\/070491b4b4fb7671bf59b3be20302ce9"},"headline":"Les march\u00e9s tentent de reprendre leur \u00e9quilibre","datePublished":"2016-11-10T12:00:28+00:00","dateModified":"2021-01-13T12:39:10+00:00","mainEntityOfPage":{"@id":"https:\/\/www.gold.fr\/news\/2016\/11\/10\/marches-tentent-de-reprendre-equilibre\/"},"wordCount":294,"image":{"@id":"https:\/\/www.gold.fr\/news\/2016\/11\/10\/marches-tentent-de-reprendre-equilibre\/#primaryimage"},"thumbnailUrl":"https:\/\/www.gold.fr\/news\/wp-content\/uploads\/2012\/06\/echanges-internationaux.jpg","keywords":["march\u00e9","Or"],"articleSection":["Flash infos"],"inLanguage":"fr-FR"},{"@type":"WebPage","@id":"https:\/\/www.gold.fr\/news\/2016\/11\/10\/marches-tentent-de-reprendre-equilibre\/","url":"https:\/\/www.gold.fr\/news\/2016\/11\/10\/marches-tentent-de-reprendre-equilibre\/","name":"Les march\u00e9s tentent de reprendre leur \u00e9quilibre","isPartOf":{"@id":"https:\/\/www.gold.fr\/news\/#website"},"primaryImageOfPage":{"@id":"https:\/\/www.gold.fr\/news\/2016\/11\/10\/marches-tentent-de-reprendre-equilibre\/#primaryimage"},"image":{"@id":"https:\/\/www.gold.fr\/news\/2016\/11\/10\/marches-tentent-de-reprendre-equilibre\/#primaryimage"},"thumbnailUrl":"https:\/\/www.gold.fr\/news\/wp-content\/uploads\/2012\/06\/echanges-internationaux.jpg","datePublished":"2016-11-10T12:00:28+00:00","dateModified":"2021-01-13T12:39:10+00:00","author":{"@id":"https:\/\/www.gold.fr\/news\/#\/schema\/person\/070491b4b4fb7671bf59b3be20302ce9"},"description":"Au lendemain du choc des \u00e9lections pr\u00e9sidentielles am\u00e9ricaines, les march\u00e9s r\u00e9ussissent, tant bien que mal, \u00e0 se remettre. Si Wall Street ...","breadcrumb":{"@id":"https:\/\/www.gold.fr\/news\/2016\/11\/10\/marches-tentent-de-reprendre-equilibre\/#breadcrumb"},"inLanguage":"fr-FR","potentialAction":[{"@type":"ReadAction","target":["https:\/\/www.gold.fr\/news\/2016\/11\/10\/marches-tentent-de-reprendre-equilibre\/"]}]},{"@type":"ImageObject","inLanguage":"fr-FR","@id":"https:\/\/www.gold.fr\/news\/2016\/11\/10\/marches-tentent-de-reprendre-equilibre\/#primaryimage","url":"https:\/\/www.gold.fr\/news\/wp-content\/uploads\/2012\/06\/echanges-internationaux.jpg","contentUrl":"https:\/\/www.gold.fr\/news\/wp-content\/uploads\/2012\/06\/echanges-internationaux.jpg","width":"600","height":"401","caption":"Les march\u00e9s tentent de reprendre leur \u00e9quilibre"},{"@type":"BreadcrumbList","@id":"https:\/\/www.gold.fr\/news\/2016\/11\/10\/marches-tentent-de-reprendre-equilibre\/#breadcrumb","itemListElement":[{"@type":"ListItem","position":1,"name":"Accueil","item":"https:\/\/www.gold.fr\/"},{"@type":"ListItem","position":2,"name":"Actualit\u00e9s","item":"https:\/\/www.gold.fr\/news\/"},{"@type":"ListItem","position":3,"name":"Les march\u00e9s tentent de reprendre leur \u00e9quilibre"}]},{"@type":"WebSite","@id":"https:\/\/www.gold.fr\/news\/#website","url":"https:\/\/www.gold.fr\/news\/","name":"Gold.fr","description":"Actualit\u00e9s de l&#039;Or et des m\u00e9taux pr\u00e9cieux","potentialAction":[{"@type":"SearchAction","target":{"@type":"EntryPoint","urlTemplate":"https:\/\/www.gold.fr\/news\/?s={search_term_string}"},"query-input":{"@type":"PropertyValueSpecification","valueRequired":true,"valueName":"search_term_string"}}],"inLanguage":"fr-FR"},{"@type":"Person","@id":"https:\/\/www.gold.fr\/news\/#\/schema\/person\/070491b4b4fb7671bf59b3be20302ce9","name":"Comptoir National de l'Or","image":{"@type":"ImageObject","inLanguage":"fr-FR","@id":"https:\/\/secure.gravatar.com\/avatar\/0a2867fd5abe37bed95d5a65e9d58f01756e11efc68af9888dfc50cfa7f65948?s=96&d=mm&r=gb490554db0a38188709de567aa58480d","url":"https:\/\/secure.gravatar.com\/avatar\/0a2867fd5abe37bed95d5a65e9d58f01756e11efc68af9888dfc50cfa7f65948?s=96&d=mm&r=g","contentUrl":"https:\/\/secure.gravatar.com\/avatar\/0a2867fd5abe37bed95d5a65e9d58f01756e11efc68af9888dfc50cfa7f65948?s=96&d=mm&r=g","caption":"Comptoir National de l'Or"},"description":"Notre r\u00e9daction est constitu\u00e9e de membres experts dans les m\u00e9tiers de l'\u00e9conomie et la gestion, des Responsables d'agence Comptoir National de l'Or, des analystes financiers qui publient r\u00e9guli\u00e8rement des \u00e9tudes sur les politiques des banques centrales, le cours de l'or, prix de l'or, cours de l'argent, prix de l'argent, cours du platine, cours du palladium,... la situation en zone euro et l'impact de la strat\u00e9gie mon\u00e9taire de la FED. Notre \u00e9quipe scrute \u00e9galement une information plus g\u00e9n\u00e9raliste \u00e0 la recherche d'actualit\u00e9 \"p\u00e9pite\" \u00e0 vous partager. Depuis 5 ans, nous avons publi\u00e9 un peu plus de 4000 articles qui s'adressent \u00e0 un public large et vari\u00e9 ayant pour objectif de satisfaire votre curiosit\u00e9 et de partager avec vous une certaine fascination pour le m\u00e9tal jaune, le rachat d'or, et pour ceux qui veulent investir dans l'or, vendre leur or tout simplement en savoir plus... Pour tous vos achat or et argent, n'h\u00e9sitez pas \u00e0 prendre rendez-vous dans l'un de nos nombreux comptoirs.","sameAs":["https:\/\/www.gold.fr"]}]}},"authors":[{"term_id":2565,"user_id":18,"is_guest":0,"slug":"julie","display_name":"Comptoir National de l'Or","avatar_url":"https:\/\/secure.gravatar.com\/avatar\/713f289e398d35ead876c4a4cc08607f0d6d266058cfc25683fffb6092d0e572?s=96&d=mm&r=g","0":null,"1":"","2":"","3":"","4":"","5":"","6":"","7":"","8":""}],"_links":{"self":[{"href":"https:\/\/www.gold.fr\/news\/wp-json\/wp\/v2\/posts\/20367","targetHints":{"allow":["GET"]}}],"collection":[{"href":"https:\/\/www.gold.fr\/news\/wp-json\/wp\/v2\/posts"}],"about":[{"href":"https:\/\/www.gold.fr\/news\/wp-json\/wp\/v2\/types\/post"}],"author":[{"embeddable":true,"href":"https:\/\/www.gold.fr\/news\/wp-json\/wp\/v2\/users\/18"}],"replies":[{"embeddable":true,"href":"https:\/\/www.gold.fr\/news\/wp-json\/wp\/v2\/comments?post=20367"}],"version-history":[{"count":0,"href":"https:\/\/www.gold.fr\/news\/wp-json\/wp\/v2\/posts\/20367\/revisions"}],"wp:featuredmedia":[{"embeddable":true,"href":"https:\/\/www.gold.fr\/news\/wp-json\/wp\/v2\/media\/8061"}],"wp:attachment":[{"href":"https:\/\/www.gold.fr\/news\/wp-json\/wp\/v2\/media?parent=20367"}],"wp:term":[{"taxonomy":"category","embeddable":true,"href":"https:\/\/www.gold.fr\/news\/wp-json\/wp\/v2\/categories?post=20367"},{"taxonomy":"post_tag","embeddable":true,"href":"https:\/\/www.gold.fr\/news\/wp-json\/wp\/v2\/tags?post=20367"},{"taxonomy":"author","embeddable":true,"href":"https:\/\/www.gold.fr\/news\/wp-json\/wp\/v2\/ppma_author?post=20367"}],"curies":[{"name":"wp","href":"https:\/\/api.w.org\/{rel}","templated":true}]}}