{"id":20361,"date":"2016-11-09T13:00:19","date_gmt":"2016-11-09T12:00:19","guid":{"rendered":"https:\/\/www.gold.fr\/news\/?p=20361"},"modified":"2021-01-13T13:39:52","modified_gmt":"2021-01-13T12:39:52","slug":"trump-elu-president-marches-plongent-chaos","status":"publish","type":"post","link":"https:\/\/www.gold.fr\/news\/2016\/11\/09\/trump-elu-president-marches-plongent-chaos\/","title":{"rendered":"Trump \u00e9lu pr\u00e9sident: Les march\u00e9s plongent dans le chaos"},"content":{"rendered":"<p><img loading=\"lazy\" decoding=\"async\" class=\"alignleft wp-image-19432 size-thumbnail\" title=\"Trump \u00e9lu pr\u00e9sident: Les march\u00e9s plongent dans le chaos\" src=\"https:\/\/www.gold.fr\/news\/wp-content\/uploads\/2016\/05\/Capture-d\u2019e\u0301cran-2016-05-18-a\u0300-17.14.161-150x150.png\" alt=\"Trump \u00e9lu pr\u00e9sident: Les march\u00e9s plongent dans le chaos\" width=\"150\" height=\"150\" \/>La favorite de <strong>Wall Street<\/strong> vient de perdre la course \u00e0 la Maison Blanche, contre un opposant que personne, parmi les experts, n&rsquo;avait s\u00e9rieusement plac\u00e9 gagnant. Apr\u00e8s les hauts espoirs plac\u00e9s sur la victoire de la candidate d\u00e9mocrate, la chute est sure et les premiers signes de chaos se font d\u00e9j\u00e0 sentir sur les places boursi\u00e8res.    <strong>Donald Trump<\/strong>, d\u00e9sormais 45eme pr\u00e9sident des <strong>Etats-Unis<\/strong>, a donn\u00e9 un discours dans les quartiers g\u00e9n\u00e9raux de sa campagne, il y a deux heures, appelant \u00e0 \u00ab\u00a0<em>l&rsquo;union \u00bb<\/em>. Au-del\u00e0 de ces propos qui se voulaient rassurants, et sur le plan \u00e9conomique, cette nouvelle devrait en tout cas peser tr\u00e8s lourd dans la balance d\u00e9cisionnelle du <strong>FOMC<\/strong>, lors de sa prochaine r\u00e9union en d\u00e9cembre. Les chances de voir le comit\u00e9 annoncer un rel\u00e8vement des taux d&rsquo;int\u00e9r\u00eat de la <strong>FED<\/strong> s&rsquo;amenuisent ainsi consid\u00e9rablement.    Par ailleurs, les prochaines semaines verront probablement l&rsquo;ensemble des march\u00e9s boursiers (am\u00e9ricains et internationaux) r\u00e9agir fortement \u00e0 cette victoire r\u00e9publicaine. Pour <strong>Simon Smith<\/strong>, \u00e9conomiste en chef de <strong>FxPro<\/strong>, \u00ab\u00a0<em>contrairement \u00e0 presque toutes les \u00e9lections r\u00e9centes, la volatilit\u00e9 va probablement s&rsquo;accro\u00eetre apr\u00e8s l&rsquo;\u00e9v\u00e9nement plut\u00f4t que refluer \u00bb<\/em>. Pour l&rsquo;heure, les march\u00e9s maintiennent un \u00e9quilibre tr\u00e8s pr\u00e9caire, mais il est encore trop t\u00f4t pour jauger la v\u00e9ritable r\u00e9action des investisseurs.    De son c\u00f4t\u00e9, l&rsquo;or offre d\u00e9j\u00e0 une id\u00e9e sur le sentiment d&rsquo;inqui\u00e9tude et de panique au sein des march\u00e9s, ouvrant la s\u00e9ance de ce <strong>mercredi 9 novembre 2016<\/strong> avec un <a href=\"https:\/\/www.gold.fr\/cours-or-prix-de-l-or\/\" target=\"_blank\" rel=\"noopener noreferrer\">cours<\/a> haussier de <strong>1,303.85 dollars<\/strong> <a href=\"https:\/\/www.gold.fr\/once-or-nyc\/\" target=\"_blank\" rel=\"noopener noreferrer\">l&rsquo;once<\/a>.<\/p>\n<!-- AddThis Advanced Settings generic via filter on the_content --><!-- AddThis Share Buttons generic via filter on the_content -->","protected":false},"excerpt":{"rendered":"<p>La favorite de Wall Street vient de perdre la course \u00e0 la Maison Blanche, contre un opposant que personne, parmi les experts, n&rsquo;avait s\u00e9rieusement plac\u00e9 gagnant. Apr\u00e8s les hauts espoirs plac\u00e9s sur la victoire de la [&hellip;]<\/p>\n","protected":false},"author":18,"featured_media":19432,"comment_status":"closed","ping_status":"closed","sticky":false,"template":"","format":"standard","meta":{"_mbp_gutenberg_autopost":false,"_pgmb_is_evergreen":false,"_pgmb_ap_template_id":0,"footnotes":""},"categories":[5],"tags":[105,76,2154],"ppma_author":[2565],"class_list":["post-20361","post","type-post","status-publish","format-standard","has-post-thumbnail","hentry","category-flash-infos","tag-marche","tag-or","tag-trump"],"yoast_head":"<!-- This site is optimized with the Yoast SEO plugin v27.5 - https:\/\/yoast.com\/product\/yoast-seo-wordpress\/ -->\n<title>Trump \u00e9lu pr\u00e9sident: Les march\u00e9s plongent dans le chaos<\/title>\n<meta name=\"description\" content=\"La favorite de Wall Street vient de perdre la course \u00e0 la Maison Blanche, contre un opposant que personne, parmi les experts, n&#039;avait s\u00e9rie...\" \/>\n<meta name=\"robots\" content=\"index, follow, max-snippet:-1, max-image-preview:large, max-video-preview:-1\" \/>\n<link rel=\"canonical\" href=\"https:\/\/www.gold.fr\/news\/2016\/11\/09\/trump-elu-president-marches-plongent-chaos\/\" \/>\n<meta property=\"og:locale\" content=\"fr_FR\" \/>\n<meta property=\"og:type\" content=\"article\" \/>\n<meta property=\"og:title\" content=\"Trump \u00e9lu pr\u00e9sident: Les march\u00e9s plongent dans le chaos\" \/>\n<meta property=\"og:description\" content=\"La favorite de Wall Street vient de perdre la course \u00e0 la Maison Blanche, contre un opposant que personne, parmi les experts, n&#039;avait s\u00e9rie...\" \/>\n<meta property=\"og:url\" content=\"https:\/\/www.gold.fr\/news\/2016\/11\/09\/trump-elu-president-marches-plongent-chaos\/\" \/>\n<meta property=\"og:site_name\" content=\"Gold.fr\" \/>\n<meta property=\"article:publisher\" content=\"https:\/\/www.facebook.com\/Goldfr\/\" \/>\n<meta property=\"article:published_time\" content=\"2016-11-09T12:00:19+00:00\" \/>\n<meta property=\"article:modified_time\" content=\"2021-01-13T12:39:52+00:00\" \/>\n<meta property=\"og:image\" content=\"https:\/\/www.gold.fr\/news\/wp-content\/uploads\/2016\/05\/Capture-d\u2019e\u0301cran-2016-05-18-a\u0300-17.14.161.png\" \/>\n\t<meta property=\"og:image:width\" content=\"490\" \/>\n\t<meta property=\"og:image:height\" content=\"446\" \/>\n\t<meta property=\"og:image:type\" content=\"image\/png\" \/>\n<meta name=\"author\" content=\"Comptoir National de l&#039;Or\" \/>\n<meta name=\"twitter:card\" content=\"summary_large_image\" \/>\n<meta name=\"twitter:label1\" content=\"\u00c9crit par\" \/>\n\t<meta name=\"twitter:data1\" content=\"Comptoir National de l&#039;Or\" \/>\n\t<meta name=\"twitter:label2\" content=\"Dur\u00e9e de lecture estim\u00e9e\" \/>\n\t<meta name=\"twitter:data2\" content=\"1 minute\" \/>\n<script type=\"application\/ld+json\" class=\"yoast-schema-graph\">{\"@context\":\"https:\\\/\\\/schema.org\",\"@graph\":[{\"@type\":\"Article\",\"@id\":\"https:\\\/\\\/www.gold.fr\\\/news\\\/2016\\\/11\\\/09\\\/trump-elu-president-marches-plongent-chaos\\\/#article\",\"isPartOf\":{\"@id\":\"https:\\\/\\\/www.gold.fr\\\/news\\\/2016\\\/11\\\/09\\\/trump-elu-president-marches-plongent-chaos\\\/\"},\"author\":{\"name\":\"Comptoir National de l'Or\",\"@id\":\"https:\\\/\\\/www.gold.fr\\\/news\\\/#\\\/schema\\\/person\\\/070491b4b4fb7671bf59b3be20302ce9\"},\"headline\":\"Trump \u00e9lu pr\u00e9sident: Les march\u00e9s plongent dans le chaos\",\"datePublished\":\"2016-11-09T12:00:19+00:00\",\"dateModified\":\"2021-01-13T12:39:52+00:00\",\"mainEntityOfPage\":{\"@id\":\"https:\\\/\\\/www.gold.fr\\\/news\\\/2016\\\/11\\\/09\\\/trump-elu-president-marches-plongent-chaos\\\/\"},\"wordCount\":292,\"image\":{\"@id\":\"https:\\\/\\\/www.gold.fr\\\/news\\\/2016\\\/11\\\/09\\\/trump-elu-president-marches-plongent-chaos\\\/#primaryimage\"},\"thumbnailUrl\":\"https:\\\/\\\/www.gold.fr\\\/news\\\/wp-content\\\/uploads\\\/2016\\\/05\\\/Capture-d\u2019e\u0301cran-2016-05-18-a\u0300-17.14.161.png\",\"keywords\":[\"march\u00e9\",\"Or\",\"Trump\"],\"articleSection\":[\"Flash infos\"],\"inLanguage\":\"fr-FR\"},{\"@type\":\"WebPage\",\"@id\":\"https:\\\/\\\/www.gold.fr\\\/news\\\/2016\\\/11\\\/09\\\/trump-elu-president-marches-plongent-chaos\\\/\",\"url\":\"https:\\\/\\\/www.gold.fr\\\/news\\\/2016\\\/11\\\/09\\\/trump-elu-president-marches-plongent-chaos\\\/\",\"name\":\"Trump \u00e9lu pr\u00e9sident: Les march\u00e9s plongent dans le chaos\",\"isPartOf\":{\"@id\":\"https:\\\/\\\/www.gold.fr\\\/news\\\/#website\"},\"primaryImageOfPage\":{\"@id\":\"https:\\\/\\\/www.gold.fr\\\/news\\\/2016\\\/11\\\/09\\\/trump-elu-president-marches-plongent-chaos\\\/#primaryimage\"},\"image\":{\"@id\":\"https:\\\/\\\/www.gold.fr\\\/news\\\/2016\\\/11\\\/09\\\/trump-elu-president-marches-plongent-chaos\\\/#primaryimage\"},\"thumbnailUrl\":\"https:\\\/\\\/www.gold.fr\\\/news\\\/wp-content\\\/uploads\\\/2016\\\/05\\\/Capture-d\u2019e\u0301cran-2016-05-18-a\u0300-17.14.161.png\",\"datePublished\":\"2016-11-09T12:00:19+00:00\",\"dateModified\":\"2021-01-13T12:39:52+00:00\",\"author\":{\"@id\":\"https:\\\/\\\/www.gold.fr\\\/news\\\/#\\\/schema\\\/person\\\/070491b4b4fb7671bf59b3be20302ce9\"},\"description\":\"La favorite de Wall Street vient de perdre la course \u00e0 la Maison Blanche, contre un opposant que personne, parmi les experts, n'avait s\u00e9rie...\",\"breadcrumb\":{\"@id\":\"https:\\\/\\\/www.gold.fr\\\/news\\\/2016\\\/11\\\/09\\\/trump-elu-president-marches-plongent-chaos\\\/#breadcrumb\"},\"inLanguage\":\"fr-FR\",\"potentialAction\":[{\"@type\":\"ReadAction\",\"target\":[\"https:\\\/\\\/www.gold.fr\\\/news\\\/2016\\\/11\\\/09\\\/trump-elu-president-marches-plongent-chaos\\\/\"]}]},{\"@type\":\"ImageObject\",\"inLanguage\":\"fr-FR\",\"@id\":\"https:\\\/\\\/www.gold.fr\\\/news\\\/2016\\\/11\\\/09\\\/trump-elu-president-marches-plongent-chaos\\\/#primaryimage\",\"url\":\"https:\\\/\\\/www.gold.fr\\\/news\\\/wp-content\\\/uploads\\\/2016\\\/05\\\/Capture-d\u2019e\u0301cran-2016-05-18-a\u0300-17.14.161.png\",\"contentUrl\":\"https:\\\/\\\/www.gold.fr\\\/news\\\/wp-content\\\/uploads\\\/2016\\\/05\\\/Capture-d\u2019e\u0301cran-2016-05-18-a\u0300-17.14.161.png\",\"width\":\"490\",\"height\":\"446\",\"caption\":\"Trump \u00e9lu pr\u00e9sident: Les march\u00e9s plongent dans le chaos\"},{\"@type\":\"BreadcrumbList\",\"@id\":\"https:\\\/\\\/www.gold.fr\\\/news\\\/2016\\\/11\\\/09\\\/trump-elu-president-marches-plongent-chaos\\\/#breadcrumb\",\"itemListElement\":[{\"@type\":\"ListItem\",\"position\":1,\"name\":\"Accueil\",\"item\":\"https:\\\/\\\/www.gold.fr\\\/\"},{\"@type\":\"ListItem\",\"position\":2,\"name\":\"Actualit\u00e9s\",\"item\":\"https:\\\/\\\/www.gold.fr\\\/news\\\/\"},{\"@type\":\"ListItem\",\"position\":3,\"name\":\"Trump \u00e9lu pr\u00e9sident: Les march\u00e9s plongent dans le chaos\"}]},{\"@type\":\"WebSite\",\"@id\":\"https:\\\/\\\/www.gold.fr\\\/news\\\/#website\",\"url\":\"https:\\\/\\\/www.gold.fr\\\/news\\\/\",\"name\":\"Gold.fr\",\"description\":\"Actualit\u00e9s de l&#039;Or et des m\u00e9taux pr\u00e9cieux\",\"potentialAction\":[{\"@type\":\"SearchAction\",\"target\":{\"@type\":\"EntryPoint\",\"urlTemplate\":\"https:\\\/\\\/www.gold.fr\\\/news\\\/?s={search_term_string}\"},\"query-input\":{\"@type\":\"PropertyValueSpecification\",\"valueRequired\":true,\"valueName\":\"search_term_string\"}}],\"inLanguage\":\"fr-FR\"},{\"@type\":\"Person\",\"@id\":\"https:\\\/\\\/www.gold.fr\\\/news\\\/#\\\/schema\\\/person\\\/070491b4b4fb7671bf59b3be20302ce9\",\"name\":\"Comptoir National de l'Or\",\"image\":{\"@type\":\"ImageObject\",\"inLanguage\":\"fr-FR\",\"@id\":\"https:\\\/\\\/secure.gravatar.com\\\/avatar\\\/0a2867fd5abe37bed95d5a65e9d58f01756e11efc68af9888dfc50cfa7f65948?s=96&d=mm&r=gb490554db0a38188709de567aa58480d\",\"url\":\"https:\\\/\\\/secure.gravatar.com\\\/avatar\\\/0a2867fd5abe37bed95d5a65e9d58f01756e11efc68af9888dfc50cfa7f65948?s=96&d=mm&r=g\",\"contentUrl\":\"https:\\\/\\\/secure.gravatar.com\\\/avatar\\\/0a2867fd5abe37bed95d5a65e9d58f01756e11efc68af9888dfc50cfa7f65948?s=96&d=mm&r=g\",\"caption\":\"Comptoir National de l'Or\"},\"description\":\"Notre r\u00e9daction est constitu\u00e9e de membres experts dans les m\u00e9tiers de l'\u00e9conomie et la gestion, des Responsables d'agence Comptoir National de l'Or, des analystes financiers qui publient r\u00e9guli\u00e8rement des \u00e9tudes sur les politiques des banques centrales, le cours de l'or, prix de l'or, cours de l'argent, prix de l'argent, cours du platine, cours du palladium,... la situation en zone euro et l'impact de la strat\u00e9gie mon\u00e9taire de la FED. Notre \u00e9quipe scrute \u00e9galement une information plus g\u00e9n\u00e9raliste \u00e0 la recherche d'actualit\u00e9 \\\"p\u00e9pite\\\" \u00e0 vous partager. Depuis 5 ans, nous avons publi\u00e9 un peu plus de 4000 articles qui s'adressent \u00e0 un public large et vari\u00e9 ayant pour objectif de satisfaire votre curiosit\u00e9 et de partager avec vous une certaine fascination pour le m\u00e9tal jaune, le rachat d'or, et pour ceux qui veulent investir dans l'or, vendre leur or tout simplement en savoir plus... Pour tous vos achat or et argent, n'h\u00e9sitez pas \u00e0 prendre rendez-vous dans l'un de nos nombreux comptoirs.\",\"sameAs\":[\"https:\\\/\\\/www.gold.fr\"]}]}<\/script>\n<!-- \/ Yoast SEO plugin. -->","yoast_head_json":{"title":"Trump \u00e9lu pr\u00e9sident: Les march\u00e9s plongent dans le chaos","description":"La favorite de Wall Street vient de perdre la course \u00e0 la Maison Blanche, contre un opposant que personne, parmi les experts, n'avait s\u00e9rie...","robots":{"index":"index","follow":"follow","max-snippet":"max-snippet:-1","max-image-preview":"max-image-preview:large","max-video-preview":"max-video-preview:-1"},"canonical":"https:\/\/www.gold.fr\/news\/2016\/11\/09\/trump-elu-president-marches-plongent-chaos\/","og_locale":"fr_FR","og_type":"article","og_title":"Trump \u00e9lu pr\u00e9sident: Les march\u00e9s plongent dans le chaos","og_description":"La favorite de Wall Street vient de perdre la course \u00e0 la Maison Blanche, contre un opposant que personne, parmi les experts, n'avait s\u00e9rie...","og_url":"https:\/\/www.gold.fr\/news\/2016\/11\/09\/trump-elu-president-marches-plongent-chaos\/","og_site_name":"Gold.fr","article_publisher":"https:\/\/www.facebook.com\/Goldfr\/","article_published_time":"2016-11-09T12:00:19+00:00","article_modified_time":"2021-01-13T12:39:52+00:00","og_image":[{"width":490,"height":446,"url":"https:\/\/www.gold.fr\/news\/wp-content\/uploads\/2016\/05\/Capture-d\u2019e\u0301cran-2016-05-18-a\u0300-17.14.161.png","type":"image\/png"}],"author":"Comptoir National de l'Or","twitter_card":"summary_large_image","twitter_misc":{"\u00c9crit par":"Comptoir National de l'Or","Dur\u00e9e de lecture estim\u00e9e":"1 minute"},"schema":{"@context":"https:\/\/schema.org","@graph":[{"@type":"Article","@id":"https:\/\/www.gold.fr\/news\/2016\/11\/09\/trump-elu-president-marches-plongent-chaos\/#article","isPartOf":{"@id":"https:\/\/www.gold.fr\/news\/2016\/11\/09\/trump-elu-president-marches-plongent-chaos\/"},"author":{"name":"Comptoir National de l'Or","@id":"https:\/\/www.gold.fr\/news\/#\/schema\/person\/070491b4b4fb7671bf59b3be20302ce9"},"headline":"Trump \u00e9lu pr\u00e9sident: Les march\u00e9s plongent dans le chaos","datePublished":"2016-11-09T12:00:19+00:00","dateModified":"2021-01-13T12:39:52+00:00","mainEntityOfPage":{"@id":"https:\/\/www.gold.fr\/news\/2016\/11\/09\/trump-elu-president-marches-plongent-chaos\/"},"wordCount":292,"image":{"@id":"https:\/\/www.gold.fr\/news\/2016\/11\/09\/trump-elu-president-marches-plongent-chaos\/#primaryimage"},"thumbnailUrl":"https:\/\/www.gold.fr\/news\/wp-content\/uploads\/2016\/05\/Capture-d\u2019e\u0301cran-2016-05-18-a\u0300-17.14.161.png","keywords":["march\u00e9","Or","Trump"],"articleSection":["Flash infos"],"inLanguage":"fr-FR"},{"@type":"WebPage","@id":"https:\/\/www.gold.fr\/news\/2016\/11\/09\/trump-elu-president-marches-plongent-chaos\/","url":"https:\/\/www.gold.fr\/news\/2016\/11\/09\/trump-elu-president-marches-plongent-chaos\/","name":"Trump \u00e9lu pr\u00e9sident: Les march\u00e9s plongent dans le chaos","isPartOf":{"@id":"https:\/\/www.gold.fr\/news\/#website"},"primaryImageOfPage":{"@id":"https:\/\/www.gold.fr\/news\/2016\/11\/09\/trump-elu-president-marches-plongent-chaos\/#primaryimage"},"image":{"@id":"https:\/\/www.gold.fr\/news\/2016\/11\/09\/trump-elu-president-marches-plongent-chaos\/#primaryimage"},"thumbnailUrl":"https:\/\/www.gold.fr\/news\/wp-content\/uploads\/2016\/05\/Capture-d\u2019e\u0301cran-2016-05-18-a\u0300-17.14.161.png","datePublished":"2016-11-09T12:00:19+00:00","dateModified":"2021-01-13T12:39:52+00:00","author":{"@id":"https:\/\/www.gold.fr\/news\/#\/schema\/person\/070491b4b4fb7671bf59b3be20302ce9"},"description":"La favorite de Wall Street vient de perdre la course \u00e0 la Maison Blanche, contre un opposant que personne, parmi les experts, n'avait s\u00e9rie...","breadcrumb":{"@id":"https:\/\/www.gold.fr\/news\/2016\/11\/09\/trump-elu-president-marches-plongent-chaos\/#breadcrumb"},"inLanguage":"fr-FR","potentialAction":[{"@type":"ReadAction","target":["https:\/\/www.gold.fr\/news\/2016\/11\/09\/trump-elu-president-marches-plongent-chaos\/"]}]},{"@type":"ImageObject","inLanguage":"fr-FR","@id":"https:\/\/www.gold.fr\/news\/2016\/11\/09\/trump-elu-president-marches-plongent-chaos\/#primaryimage","url":"https:\/\/www.gold.fr\/news\/wp-content\/uploads\/2016\/05\/Capture-d\u2019e\u0301cran-2016-05-18-a\u0300-17.14.161.png","contentUrl":"https:\/\/www.gold.fr\/news\/wp-content\/uploads\/2016\/05\/Capture-d\u2019e\u0301cran-2016-05-18-a\u0300-17.14.161.png","width":"490","height":"446","caption":"Trump \u00e9lu pr\u00e9sident: Les march\u00e9s plongent dans le chaos"},{"@type":"BreadcrumbList","@id":"https:\/\/www.gold.fr\/news\/2016\/11\/09\/trump-elu-president-marches-plongent-chaos\/#breadcrumb","itemListElement":[{"@type":"ListItem","position":1,"name":"Accueil","item":"https:\/\/www.gold.fr\/"},{"@type":"ListItem","position":2,"name":"Actualit\u00e9s","item":"https:\/\/www.gold.fr\/news\/"},{"@type":"ListItem","position":3,"name":"Trump \u00e9lu pr\u00e9sident: Les march\u00e9s plongent dans le chaos"}]},{"@type":"WebSite","@id":"https:\/\/www.gold.fr\/news\/#website","url":"https:\/\/www.gold.fr\/news\/","name":"Gold.fr","description":"Actualit\u00e9s de l&#039;Or et des m\u00e9taux pr\u00e9cieux","potentialAction":[{"@type":"SearchAction","target":{"@type":"EntryPoint","urlTemplate":"https:\/\/www.gold.fr\/news\/?s={search_term_string}"},"query-input":{"@type":"PropertyValueSpecification","valueRequired":true,"valueName":"search_term_string"}}],"inLanguage":"fr-FR"},{"@type":"Person","@id":"https:\/\/www.gold.fr\/news\/#\/schema\/person\/070491b4b4fb7671bf59b3be20302ce9","name":"Comptoir National de l'Or","image":{"@type":"ImageObject","inLanguage":"fr-FR","@id":"https:\/\/secure.gravatar.com\/avatar\/0a2867fd5abe37bed95d5a65e9d58f01756e11efc68af9888dfc50cfa7f65948?s=96&d=mm&r=gb490554db0a38188709de567aa58480d","url":"https:\/\/secure.gravatar.com\/avatar\/0a2867fd5abe37bed95d5a65e9d58f01756e11efc68af9888dfc50cfa7f65948?s=96&d=mm&r=g","contentUrl":"https:\/\/secure.gravatar.com\/avatar\/0a2867fd5abe37bed95d5a65e9d58f01756e11efc68af9888dfc50cfa7f65948?s=96&d=mm&r=g","caption":"Comptoir National de l'Or"},"description":"Notre r\u00e9daction est constitu\u00e9e de membres experts dans les m\u00e9tiers de l'\u00e9conomie et la gestion, des Responsables d'agence Comptoir National de l'Or, des analystes financiers qui publient r\u00e9guli\u00e8rement des \u00e9tudes sur les politiques des banques centrales, le cours de l'or, prix de l'or, cours de l'argent, prix de l'argent, cours du platine, cours du palladium,... la situation en zone euro et l'impact de la strat\u00e9gie mon\u00e9taire de la FED. Notre \u00e9quipe scrute \u00e9galement une information plus g\u00e9n\u00e9raliste \u00e0 la recherche d'actualit\u00e9 \"p\u00e9pite\" \u00e0 vous partager. Depuis 5 ans, nous avons publi\u00e9 un peu plus de 4000 articles qui s'adressent \u00e0 un public large et vari\u00e9 ayant pour objectif de satisfaire votre curiosit\u00e9 et de partager avec vous une certaine fascination pour le m\u00e9tal jaune, le rachat d'or, et pour ceux qui veulent investir dans l'or, vendre leur or tout simplement en savoir plus... Pour tous vos achat or et argent, n'h\u00e9sitez pas \u00e0 prendre rendez-vous dans l'un de nos nombreux comptoirs.","sameAs":["https:\/\/www.gold.fr"]}]}},"authors":[{"term_id":2565,"user_id":18,"is_guest":0,"slug":"julie","display_name":"Comptoir National de l'Or","avatar_url":"https:\/\/secure.gravatar.com\/avatar\/713f289e398d35ead876c4a4cc08607f0d6d266058cfc25683fffb6092d0e572?s=96&d=mm&r=g","0":null,"1":"","2":"","3":"","4":"","5":"","6":"","7":"","8":""}],"_links":{"self":[{"href":"https:\/\/www.gold.fr\/news\/wp-json\/wp\/v2\/posts\/20361","targetHints":{"allow":["GET"]}}],"collection":[{"href":"https:\/\/www.gold.fr\/news\/wp-json\/wp\/v2\/posts"}],"about":[{"href":"https:\/\/www.gold.fr\/news\/wp-json\/wp\/v2\/types\/post"}],"author":[{"embeddable":true,"href":"https:\/\/www.gold.fr\/news\/wp-json\/wp\/v2\/users\/18"}],"replies":[{"embeddable":true,"href":"https:\/\/www.gold.fr\/news\/wp-json\/wp\/v2\/comments?post=20361"}],"version-history":[{"count":0,"href":"https:\/\/www.gold.fr\/news\/wp-json\/wp\/v2\/posts\/20361\/revisions"}],"wp:featuredmedia":[{"embeddable":true,"href":"https:\/\/www.gold.fr\/news\/wp-json\/wp\/v2\/media\/19432"}],"wp:attachment":[{"href":"https:\/\/www.gold.fr\/news\/wp-json\/wp\/v2\/media?parent=20361"}],"wp:term":[{"taxonomy":"category","embeddable":true,"href":"https:\/\/www.gold.fr\/news\/wp-json\/wp\/v2\/categories?post=20361"},{"taxonomy":"post_tag","embeddable":true,"href":"https:\/\/www.gold.fr\/news\/wp-json\/wp\/v2\/tags?post=20361"},{"taxonomy":"author","embeddable":true,"href":"https:\/\/www.gold.fr\/news\/wp-json\/wp\/v2\/ppma_author?post=20361"}],"curies":[{"name":"wp","href":"https:\/\/api.w.org\/{rel}","templated":true}]}}