{"id":20310,"date":"2016-10-31T14:34:33","date_gmt":"2016-10-31T13:34:33","guid":{"rendered":"https:\/\/www.gold.fr\/news\/?p=20310"},"modified":"2021-01-13T13:42:07","modified_gmt":"2021-01-13T12:42:07","slug":"40-ans-lage-de-raison","status":"publish","type":"post","link":"https:\/\/www.gold.fr\/news\/2016\/10\/31\/40-ans-lage-de-raison\/","title":{"rendered":"40 ans, l&rsquo;\u00e2ge de raison"},"content":{"rendered":"<p><a href=\"https:\/\/www.gold.fr\/informations-sur-l-or\/nous-connaitre\/qui-sommes-nous\"><img loading=\"lazy\" decoding=\"async\" class=\"alignleft wp-image-20340 size-full\" title=\"40 ans, l'\u00e2ge de raison\" src=\"https:\/\/www.gold.fr\/news\/wp-content\/uploads\/2016\/10\/40-ans-Comptoir-National-de-l-or-e1478096138333.png\" alt=\"40 ans, l'\u00e2ge de raison\" width=\"350\" height=\"350\" srcset=\"https:\/\/www.gold.fr\/news\/wp-content\/uploads\/2016\/10\/40-ans-Comptoir-National-de-l-or-e1478096138333.png 350w, https:\/\/www.gold.fr\/news\/wp-content\/uploads\/2016\/10\/40-ans-Comptoir-National-de-l-or-e1478096138333-298x298.png 298w\" sizes=\"auto, (max-width: 350px) 100vw, 350px\" \/><\/a>C&rsquo;\u00e9tait il y a 40 ans. 1976. Alors qu&rsquo;une terrible s\u00e9cheresse frappe les campagnes et les coeurs, ouvre le premier comptoir de l&rsquo;or en Alsace, \u00e0 Strasbourg, au 10 place du Temple neuf.    Aujourd&rsquo;hui. 2016. Alors qu&rsquo;une terrible crise de confiance frappe les march\u00e9s et les esprits, le Comptoir National de l&rsquo;Or, c&rsquo;est 400\u00a0000 visiteurs par mois sur\u00a0gold.fr, une soixantaine d&rsquo;agences en France, une agence en Allemagne et une demi-douzaine de projets d&rsquo;ouverture en cours.    Mais alors, comment est-on pass\u00e9 d&rsquo;une entreprise r\u00e9gionale \u00e0 un acteur international, leader sur son march\u00e9 domestique, et qui bouscule les codes \u00e9tablis d&rsquo;un march\u00e9 multimill\u00e9naire\u00a0?    Si les premi\u00e8res d\u00e9cennies ont permis l&rsquo;acquisition d&rsquo;un v\u00e9ritable savoir-faire ainsi que d&rsquo;\u00e9tablir une notori\u00e9t\u00e9 certaine, c&rsquo;est plus r\u00e9cemment que les \u00e9volutions les plus fortes ont eu lieu. Fort de son exp\u00e9rience r\u00e9ussie ces 10 derni\u00e8res ann\u00e9es sur Internet, Le Comptoir National de l&rsquo;Or a engag\u00e9 un d\u00e9veloppement original, m\u00ealant son savoir faire historique d&rsquo;activit\u00e9 traditionnelle de n\u00e9goce de m\u00e9taux pr\u00e9cieux, son savoir faire Web en y associant l&rsquo;\u00e9nergie et la d\u00e9termination d&rsquo;un r\u00e9seau de professionnels ind\u00e9pendants.    Cet alliage d&rsquo;un savoir-faire traditionnel, d&rsquo;innovation marketing et l&rsquo;invention d&rsquo;un business mod\u00e8le originale est la recette qui nous permet aujourd&rsquo;hui d&rsquo;allier performance, rigueur et flexibilit\u00e9 dans un environnement de plus en plus incertain, \u00e9conomiquement et financi\u00e8rement. L&rsquo;inqui\u00e9tude g\u00e9n\u00e9r\u00e9e par les incertitudes financi\u00e8res rend l&rsquo;Or attractif pour de nombreux investisseurs souhaitant prot\u00e9ger leur patrimoine.    D&rsquo;autre part, la crise \u00e9conomique pousse certains d\u00e9tenteurs d&rsquo;or \u00e0 venir c\u00e9der leurs biens sous forme de vieil or. La \u00ab\u00a0ru\u00e9e vers l&rsquo;Or\u00a0\u00bb des ann\u00e9es 2010 \u00e0 2013 avait attir\u00e9 un certain nombre de concurrents dont la plupart ont depuis abandonn\u00e9 le march\u00e9, le volume de transactions d&rsquo;achat vente ayant chut\u00e9 avec le cours de l&rsquo;Or (40% de baisse de march\u00e9). Cette p\u00e9riode de forte turbulence est derri\u00e8re nous, avec un cours de l&rsquo;or aujourd&rsquo;hui revenu \u00e0 des niveaux en phase avec les fondamentaux historiques et, force est de constater que seul le Comptoir National de l&rsquo;Or a surv\u00e9cu \u00e0 cette temp\u00eate, gr\u00e2ce \u00e0 l&rsquo;agilit\u00e9 de sa structure, et \u00e0 la qualit\u00e9 des services rendus \u00e0 une client\u00e8le exigeante.    La r\u00e9silience d\u00e9montr\u00e9e par notre soci\u00e9t\u00e9 fait la preuve de la pertinence du choix de d\u00e9veloppement fait au d\u00e9but des ann\u00e9es 2010 par Laurent Schwartz. Le Comptoir National de l&rsquo;Or, est donc le seul r\u00e9seau de notre secteur qui a su montrer sa capacit\u00e9 \u00e0 tirer profit des ann\u00e9es de vaches grasses et \u00e0 survivre aux ann\u00e9es de vaches maigres.    Dans ce contexte, il nous semble aujourd&rsquo;hui crucial de renforcer la position de leader du Comptoir National de l&rsquo;Or sur son march\u00e9 historique en augmentant ses parts de march\u00e9, coupant l&rsquo;herbe sous le pied \u00e0 l&rsquo;opportunisme d&rsquo;\u00e9ventuels nouveaux entrants. Cette croissance pour les ann\u00e9es \u00e0 venir, si elle d\u00e9pend certainement des \u00e9volutions macro-\u00e9conomiques, repose principalement sur deux axes\u00a0:  <\/p>\n<ol>\n<li>Accompagner les partenaires existant pour ouvrir de nouveaux comptoirs et recruter de nouveaux partenaires, en France et \u00e0 l&rsquo;\u00e9tranger<\/li>\n<li>Continuer \u00e0 faire \u00e9voluer notre savoir-faire en innovant pour am\u00e9liorer la performance de nos agences<\/li>\n<\/ol>\n<p>  &nbsp;<\/p>\n<!-- AddThis Advanced Settings generic via filter on the_content --><!-- AddThis Share Buttons generic via filter on the_content -->","protected":false},"excerpt":{"rendered":"<p>C&rsquo;\u00e9tait il y a 40 ans. 1976. Alors qu&rsquo;une terrible s\u00e9cheresse frappe les campagnes et les coeurs, ouvre le premier comptoir de l&rsquo;or en Alsace, \u00e0 Strasbourg, au 10 place du Temple neuf. Aujourd&rsquo;hui. 2016. Alors [&hellip;]<\/p>\n","protected":false},"author":6,"featured_media":20340,"comment_status":"closed","ping_status":"closed","sticky":false,"template":"","format":"standard","meta":{"_mbp_gutenberg_autopost":false,"_pgmb_is_evergreen":false,"_pgmb_ap_template_id":0,"footnotes":""},"categories":[4],"tags":[946,76],"ppma_author":[2567],"class_list":["post-20310","post","type-post","status-publish","format-standard","has-post-thumbnail","hentry","category-analyses-economiques","tag-analyse-et-perspectives","tag-or"],"yoast_head":"<!-- This site is optimized with the Yoast SEO plugin v27.5 - https:\/\/yoast.com\/product\/yoast-seo-wordpress\/ -->\n<title>40 ans, l&#039;\u00e2ge de raison - Gold.fr<\/title>\n<meta name=\"robots\" content=\"index, follow, max-snippet:-1, max-image-preview:large, max-video-preview:-1\" \/>\n<link rel=\"canonical\" href=\"https:\/\/www.gold.fr\/news\/2016\/10\/31\/40-ans-lage-de-raison\/\" \/>\n<meta property=\"og:locale\" content=\"fr_FR\" \/>\n<meta property=\"og:type\" content=\"article\" \/>\n<meta property=\"og:title\" content=\"40 ans, l&#039;\u00e2ge de raison - Gold.fr\" \/>\n<meta property=\"og:description\" content=\"C&rsquo;\u00e9tait il y a 40 ans. 1976. Alors qu&rsquo;une terrible s\u00e9cheresse frappe les campagnes et les coeurs, ouvre le premier comptoir de l&rsquo;or en Alsace, \u00e0 Strasbourg, au 10 place du Temple neuf. Aujourd&rsquo;hui. 2016. Alors [&hellip;]\" \/>\n<meta property=\"og:url\" content=\"https:\/\/www.gold.fr\/news\/2016\/10\/31\/40-ans-lage-de-raison\/\" \/>\n<meta property=\"og:site_name\" content=\"Gold.fr\" \/>\n<meta property=\"article:publisher\" content=\"https:\/\/www.facebook.com\/Goldfr\/\" \/>\n<meta property=\"article:published_time\" content=\"2016-10-31T13:34:33+00:00\" \/>\n<meta property=\"article:modified_time\" content=\"2021-01-13T12:42:07+00:00\" \/>\n<meta property=\"og:image\" content=\"https:\/\/www.gold.fr\/news\/wp-content\/uploads\/2016\/10\/40-ans-Comptoir-National-de-l-or-e1478096138333.png\" \/>\n\t<meta property=\"og:image:width\" content=\"350\" \/>\n\t<meta property=\"og:image:height\" content=\"350\" \/>\n\t<meta property=\"og:image:type\" content=\"image\/png\" \/>\n<meta name=\"author\" content=\"Laurent Schwartz\" \/>\n<meta name=\"twitter:card\" content=\"summary_large_image\" \/>\n<meta name=\"twitter:label1\" content=\"\u00c9crit par\" \/>\n\t<meta name=\"twitter:data1\" content=\"Laurent Schwartz\" \/>\n\t<meta name=\"twitter:label2\" content=\"Dur\u00e9e de lecture estim\u00e9e\" \/>\n\t<meta name=\"twitter:data2\" content=\"3 minutes\" \/>\n<script type=\"application\/ld+json\" class=\"yoast-schema-graph\">{\"@context\":\"https:\\\/\\\/schema.org\",\"@graph\":[{\"@type\":\"Article\",\"@id\":\"https:\\\/\\\/www.gold.fr\\\/news\\\/2016\\\/10\\\/31\\\/40-ans-lage-de-raison\\\/#article\",\"isPartOf\":{\"@id\":\"https:\\\/\\\/www.gold.fr\\\/news\\\/2016\\\/10\\\/31\\\/40-ans-lage-de-raison\\\/\"},\"author\":{\"name\":\"Laurent Schwartz\",\"@id\":\"https:\\\/\\\/www.gold.fr\\\/news\\\/#\\\/schema\\\/person\\\/4ed91d9a70d8f3a313c26e8308214fc2\"},\"headline\":\"40 ans, l&rsquo;\u00e2ge de raison\",\"datePublished\":\"2016-10-31T13:34:33+00:00\",\"dateModified\":\"2021-01-13T12:42:07+00:00\",\"mainEntityOfPage\":{\"@id\":\"https:\\\/\\\/www.gold.fr\\\/news\\\/2016\\\/10\\\/31\\\/40-ans-lage-de-raison\\\/\"},\"wordCount\":581,\"image\":{\"@id\":\"https:\\\/\\\/www.gold.fr\\\/news\\\/2016\\\/10\\\/31\\\/40-ans-lage-de-raison\\\/#primaryimage\"},\"thumbnailUrl\":\"https:\\\/\\\/www.gold.fr\\\/news\\\/wp-content\\\/uploads\\\/2016\\\/10\\\/40-ans-Comptoir-National-de-l-or-e1478096138333.png\",\"keywords\":[\"Analyse et perspectives\",\"Or\"],\"articleSection\":[\"Analyses Economiques\"],\"inLanguage\":\"fr-FR\"},{\"@type\":\"WebPage\",\"@id\":\"https:\\\/\\\/www.gold.fr\\\/news\\\/2016\\\/10\\\/31\\\/40-ans-lage-de-raison\\\/\",\"url\":\"https:\\\/\\\/www.gold.fr\\\/news\\\/2016\\\/10\\\/31\\\/40-ans-lage-de-raison\\\/\",\"name\":\"40 ans, l'\u00e2ge de raison - Gold.fr\",\"isPartOf\":{\"@id\":\"https:\\\/\\\/www.gold.fr\\\/news\\\/#website\"},\"primaryImageOfPage\":{\"@id\":\"https:\\\/\\\/www.gold.fr\\\/news\\\/2016\\\/10\\\/31\\\/40-ans-lage-de-raison\\\/#primaryimage\"},\"image\":{\"@id\":\"https:\\\/\\\/www.gold.fr\\\/news\\\/2016\\\/10\\\/31\\\/40-ans-lage-de-raison\\\/#primaryimage\"},\"thumbnailUrl\":\"https:\\\/\\\/www.gold.fr\\\/news\\\/wp-content\\\/uploads\\\/2016\\\/10\\\/40-ans-Comptoir-National-de-l-or-e1478096138333.png\",\"datePublished\":\"2016-10-31T13:34:33+00:00\",\"dateModified\":\"2021-01-13T12:42:07+00:00\",\"author\":{\"@id\":\"https:\\\/\\\/www.gold.fr\\\/news\\\/#\\\/schema\\\/person\\\/4ed91d9a70d8f3a313c26e8308214fc2\"},\"breadcrumb\":{\"@id\":\"https:\\\/\\\/www.gold.fr\\\/news\\\/2016\\\/10\\\/31\\\/40-ans-lage-de-raison\\\/#breadcrumb\"},\"inLanguage\":\"fr-FR\",\"potentialAction\":[{\"@type\":\"ReadAction\",\"target\":[\"https:\\\/\\\/www.gold.fr\\\/news\\\/2016\\\/10\\\/31\\\/40-ans-lage-de-raison\\\/\"]}]},{\"@type\":\"ImageObject\",\"inLanguage\":\"fr-FR\",\"@id\":\"https:\\\/\\\/www.gold.fr\\\/news\\\/2016\\\/10\\\/31\\\/40-ans-lage-de-raison\\\/#primaryimage\",\"url\":\"https:\\\/\\\/www.gold.fr\\\/news\\\/wp-content\\\/uploads\\\/2016\\\/10\\\/40-ans-Comptoir-National-de-l-or-e1478096138333.png\",\"contentUrl\":\"https:\\\/\\\/www.gold.fr\\\/news\\\/wp-content\\\/uploads\\\/2016\\\/10\\\/40-ans-Comptoir-National-de-l-or-e1478096138333.png\",\"width\":350,\"height\":350,\"caption\":\"40 ans, l'\u00e2ge de raison\"},{\"@type\":\"BreadcrumbList\",\"@id\":\"https:\\\/\\\/www.gold.fr\\\/news\\\/2016\\\/10\\\/31\\\/40-ans-lage-de-raison\\\/#breadcrumb\",\"itemListElement\":[{\"@type\":\"ListItem\",\"position\":1,\"name\":\"Accueil\",\"item\":\"https:\\\/\\\/www.gold.fr\\\/\"},{\"@type\":\"ListItem\",\"position\":2,\"name\":\"Actualit\u00e9s\",\"item\":\"https:\\\/\\\/www.gold.fr\\\/news\\\/\"},{\"@type\":\"ListItem\",\"position\":3,\"name\":\"40 ans, l&rsquo;\u00e2ge de raison\"}]},{\"@type\":\"WebSite\",\"@id\":\"https:\\\/\\\/www.gold.fr\\\/news\\\/#website\",\"url\":\"https:\\\/\\\/www.gold.fr\\\/news\\\/\",\"name\":\"Gold.fr\",\"description\":\"Actualit\u00e9s de l&#039;Or et des m\u00e9taux pr\u00e9cieux\",\"potentialAction\":[{\"@type\":\"SearchAction\",\"target\":{\"@type\":\"EntryPoint\",\"urlTemplate\":\"https:\\\/\\\/www.gold.fr\\\/news\\\/?s={search_term_string}\"},\"query-input\":{\"@type\":\"PropertyValueSpecification\",\"valueRequired\":true,\"valueName\":\"search_term_string\"}}],\"inLanguage\":\"fr-FR\"},{\"@type\":\"Person\",\"@id\":\"https:\\\/\\\/www.gold.fr\\\/news\\\/#\\\/schema\\\/person\\\/4ed91d9a70d8f3a313c26e8308214fc2\",\"name\":\"Laurent Schwartz\",\"image\":{\"@type\":\"ImageObject\",\"inLanguage\":\"fr-FR\",\"@id\":\"https:\\\/\\\/secure.gravatar.com\\\/avatar\\\/1496f846049365121827f5470219486f1a95f83957cc8ca0a9595e40c185f5ee?s=96&d=mm&r=g76f0e87c9ba82a161860a0fc16990d85\",\"url\":\"https:\\\/\\\/secure.gravatar.com\\\/avatar\\\/1496f846049365121827f5470219486f1a95f83957cc8ca0a9595e40c185f5ee?s=96&d=mm&r=g\",\"contentUrl\":\"https:\\\/\\\/secure.gravatar.com\\\/avatar\\\/1496f846049365121827f5470219486f1a95f83957cc8ca0a9595e40c185f5ee?s=96&d=mm&r=g\",\"caption\":\"Laurent Schwartz\"},\"description\":\"Dipl\u00f4m\u00e9 de l\u2019EDHEC Business School en 2005, Laurent SCHWARTZ int\u00e8gre le cabinet d\u2019audit ERNST &amp; YOUNG en 2005 o\u00f9 il travaille pendant 4 ans. Parall\u00e8lement, il travaille au sein de l\u2019entreprise familiale cr\u00e9\u00e9e en 1976 \u00e0 Strasbourg. Fort de cette exp\u00e9rience et du savoir-faire d\u00e9velopp\u00e9 durant ces 40 derni\u00e8res ann\u00e9es, Laurent proc\u00e8de \u00e0 la refonte du site Internet Gold.fr d\u00e9di\u00e9 \u00e0 l\u2019achat d'or, vente d\u2019or (pi\u00e8ces, lingots, ...), achat or et argent,... qui conna\u00eetra un franc succ\u00e8s d\u00e8s son d\u00e9marrage en 2008. Il d\u00e9cide alors de d\u00e9velopper un r\u00e9seau de concessions exclusives: Le Comptoir National de l\u2019Or. Il assure d\u00e9sormais le pilotage strat\u00e9gique du 1er r\u00e9seau de France qui compte aujourd\u2019hui pas loin de 60 agences r\u00e9parties dans toute la France et depuis peu en Allemagne (Breisach). Le Comptoir National de l\u2019Or se positionne aujourd\u2019hui comme le leader incontournable sur le march\u00e9 de l\u2019Or et des m\u00e9taux pr\u00e9cieux en France.\",\"sameAs\":[\"https:\\\/\\\/www.gold.fr\",\"https:\\\/\\\/www.linkedin.com\\\/in\\\/acheteror\\\/\"]}]}<\/script>\n<!-- \/ Yoast SEO plugin. -->","yoast_head_json":{"title":"40 ans, l'\u00e2ge de raison - Gold.fr","robots":{"index":"index","follow":"follow","max-snippet":"max-snippet:-1","max-image-preview":"max-image-preview:large","max-video-preview":"max-video-preview:-1"},"canonical":"https:\/\/www.gold.fr\/news\/2016\/10\/31\/40-ans-lage-de-raison\/","og_locale":"fr_FR","og_type":"article","og_title":"40 ans, l'\u00e2ge de raison - Gold.fr","og_description":"C&rsquo;\u00e9tait il y a 40 ans. 1976. Alors qu&rsquo;une terrible s\u00e9cheresse frappe les campagnes et les coeurs, ouvre le premier comptoir de l&rsquo;or en Alsace, \u00e0 Strasbourg, au 10 place du Temple neuf. Aujourd&rsquo;hui. 2016. Alors [&hellip;]","og_url":"https:\/\/www.gold.fr\/news\/2016\/10\/31\/40-ans-lage-de-raison\/","og_site_name":"Gold.fr","article_publisher":"https:\/\/www.facebook.com\/Goldfr\/","article_published_time":"2016-10-31T13:34:33+00:00","article_modified_time":"2021-01-13T12:42:07+00:00","og_image":[{"width":350,"height":350,"url":"https:\/\/www.gold.fr\/news\/wp-content\/uploads\/2016\/10\/40-ans-Comptoir-National-de-l-or-e1478096138333.png","type":"image\/png"}],"author":"Laurent Schwartz","twitter_card":"summary_large_image","twitter_misc":{"\u00c9crit par":"Laurent Schwartz","Dur\u00e9e de lecture estim\u00e9e":"3 minutes"},"schema":{"@context":"https:\/\/schema.org","@graph":[{"@type":"Article","@id":"https:\/\/www.gold.fr\/news\/2016\/10\/31\/40-ans-lage-de-raison\/#article","isPartOf":{"@id":"https:\/\/www.gold.fr\/news\/2016\/10\/31\/40-ans-lage-de-raison\/"},"author":{"name":"Laurent Schwartz","@id":"https:\/\/www.gold.fr\/news\/#\/schema\/person\/4ed91d9a70d8f3a313c26e8308214fc2"},"headline":"40 ans, l&rsquo;\u00e2ge de raison","datePublished":"2016-10-31T13:34:33+00:00","dateModified":"2021-01-13T12:42:07+00:00","mainEntityOfPage":{"@id":"https:\/\/www.gold.fr\/news\/2016\/10\/31\/40-ans-lage-de-raison\/"},"wordCount":581,"image":{"@id":"https:\/\/www.gold.fr\/news\/2016\/10\/31\/40-ans-lage-de-raison\/#primaryimage"},"thumbnailUrl":"https:\/\/www.gold.fr\/news\/wp-content\/uploads\/2016\/10\/40-ans-Comptoir-National-de-l-or-e1478096138333.png","keywords":["Analyse et perspectives","Or"],"articleSection":["Analyses Economiques"],"inLanguage":"fr-FR"},{"@type":"WebPage","@id":"https:\/\/www.gold.fr\/news\/2016\/10\/31\/40-ans-lage-de-raison\/","url":"https:\/\/www.gold.fr\/news\/2016\/10\/31\/40-ans-lage-de-raison\/","name":"40 ans, l'\u00e2ge de raison - Gold.fr","isPartOf":{"@id":"https:\/\/www.gold.fr\/news\/#website"},"primaryImageOfPage":{"@id":"https:\/\/www.gold.fr\/news\/2016\/10\/31\/40-ans-lage-de-raison\/#primaryimage"},"image":{"@id":"https:\/\/www.gold.fr\/news\/2016\/10\/31\/40-ans-lage-de-raison\/#primaryimage"},"thumbnailUrl":"https:\/\/www.gold.fr\/news\/wp-content\/uploads\/2016\/10\/40-ans-Comptoir-National-de-l-or-e1478096138333.png","datePublished":"2016-10-31T13:34:33+00:00","dateModified":"2021-01-13T12:42:07+00:00","author":{"@id":"https:\/\/www.gold.fr\/news\/#\/schema\/person\/4ed91d9a70d8f3a313c26e8308214fc2"},"breadcrumb":{"@id":"https:\/\/www.gold.fr\/news\/2016\/10\/31\/40-ans-lage-de-raison\/#breadcrumb"},"inLanguage":"fr-FR","potentialAction":[{"@type":"ReadAction","target":["https:\/\/www.gold.fr\/news\/2016\/10\/31\/40-ans-lage-de-raison\/"]}]},{"@type":"ImageObject","inLanguage":"fr-FR","@id":"https:\/\/www.gold.fr\/news\/2016\/10\/31\/40-ans-lage-de-raison\/#primaryimage","url":"https:\/\/www.gold.fr\/news\/wp-content\/uploads\/2016\/10\/40-ans-Comptoir-National-de-l-or-e1478096138333.png","contentUrl":"https:\/\/www.gold.fr\/news\/wp-content\/uploads\/2016\/10\/40-ans-Comptoir-National-de-l-or-e1478096138333.png","width":350,"height":350,"caption":"40 ans, l'\u00e2ge de raison"},{"@type":"BreadcrumbList","@id":"https:\/\/www.gold.fr\/news\/2016\/10\/31\/40-ans-lage-de-raison\/#breadcrumb","itemListElement":[{"@type":"ListItem","position":1,"name":"Accueil","item":"https:\/\/www.gold.fr\/"},{"@type":"ListItem","position":2,"name":"Actualit\u00e9s","item":"https:\/\/www.gold.fr\/news\/"},{"@type":"ListItem","position":3,"name":"40 ans, l&rsquo;\u00e2ge de raison"}]},{"@type":"WebSite","@id":"https:\/\/www.gold.fr\/news\/#website","url":"https:\/\/www.gold.fr\/news\/","name":"Gold.fr","description":"Actualit\u00e9s de l&#039;Or et des m\u00e9taux pr\u00e9cieux","potentialAction":[{"@type":"SearchAction","target":{"@type":"EntryPoint","urlTemplate":"https:\/\/www.gold.fr\/news\/?s={search_term_string}"},"query-input":{"@type":"PropertyValueSpecification","valueRequired":true,"valueName":"search_term_string"}}],"inLanguage":"fr-FR"},{"@type":"Person","@id":"https:\/\/www.gold.fr\/news\/#\/schema\/person\/4ed91d9a70d8f3a313c26e8308214fc2","name":"Laurent Schwartz","image":{"@type":"ImageObject","inLanguage":"fr-FR","@id":"https:\/\/secure.gravatar.com\/avatar\/1496f846049365121827f5470219486f1a95f83957cc8ca0a9595e40c185f5ee?s=96&d=mm&r=g76f0e87c9ba82a161860a0fc16990d85","url":"https:\/\/secure.gravatar.com\/avatar\/1496f846049365121827f5470219486f1a95f83957cc8ca0a9595e40c185f5ee?s=96&d=mm&r=g","contentUrl":"https:\/\/secure.gravatar.com\/avatar\/1496f846049365121827f5470219486f1a95f83957cc8ca0a9595e40c185f5ee?s=96&d=mm&r=g","caption":"Laurent Schwartz"},"description":"Dipl\u00f4m\u00e9 de l\u2019EDHEC Business School en 2005, Laurent SCHWARTZ int\u00e8gre le cabinet d\u2019audit ERNST &amp; YOUNG en 2005 o\u00f9 il travaille pendant 4 ans. Parall\u00e8lement, il travaille au sein de l\u2019entreprise familiale cr\u00e9\u00e9e en 1976 \u00e0 Strasbourg. Fort de cette exp\u00e9rience et du savoir-faire d\u00e9velopp\u00e9 durant ces 40 derni\u00e8res ann\u00e9es, Laurent proc\u00e8de \u00e0 la refonte du site Internet Gold.fr d\u00e9di\u00e9 \u00e0 l\u2019achat d'or, vente d\u2019or (pi\u00e8ces, lingots, ...), achat or et argent,... qui conna\u00eetra un franc succ\u00e8s d\u00e8s son d\u00e9marrage en 2008. Il d\u00e9cide alors de d\u00e9velopper un r\u00e9seau de concessions exclusives: Le Comptoir National de l\u2019Or. Il assure d\u00e9sormais le pilotage strat\u00e9gique du 1er r\u00e9seau de France qui compte aujourd\u2019hui pas loin de 60 agences r\u00e9parties dans toute la France et depuis peu en Allemagne (Breisach). Le Comptoir National de l\u2019Or se positionne aujourd\u2019hui comme le leader incontournable sur le march\u00e9 de l\u2019Or et des m\u00e9taux pr\u00e9cieux en France.","sameAs":["https:\/\/www.gold.fr","https:\/\/www.linkedin.com\/in\/acheteror\/"]}]}},"authors":[{"term_id":2567,"user_id":6,"is_guest":0,"slug":"laurent","display_name":"Laurent Schwartz","avatar_url":"https:\/\/secure.gravatar.com\/avatar\/1496f846049365121827f5470219486f1a95f83957cc8ca0a9595e40c185f5ee?s=96&d=mm&r=g","0":null,"1":"","2":"","3":"","4":"","5":"","6":"","7":"","8":""}],"_links":{"self":[{"href":"https:\/\/www.gold.fr\/news\/wp-json\/wp\/v2\/posts\/20310","targetHints":{"allow":["GET"]}}],"collection":[{"href":"https:\/\/www.gold.fr\/news\/wp-json\/wp\/v2\/posts"}],"about":[{"href":"https:\/\/www.gold.fr\/news\/wp-json\/wp\/v2\/types\/post"}],"author":[{"embeddable":true,"href":"https:\/\/www.gold.fr\/news\/wp-json\/wp\/v2\/users\/6"}],"replies":[{"embeddable":true,"href":"https:\/\/www.gold.fr\/news\/wp-json\/wp\/v2\/comments?post=20310"}],"version-history":[{"count":0,"href":"https:\/\/www.gold.fr\/news\/wp-json\/wp\/v2\/posts\/20310\/revisions"}],"wp:featuredmedia":[{"embeddable":true,"href":"https:\/\/www.gold.fr\/news\/wp-json\/wp\/v2\/media\/20340"}],"wp:attachment":[{"href":"https:\/\/www.gold.fr\/news\/wp-json\/wp\/v2\/media?parent=20310"}],"wp:term":[{"taxonomy":"category","embeddable":true,"href":"https:\/\/www.gold.fr\/news\/wp-json\/wp\/v2\/categories?post=20310"},{"taxonomy":"post_tag","embeddable":true,"href":"https:\/\/www.gold.fr\/news\/wp-json\/wp\/v2\/tags?post=20310"},{"taxonomy":"author","embeddable":true,"href":"https:\/\/www.gold.fr\/news\/wp-json\/wp\/v2\/ppma_author?post=20310"}],"curies":[{"name":"wp","href":"https:\/\/api.w.org\/{rel}","templated":true}]}}