{"id":20270,"date":"2016-10-19T09:00:34","date_gmt":"2016-10-19T07:00:34","guid":{"rendered":"https:\/\/www.gold.fr\/news\/?p=20270"},"modified":"2021-01-11T17:34:19","modified_gmt":"2021-01-11T16:34:19","slug":"lor-2016-performance-perspectives","status":"publish","type":"post","link":"https:\/\/www.gold.fr\/news\/2016\/10\/19\/lor-2016-performance-perspectives\/","title":{"rendered":"L\u2019or en 2016 : Performance et perspectives"},"content":{"rendered":"<p>L&rsquo;ann\u00e9e 2016 sera la premi\u00e8re, depuis 5 ans, \u00e0 afficher une performance globale haussi\u00e8re pour le <a class=\"esk-seo-plu-link\" href=\"https:\/\/www.gold.fr\/news\/tags\/or\">m\u00e9tal jaune<\/a>. En hausse de <strong>20%<\/strong>, au d\u00e9compte du mois d&rsquo;octobre, l&rsquo;once avait accumul\u00e9 le plus gros de ses gains lors du premier semestre de l&rsquo;ann\u00e9e. La r\u00e9cente vague de correction n&rsquo;annule pas ces gains mais soul\u00e8ve quelques points d&rsquo;interrogation quant \u00e0 l&rsquo;avenir \u00e0 court terme du march\u00e9.<\/p>\n<h2>Tour d&rsquo;horizon du march\u00e9 de l&rsquo;or.<\/h2>\n<p><img loading=\"lazy\" decoding=\"async\" class=\"alignleft wp-image-3241 size-thumbnail\" title=\"L\u2019or en 2016 : Performance et perspectives\" src=\"https:\/\/www.gold.fr\/news\/wp-content\/uploads\/2011\/10\/cours-or-1-150x150.jpg\" alt=\"L\u2019or en 2016 : Performance et perspectives\" width=\"150\" height=\"150\" \/>Un facteur central explique la hausse de l&rsquo;<a class=\"esk-seo-plu-link\" href=\"https:\/\/www.gold.fr\/news\/tags\/or\">or<\/a>, depuis le d\u00e9but de l&rsquo;ann\u00e9e ; sa valeur refuge. Les valeurs boursi\u00e8res inspirent m\u00e9fiance et scepticisme, au sein des march\u00e9s, dans un climat \u00e9conomique et financier domin\u00e9 par les crises r\u00e9gionales et internationales et les scandales banquiers.<\/p>\n<p>Par ailleurs, la valeur refuge de l&rsquo;<a class=\"esk-seo-plu-link\" href=\"https:\/\/www.gold.fr\/news\/tags\/or\">or<\/a> a \u00e9galement \u00e9t\u00e9 boost\u00e9e par les incertitudes g\u00e9n\u00e9r\u00e9es par les annonces de la r\u00e9serve f\u00e9d\u00e9rale am\u00e9ricaine et de la banque centrale europ\u00e9enne. Le <a class=\"esk-seo-plu-link\" href=\"https:\/\/www.gold.fr\/news\/tags\/or\">m\u00e9tal jaune<\/a> a en effet, traditionnellement, tendance \u00e0 rebondir sur l&rsquo;instabilit\u00e9 de la conjoncture \u00e9conomique, surtout lorsqu&rsquo;elle est directement reli\u00e9e \u00e0 la <strong>FED<\/strong> et\/ou la <strong>BCE<\/strong>.<\/p>\n<p>L&rsquo;inverse se v\u00e9rifie aussi, et c&rsquo;\u00e9tait le cas notamment tout au long du mois d&rsquo;octobre. Le billet vert s&rsquo;est en effet retrouv\u00e9 \u00e0 son taux le plus \u00e9lev\u00e9 depuis <strong>1985<\/strong>, face \u00e0 la monnaie britannique, et avec la relation invers\u00e9e entre le dollar et l&rsquo;<a class=\"esk-seo-plu-link\" href=\"https:\/\/www.gold.fr\/news\/tags\/or\">or<\/a>, il \u00e9tait naturel que le <a class=\"esk-seo-plu-link\" href=\"https:\/\/www.gold.fr\/news\/tags\/or\">m\u00e9tal jaune<\/a> enregistre une baisse (passant sous le palier des <strong>1 300 dollars<\/strong> <a href=\"https:\/\/www.gold.fr\/once-or-nyc\/\" target=\"_blank\" rel=\"noopener noreferrer\">l\u2019once<\/a>).<\/p>\n<p>A quoi faut-il s&rsquo;attendre \u00e0 pr\u00e9sent ? Avec la hausse pr\u00e9vue des taux directeurs de la <strong>FED<\/strong>, d&rsquo;ici le mois de d\u00e9cembre, les march\u00e9s boursiers sont \u00e9galement attendus \u00e0 la hausse, durant cette m\u00eame p\u00e9riode. Les experts estiment toutefois que cette phase devrait fortement b\u00e9n\u00e9ficier aux investisseurs acheteurs du march\u00e9, et qu&rsquo;elle sera suivie de pr\u00e8s, d\u00e8s le d\u00e9but de l&rsquo;ann\u00e9e prochaine, par un retour de la hausse, soutenu par la tendance de fond qui perdure depuis le deuxi\u00e8me semestre 2015.<\/p>\n<!-- AddThis Advanced Settings generic via filter on the_content --><!-- AddThis Share Buttons generic via filter on the_content -->","protected":false},"excerpt":{"rendered":"<p>L&rsquo;ann\u00e9e 2016 sera la premi\u00e8re, depuis 5 ans, \u00e0 afficher une performance globale haussi\u00e8re pour le m\u00e9tal jaune. En hausse de 20%, au d\u00e9compte du mois d&rsquo;octobre, l&rsquo;once avait accumul\u00e9 le plus gros de ses gains [&hellip;]<\/p>\n","protected":false},"author":18,"featured_media":3241,"comment_status":"closed","ping_status":"closed","sticky":false,"template":"","format":"standard","meta":{"_mbp_gutenberg_autopost":false,"_pgmb_is_evergreen":false,"_pgmb_ap_template_id":0,"footnotes":""},"categories":[6],"tags":[1043,1052],"ppma_author":[2565],"class_list":["post-20270","post","type-post","status-publish","format-standard","has-post-thumbnail","hentry","category-articles-de-presse","tag-bilan","tag-bilan-or"],"yoast_head":"<!-- This site is optimized with the Yoast SEO plugin v27.5 - https:\/\/yoast.com\/product\/yoast-seo-wordpress\/ -->\n<title>L\u2019or en 2016 : Performance et perspectives<\/title>\n<meta name=\"description\" content=\"L\u2019ann\u00e9e 2016 sera la premi\u00e8re, depuis 5 ans, \u00e0 afficher une performance globale haussi\u00e8re pour le m\u00e9tal jaune. En hausse de 20%, au d\u00e9comp...\" \/>\n<meta name=\"robots\" content=\"index, follow, max-snippet:-1, max-image-preview:large, max-video-preview:-1\" \/>\n<link rel=\"canonical\" href=\"https:\/\/www.gold.fr\/news\/2016\/10\/19\/lor-2016-performance-perspectives\/\" \/>\n<meta property=\"og:locale\" content=\"fr_FR\" \/>\n<meta property=\"og:type\" content=\"article\" \/>\n<meta property=\"og:title\" content=\"L\u2019or en 2016 : Performance et perspectives\" \/>\n<meta property=\"og:description\" content=\"L\u2019ann\u00e9e 2016 sera la premi\u00e8re, depuis 5 ans, \u00e0 afficher une performance globale haussi\u00e8re pour le m\u00e9tal jaune. En hausse de 20%, au d\u00e9comp...\" \/>\n<meta property=\"og:url\" content=\"https:\/\/www.gold.fr\/news\/2016\/10\/19\/lor-2016-performance-perspectives\/\" \/>\n<meta property=\"og:site_name\" content=\"Gold.fr\" \/>\n<meta property=\"article:publisher\" content=\"https:\/\/www.facebook.com\/Goldfr\/\" \/>\n<meta property=\"article:published_time\" content=\"2016-10-19T07:00:34+00:00\" \/>\n<meta property=\"article:modified_time\" content=\"2021-01-11T16:34:19+00:00\" \/>\n<meta property=\"og:image\" content=\"https:\/\/www.gold.fr\/news\/wp-content\/uploads\/2011\/10\/cours-or-1-e1319812143947.jpg\" \/>\n\t<meta property=\"og:image:width\" content=\"600\" \/>\n\t<meta property=\"og:image:height\" content=\"400\" \/>\n\t<meta property=\"og:image:type\" content=\"image\/jpeg\" \/>\n<meta name=\"author\" content=\"Comptoir National de l&#039;Or\" \/>\n<meta name=\"twitter:card\" content=\"summary_large_image\" \/>\n<meta name=\"twitter:label1\" content=\"\u00c9crit par\" \/>\n\t<meta name=\"twitter:data1\" content=\"Comptoir National de l&#039;Or\" \/>\n\t<meta name=\"twitter:label2\" content=\"Dur\u00e9e de lecture estim\u00e9e\" \/>\n\t<meta name=\"twitter:data2\" content=\"2 minutes\" \/>\n<script type=\"application\/ld+json\" class=\"yoast-schema-graph\">{\"@context\":\"https:\\\/\\\/schema.org\",\"@graph\":[{\"@type\":\"Article\",\"@id\":\"https:\\\/\\\/www.gold.fr\\\/news\\\/2016\\\/10\\\/19\\\/lor-2016-performance-perspectives\\\/#article\",\"isPartOf\":{\"@id\":\"https:\\\/\\\/www.gold.fr\\\/news\\\/2016\\\/10\\\/19\\\/lor-2016-performance-perspectives\\\/\"},\"author\":{\"name\":\"Comptoir National de l'Or\",\"@id\":\"https:\\\/\\\/www.gold.fr\\\/news\\\/#\\\/schema\\\/person\\\/070491b4b4fb7671bf59b3be20302ce9\"},\"headline\":\"L\u2019or en 2016 : Performance et perspectives\",\"datePublished\":\"2016-10-19T07:00:34+00:00\",\"dateModified\":\"2021-01-11T16:34:19+00:00\",\"mainEntityOfPage\":{\"@id\":\"https:\\\/\\\/www.gold.fr\\\/news\\\/2016\\\/10\\\/19\\\/lor-2016-performance-perspectives\\\/\"},\"wordCount\":370,\"image\":{\"@id\":\"https:\\\/\\\/www.gold.fr\\\/news\\\/2016\\\/10\\\/19\\\/lor-2016-performance-perspectives\\\/#primaryimage\"},\"thumbnailUrl\":\"https:\\\/\\\/www.gold.fr\\\/news\\\/wp-content\\\/uploads\\\/2011\\\/10\\\/cours-or-1-e1319812143947.jpg\",\"keywords\":[\"Bilan\",\"Bilan Or\"],\"articleSection\":[\"Articles de presse\"],\"inLanguage\":\"fr-FR\"},{\"@type\":\"WebPage\",\"@id\":\"https:\\\/\\\/www.gold.fr\\\/news\\\/2016\\\/10\\\/19\\\/lor-2016-performance-perspectives\\\/\",\"url\":\"https:\\\/\\\/www.gold.fr\\\/news\\\/2016\\\/10\\\/19\\\/lor-2016-performance-perspectives\\\/\",\"name\":\"L\u2019or en 2016 : Performance et perspectives\",\"isPartOf\":{\"@id\":\"https:\\\/\\\/www.gold.fr\\\/news\\\/#website\"},\"primaryImageOfPage\":{\"@id\":\"https:\\\/\\\/www.gold.fr\\\/news\\\/2016\\\/10\\\/19\\\/lor-2016-performance-perspectives\\\/#primaryimage\"},\"image\":{\"@id\":\"https:\\\/\\\/www.gold.fr\\\/news\\\/2016\\\/10\\\/19\\\/lor-2016-performance-perspectives\\\/#primaryimage\"},\"thumbnailUrl\":\"https:\\\/\\\/www.gold.fr\\\/news\\\/wp-content\\\/uploads\\\/2011\\\/10\\\/cours-or-1-e1319812143947.jpg\",\"datePublished\":\"2016-10-19T07:00:34+00:00\",\"dateModified\":\"2021-01-11T16:34:19+00:00\",\"author\":{\"@id\":\"https:\\\/\\\/www.gold.fr\\\/news\\\/#\\\/schema\\\/person\\\/070491b4b4fb7671bf59b3be20302ce9\"},\"description\":\"L\u2019ann\u00e9e 2016 sera la premi\u00e8re, depuis 5 ans, \u00e0 afficher une performance globale haussi\u00e8re pour le m\u00e9tal jaune. En hausse de 20%, au d\u00e9comp...\",\"breadcrumb\":{\"@id\":\"https:\\\/\\\/www.gold.fr\\\/news\\\/2016\\\/10\\\/19\\\/lor-2016-performance-perspectives\\\/#breadcrumb\"},\"inLanguage\":\"fr-FR\",\"potentialAction\":[{\"@type\":\"ReadAction\",\"target\":[\"https:\\\/\\\/www.gold.fr\\\/news\\\/2016\\\/10\\\/19\\\/lor-2016-performance-perspectives\\\/\"]}]},{\"@type\":\"ImageObject\",\"inLanguage\":\"fr-FR\",\"@id\":\"https:\\\/\\\/www.gold.fr\\\/news\\\/2016\\\/10\\\/19\\\/lor-2016-performance-perspectives\\\/#primaryimage\",\"url\":\"https:\\\/\\\/www.gold.fr\\\/news\\\/wp-content\\\/uploads\\\/2011\\\/10\\\/cours-or-1-e1319812143947.jpg\",\"contentUrl\":\"https:\\\/\\\/www.gold.fr\\\/news\\\/wp-content\\\/uploads\\\/2011\\\/10\\\/cours-or-1-e1319812143947.jpg\",\"width\":\"600\",\"height\":\"400\",\"caption\":\"L'once maintient le cap\"},{\"@type\":\"BreadcrumbList\",\"@id\":\"https:\\\/\\\/www.gold.fr\\\/news\\\/2016\\\/10\\\/19\\\/lor-2016-performance-perspectives\\\/#breadcrumb\",\"itemListElement\":[{\"@type\":\"ListItem\",\"position\":1,\"name\":\"Accueil\",\"item\":\"https:\\\/\\\/www.gold.fr\\\/\"},{\"@type\":\"ListItem\",\"position\":2,\"name\":\"Actualit\u00e9s\",\"item\":\"https:\\\/\\\/www.gold.fr\\\/news\\\/\"},{\"@type\":\"ListItem\",\"position\":3,\"name\":\"L\u2019or en 2016 : Performance et perspectives\"}]},{\"@type\":\"WebSite\",\"@id\":\"https:\\\/\\\/www.gold.fr\\\/news\\\/#website\",\"url\":\"https:\\\/\\\/www.gold.fr\\\/news\\\/\",\"name\":\"Gold.fr\",\"description\":\"Actualit\u00e9s de l&#039;Or et des m\u00e9taux pr\u00e9cieux\",\"potentialAction\":[{\"@type\":\"SearchAction\",\"target\":{\"@type\":\"EntryPoint\",\"urlTemplate\":\"https:\\\/\\\/www.gold.fr\\\/news\\\/?s={search_term_string}\"},\"query-input\":{\"@type\":\"PropertyValueSpecification\",\"valueRequired\":true,\"valueName\":\"search_term_string\"}}],\"inLanguage\":\"fr-FR\"},{\"@type\":\"Person\",\"@id\":\"https:\\\/\\\/www.gold.fr\\\/news\\\/#\\\/schema\\\/person\\\/070491b4b4fb7671bf59b3be20302ce9\",\"name\":\"Comptoir National de l'Or\",\"image\":{\"@type\":\"ImageObject\",\"inLanguage\":\"fr-FR\",\"@id\":\"https:\\\/\\\/secure.gravatar.com\\\/avatar\\\/0a2867fd5abe37bed95d5a65e9d58f01756e11efc68af9888dfc50cfa7f65948?s=96&d=mm&r=gb490554db0a38188709de567aa58480d\",\"url\":\"https:\\\/\\\/secure.gravatar.com\\\/avatar\\\/0a2867fd5abe37bed95d5a65e9d58f01756e11efc68af9888dfc50cfa7f65948?s=96&d=mm&r=g\",\"contentUrl\":\"https:\\\/\\\/secure.gravatar.com\\\/avatar\\\/0a2867fd5abe37bed95d5a65e9d58f01756e11efc68af9888dfc50cfa7f65948?s=96&d=mm&r=g\",\"caption\":\"Comptoir National de l'Or\"},\"description\":\"Notre r\u00e9daction est constitu\u00e9e de membres experts dans les m\u00e9tiers de l'\u00e9conomie et la gestion, des Responsables d'agence Comptoir National de l'Or, des analystes financiers qui publient r\u00e9guli\u00e8rement des \u00e9tudes sur les politiques des banques centrales, le cours de l'or, prix de l'or, cours de l'argent, prix de l'argent, cours du platine, cours du palladium,... la situation en zone euro et l'impact de la strat\u00e9gie mon\u00e9taire de la FED. Notre \u00e9quipe scrute \u00e9galement une information plus g\u00e9n\u00e9raliste \u00e0 la recherche d'actualit\u00e9 \\\"p\u00e9pite\\\" \u00e0 vous partager. Depuis 5 ans, nous avons publi\u00e9 un peu plus de 4000 articles qui s'adressent \u00e0 un public large et vari\u00e9 ayant pour objectif de satisfaire votre curiosit\u00e9 et de partager avec vous une certaine fascination pour le m\u00e9tal jaune, le rachat d'or, et pour ceux qui veulent investir dans l'or, vendre leur or tout simplement en savoir plus... Pour tous vos achat or et argent, n'h\u00e9sitez pas \u00e0 prendre rendez-vous dans l'un de nos nombreux comptoirs.\",\"sameAs\":[\"https:\\\/\\\/www.gold.fr\"]}]}<\/script>\n<!-- \/ Yoast SEO plugin. -->","yoast_head_json":{"title":"L\u2019or en 2016 : Performance et perspectives","description":"L\u2019ann\u00e9e 2016 sera la premi\u00e8re, depuis 5 ans, \u00e0 afficher une performance globale haussi\u00e8re pour le m\u00e9tal jaune. En hausse de 20%, au d\u00e9comp...","robots":{"index":"index","follow":"follow","max-snippet":"max-snippet:-1","max-image-preview":"max-image-preview:large","max-video-preview":"max-video-preview:-1"},"canonical":"https:\/\/www.gold.fr\/news\/2016\/10\/19\/lor-2016-performance-perspectives\/","og_locale":"fr_FR","og_type":"article","og_title":"L\u2019or en 2016 : Performance et perspectives","og_description":"L\u2019ann\u00e9e 2016 sera la premi\u00e8re, depuis 5 ans, \u00e0 afficher une performance globale haussi\u00e8re pour le m\u00e9tal jaune. En hausse de 20%, au d\u00e9comp...","og_url":"https:\/\/www.gold.fr\/news\/2016\/10\/19\/lor-2016-performance-perspectives\/","og_site_name":"Gold.fr","article_publisher":"https:\/\/www.facebook.com\/Goldfr\/","article_published_time":"2016-10-19T07:00:34+00:00","article_modified_time":"2021-01-11T16:34:19+00:00","og_image":[{"width":600,"height":400,"url":"https:\/\/www.gold.fr\/news\/wp-content\/uploads\/2011\/10\/cours-or-1-e1319812143947.jpg","type":"image\/jpeg"}],"author":"Comptoir National de l'Or","twitter_card":"summary_large_image","twitter_misc":{"\u00c9crit par":"Comptoir National de l'Or","Dur\u00e9e de lecture estim\u00e9e":"2 minutes"},"schema":{"@context":"https:\/\/schema.org","@graph":[{"@type":"Article","@id":"https:\/\/www.gold.fr\/news\/2016\/10\/19\/lor-2016-performance-perspectives\/#article","isPartOf":{"@id":"https:\/\/www.gold.fr\/news\/2016\/10\/19\/lor-2016-performance-perspectives\/"},"author":{"name":"Comptoir National de l'Or","@id":"https:\/\/www.gold.fr\/news\/#\/schema\/person\/070491b4b4fb7671bf59b3be20302ce9"},"headline":"L\u2019or en 2016 : Performance et perspectives","datePublished":"2016-10-19T07:00:34+00:00","dateModified":"2021-01-11T16:34:19+00:00","mainEntityOfPage":{"@id":"https:\/\/www.gold.fr\/news\/2016\/10\/19\/lor-2016-performance-perspectives\/"},"wordCount":370,"image":{"@id":"https:\/\/www.gold.fr\/news\/2016\/10\/19\/lor-2016-performance-perspectives\/#primaryimage"},"thumbnailUrl":"https:\/\/www.gold.fr\/news\/wp-content\/uploads\/2011\/10\/cours-or-1-e1319812143947.jpg","keywords":["Bilan","Bilan Or"],"articleSection":["Articles de presse"],"inLanguage":"fr-FR"},{"@type":"WebPage","@id":"https:\/\/www.gold.fr\/news\/2016\/10\/19\/lor-2016-performance-perspectives\/","url":"https:\/\/www.gold.fr\/news\/2016\/10\/19\/lor-2016-performance-perspectives\/","name":"L\u2019or en 2016 : Performance et perspectives","isPartOf":{"@id":"https:\/\/www.gold.fr\/news\/#website"},"primaryImageOfPage":{"@id":"https:\/\/www.gold.fr\/news\/2016\/10\/19\/lor-2016-performance-perspectives\/#primaryimage"},"image":{"@id":"https:\/\/www.gold.fr\/news\/2016\/10\/19\/lor-2016-performance-perspectives\/#primaryimage"},"thumbnailUrl":"https:\/\/www.gold.fr\/news\/wp-content\/uploads\/2011\/10\/cours-or-1-e1319812143947.jpg","datePublished":"2016-10-19T07:00:34+00:00","dateModified":"2021-01-11T16:34:19+00:00","author":{"@id":"https:\/\/www.gold.fr\/news\/#\/schema\/person\/070491b4b4fb7671bf59b3be20302ce9"},"description":"L\u2019ann\u00e9e 2016 sera la premi\u00e8re, depuis 5 ans, \u00e0 afficher une performance globale haussi\u00e8re pour le m\u00e9tal jaune. En hausse de 20%, au d\u00e9comp...","breadcrumb":{"@id":"https:\/\/www.gold.fr\/news\/2016\/10\/19\/lor-2016-performance-perspectives\/#breadcrumb"},"inLanguage":"fr-FR","potentialAction":[{"@type":"ReadAction","target":["https:\/\/www.gold.fr\/news\/2016\/10\/19\/lor-2016-performance-perspectives\/"]}]},{"@type":"ImageObject","inLanguage":"fr-FR","@id":"https:\/\/www.gold.fr\/news\/2016\/10\/19\/lor-2016-performance-perspectives\/#primaryimage","url":"https:\/\/www.gold.fr\/news\/wp-content\/uploads\/2011\/10\/cours-or-1-e1319812143947.jpg","contentUrl":"https:\/\/www.gold.fr\/news\/wp-content\/uploads\/2011\/10\/cours-or-1-e1319812143947.jpg","width":"600","height":"400","caption":"L'once maintient le cap"},{"@type":"BreadcrumbList","@id":"https:\/\/www.gold.fr\/news\/2016\/10\/19\/lor-2016-performance-perspectives\/#breadcrumb","itemListElement":[{"@type":"ListItem","position":1,"name":"Accueil","item":"https:\/\/www.gold.fr\/"},{"@type":"ListItem","position":2,"name":"Actualit\u00e9s","item":"https:\/\/www.gold.fr\/news\/"},{"@type":"ListItem","position":3,"name":"L\u2019or en 2016 : Performance et perspectives"}]},{"@type":"WebSite","@id":"https:\/\/www.gold.fr\/news\/#website","url":"https:\/\/www.gold.fr\/news\/","name":"Gold.fr","description":"Actualit\u00e9s de l&#039;Or et des m\u00e9taux pr\u00e9cieux","potentialAction":[{"@type":"SearchAction","target":{"@type":"EntryPoint","urlTemplate":"https:\/\/www.gold.fr\/news\/?s={search_term_string}"},"query-input":{"@type":"PropertyValueSpecification","valueRequired":true,"valueName":"search_term_string"}}],"inLanguage":"fr-FR"},{"@type":"Person","@id":"https:\/\/www.gold.fr\/news\/#\/schema\/person\/070491b4b4fb7671bf59b3be20302ce9","name":"Comptoir National de l'Or","image":{"@type":"ImageObject","inLanguage":"fr-FR","@id":"https:\/\/secure.gravatar.com\/avatar\/0a2867fd5abe37bed95d5a65e9d58f01756e11efc68af9888dfc50cfa7f65948?s=96&d=mm&r=gb490554db0a38188709de567aa58480d","url":"https:\/\/secure.gravatar.com\/avatar\/0a2867fd5abe37bed95d5a65e9d58f01756e11efc68af9888dfc50cfa7f65948?s=96&d=mm&r=g","contentUrl":"https:\/\/secure.gravatar.com\/avatar\/0a2867fd5abe37bed95d5a65e9d58f01756e11efc68af9888dfc50cfa7f65948?s=96&d=mm&r=g","caption":"Comptoir National de l'Or"},"description":"Notre r\u00e9daction est constitu\u00e9e de membres experts dans les m\u00e9tiers de l'\u00e9conomie et la gestion, des Responsables d'agence Comptoir National de l'Or, des analystes financiers qui publient r\u00e9guli\u00e8rement des \u00e9tudes sur les politiques des banques centrales, le cours de l'or, prix de l'or, cours de l'argent, prix de l'argent, cours du platine, cours du palladium,... la situation en zone euro et l'impact de la strat\u00e9gie mon\u00e9taire de la FED. Notre \u00e9quipe scrute \u00e9galement une information plus g\u00e9n\u00e9raliste \u00e0 la recherche d'actualit\u00e9 \"p\u00e9pite\" \u00e0 vous partager. Depuis 5 ans, nous avons publi\u00e9 un peu plus de 4000 articles qui s'adressent \u00e0 un public large et vari\u00e9 ayant pour objectif de satisfaire votre curiosit\u00e9 et de partager avec vous une certaine fascination pour le m\u00e9tal jaune, le rachat d'or, et pour ceux qui veulent investir dans l'or, vendre leur or tout simplement en savoir plus... Pour tous vos achat or et argent, n'h\u00e9sitez pas \u00e0 prendre rendez-vous dans l'un de nos nombreux comptoirs.","sameAs":["https:\/\/www.gold.fr"]}]}},"authors":[{"term_id":2565,"user_id":18,"is_guest":0,"slug":"julie","display_name":"Comptoir National de l'Or","avatar_url":"https:\/\/secure.gravatar.com\/avatar\/713f289e398d35ead876c4a4cc08607f0d6d266058cfc25683fffb6092d0e572?s=96&d=mm&r=g","0":null,"1":"","2":"","3":"","4":"","5":"","6":"","7":"","8":""}],"_links":{"self":[{"href":"https:\/\/www.gold.fr\/news\/wp-json\/wp\/v2\/posts\/20270","targetHints":{"allow":["GET"]}}],"collection":[{"href":"https:\/\/www.gold.fr\/news\/wp-json\/wp\/v2\/posts"}],"about":[{"href":"https:\/\/www.gold.fr\/news\/wp-json\/wp\/v2\/types\/post"}],"author":[{"embeddable":true,"href":"https:\/\/www.gold.fr\/news\/wp-json\/wp\/v2\/users\/18"}],"replies":[{"embeddable":true,"href":"https:\/\/www.gold.fr\/news\/wp-json\/wp\/v2\/comments?post=20270"}],"version-history":[{"count":0,"href":"https:\/\/www.gold.fr\/news\/wp-json\/wp\/v2\/posts\/20270\/revisions"}],"wp:featuredmedia":[{"embeddable":true,"href":"https:\/\/www.gold.fr\/news\/wp-json\/wp\/v2\/media\/3241"}],"wp:attachment":[{"href":"https:\/\/www.gold.fr\/news\/wp-json\/wp\/v2\/media?parent=20270"}],"wp:term":[{"taxonomy":"category","embeddable":true,"href":"https:\/\/www.gold.fr\/news\/wp-json\/wp\/v2\/categories?post=20270"},{"taxonomy":"post_tag","embeddable":true,"href":"https:\/\/www.gold.fr\/news\/wp-json\/wp\/v2\/tags?post=20270"},{"taxonomy":"author","embeddable":true,"href":"https:\/\/www.gold.fr\/news\/wp-json\/wp\/v2\/ppma_author?post=20270"}],"curies":[{"name":"wp","href":"https:\/\/api.w.org\/{rel}","templated":true}]}}